{"id":180869,"date":"2025-10-01T15:28:34","date_gmt":"2025-10-01T21:28:34","guid":{"rendered":"https:\/\/canal7slp.tv\/2025\/?p=180869"},"modified":"2025-10-01T15:28:34","modified_gmt":"2025-10-01T21:28:34","slug":"enrique-reyna-conquisto-el-primer-lugar-en-la-categoria-pro-1-en-la-f5","status":"publish","type":"post","link":"https:\/\/canal7slp.tv\/2025\/enrique-reyna-conquisto-el-primer-lugar-en-la-categoria-pro-1-en-la-f5\/","title":{"rendered":"Enrique Reyna conquist\u00f3 el primer lugar en la categor\u00eda Pro 1 en la F5"},"content":{"rendered":"<p style=\"text-align: justify;\">SLP.- El potosino Enrique Reyna Jr conquist\u00f3 la segunda carrera de la F\u00f3rmula 5 en el aut\u00f3dromo Miguel E. Abed de Amozoc, Puebla, correspondiente a la octava fecha de la Super Copa.<\/p>\n<p style=\"text-align: justify;\">Con estos resultados donde H\u00e9ctor R\u00edos conquist\u00f3 la primera carrera y Enrique Reyna en la segunda, todo se definir\u00e1 en la \u00faltima jornada en Monterrey.<\/p>\n<p style=\"text-align: justify;\">Enrique Reyna Jr. se qued\u00f3 con la bandera de cuadros en la segunda carrera de la categor\u00eda Pro 1, demostrando el piloto potosino su calidad y el por qu\u00e9 ha sido campe\u00f3n en varias ocasiones y que la suma de puntos que alcanz\u00f3, lo deja en posibilidades de pelear a\u00fan por la corona absoluta de la divisi\u00f3n.<\/p>\n","protected":false},"excerpt":{"rendered":"<p>SLP.- El potosino Enrique Reyna Jr conquist\u00f3 la segunda carrera de la F\u00f3rmula 5 en el aut\u00f3dromo Miguel E. Abed de Amozoc, Puebla, correspondiente a la octava fecha de la Super Copa. Con estos resultados donde H\u00e9ctor R\u00edos conquist\u00f3 la primera carrera y Enrique Reyna en la segunda, todo se definir\u00e1 en la \u00faltima jornada en Monterrey. Enrique Reyna Jr. se qued\u00f3 con la bandera de cuadros en la segunda carrera de la categor\u00eda Pro 1, demostrando el piloto potosino su calidad y el por qu\u00e9 ha sido campe\u00f3n en varias ocasiones y que la suma de puntos que alcanz\u00f3, [&hellip;]<\/p>\n","protected":false},"author":2,"featured_media":180871,"comment_status":"closed","ping_status":"closed","sticky":false,"template":"","format":"video","meta":{"_monsterinsights_skip_tracking":false,"_monsterinsights_sitenote_active":false,"_monsterinsights_sitenote_note":"","_monsterinsights_sitenote_category":0,"footnotes":""},"categories":[7,5],"tags":[],"class_list":["post-180869","post","type-post","status-publish","format-video","has-post-thumbnail","hentry","category-deportes","category-destacadas","post_format-post-format-video","post--single"],"yoast_head":"<!-- This site is optimized with the Yoast SEO plugin v27.5 - https:\/\/yoast.com\/product\/yoast-seo-wordpress\/ -->\n<title>Enrique Reyna conquist\u00f3 el primer lugar en la categor\u00eda Pro 1 en la F5 - Canal 7 SLP - 2025<\/title>\n<meta name=\"robots\" content=\"index, follow, max-snippet:-1, max-image-preview:large, max-video-preview:-1\" \/>\n<link rel=\"canonical\" href=\"https:\/\/canal7slp.tv\/2025\/enrique-reyna-conquisto-el-primer-lugar-en-la-categoria-pro-1-en-la-f5\/\" \/>\n<meta property=\"og:locale\" content=\"es_ES\" \/>\n<meta property=\"og:type\" content=\"article\" \/>\n<meta property=\"og:title\" content=\"Enrique Reyna conquist\u00f3 el primer lugar en la categor\u00eda Pro 1 en la F5 - Canal 7 SLP - 2025\" \/>\n<meta property=\"og:description\" content=\"SLP.- El potosino Enrique Reyna Jr conquist\u00f3 la segunda carrera de la F\u00f3rmula 5 en el aut\u00f3dromo Miguel E. Abed de Amozoc, Puebla, correspondiente a la octava fecha de la Super Copa. Con estos resultados donde H\u00e9ctor R\u00edos conquist\u00f3 la primera carrera y Enrique Reyna en la segunda, todo se definir\u00e1 en la \u00faltima jornada en Monterrey. Enrique Reyna Jr. se qued\u00f3 con la bandera de cuadros en la segunda carrera de la categor\u00eda Pro 1, demostrando el piloto potosino su calidad y el por qu\u00e9 ha sido campe\u00f3n en varias ocasiones y que la suma de puntos que alcanz\u00f3, [&hellip;]\" \/>\n<meta property=\"og:url\" content=\"https:\/\/canal7slp.tv\/2025\/enrique-reyna-conquisto-el-primer-lugar-en-la-categoria-pro-1-en-la-f5\/\" \/>\n<meta property=\"og:site_name\" content=\"Canal 7 SLP - 2025\" \/>\n<meta property=\"article:publisher\" content=\"https:\/\/www.facebook.com\/noticieroscanal7atencionciudadana\/\" \/>\n<meta property=\"article:published_time\" content=\"2025-10-01T21:28:34+00:00\" \/>\n<meta property=\"og:image\" content=\"https:\/\/canal7slp.tv\/2025\/wp-content\/uploads\/2025\/10\/Froi03F5.jpg\" \/>\n\t<meta property=\"og:image:width\" content=\"1280\" \/>\n\t<meta property=\"og:image:height\" content=\"720\" \/>\n\t<meta property=\"og:image:type\" content=\"image\/jpeg\" \/>\n<meta name=\"author\" content=\"Edici\u00f3n Web\" \/>\n<meta name=\"twitter:card\" content=\"summary_large_image\" \/>\n<meta name=\"twitter:creator\" content=\"@NOTICIEROS7\" \/>\n<meta name=\"twitter:site\" content=\"@NOTICIEROS7\" \/>\n<meta name=\"twitter:label1\" content=\"Escrito por\" \/>\n\t<meta name=\"twitter:data1\" content=\"Edici\u00f3n Web\" \/>\n\t<meta name=\"twitter:label2\" content=\"Tiempo de lectura\" \/>\n\t<meta name=\"twitter:data2\" content=\"1 minuto\" \/>\n<script type=\"application\/ld+json\" class=\"yoast-schema-graph\">{\"@context\":\"https:\\\/\\\/schema.org\",\"@graph\":[{\"@type\":\"Article\",\"@id\":\"https:\\\/\\\/canal7slp.tv\\\/2025\\\/enrique-reyna-conquisto-el-primer-lugar-en-la-categoria-pro-1-en-la-f5\\\/#article\",\"isPartOf\":{\"@id\":\"https:\\\/\\\/canal7slp.tv\\\/2025\\\/enrique-reyna-conquisto-el-primer-lugar-en-la-categoria-pro-1-en-la-f5\\\/\"},\"author\":{\"name\":\"Edici\u00f3n Web\",\"@id\":\"https:\\\/\\\/canal7slp.tv\\\/2025\\\/#\\\/schema\\\/person\\\/271e2b60a96e7cc9d9ac296f4d7e414b\"},\"headline\":\"Enrique Reyna conquist\u00f3 el primer lugar en la categor\u00eda Pro 1 en la F5\",\"datePublished\":\"2025-10-01T21:28:34+00:00\",\"mainEntityOfPage\":{\"@id\":\"https:\\\/\\\/canal7slp.tv\\\/2025\\\/enrique-reyna-conquisto-el-primer-lugar-en-la-categoria-pro-1-en-la-f5\\\/\"},\"wordCount\":135,\"publisher\":{\"@id\":\"https:\\\/\\\/canal7slp.tv\\\/2025\\\/#organization\"},\"image\":{\"@id\":\"https:\\\/\\\/canal7slp.tv\\\/2025\\\/enrique-reyna-conquisto-el-primer-lugar-en-la-categoria-pro-1-en-la-f5\\\/#primaryimage\"},\"thumbnailUrl\":\"https:\\\/\\\/canal7slp.tv\\\/2025\\\/wp-content\\\/uploads\\\/2025\\\/10\\\/Froi03F5.jpg\",\"articleSection\":[\"DEPORTES\",\"DESTACADAS\"],\"inLanguage\":\"es\"},{\"@type\":\"WebPage\",\"@id\":\"https:\\\/\\\/canal7slp.tv\\\/2025\\\/enrique-reyna-conquisto-el-primer-lugar-en-la-categoria-pro-1-en-la-f5\\\/\",\"url\":\"https:\\\/\\\/canal7slp.tv\\\/2025\\\/enrique-reyna-conquisto-el-primer-lugar-en-la-categoria-pro-1-en-la-f5\\\/\",\"name\":\"Enrique Reyna conquist\u00f3 el primer lugar en la categor\u00eda Pro 1 en la F5 - Canal 7 SLP - 2025\",\"isPartOf\":{\"@id\":\"https:\\\/\\\/canal7slp.tv\\\/2025\\\/#website\"},\"primaryImageOfPage\":{\"@id\":\"https:\\\/\\\/canal7slp.tv\\\/2025\\\/enrique-reyna-conquisto-el-primer-lugar-en-la-categoria-pro-1-en-la-f5\\\/#primaryimage\"},\"image\":{\"@id\":\"https:\\\/\\\/canal7slp.tv\\\/2025\\\/enrique-reyna-conquisto-el-primer-lugar-en-la-categoria-pro-1-en-la-f5\\\/#primaryimage\"},\"thumbnailUrl\":\"https:\\\/\\\/canal7slp.tv\\\/2025\\\/wp-content\\\/uploads\\\/2025\\\/10\\\/Froi03F5.jpg\",\"datePublished\":\"2025-10-01T21:28:34+00:00\",\"breadcrumb\":{\"@id\":\"https:\\\/\\\/canal7slp.tv\\\/2025\\\/enrique-reyna-conquisto-el-primer-lugar-en-la-categoria-pro-1-en-la-f5\\\/#breadcrumb\"},\"inLanguage\":\"es\",\"potentialAction\":[{\"@type\":\"ReadAction\",\"target\":[\"https:\\\/\\\/canal7slp.tv\\\/2025\\\/enrique-reyna-conquisto-el-primer-lugar-en-la-categoria-pro-1-en-la-f5\\\/\"]}]},{\"@type\":\"ImageObject\",\"inLanguage\":\"es\",\"@id\":\"https:\\\/\\\/canal7slp.tv\\\/2025\\\/enrique-reyna-conquisto-el-primer-lugar-en-la-categoria-pro-1-en-la-f5\\\/#primaryimage\",\"url\":\"https:\\\/\\\/canal7slp.tv\\\/2025\\\/wp-content\\\/uploads\\\/2025\\\/10\\\/Froi03F5.jpg\",\"contentUrl\":\"https:\\\/\\\/canal7slp.tv\\\/2025\\\/wp-content\\\/uploads\\\/2025\\\/10\\\/Froi03F5.jpg\",\"width\":1280,\"height\":720},{\"@type\":\"BreadcrumbList\",\"@id\":\"https:\\\/\\\/canal7slp.tv\\\/2025\\\/enrique-reyna-conquisto-el-primer-lugar-en-la-categoria-pro-1-en-la-f5\\\/#breadcrumb\",\"itemListElement\":[{\"@type\":\"ListItem\",\"position\":1,\"name\":\"Portada\",\"item\":\"https:\\\/\\\/canal7slp.tv\\\/2025\\\/\"},{\"@type\":\"ListItem\",\"position\":2,\"name\":\"Enrique Reyna conquist\u00f3 el primer lugar en la categor\u00eda Pro 1 en la F5\"}]},{\"@type\":\"WebSite\",\"@id\":\"https:\\\/\\\/canal7slp.tv\\\/2025\\\/#website\",\"url\":\"https:\\\/\\\/canal7slp.tv\\\/2025\\\/\",\"name\":\"N7 - Noticieros Canal 7\",\"description\":\"Somos el Medio\",\"publisher\":{\"@id\":\"https:\\\/\\\/canal7slp.tv\\\/2025\\\/#organization\"},\"potentialAction\":[{\"@type\":\"SearchAction\",\"target\":{\"@type\":\"EntryPoint\",\"urlTemplate\":\"https:\\\/\\\/canal7slp.tv\\\/2025\\\/?s={search_term_string}\"},\"query-input\":{\"@type\":\"PropertyValueSpecification\",\"valueRequired\":true,\"valueName\":\"search_term_string\"}}],\"inLanguage\":\"es\"},{\"@type\":\"Organization\",\"@id\":\"https:\\\/\\\/canal7slp.tv\\\/2025\\\/#organization\",\"name\":\"Noticieros Canal 7\",\"url\":\"https:\\\/\\\/canal7slp.tv\\\/2025\\\/\",\"logo\":{\"@type\":\"ImageObject\",\"inLanguage\":\"es\",\"@id\":\"https:\\\/\\\/canal7slp.tv\\\/2025\\\/#\\\/schema\\\/logo\\\/image\\\/\",\"url\":\"https:\\\/\\\/canal7slp.tv\\\/2025\\\/wp-content\\\/uploads\\\/2021\\\/01\\\/logo-noticieros@2x.png\",\"contentUrl\":\"https:\\\/\\\/canal7slp.tv\\\/2025\\\/wp-content\\\/uploads\\\/2021\\\/01\\\/logo-noticieros@2x.png\",\"width\":1017,\"height\":268,\"caption\":\"Noticieros Canal 7\"},\"image\":{\"@id\":\"https:\\\/\\\/canal7slp.tv\\\/2025\\\/#\\\/schema\\\/logo\\\/image\\\/\"},\"sameAs\":[\"https:\\\/\\\/www.facebook.com\\\/noticieroscanal7atencionciudadana\\\/\",\"https:\\\/\\\/x.com\\\/NOTICIEROS7\",\"https:\\\/\\\/www.instagram.com\\\/canal7_slp\",\"https:\\\/\\\/www.youtube.com\\\/channel\\\/UCliiYs-gP3JfJeqdPrNdd5A\"]},{\"@type\":\"Person\",\"@id\":\"https:\\\/\\\/canal7slp.tv\\\/2025\\\/#\\\/schema\\\/person\\\/271e2b60a96e7cc9d9ac296f4d7e414b\",\"name\":\"Edici\u00f3n Web\",\"image\":{\"@type\":\"ImageObject\",\"inLanguage\":\"es\",\"@id\":\"https:\\\/\\\/secure.gravatar.com\\\/avatar\\\/eee448fc3f7164808013b816ba91ac7e43bbe82a70bebac296f8bc6f0addaa1a?s=96&d=mm&r=g\",\"url\":\"https:\\\/\\\/secure.gravatar.com\\\/avatar\\\/eee448fc3f7164808013b816ba91ac7e43bbe82a70bebac296f8bc6f0addaa1a?s=96&d=mm&r=g\",\"contentUrl\":\"https:\\\/\\\/secure.gravatar.com\\\/avatar\\\/eee448fc3f7164808013b816ba91ac7e43bbe82a70bebac296f8bc6f0addaa1a?s=96&d=mm&r=g\",\"caption\":\"Edici\u00f3n Web\"},\"url\":\"https:\\\/\\\/canal7slp.tv\\\/2025\\\/author\\\/edicionweb\\\/\"}]}<\/script>\n<!-- \/ Yoast SEO plugin. -->","yoast_head_json":{"title":"Enrique Reyna conquist\u00f3 el primer lugar en la categor\u00eda Pro 1 en la F5 - Canal 7 SLP - 2025","robots":{"index":"index","follow":"follow","max-snippet":"max-snippet:-1","max-image-preview":"max-image-preview:large","max-video-preview":"max-video-preview:-1"},"canonical":"https:\/\/canal7slp.tv\/2025\/enrique-reyna-conquisto-el-primer-lugar-en-la-categoria-pro-1-en-la-f5\/","og_locale":"es_ES","og_type":"article","og_title":"Enrique Reyna conquist\u00f3 el primer lugar en la categor\u00eda Pro 1 en la F5 - Canal 7 SLP - 2025","og_description":"SLP.- El potosino Enrique Reyna Jr conquist\u00f3 la segunda carrera de la F\u00f3rmula 5 en el aut\u00f3dromo Miguel E. Abed de Amozoc, Puebla, correspondiente a la octava fecha de la Super Copa. Con estos resultados donde H\u00e9ctor R\u00edos conquist\u00f3 la primera carrera y Enrique Reyna en la segunda, todo se definir\u00e1 en la \u00faltima jornada en Monterrey. Enrique Reyna Jr. se qued\u00f3 con la bandera de cuadros en la segunda carrera de la categor\u00eda Pro 1, demostrando el piloto potosino su calidad y el por qu\u00e9 ha sido campe\u00f3n en varias ocasiones y que la suma de puntos que alcanz\u00f3, [&hellip;]","og_url":"https:\/\/canal7slp.tv\/2025\/enrique-reyna-conquisto-el-primer-lugar-en-la-categoria-pro-1-en-la-f5\/","og_site_name":"Canal 7 SLP - 2025","article_publisher":"https:\/\/www.facebook.com\/noticieroscanal7atencionciudadana\/","article_published_time":"2025-10-01T21:28:34+00:00","og_image":[{"width":1280,"height":720,"url":"https:\/\/canal7slp.tv\/2025\/wp-content\/uploads\/2025\/10\/Froi03F5.jpg","type":"image\/jpeg"}],"author":"Edici\u00f3n Web","twitter_card":"summary_large_image","twitter_creator":"@NOTICIEROS7","twitter_site":"@NOTICIEROS7","twitter_misc":{"Escrito por":"Edici\u00f3n Web","Tiempo de lectura":"1 minuto"},"schema":{"@context":"https:\/\/schema.org","@graph":[{"@type":"Article","@id":"https:\/\/canal7slp.tv\/2025\/enrique-reyna-conquisto-el-primer-lugar-en-la-categoria-pro-1-en-la-f5\/#article","isPartOf":{"@id":"https:\/\/canal7slp.tv\/2025\/enrique-reyna-conquisto-el-primer-lugar-en-la-categoria-pro-1-en-la-f5\/"},"author":{"name":"Edici\u00f3n Web","@id":"https:\/\/canal7slp.tv\/2025\/#\/schema\/person\/271e2b60a96e7cc9d9ac296f4d7e414b"},"headline":"Enrique Reyna conquist\u00f3 el primer lugar en la categor\u00eda Pro 1 en la F5","datePublished":"2025-10-01T21:28:34+00:00","mainEntityOfPage":{"@id":"https:\/\/canal7slp.tv\/2025\/enrique-reyna-conquisto-el-primer-lugar-en-la-categoria-pro-1-en-la-f5\/"},"wordCount":135,"publisher":{"@id":"https:\/\/canal7slp.tv\/2025\/#organization"},"image":{"@id":"https:\/\/canal7slp.tv\/2025\/enrique-reyna-conquisto-el-primer-lugar-en-la-categoria-pro-1-en-la-f5\/#primaryimage"},"thumbnailUrl":"https:\/\/canal7slp.tv\/2025\/wp-content\/uploads\/2025\/10\/Froi03F5.jpg","articleSection":["DEPORTES","DESTACADAS"],"inLanguage":"es"},{"@type":"WebPage","@id":"https:\/\/canal7slp.tv\/2025\/enrique-reyna-conquisto-el-primer-lugar-en-la-categoria-pro-1-en-la-f5\/","url":"https:\/\/canal7slp.tv\/2025\/enrique-reyna-conquisto-el-primer-lugar-en-la-categoria-pro-1-en-la-f5\/","name":"Enrique Reyna conquist\u00f3 el primer lugar en la categor\u00eda Pro 1 en la F5 - Canal 7 SLP - 2025","isPartOf":{"@id":"https:\/\/canal7slp.tv\/2025\/#website"},"primaryImageOfPage":{"@id":"https:\/\/canal7slp.tv\/2025\/enrique-reyna-conquisto-el-primer-lugar-en-la-categoria-pro-1-en-la-f5\/#primaryimage"},"image":{"@id":"https:\/\/canal7slp.tv\/2025\/enrique-reyna-conquisto-el-primer-lugar-en-la-categoria-pro-1-en-la-f5\/#primaryimage"},"thumbnailUrl":"https:\/\/canal7slp.tv\/2025\/wp-content\/uploads\/2025\/10\/Froi03F5.jpg","datePublished":"2025-10-01T21:28:34+00:00","breadcrumb":{"@id":"https:\/\/canal7slp.tv\/2025\/enrique-reyna-conquisto-el-primer-lugar-en-la-categoria-pro-1-en-la-f5\/#breadcrumb"},"inLanguage":"es","potentialAction":[{"@type":"ReadAction","target":["https:\/\/canal7slp.tv\/2025\/enrique-reyna-conquisto-el-primer-lugar-en-la-categoria-pro-1-en-la-f5\/"]}]},{"@type":"ImageObject","inLanguage":"es","@id":"https:\/\/canal7slp.tv\/2025\/enrique-reyna-conquisto-el-primer-lugar-en-la-categoria-pro-1-en-la-f5\/#primaryimage","url":"https:\/\/canal7slp.tv\/2025\/wp-content\/uploads\/2025\/10\/Froi03F5.jpg","contentUrl":"https:\/\/canal7slp.tv\/2025\/wp-content\/uploads\/2025\/10\/Froi03F5.jpg","width":1280,"height":720},{"@type":"BreadcrumbList","@id":"https:\/\/canal7slp.tv\/2025\/enrique-reyna-conquisto-el-primer-lugar-en-la-categoria-pro-1-en-la-f5\/#breadcrumb","itemListElement":[{"@type":"ListItem","position":1,"name":"Portada","item":"https:\/\/canal7slp.tv\/2025\/"},{"@type":"ListItem","position":2,"name":"Enrique Reyna conquist\u00f3 el primer lugar en la categor\u00eda Pro 1 en la F5"}]},{"@type":"WebSite","@id":"https:\/\/canal7slp.tv\/2025\/#website","url":"https:\/\/canal7slp.tv\/2025\/","name":"N7 - Noticieros Canal 7","description":"Somos el Medio","publisher":{"@id":"https:\/\/canal7slp.tv\/2025\/#organization"},"potentialAction":[{"@type":"SearchAction","target":{"@type":"EntryPoint","urlTemplate":"https:\/\/canal7slp.tv\/2025\/?s={search_term_string}"},"query-input":{"@type":"PropertyValueSpecification","valueRequired":true,"valueName":"search_term_string"}}],"inLanguage":"es"},{"@type":"Organization","@id":"https:\/\/canal7slp.tv\/2025\/#organization","name":"Noticieros Canal 7","url":"https:\/\/canal7slp.tv\/2025\/","logo":{"@type":"ImageObject","inLanguage":"es","@id":"https:\/\/canal7slp.tv\/2025\/#\/schema\/logo\/image\/","url":"https:\/\/canal7slp.tv\/2025\/wp-content\/uploads\/2021\/01\/logo-noticieros@2x.png","contentUrl":"https:\/\/canal7slp.tv\/2025\/wp-content\/uploads\/2021\/01\/logo-noticieros@2x.png","width":1017,"height":268,"caption":"Noticieros Canal 7"},"image":{"@id":"https:\/\/canal7slp.tv\/2025\/#\/schema\/logo\/image\/"},"sameAs":["https:\/\/www.facebook.com\/noticieroscanal7atencionciudadana\/","https:\/\/x.com\/NOTICIEROS7","https:\/\/www.instagram.com\/canal7_slp","https:\/\/www.youtube.com\/channel\/UCliiYs-gP3JfJeqdPrNdd5A"]},{"@type":"Person","@id":"https:\/\/canal7slp.tv\/2025\/#\/schema\/person\/271e2b60a96e7cc9d9ac296f4d7e414b","name":"Edici\u00f3n Web","image":{"@type":"ImageObject","inLanguage":"es","@id":"https:\/\/secure.gravatar.com\/avatar\/eee448fc3f7164808013b816ba91ac7e43bbe82a70bebac296f8bc6f0addaa1a?s=96&d=mm&r=g","url":"https:\/\/secure.gravatar.com\/avatar\/eee448fc3f7164808013b816ba91ac7e43bbe82a70bebac296f8bc6f0addaa1a?s=96&d=mm&r=g","contentUrl":"https:\/\/secure.gravatar.com\/avatar\/eee448fc3f7164808013b816ba91ac7e43bbe82a70bebac296f8bc6f0addaa1a?s=96&d=mm&r=g","caption":"Edici\u00f3n Web"},"url":"https:\/\/canal7slp.tv\/2025\/author\/edicionweb\/"}]}},"_links":{"self":[{"href":"https:\/\/canal7slp.tv\/2025\/wp-json\/wp\/v2\/posts\/180869","targetHints":{"allow":["GET"]}}],"collection":[{"href":"https:\/\/canal7slp.tv\/2025\/wp-json\/wp\/v2\/posts"}],"about":[{"href":"https:\/\/canal7slp.tv\/2025\/wp-json\/wp\/v2\/types\/post"}],"author":[{"embeddable":true,"href":"https:\/\/canal7slp.tv\/2025\/wp-json\/wp\/v2\/users\/2"}],"replies":[{"embeddable":true,"href":"https:\/\/canal7slp.tv\/2025\/wp-json\/wp\/v2\/comments?post=180869"}],"version-history":[{"count":1,"href":"https:\/\/canal7slp.tv\/2025\/wp-json\/wp\/v2\/posts\/180869\/revisions"}],"predecessor-version":[{"id":180872,"href":"https:\/\/canal7slp.tv\/2025\/wp-json\/wp\/v2\/posts\/180869\/revisions\/180872"}],"wp:featuredmedia":[{"embeddable":true,"href":"https:\/\/canal7slp.tv\/2025\/wp-json\/wp\/v2\/media\/180871"}],"wp:attachment":[{"href":"https:\/\/canal7slp.tv\/2025\/wp-json\/wp\/v2\/media?parent=180869"}],"wp:term":[{"taxonomy":"category","embeddable":true,"href":"https:\/\/canal7slp.tv\/2025\/wp-json\/wp\/v2\/categories?post=180869"},{"taxonomy":"post_tag","embeddable":true,"href":"https:\/\/canal7slp.tv\/2025\/wp-json\/wp\/v2\/tags?post=180869"}],"curies":[{"name":"wp","href":"https:\/\/api.w.org\/{rel}","templated":true}]}}