{"id":180861,"date":"2025-10-01T15:20:43","date_gmt":"2025-10-01T21:20:43","guid":{"rendered":"https:\/\/canal7slp.tv\/2025\/?p=180861"},"modified":"2025-10-01T15:20:43","modified_gmt":"2025-10-01T21:20:43","slug":"san-luis-potosi-culmina-su-participacion-en-para-ciclismo-de-paralimpiada-nacional","status":"publish","type":"post","link":"https:\/\/canal7slp.tv\/2025\/san-luis-potosi-culmina-su-participacion-en-para-ciclismo-de-paralimpiada-nacional\/","title":{"rendered":"San Luis Potos\u00ed culmina su participaci\u00f3n en Para Ciclismo de Paralimpiada Nacional"},"content":{"rendered":"<p style=\"text-align: justify;\">SLP.- La delegaci\u00f3n de San Luis Potos\u00ed en la disciplina de para ciclismo concluy\u00f3 su participaci\u00f3n en la Paralimpiada Nacional CONADE 2025 con un excelente desempe\u00f1o al obtener un total de cuatro medallas, dos de plata y dos de bronce.<\/p>\n<p style=\"text-align: justify;\">Jos\u00e9 Guadalupe S\u00e1nchez Cruz sum\u00f3 su segunda medalla de plata, ahora en la prueba de ruta, mientras que Jes\u00fas Gilberto Borrego Lechuga obtuvo medalla de bronce en su respectiva categor\u00eda, tambi\u00e9n en la modalidad de ruta.<\/p>\n<p style=\"text-align: justify;\">Por su parte, Omar Ezequiel M\u00e9ndez Ru\u00edz finaliz\u00f3 en una destacada cuarta posici\u00f3n, en su primer a\u00f1o en una nueva categor\u00eda.<\/p>\n","protected":false},"excerpt":{"rendered":"<p>SLP.- La delegaci\u00f3n de San Luis Potos\u00ed en la disciplina de para ciclismo concluy\u00f3 su participaci\u00f3n en la Paralimpiada Nacional CONADE 2025 con un excelente desempe\u00f1o al obtener un total de cuatro medallas, dos de plata y dos de bronce. Jos\u00e9 Guadalupe S\u00e1nchez Cruz sum\u00f3 su segunda medalla de plata, ahora en la prueba de ruta, mientras que Jes\u00fas Gilberto Borrego Lechuga obtuvo medalla de bronce en su respectiva categor\u00eda, tambi\u00e9n en la modalidad de ruta. Por su parte, Omar Ezequiel M\u00e9ndez Ru\u00edz finaliz\u00f3 en una destacada cuarta posici\u00f3n, en su primer a\u00f1o en una nueva categor\u00eda.<\/p>\n","protected":false},"author":2,"featured_media":180863,"comment_status":"closed","ping_status":"closed","sticky":false,"template":"","format":"video","meta":{"_monsterinsights_skip_tracking":false,"_monsterinsights_sitenote_active":false,"_monsterinsights_sitenote_note":"","_monsterinsights_sitenote_category":0,"footnotes":""},"categories":[7,5],"tags":[],"class_list":["post-180861","post","type-post","status-publish","format-video","has-post-thumbnail","hentry","category-deportes","category-destacadas","post_format-post-format-video","post--single"],"yoast_head":"<!-- This site is optimized with the Yoast SEO plugin v27.5 - https:\/\/yoast.com\/product\/yoast-seo-wordpress\/ -->\n<title>San Luis Potos\u00ed culmina su participaci\u00f3n en Para Ciclismo de Paralimpiada Nacional - Canal 7 SLP - 2025<\/title>\n<meta name=\"robots\" content=\"index, follow, max-snippet:-1, max-image-preview:large, max-video-preview:-1\" \/>\n<link rel=\"canonical\" href=\"https:\/\/canal7slp.tv\/2025\/san-luis-potosi-culmina-su-participacion-en-para-ciclismo-de-paralimpiada-nacional\/\" \/>\n<meta property=\"og:locale\" content=\"es_ES\" \/>\n<meta property=\"og:type\" content=\"article\" \/>\n<meta property=\"og:title\" content=\"San Luis Potos\u00ed culmina su participaci\u00f3n en Para Ciclismo de Paralimpiada Nacional - Canal 7 SLP - 2025\" \/>\n<meta property=\"og:description\" content=\"SLP.- La delegaci\u00f3n de San Luis Potos\u00ed en la disciplina de para ciclismo concluy\u00f3 su participaci\u00f3n en la Paralimpiada Nacional CONADE 2025 con un excelente desempe\u00f1o al obtener un total de cuatro medallas, dos de plata y dos de bronce. Jos\u00e9 Guadalupe S\u00e1nchez Cruz sum\u00f3 su segunda medalla de plata, ahora en la prueba de ruta, mientras que Jes\u00fas Gilberto Borrego Lechuga obtuvo medalla de bronce en su respectiva categor\u00eda, tambi\u00e9n en la modalidad de ruta. Por su parte, Omar Ezequiel M\u00e9ndez Ru\u00edz finaliz\u00f3 en una destacada cuarta posici\u00f3n, en su primer a\u00f1o en una nueva categor\u00eda.\" \/>\n<meta property=\"og:url\" content=\"https:\/\/canal7slp.tv\/2025\/san-luis-potosi-culmina-su-participacion-en-para-ciclismo-de-paralimpiada-nacional\/\" \/>\n<meta property=\"og:site_name\" content=\"Canal 7 SLP - 2025\" \/>\n<meta property=\"article:publisher\" content=\"https:\/\/www.facebook.com\/noticieroscanal7atencionciudadana\/\" \/>\n<meta property=\"article:published_time\" content=\"2025-10-01T21:20:43+00:00\" \/>\n<meta property=\"og:image\" content=\"https:\/\/canal7slp.tv\/2025\/wp-content\/uploads\/2025\/10\/Froi01ParaCiclismo.jpg\" \/>\n\t<meta property=\"og:image:width\" content=\"1280\" \/>\n\t<meta property=\"og:image:height\" content=\"720\" \/>\n\t<meta property=\"og:image:type\" content=\"image\/jpeg\" \/>\n<meta name=\"author\" content=\"Edici\u00f3n Web\" \/>\n<meta name=\"twitter:card\" content=\"summary_large_image\" \/>\n<meta name=\"twitter:creator\" content=\"@NOTICIEROS7\" \/>\n<meta name=\"twitter:site\" content=\"@NOTICIEROS7\" \/>\n<meta name=\"twitter:label1\" content=\"Escrito por\" \/>\n\t<meta name=\"twitter:data1\" content=\"Edici\u00f3n Web\" \/>\n\t<meta name=\"twitter:label2\" content=\"Tiempo de lectura\" \/>\n\t<meta name=\"twitter:data2\" content=\"1 minuto\" \/>\n<script type=\"application\/ld+json\" class=\"yoast-schema-graph\">{\"@context\":\"https:\\\/\\\/schema.org\",\"@graph\":[{\"@type\":\"Article\",\"@id\":\"https:\\\/\\\/canal7slp.tv\\\/2025\\\/san-luis-potosi-culmina-su-participacion-en-para-ciclismo-de-paralimpiada-nacional\\\/#article\",\"isPartOf\":{\"@id\":\"https:\\\/\\\/canal7slp.tv\\\/2025\\\/san-luis-potosi-culmina-su-participacion-en-para-ciclismo-de-paralimpiada-nacional\\\/\"},\"author\":{\"name\":\"Edici\u00f3n Web\",\"@id\":\"https:\\\/\\\/canal7slp.tv\\\/2025\\\/#\\\/schema\\\/person\\\/271e2b60a96e7cc9d9ac296f4d7e414b\"},\"headline\":\"San Luis Potos\u00ed culmina su participaci\u00f3n en Para Ciclismo de Paralimpiada Nacional\",\"datePublished\":\"2025-10-01T21:20:43+00:00\",\"mainEntityOfPage\":{\"@id\":\"https:\\\/\\\/canal7slp.tv\\\/2025\\\/san-luis-potosi-culmina-su-participacion-en-para-ciclismo-de-paralimpiada-nacional\\\/\"},\"wordCount\":122,\"publisher\":{\"@id\":\"https:\\\/\\\/canal7slp.tv\\\/2025\\\/#organization\"},\"image\":{\"@id\":\"https:\\\/\\\/canal7slp.tv\\\/2025\\\/san-luis-potosi-culmina-su-participacion-en-para-ciclismo-de-paralimpiada-nacional\\\/#primaryimage\"},\"thumbnailUrl\":\"https:\\\/\\\/canal7slp.tv\\\/2025\\\/wp-content\\\/uploads\\\/2025\\\/10\\\/Froi01ParaCiclismo.jpg\",\"articleSection\":[\"DEPORTES\",\"DESTACADAS\"],\"inLanguage\":\"es\"},{\"@type\":\"WebPage\",\"@id\":\"https:\\\/\\\/canal7slp.tv\\\/2025\\\/san-luis-potosi-culmina-su-participacion-en-para-ciclismo-de-paralimpiada-nacional\\\/\",\"url\":\"https:\\\/\\\/canal7slp.tv\\\/2025\\\/san-luis-potosi-culmina-su-participacion-en-para-ciclismo-de-paralimpiada-nacional\\\/\",\"name\":\"San Luis Potos\u00ed culmina su participaci\u00f3n en Para Ciclismo de Paralimpiada Nacional - Canal 7 SLP - 2025\",\"isPartOf\":{\"@id\":\"https:\\\/\\\/canal7slp.tv\\\/2025\\\/#website\"},\"primaryImageOfPage\":{\"@id\":\"https:\\\/\\\/canal7slp.tv\\\/2025\\\/san-luis-potosi-culmina-su-participacion-en-para-ciclismo-de-paralimpiada-nacional\\\/#primaryimage\"},\"image\":{\"@id\":\"https:\\\/\\\/canal7slp.tv\\\/2025\\\/san-luis-potosi-culmina-su-participacion-en-para-ciclismo-de-paralimpiada-nacional\\\/#primaryimage\"},\"thumbnailUrl\":\"https:\\\/\\\/canal7slp.tv\\\/2025\\\/wp-content\\\/uploads\\\/2025\\\/10\\\/Froi01ParaCiclismo.jpg\",\"datePublished\":\"2025-10-01T21:20:43+00:00\",\"breadcrumb\":{\"@id\":\"https:\\\/\\\/canal7slp.tv\\\/2025\\\/san-luis-potosi-culmina-su-participacion-en-para-ciclismo-de-paralimpiada-nacional\\\/#breadcrumb\"},\"inLanguage\":\"es\",\"potentialAction\":[{\"@type\":\"ReadAction\",\"target\":[\"https:\\\/\\\/canal7slp.tv\\\/2025\\\/san-luis-potosi-culmina-su-participacion-en-para-ciclismo-de-paralimpiada-nacional\\\/\"]}]},{\"@type\":\"ImageObject\",\"inLanguage\":\"es\",\"@id\":\"https:\\\/\\\/canal7slp.tv\\\/2025\\\/san-luis-potosi-culmina-su-participacion-en-para-ciclismo-de-paralimpiada-nacional\\\/#primaryimage\",\"url\":\"https:\\\/\\\/canal7slp.tv\\\/2025\\\/wp-content\\\/uploads\\\/2025\\\/10\\\/Froi01ParaCiclismo.jpg\",\"contentUrl\":\"https:\\\/\\\/canal7slp.tv\\\/2025\\\/wp-content\\\/uploads\\\/2025\\\/10\\\/Froi01ParaCiclismo.jpg\",\"width\":1280,\"height\":720},{\"@type\":\"BreadcrumbList\",\"@id\":\"https:\\\/\\\/canal7slp.tv\\\/2025\\\/san-luis-potosi-culmina-su-participacion-en-para-ciclismo-de-paralimpiada-nacional\\\/#breadcrumb\",\"itemListElement\":[{\"@type\":\"ListItem\",\"position\":1,\"name\":\"Portada\",\"item\":\"https:\\\/\\\/canal7slp.tv\\\/2025\\\/\"},{\"@type\":\"ListItem\",\"position\":2,\"name\":\"San Luis Potos\u00ed culmina su participaci\u00f3n en Para Ciclismo de Paralimpiada Nacional\"}]},{\"@type\":\"WebSite\",\"@id\":\"https:\\\/\\\/canal7slp.tv\\\/2025\\\/#website\",\"url\":\"https:\\\/\\\/canal7slp.tv\\\/2025\\\/\",\"name\":\"N7 - Noticieros Canal 7\",\"description\":\"Somos el Medio\",\"publisher\":{\"@id\":\"https:\\\/\\\/canal7slp.tv\\\/2025\\\/#organization\"},\"potentialAction\":[{\"@type\":\"SearchAction\",\"target\":{\"@type\":\"EntryPoint\",\"urlTemplate\":\"https:\\\/\\\/canal7slp.tv\\\/2025\\\/?s={search_term_string}\"},\"query-input\":{\"@type\":\"PropertyValueSpecification\",\"valueRequired\":true,\"valueName\":\"search_term_string\"}}],\"inLanguage\":\"es\"},{\"@type\":\"Organization\",\"@id\":\"https:\\\/\\\/canal7slp.tv\\\/2025\\\/#organization\",\"name\":\"Noticieros Canal 7\",\"url\":\"https:\\\/\\\/canal7slp.tv\\\/2025\\\/\",\"logo\":{\"@type\":\"ImageObject\",\"inLanguage\":\"es\",\"@id\":\"https:\\\/\\\/canal7slp.tv\\\/2025\\\/#\\\/schema\\\/logo\\\/image\\\/\",\"url\":\"https:\\\/\\\/canal7slp.tv\\\/2025\\\/wp-content\\\/uploads\\\/2021\\\/01\\\/logo-noticieros@2x.png\",\"contentUrl\":\"https:\\\/\\\/canal7slp.tv\\\/2025\\\/wp-content\\\/uploads\\\/2021\\\/01\\\/logo-noticieros@2x.png\",\"width\":1017,\"height\":268,\"caption\":\"Noticieros Canal 7\"},\"image\":{\"@id\":\"https:\\\/\\\/canal7slp.tv\\\/2025\\\/#\\\/schema\\\/logo\\\/image\\\/\"},\"sameAs\":[\"https:\\\/\\\/www.facebook.com\\\/noticieroscanal7atencionciudadana\\\/\",\"https:\\\/\\\/x.com\\\/NOTICIEROS7\",\"https:\\\/\\\/www.instagram.com\\\/canal7_slp\",\"https:\\\/\\\/www.youtube.com\\\/channel\\\/UCliiYs-gP3JfJeqdPrNdd5A\"]},{\"@type\":\"Person\",\"@id\":\"https:\\\/\\\/canal7slp.tv\\\/2025\\\/#\\\/schema\\\/person\\\/271e2b60a96e7cc9d9ac296f4d7e414b\",\"name\":\"Edici\u00f3n Web\",\"image\":{\"@type\":\"ImageObject\",\"inLanguage\":\"es\",\"@id\":\"https:\\\/\\\/secure.gravatar.com\\\/avatar\\\/eee448fc3f7164808013b816ba91ac7e43bbe82a70bebac296f8bc6f0addaa1a?s=96&d=mm&r=g\",\"url\":\"https:\\\/\\\/secure.gravatar.com\\\/avatar\\\/eee448fc3f7164808013b816ba91ac7e43bbe82a70bebac296f8bc6f0addaa1a?s=96&d=mm&r=g\",\"contentUrl\":\"https:\\\/\\\/secure.gravatar.com\\\/avatar\\\/eee448fc3f7164808013b816ba91ac7e43bbe82a70bebac296f8bc6f0addaa1a?s=96&d=mm&r=g\",\"caption\":\"Edici\u00f3n Web\"},\"url\":\"https:\\\/\\\/canal7slp.tv\\\/2025\\\/author\\\/edicionweb\\\/\"}]}<\/script>\n<!-- \/ Yoast SEO plugin. -->","yoast_head_json":{"title":"San Luis Potos\u00ed culmina su participaci\u00f3n en Para Ciclismo de Paralimpiada Nacional - Canal 7 SLP - 2025","robots":{"index":"index","follow":"follow","max-snippet":"max-snippet:-1","max-image-preview":"max-image-preview:large","max-video-preview":"max-video-preview:-1"},"canonical":"https:\/\/canal7slp.tv\/2025\/san-luis-potosi-culmina-su-participacion-en-para-ciclismo-de-paralimpiada-nacional\/","og_locale":"es_ES","og_type":"article","og_title":"San Luis Potos\u00ed culmina su participaci\u00f3n en Para Ciclismo de Paralimpiada Nacional - Canal 7 SLP - 2025","og_description":"SLP.- La delegaci\u00f3n de San Luis Potos\u00ed en la disciplina de para ciclismo concluy\u00f3 su participaci\u00f3n en la Paralimpiada Nacional CONADE 2025 con un excelente desempe\u00f1o al obtener un total de cuatro medallas, dos de plata y dos de bronce. Jos\u00e9 Guadalupe S\u00e1nchez Cruz sum\u00f3 su segunda medalla de plata, ahora en la prueba de ruta, mientras que Jes\u00fas Gilberto Borrego Lechuga obtuvo medalla de bronce en su respectiva categor\u00eda, tambi\u00e9n en la modalidad de ruta. Por su parte, Omar Ezequiel M\u00e9ndez Ru\u00edz finaliz\u00f3 en una destacada cuarta posici\u00f3n, en su primer a\u00f1o en una nueva categor\u00eda.","og_url":"https:\/\/canal7slp.tv\/2025\/san-luis-potosi-culmina-su-participacion-en-para-ciclismo-de-paralimpiada-nacional\/","og_site_name":"Canal 7 SLP - 2025","article_publisher":"https:\/\/www.facebook.com\/noticieroscanal7atencionciudadana\/","article_published_time":"2025-10-01T21:20:43+00:00","og_image":[{"width":1280,"height":720,"url":"https:\/\/canal7slp.tv\/2025\/wp-content\/uploads\/2025\/10\/Froi01ParaCiclismo.jpg","type":"image\/jpeg"}],"author":"Edici\u00f3n Web","twitter_card":"summary_large_image","twitter_creator":"@NOTICIEROS7","twitter_site":"@NOTICIEROS7","twitter_misc":{"Escrito por":"Edici\u00f3n Web","Tiempo de lectura":"1 minuto"},"schema":{"@context":"https:\/\/schema.org","@graph":[{"@type":"Article","@id":"https:\/\/canal7slp.tv\/2025\/san-luis-potosi-culmina-su-participacion-en-para-ciclismo-de-paralimpiada-nacional\/#article","isPartOf":{"@id":"https:\/\/canal7slp.tv\/2025\/san-luis-potosi-culmina-su-participacion-en-para-ciclismo-de-paralimpiada-nacional\/"},"author":{"name":"Edici\u00f3n Web","@id":"https:\/\/canal7slp.tv\/2025\/#\/schema\/person\/271e2b60a96e7cc9d9ac296f4d7e414b"},"headline":"San Luis Potos\u00ed culmina su participaci\u00f3n en Para Ciclismo de Paralimpiada Nacional","datePublished":"2025-10-01T21:20:43+00:00","mainEntityOfPage":{"@id":"https:\/\/canal7slp.tv\/2025\/san-luis-potosi-culmina-su-participacion-en-para-ciclismo-de-paralimpiada-nacional\/"},"wordCount":122,"publisher":{"@id":"https:\/\/canal7slp.tv\/2025\/#organization"},"image":{"@id":"https:\/\/canal7slp.tv\/2025\/san-luis-potosi-culmina-su-participacion-en-para-ciclismo-de-paralimpiada-nacional\/#primaryimage"},"thumbnailUrl":"https:\/\/canal7slp.tv\/2025\/wp-content\/uploads\/2025\/10\/Froi01ParaCiclismo.jpg","articleSection":["DEPORTES","DESTACADAS"],"inLanguage":"es"},{"@type":"WebPage","@id":"https:\/\/canal7slp.tv\/2025\/san-luis-potosi-culmina-su-participacion-en-para-ciclismo-de-paralimpiada-nacional\/","url":"https:\/\/canal7slp.tv\/2025\/san-luis-potosi-culmina-su-participacion-en-para-ciclismo-de-paralimpiada-nacional\/","name":"San Luis Potos\u00ed culmina su participaci\u00f3n en Para Ciclismo de Paralimpiada Nacional - Canal 7 SLP - 2025","isPartOf":{"@id":"https:\/\/canal7slp.tv\/2025\/#website"},"primaryImageOfPage":{"@id":"https:\/\/canal7slp.tv\/2025\/san-luis-potosi-culmina-su-participacion-en-para-ciclismo-de-paralimpiada-nacional\/#primaryimage"},"image":{"@id":"https:\/\/canal7slp.tv\/2025\/san-luis-potosi-culmina-su-participacion-en-para-ciclismo-de-paralimpiada-nacional\/#primaryimage"},"thumbnailUrl":"https:\/\/canal7slp.tv\/2025\/wp-content\/uploads\/2025\/10\/Froi01ParaCiclismo.jpg","datePublished":"2025-10-01T21:20:43+00:00","breadcrumb":{"@id":"https:\/\/canal7slp.tv\/2025\/san-luis-potosi-culmina-su-participacion-en-para-ciclismo-de-paralimpiada-nacional\/#breadcrumb"},"inLanguage":"es","potentialAction":[{"@type":"ReadAction","target":["https:\/\/canal7slp.tv\/2025\/san-luis-potosi-culmina-su-participacion-en-para-ciclismo-de-paralimpiada-nacional\/"]}]},{"@type":"ImageObject","inLanguage":"es","@id":"https:\/\/canal7slp.tv\/2025\/san-luis-potosi-culmina-su-participacion-en-para-ciclismo-de-paralimpiada-nacional\/#primaryimage","url":"https:\/\/canal7slp.tv\/2025\/wp-content\/uploads\/2025\/10\/Froi01ParaCiclismo.jpg","contentUrl":"https:\/\/canal7slp.tv\/2025\/wp-content\/uploads\/2025\/10\/Froi01ParaCiclismo.jpg","width":1280,"height":720},{"@type":"BreadcrumbList","@id":"https:\/\/canal7slp.tv\/2025\/san-luis-potosi-culmina-su-participacion-en-para-ciclismo-de-paralimpiada-nacional\/#breadcrumb","itemListElement":[{"@type":"ListItem","position":1,"name":"Portada","item":"https:\/\/canal7slp.tv\/2025\/"},{"@type":"ListItem","position":2,"name":"San Luis Potos\u00ed culmina su participaci\u00f3n en Para Ciclismo de Paralimpiada Nacional"}]},{"@type":"WebSite","@id":"https:\/\/canal7slp.tv\/2025\/#website","url":"https:\/\/canal7slp.tv\/2025\/","name":"N7 - Noticieros Canal 7","description":"Somos el Medio","publisher":{"@id":"https:\/\/canal7slp.tv\/2025\/#organization"},"potentialAction":[{"@type":"SearchAction","target":{"@type":"EntryPoint","urlTemplate":"https:\/\/canal7slp.tv\/2025\/?s={search_term_string}"},"query-input":{"@type":"PropertyValueSpecification","valueRequired":true,"valueName":"search_term_string"}}],"inLanguage":"es"},{"@type":"Organization","@id":"https:\/\/canal7slp.tv\/2025\/#organization","name":"Noticieros Canal 7","url":"https:\/\/canal7slp.tv\/2025\/","logo":{"@type":"ImageObject","inLanguage":"es","@id":"https:\/\/canal7slp.tv\/2025\/#\/schema\/logo\/image\/","url":"https:\/\/canal7slp.tv\/2025\/wp-content\/uploads\/2021\/01\/logo-noticieros@2x.png","contentUrl":"https:\/\/canal7slp.tv\/2025\/wp-content\/uploads\/2021\/01\/logo-noticieros@2x.png","width":1017,"height":268,"caption":"Noticieros Canal 7"},"image":{"@id":"https:\/\/canal7slp.tv\/2025\/#\/schema\/logo\/image\/"},"sameAs":["https:\/\/www.facebook.com\/noticieroscanal7atencionciudadana\/","https:\/\/x.com\/NOTICIEROS7","https:\/\/www.instagram.com\/canal7_slp","https:\/\/www.youtube.com\/channel\/UCliiYs-gP3JfJeqdPrNdd5A"]},{"@type":"Person","@id":"https:\/\/canal7slp.tv\/2025\/#\/schema\/person\/271e2b60a96e7cc9d9ac296f4d7e414b","name":"Edici\u00f3n Web","image":{"@type":"ImageObject","inLanguage":"es","@id":"https:\/\/secure.gravatar.com\/avatar\/eee448fc3f7164808013b816ba91ac7e43bbe82a70bebac296f8bc6f0addaa1a?s=96&d=mm&r=g","url":"https:\/\/secure.gravatar.com\/avatar\/eee448fc3f7164808013b816ba91ac7e43bbe82a70bebac296f8bc6f0addaa1a?s=96&d=mm&r=g","contentUrl":"https:\/\/secure.gravatar.com\/avatar\/eee448fc3f7164808013b816ba91ac7e43bbe82a70bebac296f8bc6f0addaa1a?s=96&d=mm&r=g","caption":"Edici\u00f3n Web"},"url":"https:\/\/canal7slp.tv\/2025\/author\/edicionweb\/"}]}},"_links":{"self":[{"href":"https:\/\/canal7slp.tv\/2025\/wp-json\/wp\/v2\/posts\/180861","targetHints":{"allow":["GET"]}}],"collection":[{"href":"https:\/\/canal7slp.tv\/2025\/wp-json\/wp\/v2\/posts"}],"about":[{"href":"https:\/\/canal7slp.tv\/2025\/wp-json\/wp\/v2\/types\/post"}],"author":[{"embeddable":true,"href":"https:\/\/canal7slp.tv\/2025\/wp-json\/wp\/v2\/users\/2"}],"replies":[{"embeddable":true,"href":"https:\/\/canal7slp.tv\/2025\/wp-json\/wp\/v2\/comments?post=180861"}],"version-history":[{"count":1,"href":"https:\/\/canal7slp.tv\/2025\/wp-json\/wp\/v2\/posts\/180861\/revisions"}],"predecessor-version":[{"id":180864,"href":"https:\/\/canal7slp.tv\/2025\/wp-json\/wp\/v2\/posts\/180861\/revisions\/180864"}],"wp:featuredmedia":[{"embeddable":true,"href":"https:\/\/canal7slp.tv\/2025\/wp-json\/wp\/v2\/media\/180863"}],"wp:attachment":[{"href":"https:\/\/canal7slp.tv\/2025\/wp-json\/wp\/v2\/media?parent=180861"}],"wp:term":[{"taxonomy":"category","embeddable":true,"href":"https:\/\/canal7slp.tv\/2025\/wp-json\/wp\/v2\/categories?post=180861"},{"taxonomy":"post_tag","embeddable":true,"href":"https:\/\/canal7slp.tv\/2025\/wp-json\/wp\/v2\/tags?post=180861"}],"curies":[{"name":"wp","href":"https:\/\/api.w.org\/{rel}","templated":true}]}}