{"id":180849,"date":"2025-10-01T14:20:53","date_gmt":"2025-10-01T20:20:53","guid":{"rendered":"https:\/\/canal7slp.tv\/2025\/?p=180849"},"modified":"2025-10-01T14:20:53","modified_gmt":"2025-10-01T20:20:53","slug":"declaran-estado-de-calamidad-en-filipinas-tras-terremoto-de-6-9","status":"publish","type":"post","link":"https:\/\/canal7slp.tv\/2025\/declaran-estado-de-calamidad-en-filipinas-tras-terremoto-de-6-9\/","title":{"rendered":"Declaran estado de calamidad en Filipinas tras terremoto de 6.9"},"content":{"rendered":"<ul style=\"text-align: justify;\">\n<li>Reportan el menos 69 muertos y m\u00e1s de un mill\u00f3n de familias afectadas.<\/li>\n<\/ul>\n<p style=\"text-align: justify;\">Bogo.- El terremoto de magnitud 6.9 que sacudi\u00f3 el centro de Filipinas el martes por la noche ha dejado al menos 69 personas fallecidas, seg\u00fan el \u00faltimo reporte de la Oficina de Defensa Civil del pa\u00eds.<\/p>\n<p style=\"text-align: justify;\">La ciudad de Bogo, en la provincia de Ceb\u00fa, concentra aproximadamente la mitad de las v\u00edctimas mortales.<\/p>\n<p style=\"text-align: justify;\">El sismo caus\u00f3 da\u00f1os significativos en infraestructuras, incluyendo carreteras, edificios y una iglesia. Las autoridades han declarado el estado de calamidad en la regi\u00f3n para facilitar la movilizaci\u00f3n de recursos y asistencia humanitaria.<\/p>\n<p style=\"text-align: justify;\">Seg\u00fan organizaciones no gubernamentales, m\u00e1s de un mill\u00f3n de familias se han visto afectadas, muchas de las cuales han tenido que ser evacuadas a albergues temporales.<\/p>\n<p style=\"text-align: justify;\">El gobierno filipino ha iniciado la distribuci\u00f3n de ayuda de emergencia, incluyendo alimentos y kits de higiene, con apoyo de las fuerzas armadas.<\/p>\n<p style=\"text-align: justify;\">e espera la visita del presidente Ferdinand Marcos Jr. a las zonas m\u00e1s afectadas para evaluar los da\u00f1os y coordinar las labores de recuperaci\u00f3n.<\/p>\n","protected":false},"excerpt":{"rendered":"<p>Reportan el menos 69 muertos y m\u00e1s de un mill\u00f3n de familias afectadas. Bogo.- El terremoto de magnitud 6.9 que sacudi\u00f3 el centro de Filipinas el martes por la noche ha dejado al menos 69 personas fallecidas, seg\u00fan el \u00faltimo reporte de la Oficina de Defensa Civil del pa\u00eds. La ciudad de Bogo, en la provincia de Ceb\u00fa, concentra aproximadamente la mitad de las v\u00edctimas mortales. El sismo caus\u00f3 da\u00f1os significativos en infraestructuras, incluyendo carreteras, edificios y una iglesia. Las autoridades han declarado el estado de calamidad en la regi\u00f3n para facilitar la movilizaci\u00f3n de recursos y asistencia humanitaria. Seg\u00fan [&hellip;]<\/p>\n","protected":false},"author":2,"featured_media":180850,"comment_status":"closed","ping_status":"closed","sticky":false,"template":"","format":"standard","meta":{"_monsterinsights_skip_tracking":false,"_monsterinsights_sitenote_active":false,"_monsterinsights_sitenote_note":"","_monsterinsights_sitenote_category":0,"footnotes":""},"categories":[44],"tags":[],"class_list":["post-180849","post","type-post","status-publish","format-standard","has-post-thumbnail","hentry","category-internacional","post--single"],"yoast_head":"<!-- This site is optimized with the Yoast SEO plugin v27.5 - https:\/\/yoast.com\/product\/yoast-seo-wordpress\/ -->\n<title>Declaran estado de calamidad en Filipinas tras terremoto de 6.9 - Canal 7 SLP - 2025<\/title>\n<meta name=\"robots\" content=\"index, follow, max-snippet:-1, max-image-preview:large, max-video-preview:-1\" \/>\n<link rel=\"canonical\" href=\"https:\/\/canal7slp.tv\/2025\/declaran-estado-de-calamidad-en-filipinas-tras-terremoto-de-6-9\/\" \/>\n<meta property=\"og:locale\" content=\"es_ES\" \/>\n<meta property=\"og:type\" content=\"article\" \/>\n<meta property=\"og:title\" content=\"Declaran estado de calamidad en Filipinas tras terremoto de 6.9 - Canal 7 SLP - 2025\" \/>\n<meta property=\"og:description\" content=\"Reportan el menos 69 muertos y m\u00e1s de un mill\u00f3n de familias afectadas. Bogo.- El terremoto de magnitud 6.9 que sacudi\u00f3 el centro de Filipinas el martes por la noche ha dejado al menos 69 personas fallecidas, seg\u00fan el \u00faltimo reporte de la Oficina de Defensa Civil del pa\u00eds. La ciudad de Bogo, en la provincia de Ceb\u00fa, concentra aproximadamente la mitad de las v\u00edctimas mortales. El sismo caus\u00f3 da\u00f1os significativos en infraestructuras, incluyendo carreteras, edificios y una iglesia. Las autoridades han declarado el estado de calamidad en la regi\u00f3n para facilitar la movilizaci\u00f3n de recursos y asistencia humanitaria. Seg\u00fan [&hellip;]\" \/>\n<meta property=\"og:url\" content=\"https:\/\/canal7slp.tv\/2025\/declaran-estado-de-calamidad-en-filipinas-tras-terremoto-de-6-9\/\" \/>\n<meta property=\"og:site_name\" content=\"Canal 7 SLP - 2025\" \/>\n<meta property=\"article:publisher\" content=\"https:\/\/www.facebook.com\/noticieroscanal7atencionciudadana\/\" \/>\n<meta property=\"article:published_time\" content=\"2025-10-01T20:20:53+00:00\" \/>\n<meta property=\"og:image\" content=\"https:\/\/canal7slp.tv\/2025\/wp-content\/uploads\/2025\/10\/05.jpg\" \/>\n\t<meta property=\"og:image:width\" content=\"888\" \/>\n\t<meta property=\"og:image:height\" content=\"500\" \/>\n\t<meta property=\"og:image:type\" content=\"image\/jpeg\" \/>\n<meta name=\"author\" content=\"Edici\u00f3n Web\" \/>\n<meta name=\"twitter:card\" content=\"summary_large_image\" \/>\n<meta name=\"twitter:creator\" content=\"@NOTICIEROS7\" \/>\n<meta name=\"twitter:site\" content=\"@NOTICIEROS7\" \/>\n<meta name=\"twitter:label1\" content=\"Escrito por\" \/>\n\t<meta name=\"twitter:data1\" content=\"Edici\u00f3n Web\" \/>\n\t<meta name=\"twitter:label2\" content=\"Tiempo de lectura\" \/>\n\t<meta name=\"twitter:data2\" content=\"1 minuto\" \/>\n<script type=\"application\/ld+json\" class=\"yoast-schema-graph\">{\"@context\":\"https:\\\/\\\/schema.org\",\"@graph\":[{\"@type\":\"Article\",\"@id\":\"https:\\\/\\\/canal7slp.tv\\\/2025\\\/declaran-estado-de-calamidad-en-filipinas-tras-terremoto-de-6-9\\\/#article\",\"isPartOf\":{\"@id\":\"https:\\\/\\\/canal7slp.tv\\\/2025\\\/declaran-estado-de-calamidad-en-filipinas-tras-terremoto-de-6-9\\\/\"},\"author\":{\"name\":\"Edici\u00f3n Web\",\"@id\":\"https:\\\/\\\/canal7slp.tv\\\/2025\\\/#\\\/schema\\\/person\\\/271e2b60a96e7cc9d9ac296f4d7e414b\"},\"headline\":\"Declaran estado de calamidad en Filipinas tras terremoto de 6.9\",\"datePublished\":\"2025-10-01T20:20:53+00:00\",\"mainEntityOfPage\":{\"@id\":\"https:\\\/\\\/canal7slp.tv\\\/2025\\\/declaran-estado-de-calamidad-en-filipinas-tras-terremoto-de-6-9\\\/\"},\"wordCount\":194,\"publisher\":{\"@id\":\"https:\\\/\\\/canal7slp.tv\\\/2025\\\/#organization\"},\"image\":{\"@id\":\"https:\\\/\\\/canal7slp.tv\\\/2025\\\/declaran-estado-de-calamidad-en-filipinas-tras-terremoto-de-6-9\\\/#primaryimage\"},\"thumbnailUrl\":\"https:\\\/\\\/canal7slp.tv\\\/2025\\\/wp-content\\\/uploads\\\/2025\\\/10\\\/05.jpg\",\"articleSection\":[\"INTERNACIONALES\"],\"inLanguage\":\"es\"},{\"@type\":\"WebPage\",\"@id\":\"https:\\\/\\\/canal7slp.tv\\\/2025\\\/declaran-estado-de-calamidad-en-filipinas-tras-terremoto-de-6-9\\\/\",\"url\":\"https:\\\/\\\/canal7slp.tv\\\/2025\\\/declaran-estado-de-calamidad-en-filipinas-tras-terremoto-de-6-9\\\/\",\"name\":\"Declaran estado de calamidad en Filipinas tras terremoto de 6.9 - Canal 7 SLP - 2025\",\"isPartOf\":{\"@id\":\"https:\\\/\\\/canal7slp.tv\\\/2025\\\/#website\"},\"primaryImageOfPage\":{\"@id\":\"https:\\\/\\\/canal7slp.tv\\\/2025\\\/declaran-estado-de-calamidad-en-filipinas-tras-terremoto-de-6-9\\\/#primaryimage\"},\"image\":{\"@id\":\"https:\\\/\\\/canal7slp.tv\\\/2025\\\/declaran-estado-de-calamidad-en-filipinas-tras-terremoto-de-6-9\\\/#primaryimage\"},\"thumbnailUrl\":\"https:\\\/\\\/canal7slp.tv\\\/2025\\\/wp-content\\\/uploads\\\/2025\\\/10\\\/05.jpg\",\"datePublished\":\"2025-10-01T20:20:53+00:00\",\"breadcrumb\":{\"@id\":\"https:\\\/\\\/canal7slp.tv\\\/2025\\\/declaran-estado-de-calamidad-en-filipinas-tras-terremoto-de-6-9\\\/#breadcrumb\"},\"inLanguage\":\"es\",\"potentialAction\":[{\"@type\":\"ReadAction\",\"target\":[\"https:\\\/\\\/canal7slp.tv\\\/2025\\\/declaran-estado-de-calamidad-en-filipinas-tras-terremoto-de-6-9\\\/\"]}]},{\"@type\":\"ImageObject\",\"inLanguage\":\"es\",\"@id\":\"https:\\\/\\\/canal7slp.tv\\\/2025\\\/declaran-estado-de-calamidad-en-filipinas-tras-terremoto-de-6-9\\\/#primaryimage\",\"url\":\"https:\\\/\\\/canal7slp.tv\\\/2025\\\/wp-content\\\/uploads\\\/2025\\\/10\\\/05.jpg\",\"contentUrl\":\"https:\\\/\\\/canal7slp.tv\\\/2025\\\/wp-content\\\/uploads\\\/2025\\\/10\\\/05.jpg\",\"width\":888,\"height\":500},{\"@type\":\"BreadcrumbList\",\"@id\":\"https:\\\/\\\/canal7slp.tv\\\/2025\\\/declaran-estado-de-calamidad-en-filipinas-tras-terremoto-de-6-9\\\/#breadcrumb\",\"itemListElement\":[{\"@type\":\"ListItem\",\"position\":1,\"name\":\"Portada\",\"item\":\"https:\\\/\\\/canal7slp.tv\\\/2025\\\/\"},{\"@type\":\"ListItem\",\"position\":2,\"name\":\"Declaran estado de calamidad en Filipinas tras terremoto de 6.9\"}]},{\"@type\":\"WebSite\",\"@id\":\"https:\\\/\\\/canal7slp.tv\\\/2025\\\/#website\",\"url\":\"https:\\\/\\\/canal7slp.tv\\\/2025\\\/\",\"name\":\"N7 - Noticieros Canal 7\",\"description\":\"Somos el Medio\",\"publisher\":{\"@id\":\"https:\\\/\\\/canal7slp.tv\\\/2025\\\/#organization\"},\"potentialAction\":[{\"@type\":\"SearchAction\",\"target\":{\"@type\":\"EntryPoint\",\"urlTemplate\":\"https:\\\/\\\/canal7slp.tv\\\/2025\\\/?s={search_term_string}\"},\"query-input\":{\"@type\":\"PropertyValueSpecification\",\"valueRequired\":true,\"valueName\":\"search_term_string\"}}],\"inLanguage\":\"es\"},{\"@type\":\"Organization\",\"@id\":\"https:\\\/\\\/canal7slp.tv\\\/2025\\\/#organization\",\"name\":\"Noticieros Canal 7\",\"url\":\"https:\\\/\\\/canal7slp.tv\\\/2025\\\/\",\"logo\":{\"@type\":\"ImageObject\",\"inLanguage\":\"es\",\"@id\":\"https:\\\/\\\/canal7slp.tv\\\/2025\\\/#\\\/schema\\\/logo\\\/image\\\/\",\"url\":\"https:\\\/\\\/canal7slp.tv\\\/2025\\\/wp-content\\\/uploads\\\/2021\\\/01\\\/logo-noticieros@2x.png\",\"contentUrl\":\"https:\\\/\\\/canal7slp.tv\\\/2025\\\/wp-content\\\/uploads\\\/2021\\\/01\\\/logo-noticieros@2x.png\",\"width\":1017,\"height\":268,\"caption\":\"Noticieros Canal 7\"},\"image\":{\"@id\":\"https:\\\/\\\/canal7slp.tv\\\/2025\\\/#\\\/schema\\\/logo\\\/image\\\/\"},\"sameAs\":[\"https:\\\/\\\/www.facebook.com\\\/noticieroscanal7atencionciudadana\\\/\",\"https:\\\/\\\/x.com\\\/NOTICIEROS7\",\"https:\\\/\\\/www.instagram.com\\\/canal7_slp\",\"https:\\\/\\\/www.youtube.com\\\/channel\\\/UCliiYs-gP3JfJeqdPrNdd5A\"]},{\"@type\":\"Person\",\"@id\":\"https:\\\/\\\/canal7slp.tv\\\/2025\\\/#\\\/schema\\\/person\\\/271e2b60a96e7cc9d9ac296f4d7e414b\",\"name\":\"Edici\u00f3n Web\",\"image\":{\"@type\":\"ImageObject\",\"inLanguage\":\"es\",\"@id\":\"https:\\\/\\\/secure.gravatar.com\\\/avatar\\\/eee448fc3f7164808013b816ba91ac7e43bbe82a70bebac296f8bc6f0addaa1a?s=96&d=mm&r=g\",\"url\":\"https:\\\/\\\/secure.gravatar.com\\\/avatar\\\/eee448fc3f7164808013b816ba91ac7e43bbe82a70bebac296f8bc6f0addaa1a?s=96&d=mm&r=g\",\"contentUrl\":\"https:\\\/\\\/secure.gravatar.com\\\/avatar\\\/eee448fc3f7164808013b816ba91ac7e43bbe82a70bebac296f8bc6f0addaa1a?s=96&d=mm&r=g\",\"caption\":\"Edici\u00f3n Web\"},\"url\":\"https:\\\/\\\/canal7slp.tv\\\/2025\\\/author\\\/edicionweb\\\/\"}]}<\/script>\n<!-- \/ Yoast SEO plugin. -->","yoast_head_json":{"title":"Declaran estado de calamidad en Filipinas tras terremoto de 6.9 - Canal 7 SLP - 2025","robots":{"index":"index","follow":"follow","max-snippet":"max-snippet:-1","max-image-preview":"max-image-preview:large","max-video-preview":"max-video-preview:-1"},"canonical":"https:\/\/canal7slp.tv\/2025\/declaran-estado-de-calamidad-en-filipinas-tras-terremoto-de-6-9\/","og_locale":"es_ES","og_type":"article","og_title":"Declaran estado de calamidad en Filipinas tras terremoto de 6.9 - Canal 7 SLP - 2025","og_description":"Reportan el menos 69 muertos y m\u00e1s de un mill\u00f3n de familias afectadas. Bogo.- El terremoto de magnitud 6.9 que sacudi\u00f3 el centro de Filipinas el martes por la noche ha dejado al menos 69 personas fallecidas, seg\u00fan el \u00faltimo reporte de la Oficina de Defensa Civil del pa\u00eds. La ciudad de Bogo, en la provincia de Ceb\u00fa, concentra aproximadamente la mitad de las v\u00edctimas mortales. El sismo caus\u00f3 da\u00f1os significativos en infraestructuras, incluyendo carreteras, edificios y una iglesia. Las autoridades han declarado el estado de calamidad en la regi\u00f3n para facilitar la movilizaci\u00f3n de recursos y asistencia humanitaria. Seg\u00fan [&hellip;]","og_url":"https:\/\/canal7slp.tv\/2025\/declaran-estado-de-calamidad-en-filipinas-tras-terremoto-de-6-9\/","og_site_name":"Canal 7 SLP - 2025","article_publisher":"https:\/\/www.facebook.com\/noticieroscanal7atencionciudadana\/","article_published_time":"2025-10-01T20:20:53+00:00","og_image":[{"width":888,"height":500,"url":"https:\/\/canal7slp.tv\/2025\/wp-content\/uploads\/2025\/10\/05.jpg","type":"image\/jpeg"}],"author":"Edici\u00f3n Web","twitter_card":"summary_large_image","twitter_creator":"@NOTICIEROS7","twitter_site":"@NOTICIEROS7","twitter_misc":{"Escrito por":"Edici\u00f3n Web","Tiempo de lectura":"1 minuto"},"schema":{"@context":"https:\/\/schema.org","@graph":[{"@type":"Article","@id":"https:\/\/canal7slp.tv\/2025\/declaran-estado-de-calamidad-en-filipinas-tras-terremoto-de-6-9\/#article","isPartOf":{"@id":"https:\/\/canal7slp.tv\/2025\/declaran-estado-de-calamidad-en-filipinas-tras-terremoto-de-6-9\/"},"author":{"name":"Edici\u00f3n Web","@id":"https:\/\/canal7slp.tv\/2025\/#\/schema\/person\/271e2b60a96e7cc9d9ac296f4d7e414b"},"headline":"Declaran estado de calamidad en Filipinas tras terremoto de 6.9","datePublished":"2025-10-01T20:20:53+00:00","mainEntityOfPage":{"@id":"https:\/\/canal7slp.tv\/2025\/declaran-estado-de-calamidad-en-filipinas-tras-terremoto-de-6-9\/"},"wordCount":194,"publisher":{"@id":"https:\/\/canal7slp.tv\/2025\/#organization"},"image":{"@id":"https:\/\/canal7slp.tv\/2025\/declaran-estado-de-calamidad-en-filipinas-tras-terremoto-de-6-9\/#primaryimage"},"thumbnailUrl":"https:\/\/canal7slp.tv\/2025\/wp-content\/uploads\/2025\/10\/05.jpg","articleSection":["INTERNACIONALES"],"inLanguage":"es"},{"@type":"WebPage","@id":"https:\/\/canal7slp.tv\/2025\/declaran-estado-de-calamidad-en-filipinas-tras-terremoto-de-6-9\/","url":"https:\/\/canal7slp.tv\/2025\/declaran-estado-de-calamidad-en-filipinas-tras-terremoto-de-6-9\/","name":"Declaran estado de calamidad en Filipinas tras terremoto de 6.9 - Canal 7 SLP - 2025","isPartOf":{"@id":"https:\/\/canal7slp.tv\/2025\/#website"},"primaryImageOfPage":{"@id":"https:\/\/canal7slp.tv\/2025\/declaran-estado-de-calamidad-en-filipinas-tras-terremoto-de-6-9\/#primaryimage"},"image":{"@id":"https:\/\/canal7slp.tv\/2025\/declaran-estado-de-calamidad-en-filipinas-tras-terremoto-de-6-9\/#primaryimage"},"thumbnailUrl":"https:\/\/canal7slp.tv\/2025\/wp-content\/uploads\/2025\/10\/05.jpg","datePublished":"2025-10-01T20:20:53+00:00","breadcrumb":{"@id":"https:\/\/canal7slp.tv\/2025\/declaran-estado-de-calamidad-en-filipinas-tras-terremoto-de-6-9\/#breadcrumb"},"inLanguage":"es","potentialAction":[{"@type":"ReadAction","target":["https:\/\/canal7slp.tv\/2025\/declaran-estado-de-calamidad-en-filipinas-tras-terremoto-de-6-9\/"]}]},{"@type":"ImageObject","inLanguage":"es","@id":"https:\/\/canal7slp.tv\/2025\/declaran-estado-de-calamidad-en-filipinas-tras-terremoto-de-6-9\/#primaryimage","url":"https:\/\/canal7slp.tv\/2025\/wp-content\/uploads\/2025\/10\/05.jpg","contentUrl":"https:\/\/canal7slp.tv\/2025\/wp-content\/uploads\/2025\/10\/05.jpg","width":888,"height":500},{"@type":"BreadcrumbList","@id":"https:\/\/canal7slp.tv\/2025\/declaran-estado-de-calamidad-en-filipinas-tras-terremoto-de-6-9\/#breadcrumb","itemListElement":[{"@type":"ListItem","position":1,"name":"Portada","item":"https:\/\/canal7slp.tv\/2025\/"},{"@type":"ListItem","position":2,"name":"Declaran estado de calamidad en Filipinas tras terremoto de 6.9"}]},{"@type":"WebSite","@id":"https:\/\/canal7slp.tv\/2025\/#website","url":"https:\/\/canal7slp.tv\/2025\/","name":"N7 - Noticieros Canal 7","description":"Somos el Medio","publisher":{"@id":"https:\/\/canal7slp.tv\/2025\/#organization"},"potentialAction":[{"@type":"SearchAction","target":{"@type":"EntryPoint","urlTemplate":"https:\/\/canal7slp.tv\/2025\/?s={search_term_string}"},"query-input":{"@type":"PropertyValueSpecification","valueRequired":true,"valueName":"search_term_string"}}],"inLanguage":"es"},{"@type":"Organization","@id":"https:\/\/canal7slp.tv\/2025\/#organization","name":"Noticieros Canal 7","url":"https:\/\/canal7slp.tv\/2025\/","logo":{"@type":"ImageObject","inLanguage":"es","@id":"https:\/\/canal7slp.tv\/2025\/#\/schema\/logo\/image\/","url":"https:\/\/canal7slp.tv\/2025\/wp-content\/uploads\/2021\/01\/logo-noticieros@2x.png","contentUrl":"https:\/\/canal7slp.tv\/2025\/wp-content\/uploads\/2021\/01\/logo-noticieros@2x.png","width":1017,"height":268,"caption":"Noticieros Canal 7"},"image":{"@id":"https:\/\/canal7slp.tv\/2025\/#\/schema\/logo\/image\/"},"sameAs":["https:\/\/www.facebook.com\/noticieroscanal7atencionciudadana\/","https:\/\/x.com\/NOTICIEROS7","https:\/\/www.instagram.com\/canal7_slp","https:\/\/www.youtube.com\/channel\/UCliiYs-gP3JfJeqdPrNdd5A"]},{"@type":"Person","@id":"https:\/\/canal7slp.tv\/2025\/#\/schema\/person\/271e2b60a96e7cc9d9ac296f4d7e414b","name":"Edici\u00f3n Web","image":{"@type":"ImageObject","inLanguage":"es","@id":"https:\/\/secure.gravatar.com\/avatar\/eee448fc3f7164808013b816ba91ac7e43bbe82a70bebac296f8bc6f0addaa1a?s=96&d=mm&r=g","url":"https:\/\/secure.gravatar.com\/avatar\/eee448fc3f7164808013b816ba91ac7e43bbe82a70bebac296f8bc6f0addaa1a?s=96&d=mm&r=g","contentUrl":"https:\/\/secure.gravatar.com\/avatar\/eee448fc3f7164808013b816ba91ac7e43bbe82a70bebac296f8bc6f0addaa1a?s=96&d=mm&r=g","caption":"Edici\u00f3n Web"},"url":"https:\/\/canal7slp.tv\/2025\/author\/edicionweb\/"}]}},"_links":{"self":[{"href":"https:\/\/canal7slp.tv\/2025\/wp-json\/wp\/v2\/posts\/180849","targetHints":{"allow":["GET"]}}],"collection":[{"href":"https:\/\/canal7slp.tv\/2025\/wp-json\/wp\/v2\/posts"}],"about":[{"href":"https:\/\/canal7slp.tv\/2025\/wp-json\/wp\/v2\/types\/post"}],"author":[{"embeddable":true,"href":"https:\/\/canal7slp.tv\/2025\/wp-json\/wp\/v2\/users\/2"}],"replies":[{"embeddable":true,"href":"https:\/\/canal7slp.tv\/2025\/wp-json\/wp\/v2\/comments?post=180849"}],"version-history":[{"count":1,"href":"https:\/\/canal7slp.tv\/2025\/wp-json\/wp\/v2\/posts\/180849\/revisions"}],"predecessor-version":[{"id":180851,"href":"https:\/\/canal7slp.tv\/2025\/wp-json\/wp\/v2\/posts\/180849\/revisions\/180851"}],"wp:featuredmedia":[{"embeddable":true,"href":"https:\/\/canal7slp.tv\/2025\/wp-json\/wp\/v2\/media\/180850"}],"wp:attachment":[{"href":"https:\/\/canal7slp.tv\/2025\/wp-json\/wp\/v2\/media?parent=180849"}],"wp:term":[{"taxonomy":"category","embeddable":true,"href":"https:\/\/canal7slp.tv\/2025\/wp-json\/wp\/v2\/categories?post=180849"},{"taxonomy":"post_tag","embeddable":true,"href":"https:\/\/canal7slp.tv\/2025\/wp-json\/wp\/v2\/tags?post=180849"}],"curies":[{"name":"wp","href":"https:\/\/api.w.org\/{rel}","templated":true}]}}