{"id":180457,"date":"2025-09-26T17:23:59","date_gmt":"2025-09-26T23:23:59","guid":{"rendered":"https:\/\/canal7slp.tv\/2025\/?p=180457"},"modified":"2025-09-26T17:23:59","modified_gmt":"2025-09-26T23:23:59","slug":"pacientes-renales-protestan-por-falta-de-trasplantes-en-el-hospital-central","status":"publish","type":"post","link":"https:\/\/canal7slp.tv\/2025\/pacientes-renales-protestan-por-falta-de-trasplantes-en-el-hospital-central\/","title":{"rendered":"Pacientes renales protestan por falta de trasplantes en el Hospital Central"},"content":{"rendered":"<p style=\"text-align: justify;\"><span style=\"font-size: 1.21429rem;\">SLP.- Pacientes con insuficiencia renal y sus familias expresaron su inconformidad por la falta de trasplantes en el Hospital Central de San Luis Potos\u00ed.<\/span><\/p>\n<p style=\"text-align: justify;\">Mencionan que no ha habido avances en la autorizaci\u00f3n de la licencia que permitir\u00eda reanudar estos procedimientos.<\/p>\n<p style=\"text-align: justify;\">Se\u00f1alan que, pese a las promesas de que el tr\u00e1mite estar\u00eda concluido, la espera se prolonga y cada vez m\u00e1s personas ven afectada su salud.<\/p>\n<p style=\"text-align: justify;\">Arely Jazm\u00edn Guti\u00e9rrez Salda\u00f1a, quien ha enfrentado esta enfermedad por m\u00e1s de una d\u00e9cada, comparti\u00f3 su experiencia.<\/p>\n<p style=\"text-align: justify;\">\u00abYo soy paciente renal, ya tengo 14 a\u00f1os y estoy en la espera de un ri\u00f1\u00f3n, yo ya fui trasplantada, perd\u00ed mi injerto, quiero otro segundo trasplante, estoy desde la pandemia y no est\u00e1 abierto el hospital. Nos dicen que lo van a abrir y nada, incluso nos lleg\u00f3 una hoja de Palacio de Gobierno y nos dijeron que en noviembre del a\u00f1o pasado y hasta hoy en d\u00eda seguimos esperando. Ya somos muchos, entonces, estamos desesperados, estamos cansados de tantas promesas y nada que cumplen\u00bb, dijo.<\/p>\n<p style=\"text-align: justify;\">La paciente destac\u00f3 que la situaci\u00f3n es especialmente cr\u00edtica para los m\u00e1s peque\u00f1os:<\/p>\n<p style=\"text-align: justify;\">\u00abEs una necesidad que nosotros tenemos, hay muchos compa\u00f1eros j\u00f3venes, incluso internada una ni\u00f1a que tiene 4 a\u00f1os. Lo hacemos por todos, pero principalmente queremos que los ni\u00f1os sean por delante\u00bb, agreg\u00f3.<\/p>\n<p style=\"text-align: justify;\">Tambi\u00e9n mencion\u00f3 las dificultades econ\u00f3micas a las que se enfrentan por la falta de medicamentos en el mismo hospital.<\/p>\n<p style=\"text-align: justify;\">\u00abPues la verdad bastante, porque nos ayudan con medicamento en el hospital, pero \u00faltimamente ya dicen que no hay insumos&#8230; Pastillas para el coraz\u00f3n, que para el az\u00facar, que para la presi\u00f3n&#8230;\u00bb, se\u00f1al\u00f3.<\/p>\n<p style=\"text-align: justify;\">El testimonio de Rosaura Ram\u00edrez Otero, madre de Heidi Escobedo Ram\u00edrez, una ni\u00f1a de 9 a\u00f1os con insuficiencia renal cr\u00f3nica, tambi\u00e9n refleja la carga emocional y econ\u00f3mica que enfrentan las familias.<\/p>\n<p style=\"text-align: justify;\">\u00abLo que queremos es para un trasplante porque pues ella desde su enfermedad, ha estado muy triste y en depresi\u00f3n y lo \u00fanico que pide es un ri\u00f1\u00f3n. Est\u00e1 en la lista de los trasplantes, pero pues est\u00e1 muy larga y esperemos que sea una de las que llegara a tocar si es que llegara a ver ri\u00f1ones disponibles\u00bb, expuso.<\/p>\n<p style=\"text-align: justify;\">La madre relat\u00f3 que el padecimiento ha impactado la vida escolar y social de su hija.<\/p>\n<p style=\"text-align: justify;\">\u00abSomos de San Lorenzo Villa de Reyes, la ni\u00f1a tiene un a\u00f1o y un mes con la enfermedad&#8230; Lo que pasa es que ella no ha podido ir bien a la escuela por lo mismo de que hemos estado m\u00e1s tiempo en el hospital, infecciones de los cat\u00e9ter, cambio de cat\u00e9ter y la nefr\u00f3loga lo \u00fanico que dice es que si son cat\u00e9teres es m\u00e1s posibilidad de que se compliquen las cosas\u00bb, expres\u00f3.<\/p>\n<p style=\"text-align: justify;\">El costo del tratamiento es otro de los principales obst\u00e1culos.<\/p>\n<p style=\"text-align: justify;\">\u00abEs muy dif\u00edcil porque la enfermedad est\u00e1 muy cara, y pues ahorita y ahorita gracias a Dios hemos tenido la ayuda del bienestar en la cl\u00ednica Estatal de la hemodi\u00e1lisis, pero el a\u00f1o pasado pas\u00e1bamos mil 500 por hemodi\u00e1lisis, por cada sesi\u00f3n, heditoproyectina m\u00e1s aparte medicamentos.<\/p>\n<p style=\"text-align: justify;\">Las familias reiteraron el llamado a las autoridades sanitarias para que se concrete la licencia que permita al Hospital Central reactivar los trasplantes, pues consideran que la espera se ha vuelto insostenible.<\/p>\n<p style=\"text-align: justify;\">Se habla de alrededor de 200 pacientes de diferentes municipios del estado que se encuentran en la misma situaci\u00f3n, tambi\u00e9n de m\u00e1s de 10 personas que incluso han perdido la vida esperando un trasplante.<\/p>\n<p>Por: Jos\u00e9 Luis V\u00e1zquez<\/p>\n","protected":false},"excerpt":{"rendered":"<p>SLP.- Pacientes con insuficiencia renal y sus familias expresaron su inconformidad por la falta de trasplantes en el Hospital Central de San Luis Potos\u00ed. Mencionan que no ha habido avances en la autorizaci\u00f3n de la licencia que permitir\u00eda reanudar estos procedimientos. Se\u00f1alan que, pese a las promesas de que el tr\u00e1mite estar\u00eda concluido, la espera se prolonga y cada vez m\u00e1s personas ven afectada su salud. Arely Jazm\u00edn Guti\u00e9rrez Salda\u00f1a, quien ha enfrentado esta enfermedad por m\u00e1s de una d\u00e9cada, comparti\u00f3 su experiencia. \u00abYo soy paciente renal, ya tengo 14 a\u00f1os y estoy en la espera de un ri\u00f1\u00f3n, yo [&hellip;]<\/p>\n","protected":false},"author":2,"featured_media":180459,"comment_status":"closed","ping_status":"closed","sticky":false,"template":"","format":"video","meta":{"_monsterinsights_skip_tracking":false,"_monsterinsights_sitenote_active":false,"_monsterinsights_sitenote_note":"","_monsterinsights_sitenote_category":0,"footnotes":""},"categories":[5,45],"tags":[],"class_list":["post-180457","post","type-post","status-publish","format-video","has-post-thumbnail","hentry","category-destacadas","category-localesyregionales","post_format-post-format-video","post--single"],"yoast_head":"<!-- This site is optimized with the Yoast SEO plugin v27.5 - https:\/\/yoast.com\/product\/yoast-seo-wordpress\/ -->\n<title>Pacientes renales protestan por falta de trasplantes en el Hospital Central - Canal 7 SLP - 2025<\/title>\n<meta name=\"robots\" content=\"index, follow, max-snippet:-1, max-image-preview:large, max-video-preview:-1\" \/>\n<link rel=\"canonical\" href=\"https:\/\/canal7slp.tv\/2025\/pacientes-renales-protestan-por-falta-de-trasplantes-en-el-hospital-central\/\" \/>\n<meta property=\"og:locale\" content=\"es_ES\" \/>\n<meta property=\"og:type\" content=\"article\" \/>\n<meta property=\"og:title\" content=\"Pacientes renales protestan por falta de trasplantes en el Hospital Central - Canal 7 SLP - 2025\" \/>\n<meta property=\"og:description\" content=\"SLP.- Pacientes con insuficiencia renal y sus familias expresaron su inconformidad por la falta de trasplantes en el Hospital Central de San Luis Potos\u00ed. Mencionan que no ha habido avances en la autorizaci\u00f3n de la licencia que permitir\u00eda reanudar estos procedimientos. Se\u00f1alan que, pese a las promesas de que el tr\u00e1mite estar\u00eda concluido, la espera se prolonga y cada vez m\u00e1s personas ven afectada su salud. Arely Jazm\u00edn Guti\u00e9rrez Salda\u00f1a, quien ha enfrentado esta enfermedad por m\u00e1s de una d\u00e9cada, comparti\u00f3 su experiencia. \u00abYo soy paciente renal, ya tengo 14 a\u00f1os y estoy en la espera de un ri\u00f1\u00f3n, yo [&hellip;]\" \/>\n<meta property=\"og:url\" content=\"https:\/\/canal7slp.tv\/2025\/pacientes-renales-protestan-por-falta-de-trasplantes-en-el-hospital-central\/\" \/>\n<meta property=\"og:site_name\" content=\"Canal 7 SLP - 2025\" \/>\n<meta property=\"article:publisher\" content=\"https:\/\/www.facebook.com\/noticieroscanal7atencionciudadana\/\" \/>\n<meta property=\"article:published_time\" content=\"2025-09-26T23:23:59+00:00\" \/>\n<meta property=\"og:image\" content=\"https:\/\/canal7slp.tv\/2025\/wp-content\/uploads\/2025\/09\/Vazquez04Trasplantes.jpg\" \/>\n\t<meta property=\"og:image:width\" content=\"1280\" \/>\n\t<meta property=\"og:image:height\" content=\"720\" \/>\n\t<meta property=\"og:image:type\" content=\"image\/jpeg\" \/>\n<meta name=\"author\" content=\"Edici\u00f3n Web\" \/>\n<meta name=\"twitter:card\" content=\"summary_large_image\" \/>\n<meta name=\"twitter:creator\" content=\"@NOTICIEROS7\" \/>\n<meta name=\"twitter:site\" content=\"@NOTICIEROS7\" \/>\n<meta name=\"twitter:label1\" content=\"Escrito por\" \/>\n\t<meta name=\"twitter:data1\" content=\"Edici\u00f3n Web\" \/>\n\t<meta name=\"twitter:label2\" content=\"Tiempo de lectura\" \/>\n\t<meta name=\"twitter:data2\" content=\"3 minutos\" \/>\n<script type=\"application\/ld+json\" class=\"yoast-schema-graph\">{\"@context\":\"https:\\\/\\\/schema.org\",\"@graph\":[{\"@type\":\"Article\",\"@id\":\"https:\\\/\\\/canal7slp.tv\\\/2025\\\/pacientes-renales-protestan-por-falta-de-trasplantes-en-el-hospital-central\\\/#article\",\"isPartOf\":{\"@id\":\"https:\\\/\\\/canal7slp.tv\\\/2025\\\/pacientes-renales-protestan-por-falta-de-trasplantes-en-el-hospital-central\\\/\"},\"author\":{\"name\":\"Edici\u00f3n Web\",\"@id\":\"https:\\\/\\\/canal7slp.tv\\\/2025\\\/#\\\/schema\\\/person\\\/271e2b60a96e7cc9d9ac296f4d7e414b\"},\"headline\":\"Pacientes renales protestan por falta de trasplantes en el Hospital Central\",\"datePublished\":\"2025-09-26T23:23:59+00:00\",\"mainEntityOfPage\":{\"@id\":\"https:\\\/\\\/canal7slp.tv\\\/2025\\\/pacientes-renales-protestan-por-falta-de-trasplantes-en-el-hospital-central\\\/\"},\"wordCount\":640,\"publisher\":{\"@id\":\"https:\\\/\\\/canal7slp.tv\\\/2025\\\/#organization\"},\"image\":{\"@id\":\"https:\\\/\\\/canal7slp.tv\\\/2025\\\/pacientes-renales-protestan-por-falta-de-trasplantes-en-el-hospital-central\\\/#primaryimage\"},\"thumbnailUrl\":\"https:\\\/\\\/canal7slp.tv\\\/2025\\\/wp-content\\\/uploads\\\/2025\\\/09\\\/Vazquez04Trasplantes.jpg\",\"articleSection\":[\"DESTACADAS\",\"LOCALES Y REGIONALES\"],\"inLanguage\":\"es\"},{\"@type\":\"WebPage\",\"@id\":\"https:\\\/\\\/canal7slp.tv\\\/2025\\\/pacientes-renales-protestan-por-falta-de-trasplantes-en-el-hospital-central\\\/\",\"url\":\"https:\\\/\\\/canal7slp.tv\\\/2025\\\/pacientes-renales-protestan-por-falta-de-trasplantes-en-el-hospital-central\\\/\",\"name\":\"Pacientes renales protestan por falta de trasplantes en el Hospital Central - Canal 7 SLP - 2025\",\"isPartOf\":{\"@id\":\"https:\\\/\\\/canal7slp.tv\\\/2025\\\/#website\"},\"primaryImageOfPage\":{\"@id\":\"https:\\\/\\\/canal7slp.tv\\\/2025\\\/pacientes-renales-protestan-por-falta-de-trasplantes-en-el-hospital-central\\\/#primaryimage\"},\"image\":{\"@id\":\"https:\\\/\\\/canal7slp.tv\\\/2025\\\/pacientes-renales-protestan-por-falta-de-trasplantes-en-el-hospital-central\\\/#primaryimage\"},\"thumbnailUrl\":\"https:\\\/\\\/canal7slp.tv\\\/2025\\\/wp-content\\\/uploads\\\/2025\\\/09\\\/Vazquez04Trasplantes.jpg\",\"datePublished\":\"2025-09-26T23:23:59+00:00\",\"breadcrumb\":{\"@id\":\"https:\\\/\\\/canal7slp.tv\\\/2025\\\/pacientes-renales-protestan-por-falta-de-trasplantes-en-el-hospital-central\\\/#breadcrumb\"},\"inLanguage\":\"es\",\"potentialAction\":[{\"@type\":\"ReadAction\",\"target\":[\"https:\\\/\\\/canal7slp.tv\\\/2025\\\/pacientes-renales-protestan-por-falta-de-trasplantes-en-el-hospital-central\\\/\"]}]},{\"@type\":\"ImageObject\",\"inLanguage\":\"es\",\"@id\":\"https:\\\/\\\/canal7slp.tv\\\/2025\\\/pacientes-renales-protestan-por-falta-de-trasplantes-en-el-hospital-central\\\/#primaryimage\",\"url\":\"https:\\\/\\\/canal7slp.tv\\\/2025\\\/wp-content\\\/uploads\\\/2025\\\/09\\\/Vazquez04Trasplantes.jpg\",\"contentUrl\":\"https:\\\/\\\/canal7slp.tv\\\/2025\\\/wp-content\\\/uploads\\\/2025\\\/09\\\/Vazquez04Trasplantes.jpg\",\"width\":1280,\"height\":720},{\"@type\":\"BreadcrumbList\",\"@id\":\"https:\\\/\\\/canal7slp.tv\\\/2025\\\/pacientes-renales-protestan-por-falta-de-trasplantes-en-el-hospital-central\\\/#breadcrumb\",\"itemListElement\":[{\"@type\":\"ListItem\",\"position\":1,\"name\":\"Portada\",\"item\":\"https:\\\/\\\/canal7slp.tv\\\/2025\\\/\"},{\"@type\":\"ListItem\",\"position\":2,\"name\":\"Pacientes renales protestan por falta de trasplantes en el Hospital Central\"}]},{\"@type\":\"WebSite\",\"@id\":\"https:\\\/\\\/canal7slp.tv\\\/2025\\\/#website\",\"url\":\"https:\\\/\\\/canal7slp.tv\\\/2025\\\/\",\"name\":\"N7 - Noticieros Canal 7\",\"description\":\"Somos el Medio\",\"publisher\":{\"@id\":\"https:\\\/\\\/canal7slp.tv\\\/2025\\\/#organization\"},\"potentialAction\":[{\"@type\":\"SearchAction\",\"target\":{\"@type\":\"EntryPoint\",\"urlTemplate\":\"https:\\\/\\\/canal7slp.tv\\\/2025\\\/?s={search_term_string}\"},\"query-input\":{\"@type\":\"PropertyValueSpecification\",\"valueRequired\":true,\"valueName\":\"search_term_string\"}}],\"inLanguage\":\"es\"},{\"@type\":\"Organization\",\"@id\":\"https:\\\/\\\/canal7slp.tv\\\/2025\\\/#organization\",\"name\":\"Noticieros Canal 7\",\"url\":\"https:\\\/\\\/canal7slp.tv\\\/2025\\\/\",\"logo\":{\"@type\":\"ImageObject\",\"inLanguage\":\"es\",\"@id\":\"https:\\\/\\\/canal7slp.tv\\\/2025\\\/#\\\/schema\\\/logo\\\/image\\\/\",\"url\":\"https:\\\/\\\/canal7slp.tv\\\/2025\\\/wp-content\\\/uploads\\\/2021\\\/01\\\/logo-noticieros@2x.png\",\"contentUrl\":\"https:\\\/\\\/canal7slp.tv\\\/2025\\\/wp-content\\\/uploads\\\/2021\\\/01\\\/logo-noticieros@2x.png\",\"width\":1017,\"height\":268,\"caption\":\"Noticieros Canal 7\"},\"image\":{\"@id\":\"https:\\\/\\\/canal7slp.tv\\\/2025\\\/#\\\/schema\\\/logo\\\/image\\\/\"},\"sameAs\":[\"https:\\\/\\\/www.facebook.com\\\/noticieroscanal7atencionciudadana\\\/\",\"https:\\\/\\\/x.com\\\/NOTICIEROS7\",\"https:\\\/\\\/www.instagram.com\\\/canal7_slp\",\"https:\\\/\\\/www.youtube.com\\\/channel\\\/UCliiYs-gP3JfJeqdPrNdd5A\"]},{\"@type\":\"Person\",\"@id\":\"https:\\\/\\\/canal7slp.tv\\\/2025\\\/#\\\/schema\\\/person\\\/271e2b60a96e7cc9d9ac296f4d7e414b\",\"name\":\"Edici\u00f3n Web\",\"image\":{\"@type\":\"ImageObject\",\"inLanguage\":\"es\",\"@id\":\"https:\\\/\\\/secure.gravatar.com\\\/avatar\\\/eee448fc3f7164808013b816ba91ac7e43bbe82a70bebac296f8bc6f0addaa1a?s=96&d=mm&r=g\",\"url\":\"https:\\\/\\\/secure.gravatar.com\\\/avatar\\\/eee448fc3f7164808013b816ba91ac7e43bbe82a70bebac296f8bc6f0addaa1a?s=96&d=mm&r=g\",\"contentUrl\":\"https:\\\/\\\/secure.gravatar.com\\\/avatar\\\/eee448fc3f7164808013b816ba91ac7e43bbe82a70bebac296f8bc6f0addaa1a?s=96&d=mm&r=g\",\"caption\":\"Edici\u00f3n Web\"},\"url\":\"https:\\\/\\\/canal7slp.tv\\\/2025\\\/author\\\/edicionweb\\\/\"}]}<\/script>\n<!-- \/ Yoast SEO plugin. -->","yoast_head_json":{"title":"Pacientes renales protestan por falta de trasplantes en el Hospital Central - Canal 7 SLP - 2025","robots":{"index":"index","follow":"follow","max-snippet":"max-snippet:-1","max-image-preview":"max-image-preview:large","max-video-preview":"max-video-preview:-1"},"canonical":"https:\/\/canal7slp.tv\/2025\/pacientes-renales-protestan-por-falta-de-trasplantes-en-el-hospital-central\/","og_locale":"es_ES","og_type":"article","og_title":"Pacientes renales protestan por falta de trasplantes en el Hospital Central - Canal 7 SLP - 2025","og_description":"SLP.- Pacientes con insuficiencia renal y sus familias expresaron su inconformidad por la falta de trasplantes en el Hospital Central de San Luis Potos\u00ed. Mencionan que no ha habido avances en la autorizaci\u00f3n de la licencia que permitir\u00eda reanudar estos procedimientos. Se\u00f1alan que, pese a las promesas de que el tr\u00e1mite estar\u00eda concluido, la espera se prolonga y cada vez m\u00e1s personas ven afectada su salud. Arely Jazm\u00edn Guti\u00e9rrez Salda\u00f1a, quien ha enfrentado esta enfermedad por m\u00e1s de una d\u00e9cada, comparti\u00f3 su experiencia. \u00abYo soy paciente renal, ya tengo 14 a\u00f1os y estoy en la espera de un ri\u00f1\u00f3n, yo [&hellip;]","og_url":"https:\/\/canal7slp.tv\/2025\/pacientes-renales-protestan-por-falta-de-trasplantes-en-el-hospital-central\/","og_site_name":"Canal 7 SLP - 2025","article_publisher":"https:\/\/www.facebook.com\/noticieroscanal7atencionciudadana\/","article_published_time":"2025-09-26T23:23:59+00:00","og_image":[{"width":1280,"height":720,"url":"https:\/\/canal7slp.tv\/2025\/wp-content\/uploads\/2025\/09\/Vazquez04Trasplantes.jpg","type":"image\/jpeg"}],"author":"Edici\u00f3n Web","twitter_card":"summary_large_image","twitter_creator":"@NOTICIEROS7","twitter_site":"@NOTICIEROS7","twitter_misc":{"Escrito por":"Edici\u00f3n Web","Tiempo de lectura":"3 minutos"},"schema":{"@context":"https:\/\/schema.org","@graph":[{"@type":"Article","@id":"https:\/\/canal7slp.tv\/2025\/pacientes-renales-protestan-por-falta-de-trasplantes-en-el-hospital-central\/#article","isPartOf":{"@id":"https:\/\/canal7slp.tv\/2025\/pacientes-renales-protestan-por-falta-de-trasplantes-en-el-hospital-central\/"},"author":{"name":"Edici\u00f3n Web","@id":"https:\/\/canal7slp.tv\/2025\/#\/schema\/person\/271e2b60a96e7cc9d9ac296f4d7e414b"},"headline":"Pacientes renales protestan por falta de trasplantes en el Hospital Central","datePublished":"2025-09-26T23:23:59+00:00","mainEntityOfPage":{"@id":"https:\/\/canal7slp.tv\/2025\/pacientes-renales-protestan-por-falta-de-trasplantes-en-el-hospital-central\/"},"wordCount":640,"publisher":{"@id":"https:\/\/canal7slp.tv\/2025\/#organization"},"image":{"@id":"https:\/\/canal7slp.tv\/2025\/pacientes-renales-protestan-por-falta-de-trasplantes-en-el-hospital-central\/#primaryimage"},"thumbnailUrl":"https:\/\/canal7slp.tv\/2025\/wp-content\/uploads\/2025\/09\/Vazquez04Trasplantes.jpg","articleSection":["DESTACADAS","LOCALES Y REGIONALES"],"inLanguage":"es"},{"@type":"WebPage","@id":"https:\/\/canal7slp.tv\/2025\/pacientes-renales-protestan-por-falta-de-trasplantes-en-el-hospital-central\/","url":"https:\/\/canal7slp.tv\/2025\/pacientes-renales-protestan-por-falta-de-trasplantes-en-el-hospital-central\/","name":"Pacientes renales protestan por falta de trasplantes en el Hospital Central - Canal 7 SLP - 2025","isPartOf":{"@id":"https:\/\/canal7slp.tv\/2025\/#website"},"primaryImageOfPage":{"@id":"https:\/\/canal7slp.tv\/2025\/pacientes-renales-protestan-por-falta-de-trasplantes-en-el-hospital-central\/#primaryimage"},"image":{"@id":"https:\/\/canal7slp.tv\/2025\/pacientes-renales-protestan-por-falta-de-trasplantes-en-el-hospital-central\/#primaryimage"},"thumbnailUrl":"https:\/\/canal7slp.tv\/2025\/wp-content\/uploads\/2025\/09\/Vazquez04Trasplantes.jpg","datePublished":"2025-09-26T23:23:59+00:00","breadcrumb":{"@id":"https:\/\/canal7slp.tv\/2025\/pacientes-renales-protestan-por-falta-de-trasplantes-en-el-hospital-central\/#breadcrumb"},"inLanguage":"es","potentialAction":[{"@type":"ReadAction","target":["https:\/\/canal7slp.tv\/2025\/pacientes-renales-protestan-por-falta-de-trasplantes-en-el-hospital-central\/"]}]},{"@type":"ImageObject","inLanguage":"es","@id":"https:\/\/canal7slp.tv\/2025\/pacientes-renales-protestan-por-falta-de-trasplantes-en-el-hospital-central\/#primaryimage","url":"https:\/\/canal7slp.tv\/2025\/wp-content\/uploads\/2025\/09\/Vazquez04Trasplantes.jpg","contentUrl":"https:\/\/canal7slp.tv\/2025\/wp-content\/uploads\/2025\/09\/Vazquez04Trasplantes.jpg","width":1280,"height":720},{"@type":"BreadcrumbList","@id":"https:\/\/canal7slp.tv\/2025\/pacientes-renales-protestan-por-falta-de-trasplantes-en-el-hospital-central\/#breadcrumb","itemListElement":[{"@type":"ListItem","position":1,"name":"Portada","item":"https:\/\/canal7slp.tv\/2025\/"},{"@type":"ListItem","position":2,"name":"Pacientes renales protestan por falta de trasplantes en el Hospital Central"}]},{"@type":"WebSite","@id":"https:\/\/canal7slp.tv\/2025\/#website","url":"https:\/\/canal7slp.tv\/2025\/","name":"N7 - Noticieros Canal 7","description":"Somos el Medio","publisher":{"@id":"https:\/\/canal7slp.tv\/2025\/#organization"},"potentialAction":[{"@type":"SearchAction","target":{"@type":"EntryPoint","urlTemplate":"https:\/\/canal7slp.tv\/2025\/?s={search_term_string}"},"query-input":{"@type":"PropertyValueSpecification","valueRequired":true,"valueName":"search_term_string"}}],"inLanguage":"es"},{"@type":"Organization","@id":"https:\/\/canal7slp.tv\/2025\/#organization","name":"Noticieros Canal 7","url":"https:\/\/canal7slp.tv\/2025\/","logo":{"@type":"ImageObject","inLanguage":"es","@id":"https:\/\/canal7slp.tv\/2025\/#\/schema\/logo\/image\/","url":"https:\/\/canal7slp.tv\/2025\/wp-content\/uploads\/2021\/01\/logo-noticieros@2x.png","contentUrl":"https:\/\/canal7slp.tv\/2025\/wp-content\/uploads\/2021\/01\/logo-noticieros@2x.png","width":1017,"height":268,"caption":"Noticieros Canal 7"},"image":{"@id":"https:\/\/canal7slp.tv\/2025\/#\/schema\/logo\/image\/"},"sameAs":["https:\/\/www.facebook.com\/noticieroscanal7atencionciudadana\/","https:\/\/x.com\/NOTICIEROS7","https:\/\/www.instagram.com\/canal7_slp","https:\/\/www.youtube.com\/channel\/UCliiYs-gP3JfJeqdPrNdd5A"]},{"@type":"Person","@id":"https:\/\/canal7slp.tv\/2025\/#\/schema\/person\/271e2b60a96e7cc9d9ac296f4d7e414b","name":"Edici\u00f3n Web","image":{"@type":"ImageObject","inLanguage":"es","@id":"https:\/\/secure.gravatar.com\/avatar\/eee448fc3f7164808013b816ba91ac7e43bbe82a70bebac296f8bc6f0addaa1a?s=96&d=mm&r=g","url":"https:\/\/secure.gravatar.com\/avatar\/eee448fc3f7164808013b816ba91ac7e43bbe82a70bebac296f8bc6f0addaa1a?s=96&d=mm&r=g","contentUrl":"https:\/\/secure.gravatar.com\/avatar\/eee448fc3f7164808013b816ba91ac7e43bbe82a70bebac296f8bc6f0addaa1a?s=96&d=mm&r=g","caption":"Edici\u00f3n Web"},"url":"https:\/\/canal7slp.tv\/2025\/author\/edicionweb\/"}]}},"_links":{"self":[{"href":"https:\/\/canal7slp.tv\/2025\/wp-json\/wp\/v2\/posts\/180457","targetHints":{"allow":["GET"]}}],"collection":[{"href":"https:\/\/canal7slp.tv\/2025\/wp-json\/wp\/v2\/posts"}],"about":[{"href":"https:\/\/canal7slp.tv\/2025\/wp-json\/wp\/v2\/types\/post"}],"author":[{"embeddable":true,"href":"https:\/\/canal7slp.tv\/2025\/wp-json\/wp\/v2\/users\/2"}],"replies":[{"embeddable":true,"href":"https:\/\/canal7slp.tv\/2025\/wp-json\/wp\/v2\/comments?post=180457"}],"version-history":[{"count":1,"href":"https:\/\/canal7slp.tv\/2025\/wp-json\/wp\/v2\/posts\/180457\/revisions"}],"predecessor-version":[{"id":180460,"href":"https:\/\/canal7slp.tv\/2025\/wp-json\/wp\/v2\/posts\/180457\/revisions\/180460"}],"wp:featuredmedia":[{"embeddable":true,"href":"https:\/\/canal7slp.tv\/2025\/wp-json\/wp\/v2\/media\/180459"}],"wp:attachment":[{"href":"https:\/\/canal7slp.tv\/2025\/wp-json\/wp\/v2\/media?parent=180457"}],"wp:term":[{"taxonomy":"category","embeddable":true,"href":"https:\/\/canal7slp.tv\/2025\/wp-json\/wp\/v2\/categories?post=180457"},{"taxonomy":"post_tag","embeddable":true,"href":"https:\/\/canal7slp.tv\/2025\/wp-json\/wp\/v2\/tags?post=180457"}],"curies":[{"name":"wp","href":"https:\/\/api.w.org\/{rel}","templated":true}]}}