{"id":180449,"date":"2025-09-26T16:52:45","date_gmt":"2025-09-26T22:52:45","guid":{"rendered":"https:\/\/canal7slp.tv\/2025\/?p=180449"},"modified":"2025-09-26T16:52:45","modified_gmt":"2025-09-26T22:52:45","slug":"programa-san-luis-en-bici-continuara-con-nueva-convocatoria","status":"publish","type":"post","link":"https:\/\/canal7slp.tv\/2025\/programa-san-luis-en-bici-continuara-con-nueva-convocatoria\/","title":{"rendered":"Programa \u00abSan Luis en Bici\u00bb continuar\u00e1 con nueva convocatoria"},"content":{"rendered":"<p style=\"text-align: justify;\"><span style=\"font-size: 1.21429rem;\">SLP.- El Ayuntamiento de San Luis Potos\u00ed anunci\u00f3 una nueva convocatoria para el programa \u201cSan Luis en Bici\u201d, que se dar\u00e1 a conocer en los pr\u00f3ximos d\u00edas, con el objetivo de fomentar el uso de la bicicleta como medio de transporte en la ciudad.<\/span><\/p>\n<p style=\"text-align: justify;\">\u201cVamos a sacar una convocatoria adicional para el siguiente paquete de bicicletas, esta convocatoria lo que busca es que la bicicleta no solo sea para fines recreativos, sino que sea un medio de transporte para poder desplazar en la ciudad\u201d, reiter\u00f3 el secretario de Bienestar Municipal, Edmundo Torrescano.<\/p>\n<p style=\"text-align: justify;\">Se\u00f1al\u00f3 que con el programa se pondr\u00e1 especial \u00e9nfasis en j\u00f3venes de entre 15 y 25 a\u00f1os, aunque no ser\u00e1 un requisito exclusivo.<\/p>\n<p style=\"text-align: justify;\">De ese modo, el funcionario destac\u00f3 que el objetivo principal es impulsar un cambio en la cultura de movilidad.<\/p>\n<p style=\"text-align: justify;\">\u201cLo que buscamos sobre todo es cambiar el chip de c\u00f3mo utilizar la bicicleta y que apelamos a una generaci\u00f3n que empiece a funcionar bajo este tema de la bicicleta y de eso va un problema transversal donde podr\u00e1 a ver un cambio en el mecanismo de desplazamiento en la ciudad para que pueda hacer m\u00e1s funcional anda en bicicleta\u201d, coment\u00f3.<\/p>\n<p style=\"text-align: justify;\">La informaci\u00f3n sobre la convocatoria estar\u00e1 disponible en la p\u00e1gina de la Secretar\u00eda de Bienestar Municipal y en las redes oficiales del alcalde Enrique Galindo<\/p>\n<p style=\"text-align: justify;\">Record\u00f3 que el programa no solo contempla la entrega de bicicletas, sino tambi\u00e9n un proceso de capacitaci\u00f3n para garantizar la seguridad de las y los beneficiarios.<\/p>\n<p style=\"text-align: justify;\">\u201cEntonces entrega una bicicleta as\u00ed nada m\u00e1s, tiene un curso de capacitaci\u00f3n, se ense\u00f1a a andar en bicicleta entender c\u00f3mo funciona el reglamento, el manual ciclista y todo lo necesario para poder transitar adecuadamente y seguro\u201d, precis\u00f3.<\/p>\n<p style=\"text-align: justify;\">Continu\u00f3: \u201cEl programa est\u00e1 dise\u00f1ado para en esta primera etapa entregar mi bicicletas, ya se dimitieron 350 y estaremos atentos a sacarlas por bloques para que podamos llegar a la mayor poblaci\u00f3n posible\u201d.<\/p>\n<p>Por: Jos\u00e9 Luis V\u00e1zquez<\/p>\n","protected":false},"excerpt":{"rendered":"<p>SLP.- El Ayuntamiento de San Luis Potos\u00ed anunci\u00f3 una nueva convocatoria para el programa \u201cSan Luis en Bici\u201d, que se dar\u00e1 a conocer en los pr\u00f3ximos d\u00edas, con el objetivo de fomentar el uso de la bicicleta como medio de transporte en la ciudad. \u201cVamos a sacar una convocatoria adicional para el siguiente paquete de bicicletas, esta convocatoria lo que busca es que la bicicleta no solo sea para fines recreativos, sino que sea un medio de transporte para poder desplazar en la ciudad\u201d, reiter\u00f3 el secretario de Bienestar Municipal, Edmundo Torrescano. Se\u00f1al\u00f3 que con el programa se pondr\u00e1 especial [&hellip;]<\/p>\n","protected":false},"author":2,"featured_media":180451,"comment_status":"closed","ping_status":"closed","sticky":false,"template":"","format":"video","meta":{"_monsterinsights_skip_tracking":false,"_monsterinsights_sitenote_active":false,"_monsterinsights_sitenote_note":"","_monsterinsights_sitenote_category":0,"footnotes":""},"categories":[66,5,45],"tags":[],"class_list":["post-180449","post","type-post","status-publish","format-video","has-post-thumbnail","hentry","category-ayoslp","category-destacadas","category-localesyregionales","post_format-post-format-video","post--single"],"yoast_head":"<!-- This site is optimized with the Yoast SEO plugin v27.5 - https:\/\/yoast.com\/product\/yoast-seo-wordpress\/ -->\n<title>Programa &quot;San Luis en Bici&quot; continuar\u00e1 con nueva convocatoria - Canal 7 SLP - 2025<\/title>\n<meta name=\"robots\" content=\"index, follow, max-snippet:-1, max-image-preview:large, max-video-preview:-1\" \/>\n<link rel=\"canonical\" href=\"https:\/\/canal7slp.tv\/2025\/programa-san-luis-en-bici-continuara-con-nueva-convocatoria\/\" \/>\n<meta property=\"og:locale\" content=\"es_ES\" \/>\n<meta property=\"og:type\" content=\"article\" \/>\n<meta property=\"og:title\" content=\"Programa &quot;San Luis en Bici&quot; continuar\u00e1 con nueva convocatoria - Canal 7 SLP - 2025\" \/>\n<meta property=\"og:description\" content=\"SLP.- El Ayuntamiento de San Luis Potos\u00ed anunci\u00f3 una nueva convocatoria para el programa \u201cSan Luis en Bici\u201d, que se dar\u00e1 a conocer en los pr\u00f3ximos d\u00edas, con el objetivo de fomentar el uso de la bicicleta como medio de transporte en la ciudad. \u201cVamos a sacar una convocatoria adicional para el siguiente paquete de bicicletas, esta convocatoria lo que busca es que la bicicleta no solo sea para fines recreativos, sino que sea un medio de transporte para poder desplazar en la ciudad\u201d, reiter\u00f3 el secretario de Bienestar Municipal, Edmundo Torrescano. Se\u00f1al\u00f3 que con el programa se pondr\u00e1 especial [&hellip;]\" \/>\n<meta property=\"og:url\" content=\"https:\/\/canal7slp.tv\/2025\/programa-san-luis-en-bici-continuara-con-nueva-convocatoria\/\" \/>\n<meta property=\"og:site_name\" content=\"Canal 7 SLP - 2025\" \/>\n<meta property=\"article:publisher\" content=\"https:\/\/www.facebook.com\/noticieroscanal7atencionciudadana\/\" \/>\n<meta property=\"article:published_time\" content=\"2025-09-26T22:52:45+00:00\" \/>\n<meta property=\"og:image\" content=\"https:\/\/canal7slp.tv\/2025\/wp-content\/uploads\/2025\/09\/Vazquez02MasBici.jpg\" \/>\n\t<meta property=\"og:image:width\" content=\"1920\" \/>\n\t<meta property=\"og:image:height\" content=\"1080\" \/>\n\t<meta property=\"og:image:type\" content=\"image\/jpeg\" \/>\n<meta name=\"author\" content=\"Edici\u00f3n Web\" \/>\n<meta name=\"twitter:card\" content=\"summary_large_image\" \/>\n<meta name=\"twitter:creator\" content=\"@NOTICIEROS7\" \/>\n<meta name=\"twitter:site\" content=\"@NOTICIEROS7\" \/>\n<meta name=\"twitter:label1\" content=\"Escrito por\" \/>\n\t<meta name=\"twitter:data1\" content=\"Edici\u00f3n Web\" \/>\n\t<meta name=\"twitter:label2\" content=\"Tiempo de lectura\" \/>\n\t<meta name=\"twitter:data2\" content=\"2 minutos\" \/>\n<script type=\"application\/ld+json\" class=\"yoast-schema-graph\">{\"@context\":\"https:\\\/\\\/schema.org\",\"@graph\":[{\"@type\":\"Article\",\"@id\":\"https:\\\/\\\/canal7slp.tv\\\/2025\\\/programa-san-luis-en-bici-continuara-con-nueva-convocatoria\\\/#article\",\"isPartOf\":{\"@id\":\"https:\\\/\\\/canal7slp.tv\\\/2025\\\/programa-san-luis-en-bici-continuara-con-nueva-convocatoria\\\/\"},\"author\":{\"name\":\"Edici\u00f3n Web\",\"@id\":\"https:\\\/\\\/canal7slp.tv\\\/2025\\\/#\\\/schema\\\/person\\\/271e2b60a96e7cc9d9ac296f4d7e414b\"},\"headline\":\"Programa \u00abSan Luis en Bici\u00bb continuar\u00e1 con nueva convocatoria\",\"datePublished\":\"2025-09-26T22:52:45+00:00\",\"mainEntityOfPage\":{\"@id\":\"https:\\\/\\\/canal7slp.tv\\\/2025\\\/programa-san-luis-en-bici-continuara-con-nueva-convocatoria\\\/\"},\"wordCount\":347,\"publisher\":{\"@id\":\"https:\\\/\\\/canal7slp.tv\\\/2025\\\/#organization\"},\"image\":{\"@id\":\"https:\\\/\\\/canal7slp.tv\\\/2025\\\/programa-san-luis-en-bici-continuara-con-nueva-convocatoria\\\/#primaryimage\"},\"thumbnailUrl\":\"https:\\\/\\\/canal7slp.tv\\\/2025\\\/wp-content\\\/uploads\\\/2025\\\/09\\\/Vazquez02MasBici.jpg\",\"articleSection\":[\"AYOSLP\",\"DESTACADAS\",\"LOCALES Y REGIONALES\"],\"inLanguage\":\"es\"},{\"@type\":\"WebPage\",\"@id\":\"https:\\\/\\\/canal7slp.tv\\\/2025\\\/programa-san-luis-en-bici-continuara-con-nueva-convocatoria\\\/\",\"url\":\"https:\\\/\\\/canal7slp.tv\\\/2025\\\/programa-san-luis-en-bici-continuara-con-nueva-convocatoria\\\/\",\"name\":\"Programa \\\"San Luis en Bici\\\" continuar\u00e1 con nueva convocatoria - Canal 7 SLP - 2025\",\"isPartOf\":{\"@id\":\"https:\\\/\\\/canal7slp.tv\\\/2025\\\/#website\"},\"primaryImageOfPage\":{\"@id\":\"https:\\\/\\\/canal7slp.tv\\\/2025\\\/programa-san-luis-en-bici-continuara-con-nueva-convocatoria\\\/#primaryimage\"},\"image\":{\"@id\":\"https:\\\/\\\/canal7slp.tv\\\/2025\\\/programa-san-luis-en-bici-continuara-con-nueva-convocatoria\\\/#primaryimage\"},\"thumbnailUrl\":\"https:\\\/\\\/canal7slp.tv\\\/2025\\\/wp-content\\\/uploads\\\/2025\\\/09\\\/Vazquez02MasBici.jpg\",\"datePublished\":\"2025-09-26T22:52:45+00:00\",\"breadcrumb\":{\"@id\":\"https:\\\/\\\/canal7slp.tv\\\/2025\\\/programa-san-luis-en-bici-continuara-con-nueva-convocatoria\\\/#breadcrumb\"},\"inLanguage\":\"es\",\"potentialAction\":[{\"@type\":\"ReadAction\",\"target\":[\"https:\\\/\\\/canal7slp.tv\\\/2025\\\/programa-san-luis-en-bici-continuara-con-nueva-convocatoria\\\/\"]}]},{\"@type\":\"ImageObject\",\"inLanguage\":\"es\",\"@id\":\"https:\\\/\\\/canal7slp.tv\\\/2025\\\/programa-san-luis-en-bici-continuara-con-nueva-convocatoria\\\/#primaryimage\",\"url\":\"https:\\\/\\\/canal7slp.tv\\\/2025\\\/wp-content\\\/uploads\\\/2025\\\/09\\\/Vazquez02MasBici.jpg\",\"contentUrl\":\"https:\\\/\\\/canal7slp.tv\\\/2025\\\/wp-content\\\/uploads\\\/2025\\\/09\\\/Vazquez02MasBici.jpg\",\"width\":1920,\"height\":1080},{\"@type\":\"BreadcrumbList\",\"@id\":\"https:\\\/\\\/canal7slp.tv\\\/2025\\\/programa-san-luis-en-bici-continuara-con-nueva-convocatoria\\\/#breadcrumb\",\"itemListElement\":[{\"@type\":\"ListItem\",\"position\":1,\"name\":\"Portada\",\"item\":\"https:\\\/\\\/canal7slp.tv\\\/2025\\\/\"},{\"@type\":\"ListItem\",\"position\":2,\"name\":\"Programa \u00abSan Luis en Bici\u00bb continuar\u00e1 con nueva convocatoria\"}]},{\"@type\":\"WebSite\",\"@id\":\"https:\\\/\\\/canal7slp.tv\\\/2025\\\/#website\",\"url\":\"https:\\\/\\\/canal7slp.tv\\\/2025\\\/\",\"name\":\"N7 - Noticieros Canal 7\",\"description\":\"Somos el Medio\",\"publisher\":{\"@id\":\"https:\\\/\\\/canal7slp.tv\\\/2025\\\/#organization\"},\"potentialAction\":[{\"@type\":\"SearchAction\",\"target\":{\"@type\":\"EntryPoint\",\"urlTemplate\":\"https:\\\/\\\/canal7slp.tv\\\/2025\\\/?s={search_term_string}\"},\"query-input\":{\"@type\":\"PropertyValueSpecification\",\"valueRequired\":true,\"valueName\":\"search_term_string\"}}],\"inLanguage\":\"es\"},{\"@type\":\"Organization\",\"@id\":\"https:\\\/\\\/canal7slp.tv\\\/2025\\\/#organization\",\"name\":\"Noticieros Canal 7\",\"url\":\"https:\\\/\\\/canal7slp.tv\\\/2025\\\/\",\"logo\":{\"@type\":\"ImageObject\",\"inLanguage\":\"es\",\"@id\":\"https:\\\/\\\/canal7slp.tv\\\/2025\\\/#\\\/schema\\\/logo\\\/image\\\/\",\"url\":\"https:\\\/\\\/canal7slp.tv\\\/2025\\\/wp-content\\\/uploads\\\/2021\\\/01\\\/logo-noticieros@2x.png\",\"contentUrl\":\"https:\\\/\\\/canal7slp.tv\\\/2025\\\/wp-content\\\/uploads\\\/2021\\\/01\\\/logo-noticieros@2x.png\",\"width\":1017,\"height\":268,\"caption\":\"Noticieros Canal 7\"},\"image\":{\"@id\":\"https:\\\/\\\/canal7slp.tv\\\/2025\\\/#\\\/schema\\\/logo\\\/image\\\/\"},\"sameAs\":[\"https:\\\/\\\/www.facebook.com\\\/noticieroscanal7atencionciudadana\\\/\",\"https:\\\/\\\/x.com\\\/NOTICIEROS7\",\"https:\\\/\\\/www.instagram.com\\\/canal7_slp\",\"https:\\\/\\\/www.youtube.com\\\/channel\\\/UCliiYs-gP3JfJeqdPrNdd5A\"]},{\"@type\":\"Person\",\"@id\":\"https:\\\/\\\/canal7slp.tv\\\/2025\\\/#\\\/schema\\\/person\\\/271e2b60a96e7cc9d9ac296f4d7e414b\",\"name\":\"Edici\u00f3n Web\",\"image\":{\"@type\":\"ImageObject\",\"inLanguage\":\"es\",\"@id\":\"https:\\\/\\\/secure.gravatar.com\\\/avatar\\\/eee448fc3f7164808013b816ba91ac7e43bbe82a70bebac296f8bc6f0addaa1a?s=96&d=mm&r=g\",\"url\":\"https:\\\/\\\/secure.gravatar.com\\\/avatar\\\/eee448fc3f7164808013b816ba91ac7e43bbe82a70bebac296f8bc6f0addaa1a?s=96&d=mm&r=g\",\"contentUrl\":\"https:\\\/\\\/secure.gravatar.com\\\/avatar\\\/eee448fc3f7164808013b816ba91ac7e43bbe82a70bebac296f8bc6f0addaa1a?s=96&d=mm&r=g\",\"caption\":\"Edici\u00f3n Web\"},\"url\":\"https:\\\/\\\/canal7slp.tv\\\/2025\\\/author\\\/edicionweb\\\/\"}]}<\/script>\n<!-- \/ Yoast SEO plugin. -->","yoast_head_json":{"title":"Programa \"San Luis en Bici\" continuar\u00e1 con nueva convocatoria - Canal 7 SLP - 2025","robots":{"index":"index","follow":"follow","max-snippet":"max-snippet:-1","max-image-preview":"max-image-preview:large","max-video-preview":"max-video-preview:-1"},"canonical":"https:\/\/canal7slp.tv\/2025\/programa-san-luis-en-bici-continuara-con-nueva-convocatoria\/","og_locale":"es_ES","og_type":"article","og_title":"Programa \"San Luis en Bici\" continuar\u00e1 con nueva convocatoria - Canal 7 SLP - 2025","og_description":"SLP.- El Ayuntamiento de San Luis Potos\u00ed anunci\u00f3 una nueva convocatoria para el programa \u201cSan Luis en Bici\u201d, que se dar\u00e1 a conocer en los pr\u00f3ximos d\u00edas, con el objetivo de fomentar el uso de la bicicleta como medio de transporte en la ciudad. \u201cVamos a sacar una convocatoria adicional para el siguiente paquete de bicicletas, esta convocatoria lo que busca es que la bicicleta no solo sea para fines recreativos, sino que sea un medio de transporte para poder desplazar en la ciudad\u201d, reiter\u00f3 el secretario de Bienestar Municipal, Edmundo Torrescano. Se\u00f1al\u00f3 que con el programa se pondr\u00e1 especial [&hellip;]","og_url":"https:\/\/canal7slp.tv\/2025\/programa-san-luis-en-bici-continuara-con-nueva-convocatoria\/","og_site_name":"Canal 7 SLP - 2025","article_publisher":"https:\/\/www.facebook.com\/noticieroscanal7atencionciudadana\/","article_published_time":"2025-09-26T22:52:45+00:00","og_image":[{"width":1920,"height":1080,"url":"https:\/\/canal7slp.tv\/2025\/wp-content\/uploads\/2025\/09\/Vazquez02MasBici.jpg","type":"image\/jpeg"}],"author":"Edici\u00f3n Web","twitter_card":"summary_large_image","twitter_creator":"@NOTICIEROS7","twitter_site":"@NOTICIEROS7","twitter_misc":{"Escrito por":"Edici\u00f3n Web","Tiempo de lectura":"2 minutos"},"schema":{"@context":"https:\/\/schema.org","@graph":[{"@type":"Article","@id":"https:\/\/canal7slp.tv\/2025\/programa-san-luis-en-bici-continuara-con-nueva-convocatoria\/#article","isPartOf":{"@id":"https:\/\/canal7slp.tv\/2025\/programa-san-luis-en-bici-continuara-con-nueva-convocatoria\/"},"author":{"name":"Edici\u00f3n Web","@id":"https:\/\/canal7slp.tv\/2025\/#\/schema\/person\/271e2b60a96e7cc9d9ac296f4d7e414b"},"headline":"Programa \u00abSan Luis en Bici\u00bb continuar\u00e1 con nueva convocatoria","datePublished":"2025-09-26T22:52:45+00:00","mainEntityOfPage":{"@id":"https:\/\/canal7slp.tv\/2025\/programa-san-luis-en-bici-continuara-con-nueva-convocatoria\/"},"wordCount":347,"publisher":{"@id":"https:\/\/canal7slp.tv\/2025\/#organization"},"image":{"@id":"https:\/\/canal7slp.tv\/2025\/programa-san-luis-en-bici-continuara-con-nueva-convocatoria\/#primaryimage"},"thumbnailUrl":"https:\/\/canal7slp.tv\/2025\/wp-content\/uploads\/2025\/09\/Vazquez02MasBici.jpg","articleSection":["AYOSLP","DESTACADAS","LOCALES Y REGIONALES"],"inLanguage":"es"},{"@type":"WebPage","@id":"https:\/\/canal7slp.tv\/2025\/programa-san-luis-en-bici-continuara-con-nueva-convocatoria\/","url":"https:\/\/canal7slp.tv\/2025\/programa-san-luis-en-bici-continuara-con-nueva-convocatoria\/","name":"Programa \"San Luis en Bici\" continuar\u00e1 con nueva convocatoria - Canal 7 SLP - 2025","isPartOf":{"@id":"https:\/\/canal7slp.tv\/2025\/#website"},"primaryImageOfPage":{"@id":"https:\/\/canal7slp.tv\/2025\/programa-san-luis-en-bici-continuara-con-nueva-convocatoria\/#primaryimage"},"image":{"@id":"https:\/\/canal7slp.tv\/2025\/programa-san-luis-en-bici-continuara-con-nueva-convocatoria\/#primaryimage"},"thumbnailUrl":"https:\/\/canal7slp.tv\/2025\/wp-content\/uploads\/2025\/09\/Vazquez02MasBici.jpg","datePublished":"2025-09-26T22:52:45+00:00","breadcrumb":{"@id":"https:\/\/canal7slp.tv\/2025\/programa-san-luis-en-bici-continuara-con-nueva-convocatoria\/#breadcrumb"},"inLanguage":"es","potentialAction":[{"@type":"ReadAction","target":["https:\/\/canal7slp.tv\/2025\/programa-san-luis-en-bici-continuara-con-nueva-convocatoria\/"]}]},{"@type":"ImageObject","inLanguage":"es","@id":"https:\/\/canal7slp.tv\/2025\/programa-san-luis-en-bici-continuara-con-nueva-convocatoria\/#primaryimage","url":"https:\/\/canal7slp.tv\/2025\/wp-content\/uploads\/2025\/09\/Vazquez02MasBici.jpg","contentUrl":"https:\/\/canal7slp.tv\/2025\/wp-content\/uploads\/2025\/09\/Vazquez02MasBici.jpg","width":1920,"height":1080},{"@type":"BreadcrumbList","@id":"https:\/\/canal7slp.tv\/2025\/programa-san-luis-en-bici-continuara-con-nueva-convocatoria\/#breadcrumb","itemListElement":[{"@type":"ListItem","position":1,"name":"Portada","item":"https:\/\/canal7slp.tv\/2025\/"},{"@type":"ListItem","position":2,"name":"Programa \u00abSan Luis en Bici\u00bb continuar\u00e1 con nueva convocatoria"}]},{"@type":"WebSite","@id":"https:\/\/canal7slp.tv\/2025\/#website","url":"https:\/\/canal7slp.tv\/2025\/","name":"N7 - Noticieros Canal 7","description":"Somos el Medio","publisher":{"@id":"https:\/\/canal7slp.tv\/2025\/#organization"},"potentialAction":[{"@type":"SearchAction","target":{"@type":"EntryPoint","urlTemplate":"https:\/\/canal7slp.tv\/2025\/?s={search_term_string}"},"query-input":{"@type":"PropertyValueSpecification","valueRequired":true,"valueName":"search_term_string"}}],"inLanguage":"es"},{"@type":"Organization","@id":"https:\/\/canal7slp.tv\/2025\/#organization","name":"Noticieros Canal 7","url":"https:\/\/canal7slp.tv\/2025\/","logo":{"@type":"ImageObject","inLanguage":"es","@id":"https:\/\/canal7slp.tv\/2025\/#\/schema\/logo\/image\/","url":"https:\/\/canal7slp.tv\/2025\/wp-content\/uploads\/2021\/01\/logo-noticieros@2x.png","contentUrl":"https:\/\/canal7slp.tv\/2025\/wp-content\/uploads\/2021\/01\/logo-noticieros@2x.png","width":1017,"height":268,"caption":"Noticieros Canal 7"},"image":{"@id":"https:\/\/canal7slp.tv\/2025\/#\/schema\/logo\/image\/"},"sameAs":["https:\/\/www.facebook.com\/noticieroscanal7atencionciudadana\/","https:\/\/x.com\/NOTICIEROS7","https:\/\/www.instagram.com\/canal7_slp","https:\/\/www.youtube.com\/channel\/UCliiYs-gP3JfJeqdPrNdd5A"]},{"@type":"Person","@id":"https:\/\/canal7slp.tv\/2025\/#\/schema\/person\/271e2b60a96e7cc9d9ac296f4d7e414b","name":"Edici\u00f3n Web","image":{"@type":"ImageObject","inLanguage":"es","@id":"https:\/\/secure.gravatar.com\/avatar\/eee448fc3f7164808013b816ba91ac7e43bbe82a70bebac296f8bc6f0addaa1a?s=96&d=mm&r=g","url":"https:\/\/secure.gravatar.com\/avatar\/eee448fc3f7164808013b816ba91ac7e43bbe82a70bebac296f8bc6f0addaa1a?s=96&d=mm&r=g","contentUrl":"https:\/\/secure.gravatar.com\/avatar\/eee448fc3f7164808013b816ba91ac7e43bbe82a70bebac296f8bc6f0addaa1a?s=96&d=mm&r=g","caption":"Edici\u00f3n Web"},"url":"https:\/\/canal7slp.tv\/2025\/author\/edicionweb\/"}]}},"_links":{"self":[{"href":"https:\/\/canal7slp.tv\/2025\/wp-json\/wp\/v2\/posts\/180449","targetHints":{"allow":["GET"]}}],"collection":[{"href":"https:\/\/canal7slp.tv\/2025\/wp-json\/wp\/v2\/posts"}],"about":[{"href":"https:\/\/canal7slp.tv\/2025\/wp-json\/wp\/v2\/types\/post"}],"author":[{"embeddable":true,"href":"https:\/\/canal7slp.tv\/2025\/wp-json\/wp\/v2\/users\/2"}],"replies":[{"embeddable":true,"href":"https:\/\/canal7slp.tv\/2025\/wp-json\/wp\/v2\/comments?post=180449"}],"version-history":[{"count":1,"href":"https:\/\/canal7slp.tv\/2025\/wp-json\/wp\/v2\/posts\/180449\/revisions"}],"predecessor-version":[{"id":180452,"href":"https:\/\/canal7slp.tv\/2025\/wp-json\/wp\/v2\/posts\/180449\/revisions\/180452"}],"wp:featuredmedia":[{"embeddable":true,"href":"https:\/\/canal7slp.tv\/2025\/wp-json\/wp\/v2\/media\/180451"}],"wp:attachment":[{"href":"https:\/\/canal7slp.tv\/2025\/wp-json\/wp\/v2\/media?parent=180449"}],"wp:term":[{"taxonomy":"category","embeddable":true,"href":"https:\/\/canal7slp.tv\/2025\/wp-json\/wp\/v2\/categories?post=180449"},{"taxonomy":"post_tag","embeddable":true,"href":"https:\/\/canal7slp.tv\/2025\/wp-json\/wp\/v2\/tags?post=180449"}],"curies":[{"name":"wp","href":"https:\/\/api.w.org\/{rel}","templated":true}]}}