{"id":180442,"date":"2025-09-26T16:22:04","date_gmt":"2025-09-26T22:22:04","guid":{"rendered":"https:\/\/canal7slp.tv\/2025\/?p=180442"},"modified":"2025-12-09T19:55:10","modified_gmt":"2025-12-10T01:55:10","slug":"ante-la-asamblea-de-la-onu-netanyahu-declara-que-israel-debe-acabar-el-trabajo-en-gaza","status":"publish","type":"post","link":"https:\/\/canal7slp.tv\/2025\/ante-la-asamblea-de-la-onu-netanyahu-declara-que-israel-debe-acabar-el-trabajo-en-gaza\/","title":{"rendered":"Ante la Asamblea de la ONU, Netanyahu declara que Israel debe \u00abacabar el trabajo\u00bb en Gaza"},"content":{"rendered":"<p style=\"text-align: justify;\">Nueva York.- El primer ministro de Israel, Benjam\u00edn Netanyahu, afirm\u00f3 ante la Asamblea General de la ONU que su pa\u00eds debe \u00abacabar el trabajo\u00bb en la Franja de Gaza y expres\u00f3 su intenci\u00f3n de hacerlo \u00ablo antes posible\u00bb.<\/p>\n<p style=\"text-align: justify;\">Durante su intervenci\u00f3n, justific\u00f3 la ofensiva militar argumentando que los \u00faltimos remanentes de Ham\u00e1s se atrincheran en la ciudad de Gaza con la intenci\u00f3n de repetir ataques similares a los del 7 de octubre de 2023.<\/p>\n<p style=\"text-align: justify;\">Netanyahu mostr\u00f3 un mapa con las operaciones militares israel\u00edes en la regi\u00f3n, neg\u00f3 las acusaciones de genocidio investigadas por tribunales internacionales y rechaz\u00f3 la existencia de hambruna en Gaza.<\/p>\n<p style=\"text-align: justify;\">Tambi\u00e9n critic\u00f3 a los pa\u00edses que han reconocido recientemente al Estado de Palestina, calificando su postura como \u00abd\u00e9bil\u00bb y \u00abantisemita\u00bb, y asegur\u00f3 que Israel no permitir\u00e1 la creaci\u00f3n de un \u00abestado terrorista\u00bb.<\/p>\n<p style=\"text-align: justify;\">La delegaci\u00f3n israel\u00ed inform\u00f3 que el discurso fue transmitido mediante altavoces en la frontera de Gaza y enviado a tel\u00e9fonos m\u00f3viles dentro del territorio, aunque reportes period\u00edsticos indicaron que los habitantes no lo recibieron.<\/p>\n<p style=\"text-align: justify;\">Netanyahu finaliz\u00f3 con un mensaje dirigido a Ham\u00e1s, exigiendo la liberaci\u00f3n de los 48 rehenes que a\u00fan permanecen cautivos.<\/p>\n<p style=\"text-align: justify;\">Cabe se\u00f1alar, que durante su alocuci\u00f3n, representantes de varios pa\u00edses abandonaron el sal\u00f3n como muestra de desaprobaci\u00f3n.<\/p>\n","protected":false},"excerpt":{"rendered":"<p>Nueva York.- El primer ministro de Israel, Benjam\u00edn Netanyahu, afirm\u00f3 ante la Asamblea General de la ONU que su pa\u00eds debe \u00abacabar el trabajo\u00bb en la Franja de Gaza y expres\u00f3 su intenci\u00f3n de hacerlo \u00ablo antes posible\u00bb. Durante su intervenci\u00f3n, justific\u00f3 la ofensiva militar argumentando que los \u00faltimos remanentes de Ham\u00e1s se atrincheran en la ciudad de Gaza con la intenci\u00f3n de repetir ataques similares a los del 7 de octubre de 2023. Netanyahu mostr\u00f3 un mapa con las operaciones militares israel\u00edes en la regi\u00f3n, neg\u00f3 las acusaciones de genocidio investigadas por tribunales internacionales y rechaz\u00f3 la existencia de [&hellip;]<\/p>\n","protected":false},"author":2,"featured_media":180443,"comment_status":"closed","ping_status":"closed","sticky":false,"template":"","format":"standard","meta":{"_monsterinsights_skip_tracking":false,"_monsterinsights_sitenote_active":false,"_monsterinsights_sitenote_note":"","_monsterinsights_sitenote_category":0,"footnotes":""},"categories":[44],"tags":[],"class_list":["post-180442","post","type-post","status-publish","format-standard","has-post-thumbnail","hentry","category-internacional","post--single"],"yoast_head":"<!-- This site is optimized with the Yoast SEO plugin v27.5 - https:\/\/yoast.com\/product\/yoast-seo-wordpress\/ -->\n<title>Ante la Asamblea de la ONU, Netanyahu declara que Israel debe &quot;acabar el trabajo&quot; en Gaza - Canal 7 SLP - 2025<\/title>\n<meta name=\"robots\" content=\"index, follow, max-snippet:-1, max-image-preview:large, max-video-preview:-1\" \/>\n<link rel=\"canonical\" href=\"https:\/\/canal7slp.tv\/2025\/ante-la-asamblea-de-la-onu-netanyahu-declara-que-israel-debe-acabar-el-trabajo-en-gaza\/\" \/>\n<meta property=\"og:locale\" content=\"es_ES\" \/>\n<meta property=\"og:type\" content=\"article\" \/>\n<meta property=\"og:title\" content=\"Ante la Asamblea de la ONU, Netanyahu declara que Israel debe &quot;acabar el trabajo&quot; en Gaza - Canal 7 SLP - 2025\" \/>\n<meta property=\"og:description\" content=\"Nueva York.- El primer ministro de Israel, Benjam\u00edn Netanyahu, afirm\u00f3 ante la Asamblea General de la ONU que su pa\u00eds debe \u00abacabar el trabajo\u00bb en la Franja de Gaza y expres\u00f3 su intenci\u00f3n de hacerlo \u00ablo antes posible\u00bb. Durante su intervenci\u00f3n, justific\u00f3 la ofensiva militar argumentando que los \u00faltimos remanentes de Ham\u00e1s se atrincheran en la ciudad de Gaza con la intenci\u00f3n de repetir ataques similares a los del 7 de octubre de 2023. Netanyahu mostr\u00f3 un mapa con las operaciones militares israel\u00edes en la regi\u00f3n, neg\u00f3 las acusaciones de genocidio investigadas por tribunales internacionales y rechaz\u00f3 la existencia de [&hellip;]\" \/>\n<meta property=\"og:url\" content=\"https:\/\/canal7slp.tv\/2025\/ante-la-asamblea-de-la-onu-netanyahu-declara-que-israel-debe-acabar-el-trabajo-en-gaza\/\" \/>\n<meta property=\"og:site_name\" content=\"Canal 7 SLP - 2025\" \/>\n<meta property=\"article:publisher\" content=\"https:\/\/www.facebook.com\/noticieroscanal7atencionciudadana\/\" \/>\n<meta property=\"article:published_time\" content=\"2025-09-26T22:22:04+00:00\" \/>\n<meta property=\"article:modified_time\" content=\"2025-12-10T01:55:10+00:00\" \/>\n<meta property=\"og:image\" content=\"https:\/\/canal7slp.tv\/2025\/wp-content\/uploads\/2025\/09\/10-24.jpg\" \/>\n\t<meta property=\"og:image:width\" content=\"888\" \/>\n\t<meta property=\"og:image:height\" content=\"500\" \/>\n\t<meta property=\"og:image:type\" content=\"image\/jpeg\" \/>\n<meta name=\"author\" content=\"Edici\u00f3n Web\" \/>\n<meta name=\"twitter:card\" content=\"summary_large_image\" \/>\n<meta name=\"twitter:creator\" content=\"@NOTICIEROS7\" \/>\n<meta name=\"twitter:site\" content=\"@NOTICIEROS7\" \/>\n<meta name=\"twitter:label1\" content=\"Escrito por\" \/>\n\t<meta name=\"twitter:data1\" content=\"Edici\u00f3n Web\" \/>\n\t<meta name=\"twitter:label2\" content=\"Tiempo de lectura\" \/>\n\t<meta name=\"twitter:data2\" content=\"2 minutos\" \/>\n<script type=\"application\/ld+json\" class=\"yoast-schema-graph\">{\"@context\":\"https:\\\/\\\/schema.org\",\"@graph\":[{\"@type\":\"Article\",\"@id\":\"https:\\\/\\\/canal7slp.tv\\\/2025\\\/ante-la-asamblea-de-la-onu-netanyahu-declara-que-israel-debe-acabar-el-trabajo-en-gaza\\\/#article\",\"isPartOf\":{\"@id\":\"https:\\\/\\\/canal7slp.tv\\\/2025\\\/ante-la-asamblea-de-la-onu-netanyahu-declara-que-israel-debe-acabar-el-trabajo-en-gaza\\\/\"},\"author\":{\"name\":\"Edici\u00f3n Web\",\"@id\":\"https:\\\/\\\/canal7slp.tv\\\/2025\\\/#\\\/schema\\\/person\\\/271e2b60a96e7cc9d9ac296f4d7e414b\"},\"headline\":\"Ante la Asamblea de la ONU, Netanyahu declara que Israel debe \u00abacabar el trabajo\u00bb en Gaza\",\"datePublished\":\"2025-09-26T22:22:04+00:00\",\"dateModified\":\"2025-12-10T01:55:10+00:00\",\"mainEntityOfPage\":{\"@id\":\"https:\\\/\\\/canal7slp.tv\\\/2025\\\/ante-la-asamblea-de-la-onu-netanyahu-declara-que-israel-debe-acabar-el-trabajo-en-gaza\\\/\"},\"wordCount\":243,\"publisher\":{\"@id\":\"https:\\\/\\\/canal7slp.tv\\\/2025\\\/#organization\"},\"image\":{\"@id\":\"https:\\\/\\\/canal7slp.tv\\\/2025\\\/ante-la-asamblea-de-la-onu-netanyahu-declara-que-israel-debe-acabar-el-trabajo-en-gaza\\\/#primaryimage\"},\"thumbnailUrl\":\"https:\\\/\\\/canal7slp.tv\\\/2025\\\/wp-content\\\/uploads\\\/2025\\\/09\\\/10-24.jpg\",\"articleSection\":[\"INTERNACIONALES\"],\"inLanguage\":\"es\"},{\"@type\":\"WebPage\",\"@id\":\"https:\\\/\\\/canal7slp.tv\\\/2025\\\/ante-la-asamblea-de-la-onu-netanyahu-declara-que-israel-debe-acabar-el-trabajo-en-gaza\\\/\",\"url\":\"https:\\\/\\\/canal7slp.tv\\\/2025\\\/ante-la-asamblea-de-la-onu-netanyahu-declara-que-israel-debe-acabar-el-trabajo-en-gaza\\\/\",\"name\":\"Ante la Asamblea de la ONU, Netanyahu declara que Israel debe \\\"acabar el trabajo\\\" en Gaza - Canal 7 SLP - 2025\",\"isPartOf\":{\"@id\":\"https:\\\/\\\/canal7slp.tv\\\/2025\\\/#website\"},\"primaryImageOfPage\":{\"@id\":\"https:\\\/\\\/canal7slp.tv\\\/2025\\\/ante-la-asamblea-de-la-onu-netanyahu-declara-que-israel-debe-acabar-el-trabajo-en-gaza\\\/#primaryimage\"},\"image\":{\"@id\":\"https:\\\/\\\/canal7slp.tv\\\/2025\\\/ante-la-asamblea-de-la-onu-netanyahu-declara-que-israel-debe-acabar-el-trabajo-en-gaza\\\/#primaryimage\"},\"thumbnailUrl\":\"https:\\\/\\\/canal7slp.tv\\\/2025\\\/wp-content\\\/uploads\\\/2025\\\/09\\\/10-24.jpg\",\"datePublished\":\"2025-09-26T22:22:04+00:00\",\"dateModified\":\"2025-12-10T01:55:10+00:00\",\"breadcrumb\":{\"@id\":\"https:\\\/\\\/canal7slp.tv\\\/2025\\\/ante-la-asamblea-de-la-onu-netanyahu-declara-que-israel-debe-acabar-el-trabajo-en-gaza\\\/#breadcrumb\"},\"inLanguage\":\"es\",\"potentialAction\":[{\"@type\":\"ReadAction\",\"target\":[\"https:\\\/\\\/canal7slp.tv\\\/2025\\\/ante-la-asamblea-de-la-onu-netanyahu-declara-que-israel-debe-acabar-el-trabajo-en-gaza\\\/\"]}]},{\"@type\":\"ImageObject\",\"inLanguage\":\"es\",\"@id\":\"https:\\\/\\\/canal7slp.tv\\\/2025\\\/ante-la-asamblea-de-la-onu-netanyahu-declara-que-israel-debe-acabar-el-trabajo-en-gaza\\\/#primaryimage\",\"url\":\"https:\\\/\\\/canal7slp.tv\\\/2025\\\/wp-content\\\/uploads\\\/2025\\\/09\\\/10-24.jpg\",\"contentUrl\":\"https:\\\/\\\/canal7slp.tv\\\/2025\\\/wp-content\\\/uploads\\\/2025\\\/09\\\/10-24.jpg\",\"width\":888,\"height\":500},{\"@type\":\"BreadcrumbList\",\"@id\":\"https:\\\/\\\/canal7slp.tv\\\/2025\\\/ante-la-asamblea-de-la-onu-netanyahu-declara-que-israel-debe-acabar-el-trabajo-en-gaza\\\/#breadcrumb\",\"itemListElement\":[{\"@type\":\"ListItem\",\"position\":1,\"name\":\"Portada\",\"item\":\"https:\\\/\\\/canal7slp.tv\\\/2025\\\/\"},{\"@type\":\"ListItem\",\"position\":2,\"name\":\"Ante la Asamblea de la ONU, Netanyahu declara que Israel debe \u00abacabar el trabajo\u00bb en Gaza\"}]},{\"@type\":\"WebSite\",\"@id\":\"https:\\\/\\\/canal7slp.tv\\\/2025\\\/#website\",\"url\":\"https:\\\/\\\/canal7slp.tv\\\/2025\\\/\",\"name\":\"N7 - Noticieros Canal 7\",\"description\":\"Somos el Medio\",\"publisher\":{\"@id\":\"https:\\\/\\\/canal7slp.tv\\\/2025\\\/#organization\"},\"potentialAction\":[{\"@type\":\"SearchAction\",\"target\":{\"@type\":\"EntryPoint\",\"urlTemplate\":\"https:\\\/\\\/canal7slp.tv\\\/2025\\\/?s={search_term_string}\"},\"query-input\":{\"@type\":\"PropertyValueSpecification\",\"valueRequired\":true,\"valueName\":\"search_term_string\"}}],\"inLanguage\":\"es\"},{\"@type\":\"Organization\",\"@id\":\"https:\\\/\\\/canal7slp.tv\\\/2025\\\/#organization\",\"name\":\"Noticieros Canal 7\",\"url\":\"https:\\\/\\\/canal7slp.tv\\\/2025\\\/\",\"logo\":{\"@type\":\"ImageObject\",\"inLanguage\":\"es\",\"@id\":\"https:\\\/\\\/canal7slp.tv\\\/2025\\\/#\\\/schema\\\/logo\\\/image\\\/\",\"url\":\"https:\\\/\\\/canal7slp.tv\\\/2025\\\/wp-content\\\/uploads\\\/2021\\\/01\\\/logo-noticieros@2x.png\",\"contentUrl\":\"https:\\\/\\\/canal7slp.tv\\\/2025\\\/wp-content\\\/uploads\\\/2021\\\/01\\\/logo-noticieros@2x.png\",\"width\":1017,\"height\":268,\"caption\":\"Noticieros Canal 7\"},\"image\":{\"@id\":\"https:\\\/\\\/canal7slp.tv\\\/2025\\\/#\\\/schema\\\/logo\\\/image\\\/\"},\"sameAs\":[\"https:\\\/\\\/www.facebook.com\\\/noticieroscanal7atencionciudadana\\\/\",\"https:\\\/\\\/x.com\\\/NOTICIEROS7\",\"https:\\\/\\\/www.instagram.com\\\/canal7_slp\",\"https:\\\/\\\/www.youtube.com\\\/channel\\\/UCliiYs-gP3JfJeqdPrNdd5A\"]},{\"@type\":\"Person\",\"@id\":\"https:\\\/\\\/canal7slp.tv\\\/2025\\\/#\\\/schema\\\/person\\\/271e2b60a96e7cc9d9ac296f4d7e414b\",\"name\":\"Edici\u00f3n Web\",\"image\":{\"@type\":\"ImageObject\",\"inLanguage\":\"es\",\"@id\":\"https:\\\/\\\/secure.gravatar.com\\\/avatar\\\/eee448fc3f7164808013b816ba91ac7e43bbe82a70bebac296f8bc6f0addaa1a?s=96&d=mm&r=g\",\"url\":\"https:\\\/\\\/secure.gravatar.com\\\/avatar\\\/eee448fc3f7164808013b816ba91ac7e43bbe82a70bebac296f8bc6f0addaa1a?s=96&d=mm&r=g\",\"contentUrl\":\"https:\\\/\\\/secure.gravatar.com\\\/avatar\\\/eee448fc3f7164808013b816ba91ac7e43bbe82a70bebac296f8bc6f0addaa1a?s=96&d=mm&r=g\",\"caption\":\"Edici\u00f3n Web\"},\"url\":\"https:\\\/\\\/canal7slp.tv\\\/2025\\\/author\\\/edicionweb\\\/\"}]}<\/script>\n<!-- \/ Yoast SEO plugin. -->","yoast_head_json":{"title":"Ante la Asamblea de la ONU, Netanyahu declara que Israel debe \"acabar el trabajo\" en Gaza - Canal 7 SLP - 2025","robots":{"index":"index","follow":"follow","max-snippet":"max-snippet:-1","max-image-preview":"max-image-preview:large","max-video-preview":"max-video-preview:-1"},"canonical":"https:\/\/canal7slp.tv\/2025\/ante-la-asamblea-de-la-onu-netanyahu-declara-que-israel-debe-acabar-el-trabajo-en-gaza\/","og_locale":"es_ES","og_type":"article","og_title":"Ante la Asamblea de la ONU, Netanyahu declara que Israel debe \"acabar el trabajo\" en Gaza - Canal 7 SLP - 2025","og_description":"Nueva York.- El primer ministro de Israel, Benjam\u00edn Netanyahu, afirm\u00f3 ante la Asamblea General de la ONU que su pa\u00eds debe \u00abacabar el trabajo\u00bb en la Franja de Gaza y expres\u00f3 su intenci\u00f3n de hacerlo \u00ablo antes posible\u00bb. Durante su intervenci\u00f3n, justific\u00f3 la ofensiva militar argumentando que los \u00faltimos remanentes de Ham\u00e1s se atrincheran en la ciudad de Gaza con la intenci\u00f3n de repetir ataques similares a los del 7 de octubre de 2023. Netanyahu mostr\u00f3 un mapa con las operaciones militares israel\u00edes en la regi\u00f3n, neg\u00f3 las acusaciones de genocidio investigadas por tribunales internacionales y rechaz\u00f3 la existencia de [&hellip;]","og_url":"https:\/\/canal7slp.tv\/2025\/ante-la-asamblea-de-la-onu-netanyahu-declara-que-israel-debe-acabar-el-trabajo-en-gaza\/","og_site_name":"Canal 7 SLP - 2025","article_publisher":"https:\/\/www.facebook.com\/noticieroscanal7atencionciudadana\/","article_published_time":"2025-09-26T22:22:04+00:00","article_modified_time":"2025-12-10T01:55:10+00:00","og_image":[{"width":888,"height":500,"url":"https:\/\/canal7slp.tv\/2025\/wp-content\/uploads\/2025\/09\/10-24.jpg","type":"image\/jpeg"}],"author":"Edici\u00f3n Web","twitter_card":"summary_large_image","twitter_creator":"@NOTICIEROS7","twitter_site":"@NOTICIEROS7","twitter_misc":{"Escrito por":"Edici\u00f3n Web","Tiempo de lectura":"2 minutos"},"schema":{"@context":"https:\/\/schema.org","@graph":[{"@type":"Article","@id":"https:\/\/canal7slp.tv\/2025\/ante-la-asamblea-de-la-onu-netanyahu-declara-que-israel-debe-acabar-el-trabajo-en-gaza\/#article","isPartOf":{"@id":"https:\/\/canal7slp.tv\/2025\/ante-la-asamblea-de-la-onu-netanyahu-declara-que-israel-debe-acabar-el-trabajo-en-gaza\/"},"author":{"name":"Edici\u00f3n Web","@id":"https:\/\/canal7slp.tv\/2025\/#\/schema\/person\/271e2b60a96e7cc9d9ac296f4d7e414b"},"headline":"Ante la Asamblea de la ONU, Netanyahu declara que Israel debe \u00abacabar el trabajo\u00bb en Gaza","datePublished":"2025-09-26T22:22:04+00:00","dateModified":"2025-12-10T01:55:10+00:00","mainEntityOfPage":{"@id":"https:\/\/canal7slp.tv\/2025\/ante-la-asamblea-de-la-onu-netanyahu-declara-que-israel-debe-acabar-el-trabajo-en-gaza\/"},"wordCount":243,"publisher":{"@id":"https:\/\/canal7slp.tv\/2025\/#organization"},"image":{"@id":"https:\/\/canal7slp.tv\/2025\/ante-la-asamblea-de-la-onu-netanyahu-declara-que-israel-debe-acabar-el-trabajo-en-gaza\/#primaryimage"},"thumbnailUrl":"https:\/\/canal7slp.tv\/2025\/wp-content\/uploads\/2025\/09\/10-24.jpg","articleSection":["INTERNACIONALES"],"inLanguage":"es"},{"@type":"WebPage","@id":"https:\/\/canal7slp.tv\/2025\/ante-la-asamblea-de-la-onu-netanyahu-declara-que-israel-debe-acabar-el-trabajo-en-gaza\/","url":"https:\/\/canal7slp.tv\/2025\/ante-la-asamblea-de-la-onu-netanyahu-declara-que-israel-debe-acabar-el-trabajo-en-gaza\/","name":"Ante la Asamblea de la ONU, Netanyahu declara que Israel debe \"acabar el trabajo\" en Gaza - Canal 7 SLP - 2025","isPartOf":{"@id":"https:\/\/canal7slp.tv\/2025\/#website"},"primaryImageOfPage":{"@id":"https:\/\/canal7slp.tv\/2025\/ante-la-asamblea-de-la-onu-netanyahu-declara-que-israel-debe-acabar-el-trabajo-en-gaza\/#primaryimage"},"image":{"@id":"https:\/\/canal7slp.tv\/2025\/ante-la-asamblea-de-la-onu-netanyahu-declara-que-israel-debe-acabar-el-trabajo-en-gaza\/#primaryimage"},"thumbnailUrl":"https:\/\/canal7slp.tv\/2025\/wp-content\/uploads\/2025\/09\/10-24.jpg","datePublished":"2025-09-26T22:22:04+00:00","dateModified":"2025-12-10T01:55:10+00:00","breadcrumb":{"@id":"https:\/\/canal7slp.tv\/2025\/ante-la-asamblea-de-la-onu-netanyahu-declara-que-israel-debe-acabar-el-trabajo-en-gaza\/#breadcrumb"},"inLanguage":"es","potentialAction":[{"@type":"ReadAction","target":["https:\/\/canal7slp.tv\/2025\/ante-la-asamblea-de-la-onu-netanyahu-declara-que-israel-debe-acabar-el-trabajo-en-gaza\/"]}]},{"@type":"ImageObject","inLanguage":"es","@id":"https:\/\/canal7slp.tv\/2025\/ante-la-asamblea-de-la-onu-netanyahu-declara-que-israel-debe-acabar-el-trabajo-en-gaza\/#primaryimage","url":"https:\/\/canal7slp.tv\/2025\/wp-content\/uploads\/2025\/09\/10-24.jpg","contentUrl":"https:\/\/canal7slp.tv\/2025\/wp-content\/uploads\/2025\/09\/10-24.jpg","width":888,"height":500},{"@type":"BreadcrumbList","@id":"https:\/\/canal7slp.tv\/2025\/ante-la-asamblea-de-la-onu-netanyahu-declara-que-israel-debe-acabar-el-trabajo-en-gaza\/#breadcrumb","itemListElement":[{"@type":"ListItem","position":1,"name":"Portada","item":"https:\/\/canal7slp.tv\/2025\/"},{"@type":"ListItem","position":2,"name":"Ante la Asamblea de la ONU, Netanyahu declara que Israel debe \u00abacabar el trabajo\u00bb en Gaza"}]},{"@type":"WebSite","@id":"https:\/\/canal7slp.tv\/2025\/#website","url":"https:\/\/canal7slp.tv\/2025\/","name":"N7 - Noticieros Canal 7","description":"Somos el Medio","publisher":{"@id":"https:\/\/canal7slp.tv\/2025\/#organization"},"potentialAction":[{"@type":"SearchAction","target":{"@type":"EntryPoint","urlTemplate":"https:\/\/canal7slp.tv\/2025\/?s={search_term_string}"},"query-input":{"@type":"PropertyValueSpecification","valueRequired":true,"valueName":"search_term_string"}}],"inLanguage":"es"},{"@type":"Organization","@id":"https:\/\/canal7slp.tv\/2025\/#organization","name":"Noticieros Canal 7","url":"https:\/\/canal7slp.tv\/2025\/","logo":{"@type":"ImageObject","inLanguage":"es","@id":"https:\/\/canal7slp.tv\/2025\/#\/schema\/logo\/image\/","url":"https:\/\/canal7slp.tv\/2025\/wp-content\/uploads\/2021\/01\/logo-noticieros@2x.png","contentUrl":"https:\/\/canal7slp.tv\/2025\/wp-content\/uploads\/2021\/01\/logo-noticieros@2x.png","width":1017,"height":268,"caption":"Noticieros Canal 7"},"image":{"@id":"https:\/\/canal7slp.tv\/2025\/#\/schema\/logo\/image\/"},"sameAs":["https:\/\/www.facebook.com\/noticieroscanal7atencionciudadana\/","https:\/\/x.com\/NOTICIEROS7","https:\/\/www.instagram.com\/canal7_slp","https:\/\/www.youtube.com\/channel\/UCliiYs-gP3JfJeqdPrNdd5A"]},{"@type":"Person","@id":"https:\/\/canal7slp.tv\/2025\/#\/schema\/person\/271e2b60a96e7cc9d9ac296f4d7e414b","name":"Edici\u00f3n Web","image":{"@type":"ImageObject","inLanguage":"es","@id":"https:\/\/secure.gravatar.com\/avatar\/eee448fc3f7164808013b816ba91ac7e43bbe82a70bebac296f8bc6f0addaa1a?s=96&d=mm&r=g","url":"https:\/\/secure.gravatar.com\/avatar\/eee448fc3f7164808013b816ba91ac7e43bbe82a70bebac296f8bc6f0addaa1a?s=96&d=mm&r=g","contentUrl":"https:\/\/secure.gravatar.com\/avatar\/eee448fc3f7164808013b816ba91ac7e43bbe82a70bebac296f8bc6f0addaa1a?s=96&d=mm&r=g","caption":"Edici\u00f3n Web"},"url":"https:\/\/canal7slp.tv\/2025\/author\/edicionweb\/"}]}},"_links":{"self":[{"href":"https:\/\/canal7slp.tv\/2025\/wp-json\/wp\/v2\/posts\/180442","targetHints":{"allow":["GET"]}}],"collection":[{"href":"https:\/\/canal7slp.tv\/2025\/wp-json\/wp\/v2\/posts"}],"about":[{"href":"https:\/\/canal7slp.tv\/2025\/wp-json\/wp\/v2\/types\/post"}],"author":[{"embeddable":true,"href":"https:\/\/canal7slp.tv\/2025\/wp-json\/wp\/v2\/users\/2"}],"replies":[{"embeddable":true,"href":"https:\/\/canal7slp.tv\/2025\/wp-json\/wp\/v2\/comments?post=180442"}],"version-history":[{"count":1,"href":"https:\/\/canal7slp.tv\/2025\/wp-json\/wp\/v2\/posts\/180442\/revisions"}],"predecessor-version":[{"id":180444,"href":"https:\/\/canal7slp.tv\/2025\/wp-json\/wp\/v2\/posts\/180442\/revisions\/180444"}],"wp:featuredmedia":[{"embeddable":true,"href":"https:\/\/canal7slp.tv\/2025\/wp-json\/wp\/v2\/media\/180443"}],"wp:attachment":[{"href":"https:\/\/canal7slp.tv\/2025\/wp-json\/wp\/v2\/media?parent=180442"}],"wp:term":[{"taxonomy":"category","embeddable":true,"href":"https:\/\/canal7slp.tv\/2025\/wp-json\/wp\/v2\/categories?post=180442"},{"taxonomy":"post_tag","embeddable":true,"href":"https:\/\/canal7slp.tv\/2025\/wp-json\/wp\/v2\/tags?post=180442"}],"curies":[{"name":"wp","href":"https:\/\/api.w.org\/{rel}","templated":true}]}}