{"id":180436,"date":"2025-09-26T15:56:46","date_gmt":"2025-09-26T21:56:46","guid":{"rendered":"https:\/\/canal7slp.tv\/2025\/?p=180436"},"modified":"2025-09-26T15:56:46","modified_gmt":"2025-09-26T21:56:46","slug":"eua-anuncia-plan-para-reformar-el-g20-durante-su-futura-presidencia","status":"publish","type":"post","link":"https:\/\/canal7slp.tv\/2025\/eua-anuncia-plan-para-reformar-el-g20-durante-su-futura-presidencia\/","title":{"rendered":"EUA anuncia plan para reformar el G20 durante su futura presidencia"},"content":{"rendered":"<p style=\"text-align: justify;\">EEUU.- Estados Unidos anunci\u00f3, a trav\u00e9s de su representaci\u00f3n diplom\u00e1tica, su intenci\u00f3n de impulsar una reforma del Grupo de los 20 (G20) cuando asuma su presidencia rotatoria el pr\u00f3ximo a\u00f1o.<\/p>\n<p style=\"text-align: justify;\">La declaraci\u00f3n se realiz\u00f3 durante una reuni\u00f3n ministerial del G20 en el marco de la Asamblea General de la ONU en Nueva York.<\/p>\n<p style=\"text-align: justify;\">Allison Hooker, subsecretaria de Estado para Asuntos Pol\u00edticos, manifest\u00f3 que la visi\u00f3n estadounidense para el foro se centrar\u00e1 en la agilizaci\u00f3n de procesos, distanci\u00e1ndose de enfoques como la diversidad, la equidad, la inclusi\u00f3n o la perspectiva de g\u00e9nero en su presupuesto.<\/p>\n<p style=\"text-align: justify;\">La presidencia actual del G20 la ostenta Sud\u00e1frica, siendo el primer pa\u00eds africano en liderar el grupo.<\/p>\n<p style=\"text-align: justify;\">La pr\u00f3xima cumbre de l\u00edderes se llevar\u00e1 a cabo en noviembre en dicho pa\u00eds.<\/p>\n<p style=\"text-align: justify;\">El presidente de Estados Unidos, Donald Trump, confirm\u00f3 que no asistir\u00e1 al encuentro y ser\u00e1 representado por el vicepresidente J.D. Vance.<\/p>\n<p style=\"text-align: justify;\">Esta postura se enmarca en la pol\u00edtica de la actual administraci\u00f3n estadounidense, que ha promovido el desmantelamiento de programas relacionados con la diversidad y la inclusi\u00f3n.<\/p>\n","protected":false},"excerpt":{"rendered":"<p>EEUU.- Estados Unidos anunci\u00f3, a trav\u00e9s de su representaci\u00f3n diplom\u00e1tica, su intenci\u00f3n de impulsar una reforma del Grupo de los 20 (G20) cuando asuma su presidencia rotatoria el pr\u00f3ximo a\u00f1o. La declaraci\u00f3n se realiz\u00f3 durante una reuni\u00f3n ministerial del G20 en el marco de la Asamblea General de la ONU en Nueva York. Allison Hooker, subsecretaria de Estado para Asuntos Pol\u00edticos, manifest\u00f3 que la visi\u00f3n estadounidense para el foro se centrar\u00e1 en la agilizaci\u00f3n de procesos, distanci\u00e1ndose de enfoques como la diversidad, la equidad, la inclusi\u00f3n o la perspectiva de g\u00e9nero en su presupuesto. La presidencia actual del G20 la [&hellip;]<\/p>\n","protected":false},"author":2,"featured_media":180437,"comment_status":"closed","ping_status":"closed","sticky":false,"template":"","format":"standard","meta":{"_monsterinsights_skip_tracking":false,"_monsterinsights_sitenote_active":false,"_monsterinsights_sitenote_note":"","_monsterinsights_sitenote_category":0,"footnotes":""},"categories":[44],"tags":[],"class_list":["post-180436","post","type-post","status-publish","format-standard","has-post-thumbnail","hentry","category-internacional","post--single"],"yoast_head":"<!-- This site is optimized with the Yoast SEO plugin v27.5 - https:\/\/yoast.com\/product\/yoast-seo-wordpress\/ -->\n<title>EUA anuncia plan para reformar el G20 durante su futura presidencia - Canal 7 SLP - 2025<\/title>\n<meta name=\"robots\" content=\"index, follow, max-snippet:-1, max-image-preview:large, max-video-preview:-1\" \/>\n<link rel=\"canonical\" href=\"https:\/\/canal7slp.tv\/2025\/eua-anuncia-plan-para-reformar-el-g20-durante-su-futura-presidencia\/\" \/>\n<meta property=\"og:locale\" content=\"es_ES\" \/>\n<meta property=\"og:type\" content=\"article\" \/>\n<meta property=\"og:title\" content=\"EUA anuncia plan para reformar el G20 durante su futura presidencia - Canal 7 SLP - 2025\" \/>\n<meta property=\"og:description\" content=\"EEUU.- Estados Unidos anunci\u00f3, a trav\u00e9s de su representaci\u00f3n diplom\u00e1tica, su intenci\u00f3n de impulsar una reforma del Grupo de los 20 (G20) cuando asuma su presidencia rotatoria el pr\u00f3ximo a\u00f1o. La declaraci\u00f3n se realiz\u00f3 durante una reuni\u00f3n ministerial del G20 en el marco de la Asamblea General de la ONU en Nueva York. Allison Hooker, subsecretaria de Estado para Asuntos Pol\u00edticos, manifest\u00f3 que la visi\u00f3n estadounidense para el foro se centrar\u00e1 en la agilizaci\u00f3n de procesos, distanci\u00e1ndose de enfoques como la diversidad, la equidad, la inclusi\u00f3n o la perspectiva de g\u00e9nero en su presupuesto. La presidencia actual del G20 la [&hellip;]\" \/>\n<meta property=\"og:url\" content=\"https:\/\/canal7slp.tv\/2025\/eua-anuncia-plan-para-reformar-el-g20-durante-su-futura-presidencia\/\" \/>\n<meta property=\"og:site_name\" content=\"Canal 7 SLP - 2025\" \/>\n<meta property=\"article:publisher\" content=\"https:\/\/www.facebook.com\/noticieroscanal7atencionciudadana\/\" \/>\n<meta property=\"article:published_time\" content=\"2025-09-26T21:56:46+00:00\" \/>\n<meta property=\"og:image\" content=\"https:\/\/canal7slp.tv\/2025\/wp-content\/uploads\/2025\/09\/08-24.jpg\" \/>\n\t<meta property=\"og:image:width\" content=\"952\" \/>\n\t<meta property=\"og:image:height\" content=\"500\" \/>\n\t<meta property=\"og:image:type\" content=\"image\/jpeg\" \/>\n<meta name=\"author\" content=\"Edici\u00f3n Web\" \/>\n<meta name=\"twitter:card\" content=\"summary_large_image\" \/>\n<meta name=\"twitter:creator\" content=\"@NOTICIEROS7\" \/>\n<meta name=\"twitter:site\" content=\"@NOTICIEROS7\" \/>\n<meta name=\"twitter:label1\" content=\"Escrito por\" \/>\n\t<meta name=\"twitter:data1\" content=\"Edici\u00f3n Web\" \/>\n\t<meta name=\"twitter:label2\" content=\"Tiempo de lectura\" \/>\n\t<meta name=\"twitter:data2\" content=\"1 minuto\" \/>\n<script type=\"application\/ld+json\" class=\"yoast-schema-graph\">{\"@context\":\"https:\\\/\\\/schema.org\",\"@graph\":[{\"@type\":\"Article\",\"@id\":\"https:\\\/\\\/canal7slp.tv\\\/2025\\\/eua-anuncia-plan-para-reformar-el-g20-durante-su-futura-presidencia\\\/#article\",\"isPartOf\":{\"@id\":\"https:\\\/\\\/canal7slp.tv\\\/2025\\\/eua-anuncia-plan-para-reformar-el-g20-durante-su-futura-presidencia\\\/\"},\"author\":{\"name\":\"Edici\u00f3n Web\",\"@id\":\"https:\\\/\\\/canal7slp.tv\\\/2025\\\/#\\\/schema\\\/person\\\/271e2b60a96e7cc9d9ac296f4d7e414b\"},\"headline\":\"EUA anuncia plan para reformar el G20 durante su futura presidencia\",\"datePublished\":\"2025-09-26T21:56:46+00:00\",\"mainEntityOfPage\":{\"@id\":\"https:\\\/\\\/canal7slp.tv\\\/2025\\\/eua-anuncia-plan-para-reformar-el-g20-durante-su-futura-presidencia\\\/\"},\"wordCount\":206,\"publisher\":{\"@id\":\"https:\\\/\\\/canal7slp.tv\\\/2025\\\/#organization\"},\"image\":{\"@id\":\"https:\\\/\\\/canal7slp.tv\\\/2025\\\/eua-anuncia-plan-para-reformar-el-g20-durante-su-futura-presidencia\\\/#primaryimage\"},\"thumbnailUrl\":\"https:\\\/\\\/canal7slp.tv\\\/2025\\\/wp-content\\\/uploads\\\/2025\\\/09\\\/08-24.jpg\",\"articleSection\":[\"INTERNACIONALES\"],\"inLanguage\":\"es\"},{\"@type\":\"WebPage\",\"@id\":\"https:\\\/\\\/canal7slp.tv\\\/2025\\\/eua-anuncia-plan-para-reformar-el-g20-durante-su-futura-presidencia\\\/\",\"url\":\"https:\\\/\\\/canal7slp.tv\\\/2025\\\/eua-anuncia-plan-para-reformar-el-g20-durante-su-futura-presidencia\\\/\",\"name\":\"EUA anuncia plan para reformar el G20 durante su futura presidencia - Canal 7 SLP - 2025\",\"isPartOf\":{\"@id\":\"https:\\\/\\\/canal7slp.tv\\\/2025\\\/#website\"},\"primaryImageOfPage\":{\"@id\":\"https:\\\/\\\/canal7slp.tv\\\/2025\\\/eua-anuncia-plan-para-reformar-el-g20-durante-su-futura-presidencia\\\/#primaryimage\"},\"image\":{\"@id\":\"https:\\\/\\\/canal7slp.tv\\\/2025\\\/eua-anuncia-plan-para-reformar-el-g20-durante-su-futura-presidencia\\\/#primaryimage\"},\"thumbnailUrl\":\"https:\\\/\\\/canal7slp.tv\\\/2025\\\/wp-content\\\/uploads\\\/2025\\\/09\\\/08-24.jpg\",\"datePublished\":\"2025-09-26T21:56:46+00:00\",\"breadcrumb\":{\"@id\":\"https:\\\/\\\/canal7slp.tv\\\/2025\\\/eua-anuncia-plan-para-reformar-el-g20-durante-su-futura-presidencia\\\/#breadcrumb\"},\"inLanguage\":\"es\",\"potentialAction\":[{\"@type\":\"ReadAction\",\"target\":[\"https:\\\/\\\/canal7slp.tv\\\/2025\\\/eua-anuncia-plan-para-reformar-el-g20-durante-su-futura-presidencia\\\/\"]}]},{\"@type\":\"ImageObject\",\"inLanguage\":\"es\",\"@id\":\"https:\\\/\\\/canal7slp.tv\\\/2025\\\/eua-anuncia-plan-para-reformar-el-g20-durante-su-futura-presidencia\\\/#primaryimage\",\"url\":\"https:\\\/\\\/canal7slp.tv\\\/2025\\\/wp-content\\\/uploads\\\/2025\\\/09\\\/08-24.jpg\",\"contentUrl\":\"https:\\\/\\\/canal7slp.tv\\\/2025\\\/wp-content\\\/uploads\\\/2025\\\/09\\\/08-24.jpg\",\"width\":952,\"height\":500},{\"@type\":\"BreadcrumbList\",\"@id\":\"https:\\\/\\\/canal7slp.tv\\\/2025\\\/eua-anuncia-plan-para-reformar-el-g20-durante-su-futura-presidencia\\\/#breadcrumb\",\"itemListElement\":[{\"@type\":\"ListItem\",\"position\":1,\"name\":\"Portada\",\"item\":\"https:\\\/\\\/canal7slp.tv\\\/2025\\\/\"},{\"@type\":\"ListItem\",\"position\":2,\"name\":\"EUA anuncia plan para reformar el G20 durante su futura presidencia\"}]},{\"@type\":\"WebSite\",\"@id\":\"https:\\\/\\\/canal7slp.tv\\\/2025\\\/#website\",\"url\":\"https:\\\/\\\/canal7slp.tv\\\/2025\\\/\",\"name\":\"N7 - Noticieros Canal 7\",\"description\":\"Somos el Medio\",\"publisher\":{\"@id\":\"https:\\\/\\\/canal7slp.tv\\\/2025\\\/#organization\"},\"potentialAction\":[{\"@type\":\"SearchAction\",\"target\":{\"@type\":\"EntryPoint\",\"urlTemplate\":\"https:\\\/\\\/canal7slp.tv\\\/2025\\\/?s={search_term_string}\"},\"query-input\":{\"@type\":\"PropertyValueSpecification\",\"valueRequired\":true,\"valueName\":\"search_term_string\"}}],\"inLanguage\":\"es\"},{\"@type\":\"Organization\",\"@id\":\"https:\\\/\\\/canal7slp.tv\\\/2025\\\/#organization\",\"name\":\"Noticieros Canal 7\",\"url\":\"https:\\\/\\\/canal7slp.tv\\\/2025\\\/\",\"logo\":{\"@type\":\"ImageObject\",\"inLanguage\":\"es\",\"@id\":\"https:\\\/\\\/canal7slp.tv\\\/2025\\\/#\\\/schema\\\/logo\\\/image\\\/\",\"url\":\"https:\\\/\\\/canal7slp.tv\\\/2025\\\/wp-content\\\/uploads\\\/2021\\\/01\\\/logo-noticieros@2x.png\",\"contentUrl\":\"https:\\\/\\\/canal7slp.tv\\\/2025\\\/wp-content\\\/uploads\\\/2021\\\/01\\\/logo-noticieros@2x.png\",\"width\":1017,\"height\":268,\"caption\":\"Noticieros Canal 7\"},\"image\":{\"@id\":\"https:\\\/\\\/canal7slp.tv\\\/2025\\\/#\\\/schema\\\/logo\\\/image\\\/\"},\"sameAs\":[\"https:\\\/\\\/www.facebook.com\\\/noticieroscanal7atencionciudadana\\\/\",\"https:\\\/\\\/x.com\\\/NOTICIEROS7\",\"https:\\\/\\\/www.instagram.com\\\/canal7_slp\",\"https:\\\/\\\/www.youtube.com\\\/channel\\\/UCliiYs-gP3JfJeqdPrNdd5A\"]},{\"@type\":\"Person\",\"@id\":\"https:\\\/\\\/canal7slp.tv\\\/2025\\\/#\\\/schema\\\/person\\\/271e2b60a96e7cc9d9ac296f4d7e414b\",\"name\":\"Edici\u00f3n Web\",\"image\":{\"@type\":\"ImageObject\",\"inLanguage\":\"es\",\"@id\":\"https:\\\/\\\/secure.gravatar.com\\\/avatar\\\/eee448fc3f7164808013b816ba91ac7e43bbe82a70bebac296f8bc6f0addaa1a?s=96&d=mm&r=g\",\"url\":\"https:\\\/\\\/secure.gravatar.com\\\/avatar\\\/eee448fc3f7164808013b816ba91ac7e43bbe82a70bebac296f8bc6f0addaa1a?s=96&d=mm&r=g\",\"contentUrl\":\"https:\\\/\\\/secure.gravatar.com\\\/avatar\\\/eee448fc3f7164808013b816ba91ac7e43bbe82a70bebac296f8bc6f0addaa1a?s=96&d=mm&r=g\",\"caption\":\"Edici\u00f3n Web\"},\"url\":\"https:\\\/\\\/canal7slp.tv\\\/2025\\\/author\\\/edicionweb\\\/\"}]}<\/script>\n<!-- \/ Yoast SEO plugin. -->","yoast_head_json":{"title":"EUA anuncia plan para reformar el G20 durante su futura presidencia - Canal 7 SLP - 2025","robots":{"index":"index","follow":"follow","max-snippet":"max-snippet:-1","max-image-preview":"max-image-preview:large","max-video-preview":"max-video-preview:-1"},"canonical":"https:\/\/canal7slp.tv\/2025\/eua-anuncia-plan-para-reformar-el-g20-durante-su-futura-presidencia\/","og_locale":"es_ES","og_type":"article","og_title":"EUA anuncia plan para reformar el G20 durante su futura presidencia - Canal 7 SLP - 2025","og_description":"EEUU.- Estados Unidos anunci\u00f3, a trav\u00e9s de su representaci\u00f3n diplom\u00e1tica, su intenci\u00f3n de impulsar una reforma del Grupo de los 20 (G20) cuando asuma su presidencia rotatoria el pr\u00f3ximo a\u00f1o. La declaraci\u00f3n se realiz\u00f3 durante una reuni\u00f3n ministerial del G20 en el marco de la Asamblea General de la ONU en Nueva York. Allison Hooker, subsecretaria de Estado para Asuntos Pol\u00edticos, manifest\u00f3 que la visi\u00f3n estadounidense para el foro se centrar\u00e1 en la agilizaci\u00f3n de procesos, distanci\u00e1ndose de enfoques como la diversidad, la equidad, la inclusi\u00f3n o la perspectiva de g\u00e9nero en su presupuesto. La presidencia actual del G20 la [&hellip;]","og_url":"https:\/\/canal7slp.tv\/2025\/eua-anuncia-plan-para-reformar-el-g20-durante-su-futura-presidencia\/","og_site_name":"Canal 7 SLP - 2025","article_publisher":"https:\/\/www.facebook.com\/noticieroscanal7atencionciudadana\/","article_published_time":"2025-09-26T21:56:46+00:00","og_image":[{"width":952,"height":500,"url":"https:\/\/canal7slp.tv\/2025\/wp-content\/uploads\/2025\/09\/08-24.jpg","type":"image\/jpeg"}],"author":"Edici\u00f3n Web","twitter_card":"summary_large_image","twitter_creator":"@NOTICIEROS7","twitter_site":"@NOTICIEROS7","twitter_misc":{"Escrito por":"Edici\u00f3n Web","Tiempo de lectura":"1 minuto"},"schema":{"@context":"https:\/\/schema.org","@graph":[{"@type":"Article","@id":"https:\/\/canal7slp.tv\/2025\/eua-anuncia-plan-para-reformar-el-g20-durante-su-futura-presidencia\/#article","isPartOf":{"@id":"https:\/\/canal7slp.tv\/2025\/eua-anuncia-plan-para-reformar-el-g20-durante-su-futura-presidencia\/"},"author":{"name":"Edici\u00f3n Web","@id":"https:\/\/canal7slp.tv\/2025\/#\/schema\/person\/271e2b60a96e7cc9d9ac296f4d7e414b"},"headline":"EUA anuncia plan para reformar el G20 durante su futura presidencia","datePublished":"2025-09-26T21:56:46+00:00","mainEntityOfPage":{"@id":"https:\/\/canal7slp.tv\/2025\/eua-anuncia-plan-para-reformar-el-g20-durante-su-futura-presidencia\/"},"wordCount":206,"publisher":{"@id":"https:\/\/canal7slp.tv\/2025\/#organization"},"image":{"@id":"https:\/\/canal7slp.tv\/2025\/eua-anuncia-plan-para-reformar-el-g20-durante-su-futura-presidencia\/#primaryimage"},"thumbnailUrl":"https:\/\/canal7slp.tv\/2025\/wp-content\/uploads\/2025\/09\/08-24.jpg","articleSection":["INTERNACIONALES"],"inLanguage":"es"},{"@type":"WebPage","@id":"https:\/\/canal7slp.tv\/2025\/eua-anuncia-plan-para-reformar-el-g20-durante-su-futura-presidencia\/","url":"https:\/\/canal7slp.tv\/2025\/eua-anuncia-plan-para-reformar-el-g20-durante-su-futura-presidencia\/","name":"EUA anuncia plan para reformar el G20 durante su futura presidencia - Canal 7 SLP - 2025","isPartOf":{"@id":"https:\/\/canal7slp.tv\/2025\/#website"},"primaryImageOfPage":{"@id":"https:\/\/canal7slp.tv\/2025\/eua-anuncia-plan-para-reformar-el-g20-durante-su-futura-presidencia\/#primaryimage"},"image":{"@id":"https:\/\/canal7slp.tv\/2025\/eua-anuncia-plan-para-reformar-el-g20-durante-su-futura-presidencia\/#primaryimage"},"thumbnailUrl":"https:\/\/canal7slp.tv\/2025\/wp-content\/uploads\/2025\/09\/08-24.jpg","datePublished":"2025-09-26T21:56:46+00:00","breadcrumb":{"@id":"https:\/\/canal7slp.tv\/2025\/eua-anuncia-plan-para-reformar-el-g20-durante-su-futura-presidencia\/#breadcrumb"},"inLanguage":"es","potentialAction":[{"@type":"ReadAction","target":["https:\/\/canal7slp.tv\/2025\/eua-anuncia-plan-para-reformar-el-g20-durante-su-futura-presidencia\/"]}]},{"@type":"ImageObject","inLanguage":"es","@id":"https:\/\/canal7slp.tv\/2025\/eua-anuncia-plan-para-reformar-el-g20-durante-su-futura-presidencia\/#primaryimage","url":"https:\/\/canal7slp.tv\/2025\/wp-content\/uploads\/2025\/09\/08-24.jpg","contentUrl":"https:\/\/canal7slp.tv\/2025\/wp-content\/uploads\/2025\/09\/08-24.jpg","width":952,"height":500},{"@type":"BreadcrumbList","@id":"https:\/\/canal7slp.tv\/2025\/eua-anuncia-plan-para-reformar-el-g20-durante-su-futura-presidencia\/#breadcrumb","itemListElement":[{"@type":"ListItem","position":1,"name":"Portada","item":"https:\/\/canal7slp.tv\/2025\/"},{"@type":"ListItem","position":2,"name":"EUA anuncia plan para reformar el G20 durante su futura presidencia"}]},{"@type":"WebSite","@id":"https:\/\/canal7slp.tv\/2025\/#website","url":"https:\/\/canal7slp.tv\/2025\/","name":"N7 - Noticieros Canal 7","description":"Somos el Medio","publisher":{"@id":"https:\/\/canal7slp.tv\/2025\/#organization"},"potentialAction":[{"@type":"SearchAction","target":{"@type":"EntryPoint","urlTemplate":"https:\/\/canal7slp.tv\/2025\/?s={search_term_string}"},"query-input":{"@type":"PropertyValueSpecification","valueRequired":true,"valueName":"search_term_string"}}],"inLanguage":"es"},{"@type":"Organization","@id":"https:\/\/canal7slp.tv\/2025\/#organization","name":"Noticieros Canal 7","url":"https:\/\/canal7slp.tv\/2025\/","logo":{"@type":"ImageObject","inLanguage":"es","@id":"https:\/\/canal7slp.tv\/2025\/#\/schema\/logo\/image\/","url":"https:\/\/canal7slp.tv\/2025\/wp-content\/uploads\/2021\/01\/logo-noticieros@2x.png","contentUrl":"https:\/\/canal7slp.tv\/2025\/wp-content\/uploads\/2021\/01\/logo-noticieros@2x.png","width":1017,"height":268,"caption":"Noticieros Canal 7"},"image":{"@id":"https:\/\/canal7slp.tv\/2025\/#\/schema\/logo\/image\/"},"sameAs":["https:\/\/www.facebook.com\/noticieroscanal7atencionciudadana\/","https:\/\/x.com\/NOTICIEROS7","https:\/\/www.instagram.com\/canal7_slp","https:\/\/www.youtube.com\/channel\/UCliiYs-gP3JfJeqdPrNdd5A"]},{"@type":"Person","@id":"https:\/\/canal7slp.tv\/2025\/#\/schema\/person\/271e2b60a96e7cc9d9ac296f4d7e414b","name":"Edici\u00f3n Web","image":{"@type":"ImageObject","inLanguage":"es","@id":"https:\/\/secure.gravatar.com\/avatar\/eee448fc3f7164808013b816ba91ac7e43bbe82a70bebac296f8bc6f0addaa1a?s=96&d=mm&r=g","url":"https:\/\/secure.gravatar.com\/avatar\/eee448fc3f7164808013b816ba91ac7e43bbe82a70bebac296f8bc6f0addaa1a?s=96&d=mm&r=g","contentUrl":"https:\/\/secure.gravatar.com\/avatar\/eee448fc3f7164808013b816ba91ac7e43bbe82a70bebac296f8bc6f0addaa1a?s=96&d=mm&r=g","caption":"Edici\u00f3n Web"},"url":"https:\/\/canal7slp.tv\/2025\/author\/edicionweb\/"}]}},"_links":{"self":[{"href":"https:\/\/canal7slp.tv\/2025\/wp-json\/wp\/v2\/posts\/180436","targetHints":{"allow":["GET"]}}],"collection":[{"href":"https:\/\/canal7slp.tv\/2025\/wp-json\/wp\/v2\/posts"}],"about":[{"href":"https:\/\/canal7slp.tv\/2025\/wp-json\/wp\/v2\/types\/post"}],"author":[{"embeddable":true,"href":"https:\/\/canal7slp.tv\/2025\/wp-json\/wp\/v2\/users\/2"}],"replies":[{"embeddable":true,"href":"https:\/\/canal7slp.tv\/2025\/wp-json\/wp\/v2\/comments?post=180436"}],"version-history":[{"count":1,"href":"https:\/\/canal7slp.tv\/2025\/wp-json\/wp\/v2\/posts\/180436\/revisions"}],"predecessor-version":[{"id":180438,"href":"https:\/\/canal7slp.tv\/2025\/wp-json\/wp\/v2\/posts\/180436\/revisions\/180438"}],"wp:featuredmedia":[{"embeddable":true,"href":"https:\/\/canal7slp.tv\/2025\/wp-json\/wp\/v2\/media\/180437"}],"wp:attachment":[{"href":"https:\/\/canal7slp.tv\/2025\/wp-json\/wp\/v2\/media?parent=180436"}],"wp:term":[{"taxonomy":"category","embeddable":true,"href":"https:\/\/canal7slp.tv\/2025\/wp-json\/wp\/v2\/categories?post=180436"},{"taxonomy":"post_tag","embeddable":true,"href":"https:\/\/canal7slp.tv\/2025\/wp-json\/wp\/v2\/tags?post=180436"}],"curies":[{"name":"wp","href":"https:\/\/api.w.org\/{rel}","templated":true}]}}