{"id":180430,"date":"2025-09-26T15:05:19","date_gmt":"2025-09-26T21:05:19","guid":{"rendered":"https:\/\/canal7slp.tv\/2025\/?p=180430"},"modified":"2025-09-26T15:05:19","modified_gmt":"2025-09-26T21:05:19","slug":"adan-augusto-niega-irregularidades-en-su-patrimonio","status":"publish","type":"post","link":"https:\/\/canal7slp.tv\/2025\/adan-augusto-niega-irregularidades-en-su-patrimonio\/","title":{"rendered":"Ad\u00e1n Augusto niega irregularidades en su patrimonio"},"content":{"rendered":"<p style=\"text-align: justify;\">\n<ul style=\"text-align: justify;\">\n<li>Atribuye se\u00f1alamientos a un \u201cataque de la derecha\u201d.<\/li>\n<\/ul>\n<p style=\"text-align: justify;\">M\u00e9xico.- El senador Ad\u00e1n Augusto L\u00f3pez Hern\u00e1ndez, coordinador de Morena en el Senado de la Rep\u00fablica, se refiri\u00f3 a las acusaciones sobre la omisi\u00f3n de ingresos millonarios en sus declaraciones patrimoniales de 2023 y 2024, calific\u00e1ndolas como un \u00abataque de la derecha conservadora\u00bb.<\/p>\n<p style=\"text-align: justify;\">Durante una conferencia de prensa, el legislador detall\u00f3 que sus ingresos declarados en 2023 fueron de 22.6 millones de pesos, mientras que en 2024 present\u00f3 activos por 24.5 millones de pesos por conceptos de servicios profesionales. Adicionalmente, explic\u00f3 que recibi\u00f3 aproximadamente 33 millones de pesos adicionales en 2023 derivados de una herencia paterna, producto de un juicio sucesorio en Estados Unidos, cuyos fondos fueron depositados en cuentas bancarias en Houston.<\/p>\n<p style=\"text-align: justify;\">Respecto a los se\u00f1alamientos por el presunto recibimiento de 8.9 millones de pesos de la empresa GH Servicios Empresariales, se\u00f1alada como \u00abfantasma\u00bb, L\u00f3pez Hern\u00e1ndez afirm\u00f3 que se trat\u00f3 de un pago l\u00edcito por servicios profesionales prestados. Mencion\u00f3 que la empresa tuvo un contratiempo fiscal en 2016, pero que posteriormente se le restituy\u00f3 su capacidad para operar de manera regular.<\/p>\n<p style=\"text-align: justify;\">El senador neg\u00f3 que las acusaciones provengan de un \u00abfuego amigo\u00bb dentro de su partido y afirm\u00f3 conocer la identidad de sus detractores, aunque se abstuvo de revelar nombres.<\/p>\n<p style=\"text-align: justify;\">\n","protected":false},"excerpt":{"rendered":"<p>Atribuye se\u00f1alamientos a un \u201cataque de la derecha\u201d. M\u00e9xico.- El senador Ad\u00e1n Augusto L\u00f3pez Hern\u00e1ndez, coordinador de Morena en el Senado de la Rep\u00fablica, se refiri\u00f3 a las acusaciones sobre la omisi\u00f3n de ingresos millonarios en sus declaraciones patrimoniales de 2023 y 2024, calific\u00e1ndolas como un \u00abataque de la derecha conservadora\u00bb. Durante una conferencia de prensa, el legislador detall\u00f3 que sus ingresos declarados en 2023 fueron de 22.6 millones de pesos, mientras que en 2024 present\u00f3 activos por 24.5 millones de pesos por conceptos de servicios profesionales. Adicionalmente, explic\u00f3 que recibi\u00f3 aproximadamente 33 millones de pesos adicionales en 2023 derivados [&hellip;]<\/p>\n","protected":false},"author":2,"featured_media":180431,"comment_status":"closed","ping_status":"closed","sticky":false,"template":"","format":"standard","meta":{"_monsterinsights_skip_tracking":false,"_monsterinsights_sitenote_active":false,"_monsterinsights_sitenote_note":"","_monsterinsights_sitenote_category":0,"footnotes":""},"categories":[46],"tags":[],"class_list":["post-180430","post","type-post","status-publish","format-standard","has-post-thumbnail","hentry","category-nacional","post--single"],"yoast_head":"<!-- This site is optimized with the Yoast SEO plugin v27.5 - https:\/\/yoast.com\/product\/yoast-seo-wordpress\/ -->\n<title>Ad\u00e1n Augusto niega irregularidades en su patrimonio - Canal 7 SLP - 2025<\/title>\n<meta name=\"robots\" content=\"index, follow, max-snippet:-1, max-image-preview:large, max-video-preview:-1\" \/>\n<link rel=\"canonical\" href=\"https:\/\/canal7slp.tv\/2025\/adan-augusto-niega-irregularidades-en-su-patrimonio\/\" \/>\n<meta property=\"og:locale\" content=\"es_ES\" \/>\n<meta property=\"og:type\" content=\"article\" \/>\n<meta property=\"og:title\" content=\"Ad\u00e1n Augusto niega irregularidades en su patrimonio - Canal 7 SLP - 2025\" \/>\n<meta property=\"og:description\" content=\"Atribuye se\u00f1alamientos a un \u201cataque de la derecha\u201d. M\u00e9xico.- El senador Ad\u00e1n Augusto L\u00f3pez Hern\u00e1ndez, coordinador de Morena en el Senado de la Rep\u00fablica, se refiri\u00f3 a las acusaciones sobre la omisi\u00f3n de ingresos millonarios en sus declaraciones patrimoniales de 2023 y 2024, calific\u00e1ndolas como un \u00abataque de la derecha conservadora\u00bb. Durante una conferencia de prensa, el legislador detall\u00f3 que sus ingresos declarados en 2023 fueron de 22.6 millones de pesos, mientras que en 2024 present\u00f3 activos por 24.5 millones de pesos por conceptos de servicios profesionales. Adicionalmente, explic\u00f3 que recibi\u00f3 aproximadamente 33 millones de pesos adicionales en 2023 derivados [&hellip;]\" \/>\n<meta property=\"og:url\" content=\"https:\/\/canal7slp.tv\/2025\/adan-augusto-niega-irregularidades-en-su-patrimonio\/\" \/>\n<meta property=\"og:site_name\" content=\"Canal 7 SLP - 2025\" \/>\n<meta property=\"article:publisher\" content=\"https:\/\/www.facebook.com\/noticieroscanal7atencionciudadana\/\" \/>\n<meta property=\"article:published_time\" content=\"2025-09-26T21:05:19+00:00\" \/>\n<meta property=\"og:image\" content=\"https:\/\/canal7slp.tv\/2025\/wp-content\/uploads\/2025\/09\/06-25.jpg\" \/>\n\t<meta property=\"og:image:width\" content=\"726\" \/>\n\t<meta property=\"og:image:height\" content=\"500\" \/>\n\t<meta property=\"og:image:type\" content=\"image\/jpeg\" \/>\n<meta name=\"author\" content=\"Edici\u00f3n Web\" \/>\n<meta name=\"twitter:card\" content=\"summary_large_image\" \/>\n<meta name=\"twitter:creator\" content=\"@NOTICIEROS7\" \/>\n<meta name=\"twitter:site\" content=\"@NOTICIEROS7\" \/>\n<meta name=\"twitter:label1\" content=\"Escrito por\" \/>\n\t<meta name=\"twitter:data1\" content=\"Edici\u00f3n Web\" \/>\n\t<meta name=\"twitter:label2\" content=\"Tiempo de lectura\" \/>\n\t<meta name=\"twitter:data2\" content=\"2 minutos\" \/>\n<script type=\"application\/ld+json\" class=\"yoast-schema-graph\">{\"@context\":\"https:\\\/\\\/schema.org\",\"@graph\":[{\"@type\":\"Article\",\"@id\":\"https:\\\/\\\/canal7slp.tv\\\/2025\\\/adan-augusto-niega-irregularidades-en-su-patrimonio\\\/#article\",\"isPartOf\":{\"@id\":\"https:\\\/\\\/canal7slp.tv\\\/2025\\\/adan-augusto-niega-irregularidades-en-su-patrimonio\\\/\"},\"author\":{\"name\":\"Edici\u00f3n Web\",\"@id\":\"https:\\\/\\\/canal7slp.tv\\\/2025\\\/#\\\/schema\\\/person\\\/271e2b60a96e7cc9d9ac296f4d7e414b\"},\"headline\":\"Ad\u00e1n Augusto niega irregularidades en su patrimonio\",\"datePublished\":\"2025-09-26T21:05:19+00:00\",\"mainEntityOfPage\":{\"@id\":\"https:\\\/\\\/canal7slp.tv\\\/2025\\\/adan-augusto-niega-irregularidades-en-su-patrimonio\\\/\"},\"wordCount\":221,\"publisher\":{\"@id\":\"https:\\\/\\\/canal7slp.tv\\\/2025\\\/#organization\"},\"image\":{\"@id\":\"https:\\\/\\\/canal7slp.tv\\\/2025\\\/adan-augusto-niega-irregularidades-en-su-patrimonio\\\/#primaryimage\"},\"thumbnailUrl\":\"https:\\\/\\\/canal7slp.tv\\\/2025\\\/wp-content\\\/uploads\\\/2025\\\/09\\\/06-25.jpg\",\"articleSection\":[\"NACIONALES\"],\"inLanguage\":\"es\"},{\"@type\":\"WebPage\",\"@id\":\"https:\\\/\\\/canal7slp.tv\\\/2025\\\/adan-augusto-niega-irregularidades-en-su-patrimonio\\\/\",\"url\":\"https:\\\/\\\/canal7slp.tv\\\/2025\\\/adan-augusto-niega-irregularidades-en-su-patrimonio\\\/\",\"name\":\"Ad\u00e1n Augusto niega irregularidades en su patrimonio - Canal 7 SLP - 2025\",\"isPartOf\":{\"@id\":\"https:\\\/\\\/canal7slp.tv\\\/2025\\\/#website\"},\"primaryImageOfPage\":{\"@id\":\"https:\\\/\\\/canal7slp.tv\\\/2025\\\/adan-augusto-niega-irregularidades-en-su-patrimonio\\\/#primaryimage\"},\"image\":{\"@id\":\"https:\\\/\\\/canal7slp.tv\\\/2025\\\/adan-augusto-niega-irregularidades-en-su-patrimonio\\\/#primaryimage\"},\"thumbnailUrl\":\"https:\\\/\\\/canal7slp.tv\\\/2025\\\/wp-content\\\/uploads\\\/2025\\\/09\\\/06-25.jpg\",\"datePublished\":\"2025-09-26T21:05:19+00:00\",\"breadcrumb\":{\"@id\":\"https:\\\/\\\/canal7slp.tv\\\/2025\\\/adan-augusto-niega-irregularidades-en-su-patrimonio\\\/#breadcrumb\"},\"inLanguage\":\"es\",\"potentialAction\":[{\"@type\":\"ReadAction\",\"target\":[\"https:\\\/\\\/canal7slp.tv\\\/2025\\\/adan-augusto-niega-irregularidades-en-su-patrimonio\\\/\"]}]},{\"@type\":\"ImageObject\",\"inLanguage\":\"es\",\"@id\":\"https:\\\/\\\/canal7slp.tv\\\/2025\\\/adan-augusto-niega-irregularidades-en-su-patrimonio\\\/#primaryimage\",\"url\":\"https:\\\/\\\/canal7slp.tv\\\/2025\\\/wp-content\\\/uploads\\\/2025\\\/09\\\/06-25.jpg\",\"contentUrl\":\"https:\\\/\\\/canal7slp.tv\\\/2025\\\/wp-content\\\/uploads\\\/2025\\\/09\\\/06-25.jpg\",\"width\":726,\"height\":500},{\"@type\":\"BreadcrumbList\",\"@id\":\"https:\\\/\\\/canal7slp.tv\\\/2025\\\/adan-augusto-niega-irregularidades-en-su-patrimonio\\\/#breadcrumb\",\"itemListElement\":[{\"@type\":\"ListItem\",\"position\":1,\"name\":\"Portada\",\"item\":\"https:\\\/\\\/canal7slp.tv\\\/2025\\\/\"},{\"@type\":\"ListItem\",\"position\":2,\"name\":\"Ad\u00e1n Augusto niega irregularidades en su patrimonio\"}]},{\"@type\":\"WebSite\",\"@id\":\"https:\\\/\\\/canal7slp.tv\\\/2025\\\/#website\",\"url\":\"https:\\\/\\\/canal7slp.tv\\\/2025\\\/\",\"name\":\"N7 - Noticieros Canal 7\",\"description\":\"Somos el Medio\",\"publisher\":{\"@id\":\"https:\\\/\\\/canal7slp.tv\\\/2025\\\/#organization\"},\"potentialAction\":[{\"@type\":\"SearchAction\",\"target\":{\"@type\":\"EntryPoint\",\"urlTemplate\":\"https:\\\/\\\/canal7slp.tv\\\/2025\\\/?s={search_term_string}\"},\"query-input\":{\"@type\":\"PropertyValueSpecification\",\"valueRequired\":true,\"valueName\":\"search_term_string\"}}],\"inLanguage\":\"es\"},{\"@type\":\"Organization\",\"@id\":\"https:\\\/\\\/canal7slp.tv\\\/2025\\\/#organization\",\"name\":\"Noticieros Canal 7\",\"url\":\"https:\\\/\\\/canal7slp.tv\\\/2025\\\/\",\"logo\":{\"@type\":\"ImageObject\",\"inLanguage\":\"es\",\"@id\":\"https:\\\/\\\/canal7slp.tv\\\/2025\\\/#\\\/schema\\\/logo\\\/image\\\/\",\"url\":\"https:\\\/\\\/canal7slp.tv\\\/2025\\\/wp-content\\\/uploads\\\/2021\\\/01\\\/logo-noticieros@2x.png\",\"contentUrl\":\"https:\\\/\\\/canal7slp.tv\\\/2025\\\/wp-content\\\/uploads\\\/2021\\\/01\\\/logo-noticieros@2x.png\",\"width\":1017,\"height\":268,\"caption\":\"Noticieros Canal 7\"},\"image\":{\"@id\":\"https:\\\/\\\/canal7slp.tv\\\/2025\\\/#\\\/schema\\\/logo\\\/image\\\/\"},\"sameAs\":[\"https:\\\/\\\/www.facebook.com\\\/noticieroscanal7atencionciudadana\\\/\",\"https:\\\/\\\/x.com\\\/NOTICIEROS7\",\"https:\\\/\\\/www.instagram.com\\\/canal7_slp\",\"https:\\\/\\\/www.youtube.com\\\/channel\\\/UCliiYs-gP3JfJeqdPrNdd5A\"]},{\"@type\":\"Person\",\"@id\":\"https:\\\/\\\/canal7slp.tv\\\/2025\\\/#\\\/schema\\\/person\\\/271e2b60a96e7cc9d9ac296f4d7e414b\",\"name\":\"Edici\u00f3n Web\",\"image\":{\"@type\":\"ImageObject\",\"inLanguage\":\"es\",\"@id\":\"https:\\\/\\\/secure.gravatar.com\\\/avatar\\\/eee448fc3f7164808013b816ba91ac7e43bbe82a70bebac296f8bc6f0addaa1a?s=96&d=mm&r=g\",\"url\":\"https:\\\/\\\/secure.gravatar.com\\\/avatar\\\/eee448fc3f7164808013b816ba91ac7e43bbe82a70bebac296f8bc6f0addaa1a?s=96&d=mm&r=g\",\"contentUrl\":\"https:\\\/\\\/secure.gravatar.com\\\/avatar\\\/eee448fc3f7164808013b816ba91ac7e43bbe82a70bebac296f8bc6f0addaa1a?s=96&d=mm&r=g\",\"caption\":\"Edici\u00f3n Web\"},\"url\":\"https:\\\/\\\/canal7slp.tv\\\/2025\\\/author\\\/edicionweb\\\/\"}]}<\/script>\n<!-- \/ Yoast SEO plugin. -->","yoast_head_json":{"title":"Ad\u00e1n Augusto niega irregularidades en su patrimonio - Canal 7 SLP - 2025","robots":{"index":"index","follow":"follow","max-snippet":"max-snippet:-1","max-image-preview":"max-image-preview:large","max-video-preview":"max-video-preview:-1"},"canonical":"https:\/\/canal7slp.tv\/2025\/adan-augusto-niega-irregularidades-en-su-patrimonio\/","og_locale":"es_ES","og_type":"article","og_title":"Ad\u00e1n Augusto niega irregularidades en su patrimonio - Canal 7 SLP - 2025","og_description":"Atribuye se\u00f1alamientos a un \u201cataque de la derecha\u201d. M\u00e9xico.- El senador Ad\u00e1n Augusto L\u00f3pez Hern\u00e1ndez, coordinador de Morena en el Senado de la Rep\u00fablica, se refiri\u00f3 a las acusaciones sobre la omisi\u00f3n de ingresos millonarios en sus declaraciones patrimoniales de 2023 y 2024, calific\u00e1ndolas como un \u00abataque de la derecha conservadora\u00bb. Durante una conferencia de prensa, el legislador detall\u00f3 que sus ingresos declarados en 2023 fueron de 22.6 millones de pesos, mientras que en 2024 present\u00f3 activos por 24.5 millones de pesos por conceptos de servicios profesionales. Adicionalmente, explic\u00f3 que recibi\u00f3 aproximadamente 33 millones de pesos adicionales en 2023 derivados [&hellip;]","og_url":"https:\/\/canal7slp.tv\/2025\/adan-augusto-niega-irregularidades-en-su-patrimonio\/","og_site_name":"Canal 7 SLP - 2025","article_publisher":"https:\/\/www.facebook.com\/noticieroscanal7atencionciudadana\/","article_published_time":"2025-09-26T21:05:19+00:00","og_image":[{"width":726,"height":500,"url":"https:\/\/canal7slp.tv\/2025\/wp-content\/uploads\/2025\/09\/06-25.jpg","type":"image\/jpeg"}],"author":"Edici\u00f3n Web","twitter_card":"summary_large_image","twitter_creator":"@NOTICIEROS7","twitter_site":"@NOTICIEROS7","twitter_misc":{"Escrito por":"Edici\u00f3n Web","Tiempo de lectura":"2 minutos"},"schema":{"@context":"https:\/\/schema.org","@graph":[{"@type":"Article","@id":"https:\/\/canal7slp.tv\/2025\/adan-augusto-niega-irregularidades-en-su-patrimonio\/#article","isPartOf":{"@id":"https:\/\/canal7slp.tv\/2025\/adan-augusto-niega-irregularidades-en-su-patrimonio\/"},"author":{"name":"Edici\u00f3n Web","@id":"https:\/\/canal7slp.tv\/2025\/#\/schema\/person\/271e2b60a96e7cc9d9ac296f4d7e414b"},"headline":"Ad\u00e1n Augusto niega irregularidades en su patrimonio","datePublished":"2025-09-26T21:05:19+00:00","mainEntityOfPage":{"@id":"https:\/\/canal7slp.tv\/2025\/adan-augusto-niega-irregularidades-en-su-patrimonio\/"},"wordCount":221,"publisher":{"@id":"https:\/\/canal7slp.tv\/2025\/#organization"},"image":{"@id":"https:\/\/canal7slp.tv\/2025\/adan-augusto-niega-irregularidades-en-su-patrimonio\/#primaryimage"},"thumbnailUrl":"https:\/\/canal7slp.tv\/2025\/wp-content\/uploads\/2025\/09\/06-25.jpg","articleSection":["NACIONALES"],"inLanguage":"es"},{"@type":"WebPage","@id":"https:\/\/canal7slp.tv\/2025\/adan-augusto-niega-irregularidades-en-su-patrimonio\/","url":"https:\/\/canal7slp.tv\/2025\/adan-augusto-niega-irregularidades-en-su-patrimonio\/","name":"Ad\u00e1n Augusto niega irregularidades en su patrimonio - Canal 7 SLP - 2025","isPartOf":{"@id":"https:\/\/canal7slp.tv\/2025\/#website"},"primaryImageOfPage":{"@id":"https:\/\/canal7slp.tv\/2025\/adan-augusto-niega-irregularidades-en-su-patrimonio\/#primaryimage"},"image":{"@id":"https:\/\/canal7slp.tv\/2025\/adan-augusto-niega-irregularidades-en-su-patrimonio\/#primaryimage"},"thumbnailUrl":"https:\/\/canal7slp.tv\/2025\/wp-content\/uploads\/2025\/09\/06-25.jpg","datePublished":"2025-09-26T21:05:19+00:00","breadcrumb":{"@id":"https:\/\/canal7slp.tv\/2025\/adan-augusto-niega-irregularidades-en-su-patrimonio\/#breadcrumb"},"inLanguage":"es","potentialAction":[{"@type":"ReadAction","target":["https:\/\/canal7slp.tv\/2025\/adan-augusto-niega-irregularidades-en-su-patrimonio\/"]}]},{"@type":"ImageObject","inLanguage":"es","@id":"https:\/\/canal7slp.tv\/2025\/adan-augusto-niega-irregularidades-en-su-patrimonio\/#primaryimage","url":"https:\/\/canal7slp.tv\/2025\/wp-content\/uploads\/2025\/09\/06-25.jpg","contentUrl":"https:\/\/canal7slp.tv\/2025\/wp-content\/uploads\/2025\/09\/06-25.jpg","width":726,"height":500},{"@type":"BreadcrumbList","@id":"https:\/\/canal7slp.tv\/2025\/adan-augusto-niega-irregularidades-en-su-patrimonio\/#breadcrumb","itemListElement":[{"@type":"ListItem","position":1,"name":"Portada","item":"https:\/\/canal7slp.tv\/2025\/"},{"@type":"ListItem","position":2,"name":"Ad\u00e1n Augusto niega irregularidades en su patrimonio"}]},{"@type":"WebSite","@id":"https:\/\/canal7slp.tv\/2025\/#website","url":"https:\/\/canal7slp.tv\/2025\/","name":"N7 - Noticieros Canal 7","description":"Somos el Medio","publisher":{"@id":"https:\/\/canal7slp.tv\/2025\/#organization"},"potentialAction":[{"@type":"SearchAction","target":{"@type":"EntryPoint","urlTemplate":"https:\/\/canal7slp.tv\/2025\/?s={search_term_string}"},"query-input":{"@type":"PropertyValueSpecification","valueRequired":true,"valueName":"search_term_string"}}],"inLanguage":"es"},{"@type":"Organization","@id":"https:\/\/canal7slp.tv\/2025\/#organization","name":"Noticieros Canal 7","url":"https:\/\/canal7slp.tv\/2025\/","logo":{"@type":"ImageObject","inLanguage":"es","@id":"https:\/\/canal7slp.tv\/2025\/#\/schema\/logo\/image\/","url":"https:\/\/canal7slp.tv\/2025\/wp-content\/uploads\/2021\/01\/logo-noticieros@2x.png","contentUrl":"https:\/\/canal7slp.tv\/2025\/wp-content\/uploads\/2021\/01\/logo-noticieros@2x.png","width":1017,"height":268,"caption":"Noticieros Canal 7"},"image":{"@id":"https:\/\/canal7slp.tv\/2025\/#\/schema\/logo\/image\/"},"sameAs":["https:\/\/www.facebook.com\/noticieroscanal7atencionciudadana\/","https:\/\/x.com\/NOTICIEROS7","https:\/\/www.instagram.com\/canal7_slp","https:\/\/www.youtube.com\/channel\/UCliiYs-gP3JfJeqdPrNdd5A"]},{"@type":"Person","@id":"https:\/\/canal7slp.tv\/2025\/#\/schema\/person\/271e2b60a96e7cc9d9ac296f4d7e414b","name":"Edici\u00f3n Web","image":{"@type":"ImageObject","inLanguage":"es","@id":"https:\/\/secure.gravatar.com\/avatar\/eee448fc3f7164808013b816ba91ac7e43bbe82a70bebac296f8bc6f0addaa1a?s=96&d=mm&r=g","url":"https:\/\/secure.gravatar.com\/avatar\/eee448fc3f7164808013b816ba91ac7e43bbe82a70bebac296f8bc6f0addaa1a?s=96&d=mm&r=g","contentUrl":"https:\/\/secure.gravatar.com\/avatar\/eee448fc3f7164808013b816ba91ac7e43bbe82a70bebac296f8bc6f0addaa1a?s=96&d=mm&r=g","caption":"Edici\u00f3n Web"},"url":"https:\/\/canal7slp.tv\/2025\/author\/edicionweb\/"}]}},"_links":{"self":[{"href":"https:\/\/canal7slp.tv\/2025\/wp-json\/wp\/v2\/posts\/180430","targetHints":{"allow":["GET"]}}],"collection":[{"href":"https:\/\/canal7slp.tv\/2025\/wp-json\/wp\/v2\/posts"}],"about":[{"href":"https:\/\/canal7slp.tv\/2025\/wp-json\/wp\/v2\/types\/post"}],"author":[{"embeddable":true,"href":"https:\/\/canal7slp.tv\/2025\/wp-json\/wp\/v2\/users\/2"}],"replies":[{"embeddable":true,"href":"https:\/\/canal7slp.tv\/2025\/wp-json\/wp\/v2\/comments?post=180430"}],"version-history":[{"count":1,"href":"https:\/\/canal7slp.tv\/2025\/wp-json\/wp\/v2\/posts\/180430\/revisions"}],"predecessor-version":[{"id":180432,"href":"https:\/\/canal7slp.tv\/2025\/wp-json\/wp\/v2\/posts\/180430\/revisions\/180432"}],"wp:featuredmedia":[{"embeddable":true,"href":"https:\/\/canal7slp.tv\/2025\/wp-json\/wp\/v2\/media\/180431"}],"wp:attachment":[{"href":"https:\/\/canal7slp.tv\/2025\/wp-json\/wp\/v2\/media?parent=180430"}],"wp:term":[{"taxonomy":"category","embeddable":true,"href":"https:\/\/canal7slp.tv\/2025\/wp-json\/wp\/v2\/categories?post=180430"},{"taxonomy":"post_tag","embeddable":true,"href":"https:\/\/canal7slp.tv\/2025\/wp-json\/wp\/v2\/tags?post=180430"}],"curies":[{"name":"wp","href":"https:\/\/api.w.org\/{rel}","templated":true}]}}