{"id":180271,"date":"2025-09-24T20:35:27","date_gmt":"2025-09-25T02:35:27","guid":{"rendered":"https:\/\/canal7slp.tv\/2025\/?p=180271"},"modified":"2025-09-25T13:51:05","modified_gmt":"2025-09-25T19:51:05","slug":"reo-se-fuga-del-reclusorio-oriente-de-la-cdmx","status":"publish","type":"post","link":"https:\/\/canal7slp.tv\/2025\/reo-se-fuga-del-reclusorio-oriente-de-la-cdmx\/","title":{"rendered":"Reo se fuga del Reclusorio Oriente de la CDMX"},"content":{"rendered":"<p class=\"ds-markdown-paragraph\" style=\"text-align: justify;\">Ciudad de M\u00e9xico.- La Secretar\u00eda de Seguridad Ciudadana (SSC) de la Ciudad de M\u00e9xico report\u00f3 la ausencia de una persona privada de la libertad durante un pase de lista realizado en el Reclusorio Oriente, localizado en la alcald\u00eda Iztapalapa.<\/p>\n<p class=\"ds-markdown-paragraph\" style=\"text-align: justify;\">Ant el hecho, se activaron los protocolos establecidos para su localizaci\u00f3n.<\/p>\n<p class=\"ds-markdown-paragraph\" style=\"text-align: justify;\">Asimismo, se solicit\u00f3 la intervenci\u00f3n de la Direcci\u00f3n General de Asuntos Internos para llevar a cabo las entrevistas correspondientes con los custodios que se encontraban de turno y as\u00ed integrar la carpeta de investigaci\u00f3n administrativa.<\/p>\n<p class=\"ds-markdown-paragraph\" style=\"text-align: justify;\">El personal custodio involucrado y el Director del penal fueron presentados ante el agente del Ministerio P\u00fablico para las diligencias legales pertinentes.<\/p>\n<p class=\"ds-markdown-paragraph\" style=\"text-align: justify;\">De forma paralela, se inici\u00f3 el an\u00e1lisis de las grabaciones de las c\u00e1maras de videovigilancia, tanto al interior como al exterior del centro penitenciario, con el objetivo de localizar a la persona y determinar las posibles omisiones en los protocolos de control y supervisi\u00f3n, lo que permitir\u00e1 aplicar las sanciones y medidas correctivas que correspondan.<\/p>\n<p class=\"ds-markdown-paragraph\" style=\"text-align: justify;\">Seg\u00fan los informes de la instituci\u00f3n, la persona buscada fue detenida en el mes de febrero del a\u00f1o en curso, acusada por el delito de tentativa de homicidio, luego de su presunta participaci\u00f3n en una ri\u00f1a donde habr\u00eda lesionado a vecinos con un arma blanca y un tubo en la alcald\u00eda Magdalena Contreras.<\/p>\n","protected":false},"excerpt":{"rendered":"<p>Ciudad de M\u00e9xico.- La Secretar\u00eda de Seguridad Ciudadana (SSC) de la Ciudad de M\u00e9xico report\u00f3 la ausencia de una persona privada de la libertad durante un pase de lista realizado en el Reclusorio Oriente, localizado en la alcald\u00eda Iztapalapa. Ant el hecho, se activaron los protocolos establecidos para su localizaci\u00f3n. Asimismo, se solicit\u00f3 la intervenci\u00f3n de la Direcci\u00f3n General de Asuntos Internos para llevar a cabo las entrevistas correspondientes con los custodios que se encontraban de turno y as\u00ed integrar la carpeta de investigaci\u00f3n administrativa. El personal custodio involucrado y el Director del penal fueron presentados ante el agente del [&hellip;]<\/p>\n","protected":false},"author":2,"featured_media":180272,"comment_status":"closed","ping_status":"closed","sticky":false,"template":"","format":"standard","meta":{"_monsterinsights_skip_tracking":false,"_monsterinsights_sitenote_active":false,"_monsterinsights_sitenote_note":"","_monsterinsights_sitenote_category":0,"footnotes":""},"categories":[46],"tags":[],"class_list":["post-180271","post","type-post","status-publish","format-standard","has-post-thumbnail","hentry","category-nacional","post--single"],"yoast_head":"<!-- This site is optimized with the Yoast SEO plugin v27.5 - https:\/\/yoast.com\/product\/yoast-seo-wordpress\/ -->\n<title>Reo se fuga del Reclusorio Oriente de la CDMX - Canal 7 SLP - 2025<\/title>\n<meta name=\"robots\" content=\"index, follow, max-snippet:-1, max-image-preview:large, max-video-preview:-1\" \/>\n<link rel=\"canonical\" href=\"https:\/\/canal7slp.tv\/2025\/reo-se-fuga-del-reclusorio-oriente-de-la-cdmx\/\" \/>\n<meta property=\"og:locale\" content=\"es_ES\" \/>\n<meta property=\"og:type\" content=\"article\" \/>\n<meta property=\"og:title\" content=\"Reo se fuga del Reclusorio Oriente de la CDMX - Canal 7 SLP - 2025\" \/>\n<meta property=\"og:description\" content=\"Ciudad de M\u00e9xico.- La Secretar\u00eda de Seguridad Ciudadana (SSC) de la Ciudad de M\u00e9xico report\u00f3 la ausencia de una persona privada de la libertad durante un pase de lista realizado en el Reclusorio Oriente, localizado en la alcald\u00eda Iztapalapa. Ant el hecho, se activaron los protocolos establecidos para su localizaci\u00f3n. Asimismo, se solicit\u00f3 la intervenci\u00f3n de la Direcci\u00f3n General de Asuntos Internos para llevar a cabo las entrevistas correspondientes con los custodios que se encontraban de turno y as\u00ed integrar la carpeta de investigaci\u00f3n administrativa. El personal custodio involucrado y el Director del penal fueron presentados ante el agente del [&hellip;]\" \/>\n<meta property=\"og:url\" content=\"https:\/\/canal7slp.tv\/2025\/reo-se-fuga-del-reclusorio-oriente-de-la-cdmx\/\" \/>\n<meta property=\"og:site_name\" content=\"Canal 7 SLP - 2025\" \/>\n<meta property=\"article:publisher\" content=\"https:\/\/www.facebook.com\/noticieroscanal7atencionciudadana\/\" \/>\n<meta property=\"article:published_time\" content=\"2025-09-25T02:35:27+00:00\" \/>\n<meta property=\"article:modified_time\" content=\"2025-09-25T19:51:05+00:00\" \/>\n<meta property=\"og:image\" content=\"https:\/\/canal7slp.tv\/2025\/wp-content\/uploads\/2025\/09\/00d.jpg\" \/>\n\t<meta property=\"og:image:width\" content=\"811\" \/>\n\t<meta property=\"og:image:height\" content=\"500\" \/>\n\t<meta property=\"og:image:type\" content=\"image\/jpeg\" \/>\n<meta name=\"author\" content=\"Edici\u00f3n Web\" \/>\n<meta name=\"twitter:card\" content=\"summary_large_image\" \/>\n<meta name=\"twitter:creator\" content=\"@NOTICIEROS7\" \/>\n<meta name=\"twitter:site\" content=\"@NOTICIEROS7\" \/>\n<meta name=\"twitter:label1\" content=\"Escrito por\" \/>\n\t<meta name=\"twitter:data1\" content=\"Edici\u00f3n Web\" \/>\n\t<meta name=\"twitter:label2\" content=\"Tiempo de lectura\" \/>\n\t<meta name=\"twitter:data2\" content=\"2 minutos\" \/>\n<script type=\"application\/ld+json\" class=\"yoast-schema-graph\">{\"@context\":\"https:\\\/\\\/schema.org\",\"@graph\":[{\"@type\":\"Article\",\"@id\":\"https:\\\/\\\/canal7slp.tv\\\/2025\\\/reo-se-fuga-del-reclusorio-oriente-de-la-cdmx\\\/#article\",\"isPartOf\":{\"@id\":\"https:\\\/\\\/canal7slp.tv\\\/2025\\\/reo-se-fuga-del-reclusorio-oriente-de-la-cdmx\\\/\"},\"author\":{\"name\":\"Edici\u00f3n Web\",\"@id\":\"https:\\\/\\\/canal7slp.tv\\\/2025\\\/#\\\/schema\\\/person\\\/271e2b60a96e7cc9d9ac296f4d7e414b\"},\"headline\":\"Reo se fuga del Reclusorio Oriente de la CDMX\",\"datePublished\":\"2025-09-25T02:35:27+00:00\",\"dateModified\":\"2025-09-25T19:51:05+00:00\",\"mainEntityOfPage\":{\"@id\":\"https:\\\/\\\/canal7slp.tv\\\/2025\\\/reo-se-fuga-del-reclusorio-oriente-de-la-cdmx\\\/\"},\"wordCount\":244,\"publisher\":{\"@id\":\"https:\\\/\\\/canal7slp.tv\\\/2025\\\/#organization\"},\"image\":{\"@id\":\"https:\\\/\\\/canal7slp.tv\\\/2025\\\/reo-se-fuga-del-reclusorio-oriente-de-la-cdmx\\\/#primaryimage\"},\"thumbnailUrl\":\"https:\\\/\\\/canal7slp.tv\\\/2025\\\/wp-content\\\/uploads\\\/2025\\\/09\\\/00d.jpg\",\"articleSection\":[\"NACIONALES\"],\"inLanguage\":\"es\"},{\"@type\":\"WebPage\",\"@id\":\"https:\\\/\\\/canal7slp.tv\\\/2025\\\/reo-se-fuga-del-reclusorio-oriente-de-la-cdmx\\\/\",\"url\":\"https:\\\/\\\/canal7slp.tv\\\/2025\\\/reo-se-fuga-del-reclusorio-oriente-de-la-cdmx\\\/\",\"name\":\"Reo se fuga del Reclusorio Oriente de la CDMX - Canal 7 SLP - 2025\",\"isPartOf\":{\"@id\":\"https:\\\/\\\/canal7slp.tv\\\/2025\\\/#website\"},\"primaryImageOfPage\":{\"@id\":\"https:\\\/\\\/canal7slp.tv\\\/2025\\\/reo-se-fuga-del-reclusorio-oriente-de-la-cdmx\\\/#primaryimage\"},\"image\":{\"@id\":\"https:\\\/\\\/canal7slp.tv\\\/2025\\\/reo-se-fuga-del-reclusorio-oriente-de-la-cdmx\\\/#primaryimage\"},\"thumbnailUrl\":\"https:\\\/\\\/canal7slp.tv\\\/2025\\\/wp-content\\\/uploads\\\/2025\\\/09\\\/00d.jpg\",\"datePublished\":\"2025-09-25T02:35:27+00:00\",\"dateModified\":\"2025-09-25T19:51:05+00:00\",\"breadcrumb\":{\"@id\":\"https:\\\/\\\/canal7slp.tv\\\/2025\\\/reo-se-fuga-del-reclusorio-oriente-de-la-cdmx\\\/#breadcrumb\"},\"inLanguage\":\"es\",\"potentialAction\":[{\"@type\":\"ReadAction\",\"target\":[\"https:\\\/\\\/canal7slp.tv\\\/2025\\\/reo-se-fuga-del-reclusorio-oriente-de-la-cdmx\\\/\"]}]},{\"@type\":\"ImageObject\",\"inLanguage\":\"es\",\"@id\":\"https:\\\/\\\/canal7slp.tv\\\/2025\\\/reo-se-fuga-del-reclusorio-oriente-de-la-cdmx\\\/#primaryimage\",\"url\":\"https:\\\/\\\/canal7slp.tv\\\/2025\\\/wp-content\\\/uploads\\\/2025\\\/09\\\/00d.jpg\",\"contentUrl\":\"https:\\\/\\\/canal7slp.tv\\\/2025\\\/wp-content\\\/uploads\\\/2025\\\/09\\\/00d.jpg\",\"width\":811,\"height\":500},{\"@type\":\"BreadcrumbList\",\"@id\":\"https:\\\/\\\/canal7slp.tv\\\/2025\\\/reo-se-fuga-del-reclusorio-oriente-de-la-cdmx\\\/#breadcrumb\",\"itemListElement\":[{\"@type\":\"ListItem\",\"position\":1,\"name\":\"Portada\",\"item\":\"https:\\\/\\\/canal7slp.tv\\\/2025\\\/\"},{\"@type\":\"ListItem\",\"position\":2,\"name\":\"Reo se fuga del Reclusorio Oriente de la CDMX\"}]},{\"@type\":\"WebSite\",\"@id\":\"https:\\\/\\\/canal7slp.tv\\\/2025\\\/#website\",\"url\":\"https:\\\/\\\/canal7slp.tv\\\/2025\\\/\",\"name\":\"N7 - Noticieros Canal 7\",\"description\":\"Somos el Medio\",\"publisher\":{\"@id\":\"https:\\\/\\\/canal7slp.tv\\\/2025\\\/#organization\"},\"potentialAction\":[{\"@type\":\"SearchAction\",\"target\":{\"@type\":\"EntryPoint\",\"urlTemplate\":\"https:\\\/\\\/canal7slp.tv\\\/2025\\\/?s={search_term_string}\"},\"query-input\":{\"@type\":\"PropertyValueSpecification\",\"valueRequired\":true,\"valueName\":\"search_term_string\"}}],\"inLanguage\":\"es\"},{\"@type\":\"Organization\",\"@id\":\"https:\\\/\\\/canal7slp.tv\\\/2025\\\/#organization\",\"name\":\"Noticieros Canal 7\",\"url\":\"https:\\\/\\\/canal7slp.tv\\\/2025\\\/\",\"logo\":{\"@type\":\"ImageObject\",\"inLanguage\":\"es\",\"@id\":\"https:\\\/\\\/canal7slp.tv\\\/2025\\\/#\\\/schema\\\/logo\\\/image\\\/\",\"url\":\"https:\\\/\\\/canal7slp.tv\\\/2025\\\/wp-content\\\/uploads\\\/2021\\\/01\\\/logo-noticieros@2x.png\",\"contentUrl\":\"https:\\\/\\\/canal7slp.tv\\\/2025\\\/wp-content\\\/uploads\\\/2021\\\/01\\\/logo-noticieros@2x.png\",\"width\":1017,\"height\":268,\"caption\":\"Noticieros Canal 7\"},\"image\":{\"@id\":\"https:\\\/\\\/canal7slp.tv\\\/2025\\\/#\\\/schema\\\/logo\\\/image\\\/\"},\"sameAs\":[\"https:\\\/\\\/www.facebook.com\\\/noticieroscanal7atencionciudadana\\\/\",\"https:\\\/\\\/x.com\\\/NOTICIEROS7\",\"https:\\\/\\\/www.instagram.com\\\/canal7_slp\",\"https:\\\/\\\/www.youtube.com\\\/channel\\\/UCliiYs-gP3JfJeqdPrNdd5A\"]},{\"@type\":\"Person\",\"@id\":\"https:\\\/\\\/canal7slp.tv\\\/2025\\\/#\\\/schema\\\/person\\\/271e2b60a96e7cc9d9ac296f4d7e414b\",\"name\":\"Edici\u00f3n Web\",\"image\":{\"@type\":\"ImageObject\",\"inLanguage\":\"es\",\"@id\":\"https:\\\/\\\/secure.gravatar.com\\\/avatar\\\/eee448fc3f7164808013b816ba91ac7e43bbe82a70bebac296f8bc6f0addaa1a?s=96&d=mm&r=g\",\"url\":\"https:\\\/\\\/secure.gravatar.com\\\/avatar\\\/eee448fc3f7164808013b816ba91ac7e43bbe82a70bebac296f8bc6f0addaa1a?s=96&d=mm&r=g\",\"contentUrl\":\"https:\\\/\\\/secure.gravatar.com\\\/avatar\\\/eee448fc3f7164808013b816ba91ac7e43bbe82a70bebac296f8bc6f0addaa1a?s=96&d=mm&r=g\",\"caption\":\"Edici\u00f3n Web\"},\"url\":\"https:\\\/\\\/canal7slp.tv\\\/2025\\\/author\\\/edicionweb\\\/\"}]}<\/script>\n<!-- \/ Yoast SEO plugin. -->","yoast_head_json":{"title":"Reo se fuga del Reclusorio Oriente de la CDMX - Canal 7 SLP - 2025","robots":{"index":"index","follow":"follow","max-snippet":"max-snippet:-1","max-image-preview":"max-image-preview:large","max-video-preview":"max-video-preview:-1"},"canonical":"https:\/\/canal7slp.tv\/2025\/reo-se-fuga-del-reclusorio-oriente-de-la-cdmx\/","og_locale":"es_ES","og_type":"article","og_title":"Reo se fuga del Reclusorio Oriente de la CDMX - Canal 7 SLP - 2025","og_description":"Ciudad de M\u00e9xico.- La Secretar\u00eda de Seguridad Ciudadana (SSC) de la Ciudad de M\u00e9xico report\u00f3 la ausencia de una persona privada de la libertad durante un pase de lista realizado en el Reclusorio Oriente, localizado en la alcald\u00eda Iztapalapa. Ant el hecho, se activaron los protocolos establecidos para su localizaci\u00f3n. Asimismo, se solicit\u00f3 la intervenci\u00f3n de la Direcci\u00f3n General de Asuntos Internos para llevar a cabo las entrevistas correspondientes con los custodios que se encontraban de turno y as\u00ed integrar la carpeta de investigaci\u00f3n administrativa. El personal custodio involucrado y el Director del penal fueron presentados ante el agente del [&hellip;]","og_url":"https:\/\/canal7slp.tv\/2025\/reo-se-fuga-del-reclusorio-oriente-de-la-cdmx\/","og_site_name":"Canal 7 SLP - 2025","article_publisher":"https:\/\/www.facebook.com\/noticieroscanal7atencionciudadana\/","article_published_time":"2025-09-25T02:35:27+00:00","article_modified_time":"2025-09-25T19:51:05+00:00","og_image":[{"width":811,"height":500,"url":"https:\/\/canal7slp.tv\/2025\/wp-content\/uploads\/2025\/09\/00d.jpg","type":"image\/jpeg"}],"author":"Edici\u00f3n Web","twitter_card":"summary_large_image","twitter_creator":"@NOTICIEROS7","twitter_site":"@NOTICIEROS7","twitter_misc":{"Escrito por":"Edici\u00f3n Web","Tiempo de lectura":"2 minutos"},"schema":{"@context":"https:\/\/schema.org","@graph":[{"@type":"Article","@id":"https:\/\/canal7slp.tv\/2025\/reo-se-fuga-del-reclusorio-oriente-de-la-cdmx\/#article","isPartOf":{"@id":"https:\/\/canal7slp.tv\/2025\/reo-se-fuga-del-reclusorio-oriente-de-la-cdmx\/"},"author":{"name":"Edici\u00f3n Web","@id":"https:\/\/canal7slp.tv\/2025\/#\/schema\/person\/271e2b60a96e7cc9d9ac296f4d7e414b"},"headline":"Reo se fuga del Reclusorio Oriente de la CDMX","datePublished":"2025-09-25T02:35:27+00:00","dateModified":"2025-09-25T19:51:05+00:00","mainEntityOfPage":{"@id":"https:\/\/canal7slp.tv\/2025\/reo-se-fuga-del-reclusorio-oriente-de-la-cdmx\/"},"wordCount":244,"publisher":{"@id":"https:\/\/canal7slp.tv\/2025\/#organization"},"image":{"@id":"https:\/\/canal7slp.tv\/2025\/reo-se-fuga-del-reclusorio-oriente-de-la-cdmx\/#primaryimage"},"thumbnailUrl":"https:\/\/canal7slp.tv\/2025\/wp-content\/uploads\/2025\/09\/00d.jpg","articleSection":["NACIONALES"],"inLanguage":"es"},{"@type":"WebPage","@id":"https:\/\/canal7slp.tv\/2025\/reo-se-fuga-del-reclusorio-oriente-de-la-cdmx\/","url":"https:\/\/canal7slp.tv\/2025\/reo-se-fuga-del-reclusorio-oriente-de-la-cdmx\/","name":"Reo se fuga del Reclusorio Oriente de la CDMX - Canal 7 SLP - 2025","isPartOf":{"@id":"https:\/\/canal7slp.tv\/2025\/#website"},"primaryImageOfPage":{"@id":"https:\/\/canal7slp.tv\/2025\/reo-se-fuga-del-reclusorio-oriente-de-la-cdmx\/#primaryimage"},"image":{"@id":"https:\/\/canal7slp.tv\/2025\/reo-se-fuga-del-reclusorio-oriente-de-la-cdmx\/#primaryimage"},"thumbnailUrl":"https:\/\/canal7slp.tv\/2025\/wp-content\/uploads\/2025\/09\/00d.jpg","datePublished":"2025-09-25T02:35:27+00:00","dateModified":"2025-09-25T19:51:05+00:00","breadcrumb":{"@id":"https:\/\/canal7slp.tv\/2025\/reo-se-fuga-del-reclusorio-oriente-de-la-cdmx\/#breadcrumb"},"inLanguage":"es","potentialAction":[{"@type":"ReadAction","target":["https:\/\/canal7slp.tv\/2025\/reo-se-fuga-del-reclusorio-oriente-de-la-cdmx\/"]}]},{"@type":"ImageObject","inLanguage":"es","@id":"https:\/\/canal7slp.tv\/2025\/reo-se-fuga-del-reclusorio-oriente-de-la-cdmx\/#primaryimage","url":"https:\/\/canal7slp.tv\/2025\/wp-content\/uploads\/2025\/09\/00d.jpg","contentUrl":"https:\/\/canal7slp.tv\/2025\/wp-content\/uploads\/2025\/09\/00d.jpg","width":811,"height":500},{"@type":"BreadcrumbList","@id":"https:\/\/canal7slp.tv\/2025\/reo-se-fuga-del-reclusorio-oriente-de-la-cdmx\/#breadcrumb","itemListElement":[{"@type":"ListItem","position":1,"name":"Portada","item":"https:\/\/canal7slp.tv\/2025\/"},{"@type":"ListItem","position":2,"name":"Reo se fuga del Reclusorio Oriente de la CDMX"}]},{"@type":"WebSite","@id":"https:\/\/canal7slp.tv\/2025\/#website","url":"https:\/\/canal7slp.tv\/2025\/","name":"N7 - Noticieros Canal 7","description":"Somos el Medio","publisher":{"@id":"https:\/\/canal7slp.tv\/2025\/#organization"},"potentialAction":[{"@type":"SearchAction","target":{"@type":"EntryPoint","urlTemplate":"https:\/\/canal7slp.tv\/2025\/?s={search_term_string}"},"query-input":{"@type":"PropertyValueSpecification","valueRequired":true,"valueName":"search_term_string"}}],"inLanguage":"es"},{"@type":"Organization","@id":"https:\/\/canal7slp.tv\/2025\/#organization","name":"Noticieros Canal 7","url":"https:\/\/canal7slp.tv\/2025\/","logo":{"@type":"ImageObject","inLanguage":"es","@id":"https:\/\/canal7slp.tv\/2025\/#\/schema\/logo\/image\/","url":"https:\/\/canal7slp.tv\/2025\/wp-content\/uploads\/2021\/01\/logo-noticieros@2x.png","contentUrl":"https:\/\/canal7slp.tv\/2025\/wp-content\/uploads\/2021\/01\/logo-noticieros@2x.png","width":1017,"height":268,"caption":"Noticieros Canal 7"},"image":{"@id":"https:\/\/canal7slp.tv\/2025\/#\/schema\/logo\/image\/"},"sameAs":["https:\/\/www.facebook.com\/noticieroscanal7atencionciudadana\/","https:\/\/x.com\/NOTICIEROS7","https:\/\/www.instagram.com\/canal7_slp","https:\/\/www.youtube.com\/channel\/UCliiYs-gP3JfJeqdPrNdd5A"]},{"@type":"Person","@id":"https:\/\/canal7slp.tv\/2025\/#\/schema\/person\/271e2b60a96e7cc9d9ac296f4d7e414b","name":"Edici\u00f3n Web","image":{"@type":"ImageObject","inLanguage":"es","@id":"https:\/\/secure.gravatar.com\/avatar\/eee448fc3f7164808013b816ba91ac7e43bbe82a70bebac296f8bc6f0addaa1a?s=96&d=mm&r=g","url":"https:\/\/secure.gravatar.com\/avatar\/eee448fc3f7164808013b816ba91ac7e43bbe82a70bebac296f8bc6f0addaa1a?s=96&d=mm&r=g","contentUrl":"https:\/\/secure.gravatar.com\/avatar\/eee448fc3f7164808013b816ba91ac7e43bbe82a70bebac296f8bc6f0addaa1a?s=96&d=mm&r=g","caption":"Edici\u00f3n Web"},"url":"https:\/\/canal7slp.tv\/2025\/author\/edicionweb\/"}]}},"_links":{"self":[{"href":"https:\/\/canal7slp.tv\/2025\/wp-json\/wp\/v2\/posts\/180271","targetHints":{"allow":["GET"]}}],"collection":[{"href":"https:\/\/canal7slp.tv\/2025\/wp-json\/wp\/v2\/posts"}],"about":[{"href":"https:\/\/canal7slp.tv\/2025\/wp-json\/wp\/v2\/types\/post"}],"author":[{"embeddable":true,"href":"https:\/\/canal7slp.tv\/2025\/wp-json\/wp\/v2\/users\/2"}],"replies":[{"embeddable":true,"href":"https:\/\/canal7slp.tv\/2025\/wp-json\/wp\/v2\/comments?post=180271"}],"version-history":[{"count":1,"href":"https:\/\/canal7slp.tv\/2025\/wp-json\/wp\/v2\/posts\/180271\/revisions"}],"predecessor-version":[{"id":180273,"href":"https:\/\/canal7slp.tv\/2025\/wp-json\/wp\/v2\/posts\/180271\/revisions\/180273"}],"wp:featuredmedia":[{"embeddable":true,"href":"https:\/\/canal7slp.tv\/2025\/wp-json\/wp\/v2\/media\/180272"}],"wp:attachment":[{"href":"https:\/\/canal7slp.tv\/2025\/wp-json\/wp\/v2\/media?parent=180271"}],"wp:term":[{"taxonomy":"category","embeddable":true,"href":"https:\/\/canal7slp.tv\/2025\/wp-json\/wp\/v2\/categories?post=180271"},{"taxonomy":"post_tag","embeddable":true,"href":"https:\/\/canal7slp.tv\/2025\/wp-json\/wp\/v2\/tags?post=180271"}],"curies":[{"name":"wp","href":"https:\/\/api.w.org\/{rel}","templated":true}]}}