{"id":180264,"date":"2025-09-24T20:17:08","date_gmt":"2025-09-25T02:17:08","guid":{"rendered":"https:\/\/canal7slp.tv\/2025\/?p=180264"},"modified":"2025-09-25T13:37:51","modified_gmt":"2025-09-25T19:37:51","slug":"el-empresario-fernando-chico-pardo-adquiere-25-de-grupo-financiero-banamex","status":"publish","type":"post","link":"https:\/\/canal7slp.tv\/2025\/el-empresario-fernando-chico-pardo-adquiere-25-de-grupo-financiero-banamex\/","title":{"rendered":"El empresario Fernando Chico Pardo adquiere 25% de Grupo Financiero Banamex"},"content":{"rendered":"<p style=\"text-align: justify;\">M\u00e9xico.- El empresario mexicano Fernando Chico Pardo acord\u00f3 la adquisici\u00f3n del 25% de las acciones de Grupo Financiero Banamex, seg\u00fan inform\u00f3 Citigroup este mi\u00e9rcoles.<\/p>\n<p style=\"text-align: justify;\">La transacci\u00f3n, valorada en aproximadamente 42,000 millones de pesos (2,300 millones de d\u00f3lares), implica la compra de alrededor de 520 millones de acciones.<\/p>\n<p style=\"text-align: justify;\">La operaci\u00f3n, que est\u00e1 sujeta a la aprobaci\u00f3n de las autoridades regulatorias mexicanas, se espera que se complete durante el segundo semestre de 2026.<\/p>\n<p style=\"text-align: justify;\">Al concretarse, Chico Pardo asumir\u00e1 la presidencia del Consejo de Administraci\u00f3n del Grupo Financiero Banamex, mientras que Manuel Romo continuar\u00e1 como director general de la instituci\u00f3n.<\/p>\n<p style=\"text-align: justify;\">Citigroup destac\u00f3 que esta transacci\u00f3n representa el inicio de una relaci\u00f3n estrat\u00e9gica con el empresario mexicano y complementa el proceso de oferta p\u00fablica inicial (OPI) que Banamex mantiene previsto para el futuro.<\/p>\n<p style=\"text-align: justify;\">La desinversi\u00f3n de Banamex forma parte de la estrategia global anunciada por Citi en enero de 2022 para enfocarse en su negocio de banca institucional.<\/p>\n<p style=\"text-align: justify;\">Fernando Chico Pardo, presidente del Consejo de Administraci\u00f3n de Grupo Aeroportuario del Sureste (ASUR) y considerado entre los empresarios m\u00e1s acaudalados de M\u00e9xico, se\u00f1al\u00f3 que su inversi\u00f3n refleja la confianza en el potencial de crecimiento de Banamex y en el desarrollo econ\u00f3mico del pa\u00eds.<\/p>\n<p style=\"text-align: justify;\">Banamex, fundado en 1884, cuenta con m\u00e1s de mil 200 sucursales y atiende a aproximadamente 23 millones de clientes en M\u00e9xico.<\/p>\n<p style=\"text-align: justify;\">Asimismo, la instituci\u00f3n mantiene una posici\u00f3n destacada en el sistema financiero mexicano, con presencia en sectores como afores, seguros y banca de consumo.<\/p>\n","protected":false},"excerpt":{"rendered":"<p>M\u00e9xico.- El empresario mexicano Fernando Chico Pardo acord\u00f3 la adquisici\u00f3n del 25% de las acciones de Grupo Financiero Banamex, seg\u00fan inform\u00f3 Citigroup este mi\u00e9rcoles. La transacci\u00f3n, valorada en aproximadamente 42,000 millones de pesos (2,300 millones de d\u00f3lares), implica la compra de alrededor de 520 millones de acciones. La operaci\u00f3n, que est\u00e1 sujeta a la aprobaci\u00f3n de las autoridades regulatorias mexicanas, se espera que se complete durante el segundo semestre de 2026. Al concretarse, Chico Pardo asumir\u00e1 la presidencia del Consejo de Administraci\u00f3n del Grupo Financiero Banamex, mientras que Manuel Romo continuar\u00e1 como director general de la instituci\u00f3n. Citigroup destac\u00f3 que [&hellip;]<\/p>\n","protected":false},"author":2,"featured_media":180265,"comment_status":"closed","ping_status":"closed","sticky":false,"template":"","format":"standard","meta":{"_monsterinsights_skip_tracking":false,"_monsterinsights_sitenote_active":false,"_monsterinsights_sitenote_note":"","_monsterinsights_sitenote_category":0,"footnotes":""},"categories":[40,46],"tags":[],"class_list":["post-180264","post","type-post","status-publish","format-standard","has-post-thumbnail","hentry","category-economia","category-nacional","post--single"],"yoast_head":"<!-- This site is optimized with the Yoast SEO plugin v27.5 - https:\/\/yoast.com\/product\/yoast-seo-wordpress\/ -->\n<title>El empresario Fernando Chico Pardo adquiere 25% de Grupo Financiero Banamex - Canal 7 SLP - 2025<\/title>\n<meta name=\"robots\" content=\"index, follow, max-snippet:-1, max-image-preview:large, max-video-preview:-1\" \/>\n<link rel=\"canonical\" href=\"https:\/\/canal7slp.tv\/2025\/el-empresario-fernando-chico-pardo-adquiere-25-de-grupo-financiero-banamex\/\" \/>\n<meta property=\"og:locale\" content=\"es_ES\" \/>\n<meta property=\"og:type\" content=\"article\" \/>\n<meta property=\"og:title\" content=\"El empresario Fernando Chico Pardo adquiere 25% de Grupo Financiero Banamex - Canal 7 SLP - 2025\" \/>\n<meta property=\"og:description\" content=\"M\u00e9xico.- El empresario mexicano Fernando Chico Pardo acord\u00f3 la adquisici\u00f3n del 25% de las acciones de Grupo Financiero Banamex, seg\u00fan inform\u00f3 Citigroup este mi\u00e9rcoles. La transacci\u00f3n, valorada en aproximadamente 42,000 millones de pesos (2,300 millones de d\u00f3lares), implica la compra de alrededor de 520 millones de acciones. La operaci\u00f3n, que est\u00e1 sujeta a la aprobaci\u00f3n de las autoridades regulatorias mexicanas, se espera que se complete durante el segundo semestre de 2026. Al concretarse, Chico Pardo asumir\u00e1 la presidencia del Consejo de Administraci\u00f3n del Grupo Financiero Banamex, mientras que Manuel Romo continuar\u00e1 como director general de la instituci\u00f3n. Citigroup destac\u00f3 que [&hellip;]\" \/>\n<meta property=\"og:url\" content=\"https:\/\/canal7slp.tv\/2025\/el-empresario-fernando-chico-pardo-adquiere-25-de-grupo-financiero-banamex\/\" \/>\n<meta property=\"og:site_name\" content=\"Canal 7 SLP - 2025\" \/>\n<meta property=\"article:publisher\" content=\"https:\/\/www.facebook.com\/noticieroscanal7atencionciudadana\/\" \/>\n<meta property=\"article:published_time\" content=\"2025-09-25T02:17:08+00:00\" \/>\n<meta property=\"article:modified_time\" content=\"2025-09-25T19:37:51+00:00\" \/>\n<meta property=\"og:image\" content=\"https:\/\/canal7slp.tv\/2025\/wp-content\/uploads\/2025\/09\/00b.jpg\" \/>\n\t<meta property=\"og:image:width\" content=\"728\" \/>\n\t<meta property=\"og:image:height\" content=\"410\" \/>\n\t<meta property=\"og:image:type\" content=\"image\/jpeg\" \/>\n<meta name=\"author\" content=\"Edici\u00f3n Web\" \/>\n<meta name=\"twitter:card\" content=\"summary_large_image\" \/>\n<meta name=\"twitter:creator\" content=\"@NOTICIEROS7\" \/>\n<meta name=\"twitter:site\" content=\"@NOTICIEROS7\" \/>\n<meta name=\"twitter:label1\" content=\"Escrito por\" \/>\n\t<meta name=\"twitter:data1\" content=\"Edici\u00f3n Web\" \/>\n\t<meta name=\"twitter:label2\" content=\"Tiempo de lectura\" \/>\n\t<meta name=\"twitter:data2\" content=\"2 minutos\" \/>\n<script type=\"application\/ld+json\" class=\"yoast-schema-graph\">{\"@context\":\"https:\\\/\\\/schema.org\",\"@graph\":[{\"@type\":\"Article\",\"@id\":\"https:\\\/\\\/canal7slp.tv\\\/2025\\\/el-empresario-fernando-chico-pardo-adquiere-25-de-grupo-financiero-banamex\\\/#article\",\"isPartOf\":{\"@id\":\"https:\\\/\\\/canal7slp.tv\\\/2025\\\/el-empresario-fernando-chico-pardo-adquiere-25-de-grupo-financiero-banamex\\\/\"},\"author\":{\"name\":\"Edici\u00f3n Web\",\"@id\":\"https:\\\/\\\/canal7slp.tv\\\/2025\\\/#\\\/schema\\\/person\\\/271e2b60a96e7cc9d9ac296f4d7e414b\"},\"headline\":\"El empresario Fernando Chico Pardo adquiere 25% de Grupo Financiero Banamex\",\"datePublished\":\"2025-09-25T02:17:08+00:00\",\"dateModified\":\"2025-09-25T19:37:51+00:00\",\"mainEntityOfPage\":{\"@id\":\"https:\\\/\\\/canal7slp.tv\\\/2025\\\/el-empresario-fernando-chico-pardo-adquiere-25-de-grupo-financiero-banamex\\\/\"},\"wordCount\":270,\"publisher\":{\"@id\":\"https:\\\/\\\/canal7slp.tv\\\/2025\\\/#organization\"},\"image\":{\"@id\":\"https:\\\/\\\/canal7slp.tv\\\/2025\\\/el-empresario-fernando-chico-pardo-adquiere-25-de-grupo-financiero-banamex\\\/#primaryimage\"},\"thumbnailUrl\":\"https:\\\/\\\/canal7slp.tv\\\/2025\\\/wp-content\\\/uploads\\\/2025\\\/09\\\/00b.jpg\",\"articleSection\":[\"ECONOM\u00cdA\",\"NACIONALES\"],\"inLanguage\":\"es\"},{\"@type\":\"WebPage\",\"@id\":\"https:\\\/\\\/canal7slp.tv\\\/2025\\\/el-empresario-fernando-chico-pardo-adquiere-25-de-grupo-financiero-banamex\\\/\",\"url\":\"https:\\\/\\\/canal7slp.tv\\\/2025\\\/el-empresario-fernando-chico-pardo-adquiere-25-de-grupo-financiero-banamex\\\/\",\"name\":\"El empresario Fernando Chico Pardo adquiere 25% de Grupo Financiero Banamex - Canal 7 SLP - 2025\",\"isPartOf\":{\"@id\":\"https:\\\/\\\/canal7slp.tv\\\/2025\\\/#website\"},\"primaryImageOfPage\":{\"@id\":\"https:\\\/\\\/canal7slp.tv\\\/2025\\\/el-empresario-fernando-chico-pardo-adquiere-25-de-grupo-financiero-banamex\\\/#primaryimage\"},\"image\":{\"@id\":\"https:\\\/\\\/canal7slp.tv\\\/2025\\\/el-empresario-fernando-chico-pardo-adquiere-25-de-grupo-financiero-banamex\\\/#primaryimage\"},\"thumbnailUrl\":\"https:\\\/\\\/canal7slp.tv\\\/2025\\\/wp-content\\\/uploads\\\/2025\\\/09\\\/00b.jpg\",\"datePublished\":\"2025-09-25T02:17:08+00:00\",\"dateModified\":\"2025-09-25T19:37:51+00:00\",\"breadcrumb\":{\"@id\":\"https:\\\/\\\/canal7slp.tv\\\/2025\\\/el-empresario-fernando-chico-pardo-adquiere-25-de-grupo-financiero-banamex\\\/#breadcrumb\"},\"inLanguage\":\"es\",\"potentialAction\":[{\"@type\":\"ReadAction\",\"target\":[\"https:\\\/\\\/canal7slp.tv\\\/2025\\\/el-empresario-fernando-chico-pardo-adquiere-25-de-grupo-financiero-banamex\\\/\"]}]},{\"@type\":\"ImageObject\",\"inLanguage\":\"es\",\"@id\":\"https:\\\/\\\/canal7slp.tv\\\/2025\\\/el-empresario-fernando-chico-pardo-adquiere-25-de-grupo-financiero-banamex\\\/#primaryimage\",\"url\":\"https:\\\/\\\/canal7slp.tv\\\/2025\\\/wp-content\\\/uploads\\\/2025\\\/09\\\/00b.jpg\",\"contentUrl\":\"https:\\\/\\\/canal7slp.tv\\\/2025\\\/wp-content\\\/uploads\\\/2025\\\/09\\\/00b.jpg\",\"width\":728,\"height\":410},{\"@type\":\"BreadcrumbList\",\"@id\":\"https:\\\/\\\/canal7slp.tv\\\/2025\\\/el-empresario-fernando-chico-pardo-adquiere-25-de-grupo-financiero-banamex\\\/#breadcrumb\",\"itemListElement\":[{\"@type\":\"ListItem\",\"position\":1,\"name\":\"Portada\",\"item\":\"https:\\\/\\\/canal7slp.tv\\\/2025\\\/\"},{\"@type\":\"ListItem\",\"position\":2,\"name\":\"El empresario Fernando Chico Pardo adquiere 25% de Grupo Financiero Banamex\"}]},{\"@type\":\"WebSite\",\"@id\":\"https:\\\/\\\/canal7slp.tv\\\/2025\\\/#website\",\"url\":\"https:\\\/\\\/canal7slp.tv\\\/2025\\\/\",\"name\":\"N7 - Noticieros Canal 7\",\"description\":\"Somos el Medio\",\"publisher\":{\"@id\":\"https:\\\/\\\/canal7slp.tv\\\/2025\\\/#organization\"},\"potentialAction\":[{\"@type\":\"SearchAction\",\"target\":{\"@type\":\"EntryPoint\",\"urlTemplate\":\"https:\\\/\\\/canal7slp.tv\\\/2025\\\/?s={search_term_string}\"},\"query-input\":{\"@type\":\"PropertyValueSpecification\",\"valueRequired\":true,\"valueName\":\"search_term_string\"}}],\"inLanguage\":\"es\"},{\"@type\":\"Organization\",\"@id\":\"https:\\\/\\\/canal7slp.tv\\\/2025\\\/#organization\",\"name\":\"Noticieros Canal 7\",\"url\":\"https:\\\/\\\/canal7slp.tv\\\/2025\\\/\",\"logo\":{\"@type\":\"ImageObject\",\"inLanguage\":\"es\",\"@id\":\"https:\\\/\\\/canal7slp.tv\\\/2025\\\/#\\\/schema\\\/logo\\\/image\\\/\",\"url\":\"https:\\\/\\\/canal7slp.tv\\\/2025\\\/wp-content\\\/uploads\\\/2021\\\/01\\\/logo-noticieros@2x.png\",\"contentUrl\":\"https:\\\/\\\/canal7slp.tv\\\/2025\\\/wp-content\\\/uploads\\\/2021\\\/01\\\/logo-noticieros@2x.png\",\"width\":1017,\"height\":268,\"caption\":\"Noticieros Canal 7\"},\"image\":{\"@id\":\"https:\\\/\\\/canal7slp.tv\\\/2025\\\/#\\\/schema\\\/logo\\\/image\\\/\"},\"sameAs\":[\"https:\\\/\\\/www.facebook.com\\\/noticieroscanal7atencionciudadana\\\/\",\"https:\\\/\\\/x.com\\\/NOTICIEROS7\",\"https:\\\/\\\/www.instagram.com\\\/canal7_slp\",\"https:\\\/\\\/www.youtube.com\\\/channel\\\/UCliiYs-gP3JfJeqdPrNdd5A\"]},{\"@type\":\"Person\",\"@id\":\"https:\\\/\\\/canal7slp.tv\\\/2025\\\/#\\\/schema\\\/person\\\/271e2b60a96e7cc9d9ac296f4d7e414b\",\"name\":\"Edici\u00f3n Web\",\"image\":{\"@type\":\"ImageObject\",\"inLanguage\":\"es\",\"@id\":\"https:\\\/\\\/secure.gravatar.com\\\/avatar\\\/eee448fc3f7164808013b816ba91ac7e43bbe82a70bebac296f8bc6f0addaa1a?s=96&d=mm&r=g\",\"url\":\"https:\\\/\\\/secure.gravatar.com\\\/avatar\\\/eee448fc3f7164808013b816ba91ac7e43bbe82a70bebac296f8bc6f0addaa1a?s=96&d=mm&r=g\",\"contentUrl\":\"https:\\\/\\\/secure.gravatar.com\\\/avatar\\\/eee448fc3f7164808013b816ba91ac7e43bbe82a70bebac296f8bc6f0addaa1a?s=96&d=mm&r=g\",\"caption\":\"Edici\u00f3n Web\"},\"url\":\"https:\\\/\\\/canal7slp.tv\\\/2025\\\/author\\\/edicionweb\\\/\"}]}<\/script>\n<!-- \/ Yoast SEO plugin. -->","yoast_head_json":{"title":"El empresario Fernando Chico Pardo adquiere 25% de Grupo Financiero Banamex - Canal 7 SLP - 2025","robots":{"index":"index","follow":"follow","max-snippet":"max-snippet:-1","max-image-preview":"max-image-preview:large","max-video-preview":"max-video-preview:-1"},"canonical":"https:\/\/canal7slp.tv\/2025\/el-empresario-fernando-chico-pardo-adquiere-25-de-grupo-financiero-banamex\/","og_locale":"es_ES","og_type":"article","og_title":"El empresario Fernando Chico Pardo adquiere 25% de Grupo Financiero Banamex - Canal 7 SLP - 2025","og_description":"M\u00e9xico.- El empresario mexicano Fernando Chico Pardo acord\u00f3 la adquisici\u00f3n del 25% de las acciones de Grupo Financiero Banamex, seg\u00fan inform\u00f3 Citigroup este mi\u00e9rcoles. La transacci\u00f3n, valorada en aproximadamente 42,000 millones de pesos (2,300 millones de d\u00f3lares), implica la compra de alrededor de 520 millones de acciones. La operaci\u00f3n, que est\u00e1 sujeta a la aprobaci\u00f3n de las autoridades regulatorias mexicanas, se espera que se complete durante el segundo semestre de 2026. Al concretarse, Chico Pardo asumir\u00e1 la presidencia del Consejo de Administraci\u00f3n del Grupo Financiero Banamex, mientras que Manuel Romo continuar\u00e1 como director general de la instituci\u00f3n. Citigroup destac\u00f3 que [&hellip;]","og_url":"https:\/\/canal7slp.tv\/2025\/el-empresario-fernando-chico-pardo-adquiere-25-de-grupo-financiero-banamex\/","og_site_name":"Canal 7 SLP - 2025","article_publisher":"https:\/\/www.facebook.com\/noticieroscanal7atencionciudadana\/","article_published_time":"2025-09-25T02:17:08+00:00","article_modified_time":"2025-09-25T19:37:51+00:00","og_image":[{"width":728,"height":410,"url":"https:\/\/canal7slp.tv\/2025\/wp-content\/uploads\/2025\/09\/00b.jpg","type":"image\/jpeg"}],"author":"Edici\u00f3n Web","twitter_card":"summary_large_image","twitter_creator":"@NOTICIEROS7","twitter_site":"@NOTICIEROS7","twitter_misc":{"Escrito por":"Edici\u00f3n Web","Tiempo de lectura":"2 minutos"},"schema":{"@context":"https:\/\/schema.org","@graph":[{"@type":"Article","@id":"https:\/\/canal7slp.tv\/2025\/el-empresario-fernando-chico-pardo-adquiere-25-de-grupo-financiero-banamex\/#article","isPartOf":{"@id":"https:\/\/canal7slp.tv\/2025\/el-empresario-fernando-chico-pardo-adquiere-25-de-grupo-financiero-banamex\/"},"author":{"name":"Edici\u00f3n Web","@id":"https:\/\/canal7slp.tv\/2025\/#\/schema\/person\/271e2b60a96e7cc9d9ac296f4d7e414b"},"headline":"El empresario Fernando Chico Pardo adquiere 25% de Grupo Financiero Banamex","datePublished":"2025-09-25T02:17:08+00:00","dateModified":"2025-09-25T19:37:51+00:00","mainEntityOfPage":{"@id":"https:\/\/canal7slp.tv\/2025\/el-empresario-fernando-chico-pardo-adquiere-25-de-grupo-financiero-banamex\/"},"wordCount":270,"publisher":{"@id":"https:\/\/canal7slp.tv\/2025\/#organization"},"image":{"@id":"https:\/\/canal7slp.tv\/2025\/el-empresario-fernando-chico-pardo-adquiere-25-de-grupo-financiero-banamex\/#primaryimage"},"thumbnailUrl":"https:\/\/canal7slp.tv\/2025\/wp-content\/uploads\/2025\/09\/00b.jpg","articleSection":["ECONOM\u00cdA","NACIONALES"],"inLanguage":"es"},{"@type":"WebPage","@id":"https:\/\/canal7slp.tv\/2025\/el-empresario-fernando-chico-pardo-adquiere-25-de-grupo-financiero-banamex\/","url":"https:\/\/canal7slp.tv\/2025\/el-empresario-fernando-chico-pardo-adquiere-25-de-grupo-financiero-banamex\/","name":"El empresario Fernando Chico Pardo adquiere 25% de Grupo Financiero Banamex - Canal 7 SLP - 2025","isPartOf":{"@id":"https:\/\/canal7slp.tv\/2025\/#website"},"primaryImageOfPage":{"@id":"https:\/\/canal7slp.tv\/2025\/el-empresario-fernando-chico-pardo-adquiere-25-de-grupo-financiero-banamex\/#primaryimage"},"image":{"@id":"https:\/\/canal7slp.tv\/2025\/el-empresario-fernando-chico-pardo-adquiere-25-de-grupo-financiero-banamex\/#primaryimage"},"thumbnailUrl":"https:\/\/canal7slp.tv\/2025\/wp-content\/uploads\/2025\/09\/00b.jpg","datePublished":"2025-09-25T02:17:08+00:00","dateModified":"2025-09-25T19:37:51+00:00","breadcrumb":{"@id":"https:\/\/canal7slp.tv\/2025\/el-empresario-fernando-chico-pardo-adquiere-25-de-grupo-financiero-banamex\/#breadcrumb"},"inLanguage":"es","potentialAction":[{"@type":"ReadAction","target":["https:\/\/canal7slp.tv\/2025\/el-empresario-fernando-chico-pardo-adquiere-25-de-grupo-financiero-banamex\/"]}]},{"@type":"ImageObject","inLanguage":"es","@id":"https:\/\/canal7slp.tv\/2025\/el-empresario-fernando-chico-pardo-adquiere-25-de-grupo-financiero-banamex\/#primaryimage","url":"https:\/\/canal7slp.tv\/2025\/wp-content\/uploads\/2025\/09\/00b.jpg","contentUrl":"https:\/\/canal7slp.tv\/2025\/wp-content\/uploads\/2025\/09\/00b.jpg","width":728,"height":410},{"@type":"BreadcrumbList","@id":"https:\/\/canal7slp.tv\/2025\/el-empresario-fernando-chico-pardo-adquiere-25-de-grupo-financiero-banamex\/#breadcrumb","itemListElement":[{"@type":"ListItem","position":1,"name":"Portada","item":"https:\/\/canal7slp.tv\/2025\/"},{"@type":"ListItem","position":2,"name":"El empresario Fernando Chico Pardo adquiere 25% de Grupo Financiero Banamex"}]},{"@type":"WebSite","@id":"https:\/\/canal7slp.tv\/2025\/#website","url":"https:\/\/canal7slp.tv\/2025\/","name":"N7 - Noticieros Canal 7","description":"Somos el Medio","publisher":{"@id":"https:\/\/canal7slp.tv\/2025\/#organization"},"potentialAction":[{"@type":"SearchAction","target":{"@type":"EntryPoint","urlTemplate":"https:\/\/canal7slp.tv\/2025\/?s={search_term_string}"},"query-input":{"@type":"PropertyValueSpecification","valueRequired":true,"valueName":"search_term_string"}}],"inLanguage":"es"},{"@type":"Organization","@id":"https:\/\/canal7slp.tv\/2025\/#organization","name":"Noticieros Canal 7","url":"https:\/\/canal7slp.tv\/2025\/","logo":{"@type":"ImageObject","inLanguage":"es","@id":"https:\/\/canal7slp.tv\/2025\/#\/schema\/logo\/image\/","url":"https:\/\/canal7slp.tv\/2025\/wp-content\/uploads\/2021\/01\/logo-noticieros@2x.png","contentUrl":"https:\/\/canal7slp.tv\/2025\/wp-content\/uploads\/2021\/01\/logo-noticieros@2x.png","width":1017,"height":268,"caption":"Noticieros Canal 7"},"image":{"@id":"https:\/\/canal7slp.tv\/2025\/#\/schema\/logo\/image\/"},"sameAs":["https:\/\/www.facebook.com\/noticieroscanal7atencionciudadana\/","https:\/\/x.com\/NOTICIEROS7","https:\/\/www.instagram.com\/canal7_slp","https:\/\/www.youtube.com\/channel\/UCliiYs-gP3JfJeqdPrNdd5A"]},{"@type":"Person","@id":"https:\/\/canal7slp.tv\/2025\/#\/schema\/person\/271e2b60a96e7cc9d9ac296f4d7e414b","name":"Edici\u00f3n Web","image":{"@type":"ImageObject","inLanguage":"es","@id":"https:\/\/secure.gravatar.com\/avatar\/eee448fc3f7164808013b816ba91ac7e43bbe82a70bebac296f8bc6f0addaa1a?s=96&d=mm&r=g","url":"https:\/\/secure.gravatar.com\/avatar\/eee448fc3f7164808013b816ba91ac7e43bbe82a70bebac296f8bc6f0addaa1a?s=96&d=mm&r=g","contentUrl":"https:\/\/secure.gravatar.com\/avatar\/eee448fc3f7164808013b816ba91ac7e43bbe82a70bebac296f8bc6f0addaa1a?s=96&d=mm&r=g","caption":"Edici\u00f3n Web"},"url":"https:\/\/canal7slp.tv\/2025\/author\/edicionweb\/"}]}},"_links":{"self":[{"href":"https:\/\/canal7slp.tv\/2025\/wp-json\/wp\/v2\/posts\/180264","targetHints":{"allow":["GET"]}}],"collection":[{"href":"https:\/\/canal7slp.tv\/2025\/wp-json\/wp\/v2\/posts"}],"about":[{"href":"https:\/\/canal7slp.tv\/2025\/wp-json\/wp\/v2\/types\/post"}],"author":[{"embeddable":true,"href":"https:\/\/canal7slp.tv\/2025\/wp-json\/wp\/v2\/users\/2"}],"replies":[{"embeddable":true,"href":"https:\/\/canal7slp.tv\/2025\/wp-json\/wp\/v2\/comments?post=180264"}],"version-history":[{"count":2,"href":"https:\/\/canal7slp.tv\/2025\/wp-json\/wp\/v2\/posts\/180264\/revisions"}],"predecessor-version":[{"id":180267,"href":"https:\/\/canal7slp.tv\/2025\/wp-json\/wp\/v2\/posts\/180264\/revisions\/180267"}],"wp:featuredmedia":[{"embeddable":true,"href":"https:\/\/canal7slp.tv\/2025\/wp-json\/wp\/v2\/media\/180265"}],"wp:attachment":[{"href":"https:\/\/canal7slp.tv\/2025\/wp-json\/wp\/v2\/media?parent=180264"}],"wp:term":[{"taxonomy":"category","embeddable":true,"href":"https:\/\/canal7slp.tv\/2025\/wp-json\/wp\/v2\/categories?post=180264"},{"taxonomy":"post_tag","embeddable":true,"href":"https:\/\/canal7slp.tv\/2025\/wp-json\/wp\/v2\/tags?post=180264"}],"curies":[{"name":"wp","href":"https:\/\/api.w.org\/{rel}","templated":true}]}}