{"id":180246,"date":"2025-09-24T19:38:36","date_gmt":"2025-09-25T01:38:36","guid":{"rendered":"https:\/\/canal7slp.tv\/2025\/?p=180246"},"modified":"2025-09-24T19:40:20","modified_gmt":"2025-09-25T01:40:20","slug":"tfja-acumula-30-denuncias-por-violencia-laboral-contra-magistrados","status":"publish","type":"post","link":"https:\/\/canal7slp.tv\/2025\/tfja-acumula-30-denuncias-por-violencia-laboral-contra-magistrados\/","title":{"rendered":"TFJA acumula 30 denuncias por violencia laboral contra magistrados"},"content":{"rendered":"<p style=\"text-align: justify;\">M\u00e9xico.- De 2020 a 2025, se presentaron 30 denuncias por violencia laboral contra magistrados del Tribunal Federal de Justicia Administrativa (TFJA), de las cuales solo en dos casos se determin\u00f3 la existencia de actos u omisiones, pero no se aplicaron sanciones a los funcionarios responsables. As\u00ed lo revela informaci\u00f3n obtenida mediante la Plataforma Nacional de Transparencia.<\/p>\n<p style=\"text-align: justify;\">De acuerdo con los registros oficiales, 24 denuncias fueron concluidas mediante \u00abacuerdo de conclusi\u00f3n y archivo del expediente\u00bb, mientras que cuatro se mantienen en tr\u00e1mite. En los dos casos donde se reconocieron irregularidades, las faltas fueron calificadas como \u00abno graves\u00bb, lo que impidi\u00f3 la imposici\u00f3n de sanciones.<\/p>\n<p style=\"text-align: justify;\">Paralelamente, en el mismo periodo se registraron 45 juicios laborales en los que trabajadores del TFJA invocaron la figura de \u00abdespido injustificado\u00bb. La instituci\u00f3n confirm\u00f3 12 bajas de personal por \u00abp\u00e9rdida de confianza\u00bb entre 2020 y 2025, aunque se\u00f1al\u00f3 que no existe ninguna condena firme que obligue a la reinstalaci\u00f3n de servidores p\u00fablicos.<\/p>\n<p style=\"text-align: justify;\">Recientemente se dio a conocer una denuncia por acoso y violencia laboral presentada en octubre de 2024 contra el magistrado Julio \u00c1ngel Sabines Chesterking, la cual fue archivada en marzo de 2025 sin medidas disciplinarias. Casos similares involucran a los magistrados Jorge Octavio Guti\u00e9rrez Vargas y Gerardo Brizuela Gayt\u00e1n.<\/p>\n<p style=\"text-align: justify;\">El TFJA, dependiente del Poder Ejecutivo y \u00fanico \u00f3rgano excluido de la Reforma Judicial, ha sido se\u00f1alado por organizaciones por presuntas pr\u00e1cticas de opacidad y por la falta de aplicaci\u00f3n de su propio \u00abProtocolo para la prevenci\u00f3n, atenci\u00f3n y sanci\u00f3n de la violencia laboral\u00bb. Las denuncias incluyen presuntos casos de hostigamiento, humillaciones p\u00fablicas y amenazas a trabajadores.<\/p>\n<p style=\"text-align: justify;\">\n","protected":false},"excerpt":{"rendered":"<p>M\u00e9xico.- De 2020 a 2025, se presentaron 30 denuncias por violencia laboral contra magistrados del Tribunal Federal de Justicia Administrativa (TFJA), de las cuales solo en dos casos se determin\u00f3 la existencia de actos u omisiones, pero no se aplicaron sanciones a los funcionarios responsables. As\u00ed lo revela informaci\u00f3n obtenida mediante la Plataforma Nacional de Transparencia. De acuerdo con los registros oficiales, 24 denuncias fueron concluidas mediante \u00abacuerdo de conclusi\u00f3n y archivo del expediente\u00bb, mientras que cuatro se mantienen en tr\u00e1mite. En los dos casos donde se reconocieron irregularidades, las faltas fueron calificadas como \u00abno graves\u00bb, lo que impidi\u00f3 la [&hellip;]<\/p>\n","protected":false},"author":2,"featured_media":180247,"comment_status":"closed","ping_status":"closed","sticky":false,"template":"","format":"standard","meta":{"_monsterinsights_skip_tracking":false,"_monsterinsights_sitenote_active":false,"_monsterinsights_sitenote_note":"","_monsterinsights_sitenote_category":0,"footnotes":""},"categories":[46],"tags":[],"class_list":["post-180246","post","type-post","status-publish","format-standard","has-post-thumbnail","hentry","category-nacional","post--single"],"yoast_head":"<!-- This site is optimized with the Yoast SEO plugin v27.4 - https:\/\/yoast.com\/product\/yoast-seo-wordpress\/ -->\n<title>TFJA acumula 30 denuncias por violencia laboral contra magistrados - Canal 7 SLP - 2025<\/title>\n<meta name=\"robots\" content=\"index, follow, max-snippet:-1, max-image-preview:large, max-video-preview:-1\" \/>\n<link rel=\"canonical\" href=\"https:\/\/canal7slp.tv\/2025\/tfja-acumula-30-denuncias-por-violencia-laboral-contra-magistrados\/\" \/>\n<meta property=\"og:locale\" content=\"es_ES\" \/>\n<meta property=\"og:type\" content=\"article\" \/>\n<meta property=\"og:title\" content=\"TFJA acumula 30 denuncias por violencia laboral contra magistrados - Canal 7 SLP - 2025\" \/>\n<meta property=\"og:description\" content=\"M\u00e9xico.- De 2020 a 2025, se presentaron 30 denuncias por violencia laboral contra magistrados del Tribunal Federal de Justicia Administrativa (TFJA), de las cuales solo en dos casos se determin\u00f3 la existencia de actos u omisiones, pero no se aplicaron sanciones a los funcionarios responsables. As\u00ed lo revela informaci\u00f3n obtenida mediante la Plataforma Nacional de Transparencia. De acuerdo con los registros oficiales, 24 denuncias fueron concluidas mediante \u00abacuerdo de conclusi\u00f3n y archivo del expediente\u00bb, mientras que cuatro se mantienen en tr\u00e1mite. En los dos casos donde se reconocieron irregularidades, las faltas fueron calificadas como \u00abno graves\u00bb, lo que impidi\u00f3 la [&hellip;]\" \/>\n<meta property=\"og:url\" content=\"https:\/\/canal7slp.tv\/2025\/tfja-acumula-30-denuncias-por-violencia-laboral-contra-magistrados\/\" \/>\n<meta property=\"og:site_name\" content=\"Canal 7 SLP - 2025\" \/>\n<meta property=\"article:publisher\" content=\"https:\/\/www.facebook.com\/noticieroscanal7atencionciudadana\/\" \/>\n<meta property=\"article:published_time\" content=\"2025-09-25T01:38:36+00:00\" \/>\n<meta property=\"article:modified_time\" content=\"2025-09-25T01:40:20+00:00\" \/>\n<meta property=\"og:image\" content=\"https:\/\/canal7slp.tv\/2025\/wp-content\/uploads\/2025\/09\/14-7.jpg\" \/>\n\t<meta property=\"og:image:width\" content=\"754\" \/>\n\t<meta property=\"og:image:height\" content=\"500\" \/>\n\t<meta property=\"og:image:type\" content=\"image\/jpeg\" \/>\n<meta name=\"author\" content=\"Edici\u00f3n Web\" \/>\n<meta name=\"twitter:card\" content=\"summary_large_image\" \/>\n<meta name=\"twitter:creator\" content=\"@NOTICIEROS7\" \/>\n<meta name=\"twitter:site\" content=\"@NOTICIEROS7\" \/>\n<meta name=\"twitter:label1\" content=\"Escrito por\" \/>\n\t<meta name=\"twitter:data1\" content=\"Edici\u00f3n Web\" \/>\n\t<meta name=\"twitter:label2\" content=\"Tiempo de lectura\" \/>\n\t<meta name=\"twitter:data2\" content=\"2 minutos\" \/>\n<script type=\"application\/ld+json\" class=\"yoast-schema-graph\">{\"@context\":\"https:\\\/\\\/schema.org\",\"@graph\":[{\"@type\":\"Article\",\"@id\":\"https:\\\/\\\/canal7slp.tv\\\/2025\\\/tfja-acumula-30-denuncias-por-violencia-laboral-contra-magistrados\\\/#article\",\"isPartOf\":{\"@id\":\"https:\\\/\\\/canal7slp.tv\\\/2025\\\/tfja-acumula-30-denuncias-por-violencia-laboral-contra-magistrados\\\/\"},\"author\":{\"name\":\"Edici\u00f3n Web\",\"@id\":\"https:\\\/\\\/canal7slp.tv\\\/2025\\\/#\\\/schema\\\/person\\\/271e2b60a96e7cc9d9ac296f4d7e414b\"},\"headline\":\"TFJA acumula 30 denuncias por violencia laboral contra magistrados\",\"datePublished\":\"2025-09-25T01:38:36+00:00\",\"dateModified\":\"2025-09-25T01:40:20+00:00\",\"mainEntityOfPage\":{\"@id\":\"https:\\\/\\\/canal7slp.tv\\\/2025\\\/tfja-acumula-30-denuncias-por-violencia-laboral-contra-magistrados\\\/\"},\"wordCount\":280,\"publisher\":{\"@id\":\"https:\\\/\\\/canal7slp.tv\\\/2025\\\/#organization\"},\"image\":{\"@id\":\"https:\\\/\\\/canal7slp.tv\\\/2025\\\/tfja-acumula-30-denuncias-por-violencia-laboral-contra-magistrados\\\/#primaryimage\"},\"thumbnailUrl\":\"https:\\\/\\\/canal7slp.tv\\\/2025\\\/wp-content\\\/uploads\\\/2025\\\/09\\\/14-7.jpg\",\"articleSection\":[\"NACIONALES\"],\"inLanguage\":\"es\"},{\"@type\":\"WebPage\",\"@id\":\"https:\\\/\\\/canal7slp.tv\\\/2025\\\/tfja-acumula-30-denuncias-por-violencia-laboral-contra-magistrados\\\/\",\"url\":\"https:\\\/\\\/canal7slp.tv\\\/2025\\\/tfja-acumula-30-denuncias-por-violencia-laboral-contra-magistrados\\\/\",\"name\":\"TFJA acumula 30 denuncias por violencia laboral contra magistrados - Canal 7 SLP - 2025\",\"isPartOf\":{\"@id\":\"https:\\\/\\\/canal7slp.tv\\\/2025\\\/#website\"},\"primaryImageOfPage\":{\"@id\":\"https:\\\/\\\/canal7slp.tv\\\/2025\\\/tfja-acumula-30-denuncias-por-violencia-laboral-contra-magistrados\\\/#primaryimage\"},\"image\":{\"@id\":\"https:\\\/\\\/canal7slp.tv\\\/2025\\\/tfja-acumula-30-denuncias-por-violencia-laboral-contra-magistrados\\\/#primaryimage\"},\"thumbnailUrl\":\"https:\\\/\\\/canal7slp.tv\\\/2025\\\/wp-content\\\/uploads\\\/2025\\\/09\\\/14-7.jpg\",\"datePublished\":\"2025-09-25T01:38:36+00:00\",\"dateModified\":\"2025-09-25T01:40:20+00:00\",\"breadcrumb\":{\"@id\":\"https:\\\/\\\/canal7slp.tv\\\/2025\\\/tfja-acumula-30-denuncias-por-violencia-laboral-contra-magistrados\\\/#breadcrumb\"},\"inLanguage\":\"es\",\"potentialAction\":[{\"@type\":\"ReadAction\",\"target\":[\"https:\\\/\\\/canal7slp.tv\\\/2025\\\/tfja-acumula-30-denuncias-por-violencia-laboral-contra-magistrados\\\/\"]}]},{\"@type\":\"ImageObject\",\"inLanguage\":\"es\",\"@id\":\"https:\\\/\\\/canal7slp.tv\\\/2025\\\/tfja-acumula-30-denuncias-por-violencia-laboral-contra-magistrados\\\/#primaryimage\",\"url\":\"https:\\\/\\\/canal7slp.tv\\\/2025\\\/wp-content\\\/uploads\\\/2025\\\/09\\\/14-7.jpg\",\"contentUrl\":\"https:\\\/\\\/canal7slp.tv\\\/2025\\\/wp-content\\\/uploads\\\/2025\\\/09\\\/14-7.jpg\",\"width\":754,\"height\":500},{\"@type\":\"BreadcrumbList\",\"@id\":\"https:\\\/\\\/canal7slp.tv\\\/2025\\\/tfja-acumula-30-denuncias-por-violencia-laboral-contra-magistrados\\\/#breadcrumb\",\"itemListElement\":[{\"@type\":\"ListItem\",\"position\":1,\"name\":\"Portada\",\"item\":\"https:\\\/\\\/canal7slp.tv\\\/2025\\\/\"},{\"@type\":\"ListItem\",\"position\":2,\"name\":\"TFJA acumula 30 denuncias por violencia laboral contra magistrados\"}]},{\"@type\":\"WebSite\",\"@id\":\"https:\\\/\\\/canal7slp.tv\\\/2025\\\/#website\",\"url\":\"https:\\\/\\\/canal7slp.tv\\\/2025\\\/\",\"name\":\"N7 - Noticieros Canal 7\",\"description\":\"Somos el Medio\",\"publisher\":{\"@id\":\"https:\\\/\\\/canal7slp.tv\\\/2025\\\/#organization\"},\"potentialAction\":[{\"@type\":\"SearchAction\",\"target\":{\"@type\":\"EntryPoint\",\"urlTemplate\":\"https:\\\/\\\/canal7slp.tv\\\/2025\\\/?s={search_term_string}\"},\"query-input\":{\"@type\":\"PropertyValueSpecification\",\"valueRequired\":true,\"valueName\":\"search_term_string\"}}],\"inLanguage\":\"es\"},{\"@type\":\"Organization\",\"@id\":\"https:\\\/\\\/canal7slp.tv\\\/2025\\\/#organization\",\"name\":\"Noticieros Canal 7\",\"url\":\"https:\\\/\\\/canal7slp.tv\\\/2025\\\/\",\"logo\":{\"@type\":\"ImageObject\",\"inLanguage\":\"es\",\"@id\":\"https:\\\/\\\/canal7slp.tv\\\/2025\\\/#\\\/schema\\\/logo\\\/image\\\/\",\"url\":\"https:\\\/\\\/canal7slp.tv\\\/2025\\\/wp-content\\\/uploads\\\/2021\\\/01\\\/logo-noticieros@2x.png\",\"contentUrl\":\"https:\\\/\\\/canal7slp.tv\\\/2025\\\/wp-content\\\/uploads\\\/2021\\\/01\\\/logo-noticieros@2x.png\",\"width\":1017,\"height\":268,\"caption\":\"Noticieros Canal 7\"},\"image\":{\"@id\":\"https:\\\/\\\/canal7slp.tv\\\/2025\\\/#\\\/schema\\\/logo\\\/image\\\/\"},\"sameAs\":[\"https:\\\/\\\/www.facebook.com\\\/noticieroscanal7atencionciudadana\\\/\",\"https:\\\/\\\/x.com\\\/NOTICIEROS7\",\"https:\\\/\\\/www.instagram.com\\\/canal7_slp\",\"https:\\\/\\\/www.youtube.com\\\/channel\\\/UCliiYs-gP3JfJeqdPrNdd5A\"]},{\"@type\":\"Person\",\"@id\":\"https:\\\/\\\/canal7slp.tv\\\/2025\\\/#\\\/schema\\\/person\\\/271e2b60a96e7cc9d9ac296f4d7e414b\",\"name\":\"Edici\u00f3n Web\",\"image\":{\"@type\":\"ImageObject\",\"inLanguage\":\"es\",\"@id\":\"https:\\\/\\\/secure.gravatar.com\\\/avatar\\\/eee448fc3f7164808013b816ba91ac7e43bbe82a70bebac296f8bc6f0addaa1a?s=96&d=mm&r=g\",\"url\":\"https:\\\/\\\/secure.gravatar.com\\\/avatar\\\/eee448fc3f7164808013b816ba91ac7e43bbe82a70bebac296f8bc6f0addaa1a?s=96&d=mm&r=g\",\"contentUrl\":\"https:\\\/\\\/secure.gravatar.com\\\/avatar\\\/eee448fc3f7164808013b816ba91ac7e43bbe82a70bebac296f8bc6f0addaa1a?s=96&d=mm&r=g\",\"caption\":\"Edici\u00f3n Web\"},\"url\":\"https:\\\/\\\/canal7slp.tv\\\/2025\\\/author\\\/edicionweb\\\/\"}]}<\/script>\n<!-- \/ Yoast SEO plugin. -->","yoast_head_json":{"title":"TFJA acumula 30 denuncias por violencia laboral contra magistrados - Canal 7 SLP - 2025","robots":{"index":"index","follow":"follow","max-snippet":"max-snippet:-1","max-image-preview":"max-image-preview:large","max-video-preview":"max-video-preview:-1"},"canonical":"https:\/\/canal7slp.tv\/2025\/tfja-acumula-30-denuncias-por-violencia-laboral-contra-magistrados\/","og_locale":"es_ES","og_type":"article","og_title":"TFJA acumula 30 denuncias por violencia laboral contra magistrados - Canal 7 SLP - 2025","og_description":"M\u00e9xico.- De 2020 a 2025, se presentaron 30 denuncias por violencia laboral contra magistrados del Tribunal Federal de Justicia Administrativa (TFJA), de las cuales solo en dos casos se determin\u00f3 la existencia de actos u omisiones, pero no se aplicaron sanciones a los funcionarios responsables. As\u00ed lo revela informaci\u00f3n obtenida mediante la Plataforma Nacional de Transparencia. De acuerdo con los registros oficiales, 24 denuncias fueron concluidas mediante \u00abacuerdo de conclusi\u00f3n y archivo del expediente\u00bb, mientras que cuatro se mantienen en tr\u00e1mite. En los dos casos donde se reconocieron irregularidades, las faltas fueron calificadas como \u00abno graves\u00bb, lo que impidi\u00f3 la [&hellip;]","og_url":"https:\/\/canal7slp.tv\/2025\/tfja-acumula-30-denuncias-por-violencia-laboral-contra-magistrados\/","og_site_name":"Canal 7 SLP - 2025","article_publisher":"https:\/\/www.facebook.com\/noticieroscanal7atencionciudadana\/","article_published_time":"2025-09-25T01:38:36+00:00","article_modified_time":"2025-09-25T01:40:20+00:00","og_image":[{"width":754,"height":500,"url":"https:\/\/canal7slp.tv\/2025\/wp-content\/uploads\/2025\/09\/14-7.jpg","type":"image\/jpeg"}],"author":"Edici\u00f3n Web","twitter_card":"summary_large_image","twitter_creator":"@NOTICIEROS7","twitter_site":"@NOTICIEROS7","twitter_misc":{"Escrito por":"Edici\u00f3n Web","Tiempo de lectura":"2 minutos"},"schema":{"@context":"https:\/\/schema.org","@graph":[{"@type":"Article","@id":"https:\/\/canal7slp.tv\/2025\/tfja-acumula-30-denuncias-por-violencia-laboral-contra-magistrados\/#article","isPartOf":{"@id":"https:\/\/canal7slp.tv\/2025\/tfja-acumula-30-denuncias-por-violencia-laboral-contra-magistrados\/"},"author":{"name":"Edici\u00f3n Web","@id":"https:\/\/canal7slp.tv\/2025\/#\/schema\/person\/271e2b60a96e7cc9d9ac296f4d7e414b"},"headline":"TFJA acumula 30 denuncias por violencia laboral contra magistrados","datePublished":"2025-09-25T01:38:36+00:00","dateModified":"2025-09-25T01:40:20+00:00","mainEntityOfPage":{"@id":"https:\/\/canal7slp.tv\/2025\/tfja-acumula-30-denuncias-por-violencia-laboral-contra-magistrados\/"},"wordCount":280,"publisher":{"@id":"https:\/\/canal7slp.tv\/2025\/#organization"},"image":{"@id":"https:\/\/canal7slp.tv\/2025\/tfja-acumula-30-denuncias-por-violencia-laboral-contra-magistrados\/#primaryimage"},"thumbnailUrl":"https:\/\/canal7slp.tv\/2025\/wp-content\/uploads\/2025\/09\/14-7.jpg","articleSection":["NACIONALES"],"inLanguage":"es"},{"@type":"WebPage","@id":"https:\/\/canal7slp.tv\/2025\/tfja-acumula-30-denuncias-por-violencia-laboral-contra-magistrados\/","url":"https:\/\/canal7slp.tv\/2025\/tfja-acumula-30-denuncias-por-violencia-laboral-contra-magistrados\/","name":"TFJA acumula 30 denuncias por violencia laboral contra magistrados - Canal 7 SLP - 2025","isPartOf":{"@id":"https:\/\/canal7slp.tv\/2025\/#website"},"primaryImageOfPage":{"@id":"https:\/\/canal7slp.tv\/2025\/tfja-acumula-30-denuncias-por-violencia-laboral-contra-magistrados\/#primaryimage"},"image":{"@id":"https:\/\/canal7slp.tv\/2025\/tfja-acumula-30-denuncias-por-violencia-laboral-contra-magistrados\/#primaryimage"},"thumbnailUrl":"https:\/\/canal7slp.tv\/2025\/wp-content\/uploads\/2025\/09\/14-7.jpg","datePublished":"2025-09-25T01:38:36+00:00","dateModified":"2025-09-25T01:40:20+00:00","breadcrumb":{"@id":"https:\/\/canal7slp.tv\/2025\/tfja-acumula-30-denuncias-por-violencia-laboral-contra-magistrados\/#breadcrumb"},"inLanguage":"es","potentialAction":[{"@type":"ReadAction","target":["https:\/\/canal7slp.tv\/2025\/tfja-acumula-30-denuncias-por-violencia-laboral-contra-magistrados\/"]}]},{"@type":"ImageObject","inLanguage":"es","@id":"https:\/\/canal7slp.tv\/2025\/tfja-acumula-30-denuncias-por-violencia-laboral-contra-magistrados\/#primaryimage","url":"https:\/\/canal7slp.tv\/2025\/wp-content\/uploads\/2025\/09\/14-7.jpg","contentUrl":"https:\/\/canal7slp.tv\/2025\/wp-content\/uploads\/2025\/09\/14-7.jpg","width":754,"height":500},{"@type":"BreadcrumbList","@id":"https:\/\/canal7slp.tv\/2025\/tfja-acumula-30-denuncias-por-violencia-laboral-contra-magistrados\/#breadcrumb","itemListElement":[{"@type":"ListItem","position":1,"name":"Portada","item":"https:\/\/canal7slp.tv\/2025\/"},{"@type":"ListItem","position":2,"name":"TFJA acumula 30 denuncias por violencia laboral contra magistrados"}]},{"@type":"WebSite","@id":"https:\/\/canal7slp.tv\/2025\/#website","url":"https:\/\/canal7slp.tv\/2025\/","name":"N7 - Noticieros Canal 7","description":"Somos el Medio","publisher":{"@id":"https:\/\/canal7slp.tv\/2025\/#organization"},"potentialAction":[{"@type":"SearchAction","target":{"@type":"EntryPoint","urlTemplate":"https:\/\/canal7slp.tv\/2025\/?s={search_term_string}"},"query-input":{"@type":"PropertyValueSpecification","valueRequired":true,"valueName":"search_term_string"}}],"inLanguage":"es"},{"@type":"Organization","@id":"https:\/\/canal7slp.tv\/2025\/#organization","name":"Noticieros Canal 7","url":"https:\/\/canal7slp.tv\/2025\/","logo":{"@type":"ImageObject","inLanguage":"es","@id":"https:\/\/canal7slp.tv\/2025\/#\/schema\/logo\/image\/","url":"https:\/\/canal7slp.tv\/2025\/wp-content\/uploads\/2021\/01\/logo-noticieros@2x.png","contentUrl":"https:\/\/canal7slp.tv\/2025\/wp-content\/uploads\/2021\/01\/logo-noticieros@2x.png","width":1017,"height":268,"caption":"Noticieros Canal 7"},"image":{"@id":"https:\/\/canal7slp.tv\/2025\/#\/schema\/logo\/image\/"},"sameAs":["https:\/\/www.facebook.com\/noticieroscanal7atencionciudadana\/","https:\/\/x.com\/NOTICIEROS7","https:\/\/www.instagram.com\/canal7_slp","https:\/\/www.youtube.com\/channel\/UCliiYs-gP3JfJeqdPrNdd5A"]},{"@type":"Person","@id":"https:\/\/canal7slp.tv\/2025\/#\/schema\/person\/271e2b60a96e7cc9d9ac296f4d7e414b","name":"Edici\u00f3n Web","image":{"@type":"ImageObject","inLanguage":"es","@id":"https:\/\/secure.gravatar.com\/avatar\/eee448fc3f7164808013b816ba91ac7e43bbe82a70bebac296f8bc6f0addaa1a?s=96&d=mm&r=g","url":"https:\/\/secure.gravatar.com\/avatar\/eee448fc3f7164808013b816ba91ac7e43bbe82a70bebac296f8bc6f0addaa1a?s=96&d=mm&r=g","contentUrl":"https:\/\/secure.gravatar.com\/avatar\/eee448fc3f7164808013b816ba91ac7e43bbe82a70bebac296f8bc6f0addaa1a?s=96&d=mm&r=g","caption":"Edici\u00f3n Web"},"url":"https:\/\/canal7slp.tv\/2025\/author\/edicionweb\/"}]}},"_links":{"self":[{"href":"https:\/\/canal7slp.tv\/2025\/wp-json\/wp\/v2\/posts\/180246","targetHints":{"allow":["GET"]}}],"collection":[{"href":"https:\/\/canal7slp.tv\/2025\/wp-json\/wp\/v2\/posts"}],"about":[{"href":"https:\/\/canal7slp.tv\/2025\/wp-json\/wp\/v2\/types\/post"}],"author":[{"embeddable":true,"href":"https:\/\/canal7slp.tv\/2025\/wp-json\/wp\/v2\/users\/2"}],"replies":[{"embeddable":true,"href":"https:\/\/canal7slp.tv\/2025\/wp-json\/wp\/v2\/comments?post=180246"}],"version-history":[{"count":1,"href":"https:\/\/canal7slp.tv\/2025\/wp-json\/wp\/v2\/posts\/180246\/revisions"}],"predecessor-version":[{"id":180248,"href":"https:\/\/canal7slp.tv\/2025\/wp-json\/wp\/v2\/posts\/180246\/revisions\/180248"}],"wp:featuredmedia":[{"embeddable":true,"href":"https:\/\/canal7slp.tv\/2025\/wp-json\/wp\/v2\/media\/180247"}],"wp:attachment":[{"href":"https:\/\/canal7slp.tv\/2025\/wp-json\/wp\/v2\/media?parent=180246"}],"wp:term":[{"taxonomy":"category","embeddable":true,"href":"https:\/\/canal7slp.tv\/2025\/wp-json\/wp\/v2\/categories?post=180246"},{"taxonomy":"post_tag","embeddable":true,"href":"https:\/\/canal7slp.tv\/2025\/wp-json\/wp\/v2\/tags?post=180246"}],"curies":[{"name":"wp","href":"https:\/\/api.w.org\/{rel}","templated":true}]}}