{"id":180232,"date":"2025-09-24T19:55:55","date_gmt":"2025-09-25T01:55:55","guid":{"rendered":"https:\/\/canal7slp.tv\/2025\/?p=180232"},"modified":"2025-09-24T19:55:55","modified_gmt":"2025-09-25T01:55:55","slug":"concejales-de-villa-de-pozos-se-inconforman-frente-al-congreso-del-estado","status":"publish","type":"post","link":"https:\/\/canal7slp.tv\/2025\/concejales-de-villa-de-pozos-se-inconforman-frente-al-congreso-del-estado\/","title":{"rendered":"Concejales de Villa de Pozos se inconforman frente al Congreso del Estado"},"content":{"rendered":"<p style=\"text-align: justify;\"><span style=\"font-size: 1.21429rem;\">SLP.- Un grupo de regidores concejales del municipio de Villa de Pozos acusaron a la presidenta concejala Mar\u00eda Teresa de Jes\u00fas Rivera Acevedo, de gobernar con falta de sensibilidad pol\u00edtica y sin rendici\u00f3n de cuentas ni a la ciudadan\u00eda ni al propio Cabildo.<\/span><\/p>\n<p style=\"text-align: justify;\">Adem\u00e1s, una de las concejales afirm\u00f3 que con la municipalizaci\u00f3n de Pozos se increment\u00f3 el n\u00famero de trabajadores a diferencia de cuando era delegaci\u00f3n.<\/p>\n<p style=\"text-align: justify;\">Denunciaron la contrataci\u00f3n de personal que no es residente de este municipio as\u00ed como obras de mala calidad, al decir tambi\u00e9n que de las obras dadas a conocer en el primer informe de la concejala presidenta solo una de ellas tuvieron conocimiento.<\/p>\n<p style=\"text-align: justify;\">En esta rueda de prensa conjunta hubo una discrepancia entre los regidores pues mientras Gaspar M\u00e9ndez afirm\u00f3 que en el proceso de entrega-recepci\u00f3n hubo inconsistencias, el regidor y exdelegado del ahora municipio, Gerardo \u00c1vila, se\u00f1al\u00f3 lo contrario.<\/p>\n<p style=\"text-align: justify;\">Sin embargo, pese a todos estos se\u00f1alamientos la regidora Julie Carrillo afirm\u00f3 que a un a\u00f1o de la municipalizaci\u00f3n de Pozos, se han logrado algunos avances.<\/p>\n<p style=\"text-align: justify;\">Por \u00faltimo, los funcionarios municipales afirmaron que no est\u00e1n pidiendo la destituci\u00f3n de la concejala presidenta, sino que se sume al trabajo en equipo a favor de Villa de Pozos.<\/p>\n<p>Por: Claudio Ibarra<\/p>\n","protected":false},"excerpt":{"rendered":"<p>SLP.- Un grupo de regidores concejales del municipio de Villa de Pozos acusaron a la presidenta concejala Mar\u00eda Teresa de Jes\u00fas Rivera Acevedo, de gobernar con falta de sensibilidad pol\u00edtica y sin rendici\u00f3n de cuentas ni a la ciudadan\u00eda ni al propio Cabildo. Adem\u00e1s, una de las concejales afirm\u00f3 que con la municipalizaci\u00f3n de Pozos se increment\u00f3 el n\u00famero de trabajadores a diferencia de cuando era delegaci\u00f3n. Denunciaron la contrataci\u00f3n de personal que no es residente de este municipio as\u00ed como obras de mala calidad, al decir tambi\u00e9n que de las obras dadas a conocer en el primer informe de [&hellip;]<\/p>\n","protected":false},"author":2,"featured_media":180256,"comment_status":"closed","ping_status":"closed","sticky":false,"template":"","format":"video","meta":{"_monsterinsights_skip_tracking":false,"_monsterinsights_sitenote_active":false,"_monsterinsights_sitenote_note":"","_monsterinsights_sitenote_category":0,"footnotes":""},"categories":[5,45],"tags":[],"class_list":["post-180232","post","type-post","status-publish","format-video","has-post-thumbnail","hentry","category-destacadas","category-localesyregionales","post_format-post-format-video","post--single"],"yoast_head":"<!-- This site is optimized with the Yoast SEO plugin v27.4 - https:\/\/yoast.com\/product\/yoast-seo-wordpress\/ -->\n<title>Concejales de Villa de Pozos se inconforman frente al Congreso del Estado - Canal 7 SLP - 2025<\/title>\n<meta name=\"robots\" content=\"index, follow, max-snippet:-1, max-image-preview:large, max-video-preview:-1\" \/>\n<link rel=\"canonical\" href=\"https:\/\/canal7slp.tv\/2025\/concejales-de-villa-de-pozos-se-inconforman-frente-al-congreso-del-estado\/\" \/>\n<meta property=\"og:locale\" content=\"es_ES\" \/>\n<meta property=\"og:type\" content=\"article\" \/>\n<meta property=\"og:title\" content=\"Concejales de Villa de Pozos se inconforman frente al Congreso del Estado - Canal 7 SLP - 2025\" \/>\n<meta property=\"og:description\" content=\"SLP.- Un grupo de regidores concejales del municipio de Villa de Pozos acusaron a la presidenta concejala Mar\u00eda Teresa de Jes\u00fas Rivera Acevedo, de gobernar con falta de sensibilidad pol\u00edtica y sin rendici\u00f3n de cuentas ni a la ciudadan\u00eda ni al propio Cabildo. Adem\u00e1s, una de las concejales afirm\u00f3 que con la municipalizaci\u00f3n de Pozos se increment\u00f3 el n\u00famero de trabajadores a diferencia de cuando era delegaci\u00f3n. Denunciaron la contrataci\u00f3n de personal que no es residente de este municipio as\u00ed como obras de mala calidad, al decir tambi\u00e9n que de las obras dadas a conocer en el primer informe de [&hellip;]\" \/>\n<meta property=\"og:url\" content=\"https:\/\/canal7slp.tv\/2025\/concejales-de-villa-de-pozos-se-inconforman-frente-al-congreso-del-estado\/\" \/>\n<meta property=\"og:site_name\" content=\"Canal 7 SLP - 2025\" \/>\n<meta property=\"article:publisher\" content=\"https:\/\/www.facebook.com\/noticieroscanal7atencionciudadana\/\" \/>\n<meta property=\"article:published_time\" content=\"2025-09-25T01:55:55+00:00\" \/>\n<meta property=\"og:image\" content=\"https:\/\/canal7slp.tv\/2025\/wp-content\/uploads\/2025\/09\/Claudio03Pozos.jpg\" \/>\n\t<meta property=\"og:image:width\" content=\"1280\" \/>\n\t<meta property=\"og:image:height\" content=\"720\" \/>\n\t<meta property=\"og:image:type\" content=\"image\/jpeg\" \/>\n<meta name=\"author\" content=\"Edici\u00f3n Web\" \/>\n<meta name=\"twitter:card\" content=\"summary_large_image\" \/>\n<meta name=\"twitter:creator\" content=\"@NOTICIEROS7\" \/>\n<meta name=\"twitter:site\" content=\"@NOTICIEROS7\" \/>\n<meta name=\"twitter:label1\" content=\"Escrito por\" \/>\n\t<meta name=\"twitter:data1\" content=\"Edici\u00f3n Web\" \/>\n\t<meta name=\"twitter:label2\" content=\"Tiempo de lectura\" \/>\n\t<meta name=\"twitter:data2\" content=\"2 minutos\" \/>\n<script type=\"application\/ld+json\" class=\"yoast-schema-graph\">{\"@context\":\"https:\\\/\\\/schema.org\",\"@graph\":[{\"@type\":\"Article\",\"@id\":\"https:\\\/\\\/canal7slp.tv\\\/2025\\\/concejales-de-villa-de-pozos-se-inconforman-frente-al-congreso-del-estado\\\/#article\",\"isPartOf\":{\"@id\":\"https:\\\/\\\/canal7slp.tv\\\/2025\\\/concejales-de-villa-de-pozos-se-inconforman-frente-al-congreso-del-estado\\\/\"},\"author\":{\"name\":\"Edici\u00f3n Web\",\"@id\":\"https:\\\/\\\/canal7slp.tv\\\/2025\\\/#\\\/schema\\\/person\\\/271e2b60a96e7cc9d9ac296f4d7e414b\"},\"headline\":\"Concejales de Villa de Pozos se inconforman frente al Congreso del Estado\",\"datePublished\":\"2025-09-25T01:55:55+00:00\",\"mainEntityOfPage\":{\"@id\":\"https:\\\/\\\/canal7slp.tv\\\/2025\\\/concejales-de-villa-de-pozos-se-inconforman-frente-al-congreso-del-estado\\\/\"},\"wordCount\":237,\"publisher\":{\"@id\":\"https:\\\/\\\/canal7slp.tv\\\/2025\\\/#organization\"},\"image\":{\"@id\":\"https:\\\/\\\/canal7slp.tv\\\/2025\\\/concejales-de-villa-de-pozos-se-inconforman-frente-al-congreso-del-estado\\\/#primaryimage\"},\"thumbnailUrl\":\"https:\\\/\\\/canal7slp.tv\\\/2025\\\/wp-content\\\/uploads\\\/2025\\\/09\\\/Claudio03Pozos.jpg\",\"articleSection\":[\"DESTACADAS\",\"LOCALES Y REGIONALES\"],\"inLanguage\":\"es\"},{\"@type\":\"WebPage\",\"@id\":\"https:\\\/\\\/canal7slp.tv\\\/2025\\\/concejales-de-villa-de-pozos-se-inconforman-frente-al-congreso-del-estado\\\/\",\"url\":\"https:\\\/\\\/canal7slp.tv\\\/2025\\\/concejales-de-villa-de-pozos-se-inconforman-frente-al-congreso-del-estado\\\/\",\"name\":\"Concejales de Villa de Pozos se inconforman frente al Congreso del Estado - Canal 7 SLP - 2025\",\"isPartOf\":{\"@id\":\"https:\\\/\\\/canal7slp.tv\\\/2025\\\/#website\"},\"primaryImageOfPage\":{\"@id\":\"https:\\\/\\\/canal7slp.tv\\\/2025\\\/concejales-de-villa-de-pozos-se-inconforman-frente-al-congreso-del-estado\\\/#primaryimage\"},\"image\":{\"@id\":\"https:\\\/\\\/canal7slp.tv\\\/2025\\\/concejales-de-villa-de-pozos-se-inconforman-frente-al-congreso-del-estado\\\/#primaryimage\"},\"thumbnailUrl\":\"https:\\\/\\\/canal7slp.tv\\\/2025\\\/wp-content\\\/uploads\\\/2025\\\/09\\\/Claudio03Pozos.jpg\",\"datePublished\":\"2025-09-25T01:55:55+00:00\",\"breadcrumb\":{\"@id\":\"https:\\\/\\\/canal7slp.tv\\\/2025\\\/concejales-de-villa-de-pozos-se-inconforman-frente-al-congreso-del-estado\\\/#breadcrumb\"},\"inLanguage\":\"es\",\"potentialAction\":[{\"@type\":\"ReadAction\",\"target\":[\"https:\\\/\\\/canal7slp.tv\\\/2025\\\/concejales-de-villa-de-pozos-se-inconforman-frente-al-congreso-del-estado\\\/\"]}]},{\"@type\":\"ImageObject\",\"inLanguage\":\"es\",\"@id\":\"https:\\\/\\\/canal7slp.tv\\\/2025\\\/concejales-de-villa-de-pozos-se-inconforman-frente-al-congreso-del-estado\\\/#primaryimage\",\"url\":\"https:\\\/\\\/canal7slp.tv\\\/2025\\\/wp-content\\\/uploads\\\/2025\\\/09\\\/Claudio03Pozos.jpg\",\"contentUrl\":\"https:\\\/\\\/canal7slp.tv\\\/2025\\\/wp-content\\\/uploads\\\/2025\\\/09\\\/Claudio03Pozos.jpg\",\"width\":1280,\"height\":720},{\"@type\":\"BreadcrumbList\",\"@id\":\"https:\\\/\\\/canal7slp.tv\\\/2025\\\/concejales-de-villa-de-pozos-se-inconforman-frente-al-congreso-del-estado\\\/#breadcrumb\",\"itemListElement\":[{\"@type\":\"ListItem\",\"position\":1,\"name\":\"Portada\",\"item\":\"https:\\\/\\\/canal7slp.tv\\\/2025\\\/\"},{\"@type\":\"ListItem\",\"position\":2,\"name\":\"Concejales de Villa de Pozos se inconforman frente al Congreso del Estado\"}]},{\"@type\":\"WebSite\",\"@id\":\"https:\\\/\\\/canal7slp.tv\\\/2025\\\/#website\",\"url\":\"https:\\\/\\\/canal7slp.tv\\\/2025\\\/\",\"name\":\"N7 - Noticieros Canal 7\",\"description\":\"Somos el Medio\",\"publisher\":{\"@id\":\"https:\\\/\\\/canal7slp.tv\\\/2025\\\/#organization\"},\"potentialAction\":[{\"@type\":\"SearchAction\",\"target\":{\"@type\":\"EntryPoint\",\"urlTemplate\":\"https:\\\/\\\/canal7slp.tv\\\/2025\\\/?s={search_term_string}\"},\"query-input\":{\"@type\":\"PropertyValueSpecification\",\"valueRequired\":true,\"valueName\":\"search_term_string\"}}],\"inLanguage\":\"es\"},{\"@type\":\"Organization\",\"@id\":\"https:\\\/\\\/canal7slp.tv\\\/2025\\\/#organization\",\"name\":\"Noticieros Canal 7\",\"url\":\"https:\\\/\\\/canal7slp.tv\\\/2025\\\/\",\"logo\":{\"@type\":\"ImageObject\",\"inLanguage\":\"es\",\"@id\":\"https:\\\/\\\/canal7slp.tv\\\/2025\\\/#\\\/schema\\\/logo\\\/image\\\/\",\"url\":\"https:\\\/\\\/canal7slp.tv\\\/2025\\\/wp-content\\\/uploads\\\/2021\\\/01\\\/logo-noticieros@2x.png\",\"contentUrl\":\"https:\\\/\\\/canal7slp.tv\\\/2025\\\/wp-content\\\/uploads\\\/2021\\\/01\\\/logo-noticieros@2x.png\",\"width\":1017,\"height\":268,\"caption\":\"Noticieros Canal 7\"},\"image\":{\"@id\":\"https:\\\/\\\/canal7slp.tv\\\/2025\\\/#\\\/schema\\\/logo\\\/image\\\/\"},\"sameAs\":[\"https:\\\/\\\/www.facebook.com\\\/noticieroscanal7atencionciudadana\\\/\",\"https:\\\/\\\/x.com\\\/NOTICIEROS7\",\"https:\\\/\\\/www.instagram.com\\\/canal7_slp\",\"https:\\\/\\\/www.youtube.com\\\/channel\\\/UCliiYs-gP3JfJeqdPrNdd5A\"]},{\"@type\":\"Person\",\"@id\":\"https:\\\/\\\/canal7slp.tv\\\/2025\\\/#\\\/schema\\\/person\\\/271e2b60a96e7cc9d9ac296f4d7e414b\",\"name\":\"Edici\u00f3n Web\",\"image\":{\"@type\":\"ImageObject\",\"inLanguage\":\"es\",\"@id\":\"https:\\\/\\\/secure.gravatar.com\\\/avatar\\\/eee448fc3f7164808013b816ba91ac7e43bbe82a70bebac296f8bc6f0addaa1a?s=96&d=mm&r=g\",\"url\":\"https:\\\/\\\/secure.gravatar.com\\\/avatar\\\/eee448fc3f7164808013b816ba91ac7e43bbe82a70bebac296f8bc6f0addaa1a?s=96&d=mm&r=g\",\"contentUrl\":\"https:\\\/\\\/secure.gravatar.com\\\/avatar\\\/eee448fc3f7164808013b816ba91ac7e43bbe82a70bebac296f8bc6f0addaa1a?s=96&d=mm&r=g\",\"caption\":\"Edici\u00f3n Web\"},\"url\":\"https:\\\/\\\/canal7slp.tv\\\/2025\\\/author\\\/edicionweb\\\/\"}]}<\/script>\n<!-- \/ Yoast SEO plugin. -->","yoast_head_json":{"title":"Concejales de Villa de Pozos se inconforman frente al Congreso del Estado - Canal 7 SLP - 2025","robots":{"index":"index","follow":"follow","max-snippet":"max-snippet:-1","max-image-preview":"max-image-preview:large","max-video-preview":"max-video-preview:-1"},"canonical":"https:\/\/canal7slp.tv\/2025\/concejales-de-villa-de-pozos-se-inconforman-frente-al-congreso-del-estado\/","og_locale":"es_ES","og_type":"article","og_title":"Concejales de Villa de Pozos se inconforman frente al Congreso del Estado - Canal 7 SLP - 2025","og_description":"SLP.- Un grupo de regidores concejales del municipio de Villa de Pozos acusaron a la presidenta concejala Mar\u00eda Teresa de Jes\u00fas Rivera Acevedo, de gobernar con falta de sensibilidad pol\u00edtica y sin rendici\u00f3n de cuentas ni a la ciudadan\u00eda ni al propio Cabildo. Adem\u00e1s, una de las concejales afirm\u00f3 que con la municipalizaci\u00f3n de Pozos se increment\u00f3 el n\u00famero de trabajadores a diferencia de cuando era delegaci\u00f3n. Denunciaron la contrataci\u00f3n de personal que no es residente de este municipio as\u00ed como obras de mala calidad, al decir tambi\u00e9n que de las obras dadas a conocer en el primer informe de [&hellip;]","og_url":"https:\/\/canal7slp.tv\/2025\/concejales-de-villa-de-pozos-se-inconforman-frente-al-congreso-del-estado\/","og_site_name":"Canal 7 SLP - 2025","article_publisher":"https:\/\/www.facebook.com\/noticieroscanal7atencionciudadana\/","article_published_time":"2025-09-25T01:55:55+00:00","og_image":[{"width":1280,"height":720,"url":"https:\/\/canal7slp.tv\/2025\/wp-content\/uploads\/2025\/09\/Claudio03Pozos.jpg","type":"image\/jpeg"}],"author":"Edici\u00f3n Web","twitter_card":"summary_large_image","twitter_creator":"@NOTICIEROS7","twitter_site":"@NOTICIEROS7","twitter_misc":{"Escrito por":"Edici\u00f3n Web","Tiempo de lectura":"2 minutos"},"schema":{"@context":"https:\/\/schema.org","@graph":[{"@type":"Article","@id":"https:\/\/canal7slp.tv\/2025\/concejales-de-villa-de-pozos-se-inconforman-frente-al-congreso-del-estado\/#article","isPartOf":{"@id":"https:\/\/canal7slp.tv\/2025\/concejales-de-villa-de-pozos-se-inconforman-frente-al-congreso-del-estado\/"},"author":{"name":"Edici\u00f3n Web","@id":"https:\/\/canal7slp.tv\/2025\/#\/schema\/person\/271e2b60a96e7cc9d9ac296f4d7e414b"},"headline":"Concejales de Villa de Pozos se inconforman frente al Congreso del Estado","datePublished":"2025-09-25T01:55:55+00:00","mainEntityOfPage":{"@id":"https:\/\/canal7slp.tv\/2025\/concejales-de-villa-de-pozos-se-inconforman-frente-al-congreso-del-estado\/"},"wordCount":237,"publisher":{"@id":"https:\/\/canal7slp.tv\/2025\/#organization"},"image":{"@id":"https:\/\/canal7slp.tv\/2025\/concejales-de-villa-de-pozos-se-inconforman-frente-al-congreso-del-estado\/#primaryimage"},"thumbnailUrl":"https:\/\/canal7slp.tv\/2025\/wp-content\/uploads\/2025\/09\/Claudio03Pozos.jpg","articleSection":["DESTACADAS","LOCALES Y REGIONALES"],"inLanguage":"es"},{"@type":"WebPage","@id":"https:\/\/canal7slp.tv\/2025\/concejales-de-villa-de-pozos-se-inconforman-frente-al-congreso-del-estado\/","url":"https:\/\/canal7slp.tv\/2025\/concejales-de-villa-de-pozos-se-inconforman-frente-al-congreso-del-estado\/","name":"Concejales de Villa de Pozos se inconforman frente al Congreso del Estado - Canal 7 SLP - 2025","isPartOf":{"@id":"https:\/\/canal7slp.tv\/2025\/#website"},"primaryImageOfPage":{"@id":"https:\/\/canal7slp.tv\/2025\/concejales-de-villa-de-pozos-se-inconforman-frente-al-congreso-del-estado\/#primaryimage"},"image":{"@id":"https:\/\/canal7slp.tv\/2025\/concejales-de-villa-de-pozos-se-inconforman-frente-al-congreso-del-estado\/#primaryimage"},"thumbnailUrl":"https:\/\/canal7slp.tv\/2025\/wp-content\/uploads\/2025\/09\/Claudio03Pozos.jpg","datePublished":"2025-09-25T01:55:55+00:00","breadcrumb":{"@id":"https:\/\/canal7slp.tv\/2025\/concejales-de-villa-de-pozos-se-inconforman-frente-al-congreso-del-estado\/#breadcrumb"},"inLanguage":"es","potentialAction":[{"@type":"ReadAction","target":["https:\/\/canal7slp.tv\/2025\/concejales-de-villa-de-pozos-se-inconforman-frente-al-congreso-del-estado\/"]}]},{"@type":"ImageObject","inLanguage":"es","@id":"https:\/\/canal7slp.tv\/2025\/concejales-de-villa-de-pozos-se-inconforman-frente-al-congreso-del-estado\/#primaryimage","url":"https:\/\/canal7slp.tv\/2025\/wp-content\/uploads\/2025\/09\/Claudio03Pozos.jpg","contentUrl":"https:\/\/canal7slp.tv\/2025\/wp-content\/uploads\/2025\/09\/Claudio03Pozos.jpg","width":1280,"height":720},{"@type":"BreadcrumbList","@id":"https:\/\/canal7slp.tv\/2025\/concejales-de-villa-de-pozos-se-inconforman-frente-al-congreso-del-estado\/#breadcrumb","itemListElement":[{"@type":"ListItem","position":1,"name":"Portada","item":"https:\/\/canal7slp.tv\/2025\/"},{"@type":"ListItem","position":2,"name":"Concejales de Villa de Pozos se inconforman frente al Congreso del Estado"}]},{"@type":"WebSite","@id":"https:\/\/canal7slp.tv\/2025\/#website","url":"https:\/\/canal7slp.tv\/2025\/","name":"N7 - Noticieros Canal 7","description":"Somos el Medio","publisher":{"@id":"https:\/\/canal7slp.tv\/2025\/#organization"},"potentialAction":[{"@type":"SearchAction","target":{"@type":"EntryPoint","urlTemplate":"https:\/\/canal7slp.tv\/2025\/?s={search_term_string}"},"query-input":{"@type":"PropertyValueSpecification","valueRequired":true,"valueName":"search_term_string"}}],"inLanguage":"es"},{"@type":"Organization","@id":"https:\/\/canal7slp.tv\/2025\/#organization","name":"Noticieros Canal 7","url":"https:\/\/canal7slp.tv\/2025\/","logo":{"@type":"ImageObject","inLanguage":"es","@id":"https:\/\/canal7slp.tv\/2025\/#\/schema\/logo\/image\/","url":"https:\/\/canal7slp.tv\/2025\/wp-content\/uploads\/2021\/01\/logo-noticieros@2x.png","contentUrl":"https:\/\/canal7slp.tv\/2025\/wp-content\/uploads\/2021\/01\/logo-noticieros@2x.png","width":1017,"height":268,"caption":"Noticieros Canal 7"},"image":{"@id":"https:\/\/canal7slp.tv\/2025\/#\/schema\/logo\/image\/"},"sameAs":["https:\/\/www.facebook.com\/noticieroscanal7atencionciudadana\/","https:\/\/x.com\/NOTICIEROS7","https:\/\/www.instagram.com\/canal7_slp","https:\/\/www.youtube.com\/channel\/UCliiYs-gP3JfJeqdPrNdd5A"]},{"@type":"Person","@id":"https:\/\/canal7slp.tv\/2025\/#\/schema\/person\/271e2b60a96e7cc9d9ac296f4d7e414b","name":"Edici\u00f3n Web","image":{"@type":"ImageObject","inLanguage":"es","@id":"https:\/\/secure.gravatar.com\/avatar\/eee448fc3f7164808013b816ba91ac7e43bbe82a70bebac296f8bc6f0addaa1a?s=96&d=mm&r=g","url":"https:\/\/secure.gravatar.com\/avatar\/eee448fc3f7164808013b816ba91ac7e43bbe82a70bebac296f8bc6f0addaa1a?s=96&d=mm&r=g","contentUrl":"https:\/\/secure.gravatar.com\/avatar\/eee448fc3f7164808013b816ba91ac7e43bbe82a70bebac296f8bc6f0addaa1a?s=96&d=mm&r=g","caption":"Edici\u00f3n Web"},"url":"https:\/\/canal7slp.tv\/2025\/author\/edicionweb\/"}]}},"_links":{"self":[{"href":"https:\/\/canal7slp.tv\/2025\/wp-json\/wp\/v2\/posts\/180232","targetHints":{"allow":["GET"]}}],"collection":[{"href":"https:\/\/canal7slp.tv\/2025\/wp-json\/wp\/v2\/posts"}],"about":[{"href":"https:\/\/canal7slp.tv\/2025\/wp-json\/wp\/v2\/types\/post"}],"author":[{"embeddable":true,"href":"https:\/\/canal7slp.tv\/2025\/wp-json\/wp\/v2\/users\/2"}],"replies":[{"embeddable":true,"href":"https:\/\/canal7slp.tv\/2025\/wp-json\/wp\/v2\/comments?post=180232"}],"version-history":[{"count":2,"href":"https:\/\/canal7slp.tv\/2025\/wp-json\/wp\/v2\/posts\/180232\/revisions"}],"predecessor-version":[{"id":180257,"href":"https:\/\/canal7slp.tv\/2025\/wp-json\/wp\/v2\/posts\/180232\/revisions\/180257"}],"wp:featuredmedia":[{"embeddable":true,"href":"https:\/\/canal7slp.tv\/2025\/wp-json\/wp\/v2\/media\/180256"}],"wp:attachment":[{"href":"https:\/\/canal7slp.tv\/2025\/wp-json\/wp\/v2\/media?parent=180232"}],"wp:term":[{"taxonomy":"category","embeddable":true,"href":"https:\/\/canal7slp.tv\/2025\/wp-json\/wp\/v2\/categories?post=180232"},{"taxonomy":"post_tag","embeddable":true,"href":"https:\/\/canal7slp.tv\/2025\/wp-json\/wp\/v2\/tags?post=180232"}],"curies":[{"name":"wp","href":"https:\/\/api.w.org\/{rel}","templated":true}]}}