{"id":180229,"date":"2025-09-24T19:45:41","date_gmt":"2025-09-25T01:45:41","guid":{"rendered":"https:\/\/canal7slp.tv\/2025\/?p=180229"},"modified":"2025-12-10T08:48:52","modified_gmt":"2025-12-10T14:48:52","slug":"vocero-del-arzobispado-critica-cena-de-gala-posterior-al-informe-del-gobernador-del-estado","status":"publish","type":"post","link":"https:\/\/canal7slp.tv\/2025\/vocero-del-arzobispado-critica-cena-de-gala-posterior-al-informe-del-gobernador-del-estado\/","title":{"rendered":"Vocero del Arzobispado critica cena de gala posterior al Informe del Gobernador del Estado"},"content":{"rendered":"<p style=\"text-align: justify;\"><span style=\"font-size: 1.21429rem;\">SLP.- Al opinar sobre el pasado 4\u00b0 informe del gobernador Ricardo Gallardo Cardona el vocero de la Arquidi\u00f3cesis de San Luis Potos\u00ed Tom\u00e1s Cruz Perales, cuestion\u00f3 el hecho que posterior a este evento trascendi\u00f3 que se ofreci\u00f3 una cena de gala a los invitados especiales, mientras que las personas que fueron tra\u00eddas desde los municipios regresaron a sus lugares como pudieron.<\/span><\/p>\n<p style=\"text-align: justify;\">En este sentido, el vocero del Arzobispado opin\u00f3 que cuando un gobierno convoca al pueblo debe ser inclusivo y hacerlo part\u00edcipe de todo acto.<\/p>\n<p style=\"text-align: justify;\">En otro orden de ideas el vocero de la Iglesia Potosina hizo un llamado para que el gobierno se haga responsable de dotar de insumos en los hospitales, tanto en equipo como en medicamentos.<\/p>\n<p style=\"text-align: justify;\">Se\u00f1al\u00f3 lo anterior luego de que la presidencia de la rep\u00fablica exhibiera a diversas empresas farmac\u00e9uticas que no han cumplido con la entrega de medicamentos en hospitales p\u00fablicos.<\/p>\n<p>Por: Claudio Ibarra<\/p>\n","protected":false},"excerpt":{"rendered":"<p>SLP.- Al opinar sobre el pasado 4\u00b0 informe del gobernador Ricardo Gallardo Cardona el vocero de la Arquidi\u00f3cesis de San Luis Potos\u00ed Tom\u00e1s Cruz Perales, cuestion\u00f3 el hecho que posterior a este evento trascendi\u00f3 que se ofreci\u00f3 una cena de gala a los invitados especiales, mientras que las personas que fueron tra\u00eddas desde los municipios regresaron a sus lugares como pudieron. En este sentido, el vocero del Arzobispado opin\u00f3 que cuando un gobierno convoca al pueblo debe ser inclusivo y hacerlo part\u00edcipe de todo acto. En otro orden de ideas el vocero de la Iglesia Potosina hizo un llamado para [&hellip;]<\/p>\n","protected":false},"author":2,"featured_media":180250,"comment_status":"closed","ping_status":"closed","sticky":false,"template":"","format":"video","meta":{"_monsterinsights_skip_tracking":false,"_monsterinsights_sitenote_active":false,"_monsterinsights_sitenote_note":"","_monsterinsights_sitenote_category":0,"footnotes":""},"categories":[5,510,519,45],"tags":[],"class_list":["post-180229","post","type-post","status-publish","format-video","has-post-thumbnail","hentry","category-destacadas","category-gobedoslp","category-iglesia","category-localesyregionales","post_format-post-format-video","post--single"],"yoast_head":"<!-- This site is optimized with the Yoast SEO plugin v27.4 - https:\/\/yoast.com\/product\/yoast-seo-wordpress\/ -->\n<title>Vocero del Arzobispado critica cena de gala posterior al Informe del Gobernador del Estado - Canal 7 SLP - 2025<\/title>\n<meta name=\"robots\" content=\"index, follow, max-snippet:-1, max-image-preview:large, max-video-preview:-1\" \/>\n<link rel=\"canonical\" href=\"https:\/\/canal7slp.tv\/2025\/vocero-del-arzobispado-critica-cena-de-gala-posterior-al-informe-del-gobernador-del-estado\/\" \/>\n<meta property=\"og:locale\" content=\"es_ES\" \/>\n<meta property=\"og:type\" content=\"article\" \/>\n<meta property=\"og:title\" content=\"Vocero del Arzobispado critica cena de gala posterior al Informe del Gobernador del Estado - Canal 7 SLP - 2025\" \/>\n<meta property=\"og:description\" content=\"SLP.- Al opinar sobre el pasado 4\u00b0 informe del gobernador Ricardo Gallardo Cardona el vocero de la Arquidi\u00f3cesis de San Luis Potos\u00ed Tom\u00e1s Cruz Perales, cuestion\u00f3 el hecho que posterior a este evento trascendi\u00f3 que se ofreci\u00f3 una cena de gala a los invitados especiales, mientras que las personas que fueron tra\u00eddas desde los municipios regresaron a sus lugares como pudieron. En este sentido, el vocero del Arzobispado opin\u00f3 que cuando un gobierno convoca al pueblo debe ser inclusivo y hacerlo part\u00edcipe de todo acto. En otro orden de ideas el vocero de la Iglesia Potosina hizo un llamado para [&hellip;]\" \/>\n<meta property=\"og:url\" content=\"https:\/\/canal7slp.tv\/2025\/vocero-del-arzobispado-critica-cena-de-gala-posterior-al-informe-del-gobernador-del-estado\/\" \/>\n<meta property=\"og:site_name\" content=\"Canal 7 SLP - 2025\" \/>\n<meta property=\"article:publisher\" content=\"https:\/\/www.facebook.com\/noticieroscanal7atencionciudadana\/\" \/>\n<meta property=\"article:published_time\" content=\"2025-09-25T01:45:41+00:00\" \/>\n<meta property=\"article:modified_time\" content=\"2025-12-10T14:48:52+00:00\" \/>\n<meta property=\"og:image\" content=\"https:\/\/canal7slp.tv\/2025\/wp-content\/uploads\/2025\/09\/Claudio01Arzobispado.jpg\" \/>\n\t<meta property=\"og:image:width\" content=\"1280\" \/>\n\t<meta property=\"og:image:height\" content=\"720\" \/>\n\t<meta property=\"og:image:type\" content=\"image\/jpeg\" \/>\n<meta name=\"author\" content=\"Edici\u00f3n Web\" \/>\n<meta name=\"twitter:card\" content=\"summary_large_image\" \/>\n<meta name=\"twitter:creator\" content=\"@NOTICIEROS7\" \/>\n<meta name=\"twitter:site\" content=\"@NOTICIEROS7\" \/>\n<meta name=\"twitter:label1\" content=\"Escrito por\" \/>\n\t<meta name=\"twitter:data1\" content=\"Edici\u00f3n Web\" \/>\n\t<meta name=\"twitter:label2\" content=\"Tiempo de lectura\" \/>\n\t<meta name=\"twitter:data2\" content=\"1 minuto\" \/>\n<script type=\"application\/ld+json\" class=\"yoast-schema-graph\">{\"@context\":\"https:\\\/\\\/schema.org\",\"@graph\":[{\"@type\":\"Article\",\"@id\":\"https:\\\/\\\/canal7slp.tv\\\/2025\\\/vocero-del-arzobispado-critica-cena-de-gala-posterior-al-informe-del-gobernador-del-estado\\\/#article\",\"isPartOf\":{\"@id\":\"https:\\\/\\\/canal7slp.tv\\\/2025\\\/vocero-del-arzobispado-critica-cena-de-gala-posterior-al-informe-del-gobernador-del-estado\\\/\"},\"author\":{\"name\":\"Edici\u00f3n Web\",\"@id\":\"https:\\\/\\\/canal7slp.tv\\\/2025\\\/#\\\/schema\\\/person\\\/271e2b60a96e7cc9d9ac296f4d7e414b\"},\"headline\":\"Vocero del Arzobispado critica cena de gala posterior al Informe del Gobernador del Estado\",\"datePublished\":\"2025-09-25T01:45:41+00:00\",\"dateModified\":\"2025-12-10T14:48:52+00:00\",\"mainEntityOfPage\":{\"@id\":\"https:\\\/\\\/canal7slp.tv\\\/2025\\\/vocero-del-arzobispado-critica-cena-de-gala-posterior-al-informe-del-gobernador-del-estado\\\/\"},\"wordCount\":172,\"publisher\":{\"@id\":\"https:\\\/\\\/canal7slp.tv\\\/2025\\\/#organization\"},\"image\":{\"@id\":\"https:\\\/\\\/canal7slp.tv\\\/2025\\\/vocero-del-arzobispado-critica-cena-de-gala-posterior-al-informe-del-gobernador-del-estado\\\/#primaryimage\"},\"thumbnailUrl\":\"https:\\\/\\\/canal7slp.tv\\\/2025\\\/wp-content\\\/uploads\\\/2025\\\/09\\\/Claudio01Arzobispado.jpg\",\"articleSection\":[\"DESTACADAS\",\"GOBEDOSLP\",\"Iglesia\",\"LOCALES Y REGIONALES\"],\"inLanguage\":\"es\"},{\"@type\":\"WebPage\",\"@id\":\"https:\\\/\\\/canal7slp.tv\\\/2025\\\/vocero-del-arzobispado-critica-cena-de-gala-posterior-al-informe-del-gobernador-del-estado\\\/\",\"url\":\"https:\\\/\\\/canal7slp.tv\\\/2025\\\/vocero-del-arzobispado-critica-cena-de-gala-posterior-al-informe-del-gobernador-del-estado\\\/\",\"name\":\"Vocero del Arzobispado critica cena de gala posterior al Informe del Gobernador del Estado - Canal 7 SLP - 2025\",\"isPartOf\":{\"@id\":\"https:\\\/\\\/canal7slp.tv\\\/2025\\\/#website\"},\"primaryImageOfPage\":{\"@id\":\"https:\\\/\\\/canal7slp.tv\\\/2025\\\/vocero-del-arzobispado-critica-cena-de-gala-posterior-al-informe-del-gobernador-del-estado\\\/#primaryimage\"},\"image\":{\"@id\":\"https:\\\/\\\/canal7slp.tv\\\/2025\\\/vocero-del-arzobispado-critica-cena-de-gala-posterior-al-informe-del-gobernador-del-estado\\\/#primaryimage\"},\"thumbnailUrl\":\"https:\\\/\\\/canal7slp.tv\\\/2025\\\/wp-content\\\/uploads\\\/2025\\\/09\\\/Claudio01Arzobispado.jpg\",\"datePublished\":\"2025-09-25T01:45:41+00:00\",\"dateModified\":\"2025-12-10T14:48:52+00:00\",\"breadcrumb\":{\"@id\":\"https:\\\/\\\/canal7slp.tv\\\/2025\\\/vocero-del-arzobispado-critica-cena-de-gala-posterior-al-informe-del-gobernador-del-estado\\\/#breadcrumb\"},\"inLanguage\":\"es\",\"potentialAction\":[{\"@type\":\"ReadAction\",\"target\":[\"https:\\\/\\\/canal7slp.tv\\\/2025\\\/vocero-del-arzobispado-critica-cena-de-gala-posterior-al-informe-del-gobernador-del-estado\\\/\"]}]},{\"@type\":\"ImageObject\",\"inLanguage\":\"es\",\"@id\":\"https:\\\/\\\/canal7slp.tv\\\/2025\\\/vocero-del-arzobispado-critica-cena-de-gala-posterior-al-informe-del-gobernador-del-estado\\\/#primaryimage\",\"url\":\"https:\\\/\\\/canal7slp.tv\\\/2025\\\/wp-content\\\/uploads\\\/2025\\\/09\\\/Claudio01Arzobispado.jpg\",\"contentUrl\":\"https:\\\/\\\/canal7slp.tv\\\/2025\\\/wp-content\\\/uploads\\\/2025\\\/09\\\/Claudio01Arzobispado.jpg\",\"width\":1280,\"height\":720},{\"@type\":\"BreadcrumbList\",\"@id\":\"https:\\\/\\\/canal7slp.tv\\\/2025\\\/vocero-del-arzobispado-critica-cena-de-gala-posterior-al-informe-del-gobernador-del-estado\\\/#breadcrumb\",\"itemListElement\":[{\"@type\":\"ListItem\",\"position\":1,\"name\":\"Portada\",\"item\":\"https:\\\/\\\/canal7slp.tv\\\/2025\\\/\"},{\"@type\":\"ListItem\",\"position\":2,\"name\":\"Vocero del Arzobispado critica cena de gala posterior al Informe del Gobernador del Estado\"}]},{\"@type\":\"WebSite\",\"@id\":\"https:\\\/\\\/canal7slp.tv\\\/2025\\\/#website\",\"url\":\"https:\\\/\\\/canal7slp.tv\\\/2025\\\/\",\"name\":\"N7 - Noticieros Canal 7\",\"description\":\"Somos el Medio\",\"publisher\":{\"@id\":\"https:\\\/\\\/canal7slp.tv\\\/2025\\\/#organization\"},\"potentialAction\":[{\"@type\":\"SearchAction\",\"target\":{\"@type\":\"EntryPoint\",\"urlTemplate\":\"https:\\\/\\\/canal7slp.tv\\\/2025\\\/?s={search_term_string}\"},\"query-input\":{\"@type\":\"PropertyValueSpecification\",\"valueRequired\":true,\"valueName\":\"search_term_string\"}}],\"inLanguage\":\"es\"},{\"@type\":\"Organization\",\"@id\":\"https:\\\/\\\/canal7slp.tv\\\/2025\\\/#organization\",\"name\":\"Noticieros Canal 7\",\"url\":\"https:\\\/\\\/canal7slp.tv\\\/2025\\\/\",\"logo\":{\"@type\":\"ImageObject\",\"inLanguage\":\"es\",\"@id\":\"https:\\\/\\\/canal7slp.tv\\\/2025\\\/#\\\/schema\\\/logo\\\/image\\\/\",\"url\":\"https:\\\/\\\/canal7slp.tv\\\/2025\\\/wp-content\\\/uploads\\\/2021\\\/01\\\/logo-noticieros@2x.png\",\"contentUrl\":\"https:\\\/\\\/canal7slp.tv\\\/2025\\\/wp-content\\\/uploads\\\/2021\\\/01\\\/logo-noticieros@2x.png\",\"width\":1017,\"height\":268,\"caption\":\"Noticieros Canal 7\"},\"image\":{\"@id\":\"https:\\\/\\\/canal7slp.tv\\\/2025\\\/#\\\/schema\\\/logo\\\/image\\\/\"},\"sameAs\":[\"https:\\\/\\\/www.facebook.com\\\/noticieroscanal7atencionciudadana\\\/\",\"https:\\\/\\\/x.com\\\/NOTICIEROS7\",\"https:\\\/\\\/www.instagram.com\\\/canal7_slp\",\"https:\\\/\\\/www.youtube.com\\\/channel\\\/UCliiYs-gP3JfJeqdPrNdd5A\"]},{\"@type\":\"Person\",\"@id\":\"https:\\\/\\\/canal7slp.tv\\\/2025\\\/#\\\/schema\\\/person\\\/271e2b60a96e7cc9d9ac296f4d7e414b\",\"name\":\"Edici\u00f3n Web\",\"image\":{\"@type\":\"ImageObject\",\"inLanguage\":\"es\",\"@id\":\"https:\\\/\\\/secure.gravatar.com\\\/avatar\\\/eee448fc3f7164808013b816ba91ac7e43bbe82a70bebac296f8bc6f0addaa1a?s=96&d=mm&r=g\",\"url\":\"https:\\\/\\\/secure.gravatar.com\\\/avatar\\\/eee448fc3f7164808013b816ba91ac7e43bbe82a70bebac296f8bc6f0addaa1a?s=96&d=mm&r=g\",\"contentUrl\":\"https:\\\/\\\/secure.gravatar.com\\\/avatar\\\/eee448fc3f7164808013b816ba91ac7e43bbe82a70bebac296f8bc6f0addaa1a?s=96&d=mm&r=g\",\"caption\":\"Edici\u00f3n Web\"},\"url\":\"https:\\\/\\\/canal7slp.tv\\\/2025\\\/author\\\/edicionweb\\\/\"}]}<\/script>\n<!-- \/ Yoast SEO plugin. -->","yoast_head_json":{"title":"Vocero del Arzobispado critica cena de gala posterior al Informe del Gobernador del Estado - Canal 7 SLP - 2025","robots":{"index":"index","follow":"follow","max-snippet":"max-snippet:-1","max-image-preview":"max-image-preview:large","max-video-preview":"max-video-preview:-1"},"canonical":"https:\/\/canal7slp.tv\/2025\/vocero-del-arzobispado-critica-cena-de-gala-posterior-al-informe-del-gobernador-del-estado\/","og_locale":"es_ES","og_type":"article","og_title":"Vocero del Arzobispado critica cena de gala posterior al Informe del Gobernador del Estado - Canal 7 SLP - 2025","og_description":"SLP.- Al opinar sobre el pasado 4\u00b0 informe del gobernador Ricardo Gallardo Cardona el vocero de la Arquidi\u00f3cesis de San Luis Potos\u00ed Tom\u00e1s Cruz Perales, cuestion\u00f3 el hecho que posterior a este evento trascendi\u00f3 que se ofreci\u00f3 una cena de gala a los invitados especiales, mientras que las personas que fueron tra\u00eddas desde los municipios regresaron a sus lugares como pudieron. En este sentido, el vocero del Arzobispado opin\u00f3 que cuando un gobierno convoca al pueblo debe ser inclusivo y hacerlo part\u00edcipe de todo acto. En otro orden de ideas el vocero de la Iglesia Potosina hizo un llamado para [&hellip;]","og_url":"https:\/\/canal7slp.tv\/2025\/vocero-del-arzobispado-critica-cena-de-gala-posterior-al-informe-del-gobernador-del-estado\/","og_site_name":"Canal 7 SLP - 2025","article_publisher":"https:\/\/www.facebook.com\/noticieroscanal7atencionciudadana\/","article_published_time":"2025-09-25T01:45:41+00:00","article_modified_time":"2025-12-10T14:48:52+00:00","og_image":[{"width":1280,"height":720,"url":"https:\/\/canal7slp.tv\/2025\/wp-content\/uploads\/2025\/09\/Claudio01Arzobispado.jpg","type":"image\/jpeg"}],"author":"Edici\u00f3n Web","twitter_card":"summary_large_image","twitter_creator":"@NOTICIEROS7","twitter_site":"@NOTICIEROS7","twitter_misc":{"Escrito por":"Edici\u00f3n Web","Tiempo de lectura":"1 minuto"},"schema":{"@context":"https:\/\/schema.org","@graph":[{"@type":"Article","@id":"https:\/\/canal7slp.tv\/2025\/vocero-del-arzobispado-critica-cena-de-gala-posterior-al-informe-del-gobernador-del-estado\/#article","isPartOf":{"@id":"https:\/\/canal7slp.tv\/2025\/vocero-del-arzobispado-critica-cena-de-gala-posterior-al-informe-del-gobernador-del-estado\/"},"author":{"name":"Edici\u00f3n Web","@id":"https:\/\/canal7slp.tv\/2025\/#\/schema\/person\/271e2b60a96e7cc9d9ac296f4d7e414b"},"headline":"Vocero del Arzobispado critica cena de gala posterior al Informe del Gobernador del Estado","datePublished":"2025-09-25T01:45:41+00:00","dateModified":"2025-12-10T14:48:52+00:00","mainEntityOfPage":{"@id":"https:\/\/canal7slp.tv\/2025\/vocero-del-arzobispado-critica-cena-de-gala-posterior-al-informe-del-gobernador-del-estado\/"},"wordCount":172,"publisher":{"@id":"https:\/\/canal7slp.tv\/2025\/#organization"},"image":{"@id":"https:\/\/canal7slp.tv\/2025\/vocero-del-arzobispado-critica-cena-de-gala-posterior-al-informe-del-gobernador-del-estado\/#primaryimage"},"thumbnailUrl":"https:\/\/canal7slp.tv\/2025\/wp-content\/uploads\/2025\/09\/Claudio01Arzobispado.jpg","articleSection":["DESTACADAS","GOBEDOSLP","Iglesia","LOCALES Y REGIONALES"],"inLanguage":"es"},{"@type":"WebPage","@id":"https:\/\/canal7slp.tv\/2025\/vocero-del-arzobispado-critica-cena-de-gala-posterior-al-informe-del-gobernador-del-estado\/","url":"https:\/\/canal7slp.tv\/2025\/vocero-del-arzobispado-critica-cena-de-gala-posterior-al-informe-del-gobernador-del-estado\/","name":"Vocero del Arzobispado critica cena de gala posterior al Informe del Gobernador del Estado - Canal 7 SLP - 2025","isPartOf":{"@id":"https:\/\/canal7slp.tv\/2025\/#website"},"primaryImageOfPage":{"@id":"https:\/\/canal7slp.tv\/2025\/vocero-del-arzobispado-critica-cena-de-gala-posterior-al-informe-del-gobernador-del-estado\/#primaryimage"},"image":{"@id":"https:\/\/canal7slp.tv\/2025\/vocero-del-arzobispado-critica-cena-de-gala-posterior-al-informe-del-gobernador-del-estado\/#primaryimage"},"thumbnailUrl":"https:\/\/canal7slp.tv\/2025\/wp-content\/uploads\/2025\/09\/Claudio01Arzobispado.jpg","datePublished":"2025-09-25T01:45:41+00:00","dateModified":"2025-12-10T14:48:52+00:00","breadcrumb":{"@id":"https:\/\/canal7slp.tv\/2025\/vocero-del-arzobispado-critica-cena-de-gala-posterior-al-informe-del-gobernador-del-estado\/#breadcrumb"},"inLanguage":"es","potentialAction":[{"@type":"ReadAction","target":["https:\/\/canal7slp.tv\/2025\/vocero-del-arzobispado-critica-cena-de-gala-posterior-al-informe-del-gobernador-del-estado\/"]}]},{"@type":"ImageObject","inLanguage":"es","@id":"https:\/\/canal7slp.tv\/2025\/vocero-del-arzobispado-critica-cena-de-gala-posterior-al-informe-del-gobernador-del-estado\/#primaryimage","url":"https:\/\/canal7slp.tv\/2025\/wp-content\/uploads\/2025\/09\/Claudio01Arzobispado.jpg","contentUrl":"https:\/\/canal7slp.tv\/2025\/wp-content\/uploads\/2025\/09\/Claudio01Arzobispado.jpg","width":1280,"height":720},{"@type":"BreadcrumbList","@id":"https:\/\/canal7slp.tv\/2025\/vocero-del-arzobispado-critica-cena-de-gala-posterior-al-informe-del-gobernador-del-estado\/#breadcrumb","itemListElement":[{"@type":"ListItem","position":1,"name":"Portada","item":"https:\/\/canal7slp.tv\/2025\/"},{"@type":"ListItem","position":2,"name":"Vocero del Arzobispado critica cena de gala posterior al Informe del Gobernador del Estado"}]},{"@type":"WebSite","@id":"https:\/\/canal7slp.tv\/2025\/#website","url":"https:\/\/canal7slp.tv\/2025\/","name":"N7 - Noticieros Canal 7","description":"Somos el Medio","publisher":{"@id":"https:\/\/canal7slp.tv\/2025\/#organization"},"potentialAction":[{"@type":"SearchAction","target":{"@type":"EntryPoint","urlTemplate":"https:\/\/canal7slp.tv\/2025\/?s={search_term_string}"},"query-input":{"@type":"PropertyValueSpecification","valueRequired":true,"valueName":"search_term_string"}}],"inLanguage":"es"},{"@type":"Organization","@id":"https:\/\/canal7slp.tv\/2025\/#organization","name":"Noticieros Canal 7","url":"https:\/\/canal7slp.tv\/2025\/","logo":{"@type":"ImageObject","inLanguage":"es","@id":"https:\/\/canal7slp.tv\/2025\/#\/schema\/logo\/image\/","url":"https:\/\/canal7slp.tv\/2025\/wp-content\/uploads\/2021\/01\/logo-noticieros@2x.png","contentUrl":"https:\/\/canal7slp.tv\/2025\/wp-content\/uploads\/2021\/01\/logo-noticieros@2x.png","width":1017,"height":268,"caption":"Noticieros Canal 7"},"image":{"@id":"https:\/\/canal7slp.tv\/2025\/#\/schema\/logo\/image\/"},"sameAs":["https:\/\/www.facebook.com\/noticieroscanal7atencionciudadana\/","https:\/\/x.com\/NOTICIEROS7","https:\/\/www.instagram.com\/canal7_slp","https:\/\/www.youtube.com\/channel\/UCliiYs-gP3JfJeqdPrNdd5A"]},{"@type":"Person","@id":"https:\/\/canal7slp.tv\/2025\/#\/schema\/person\/271e2b60a96e7cc9d9ac296f4d7e414b","name":"Edici\u00f3n Web","image":{"@type":"ImageObject","inLanguage":"es","@id":"https:\/\/secure.gravatar.com\/avatar\/eee448fc3f7164808013b816ba91ac7e43bbe82a70bebac296f8bc6f0addaa1a?s=96&d=mm&r=g","url":"https:\/\/secure.gravatar.com\/avatar\/eee448fc3f7164808013b816ba91ac7e43bbe82a70bebac296f8bc6f0addaa1a?s=96&d=mm&r=g","contentUrl":"https:\/\/secure.gravatar.com\/avatar\/eee448fc3f7164808013b816ba91ac7e43bbe82a70bebac296f8bc6f0addaa1a?s=96&d=mm&r=g","caption":"Edici\u00f3n Web"},"url":"https:\/\/canal7slp.tv\/2025\/author\/edicionweb\/"}]}},"_links":{"self":[{"href":"https:\/\/canal7slp.tv\/2025\/wp-json\/wp\/v2\/posts\/180229","targetHints":{"allow":["GET"]}}],"collection":[{"href":"https:\/\/canal7slp.tv\/2025\/wp-json\/wp\/v2\/posts"}],"about":[{"href":"https:\/\/canal7slp.tv\/2025\/wp-json\/wp\/v2\/types\/post"}],"author":[{"embeddable":true,"href":"https:\/\/canal7slp.tv\/2025\/wp-json\/wp\/v2\/users\/2"}],"replies":[{"embeddable":true,"href":"https:\/\/canal7slp.tv\/2025\/wp-json\/wp\/v2\/comments?post=180229"}],"version-history":[{"count":2,"href":"https:\/\/canal7slp.tv\/2025\/wp-json\/wp\/v2\/posts\/180229\/revisions"}],"predecessor-version":[{"id":180251,"href":"https:\/\/canal7slp.tv\/2025\/wp-json\/wp\/v2\/posts\/180229\/revisions\/180251"}],"wp:featuredmedia":[{"embeddable":true,"href":"https:\/\/canal7slp.tv\/2025\/wp-json\/wp\/v2\/media\/180250"}],"wp:attachment":[{"href":"https:\/\/canal7slp.tv\/2025\/wp-json\/wp\/v2\/media?parent=180229"}],"wp:term":[{"taxonomy":"category","embeddable":true,"href":"https:\/\/canal7slp.tv\/2025\/wp-json\/wp\/v2\/categories?post=180229"},{"taxonomy":"post_tag","embeddable":true,"href":"https:\/\/canal7slp.tv\/2025\/wp-json\/wp\/v2\/tags?post=180229"}],"curies":[{"name":"wp","href":"https:\/\/api.w.org\/{rel}","templated":true}]}}