{"id":180037,"date":"2025-09-22T23:37:34","date_gmt":"2025-09-23T05:37:34","guid":{"rendered":"https:\/\/canal7slp.tv\/2025\/?p=180037"},"modified":"2025-09-22T23:37:34","modified_gmt":"2025-09-23T05:37:34","slug":"el-gobernador-ricardo-gallardo-cardona-rinde-su-cuarto-informe-de-gobierno","status":"publish","type":"post","link":"https:\/\/canal7slp.tv\/2025\/el-gobernador-ricardo-gallardo-cardona-rinde-su-cuarto-informe-de-gobierno\/","title":{"rendered":"El gobernador Ricardo Gallardo Cardona rinde su Cuarto Informe de Gobierno"},"content":{"rendered":"<p style=\"text-align: justify;\"><span style=\"font-size: 1.21429rem;\">SLP.- En un video que resumi\u00f3 las principales acciones realizadas de su gobierno entre el 2024 y 2025 el gobernador Ricardo Gallardo Cardona, rindi\u00f3 su Cuarto Informe de Gobierno.<\/span><\/p>\n<p style=\"text-align: justify;\">Resalt\u00f3 tambi\u00e9n la reci\u00e9n inaugurada V\u00eda Alterna.<\/p>\n<p style=\"text-align: justify;\">Miles de personas acudieron a este Cuarto Informe del gobernador del estado en la Arena Potos\u00ed y en el que tambi\u00e9n se dieron cita empresarios, pol\u00edticos y conocidos artistas y personajes, as\u00ed como los gobernadores del Nuevo Le\u00f3n Samuel Garc\u00eda y de Coahuila, Manolo Jim\u00e9nez.<\/p>\n<p style=\"text-align: justify;\">Ya en su mensaje Gallardo Cardona afirm\u00f3 que su administraci\u00f3n ha trabajado para romper con viejas estructuras del poder construyendo, dijo, una forma de gobierno basada en la prosperidad y la inclusi\u00f3n de todos los sectores sociales.<\/p>\n<p style=\"text-align: justify;\">Asimismo, Gallardo Cardona destac\u00f3 que no se puede compartir una misma ideolog\u00eda pero s\u00ed un mismo objetivo y que dijo, es el crecimiento de San Luis Potos\u00ed.<\/p>\n<p style=\"text-align: justify;\">Ricardo Gallardo Cardona dijo adem\u00e1s que se han invertido m\u00e1s de 63 mil millones de pesos en inversi\u00f3n total, m\u00e1s de un mill\u00f3n de hogares beneficiados con programas sociales al decir tambi\u00e9n que en San Luis Potos\u00ed, 340 mil personas han salido de la pobreza y al destacar tambi\u00e9n, el monto de lo invertido en infraestructura.<\/p>\n<p>Por: Claudio Ibarra<\/p>\n","protected":false},"excerpt":{"rendered":"<p>SLP.- En un video que resumi\u00f3 las principales acciones realizadas de su gobierno entre el 2024 y 2025 el gobernador Ricardo Gallardo Cardona, rindi\u00f3 su Cuarto Informe de Gobierno. Resalt\u00f3 tambi\u00e9n la reci\u00e9n inaugurada V\u00eda Alterna. Miles de personas acudieron a este Cuarto Informe del gobernador del estado en la Arena Potos\u00ed y en el que tambi\u00e9n se dieron cita empresarios, pol\u00edticos y conocidos artistas y personajes, as\u00ed como los gobernadores del Nuevo Le\u00f3n Samuel Garc\u00eda y de Coahuila, Manolo Jim\u00e9nez. Ya en su mensaje Gallardo Cardona afirm\u00f3 que su administraci\u00f3n ha trabajado para romper con viejas estructuras del poder [&hellip;]<\/p>\n","protected":false},"author":2,"featured_media":180039,"comment_status":"closed","ping_status":"closed","sticky":false,"template":"","format":"video","meta":{"_monsterinsights_skip_tracking":false,"_monsterinsights_sitenote_active":false,"_monsterinsights_sitenote_note":"","_monsterinsights_sitenote_category":0,"footnotes":""},"categories":[5,510,45],"tags":[],"class_list":["post-180037","post","type-post","status-publish","format-video","has-post-thumbnail","hentry","category-destacadas","category-gobedoslp","category-localesyregionales","post_format-post-format-video","post--single"],"yoast_head":"<!-- This site is optimized with the Yoast SEO plugin v27.5 - https:\/\/yoast.com\/product\/yoast-seo-wordpress\/ -->\n<title>El gobernador Ricardo Gallardo Cardona rinde su Cuarto Informe de Gobierno - Canal 7 SLP - 2025<\/title>\n<meta name=\"robots\" content=\"index, follow, max-snippet:-1, max-image-preview:large, max-video-preview:-1\" \/>\n<link rel=\"canonical\" href=\"https:\/\/canal7slp.tv\/2025\/el-gobernador-ricardo-gallardo-cardona-rinde-su-cuarto-informe-de-gobierno\/\" \/>\n<meta property=\"og:locale\" content=\"es_ES\" \/>\n<meta property=\"og:type\" content=\"article\" \/>\n<meta property=\"og:title\" content=\"El gobernador Ricardo Gallardo Cardona rinde su Cuarto Informe de Gobierno - Canal 7 SLP - 2025\" \/>\n<meta property=\"og:description\" content=\"SLP.- En un video que resumi\u00f3 las principales acciones realizadas de su gobierno entre el 2024 y 2025 el gobernador Ricardo Gallardo Cardona, rindi\u00f3 su Cuarto Informe de Gobierno. Resalt\u00f3 tambi\u00e9n la reci\u00e9n inaugurada V\u00eda Alterna. Miles de personas acudieron a este Cuarto Informe del gobernador del estado en la Arena Potos\u00ed y en el que tambi\u00e9n se dieron cita empresarios, pol\u00edticos y conocidos artistas y personajes, as\u00ed como los gobernadores del Nuevo Le\u00f3n Samuel Garc\u00eda y de Coahuila, Manolo Jim\u00e9nez. Ya en su mensaje Gallardo Cardona afirm\u00f3 que su administraci\u00f3n ha trabajado para romper con viejas estructuras del poder [&hellip;]\" \/>\n<meta property=\"og:url\" content=\"https:\/\/canal7slp.tv\/2025\/el-gobernador-ricardo-gallardo-cardona-rinde-su-cuarto-informe-de-gobierno\/\" \/>\n<meta property=\"og:site_name\" content=\"Canal 7 SLP - 2025\" \/>\n<meta property=\"article:publisher\" content=\"https:\/\/www.facebook.com\/noticieroscanal7atencionciudadana\/\" \/>\n<meta property=\"article:published_time\" content=\"2025-09-23T05:37:34+00:00\" \/>\n<meta property=\"og:image\" content=\"https:\/\/canal7slp.tv\/2025\/wp-content\/uploads\/2025\/09\/Claudio01InformeGobernador.jpg\" \/>\n\t<meta property=\"og:image:width\" content=\"1280\" \/>\n\t<meta property=\"og:image:height\" content=\"720\" \/>\n\t<meta property=\"og:image:type\" content=\"image\/jpeg\" \/>\n<meta name=\"author\" content=\"Edici\u00f3n Web\" \/>\n<meta name=\"twitter:card\" content=\"summary_large_image\" \/>\n<meta name=\"twitter:creator\" content=\"@NOTICIEROS7\" \/>\n<meta name=\"twitter:site\" content=\"@NOTICIEROS7\" \/>\n<meta name=\"twitter:label1\" content=\"Escrito por\" \/>\n\t<meta name=\"twitter:data1\" content=\"Edici\u00f3n Web\" \/>\n\t<meta name=\"twitter:label2\" content=\"Tiempo de lectura\" \/>\n\t<meta name=\"twitter:data2\" content=\"2 minutos\" \/>\n<script type=\"application\/ld+json\" class=\"yoast-schema-graph\">{\"@context\":\"https:\\\/\\\/schema.org\",\"@graph\":[{\"@type\":\"Article\",\"@id\":\"https:\\\/\\\/canal7slp.tv\\\/2025\\\/el-gobernador-ricardo-gallardo-cardona-rinde-su-cuarto-informe-de-gobierno\\\/#article\",\"isPartOf\":{\"@id\":\"https:\\\/\\\/canal7slp.tv\\\/2025\\\/el-gobernador-ricardo-gallardo-cardona-rinde-su-cuarto-informe-de-gobierno\\\/\"},\"author\":{\"name\":\"Edici\u00f3n Web\",\"@id\":\"https:\\\/\\\/canal7slp.tv\\\/2025\\\/#\\\/schema\\\/person\\\/271e2b60a96e7cc9d9ac296f4d7e414b\"},\"headline\":\"El gobernador Ricardo Gallardo Cardona rinde su Cuarto Informe de Gobierno\",\"datePublished\":\"2025-09-23T05:37:34+00:00\",\"mainEntityOfPage\":{\"@id\":\"https:\\\/\\\/canal7slp.tv\\\/2025\\\/el-gobernador-ricardo-gallardo-cardona-rinde-su-cuarto-informe-de-gobierno\\\/\"},\"wordCount\":230,\"publisher\":{\"@id\":\"https:\\\/\\\/canal7slp.tv\\\/2025\\\/#organization\"},\"image\":{\"@id\":\"https:\\\/\\\/canal7slp.tv\\\/2025\\\/el-gobernador-ricardo-gallardo-cardona-rinde-su-cuarto-informe-de-gobierno\\\/#primaryimage\"},\"thumbnailUrl\":\"https:\\\/\\\/canal7slp.tv\\\/2025\\\/wp-content\\\/uploads\\\/2025\\\/09\\\/Claudio01InformeGobernador.jpg\",\"articleSection\":[\"DESTACADAS\",\"GOBEDOSLP\",\"LOCALES Y REGIONALES\"],\"inLanguage\":\"es\"},{\"@type\":\"WebPage\",\"@id\":\"https:\\\/\\\/canal7slp.tv\\\/2025\\\/el-gobernador-ricardo-gallardo-cardona-rinde-su-cuarto-informe-de-gobierno\\\/\",\"url\":\"https:\\\/\\\/canal7slp.tv\\\/2025\\\/el-gobernador-ricardo-gallardo-cardona-rinde-su-cuarto-informe-de-gobierno\\\/\",\"name\":\"El gobernador Ricardo Gallardo Cardona rinde su Cuarto Informe de Gobierno - Canal 7 SLP - 2025\",\"isPartOf\":{\"@id\":\"https:\\\/\\\/canal7slp.tv\\\/2025\\\/#website\"},\"primaryImageOfPage\":{\"@id\":\"https:\\\/\\\/canal7slp.tv\\\/2025\\\/el-gobernador-ricardo-gallardo-cardona-rinde-su-cuarto-informe-de-gobierno\\\/#primaryimage\"},\"image\":{\"@id\":\"https:\\\/\\\/canal7slp.tv\\\/2025\\\/el-gobernador-ricardo-gallardo-cardona-rinde-su-cuarto-informe-de-gobierno\\\/#primaryimage\"},\"thumbnailUrl\":\"https:\\\/\\\/canal7slp.tv\\\/2025\\\/wp-content\\\/uploads\\\/2025\\\/09\\\/Claudio01InformeGobernador.jpg\",\"datePublished\":\"2025-09-23T05:37:34+00:00\",\"breadcrumb\":{\"@id\":\"https:\\\/\\\/canal7slp.tv\\\/2025\\\/el-gobernador-ricardo-gallardo-cardona-rinde-su-cuarto-informe-de-gobierno\\\/#breadcrumb\"},\"inLanguage\":\"es\",\"potentialAction\":[{\"@type\":\"ReadAction\",\"target\":[\"https:\\\/\\\/canal7slp.tv\\\/2025\\\/el-gobernador-ricardo-gallardo-cardona-rinde-su-cuarto-informe-de-gobierno\\\/\"]}]},{\"@type\":\"ImageObject\",\"inLanguage\":\"es\",\"@id\":\"https:\\\/\\\/canal7slp.tv\\\/2025\\\/el-gobernador-ricardo-gallardo-cardona-rinde-su-cuarto-informe-de-gobierno\\\/#primaryimage\",\"url\":\"https:\\\/\\\/canal7slp.tv\\\/2025\\\/wp-content\\\/uploads\\\/2025\\\/09\\\/Claudio01InformeGobernador.jpg\",\"contentUrl\":\"https:\\\/\\\/canal7slp.tv\\\/2025\\\/wp-content\\\/uploads\\\/2025\\\/09\\\/Claudio01InformeGobernador.jpg\",\"width\":1280,\"height\":720},{\"@type\":\"BreadcrumbList\",\"@id\":\"https:\\\/\\\/canal7slp.tv\\\/2025\\\/el-gobernador-ricardo-gallardo-cardona-rinde-su-cuarto-informe-de-gobierno\\\/#breadcrumb\",\"itemListElement\":[{\"@type\":\"ListItem\",\"position\":1,\"name\":\"Portada\",\"item\":\"https:\\\/\\\/canal7slp.tv\\\/2025\\\/\"},{\"@type\":\"ListItem\",\"position\":2,\"name\":\"El gobernador Ricardo Gallardo Cardona rinde su Cuarto Informe de Gobierno\"}]},{\"@type\":\"WebSite\",\"@id\":\"https:\\\/\\\/canal7slp.tv\\\/2025\\\/#website\",\"url\":\"https:\\\/\\\/canal7slp.tv\\\/2025\\\/\",\"name\":\"N7 - Noticieros Canal 7\",\"description\":\"Somos el Medio\",\"publisher\":{\"@id\":\"https:\\\/\\\/canal7slp.tv\\\/2025\\\/#organization\"},\"potentialAction\":[{\"@type\":\"SearchAction\",\"target\":{\"@type\":\"EntryPoint\",\"urlTemplate\":\"https:\\\/\\\/canal7slp.tv\\\/2025\\\/?s={search_term_string}\"},\"query-input\":{\"@type\":\"PropertyValueSpecification\",\"valueRequired\":true,\"valueName\":\"search_term_string\"}}],\"inLanguage\":\"es\"},{\"@type\":\"Organization\",\"@id\":\"https:\\\/\\\/canal7slp.tv\\\/2025\\\/#organization\",\"name\":\"Noticieros Canal 7\",\"url\":\"https:\\\/\\\/canal7slp.tv\\\/2025\\\/\",\"logo\":{\"@type\":\"ImageObject\",\"inLanguage\":\"es\",\"@id\":\"https:\\\/\\\/canal7slp.tv\\\/2025\\\/#\\\/schema\\\/logo\\\/image\\\/\",\"url\":\"https:\\\/\\\/canal7slp.tv\\\/2025\\\/wp-content\\\/uploads\\\/2021\\\/01\\\/logo-noticieros@2x.png\",\"contentUrl\":\"https:\\\/\\\/canal7slp.tv\\\/2025\\\/wp-content\\\/uploads\\\/2021\\\/01\\\/logo-noticieros@2x.png\",\"width\":1017,\"height\":268,\"caption\":\"Noticieros Canal 7\"},\"image\":{\"@id\":\"https:\\\/\\\/canal7slp.tv\\\/2025\\\/#\\\/schema\\\/logo\\\/image\\\/\"},\"sameAs\":[\"https:\\\/\\\/www.facebook.com\\\/noticieroscanal7atencionciudadana\\\/\",\"https:\\\/\\\/x.com\\\/NOTICIEROS7\",\"https:\\\/\\\/www.instagram.com\\\/canal7_slp\",\"https:\\\/\\\/www.youtube.com\\\/channel\\\/UCliiYs-gP3JfJeqdPrNdd5A\"]},{\"@type\":\"Person\",\"@id\":\"https:\\\/\\\/canal7slp.tv\\\/2025\\\/#\\\/schema\\\/person\\\/271e2b60a96e7cc9d9ac296f4d7e414b\",\"name\":\"Edici\u00f3n Web\",\"image\":{\"@type\":\"ImageObject\",\"inLanguage\":\"es\",\"@id\":\"https:\\\/\\\/secure.gravatar.com\\\/avatar\\\/eee448fc3f7164808013b816ba91ac7e43bbe82a70bebac296f8bc6f0addaa1a?s=96&d=mm&r=g\",\"url\":\"https:\\\/\\\/secure.gravatar.com\\\/avatar\\\/eee448fc3f7164808013b816ba91ac7e43bbe82a70bebac296f8bc6f0addaa1a?s=96&d=mm&r=g\",\"contentUrl\":\"https:\\\/\\\/secure.gravatar.com\\\/avatar\\\/eee448fc3f7164808013b816ba91ac7e43bbe82a70bebac296f8bc6f0addaa1a?s=96&d=mm&r=g\",\"caption\":\"Edici\u00f3n Web\"},\"url\":\"https:\\\/\\\/canal7slp.tv\\\/2025\\\/author\\\/edicionweb\\\/\"}]}<\/script>\n<!-- \/ Yoast SEO plugin. -->","yoast_head_json":{"title":"El gobernador Ricardo Gallardo Cardona rinde su Cuarto Informe de Gobierno - Canal 7 SLP - 2025","robots":{"index":"index","follow":"follow","max-snippet":"max-snippet:-1","max-image-preview":"max-image-preview:large","max-video-preview":"max-video-preview:-1"},"canonical":"https:\/\/canal7slp.tv\/2025\/el-gobernador-ricardo-gallardo-cardona-rinde-su-cuarto-informe-de-gobierno\/","og_locale":"es_ES","og_type":"article","og_title":"El gobernador Ricardo Gallardo Cardona rinde su Cuarto Informe de Gobierno - Canal 7 SLP - 2025","og_description":"SLP.- En un video que resumi\u00f3 las principales acciones realizadas de su gobierno entre el 2024 y 2025 el gobernador Ricardo Gallardo Cardona, rindi\u00f3 su Cuarto Informe de Gobierno. Resalt\u00f3 tambi\u00e9n la reci\u00e9n inaugurada V\u00eda Alterna. Miles de personas acudieron a este Cuarto Informe del gobernador del estado en la Arena Potos\u00ed y en el que tambi\u00e9n se dieron cita empresarios, pol\u00edticos y conocidos artistas y personajes, as\u00ed como los gobernadores del Nuevo Le\u00f3n Samuel Garc\u00eda y de Coahuila, Manolo Jim\u00e9nez. Ya en su mensaje Gallardo Cardona afirm\u00f3 que su administraci\u00f3n ha trabajado para romper con viejas estructuras del poder [&hellip;]","og_url":"https:\/\/canal7slp.tv\/2025\/el-gobernador-ricardo-gallardo-cardona-rinde-su-cuarto-informe-de-gobierno\/","og_site_name":"Canal 7 SLP - 2025","article_publisher":"https:\/\/www.facebook.com\/noticieroscanal7atencionciudadana\/","article_published_time":"2025-09-23T05:37:34+00:00","og_image":[{"width":1280,"height":720,"url":"https:\/\/canal7slp.tv\/2025\/wp-content\/uploads\/2025\/09\/Claudio01InformeGobernador.jpg","type":"image\/jpeg"}],"author":"Edici\u00f3n Web","twitter_card":"summary_large_image","twitter_creator":"@NOTICIEROS7","twitter_site":"@NOTICIEROS7","twitter_misc":{"Escrito por":"Edici\u00f3n Web","Tiempo de lectura":"2 minutos"},"schema":{"@context":"https:\/\/schema.org","@graph":[{"@type":"Article","@id":"https:\/\/canal7slp.tv\/2025\/el-gobernador-ricardo-gallardo-cardona-rinde-su-cuarto-informe-de-gobierno\/#article","isPartOf":{"@id":"https:\/\/canal7slp.tv\/2025\/el-gobernador-ricardo-gallardo-cardona-rinde-su-cuarto-informe-de-gobierno\/"},"author":{"name":"Edici\u00f3n Web","@id":"https:\/\/canal7slp.tv\/2025\/#\/schema\/person\/271e2b60a96e7cc9d9ac296f4d7e414b"},"headline":"El gobernador Ricardo Gallardo Cardona rinde su Cuarto Informe de Gobierno","datePublished":"2025-09-23T05:37:34+00:00","mainEntityOfPage":{"@id":"https:\/\/canal7slp.tv\/2025\/el-gobernador-ricardo-gallardo-cardona-rinde-su-cuarto-informe-de-gobierno\/"},"wordCount":230,"publisher":{"@id":"https:\/\/canal7slp.tv\/2025\/#organization"},"image":{"@id":"https:\/\/canal7slp.tv\/2025\/el-gobernador-ricardo-gallardo-cardona-rinde-su-cuarto-informe-de-gobierno\/#primaryimage"},"thumbnailUrl":"https:\/\/canal7slp.tv\/2025\/wp-content\/uploads\/2025\/09\/Claudio01InformeGobernador.jpg","articleSection":["DESTACADAS","GOBEDOSLP","LOCALES Y REGIONALES"],"inLanguage":"es"},{"@type":"WebPage","@id":"https:\/\/canal7slp.tv\/2025\/el-gobernador-ricardo-gallardo-cardona-rinde-su-cuarto-informe-de-gobierno\/","url":"https:\/\/canal7slp.tv\/2025\/el-gobernador-ricardo-gallardo-cardona-rinde-su-cuarto-informe-de-gobierno\/","name":"El gobernador Ricardo Gallardo Cardona rinde su Cuarto Informe de Gobierno - Canal 7 SLP - 2025","isPartOf":{"@id":"https:\/\/canal7slp.tv\/2025\/#website"},"primaryImageOfPage":{"@id":"https:\/\/canal7slp.tv\/2025\/el-gobernador-ricardo-gallardo-cardona-rinde-su-cuarto-informe-de-gobierno\/#primaryimage"},"image":{"@id":"https:\/\/canal7slp.tv\/2025\/el-gobernador-ricardo-gallardo-cardona-rinde-su-cuarto-informe-de-gobierno\/#primaryimage"},"thumbnailUrl":"https:\/\/canal7slp.tv\/2025\/wp-content\/uploads\/2025\/09\/Claudio01InformeGobernador.jpg","datePublished":"2025-09-23T05:37:34+00:00","breadcrumb":{"@id":"https:\/\/canal7slp.tv\/2025\/el-gobernador-ricardo-gallardo-cardona-rinde-su-cuarto-informe-de-gobierno\/#breadcrumb"},"inLanguage":"es","potentialAction":[{"@type":"ReadAction","target":["https:\/\/canal7slp.tv\/2025\/el-gobernador-ricardo-gallardo-cardona-rinde-su-cuarto-informe-de-gobierno\/"]}]},{"@type":"ImageObject","inLanguage":"es","@id":"https:\/\/canal7slp.tv\/2025\/el-gobernador-ricardo-gallardo-cardona-rinde-su-cuarto-informe-de-gobierno\/#primaryimage","url":"https:\/\/canal7slp.tv\/2025\/wp-content\/uploads\/2025\/09\/Claudio01InformeGobernador.jpg","contentUrl":"https:\/\/canal7slp.tv\/2025\/wp-content\/uploads\/2025\/09\/Claudio01InformeGobernador.jpg","width":1280,"height":720},{"@type":"BreadcrumbList","@id":"https:\/\/canal7slp.tv\/2025\/el-gobernador-ricardo-gallardo-cardona-rinde-su-cuarto-informe-de-gobierno\/#breadcrumb","itemListElement":[{"@type":"ListItem","position":1,"name":"Portada","item":"https:\/\/canal7slp.tv\/2025\/"},{"@type":"ListItem","position":2,"name":"El gobernador Ricardo Gallardo Cardona rinde su Cuarto Informe de Gobierno"}]},{"@type":"WebSite","@id":"https:\/\/canal7slp.tv\/2025\/#website","url":"https:\/\/canal7slp.tv\/2025\/","name":"N7 - Noticieros Canal 7","description":"Somos el Medio","publisher":{"@id":"https:\/\/canal7slp.tv\/2025\/#organization"},"potentialAction":[{"@type":"SearchAction","target":{"@type":"EntryPoint","urlTemplate":"https:\/\/canal7slp.tv\/2025\/?s={search_term_string}"},"query-input":{"@type":"PropertyValueSpecification","valueRequired":true,"valueName":"search_term_string"}}],"inLanguage":"es"},{"@type":"Organization","@id":"https:\/\/canal7slp.tv\/2025\/#organization","name":"Noticieros Canal 7","url":"https:\/\/canal7slp.tv\/2025\/","logo":{"@type":"ImageObject","inLanguage":"es","@id":"https:\/\/canal7slp.tv\/2025\/#\/schema\/logo\/image\/","url":"https:\/\/canal7slp.tv\/2025\/wp-content\/uploads\/2021\/01\/logo-noticieros@2x.png","contentUrl":"https:\/\/canal7slp.tv\/2025\/wp-content\/uploads\/2021\/01\/logo-noticieros@2x.png","width":1017,"height":268,"caption":"Noticieros Canal 7"},"image":{"@id":"https:\/\/canal7slp.tv\/2025\/#\/schema\/logo\/image\/"},"sameAs":["https:\/\/www.facebook.com\/noticieroscanal7atencionciudadana\/","https:\/\/x.com\/NOTICIEROS7","https:\/\/www.instagram.com\/canal7_slp","https:\/\/www.youtube.com\/channel\/UCliiYs-gP3JfJeqdPrNdd5A"]},{"@type":"Person","@id":"https:\/\/canal7slp.tv\/2025\/#\/schema\/person\/271e2b60a96e7cc9d9ac296f4d7e414b","name":"Edici\u00f3n Web","image":{"@type":"ImageObject","inLanguage":"es","@id":"https:\/\/secure.gravatar.com\/avatar\/eee448fc3f7164808013b816ba91ac7e43bbe82a70bebac296f8bc6f0addaa1a?s=96&d=mm&r=g","url":"https:\/\/secure.gravatar.com\/avatar\/eee448fc3f7164808013b816ba91ac7e43bbe82a70bebac296f8bc6f0addaa1a?s=96&d=mm&r=g","contentUrl":"https:\/\/secure.gravatar.com\/avatar\/eee448fc3f7164808013b816ba91ac7e43bbe82a70bebac296f8bc6f0addaa1a?s=96&d=mm&r=g","caption":"Edici\u00f3n Web"},"url":"https:\/\/canal7slp.tv\/2025\/author\/edicionweb\/"}]}},"_links":{"self":[{"href":"https:\/\/canal7slp.tv\/2025\/wp-json\/wp\/v2\/posts\/180037","targetHints":{"allow":["GET"]}}],"collection":[{"href":"https:\/\/canal7slp.tv\/2025\/wp-json\/wp\/v2\/posts"}],"about":[{"href":"https:\/\/canal7slp.tv\/2025\/wp-json\/wp\/v2\/types\/post"}],"author":[{"embeddable":true,"href":"https:\/\/canal7slp.tv\/2025\/wp-json\/wp\/v2\/users\/2"}],"replies":[{"embeddable":true,"href":"https:\/\/canal7slp.tv\/2025\/wp-json\/wp\/v2\/comments?post=180037"}],"version-history":[{"count":1,"href":"https:\/\/canal7slp.tv\/2025\/wp-json\/wp\/v2\/posts\/180037\/revisions"}],"predecessor-version":[{"id":180040,"href":"https:\/\/canal7slp.tv\/2025\/wp-json\/wp\/v2\/posts\/180037\/revisions\/180040"}],"wp:featuredmedia":[{"embeddable":true,"href":"https:\/\/canal7slp.tv\/2025\/wp-json\/wp\/v2\/media\/180039"}],"wp:attachment":[{"href":"https:\/\/canal7slp.tv\/2025\/wp-json\/wp\/v2\/media?parent=180037"}],"wp:term":[{"taxonomy":"category","embeddable":true,"href":"https:\/\/canal7slp.tv\/2025\/wp-json\/wp\/v2\/categories?post=180037"},{"taxonomy":"post_tag","embeddable":true,"href":"https:\/\/canal7slp.tv\/2025\/wp-json\/wp\/v2\/tags?post=180037"}],"curies":[{"name":"wp","href":"https:\/\/api.w.org\/{rel}","templated":true}]}}