{"id":179978,"date":"2025-09-22T16:00:01","date_gmt":"2025-09-22T22:00:01","guid":{"rendered":"https:\/\/canal7slp.tv\/2025\/?p=179978"},"modified":"2025-09-22T16:00:01","modified_gmt":"2025-09-22T22:00:01","slug":"trump-anuncia-condecoracion-postuma-con-medalla-presidencial-de-la-libertad-para-charlie-kirk","status":"publish","type":"post","link":"https:\/\/canal7slp.tv\/2025\/trump-anuncia-condecoracion-postuma-con-medalla-presidencial-de-la-libertad-para-charlie-kirk\/","title":{"rendered":"Trump anuncia condecoraci\u00f3n p\u00f3stuma con Medalla Presidencial de la Libertad para Charlie Kirk"},"content":{"rendered":"<p style=\"text-align: justify;\">\n<p style=\"text-align: justify;\">EEUU.- El presidente de Estados Unidos, Donald Trump, anunci\u00f3 durante un homenaje p\u00f3stumo que el activista conservador Charlie Kirk ser\u00e1 reconocido con la Medalla Presidencial de la Libertad, la m\u00e1s alta condecoraci\u00f3n civil del pa\u00eds. La ceremonia se llev\u00f3 a cabo en el State Farm Stadium de Glendale, Arizona.<\/p>\n<p style=\"text-align: justify;\">Durante el evento, el mandatario describi\u00f3 a Kirk como una figura significativa dentro de su movimiento pol\u00edtico y record\u00f3 conversaciones mantenidas con el activista antes de su fallecimiento. Kirk muri\u00f3 recientemente como resultado de un incidente con arma de fuego durante un evento universitario.<\/p>\n<p style=\"text-align: justify;\">El vicepresidente JD Vance se refiri\u00f3 al homenajeado como una figura nacional y destac\u00f3 su legado dentro del movimiento conservador. El acto cont\u00f3 con la participaci\u00f3n de diversas personalidades pol\u00edticas alineadas con la administraci\u00f3n actual.<\/p>\n<p style=\"text-align: justify;\">Los asistentes realizaron un minuto de silencio y una oraci\u00f3n colectiva como parte del tributo. Los oradores enfatizaron durante la ceremonia que el mejor modo de honrar la memoria de Kirk ser\u00eda mediante la continuidad de la agenda pol\u00edtica que defend\u00eda.<\/p>\n<p style=\"text-align: justify;\">Cabe se\u00f1alar, que la Medalla Presidencial de la Libertad es otorgada por el presidente de Estados Unidos a personas que han realizado contribuciones especialmente meritorias a la seguridad o intereses nacionales del pa\u00eds, a la paz mundial, o a endeavors culturales u otros significativos.<\/p>\n<p style=\"text-align: justify;\">\n","protected":false},"excerpt":{"rendered":"<p>EEUU.- El presidente de Estados Unidos, Donald Trump, anunci\u00f3 durante un homenaje p\u00f3stumo que el activista conservador Charlie Kirk ser\u00e1 reconocido con la Medalla Presidencial de la Libertad, la m\u00e1s alta condecoraci\u00f3n civil del pa\u00eds. La ceremonia se llev\u00f3 a cabo en el State Farm Stadium de Glendale, Arizona. Durante el evento, el mandatario describi\u00f3 a Kirk como una figura significativa dentro de su movimiento pol\u00edtico y record\u00f3 conversaciones mantenidas con el activista antes de su fallecimiento. Kirk muri\u00f3 recientemente como resultado de un incidente con arma de fuego durante un evento universitario. El vicepresidente JD Vance se refiri\u00f3 al [&hellip;]<\/p>\n","protected":false},"author":2,"featured_media":179979,"comment_status":"closed","ping_status":"closed","sticky":false,"template":"","format":"standard","meta":{"_monsterinsights_skip_tracking":false,"_monsterinsights_sitenote_active":false,"_monsterinsights_sitenote_note":"","_monsterinsights_sitenote_category":0,"footnotes":""},"categories":[44],"tags":[],"class_list":["post-179978","post","type-post","status-publish","format-standard","has-post-thumbnail","hentry","category-internacional","post--single"],"yoast_head":"<!-- This site is optimized with the Yoast SEO plugin v27.5 - https:\/\/yoast.com\/product\/yoast-seo-wordpress\/ -->\n<title>Trump anuncia condecoraci\u00f3n p\u00f3stuma con Medalla Presidencial de la Libertad para Charlie Kirk - Canal 7 SLP - 2025<\/title>\n<meta name=\"robots\" content=\"index, follow, max-snippet:-1, max-image-preview:large, max-video-preview:-1\" \/>\n<link rel=\"canonical\" href=\"https:\/\/canal7slp.tv\/2025\/trump-anuncia-condecoracion-postuma-con-medalla-presidencial-de-la-libertad-para-charlie-kirk\/\" \/>\n<meta property=\"og:locale\" content=\"es_ES\" \/>\n<meta property=\"og:type\" content=\"article\" \/>\n<meta property=\"og:title\" content=\"Trump anuncia condecoraci\u00f3n p\u00f3stuma con Medalla Presidencial de la Libertad para Charlie Kirk - Canal 7 SLP - 2025\" \/>\n<meta property=\"og:description\" content=\"EEUU.- El presidente de Estados Unidos, Donald Trump, anunci\u00f3 durante un homenaje p\u00f3stumo que el activista conservador Charlie Kirk ser\u00e1 reconocido con la Medalla Presidencial de la Libertad, la m\u00e1s alta condecoraci\u00f3n civil del pa\u00eds. La ceremonia se llev\u00f3 a cabo en el State Farm Stadium de Glendale, Arizona. Durante el evento, el mandatario describi\u00f3 a Kirk como una figura significativa dentro de su movimiento pol\u00edtico y record\u00f3 conversaciones mantenidas con el activista antes de su fallecimiento. Kirk muri\u00f3 recientemente como resultado de un incidente con arma de fuego durante un evento universitario. El vicepresidente JD Vance se refiri\u00f3 al [&hellip;]\" \/>\n<meta property=\"og:url\" content=\"https:\/\/canal7slp.tv\/2025\/trump-anuncia-condecoracion-postuma-con-medalla-presidencial-de-la-libertad-para-charlie-kirk\/\" \/>\n<meta property=\"og:site_name\" content=\"Canal 7 SLP - 2025\" \/>\n<meta property=\"article:publisher\" content=\"https:\/\/www.facebook.com\/noticieroscanal7atencionciudadana\/\" \/>\n<meta property=\"article:published_time\" content=\"2025-09-22T22:00:01+00:00\" \/>\n<meta property=\"og:image\" content=\"https:\/\/canal7slp.tv\/2025\/wp-content\/uploads\/2025\/09\/10-20.jpg\" \/>\n\t<meta property=\"og:image:width\" content=\"992\" \/>\n\t<meta property=\"og:image:height\" content=\"500\" \/>\n\t<meta property=\"og:image:type\" content=\"image\/jpeg\" \/>\n<meta name=\"author\" content=\"Edici\u00f3n Web\" \/>\n<meta name=\"twitter:card\" content=\"summary_large_image\" \/>\n<meta name=\"twitter:creator\" content=\"@NOTICIEROS7\" \/>\n<meta name=\"twitter:site\" content=\"@NOTICIEROS7\" \/>\n<meta name=\"twitter:label1\" content=\"Escrito por\" \/>\n\t<meta name=\"twitter:data1\" content=\"Edici\u00f3n Web\" \/>\n\t<meta name=\"twitter:label2\" content=\"Tiempo de lectura\" \/>\n\t<meta name=\"twitter:data2\" content=\"1 minuto\" \/>\n<script type=\"application\/ld+json\" class=\"yoast-schema-graph\">{\"@context\":\"https:\\\/\\\/schema.org\",\"@graph\":[{\"@type\":\"Article\",\"@id\":\"https:\\\/\\\/canal7slp.tv\\\/2025\\\/trump-anuncia-condecoracion-postuma-con-medalla-presidencial-de-la-libertad-para-charlie-kirk\\\/#article\",\"isPartOf\":{\"@id\":\"https:\\\/\\\/canal7slp.tv\\\/2025\\\/trump-anuncia-condecoracion-postuma-con-medalla-presidencial-de-la-libertad-para-charlie-kirk\\\/\"},\"author\":{\"name\":\"Edici\u00f3n Web\",\"@id\":\"https:\\\/\\\/canal7slp.tv\\\/2025\\\/#\\\/schema\\\/person\\\/271e2b60a96e7cc9d9ac296f4d7e414b\"},\"headline\":\"Trump anuncia condecoraci\u00f3n p\u00f3stuma con Medalla Presidencial de la Libertad para Charlie Kirk\",\"datePublished\":\"2025-09-22T22:00:01+00:00\",\"mainEntityOfPage\":{\"@id\":\"https:\\\/\\\/canal7slp.tv\\\/2025\\\/trump-anuncia-condecoracion-postuma-con-medalla-presidencial-de-la-libertad-para-charlie-kirk\\\/\"},\"wordCount\":243,\"publisher\":{\"@id\":\"https:\\\/\\\/canal7slp.tv\\\/2025\\\/#organization\"},\"image\":{\"@id\":\"https:\\\/\\\/canal7slp.tv\\\/2025\\\/trump-anuncia-condecoracion-postuma-con-medalla-presidencial-de-la-libertad-para-charlie-kirk\\\/#primaryimage\"},\"thumbnailUrl\":\"https:\\\/\\\/canal7slp.tv\\\/2025\\\/wp-content\\\/uploads\\\/2025\\\/09\\\/10-20.jpg\",\"articleSection\":[\"INTERNACIONALES\"],\"inLanguage\":\"es\"},{\"@type\":\"WebPage\",\"@id\":\"https:\\\/\\\/canal7slp.tv\\\/2025\\\/trump-anuncia-condecoracion-postuma-con-medalla-presidencial-de-la-libertad-para-charlie-kirk\\\/\",\"url\":\"https:\\\/\\\/canal7slp.tv\\\/2025\\\/trump-anuncia-condecoracion-postuma-con-medalla-presidencial-de-la-libertad-para-charlie-kirk\\\/\",\"name\":\"Trump anuncia condecoraci\u00f3n p\u00f3stuma con Medalla Presidencial de la Libertad para Charlie Kirk - Canal 7 SLP - 2025\",\"isPartOf\":{\"@id\":\"https:\\\/\\\/canal7slp.tv\\\/2025\\\/#website\"},\"primaryImageOfPage\":{\"@id\":\"https:\\\/\\\/canal7slp.tv\\\/2025\\\/trump-anuncia-condecoracion-postuma-con-medalla-presidencial-de-la-libertad-para-charlie-kirk\\\/#primaryimage\"},\"image\":{\"@id\":\"https:\\\/\\\/canal7slp.tv\\\/2025\\\/trump-anuncia-condecoracion-postuma-con-medalla-presidencial-de-la-libertad-para-charlie-kirk\\\/#primaryimage\"},\"thumbnailUrl\":\"https:\\\/\\\/canal7slp.tv\\\/2025\\\/wp-content\\\/uploads\\\/2025\\\/09\\\/10-20.jpg\",\"datePublished\":\"2025-09-22T22:00:01+00:00\",\"breadcrumb\":{\"@id\":\"https:\\\/\\\/canal7slp.tv\\\/2025\\\/trump-anuncia-condecoracion-postuma-con-medalla-presidencial-de-la-libertad-para-charlie-kirk\\\/#breadcrumb\"},\"inLanguage\":\"es\",\"potentialAction\":[{\"@type\":\"ReadAction\",\"target\":[\"https:\\\/\\\/canal7slp.tv\\\/2025\\\/trump-anuncia-condecoracion-postuma-con-medalla-presidencial-de-la-libertad-para-charlie-kirk\\\/\"]}]},{\"@type\":\"ImageObject\",\"inLanguage\":\"es\",\"@id\":\"https:\\\/\\\/canal7slp.tv\\\/2025\\\/trump-anuncia-condecoracion-postuma-con-medalla-presidencial-de-la-libertad-para-charlie-kirk\\\/#primaryimage\",\"url\":\"https:\\\/\\\/canal7slp.tv\\\/2025\\\/wp-content\\\/uploads\\\/2025\\\/09\\\/10-20.jpg\",\"contentUrl\":\"https:\\\/\\\/canal7slp.tv\\\/2025\\\/wp-content\\\/uploads\\\/2025\\\/09\\\/10-20.jpg\",\"width\":992,\"height\":500},{\"@type\":\"BreadcrumbList\",\"@id\":\"https:\\\/\\\/canal7slp.tv\\\/2025\\\/trump-anuncia-condecoracion-postuma-con-medalla-presidencial-de-la-libertad-para-charlie-kirk\\\/#breadcrumb\",\"itemListElement\":[{\"@type\":\"ListItem\",\"position\":1,\"name\":\"Portada\",\"item\":\"https:\\\/\\\/canal7slp.tv\\\/2025\\\/\"},{\"@type\":\"ListItem\",\"position\":2,\"name\":\"Trump anuncia condecoraci\u00f3n p\u00f3stuma con Medalla Presidencial de la Libertad para Charlie Kirk\"}]},{\"@type\":\"WebSite\",\"@id\":\"https:\\\/\\\/canal7slp.tv\\\/2025\\\/#website\",\"url\":\"https:\\\/\\\/canal7slp.tv\\\/2025\\\/\",\"name\":\"N7 - Noticieros Canal 7\",\"description\":\"Somos el Medio\",\"publisher\":{\"@id\":\"https:\\\/\\\/canal7slp.tv\\\/2025\\\/#organization\"},\"potentialAction\":[{\"@type\":\"SearchAction\",\"target\":{\"@type\":\"EntryPoint\",\"urlTemplate\":\"https:\\\/\\\/canal7slp.tv\\\/2025\\\/?s={search_term_string}\"},\"query-input\":{\"@type\":\"PropertyValueSpecification\",\"valueRequired\":true,\"valueName\":\"search_term_string\"}}],\"inLanguage\":\"es\"},{\"@type\":\"Organization\",\"@id\":\"https:\\\/\\\/canal7slp.tv\\\/2025\\\/#organization\",\"name\":\"Noticieros Canal 7\",\"url\":\"https:\\\/\\\/canal7slp.tv\\\/2025\\\/\",\"logo\":{\"@type\":\"ImageObject\",\"inLanguage\":\"es\",\"@id\":\"https:\\\/\\\/canal7slp.tv\\\/2025\\\/#\\\/schema\\\/logo\\\/image\\\/\",\"url\":\"https:\\\/\\\/canal7slp.tv\\\/2025\\\/wp-content\\\/uploads\\\/2021\\\/01\\\/logo-noticieros@2x.png\",\"contentUrl\":\"https:\\\/\\\/canal7slp.tv\\\/2025\\\/wp-content\\\/uploads\\\/2021\\\/01\\\/logo-noticieros@2x.png\",\"width\":1017,\"height\":268,\"caption\":\"Noticieros Canal 7\"},\"image\":{\"@id\":\"https:\\\/\\\/canal7slp.tv\\\/2025\\\/#\\\/schema\\\/logo\\\/image\\\/\"},\"sameAs\":[\"https:\\\/\\\/www.facebook.com\\\/noticieroscanal7atencionciudadana\\\/\",\"https:\\\/\\\/x.com\\\/NOTICIEROS7\",\"https:\\\/\\\/www.instagram.com\\\/canal7_slp\",\"https:\\\/\\\/www.youtube.com\\\/channel\\\/UCliiYs-gP3JfJeqdPrNdd5A\"]},{\"@type\":\"Person\",\"@id\":\"https:\\\/\\\/canal7slp.tv\\\/2025\\\/#\\\/schema\\\/person\\\/271e2b60a96e7cc9d9ac296f4d7e414b\",\"name\":\"Edici\u00f3n Web\",\"image\":{\"@type\":\"ImageObject\",\"inLanguage\":\"es\",\"@id\":\"https:\\\/\\\/secure.gravatar.com\\\/avatar\\\/eee448fc3f7164808013b816ba91ac7e43bbe82a70bebac296f8bc6f0addaa1a?s=96&d=mm&r=g\",\"url\":\"https:\\\/\\\/secure.gravatar.com\\\/avatar\\\/eee448fc3f7164808013b816ba91ac7e43bbe82a70bebac296f8bc6f0addaa1a?s=96&d=mm&r=g\",\"contentUrl\":\"https:\\\/\\\/secure.gravatar.com\\\/avatar\\\/eee448fc3f7164808013b816ba91ac7e43bbe82a70bebac296f8bc6f0addaa1a?s=96&d=mm&r=g\",\"caption\":\"Edici\u00f3n Web\"},\"url\":\"https:\\\/\\\/canal7slp.tv\\\/2025\\\/author\\\/edicionweb\\\/\"}]}<\/script>\n<!-- \/ Yoast SEO plugin. -->","yoast_head_json":{"title":"Trump anuncia condecoraci\u00f3n p\u00f3stuma con Medalla Presidencial de la Libertad para Charlie Kirk - Canal 7 SLP - 2025","robots":{"index":"index","follow":"follow","max-snippet":"max-snippet:-1","max-image-preview":"max-image-preview:large","max-video-preview":"max-video-preview:-1"},"canonical":"https:\/\/canal7slp.tv\/2025\/trump-anuncia-condecoracion-postuma-con-medalla-presidencial-de-la-libertad-para-charlie-kirk\/","og_locale":"es_ES","og_type":"article","og_title":"Trump anuncia condecoraci\u00f3n p\u00f3stuma con Medalla Presidencial de la Libertad para Charlie Kirk - Canal 7 SLP - 2025","og_description":"EEUU.- El presidente de Estados Unidos, Donald Trump, anunci\u00f3 durante un homenaje p\u00f3stumo que el activista conservador Charlie Kirk ser\u00e1 reconocido con la Medalla Presidencial de la Libertad, la m\u00e1s alta condecoraci\u00f3n civil del pa\u00eds. La ceremonia se llev\u00f3 a cabo en el State Farm Stadium de Glendale, Arizona. Durante el evento, el mandatario describi\u00f3 a Kirk como una figura significativa dentro de su movimiento pol\u00edtico y record\u00f3 conversaciones mantenidas con el activista antes de su fallecimiento. Kirk muri\u00f3 recientemente como resultado de un incidente con arma de fuego durante un evento universitario. El vicepresidente JD Vance se refiri\u00f3 al [&hellip;]","og_url":"https:\/\/canal7slp.tv\/2025\/trump-anuncia-condecoracion-postuma-con-medalla-presidencial-de-la-libertad-para-charlie-kirk\/","og_site_name":"Canal 7 SLP - 2025","article_publisher":"https:\/\/www.facebook.com\/noticieroscanal7atencionciudadana\/","article_published_time":"2025-09-22T22:00:01+00:00","og_image":[{"width":992,"height":500,"url":"https:\/\/canal7slp.tv\/2025\/wp-content\/uploads\/2025\/09\/10-20.jpg","type":"image\/jpeg"}],"author":"Edici\u00f3n Web","twitter_card":"summary_large_image","twitter_creator":"@NOTICIEROS7","twitter_site":"@NOTICIEROS7","twitter_misc":{"Escrito por":"Edici\u00f3n Web","Tiempo de lectura":"1 minuto"},"schema":{"@context":"https:\/\/schema.org","@graph":[{"@type":"Article","@id":"https:\/\/canal7slp.tv\/2025\/trump-anuncia-condecoracion-postuma-con-medalla-presidencial-de-la-libertad-para-charlie-kirk\/#article","isPartOf":{"@id":"https:\/\/canal7slp.tv\/2025\/trump-anuncia-condecoracion-postuma-con-medalla-presidencial-de-la-libertad-para-charlie-kirk\/"},"author":{"name":"Edici\u00f3n Web","@id":"https:\/\/canal7slp.tv\/2025\/#\/schema\/person\/271e2b60a96e7cc9d9ac296f4d7e414b"},"headline":"Trump anuncia condecoraci\u00f3n p\u00f3stuma con Medalla Presidencial de la Libertad para Charlie Kirk","datePublished":"2025-09-22T22:00:01+00:00","mainEntityOfPage":{"@id":"https:\/\/canal7slp.tv\/2025\/trump-anuncia-condecoracion-postuma-con-medalla-presidencial-de-la-libertad-para-charlie-kirk\/"},"wordCount":243,"publisher":{"@id":"https:\/\/canal7slp.tv\/2025\/#organization"},"image":{"@id":"https:\/\/canal7slp.tv\/2025\/trump-anuncia-condecoracion-postuma-con-medalla-presidencial-de-la-libertad-para-charlie-kirk\/#primaryimage"},"thumbnailUrl":"https:\/\/canal7slp.tv\/2025\/wp-content\/uploads\/2025\/09\/10-20.jpg","articleSection":["INTERNACIONALES"],"inLanguage":"es"},{"@type":"WebPage","@id":"https:\/\/canal7slp.tv\/2025\/trump-anuncia-condecoracion-postuma-con-medalla-presidencial-de-la-libertad-para-charlie-kirk\/","url":"https:\/\/canal7slp.tv\/2025\/trump-anuncia-condecoracion-postuma-con-medalla-presidencial-de-la-libertad-para-charlie-kirk\/","name":"Trump anuncia condecoraci\u00f3n p\u00f3stuma con Medalla Presidencial de la Libertad para Charlie Kirk - Canal 7 SLP - 2025","isPartOf":{"@id":"https:\/\/canal7slp.tv\/2025\/#website"},"primaryImageOfPage":{"@id":"https:\/\/canal7slp.tv\/2025\/trump-anuncia-condecoracion-postuma-con-medalla-presidencial-de-la-libertad-para-charlie-kirk\/#primaryimage"},"image":{"@id":"https:\/\/canal7slp.tv\/2025\/trump-anuncia-condecoracion-postuma-con-medalla-presidencial-de-la-libertad-para-charlie-kirk\/#primaryimage"},"thumbnailUrl":"https:\/\/canal7slp.tv\/2025\/wp-content\/uploads\/2025\/09\/10-20.jpg","datePublished":"2025-09-22T22:00:01+00:00","breadcrumb":{"@id":"https:\/\/canal7slp.tv\/2025\/trump-anuncia-condecoracion-postuma-con-medalla-presidencial-de-la-libertad-para-charlie-kirk\/#breadcrumb"},"inLanguage":"es","potentialAction":[{"@type":"ReadAction","target":["https:\/\/canal7slp.tv\/2025\/trump-anuncia-condecoracion-postuma-con-medalla-presidencial-de-la-libertad-para-charlie-kirk\/"]}]},{"@type":"ImageObject","inLanguage":"es","@id":"https:\/\/canal7slp.tv\/2025\/trump-anuncia-condecoracion-postuma-con-medalla-presidencial-de-la-libertad-para-charlie-kirk\/#primaryimage","url":"https:\/\/canal7slp.tv\/2025\/wp-content\/uploads\/2025\/09\/10-20.jpg","contentUrl":"https:\/\/canal7slp.tv\/2025\/wp-content\/uploads\/2025\/09\/10-20.jpg","width":992,"height":500},{"@type":"BreadcrumbList","@id":"https:\/\/canal7slp.tv\/2025\/trump-anuncia-condecoracion-postuma-con-medalla-presidencial-de-la-libertad-para-charlie-kirk\/#breadcrumb","itemListElement":[{"@type":"ListItem","position":1,"name":"Portada","item":"https:\/\/canal7slp.tv\/2025\/"},{"@type":"ListItem","position":2,"name":"Trump anuncia condecoraci\u00f3n p\u00f3stuma con Medalla Presidencial de la Libertad para Charlie Kirk"}]},{"@type":"WebSite","@id":"https:\/\/canal7slp.tv\/2025\/#website","url":"https:\/\/canal7slp.tv\/2025\/","name":"N7 - Noticieros Canal 7","description":"Somos el Medio","publisher":{"@id":"https:\/\/canal7slp.tv\/2025\/#organization"},"potentialAction":[{"@type":"SearchAction","target":{"@type":"EntryPoint","urlTemplate":"https:\/\/canal7slp.tv\/2025\/?s={search_term_string}"},"query-input":{"@type":"PropertyValueSpecification","valueRequired":true,"valueName":"search_term_string"}}],"inLanguage":"es"},{"@type":"Organization","@id":"https:\/\/canal7slp.tv\/2025\/#organization","name":"Noticieros Canal 7","url":"https:\/\/canal7slp.tv\/2025\/","logo":{"@type":"ImageObject","inLanguage":"es","@id":"https:\/\/canal7slp.tv\/2025\/#\/schema\/logo\/image\/","url":"https:\/\/canal7slp.tv\/2025\/wp-content\/uploads\/2021\/01\/logo-noticieros@2x.png","contentUrl":"https:\/\/canal7slp.tv\/2025\/wp-content\/uploads\/2021\/01\/logo-noticieros@2x.png","width":1017,"height":268,"caption":"Noticieros Canal 7"},"image":{"@id":"https:\/\/canal7slp.tv\/2025\/#\/schema\/logo\/image\/"},"sameAs":["https:\/\/www.facebook.com\/noticieroscanal7atencionciudadana\/","https:\/\/x.com\/NOTICIEROS7","https:\/\/www.instagram.com\/canal7_slp","https:\/\/www.youtube.com\/channel\/UCliiYs-gP3JfJeqdPrNdd5A"]},{"@type":"Person","@id":"https:\/\/canal7slp.tv\/2025\/#\/schema\/person\/271e2b60a96e7cc9d9ac296f4d7e414b","name":"Edici\u00f3n Web","image":{"@type":"ImageObject","inLanguage":"es","@id":"https:\/\/secure.gravatar.com\/avatar\/eee448fc3f7164808013b816ba91ac7e43bbe82a70bebac296f8bc6f0addaa1a?s=96&d=mm&r=g","url":"https:\/\/secure.gravatar.com\/avatar\/eee448fc3f7164808013b816ba91ac7e43bbe82a70bebac296f8bc6f0addaa1a?s=96&d=mm&r=g","contentUrl":"https:\/\/secure.gravatar.com\/avatar\/eee448fc3f7164808013b816ba91ac7e43bbe82a70bebac296f8bc6f0addaa1a?s=96&d=mm&r=g","caption":"Edici\u00f3n Web"},"url":"https:\/\/canal7slp.tv\/2025\/author\/edicionweb\/"}]}},"_links":{"self":[{"href":"https:\/\/canal7slp.tv\/2025\/wp-json\/wp\/v2\/posts\/179978","targetHints":{"allow":["GET"]}}],"collection":[{"href":"https:\/\/canal7slp.tv\/2025\/wp-json\/wp\/v2\/posts"}],"about":[{"href":"https:\/\/canal7slp.tv\/2025\/wp-json\/wp\/v2\/types\/post"}],"author":[{"embeddable":true,"href":"https:\/\/canal7slp.tv\/2025\/wp-json\/wp\/v2\/users\/2"}],"replies":[{"embeddable":true,"href":"https:\/\/canal7slp.tv\/2025\/wp-json\/wp\/v2\/comments?post=179978"}],"version-history":[{"count":1,"href":"https:\/\/canal7slp.tv\/2025\/wp-json\/wp\/v2\/posts\/179978\/revisions"}],"predecessor-version":[{"id":179980,"href":"https:\/\/canal7slp.tv\/2025\/wp-json\/wp\/v2\/posts\/179978\/revisions\/179980"}],"wp:featuredmedia":[{"embeddable":true,"href":"https:\/\/canal7slp.tv\/2025\/wp-json\/wp\/v2\/media\/179979"}],"wp:attachment":[{"href":"https:\/\/canal7slp.tv\/2025\/wp-json\/wp\/v2\/media?parent=179978"}],"wp:term":[{"taxonomy":"category","embeddable":true,"href":"https:\/\/canal7slp.tv\/2025\/wp-json\/wp\/v2\/categories?post=179978"},{"taxonomy":"post_tag","embeddable":true,"href":"https:\/\/canal7slp.tv\/2025\/wp-json\/wp\/v2\/tags?post=179978"}],"curies":[{"name":"wp","href":"https:\/\/api.w.org\/{rel}","templated":true}]}}