{"id":179972,"date":"2025-09-22T15:53:39","date_gmt":"2025-09-22T21:53:39","guid":{"rendered":"https:\/\/canal7slp.tv\/2025\/?p=179972"},"modified":"2025-09-22T15:53:39","modified_gmt":"2025-09-22T21:53:39","slug":"partido-politico-de-japon-designa-a-ia-como-su-lider","status":"publish","type":"post","link":"https:\/\/canal7slp.tv\/2025\/partido-politico-de-japon-designa-a-ia-como-su-lider\/","title":{"rendered":"Partido Pol\u00edtico de Jap\u00f3n designa a IA como su l\u00edder"},"content":{"rendered":"<p style=\"text-align: justify;\">Jap\u00f3n.- El partido pol\u00edtico japon\u00e9s \u00abCamino al Renacimiento\u00bb ha anunciado que su nueva direcci\u00f3n ser\u00e1 ejercida por un sistema de inteligencia artificial. La organizaci\u00f3n, fundada en enero de este a\u00f1o por el exalcalde Shinji Ishimaru, opera sin un programa pol\u00edtico definido y permite que sus miembros establezcan sus propias agendas.<\/p>\n<p style=\"text-align: justify;\">Koki Okumura, doctorando en inteligencia artificial en la Universidad de Kioto y asistente del futuro l\u00edder, confirm\u00f3 durante una conferencia de prensa que los detalles espec\u00edficos sobre la implementaci\u00f3n y funcionamiento del sistema a\u00fan se encuentran en desarrollo. El representante aclar\u00f3 que la IA no controlar\u00e1 la actividad pol\u00edtica de los miembros, sino que se encargar\u00e1 principalmente de la distribuci\u00f3n de recursos dentro del partido.<\/p>\n<p style=\"text-align: justify;\">El partido ha captado atenci\u00f3n medi\u00e1tica tras la campa\u00f1a digital de Ishimaru, quien obtuvo el segundo lugar en las elecciones a gobernador de Tokio en 2024. Sin embargo, la agrupaci\u00f3n no ha logrado obtener representaci\u00f3n legislativa: ninguno de sus 42 candidatos result\u00f3 electo en los comicios para la Asamblea de Tokio en junio, y sus 10 aspirantes tampoco consiguieron esca\u00f1os en las elecciones senatoriales de julio.<\/p>\n<p style=\"text-align: justify;\">Esta iniciativa representa un caso in\u00e9dito de incorporaci\u00f3n de inteligencia artificial en la estructura directiva de una organizaci\u00f3n pol\u00edtica. El desarrollo y implementaci\u00f3n de este sistema de IA se monitorear\u00e1 como un experimento en la intersecci\u00f3n entre tecnolog\u00eda y gesti\u00f3n pol\u00edtica.<\/p>\n","protected":false},"excerpt":{"rendered":"<p>Jap\u00f3n.- El partido pol\u00edtico japon\u00e9s \u00abCamino al Renacimiento\u00bb ha anunciado que su nueva direcci\u00f3n ser\u00e1 ejercida por un sistema de inteligencia artificial. La organizaci\u00f3n, fundada en enero de este a\u00f1o por el exalcalde Shinji Ishimaru, opera sin un programa pol\u00edtico definido y permite que sus miembros establezcan sus propias agendas. Koki Okumura, doctorando en inteligencia artificial en la Universidad de Kioto y asistente del futuro l\u00edder, confirm\u00f3 durante una conferencia de prensa que los detalles espec\u00edficos sobre la implementaci\u00f3n y funcionamiento del sistema a\u00fan se encuentran en desarrollo. El representante aclar\u00f3 que la IA no controlar\u00e1 la actividad pol\u00edtica de [&hellip;]<\/p>\n","protected":false},"author":2,"featured_media":179973,"comment_status":"closed","ping_status":"closed","sticky":false,"template":"","format":"standard","meta":{"_monsterinsights_skip_tracking":false,"_monsterinsights_sitenote_active":false,"_monsterinsights_sitenote_note":"","_monsterinsights_sitenote_category":0,"footnotes":""},"categories":[44],"tags":[],"class_list":["post-179972","post","type-post","status-publish","format-standard","has-post-thumbnail","hentry","category-internacional","post--single"],"yoast_head":"<!-- This site is optimized with the Yoast SEO plugin v27.5 - https:\/\/yoast.com\/product\/yoast-seo-wordpress\/ -->\n<title>Partido Pol\u00edtico de Jap\u00f3n designa a IA como su l\u00edder - Canal 7 SLP - 2025<\/title>\n<meta name=\"robots\" content=\"index, follow, max-snippet:-1, max-image-preview:large, max-video-preview:-1\" \/>\n<link rel=\"canonical\" href=\"https:\/\/canal7slp.tv\/2025\/partido-politico-de-japon-designa-a-ia-como-su-lider\/\" \/>\n<meta property=\"og:locale\" content=\"es_ES\" \/>\n<meta property=\"og:type\" content=\"article\" \/>\n<meta property=\"og:title\" content=\"Partido Pol\u00edtico de Jap\u00f3n designa a IA como su l\u00edder - Canal 7 SLP - 2025\" \/>\n<meta property=\"og:description\" content=\"Jap\u00f3n.- El partido pol\u00edtico japon\u00e9s \u00abCamino al Renacimiento\u00bb ha anunciado que su nueva direcci\u00f3n ser\u00e1 ejercida por un sistema de inteligencia artificial. La organizaci\u00f3n, fundada en enero de este a\u00f1o por el exalcalde Shinji Ishimaru, opera sin un programa pol\u00edtico definido y permite que sus miembros establezcan sus propias agendas. Koki Okumura, doctorando en inteligencia artificial en la Universidad de Kioto y asistente del futuro l\u00edder, confirm\u00f3 durante una conferencia de prensa que los detalles espec\u00edficos sobre la implementaci\u00f3n y funcionamiento del sistema a\u00fan se encuentran en desarrollo. El representante aclar\u00f3 que la IA no controlar\u00e1 la actividad pol\u00edtica de [&hellip;]\" \/>\n<meta property=\"og:url\" content=\"https:\/\/canal7slp.tv\/2025\/partido-politico-de-japon-designa-a-ia-como-su-lider\/\" \/>\n<meta property=\"og:site_name\" content=\"Canal 7 SLP - 2025\" \/>\n<meta property=\"article:publisher\" content=\"https:\/\/www.facebook.com\/noticieroscanal7atencionciudadana\/\" \/>\n<meta property=\"article:published_time\" content=\"2025-09-22T21:53:39+00:00\" \/>\n<meta property=\"og:image\" content=\"https:\/\/canal7slp.tv\/2025\/wp-content\/uploads\/2025\/09\/08-20.jpg\" \/>\n\t<meta property=\"og:image:width\" content=\"890\" \/>\n\t<meta property=\"og:image:height\" content=\"500\" \/>\n\t<meta property=\"og:image:type\" content=\"image\/jpeg\" \/>\n<meta name=\"author\" content=\"Edici\u00f3n Web\" \/>\n<meta name=\"twitter:card\" content=\"summary_large_image\" \/>\n<meta name=\"twitter:creator\" content=\"@NOTICIEROS7\" \/>\n<meta name=\"twitter:site\" content=\"@NOTICIEROS7\" \/>\n<meta name=\"twitter:label1\" content=\"Escrito por\" \/>\n\t<meta name=\"twitter:data1\" content=\"Edici\u00f3n Web\" \/>\n\t<meta name=\"twitter:label2\" content=\"Tiempo de lectura\" \/>\n\t<meta name=\"twitter:data2\" content=\"2 minutos\" \/>\n<script type=\"application\/ld+json\" class=\"yoast-schema-graph\">{\"@context\":\"https:\\\/\\\/schema.org\",\"@graph\":[{\"@type\":\"Article\",\"@id\":\"https:\\\/\\\/canal7slp.tv\\\/2025\\\/partido-politico-de-japon-designa-a-ia-como-su-lider\\\/#article\",\"isPartOf\":{\"@id\":\"https:\\\/\\\/canal7slp.tv\\\/2025\\\/partido-politico-de-japon-designa-a-ia-como-su-lider\\\/\"},\"author\":{\"name\":\"Edici\u00f3n Web\",\"@id\":\"https:\\\/\\\/canal7slp.tv\\\/2025\\\/#\\\/schema\\\/person\\\/271e2b60a96e7cc9d9ac296f4d7e414b\"},\"headline\":\"Partido Pol\u00edtico de Jap\u00f3n designa a IA como su l\u00edder\",\"datePublished\":\"2025-09-22T21:53:39+00:00\",\"mainEntityOfPage\":{\"@id\":\"https:\\\/\\\/canal7slp.tv\\\/2025\\\/partido-politico-de-japon-designa-a-ia-como-su-lider\\\/\"},\"wordCount\":261,\"publisher\":{\"@id\":\"https:\\\/\\\/canal7slp.tv\\\/2025\\\/#organization\"},\"image\":{\"@id\":\"https:\\\/\\\/canal7slp.tv\\\/2025\\\/partido-politico-de-japon-designa-a-ia-como-su-lider\\\/#primaryimage\"},\"thumbnailUrl\":\"https:\\\/\\\/canal7slp.tv\\\/2025\\\/wp-content\\\/uploads\\\/2025\\\/09\\\/08-20.jpg\",\"articleSection\":[\"INTERNACIONALES\"],\"inLanguage\":\"es\"},{\"@type\":\"WebPage\",\"@id\":\"https:\\\/\\\/canal7slp.tv\\\/2025\\\/partido-politico-de-japon-designa-a-ia-como-su-lider\\\/\",\"url\":\"https:\\\/\\\/canal7slp.tv\\\/2025\\\/partido-politico-de-japon-designa-a-ia-como-su-lider\\\/\",\"name\":\"Partido Pol\u00edtico de Jap\u00f3n designa a IA como su l\u00edder - Canal 7 SLP - 2025\",\"isPartOf\":{\"@id\":\"https:\\\/\\\/canal7slp.tv\\\/2025\\\/#website\"},\"primaryImageOfPage\":{\"@id\":\"https:\\\/\\\/canal7slp.tv\\\/2025\\\/partido-politico-de-japon-designa-a-ia-como-su-lider\\\/#primaryimage\"},\"image\":{\"@id\":\"https:\\\/\\\/canal7slp.tv\\\/2025\\\/partido-politico-de-japon-designa-a-ia-como-su-lider\\\/#primaryimage\"},\"thumbnailUrl\":\"https:\\\/\\\/canal7slp.tv\\\/2025\\\/wp-content\\\/uploads\\\/2025\\\/09\\\/08-20.jpg\",\"datePublished\":\"2025-09-22T21:53:39+00:00\",\"breadcrumb\":{\"@id\":\"https:\\\/\\\/canal7slp.tv\\\/2025\\\/partido-politico-de-japon-designa-a-ia-como-su-lider\\\/#breadcrumb\"},\"inLanguage\":\"es\",\"potentialAction\":[{\"@type\":\"ReadAction\",\"target\":[\"https:\\\/\\\/canal7slp.tv\\\/2025\\\/partido-politico-de-japon-designa-a-ia-como-su-lider\\\/\"]}]},{\"@type\":\"ImageObject\",\"inLanguage\":\"es\",\"@id\":\"https:\\\/\\\/canal7slp.tv\\\/2025\\\/partido-politico-de-japon-designa-a-ia-como-su-lider\\\/#primaryimage\",\"url\":\"https:\\\/\\\/canal7slp.tv\\\/2025\\\/wp-content\\\/uploads\\\/2025\\\/09\\\/08-20.jpg\",\"contentUrl\":\"https:\\\/\\\/canal7slp.tv\\\/2025\\\/wp-content\\\/uploads\\\/2025\\\/09\\\/08-20.jpg\",\"width\":890,\"height\":500},{\"@type\":\"BreadcrumbList\",\"@id\":\"https:\\\/\\\/canal7slp.tv\\\/2025\\\/partido-politico-de-japon-designa-a-ia-como-su-lider\\\/#breadcrumb\",\"itemListElement\":[{\"@type\":\"ListItem\",\"position\":1,\"name\":\"Portada\",\"item\":\"https:\\\/\\\/canal7slp.tv\\\/2025\\\/\"},{\"@type\":\"ListItem\",\"position\":2,\"name\":\"Partido Pol\u00edtico de Jap\u00f3n designa a IA como su l\u00edder\"}]},{\"@type\":\"WebSite\",\"@id\":\"https:\\\/\\\/canal7slp.tv\\\/2025\\\/#website\",\"url\":\"https:\\\/\\\/canal7slp.tv\\\/2025\\\/\",\"name\":\"N7 - Noticieros Canal 7\",\"description\":\"Somos el Medio\",\"publisher\":{\"@id\":\"https:\\\/\\\/canal7slp.tv\\\/2025\\\/#organization\"},\"potentialAction\":[{\"@type\":\"SearchAction\",\"target\":{\"@type\":\"EntryPoint\",\"urlTemplate\":\"https:\\\/\\\/canal7slp.tv\\\/2025\\\/?s={search_term_string}\"},\"query-input\":{\"@type\":\"PropertyValueSpecification\",\"valueRequired\":true,\"valueName\":\"search_term_string\"}}],\"inLanguage\":\"es\"},{\"@type\":\"Organization\",\"@id\":\"https:\\\/\\\/canal7slp.tv\\\/2025\\\/#organization\",\"name\":\"Noticieros Canal 7\",\"url\":\"https:\\\/\\\/canal7slp.tv\\\/2025\\\/\",\"logo\":{\"@type\":\"ImageObject\",\"inLanguage\":\"es\",\"@id\":\"https:\\\/\\\/canal7slp.tv\\\/2025\\\/#\\\/schema\\\/logo\\\/image\\\/\",\"url\":\"https:\\\/\\\/canal7slp.tv\\\/2025\\\/wp-content\\\/uploads\\\/2021\\\/01\\\/logo-noticieros@2x.png\",\"contentUrl\":\"https:\\\/\\\/canal7slp.tv\\\/2025\\\/wp-content\\\/uploads\\\/2021\\\/01\\\/logo-noticieros@2x.png\",\"width\":1017,\"height\":268,\"caption\":\"Noticieros Canal 7\"},\"image\":{\"@id\":\"https:\\\/\\\/canal7slp.tv\\\/2025\\\/#\\\/schema\\\/logo\\\/image\\\/\"},\"sameAs\":[\"https:\\\/\\\/www.facebook.com\\\/noticieroscanal7atencionciudadana\\\/\",\"https:\\\/\\\/x.com\\\/NOTICIEROS7\",\"https:\\\/\\\/www.instagram.com\\\/canal7_slp\",\"https:\\\/\\\/www.youtube.com\\\/channel\\\/UCliiYs-gP3JfJeqdPrNdd5A\"]},{\"@type\":\"Person\",\"@id\":\"https:\\\/\\\/canal7slp.tv\\\/2025\\\/#\\\/schema\\\/person\\\/271e2b60a96e7cc9d9ac296f4d7e414b\",\"name\":\"Edici\u00f3n Web\",\"image\":{\"@type\":\"ImageObject\",\"inLanguage\":\"es\",\"@id\":\"https:\\\/\\\/secure.gravatar.com\\\/avatar\\\/eee448fc3f7164808013b816ba91ac7e43bbe82a70bebac296f8bc6f0addaa1a?s=96&d=mm&r=g\",\"url\":\"https:\\\/\\\/secure.gravatar.com\\\/avatar\\\/eee448fc3f7164808013b816ba91ac7e43bbe82a70bebac296f8bc6f0addaa1a?s=96&d=mm&r=g\",\"contentUrl\":\"https:\\\/\\\/secure.gravatar.com\\\/avatar\\\/eee448fc3f7164808013b816ba91ac7e43bbe82a70bebac296f8bc6f0addaa1a?s=96&d=mm&r=g\",\"caption\":\"Edici\u00f3n Web\"},\"url\":\"https:\\\/\\\/canal7slp.tv\\\/2025\\\/author\\\/edicionweb\\\/\"}]}<\/script>\n<!-- \/ Yoast SEO plugin. -->","yoast_head_json":{"title":"Partido Pol\u00edtico de Jap\u00f3n designa a IA como su l\u00edder - Canal 7 SLP - 2025","robots":{"index":"index","follow":"follow","max-snippet":"max-snippet:-1","max-image-preview":"max-image-preview:large","max-video-preview":"max-video-preview:-1"},"canonical":"https:\/\/canal7slp.tv\/2025\/partido-politico-de-japon-designa-a-ia-como-su-lider\/","og_locale":"es_ES","og_type":"article","og_title":"Partido Pol\u00edtico de Jap\u00f3n designa a IA como su l\u00edder - Canal 7 SLP - 2025","og_description":"Jap\u00f3n.- El partido pol\u00edtico japon\u00e9s \u00abCamino al Renacimiento\u00bb ha anunciado que su nueva direcci\u00f3n ser\u00e1 ejercida por un sistema de inteligencia artificial. La organizaci\u00f3n, fundada en enero de este a\u00f1o por el exalcalde Shinji Ishimaru, opera sin un programa pol\u00edtico definido y permite que sus miembros establezcan sus propias agendas. Koki Okumura, doctorando en inteligencia artificial en la Universidad de Kioto y asistente del futuro l\u00edder, confirm\u00f3 durante una conferencia de prensa que los detalles espec\u00edficos sobre la implementaci\u00f3n y funcionamiento del sistema a\u00fan se encuentran en desarrollo. El representante aclar\u00f3 que la IA no controlar\u00e1 la actividad pol\u00edtica de [&hellip;]","og_url":"https:\/\/canal7slp.tv\/2025\/partido-politico-de-japon-designa-a-ia-como-su-lider\/","og_site_name":"Canal 7 SLP - 2025","article_publisher":"https:\/\/www.facebook.com\/noticieroscanal7atencionciudadana\/","article_published_time":"2025-09-22T21:53:39+00:00","og_image":[{"width":890,"height":500,"url":"https:\/\/canal7slp.tv\/2025\/wp-content\/uploads\/2025\/09\/08-20.jpg","type":"image\/jpeg"}],"author":"Edici\u00f3n Web","twitter_card":"summary_large_image","twitter_creator":"@NOTICIEROS7","twitter_site":"@NOTICIEROS7","twitter_misc":{"Escrito por":"Edici\u00f3n Web","Tiempo de lectura":"2 minutos"},"schema":{"@context":"https:\/\/schema.org","@graph":[{"@type":"Article","@id":"https:\/\/canal7slp.tv\/2025\/partido-politico-de-japon-designa-a-ia-como-su-lider\/#article","isPartOf":{"@id":"https:\/\/canal7slp.tv\/2025\/partido-politico-de-japon-designa-a-ia-como-su-lider\/"},"author":{"name":"Edici\u00f3n Web","@id":"https:\/\/canal7slp.tv\/2025\/#\/schema\/person\/271e2b60a96e7cc9d9ac296f4d7e414b"},"headline":"Partido Pol\u00edtico de Jap\u00f3n designa a IA como su l\u00edder","datePublished":"2025-09-22T21:53:39+00:00","mainEntityOfPage":{"@id":"https:\/\/canal7slp.tv\/2025\/partido-politico-de-japon-designa-a-ia-como-su-lider\/"},"wordCount":261,"publisher":{"@id":"https:\/\/canal7slp.tv\/2025\/#organization"},"image":{"@id":"https:\/\/canal7slp.tv\/2025\/partido-politico-de-japon-designa-a-ia-como-su-lider\/#primaryimage"},"thumbnailUrl":"https:\/\/canal7slp.tv\/2025\/wp-content\/uploads\/2025\/09\/08-20.jpg","articleSection":["INTERNACIONALES"],"inLanguage":"es"},{"@type":"WebPage","@id":"https:\/\/canal7slp.tv\/2025\/partido-politico-de-japon-designa-a-ia-como-su-lider\/","url":"https:\/\/canal7slp.tv\/2025\/partido-politico-de-japon-designa-a-ia-como-su-lider\/","name":"Partido Pol\u00edtico de Jap\u00f3n designa a IA como su l\u00edder - Canal 7 SLP - 2025","isPartOf":{"@id":"https:\/\/canal7slp.tv\/2025\/#website"},"primaryImageOfPage":{"@id":"https:\/\/canal7slp.tv\/2025\/partido-politico-de-japon-designa-a-ia-como-su-lider\/#primaryimage"},"image":{"@id":"https:\/\/canal7slp.tv\/2025\/partido-politico-de-japon-designa-a-ia-como-su-lider\/#primaryimage"},"thumbnailUrl":"https:\/\/canal7slp.tv\/2025\/wp-content\/uploads\/2025\/09\/08-20.jpg","datePublished":"2025-09-22T21:53:39+00:00","breadcrumb":{"@id":"https:\/\/canal7slp.tv\/2025\/partido-politico-de-japon-designa-a-ia-como-su-lider\/#breadcrumb"},"inLanguage":"es","potentialAction":[{"@type":"ReadAction","target":["https:\/\/canal7slp.tv\/2025\/partido-politico-de-japon-designa-a-ia-como-su-lider\/"]}]},{"@type":"ImageObject","inLanguage":"es","@id":"https:\/\/canal7slp.tv\/2025\/partido-politico-de-japon-designa-a-ia-como-su-lider\/#primaryimage","url":"https:\/\/canal7slp.tv\/2025\/wp-content\/uploads\/2025\/09\/08-20.jpg","contentUrl":"https:\/\/canal7slp.tv\/2025\/wp-content\/uploads\/2025\/09\/08-20.jpg","width":890,"height":500},{"@type":"BreadcrumbList","@id":"https:\/\/canal7slp.tv\/2025\/partido-politico-de-japon-designa-a-ia-como-su-lider\/#breadcrumb","itemListElement":[{"@type":"ListItem","position":1,"name":"Portada","item":"https:\/\/canal7slp.tv\/2025\/"},{"@type":"ListItem","position":2,"name":"Partido Pol\u00edtico de Jap\u00f3n designa a IA como su l\u00edder"}]},{"@type":"WebSite","@id":"https:\/\/canal7slp.tv\/2025\/#website","url":"https:\/\/canal7slp.tv\/2025\/","name":"N7 - Noticieros Canal 7","description":"Somos el Medio","publisher":{"@id":"https:\/\/canal7slp.tv\/2025\/#organization"},"potentialAction":[{"@type":"SearchAction","target":{"@type":"EntryPoint","urlTemplate":"https:\/\/canal7slp.tv\/2025\/?s={search_term_string}"},"query-input":{"@type":"PropertyValueSpecification","valueRequired":true,"valueName":"search_term_string"}}],"inLanguage":"es"},{"@type":"Organization","@id":"https:\/\/canal7slp.tv\/2025\/#organization","name":"Noticieros Canal 7","url":"https:\/\/canal7slp.tv\/2025\/","logo":{"@type":"ImageObject","inLanguage":"es","@id":"https:\/\/canal7slp.tv\/2025\/#\/schema\/logo\/image\/","url":"https:\/\/canal7slp.tv\/2025\/wp-content\/uploads\/2021\/01\/logo-noticieros@2x.png","contentUrl":"https:\/\/canal7slp.tv\/2025\/wp-content\/uploads\/2021\/01\/logo-noticieros@2x.png","width":1017,"height":268,"caption":"Noticieros Canal 7"},"image":{"@id":"https:\/\/canal7slp.tv\/2025\/#\/schema\/logo\/image\/"},"sameAs":["https:\/\/www.facebook.com\/noticieroscanal7atencionciudadana\/","https:\/\/x.com\/NOTICIEROS7","https:\/\/www.instagram.com\/canal7_slp","https:\/\/www.youtube.com\/channel\/UCliiYs-gP3JfJeqdPrNdd5A"]},{"@type":"Person","@id":"https:\/\/canal7slp.tv\/2025\/#\/schema\/person\/271e2b60a96e7cc9d9ac296f4d7e414b","name":"Edici\u00f3n Web","image":{"@type":"ImageObject","inLanguage":"es","@id":"https:\/\/secure.gravatar.com\/avatar\/eee448fc3f7164808013b816ba91ac7e43bbe82a70bebac296f8bc6f0addaa1a?s=96&d=mm&r=g","url":"https:\/\/secure.gravatar.com\/avatar\/eee448fc3f7164808013b816ba91ac7e43bbe82a70bebac296f8bc6f0addaa1a?s=96&d=mm&r=g","contentUrl":"https:\/\/secure.gravatar.com\/avatar\/eee448fc3f7164808013b816ba91ac7e43bbe82a70bebac296f8bc6f0addaa1a?s=96&d=mm&r=g","caption":"Edici\u00f3n Web"},"url":"https:\/\/canal7slp.tv\/2025\/author\/edicionweb\/"}]}},"_links":{"self":[{"href":"https:\/\/canal7slp.tv\/2025\/wp-json\/wp\/v2\/posts\/179972","targetHints":{"allow":["GET"]}}],"collection":[{"href":"https:\/\/canal7slp.tv\/2025\/wp-json\/wp\/v2\/posts"}],"about":[{"href":"https:\/\/canal7slp.tv\/2025\/wp-json\/wp\/v2\/types\/post"}],"author":[{"embeddable":true,"href":"https:\/\/canal7slp.tv\/2025\/wp-json\/wp\/v2\/users\/2"}],"replies":[{"embeddable":true,"href":"https:\/\/canal7slp.tv\/2025\/wp-json\/wp\/v2\/comments?post=179972"}],"version-history":[{"count":1,"href":"https:\/\/canal7slp.tv\/2025\/wp-json\/wp\/v2\/posts\/179972\/revisions"}],"predecessor-version":[{"id":179974,"href":"https:\/\/canal7slp.tv\/2025\/wp-json\/wp\/v2\/posts\/179972\/revisions\/179974"}],"wp:featuredmedia":[{"embeddable":true,"href":"https:\/\/canal7slp.tv\/2025\/wp-json\/wp\/v2\/media\/179973"}],"wp:attachment":[{"href":"https:\/\/canal7slp.tv\/2025\/wp-json\/wp\/v2\/media?parent=179972"}],"wp:term":[{"taxonomy":"category","embeddable":true,"href":"https:\/\/canal7slp.tv\/2025\/wp-json\/wp\/v2\/categories?post=179972"},{"taxonomy":"post_tag","embeddable":true,"href":"https:\/\/canal7slp.tv\/2025\/wp-json\/wp\/v2\/tags?post=179972"}],"curies":[{"name":"wp","href":"https:\/\/api.w.org\/{rel}","templated":true}]}}