{"id":179969,"date":"2025-09-22T15:43:20","date_gmt":"2025-09-22T21:43:20","guid":{"rendered":"https:\/\/canal7slp.tv\/2025\/?p=179969"},"modified":"2025-09-22T15:43:20","modified_gmt":"2025-09-22T21:43:20","slug":"ciberataque-continua-afectando-operaciones-en-aeropuerto-de-bruselas","status":"publish","type":"post","link":"https:\/\/canal7slp.tv\/2025\/ciberataque-continua-afectando-operaciones-en-aeropuerto-de-bruselas\/","title":{"rendered":"Ciberataque contin\u00faa afectando operaciones en aeropuerto de Bruselas"},"content":{"rendered":"<p style=\"text-align: justify;\">\n<p style=\"text-align: justify;\">Bruselas.- El aeropuerto de Bruselas-Zaventem contin\u00faa experimentando alteraciones en sus operaciones como consecuencia del ciberataque que afect\u00f3 el viernes pasado a su proveedor de servicios de facturaci\u00f3n y embarque. Aunque se prev\u00e9 una reducci\u00f3n en las cancelaciones respecto a d\u00edas anteriores, se mantienen los procedimientos manuales para el registro de pasajeros.<\/p>\n<p style=\"text-align: justify;\">De acuerdo con informaci\u00f3n del aer\u00f3dromo, para este lunes se estima la cancelaci\u00f3n de 40 vuelos con salida y 23 con llegada a la capital belga. Estas cifras representan una mejora en comparaci\u00f3n con el domingo, cuando se anularon 44 vuelos de salida y 28 de llegada.<\/p>\n<p style=\"text-align: justify;\">La portavoz del aeropuerto, Ihsane Chioua Lekhli, indic\u00f3 que los procesos de registro se realizan mediante m\u00e9todos manuales y con apoyo de equipos port\u00e1tiles, mientras se restablecen los sistemas afectados. Los pasajeros pueden realizar el check-in en l\u00ednea e imprimir las etiquetas de equipaje en el aeropuerto.<\/p>\n<p style=\"text-align: justify;\">El incidente cibern\u00e9tico afect\u00f3 a Collins Aerospace, filial del grupo estadounidense RTX, proveedor de servicios para el procesamiento de datos en el sector aeron\u00e1utico. La empresa trabaja en la soluci\u00f3n del problema, aunque a\u00fan no se ha establecido un plazo para la normalizaci\u00f3n total de los servicios.<\/p>\n<p style=\"text-align: justify;\">La comisaria europea de Emergencias y Preparaci\u00f3n de Crisis, Hadja Lahbib, destac\u00f3 la necesidad de que la Uni\u00f3n Europea incremente las inversiones en preparaci\u00f3n ante amenazas cibern\u00e9ticas, calificando los incidentes recientes como \u00abreales y complejos\u00bb.<\/p>\n<p style=\"text-align: justify;\">El aeropuerto recomienda a los viajeros verificar el estado de sus vuelos antes de acudir a las instalaciones y presentarse con 2-3 horas de antelaci\u00f3n seg\u00fan su destino. La situaci\u00f3n tambi\u00e9n ha generado afectaciones en los aeropuertos de Heathrow (Londres) y Berl\u00edn-Brandeburgo.<\/p>\n","protected":false},"excerpt":{"rendered":"<p>Bruselas.- El aeropuerto de Bruselas-Zaventem contin\u00faa experimentando alteraciones en sus operaciones como consecuencia del ciberataque que afect\u00f3 el viernes pasado a su proveedor de servicios de facturaci\u00f3n y embarque. Aunque se prev\u00e9 una reducci\u00f3n en las cancelaciones respecto a d\u00edas anteriores, se mantienen los procedimientos manuales para el registro de pasajeros. De acuerdo con informaci\u00f3n del aer\u00f3dromo, para este lunes se estima la cancelaci\u00f3n de 40 vuelos con salida y 23 con llegada a la capital belga. Estas cifras representan una mejora en comparaci\u00f3n con el domingo, cuando se anularon 44 vuelos de salida y 28 de llegada. La portavoz [&hellip;]<\/p>\n","protected":false},"author":2,"featured_media":179970,"comment_status":"closed","ping_status":"closed","sticky":false,"template":"","format":"standard","meta":{"_monsterinsights_skip_tracking":false,"_monsterinsights_sitenote_active":false,"_monsterinsights_sitenote_note":"","_monsterinsights_sitenote_category":0,"footnotes":""},"categories":[44],"tags":[],"class_list":["post-179969","post","type-post","status-publish","format-standard","has-post-thumbnail","hentry","category-internacional","post--single"],"yoast_head":"<!-- This site is optimized with the Yoast SEO plugin v27.5 - https:\/\/yoast.com\/product\/yoast-seo-wordpress\/ -->\n<title>Ciberataque contin\u00faa afectando operaciones en aeropuerto de Bruselas - Canal 7 SLP - 2025<\/title>\n<meta name=\"robots\" content=\"index, follow, max-snippet:-1, max-image-preview:large, max-video-preview:-1\" \/>\n<link rel=\"canonical\" href=\"https:\/\/canal7slp.tv\/2025\/ciberataque-continua-afectando-operaciones-en-aeropuerto-de-bruselas\/\" \/>\n<meta property=\"og:locale\" content=\"es_ES\" \/>\n<meta property=\"og:type\" content=\"article\" \/>\n<meta property=\"og:title\" content=\"Ciberataque contin\u00faa afectando operaciones en aeropuerto de Bruselas - Canal 7 SLP - 2025\" \/>\n<meta property=\"og:description\" content=\"Bruselas.- El aeropuerto de Bruselas-Zaventem contin\u00faa experimentando alteraciones en sus operaciones como consecuencia del ciberataque que afect\u00f3 el viernes pasado a su proveedor de servicios de facturaci\u00f3n y embarque. Aunque se prev\u00e9 una reducci\u00f3n en las cancelaciones respecto a d\u00edas anteriores, se mantienen los procedimientos manuales para el registro de pasajeros. De acuerdo con informaci\u00f3n del aer\u00f3dromo, para este lunes se estima la cancelaci\u00f3n de 40 vuelos con salida y 23 con llegada a la capital belga. Estas cifras representan una mejora en comparaci\u00f3n con el domingo, cuando se anularon 44 vuelos de salida y 28 de llegada. La portavoz [&hellip;]\" \/>\n<meta property=\"og:url\" content=\"https:\/\/canal7slp.tv\/2025\/ciberataque-continua-afectando-operaciones-en-aeropuerto-de-bruselas\/\" \/>\n<meta property=\"og:site_name\" content=\"Canal 7 SLP - 2025\" \/>\n<meta property=\"article:publisher\" content=\"https:\/\/www.facebook.com\/noticieroscanal7atencionciudadana\/\" \/>\n<meta property=\"article:published_time\" content=\"2025-09-22T21:43:20+00:00\" \/>\n<meta property=\"og:image\" content=\"https:\/\/canal7slp.tv\/2025\/wp-content\/uploads\/2025\/09\/07-21.jpg\" \/>\n\t<meta property=\"og:image:width\" content=\"888\" \/>\n\t<meta property=\"og:image:height\" content=\"500\" \/>\n\t<meta property=\"og:image:type\" content=\"image\/jpeg\" \/>\n<meta name=\"author\" content=\"Edici\u00f3n Web\" \/>\n<meta name=\"twitter:card\" content=\"summary_large_image\" \/>\n<meta name=\"twitter:creator\" content=\"@NOTICIEROS7\" \/>\n<meta name=\"twitter:site\" content=\"@NOTICIEROS7\" \/>\n<meta name=\"twitter:label1\" content=\"Escrito por\" \/>\n\t<meta name=\"twitter:data1\" content=\"Edici\u00f3n Web\" \/>\n\t<meta name=\"twitter:label2\" content=\"Tiempo de lectura\" \/>\n\t<meta name=\"twitter:data2\" content=\"2 minutos\" \/>\n<script type=\"application\/ld+json\" class=\"yoast-schema-graph\">{\"@context\":\"https:\\\/\\\/schema.org\",\"@graph\":[{\"@type\":\"Article\",\"@id\":\"https:\\\/\\\/canal7slp.tv\\\/2025\\\/ciberataque-continua-afectando-operaciones-en-aeropuerto-de-bruselas\\\/#article\",\"isPartOf\":{\"@id\":\"https:\\\/\\\/canal7slp.tv\\\/2025\\\/ciberataque-continua-afectando-operaciones-en-aeropuerto-de-bruselas\\\/\"},\"author\":{\"name\":\"Edici\u00f3n Web\",\"@id\":\"https:\\\/\\\/canal7slp.tv\\\/2025\\\/#\\\/schema\\\/person\\\/271e2b60a96e7cc9d9ac296f4d7e414b\"},\"headline\":\"Ciberataque contin\u00faa afectando operaciones en aeropuerto de Bruselas\",\"datePublished\":\"2025-09-22T21:43:20+00:00\",\"mainEntityOfPage\":{\"@id\":\"https:\\\/\\\/canal7slp.tv\\\/2025\\\/ciberataque-continua-afectando-operaciones-en-aeropuerto-de-bruselas\\\/\"},\"wordCount\":300,\"publisher\":{\"@id\":\"https:\\\/\\\/canal7slp.tv\\\/2025\\\/#organization\"},\"image\":{\"@id\":\"https:\\\/\\\/canal7slp.tv\\\/2025\\\/ciberataque-continua-afectando-operaciones-en-aeropuerto-de-bruselas\\\/#primaryimage\"},\"thumbnailUrl\":\"https:\\\/\\\/canal7slp.tv\\\/2025\\\/wp-content\\\/uploads\\\/2025\\\/09\\\/07-21.jpg\",\"articleSection\":[\"INTERNACIONALES\"],\"inLanguage\":\"es\"},{\"@type\":\"WebPage\",\"@id\":\"https:\\\/\\\/canal7slp.tv\\\/2025\\\/ciberataque-continua-afectando-operaciones-en-aeropuerto-de-bruselas\\\/\",\"url\":\"https:\\\/\\\/canal7slp.tv\\\/2025\\\/ciberataque-continua-afectando-operaciones-en-aeropuerto-de-bruselas\\\/\",\"name\":\"Ciberataque contin\u00faa afectando operaciones en aeropuerto de Bruselas - Canal 7 SLP - 2025\",\"isPartOf\":{\"@id\":\"https:\\\/\\\/canal7slp.tv\\\/2025\\\/#website\"},\"primaryImageOfPage\":{\"@id\":\"https:\\\/\\\/canal7slp.tv\\\/2025\\\/ciberataque-continua-afectando-operaciones-en-aeropuerto-de-bruselas\\\/#primaryimage\"},\"image\":{\"@id\":\"https:\\\/\\\/canal7slp.tv\\\/2025\\\/ciberataque-continua-afectando-operaciones-en-aeropuerto-de-bruselas\\\/#primaryimage\"},\"thumbnailUrl\":\"https:\\\/\\\/canal7slp.tv\\\/2025\\\/wp-content\\\/uploads\\\/2025\\\/09\\\/07-21.jpg\",\"datePublished\":\"2025-09-22T21:43:20+00:00\",\"breadcrumb\":{\"@id\":\"https:\\\/\\\/canal7slp.tv\\\/2025\\\/ciberataque-continua-afectando-operaciones-en-aeropuerto-de-bruselas\\\/#breadcrumb\"},\"inLanguage\":\"es\",\"potentialAction\":[{\"@type\":\"ReadAction\",\"target\":[\"https:\\\/\\\/canal7slp.tv\\\/2025\\\/ciberataque-continua-afectando-operaciones-en-aeropuerto-de-bruselas\\\/\"]}]},{\"@type\":\"ImageObject\",\"inLanguage\":\"es\",\"@id\":\"https:\\\/\\\/canal7slp.tv\\\/2025\\\/ciberataque-continua-afectando-operaciones-en-aeropuerto-de-bruselas\\\/#primaryimage\",\"url\":\"https:\\\/\\\/canal7slp.tv\\\/2025\\\/wp-content\\\/uploads\\\/2025\\\/09\\\/07-21.jpg\",\"contentUrl\":\"https:\\\/\\\/canal7slp.tv\\\/2025\\\/wp-content\\\/uploads\\\/2025\\\/09\\\/07-21.jpg\",\"width\":888,\"height\":500},{\"@type\":\"BreadcrumbList\",\"@id\":\"https:\\\/\\\/canal7slp.tv\\\/2025\\\/ciberataque-continua-afectando-operaciones-en-aeropuerto-de-bruselas\\\/#breadcrumb\",\"itemListElement\":[{\"@type\":\"ListItem\",\"position\":1,\"name\":\"Portada\",\"item\":\"https:\\\/\\\/canal7slp.tv\\\/2025\\\/\"},{\"@type\":\"ListItem\",\"position\":2,\"name\":\"Ciberataque contin\u00faa afectando operaciones en aeropuerto de Bruselas\"}]},{\"@type\":\"WebSite\",\"@id\":\"https:\\\/\\\/canal7slp.tv\\\/2025\\\/#website\",\"url\":\"https:\\\/\\\/canal7slp.tv\\\/2025\\\/\",\"name\":\"N7 - Noticieros Canal 7\",\"description\":\"Somos el Medio\",\"publisher\":{\"@id\":\"https:\\\/\\\/canal7slp.tv\\\/2025\\\/#organization\"},\"potentialAction\":[{\"@type\":\"SearchAction\",\"target\":{\"@type\":\"EntryPoint\",\"urlTemplate\":\"https:\\\/\\\/canal7slp.tv\\\/2025\\\/?s={search_term_string}\"},\"query-input\":{\"@type\":\"PropertyValueSpecification\",\"valueRequired\":true,\"valueName\":\"search_term_string\"}}],\"inLanguage\":\"es\"},{\"@type\":\"Organization\",\"@id\":\"https:\\\/\\\/canal7slp.tv\\\/2025\\\/#organization\",\"name\":\"Noticieros Canal 7\",\"url\":\"https:\\\/\\\/canal7slp.tv\\\/2025\\\/\",\"logo\":{\"@type\":\"ImageObject\",\"inLanguage\":\"es\",\"@id\":\"https:\\\/\\\/canal7slp.tv\\\/2025\\\/#\\\/schema\\\/logo\\\/image\\\/\",\"url\":\"https:\\\/\\\/canal7slp.tv\\\/2025\\\/wp-content\\\/uploads\\\/2021\\\/01\\\/logo-noticieros@2x.png\",\"contentUrl\":\"https:\\\/\\\/canal7slp.tv\\\/2025\\\/wp-content\\\/uploads\\\/2021\\\/01\\\/logo-noticieros@2x.png\",\"width\":1017,\"height\":268,\"caption\":\"Noticieros Canal 7\"},\"image\":{\"@id\":\"https:\\\/\\\/canal7slp.tv\\\/2025\\\/#\\\/schema\\\/logo\\\/image\\\/\"},\"sameAs\":[\"https:\\\/\\\/www.facebook.com\\\/noticieroscanal7atencionciudadana\\\/\",\"https:\\\/\\\/x.com\\\/NOTICIEROS7\",\"https:\\\/\\\/www.instagram.com\\\/canal7_slp\",\"https:\\\/\\\/www.youtube.com\\\/channel\\\/UCliiYs-gP3JfJeqdPrNdd5A\"]},{\"@type\":\"Person\",\"@id\":\"https:\\\/\\\/canal7slp.tv\\\/2025\\\/#\\\/schema\\\/person\\\/271e2b60a96e7cc9d9ac296f4d7e414b\",\"name\":\"Edici\u00f3n Web\",\"image\":{\"@type\":\"ImageObject\",\"inLanguage\":\"es\",\"@id\":\"https:\\\/\\\/secure.gravatar.com\\\/avatar\\\/eee448fc3f7164808013b816ba91ac7e43bbe82a70bebac296f8bc6f0addaa1a?s=96&d=mm&r=g\",\"url\":\"https:\\\/\\\/secure.gravatar.com\\\/avatar\\\/eee448fc3f7164808013b816ba91ac7e43bbe82a70bebac296f8bc6f0addaa1a?s=96&d=mm&r=g\",\"contentUrl\":\"https:\\\/\\\/secure.gravatar.com\\\/avatar\\\/eee448fc3f7164808013b816ba91ac7e43bbe82a70bebac296f8bc6f0addaa1a?s=96&d=mm&r=g\",\"caption\":\"Edici\u00f3n Web\"},\"url\":\"https:\\\/\\\/canal7slp.tv\\\/2025\\\/author\\\/edicionweb\\\/\"}]}<\/script>\n<!-- \/ Yoast SEO plugin. -->","yoast_head_json":{"title":"Ciberataque contin\u00faa afectando operaciones en aeropuerto de Bruselas - Canal 7 SLP - 2025","robots":{"index":"index","follow":"follow","max-snippet":"max-snippet:-1","max-image-preview":"max-image-preview:large","max-video-preview":"max-video-preview:-1"},"canonical":"https:\/\/canal7slp.tv\/2025\/ciberataque-continua-afectando-operaciones-en-aeropuerto-de-bruselas\/","og_locale":"es_ES","og_type":"article","og_title":"Ciberataque contin\u00faa afectando operaciones en aeropuerto de Bruselas - Canal 7 SLP - 2025","og_description":"Bruselas.- El aeropuerto de Bruselas-Zaventem contin\u00faa experimentando alteraciones en sus operaciones como consecuencia del ciberataque que afect\u00f3 el viernes pasado a su proveedor de servicios de facturaci\u00f3n y embarque. Aunque se prev\u00e9 una reducci\u00f3n en las cancelaciones respecto a d\u00edas anteriores, se mantienen los procedimientos manuales para el registro de pasajeros. De acuerdo con informaci\u00f3n del aer\u00f3dromo, para este lunes se estima la cancelaci\u00f3n de 40 vuelos con salida y 23 con llegada a la capital belga. Estas cifras representan una mejora en comparaci\u00f3n con el domingo, cuando se anularon 44 vuelos de salida y 28 de llegada. La portavoz [&hellip;]","og_url":"https:\/\/canal7slp.tv\/2025\/ciberataque-continua-afectando-operaciones-en-aeropuerto-de-bruselas\/","og_site_name":"Canal 7 SLP - 2025","article_publisher":"https:\/\/www.facebook.com\/noticieroscanal7atencionciudadana\/","article_published_time":"2025-09-22T21:43:20+00:00","og_image":[{"width":888,"height":500,"url":"https:\/\/canal7slp.tv\/2025\/wp-content\/uploads\/2025\/09\/07-21.jpg","type":"image\/jpeg"}],"author":"Edici\u00f3n Web","twitter_card":"summary_large_image","twitter_creator":"@NOTICIEROS7","twitter_site":"@NOTICIEROS7","twitter_misc":{"Escrito por":"Edici\u00f3n Web","Tiempo de lectura":"2 minutos"},"schema":{"@context":"https:\/\/schema.org","@graph":[{"@type":"Article","@id":"https:\/\/canal7slp.tv\/2025\/ciberataque-continua-afectando-operaciones-en-aeropuerto-de-bruselas\/#article","isPartOf":{"@id":"https:\/\/canal7slp.tv\/2025\/ciberataque-continua-afectando-operaciones-en-aeropuerto-de-bruselas\/"},"author":{"name":"Edici\u00f3n Web","@id":"https:\/\/canal7slp.tv\/2025\/#\/schema\/person\/271e2b60a96e7cc9d9ac296f4d7e414b"},"headline":"Ciberataque contin\u00faa afectando operaciones en aeropuerto de Bruselas","datePublished":"2025-09-22T21:43:20+00:00","mainEntityOfPage":{"@id":"https:\/\/canal7slp.tv\/2025\/ciberataque-continua-afectando-operaciones-en-aeropuerto-de-bruselas\/"},"wordCount":300,"publisher":{"@id":"https:\/\/canal7slp.tv\/2025\/#organization"},"image":{"@id":"https:\/\/canal7slp.tv\/2025\/ciberataque-continua-afectando-operaciones-en-aeropuerto-de-bruselas\/#primaryimage"},"thumbnailUrl":"https:\/\/canal7slp.tv\/2025\/wp-content\/uploads\/2025\/09\/07-21.jpg","articleSection":["INTERNACIONALES"],"inLanguage":"es"},{"@type":"WebPage","@id":"https:\/\/canal7slp.tv\/2025\/ciberataque-continua-afectando-operaciones-en-aeropuerto-de-bruselas\/","url":"https:\/\/canal7slp.tv\/2025\/ciberataque-continua-afectando-operaciones-en-aeropuerto-de-bruselas\/","name":"Ciberataque contin\u00faa afectando operaciones en aeropuerto de Bruselas - Canal 7 SLP - 2025","isPartOf":{"@id":"https:\/\/canal7slp.tv\/2025\/#website"},"primaryImageOfPage":{"@id":"https:\/\/canal7slp.tv\/2025\/ciberataque-continua-afectando-operaciones-en-aeropuerto-de-bruselas\/#primaryimage"},"image":{"@id":"https:\/\/canal7slp.tv\/2025\/ciberataque-continua-afectando-operaciones-en-aeropuerto-de-bruselas\/#primaryimage"},"thumbnailUrl":"https:\/\/canal7slp.tv\/2025\/wp-content\/uploads\/2025\/09\/07-21.jpg","datePublished":"2025-09-22T21:43:20+00:00","breadcrumb":{"@id":"https:\/\/canal7slp.tv\/2025\/ciberataque-continua-afectando-operaciones-en-aeropuerto-de-bruselas\/#breadcrumb"},"inLanguage":"es","potentialAction":[{"@type":"ReadAction","target":["https:\/\/canal7slp.tv\/2025\/ciberataque-continua-afectando-operaciones-en-aeropuerto-de-bruselas\/"]}]},{"@type":"ImageObject","inLanguage":"es","@id":"https:\/\/canal7slp.tv\/2025\/ciberataque-continua-afectando-operaciones-en-aeropuerto-de-bruselas\/#primaryimage","url":"https:\/\/canal7slp.tv\/2025\/wp-content\/uploads\/2025\/09\/07-21.jpg","contentUrl":"https:\/\/canal7slp.tv\/2025\/wp-content\/uploads\/2025\/09\/07-21.jpg","width":888,"height":500},{"@type":"BreadcrumbList","@id":"https:\/\/canal7slp.tv\/2025\/ciberataque-continua-afectando-operaciones-en-aeropuerto-de-bruselas\/#breadcrumb","itemListElement":[{"@type":"ListItem","position":1,"name":"Portada","item":"https:\/\/canal7slp.tv\/2025\/"},{"@type":"ListItem","position":2,"name":"Ciberataque contin\u00faa afectando operaciones en aeropuerto de Bruselas"}]},{"@type":"WebSite","@id":"https:\/\/canal7slp.tv\/2025\/#website","url":"https:\/\/canal7slp.tv\/2025\/","name":"N7 - Noticieros Canal 7","description":"Somos el Medio","publisher":{"@id":"https:\/\/canal7slp.tv\/2025\/#organization"},"potentialAction":[{"@type":"SearchAction","target":{"@type":"EntryPoint","urlTemplate":"https:\/\/canal7slp.tv\/2025\/?s={search_term_string}"},"query-input":{"@type":"PropertyValueSpecification","valueRequired":true,"valueName":"search_term_string"}}],"inLanguage":"es"},{"@type":"Organization","@id":"https:\/\/canal7slp.tv\/2025\/#organization","name":"Noticieros Canal 7","url":"https:\/\/canal7slp.tv\/2025\/","logo":{"@type":"ImageObject","inLanguage":"es","@id":"https:\/\/canal7slp.tv\/2025\/#\/schema\/logo\/image\/","url":"https:\/\/canal7slp.tv\/2025\/wp-content\/uploads\/2021\/01\/logo-noticieros@2x.png","contentUrl":"https:\/\/canal7slp.tv\/2025\/wp-content\/uploads\/2021\/01\/logo-noticieros@2x.png","width":1017,"height":268,"caption":"Noticieros Canal 7"},"image":{"@id":"https:\/\/canal7slp.tv\/2025\/#\/schema\/logo\/image\/"},"sameAs":["https:\/\/www.facebook.com\/noticieroscanal7atencionciudadana\/","https:\/\/x.com\/NOTICIEROS7","https:\/\/www.instagram.com\/canal7_slp","https:\/\/www.youtube.com\/channel\/UCliiYs-gP3JfJeqdPrNdd5A"]},{"@type":"Person","@id":"https:\/\/canal7slp.tv\/2025\/#\/schema\/person\/271e2b60a96e7cc9d9ac296f4d7e414b","name":"Edici\u00f3n Web","image":{"@type":"ImageObject","inLanguage":"es","@id":"https:\/\/secure.gravatar.com\/avatar\/eee448fc3f7164808013b816ba91ac7e43bbe82a70bebac296f8bc6f0addaa1a?s=96&d=mm&r=g","url":"https:\/\/secure.gravatar.com\/avatar\/eee448fc3f7164808013b816ba91ac7e43bbe82a70bebac296f8bc6f0addaa1a?s=96&d=mm&r=g","contentUrl":"https:\/\/secure.gravatar.com\/avatar\/eee448fc3f7164808013b816ba91ac7e43bbe82a70bebac296f8bc6f0addaa1a?s=96&d=mm&r=g","caption":"Edici\u00f3n Web"},"url":"https:\/\/canal7slp.tv\/2025\/author\/edicionweb\/"}]}},"_links":{"self":[{"href":"https:\/\/canal7slp.tv\/2025\/wp-json\/wp\/v2\/posts\/179969","targetHints":{"allow":["GET"]}}],"collection":[{"href":"https:\/\/canal7slp.tv\/2025\/wp-json\/wp\/v2\/posts"}],"about":[{"href":"https:\/\/canal7slp.tv\/2025\/wp-json\/wp\/v2\/types\/post"}],"author":[{"embeddable":true,"href":"https:\/\/canal7slp.tv\/2025\/wp-json\/wp\/v2\/users\/2"}],"replies":[{"embeddable":true,"href":"https:\/\/canal7slp.tv\/2025\/wp-json\/wp\/v2\/comments?post=179969"}],"version-history":[{"count":1,"href":"https:\/\/canal7slp.tv\/2025\/wp-json\/wp\/v2\/posts\/179969\/revisions"}],"predecessor-version":[{"id":179971,"href":"https:\/\/canal7slp.tv\/2025\/wp-json\/wp\/v2\/posts\/179969\/revisions\/179971"}],"wp:featuredmedia":[{"embeddable":true,"href":"https:\/\/canal7slp.tv\/2025\/wp-json\/wp\/v2\/media\/179970"}],"wp:attachment":[{"href":"https:\/\/canal7slp.tv\/2025\/wp-json\/wp\/v2\/media?parent=179969"}],"wp:term":[{"taxonomy":"category","embeddable":true,"href":"https:\/\/canal7slp.tv\/2025\/wp-json\/wp\/v2\/categories?post=179969"},{"taxonomy":"post_tag","embeddable":true,"href":"https:\/\/canal7slp.tv\/2025\/wp-json\/wp\/v2\/tags?post=179969"}],"curies":[{"name":"wp","href":"https:\/\/api.w.org\/{rel}","templated":true}]}}