{"id":179954,"date":"2025-09-22T14:42:53","date_gmt":"2025-09-22T20:42:53","guid":{"rendered":"https:\/\/canal7slp.tv\/2025\/?p=179954"},"modified":"2025-09-22T14:42:53","modified_gmt":"2025-09-22T20:42:53","slug":"sismo-de-4-3-sacude-la-bahia-de-san-francisco","status":"publish","type":"post","link":"https:\/\/canal7slp.tv\/2025\/sismo-de-4-3-sacude-la-bahia-de-san-francisco\/","title":{"rendered":"Sismo de 4.3 sacude la bah\u00eda de San Francisco"},"content":{"rendered":"<p style=\"text-align: justify;\">\n<p style=\"text-align: justify;\">San Francisco.- Un sismo de magnitud 4.3 se registr\u00f3 durante la madrugada de este lunes en el \u00e1rea de la Bah\u00eda de San Francisco, seg\u00fan inform\u00f3 el Servicio Geol\u00f3gico de Estados Unidos (USGS). El movimiento tel\u00farico ocurri\u00f3 poco antes de las 03:00 horas, con epicentro al este-sureste de Berkeley.<\/p>\n<p style=\"text-align: justify;\">De acuerdo con el reporte del USGS, m\u00e1s de 22 mil personas manifestaron haber percibido el temblor, incluyendo habitantes de zonas tan al sur como Salinas, ubicada aproximadamente a 161 kil\u00f3metros del epicentro. Testigos relataron en redes sociales haber experimentado sacudidas perceptibles en sus viviendas.<\/p>\n<p style=\"text-align: justify;\">El sistema de transporte metropolitano Bay Area Rapid Transit (BART) implement\u00f3 medidas preventivas, operando sus trenes a velocidades reducidas mientras se realizaban inspecciones de seguridad en las v\u00edas. La administraci\u00f3n del servicio inform\u00f3 a los usuarios sobre posibles retrasos de hasta 20 minutos en todo el sistema.<\/p>\n<p style=\"text-align: justify;\">El Departamento de Manejo de Emergencias de San Francisco indic\u00f3 que, aunque se registr\u00f3 un aumento en las llamadas al 911 de personas que sintieron el sismo, no se han reportado heridos o da\u00f1os materiales en la ciudad. El alcalde Dan Lurie confirm\u00f3 que las cuadrillas de emergencia se encuentran evaluando posibles impactos en la infraestructura urbana.<\/p>\n","protected":false},"excerpt":{"rendered":"<p>San Francisco.- Un sismo de magnitud 4.3 se registr\u00f3 durante la madrugada de este lunes en el \u00e1rea de la Bah\u00eda de San Francisco, seg\u00fan inform\u00f3 el Servicio Geol\u00f3gico de Estados Unidos (USGS). El movimiento tel\u00farico ocurri\u00f3 poco antes de las 03:00 horas, con epicentro al este-sureste de Berkeley. De acuerdo con el reporte del USGS, m\u00e1s de 22 mil personas manifestaron haber percibido el temblor, incluyendo habitantes de zonas tan al sur como Salinas, ubicada aproximadamente a 161 kil\u00f3metros del epicentro. Testigos relataron en redes sociales haber experimentado sacudidas perceptibles en sus viviendas. El sistema de transporte metropolitano Bay [&hellip;]<\/p>\n","protected":false},"author":2,"featured_media":179955,"comment_status":"closed","ping_status":"closed","sticky":false,"template":"","format":"standard","meta":{"_monsterinsights_skip_tracking":false,"_monsterinsights_sitenote_active":false,"_monsterinsights_sitenote_note":"","_monsterinsights_sitenote_category":0,"footnotes":""},"categories":[44],"tags":[],"class_list":["post-179954","post","type-post","status-publish","format-standard","has-post-thumbnail","hentry","category-internacional","post--single"],"yoast_head":"<!-- This site is optimized with the Yoast SEO plugin v27.5 - https:\/\/yoast.com\/product\/yoast-seo-wordpress\/ -->\n<title>Sismo de 4.3 sacude la bah\u00eda de San Francisco - Canal 7 SLP - 2025<\/title>\n<meta name=\"robots\" content=\"index, follow, max-snippet:-1, max-image-preview:large, max-video-preview:-1\" \/>\n<link rel=\"canonical\" href=\"https:\/\/canal7slp.tv\/2025\/sismo-de-4-3-sacude-la-bahia-de-san-francisco\/\" \/>\n<meta property=\"og:locale\" content=\"es_ES\" \/>\n<meta property=\"og:type\" content=\"article\" \/>\n<meta property=\"og:title\" content=\"Sismo de 4.3 sacude la bah\u00eda de San Francisco - Canal 7 SLP - 2025\" \/>\n<meta property=\"og:description\" content=\"San Francisco.- Un sismo de magnitud 4.3 se registr\u00f3 durante la madrugada de este lunes en el \u00e1rea de la Bah\u00eda de San Francisco, seg\u00fan inform\u00f3 el Servicio Geol\u00f3gico de Estados Unidos (USGS). El movimiento tel\u00farico ocurri\u00f3 poco antes de las 03:00 horas, con epicentro al este-sureste de Berkeley. De acuerdo con el reporte del USGS, m\u00e1s de 22 mil personas manifestaron haber percibido el temblor, incluyendo habitantes de zonas tan al sur como Salinas, ubicada aproximadamente a 161 kil\u00f3metros del epicentro. Testigos relataron en redes sociales haber experimentado sacudidas perceptibles en sus viviendas. El sistema de transporte metropolitano Bay [&hellip;]\" \/>\n<meta property=\"og:url\" content=\"https:\/\/canal7slp.tv\/2025\/sismo-de-4-3-sacude-la-bahia-de-san-francisco\/\" \/>\n<meta property=\"og:site_name\" content=\"Canal 7 SLP - 2025\" \/>\n<meta property=\"article:publisher\" content=\"https:\/\/www.facebook.com\/noticieroscanal7atencionciudadana\/\" \/>\n<meta property=\"article:published_time\" content=\"2025-09-22T20:42:53+00:00\" \/>\n<meta property=\"og:image\" content=\"https:\/\/canal7slp.tv\/2025\/wp-content\/uploads\/2025\/09\/06-20.jpg\" \/>\n\t<meta property=\"og:image:width\" content=\"800\" \/>\n\t<meta property=\"og:image:height\" content=\"450\" \/>\n\t<meta property=\"og:image:type\" content=\"image\/jpeg\" \/>\n<meta name=\"author\" content=\"Edici\u00f3n Web\" \/>\n<meta name=\"twitter:card\" content=\"summary_large_image\" \/>\n<meta name=\"twitter:creator\" content=\"@NOTICIEROS7\" \/>\n<meta name=\"twitter:site\" content=\"@NOTICIEROS7\" \/>\n<meta name=\"twitter:label1\" content=\"Escrito por\" \/>\n\t<meta name=\"twitter:data1\" content=\"Edici\u00f3n Web\" \/>\n\t<meta name=\"twitter:label2\" content=\"Tiempo de lectura\" \/>\n\t<meta name=\"twitter:data2\" content=\"1 minuto\" \/>\n<script type=\"application\/ld+json\" class=\"yoast-schema-graph\">{\"@context\":\"https:\\\/\\\/schema.org\",\"@graph\":[{\"@type\":\"Article\",\"@id\":\"https:\\\/\\\/canal7slp.tv\\\/2025\\\/sismo-de-4-3-sacude-la-bahia-de-san-francisco\\\/#article\",\"isPartOf\":{\"@id\":\"https:\\\/\\\/canal7slp.tv\\\/2025\\\/sismo-de-4-3-sacude-la-bahia-de-san-francisco\\\/\"},\"author\":{\"name\":\"Edici\u00f3n Web\",\"@id\":\"https:\\\/\\\/canal7slp.tv\\\/2025\\\/#\\\/schema\\\/person\\\/271e2b60a96e7cc9d9ac296f4d7e414b\"},\"headline\":\"Sismo de 4.3 sacude la bah\u00eda de San Francisco\",\"datePublished\":\"2025-09-22T20:42:53+00:00\",\"mainEntityOfPage\":{\"@id\":\"https:\\\/\\\/canal7slp.tv\\\/2025\\\/sismo-de-4-3-sacude-la-bahia-de-san-francisco\\\/\"},\"wordCount\":211,\"publisher\":{\"@id\":\"https:\\\/\\\/canal7slp.tv\\\/2025\\\/#organization\"},\"image\":{\"@id\":\"https:\\\/\\\/canal7slp.tv\\\/2025\\\/sismo-de-4-3-sacude-la-bahia-de-san-francisco\\\/#primaryimage\"},\"thumbnailUrl\":\"https:\\\/\\\/canal7slp.tv\\\/2025\\\/wp-content\\\/uploads\\\/2025\\\/09\\\/06-20.jpg\",\"articleSection\":[\"INTERNACIONALES\"],\"inLanguage\":\"es\"},{\"@type\":\"WebPage\",\"@id\":\"https:\\\/\\\/canal7slp.tv\\\/2025\\\/sismo-de-4-3-sacude-la-bahia-de-san-francisco\\\/\",\"url\":\"https:\\\/\\\/canal7slp.tv\\\/2025\\\/sismo-de-4-3-sacude-la-bahia-de-san-francisco\\\/\",\"name\":\"Sismo de 4.3 sacude la bah\u00eda de San Francisco - Canal 7 SLP - 2025\",\"isPartOf\":{\"@id\":\"https:\\\/\\\/canal7slp.tv\\\/2025\\\/#website\"},\"primaryImageOfPage\":{\"@id\":\"https:\\\/\\\/canal7slp.tv\\\/2025\\\/sismo-de-4-3-sacude-la-bahia-de-san-francisco\\\/#primaryimage\"},\"image\":{\"@id\":\"https:\\\/\\\/canal7slp.tv\\\/2025\\\/sismo-de-4-3-sacude-la-bahia-de-san-francisco\\\/#primaryimage\"},\"thumbnailUrl\":\"https:\\\/\\\/canal7slp.tv\\\/2025\\\/wp-content\\\/uploads\\\/2025\\\/09\\\/06-20.jpg\",\"datePublished\":\"2025-09-22T20:42:53+00:00\",\"breadcrumb\":{\"@id\":\"https:\\\/\\\/canal7slp.tv\\\/2025\\\/sismo-de-4-3-sacude-la-bahia-de-san-francisco\\\/#breadcrumb\"},\"inLanguage\":\"es\",\"potentialAction\":[{\"@type\":\"ReadAction\",\"target\":[\"https:\\\/\\\/canal7slp.tv\\\/2025\\\/sismo-de-4-3-sacude-la-bahia-de-san-francisco\\\/\"]}]},{\"@type\":\"ImageObject\",\"inLanguage\":\"es\",\"@id\":\"https:\\\/\\\/canal7slp.tv\\\/2025\\\/sismo-de-4-3-sacude-la-bahia-de-san-francisco\\\/#primaryimage\",\"url\":\"https:\\\/\\\/canal7slp.tv\\\/2025\\\/wp-content\\\/uploads\\\/2025\\\/09\\\/06-20.jpg\",\"contentUrl\":\"https:\\\/\\\/canal7slp.tv\\\/2025\\\/wp-content\\\/uploads\\\/2025\\\/09\\\/06-20.jpg\",\"width\":800,\"height\":450},{\"@type\":\"BreadcrumbList\",\"@id\":\"https:\\\/\\\/canal7slp.tv\\\/2025\\\/sismo-de-4-3-sacude-la-bahia-de-san-francisco\\\/#breadcrumb\",\"itemListElement\":[{\"@type\":\"ListItem\",\"position\":1,\"name\":\"Portada\",\"item\":\"https:\\\/\\\/canal7slp.tv\\\/2025\\\/\"},{\"@type\":\"ListItem\",\"position\":2,\"name\":\"Sismo de 4.3 sacude la bah\u00eda de San Francisco\"}]},{\"@type\":\"WebSite\",\"@id\":\"https:\\\/\\\/canal7slp.tv\\\/2025\\\/#website\",\"url\":\"https:\\\/\\\/canal7slp.tv\\\/2025\\\/\",\"name\":\"N7 - Noticieros Canal 7\",\"description\":\"Somos el Medio\",\"publisher\":{\"@id\":\"https:\\\/\\\/canal7slp.tv\\\/2025\\\/#organization\"},\"potentialAction\":[{\"@type\":\"SearchAction\",\"target\":{\"@type\":\"EntryPoint\",\"urlTemplate\":\"https:\\\/\\\/canal7slp.tv\\\/2025\\\/?s={search_term_string}\"},\"query-input\":{\"@type\":\"PropertyValueSpecification\",\"valueRequired\":true,\"valueName\":\"search_term_string\"}}],\"inLanguage\":\"es\"},{\"@type\":\"Organization\",\"@id\":\"https:\\\/\\\/canal7slp.tv\\\/2025\\\/#organization\",\"name\":\"Noticieros Canal 7\",\"url\":\"https:\\\/\\\/canal7slp.tv\\\/2025\\\/\",\"logo\":{\"@type\":\"ImageObject\",\"inLanguage\":\"es\",\"@id\":\"https:\\\/\\\/canal7slp.tv\\\/2025\\\/#\\\/schema\\\/logo\\\/image\\\/\",\"url\":\"https:\\\/\\\/canal7slp.tv\\\/2025\\\/wp-content\\\/uploads\\\/2021\\\/01\\\/logo-noticieros@2x.png\",\"contentUrl\":\"https:\\\/\\\/canal7slp.tv\\\/2025\\\/wp-content\\\/uploads\\\/2021\\\/01\\\/logo-noticieros@2x.png\",\"width\":1017,\"height\":268,\"caption\":\"Noticieros Canal 7\"},\"image\":{\"@id\":\"https:\\\/\\\/canal7slp.tv\\\/2025\\\/#\\\/schema\\\/logo\\\/image\\\/\"},\"sameAs\":[\"https:\\\/\\\/www.facebook.com\\\/noticieroscanal7atencionciudadana\\\/\",\"https:\\\/\\\/x.com\\\/NOTICIEROS7\",\"https:\\\/\\\/www.instagram.com\\\/canal7_slp\",\"https:\\\/\\\/www.youtube.com\\\/channel\\\/UCliiYs-gP3JfJeqdPrNdd5A\"]},{\"@type\":\"Person\",\"@id\":\"https:\\\/\\\/canal7slp.tv\\\/2025\\\/#\\\/schema\\\/person\\\/271e2b60a96e7cc9d9ac296f4d7e414b\",\"name\":\"Edici\u00f3n Web\",\"image\":{\"@type\":\"ImageObject\",\"inLanguage\":\"es\",\"@id\":\"https:\\\/\\\/secure.gravatar.com\\\/avatar\\\/eee448fc3f7164808013b816ba91ac7e43bbe82a70bebac296f8bc6f0addaa1a?s=96&d=mm&r=g\",\"url\":\"https:\\\/\\\/secure.gravatar.com\\\/avatar\\\/eee448fc3f7164808013b816ba91ac7e43bbe82a70bebac296f8bc6f0addaa1a?s=96&d=mm&r=g\",\"contentUrl\":\"https:\\\/\\\/secure.gravatar.com\\\/avatar\\\/eee448fc3f7164808013b816ba91ac7e43bbe82a70bebac296f8bc6f0addaa1a?s=96&d=mm&r=g\",\"caption\":\"Edici\u00f3n Web\"},\"url\":\"https:\\\/\\\/canal7slp.tv\\\/2025\\\/author\\\/edicionweb\\\/\"}]}<\/script>\n<!-- \/ Yoast SEO plugin. -->","yoast_head_json":{"title":"Sismo de 4.3 sacude la bah\u00eda de San Francisco - Canal 7 SLP - 2025","robots":{"index":"index","follow":"follow","max-snippet":"max-snippet:-1","max-image-preview":"max-image-preview:large","max-video-preview":"max-video-preview:-1"},"canonical":"https:\/\/canal7slp.tv\/2025\/sismo-de-4-3-sacude-la-bahia-de-san-francisco\/","og_locale":"es_ES","og_type":"article","og_title":"Sismo de 4.3 sacude la bah\u00eda de San Francisco - Canal 7 SLP - 2025","og_description":"San Francisco.- Un sismo de magnitud 4.3 se registr\u00f3 durante la madrugada de este lunes en el \u00e1rea de la Bah\u00eda de San Francisco, seg\u00fan inform\u00f3 el Servicio Geol\u00f3gico de Estados Unidos (USGS). El movimiento tel\u00farico ocurri\u00f3 poco antes de las 03:00 horas, con epicentro al este-sureste de Berkeley. De acuerdo con el reporte del USGS, m\u00e1s de 22 mil personas manifestaron haber percibido el temblor, incluyendo habitantes de zonas tan al sur como Salinas, ubicada aproximadamente a 161 kil\u00f3metros del epicentro. Testigos relataron en redes sociales haber experimentado sacudidas perceptibles en sus viviendas. El sistema de transporte metropolitano Bay [&hellip;]","og_url":"https:\/\/canal7slp.tv\/2025\/sismo-de-4-3-sacude-la-bahia-de-san-francisco\/","og_site_name":"Canal 7 SLP - 2025","article_publisher":"https:\/\/www.facebook.com\/noticieroscanal7atencionciudadana\/","article_published_time":"2025-09-22T20:42:53+00:00","og_image":[{"width":800,"height":450,"url":"https:\/\/canal7slp.tv\/2025\/wp-content\/uploads\/2025\/09\/06-20.jpg","type":"image\/jpeg"}],"author":"Edici\u00f3n Web","twitter_card":"summary_large_image","twitter_creator":"@NOTICIEROS7","twitter_site":"@NOTICIEROS7","twitter_misc":{"Escrito por":"Edici\u00f3n Web","Tiempo de lectura":"1 minuto"},"schema":{"@context":"https:\/\/schema.org","@graph":[{"@type":"Article","@id":"https:\/\/canal7slp.tv\/2025\/sismo-de-4-3-sacude-la-bahia-de-san-francisco\/#article","isPartOf":{"@id":"https:\/\/canal7slp.tv\/2025\/sismo-de-4-3-sacude-la-bahia-de-san-francisco\/"},"author":{"name":"Edici\u00f3n Web","@id":"https:\/\/canal7slp.tv\/2025\/#\/schema\/person\/271e2b60a96e7cc9d9ac296f4d7e414b"},"headline":"Sismo de 4.3 sacude la bah\u00eda de San Francisco","datePublished":"2025-09-22T20:42:53+00:00","mainEntityOfPage":{"@id":"https:\/\/canal7slp.tv\/2025\/sismo-de-4-3-sacude-la-bahia-de-san-francisco\/"},"wordCount":211,"publisher":{"@id":"https:\/\/canal7slp.tv\/2025\/#organization"},"image":{"@id":"https:\/\/canal7slp.tv\/2025\/sismo-de-4-3-sacude-la-bahia-de-san-francisco\/#primaryimage"},"thumbnailUrl":"https:\/\/canal7slp.tv\/2025\/wp-content\/uploads\/2025\/09\/06-20.jpg","articleSection":["INTERNACIONALES"],"inLanguage":"es"},{"@type":"WebPage","@id":"https:\/\/canal7slp.tv\/2025\/sismo-de-4-3-sacude-la-bahia-de-san-francisco\/","url":"https:\/\/canal7slp.tv\/2025\/sismo-de-4-3-sacude-la-bahia-de-san-francisco\/","name":"Sismo de 4.3 sacude la bah\u00eda de San Francisco - Canal 7 SLP - 2025","isPartOf":{"@id":"https:\/\/canal7slp.tv\/2025\/#website"},"primaryImageOfPage":{"@id":"https:\/\/canal7slp.tv\/2025\/sismo-de-4-3-sacude-la-bahia-de-san-francisco\/#primaryimage"},"image":{"@id":"https:\/\/canal7slp.tv\/2025\/sismo-de-4-3-sacude-la-bahia-de-san-francisco\/#primaryimage"},"thumbnailUrl":"https:\/\/canal7slp.tv\/2025\/wp-content\/uploads\/2025\/09\/06-20.jpg","datePublished":"2025-09-22T20:42:53+00:00","breadcrumb":{"@id":"https:\/\/canal7slp.tv\/2025\/sismo-de-4-3-sacude-la-bahia-de-san-francisco\/#breadcrumb"},"inLanguage":"es","potentialAction":[{"@type":"ReadAction","target":["https:\/\/canal7slp.tv\/2025\/sismo-de-4-3-sacude-la-bahia-de-san-francisco\/"]}]},{"@type":"ImageObject","inLanguage":"es","@id":"https:\/\/canal7slp.tv\/2025\/sismo-de-4-3-sacude-la-bahia-de-san-francisco\/#primaryimage","url":"https:\/\/canal7slp.tv\/2025\/wp-content\/uploads\/2025\/09\/06-20.jpg","contentUrl":"https:\/\/canal7slp.tv\/2025\/wp-content\/uploads\/2025\/09\/06-20.jpg","width":800,"height":450},{"@type":"BreadcrumbList","@id":"https:\/\/canal7slp.tv\/2025\/sismo-de-4-3-sacude-la-bahia-de-san-francisco\/#breadcrumb","itemListElement":[{"@type":"ListItem","position":1,"name":"Portada","item":"https:\/\/canal7slp.tv\/2025\/"},{"@type":"ListItem","position":2,"name":"Sismo de 4.3 sacude la bah\u00eda de San Francisco"}]},{"@type":"WebSite","@id":"https:\/\/canal7slp.tv\/2025\/#website","url":"https:\/\/canal7slp.tv\/2025\/","name":"N7 - Noticieros Canal 7","description":"Somos el Medio","publisher":{"@id":"https:\/\/canal7slp.tv\/2025\/#organization"},"potentialAction":[{"@type":"SearchAction","target":{"@type":"EntryPoint","urlTemplate":"https:\/\/canal7slp.tv\/2025\/?s={search_term_string}"},"query-input":{"@type":"PropertyValueSpecification","valueRequired":true,"valueName":"search_term_string"}}],"inLanguage":"es"},{"@type":"Organization","@id":"https:\/\/canal7slp.tv\/2025\/#organization","name":"Noticieros Canal 7","url":"https:\/\/canal7slp.tv\/2025\/","logo":{"@type":"ImageObject","inLanguage":"es","@id":"https:\/\/canal7slp.tv\/2025\/#\/schema\/logo\/image\/","url":"https:\/\/canal7slp.tv\/2025\/wp-content\/uploads\/2021\/01\/logo-noticieros@2x.png","contentUrl":"https:\/\/canal7slp.tv\/2025\/wp-content\/uploads\/2021\/01\/logo-noticieros@2x.png","width":1017,"height":268,"caption":"Noticieros Canal 7"},"image":{"@id":"https:\/\/canal7slp.tv\/2025\/#\/schema\/logo\/image\/"},"sameAs":["https:\/\/www.facebook.com\/noticieroscanal7atencionciudadana\/","https:\/\/x.com\/NOTICIEROS7","https:\/\/www.instagram.com\/canal7_slp","https:\/\/www.youtube.com\/channel\/UCliiYs-gP3JfJeqdPrNdd5A"]},{"@type":"Person","@id":"https:\/\/canal7slp.tv\/2025\/#\/schema\/person\/271e2b60a96e7cc9d9ac296f4d7e414b","name":"Edici\u00f3n Web","image":{"@type":"ImageObject","inLanguage":"es","@id":"https:\/\/secure.gravatar.com\/avatar\/eee448fc3f7164808013b816ba91ac7e43bbe82a70bebac296f8bc6f0addaa1a?s=96&d=mm&r=g","url":"https:\/\/secure.gravatar.com\/avatar\/eee448fc3f7164808013b816ba91ac7e43bbe82a70bebac296f8bc6f0addaa1a?s=96&d=mm&r=g","contentUrl":"https:\/\/secure.gravatar.com\/avatar\/eee448fc3f7164808013b816ba91ac7e43bbe82a70bebac296f8bc6f0addaa1a?s=96&d=mm&r=g","caption":"Edici\u00f3n Web"},"url":"https:\/\/canal7slp.tv\/2025\/author\/edicionweb\/"}]}},"_links":{"self":[{"href":"https:\/\/canal7slp.tv\/2025\/wp-json\/wp\/v2\/posts\/179954","targetHints":{"allow":["GET"]}}],"collection":[{"href":"https:\/\/canal7slp.tv\/2025\/wp-json\/wp\/v2\/posts"}],"about":[{"href":"https:\/\/canal7slp.tv\/2025\/wp-json\/wp\/v2\/types\/post"}],"author":[{"embeddable":true,"href":"https:\/\/canal7slp.tv\/2025\/wp-json\/wp\/v2\/users\/2"}],"replies":[{"embeddable":true,"href":"https:\/\/canal7slp.tv\/2025\/wp-json\/wp\/v2\/comments?post=179954"}],"version-history":[{"count":1,"href":"https:\/\/canal7slp.tv\/2025\/wp-json\/wp\/v2\/posts\/179954\/revisions"}],"predecessor-version":[{"id":179956,"href":"https:\/\/canal7slp.tv\/2025\/wp-json\/wp\/v2\/posts\/179954\/revisions\/179956"}],"wp:featuredmedia":[{"embeddable":true,"href":"https:\/\/canal7slp.tv\/2025\/wp-json\/wp\/v2\/media\/179955"}],"wp:attachment":[{"href":"https:\/\/canal7slp.tv\/2025\/wp-json\/wp\/v2\/media?parent=179954"}],"wp:term":[{"taxonomy":"category","embeddable":true,"href":"https:\/\/canal7slp.tv\/2025\/wp-json\/wp\/v2\/categories?post=179954"},{"taxonomy":"post_tag","embeddable":true,"href":"https:\/\/canal7slp.tv\/2025\/wp-json\/wp\/v2\/tags?post=179954"}],"curies":[{"name":"wp","href":"https:\/\/api.w.org\/{rel}","templated":true}]}}