{"id":179440,"date":"2025-09-16T17:57:24","date_gmt":"2025-09-16T23:57:24","guid":{"rendered":"https:\/\/canal7slp.tv\/2025\/?p=179440"},"modified":"2025-09-16T17:57:24","modified_gmt":"2025-09-16T23:57:24","slug":"robo-a-supermercados-una-problematica-recurrente-en-slp-fge","status":"publish","type":"post","link":"https:\/\/canal7slp.tv\/2025\/robo-a-supermercados-una-problematica-recurrente-en-slp-fge\/","title":{"rendered":"Robo a supermercados, una problem\u00e1tica recurrente en SLP: FGE"},"content":{"rendered":"<p style=\"text-align: justify;\"><span style=\"font-size: 1.21429rem;\">SLP.- La Fiscal\u00eda General del Estado de San Luis Potos\u00ed reconoci\u00f3 que el robo a supermercados contin\u00faa present\u00e1ndose de manera recurrente, situaci\u00f3n que ha llevado a implementar medidas espec\u00edficas para atender los casos, particularmente cuando existe reincidencia por parte de los responsables.<\/span><\/p>\n<p style=\"text-align: justify;\">La titular del organismo, Manuela Garc\u00eda C\u00e1zares, explic\u00f3 que el fen\u00f3meno no es est\u00e1tico, pues presenta variaciones en su frecuencia, aunque en general se mantiene como un problema de seguridad que demanda atenci\u00f3n permanente.<\/p>\n<p style=\"text-align: justify;\">\u201cEs un tema que ocurre todos los d\u00edas lamentablemente, lo que s\u00ed estamos poniendo mucha atenci\u00f3n por parte de fiscal\u00eda es que las personas que reincidan, pedir la prisi\u00f3n preventiva por que representan un peligro para la comunidad\u201d, dijo.<\/p>\n<p style=\"text-align: justify;\">Se\u00f1al\u00f3 tambi\u00e9n que las cadenas comerciales han adoptado pol\u00edticas para garantizar la judicializaci\u00f3n de los casos.<\/p>\n<p style=\"text-align: justify;\">\u201cEs un n\u00famero un poco indeterminado pero s\u00ed recurrente\u2026 es un tema que luego a veces disminuye y luego incrementa, entonces, sobre todo hago que est\u00e1 tomando como pol\u00edtica los supermercados que me parece muy bueno es que independientemente de lo que se robe nos la ponen a disposici\u00f3n\u201d, indic\u00f3.<\/p>\n<p style=\"text-align: justify;\">Garc\u00eda C\u00e1zares coment\u00f3 que algunos procesos se han resuelto mediante mecanismos alternativos, lo que ha permitido que los responsables cumplan con la reparaci\u00f3n del da\u00f1o sin generar antecedentes penales, siempre que la empresa afectada acceda.<\/p>\n<p style=\"text-align: justify;\">Finalmente, subray\u00f3 la participaci\u00f3n de instancias de seguridad federal y municipal en el seguimiento de esta problem\u00e1tica, que se mantiene como una de las m\u00e1s frecuentes en el \u00e1mbito comercial.<\/p>\n<p style=\"text-align: justify;\">\u201cTanto Guardia Nacional como el municipio han llevado a cabo detenciones, sobre todo las disposiciones que son importantes\u201d, termin\u00f3.<\/p>\n<p>Por: Jos\u00e9 Luis V\u00e1zquez<\/p>\n","protected":false},"excerpt":{"rendered":"<p>SLP.- La Fiscal\u00eda General del Estado de San Luis Potos\u00ed reconoci\u00f3 que el robo a supermercados contin\u00faa present\u00e1ndose de manera recurrente, situaci\u00f3n que ha llevado a implementar medidas espec\u00edficas para atender los casos, particularmente cuando existe reincidencia por parte de los responsables. La titular del organismo, Manuela Garc\u00eda C\u00e1zares, explic\u00f3 que el fen\u00f3meno no es est\u00e1tico, pues presenta variaciones en su frecuencia, aunque en general se mantiene como un problema de seguridad que demanda atenci\u00f3n permanente. \u201cEs un tema que ocurre todos los d\u00edas lamentablemente, lo que s\u00ed estamos poniendo mucha atenci\u00f3n por parte de fiscal\u00eda es que las personas [&hellip;]<\/p>\n","protected":false},"author":2,"featured_media":179442,"comment_status":"closed","ping_status":"closed","sticky":false,"template":"","format":"video","meta":{"_monsterinsights_skip_tracking":false,"_monsterinsights_sitenote_active":false,"_monsterinsights_sitenote_note":"","_monsterinsights_sitenote_category":0,"footnotes":""},"categories":[5,510,45],"tags":[],"class_list":["post-179440","post","type-post","status-publish","format-video","has-post-thumbnail","hentry","category-destacadas","category-gobedoslp","category-localesyregionales","post_format-post-format-video","post--single"],"yoast_head":"<!-- This site is optimized with the Yoast SEO plugin v27.5 - https:\/\/yoast.com\/product\/yoast-seo-wordpress\/ -->\n<title>Robo a supermercados, una problem\u00e1tica recurrente en SLP: FGE - Canal 7 SLP - 2025<\/title>\n<meta name=\"robots\" content=\"index, follow, max-snippet:-1, max-image-preview:large, max-video-preview:-1\" \/>\n<link rel=\"canonical\" href=\"https:\/\/canal7slp.tv\/2025\/robo-a-supermercados-una-problematica-recurrente-en-slp-fge\/\" \/>\n<meta property=\"og:locale\" content=\"es_ES\" \/>\n<meta property=\"og:type\" content=\"article\" \/>\n<meta property=\"og:title\" content=\"Robo a supermercados, una problem\u00e1tica recurrente en SLP: FGE - Canal 7 SLP - 2025\" \/>\n<meta property=\"og:description\" content=\"SLP.- La Fiscal\u00eda General del Estado de San Luis Potos\u00ed reconoci\u00f3 que el robo a supermercados contin\u00faa present\u00e1ndose de manera recurrente, situaci\u00f3n que ha llevado a implementar medidas espec\u00edficas para atender los casos, particularmente cuando existe reincidencia por parte de los responsables. La titular del organismo, Manuela Garc\u00eda C\u00e1zares, explic\u00f3 que el fen\u00f3meno no es est\u00e1tico, pues presenta variaciones en su frecuencia, aunque en general se mantiene como un problema de seguridad que demanda atenci\u00f3n permanente. \u201cEs un tema que ocurre todos los d\u00edas lamentablemente, lo que s\u00ed estamos poniendo mucha atenci\u00f3n por parte de fiscal\u00eda es que las personas [&hellip;]\" \/>\n<meta property=\"og:url\" content=\"https:\/\/canal7slp.tv\/2025\/robo-a-supermercados-una-problematica-recurrente-en-slp-fge\/\" \/>\n<meta property=\"og:site_name\" content=\"Canal 7 SLP - 2025\" \/>\n<meta property=\"article:publisher\" content=\"https:\/\/www.facebook.com\/noticieroscanal7atencionciudadana\/\" \/>\n<meta property=\"article:published_time\" content=\"2025-09-16T23:57:24+00:00\" \/>\n<meta property=\"og:image\" content=\"https:\/\/canal7slp.tv\/2025\/wp-content\/uploads\/2025\/09\/Vazquez02Farderas.jpg\" \/>\n\t<meta property=\"og:image:width\" content=\"1280\" \/>\n\t<meta property=\"og:image:height\" content=\"720\" \/>\n\t<meta property=\"og:image:type\" content=\"image\/jpeg\" \/>\n<meta name=\"author\" content=\"Edici\u00f3n Web\" \/>\n<meta name=\"twitter:card\" content=\"summary_large_image\" \/>\n<meta name=\"twitter:creator\" content=\"@NOTICIEROS7\" \/>\n<meta name=\"twitter:site\" content=\"@NOTICIEROS7\" \/>\n<meta name=\"twitter:label1\" content=\"Escrito por\" \/>\n\t<meta name=\"twitter:data1\" content=\"Edici\u00f3n Web\" \/>\n\t<meta name=\"twitter:label2\" content=\"Tiempo de lectura\" \/>\n\t<meta name=\"twitter:data2\" content=\"2 minutos\" \/>\n<script type=\"application\/ld+json\" class=\"yoast-schema-graph\">{\"@context\":\"https:\\\/\\\/schema.org\",\"@graph\":[{\"@type\":\"Article\",\"@id\":\"https:\\\/\\\/canal7slp.tv\\\/2025\\\/robo-a-supermercados-una-problematica-recurrente-en-slp-fge\\\/#article\",\"isPartOf\":{\"@id\":\"https:\\\/\\\/canal7slp.tv\\\/2025\\\/robo-a-supermercados-una-problematica-recurrente-en-slp-fge\\\/\"},\"author\":{\"name\":\"Edici\u00f3n Web\",\"@id\":\"https:\\\/\\\/canal7slp.tv\\\/2025\\\/#\\\/schema\\\/person\\\/271e2b60a96e7cc9d9ac296f4d7e414b\"},\"headline\":\"Robo a supermercados, una problem\u00e1tica recurrente en SLP: FGE\",\"datePublished\":\"2025-09-16T23:57:24+00:00\",\"mainEntityOfPage\":{\"@id\":\"https:\\\/\\\/canal7slp.tv\\\/2025\\\/robo-a-supermercados-una-problematica-recurrente-en-slp-fge\\\/\"},\"wordCount\":309,\"publisher\":{\"@id\":\"https:\\\/\\\/canal7slp.tv\\\/2025\\\/#organization\"},\"image\":{\"@id\":\"https:\\\/\\\/canal7slp.tv\\\/2025\\\/robo-a-supermercados-una-problematica-recurrente-en-slp-fge\\\/#primaryimage\"},\"thumbnailUrl\":\"https:\\\/\\\/canal7slp.tv\\\/2025\\\/wp-content\\\/uploads\\\/2025\\\/09\\\/Vazquez02Farderas.jpg\",\"articleSection\":[\"DESTACADAS\",\"GOBEDOSLP\",\"LOCALES Y REGIONALES\"],\"inLanguage\":\"es\"},{\"@type\":\"WebPage\",\"@id\":\"https:\\\/\\\/canal7slp.tv\\\/2025\\\/robo-a-supermercados-una-problematica-recurrente-en-slp-fge\\\/\",\"url\":\"https:\\\/\\\/canal7slp.tv\\\/2025\\\/robo-a-supermercados-una-problematica-recurrente-en-slp-fge\\\/\",\"name\":\"Robo a supermercados, una problem\u00e1tica recurrente en SLP: FGE - Canal 7 SLP - 2025\",\"isPartOf\":{\"@id\":\"https:\\\/\\\/canal7slp.tv\\\/2025\\\/#website\"},\"primaryImageOfPage\":{\"@id\":\"https:\\\/\\\/canal7slp.tv\\\/2025\\\/robo-a-supermercados-una-problematica-recurrente-en-slp-fge\\\/#primaryimage\"},\"image\":{\"@id\":\"https:\\\/\\\/canal7slp.tv\\\/2025\\\/robo-a-supermercados-una-problematica-recurrente-en-slp-fge\\\/#primaryimage\"},\"thumbnailUrl\":\"https:\\\/\\\/canal7slp.tv\\\/2025\\\/wp-content\\\/uploads\\\/2025\\\/09\\\/Vazquez02Farderas.jpg\",\"datePublished\":\"2025-09-16T23:57:24+00:00\",\"breadcrumb\":{\"@id\":\"https:\\\/\\\/canal7slp.tv\\\/2025\\\/robo-a-supermercados-una-problematica-recurrente-en-slp-fge\\\/#breadcrumb\"},\"inLanguage\":\"es\",\"potentialAction\":[{\"@type\":\"ReadAction\",\"target\":[\"https:\\\/\\\/canal7slp.tv\\\/2025\\\/robo-a-supermercados-una-problematica-recurrente-en-slp-fge\\\/\"]}]},{\"@type\":\"ImageObject\",\"inLanguage\":\"es\",\"@id\":\"https:\\\/\\\/canal7slp.tv\\\/2025\\\/robo-a-supermercados-una-problematica-recurrente-en-slp-fge\\\/#primaryimage\",\"url\":\"https:\\\/\\\/canal7slp.tv\\\/2025\\\/wp-content\\\/uploads\\\/2025\\\/09\\\/Vazquez02Farderas.jpg\",\"contentUrl\":\"https:\\\/\\\/canal7slp.tv\\\/2025\\\/wp-content\\\/uploads\\\/2025\\\/09\\\/Vazquez02Farderas.jpg\",\"width\":1280,\"height\":720},{\"@type\":\"BreadcrumbList\",\"@id\":\"https:\\\/\\\/canal7slp.tv\\\/2025\\\/robo-a-supermercados-una-problematica-recurrente-en-slp-fge\\\/#breadcrumb\",\"itemListElement\":[{\"@type\":\"ListItem\",\"position\":1,\"name\":\"Portada\",\"item\":\"https:\\\/\\\/canal7slp.tv\\\/2025\\\/\"},{\"@type\":\"ListItem\",\"position\":2,\"name\":\"Robo a supermercados, una problem\u00e1tica recurrente en SLP: FGE\"}]},{\"@type\":\"WebSite\",\"@id\":\"https:\\\/\\\/canal7slp.tv\\\/2025\\\/#website\",\"url\":\"https:\\\/\\\/canal7slp.tv\\\/2025\\\/\",\"name\":\"N7 - Noticieros Canal 7\",\"description\":\"Somos el Medio\",\"publisher\":{\"@id\":\"https:\\\/\\\/canal7slp.tv\\\/2025\\\/#organization\"},\"potentialAction\":[{\"@type\":\"SearchAction\",\"target\":{\"@type\":\"EntryPoint\",\"urlTemplate\":\"https:\\\/\\\/canal7slp.tv\\\/2025\\\/?s={search_term_string}\"},\"query-input\":{\"@type\":\"PropertyValueSpecification\",\"valueRequired\":true,\"valueName\":\"search_term_string\"}}],\"inLanguage\":\"es\"},{\"@type\":\"Organization\",\"@id\":\"https:\\\/\\\/canal7slp.tv\\\/2025\\\/#organization\",\"name\":\"Noticieros Canal 7\",\"url\":\"https:\\\/\\\/canal7slp.tv\\\/2025\\\/\",\"logo\":{\"@type\":\"ImageObject\",\"inLanguage\":\"es\",\"@id\":\"https:\\\/\\\/canal7slp.tv\\\/2025\\\/#\\\/schema\\\/logo\\\/image\\\/\",\"url\":\"https:\\\/\\\/canal7slp.tv\\\/2025\\\/wp-content\\\/uploads\\\/2021\\\/01\\\/logo-noticieros@2x.png\",\"contentUrl\":\"https:\\\/\\\/canal7slp.tv\\\/2025\\\/wp-content\\\/uploads\\\/2021\\\/01\\\/logo-noticieros@2x.png\",\"width\":1017,\"height\":268,\"caption\":\"Noticieros Canal 7\"},\"image\":{\"@id\":\"https:\\\/\\\/canal7slp.tv\\\/2025\\\/#\\\/schema\\\/logo\\\/image\\\/\"},\"sameAs\":[\"https:\\\/\\\/www.facebook.com\\\/noticieroscanal7atencionciudadana\\\/\",\"https:\\\/\\\/x.com\\\/NOTICIEROS7\",\"https:\\\/\\\/www.instagram.com\\\/canal7_slp\",\"https:\\\/\\\/www.youtube.com\\\/channel\\\/UCliiYs-gP3JfJeqdPrNdd5A\"]},{\"@type\":\"Person\",\"@id\":\"https:\\\/\\\/canal7slp.tv\\\/2025\\\/#\\\/schema\\\/person\\\/271e2b60a96e7cc9d9ac296f4d7e414b\",\"name\":\"Edici\u00f3n Web\",\"image\":{\"@type\":\"ImageObject\",\"inLanguage\":\"es\",\"@id\":\"https:\\\/\\\/secure.gravatar.com\\\/avatar\\\/eee448fc3f7164808013b816ba91ac7e43bbe82a70bebac296f8bc6f0addaa1a?s=96&d=mm&r=g\",\"url\":\"https:\\\/\\\/secure.gravatar.com\\\/avatar\\\/eee448fc3f7164808013b816ba91ac7e43bbe82a70bebac296f8bc6f0addaa1a?s=96&d=mm&r=g\",\"contentUrl\":\"https:\\\/\\\/secure.gravatar.com\\\/avatar\\\/eee448fc3f7164808013b816ba91ac7e43bbe82a70bebac296f8bc6f0addaa1a?s=96&d=mm&r=g\",\"caption\":\"Edici\u00f3n Web\"},\"url\":\"https:\\\/\\\/canal7slp.tv\\\/2025\\\/author\\\/edicionweb\\\/\"}]}<\/script>\n<!-- \/ Yoast SEO plugin. -->","yoast_head_json":{"title":"Robo a supermercados, una problem\u00e1tica recurrente en SLP: FGE - Canal 7 SLP - 2025","robots":{"index":"index","follow":"follow","max-snippet":"max-snippet:-1","max-image-preview":"max-image-preview:large","max-video-preview":"max-video-preview:-1"},"canonical":"https:\/\/canal7slp.tv\/2025\/robo-a-supermercados-una-problematica-recurrente-en-slp-fge\/","og_locale":"es_ES","og_type":"article","og_title":"Robo a supermercados, una problem\u00e1tica recurrente en SLP: FGE - Canal 7 SLP - 2025","og_description":"SLP.- La Fiscal\u00eda General del Estado de San Luis Potos\u00ed reconoci\u00f3 que el robo a supermercados contin\u00faa present\u00e1ndose de manera recurrente, situaci\u00f3n que ha llevado a implementar medidas espec\u00edficas para atender los casos, particularmente cuando existe reincidencia por parte de los responsables. La titular del organismo, Manuela Garc\u00eda C\u00e1zares, explic\u00f3 que el fen\u00f3meno no es est\u00e1tico, pues presenta variaciones en su frecuencia, aunque en general se mantiene como un problema de seguridad que demanda atenci\u00f3n permanente. \u201cEs un tema que ocurre todos los d\u00edas lamentablemente, lo que s\u00ed estamos poniendo mucha atenci\u00f3n por parte de fiscal\u00eda es que las personas [&hellip;]","og_url":"https:\/\/canal7slp.tv\/2025\/robo-a-supermercados-una-problematica-recurrente-en-slp-fge\/","og_site_name":"Canal 7 SLP - 2025","article_publisher":"https:\/\/www.facebook.com\/noticieroscanal7atencionciudadana\/","article_published_time":"2025-09-16T23:57:24+00:00","og_image":[{"width":1280,"height":720,"url":"https:\/\/canal7slp.tv\/2025\/wp-content\/uploads\/2025\/09\/Vazquez02Farderas.jpg","type":"image\/jpeg"}],"author":"Edici\u00f3n Web","twitter_card":"summary_large_image","twitter_creator":"@NOTICIEROS7","twitter_site":"@NOTICIEROS7","twitter_misc":{"Escrito por":"Edici\u00f3n Web","Tiempo de lectura":"2 minutos"},"schema":{"@context":"https:\/\/schema.org","@graph":[{"@type":"Article","@id":"https:\/\/canal7slp.tv\/2025\/robo-a-supermercados-una-problematica-recurrente-en-slp-fge\/#article","isPartOf":{"@id":"https:\/\/canal7slp.tv\/2025\/robo-a-supermercados-una-problematica-recurrente-en-slp-fge\/"},"author":{"name":"Edici\u00f3n Web","@id":"https:\/\/canal7slp.tv\/2025\/#\/schema\/person\/271e2b60a96e7cc9d9ac296f4d7e414b"},"headline":"Robo a supermercados, una problem\u00e1tica recurrente en SLP: FGE","datePublished":"2025-09-16T23:57:24+00:00","mainEntityOfPage":{"@id":"https:\/\/canal7slp.tv\/2025\/robo-a-supermercados-una-problematica-recurrente-en-slp-fge\/"},"wordCount":309,"publisher":{"@id":"https:\/\/canal7slp.tv\/2025\/#organization"},"image":{"@id":"https:\/\/canal7slp.tv\/2025\/robo-a-supermercados-una-problematica-recurrente-en-slp-fge\/#primaryimage"},"thumbnailUrl":"https:\/\/canal7slp.tv\/2025\/wp-content\/uploads\/2025\/09\/Vazquez02Farderas.jpg","articleSection":["DESTACADAS","GOBEDOSLP","LOCALES Y REGIONALES"],"inLanguage":"es"},{"@type":"WebPage","@id":"https:\/\/canal7slp.tv\/2025\/robo-a-supermercados-una-problematica-recurrente-en-slp-fge\/","url":"https:\/\/canal7slp.tv\/2025\/robo-a-supermercados-una-problematica-recurrente-en-slp-fge\/","name":"Robo a supermercados, una problem\u00e1tica recurrente en SLP: FGE - Canal 7 SLP - 2025","isPartOf":{"@id":"https:\/\/canal7slp.tv\/2025\/#website"},"primaryImageOfPage":{"@id":"https:\/\/canal7slp.tv\/2025\/robo-a-supermercados-una-problematica-recurrente-en-slp-fge\/#primaryimage"},"image":{"@id":"https:\/\/canal7slp.tv\/2025\/robo-a-supermercados-una-problematica-recurrente-en-slp-fge\/#primaryimage"},"thumbnailUrl":"https:\/\/canal7slp.tv\/2025\/wp-content\/uploads\/2025\/09\/Vazquez02Farderas.jpg","datePublished":"2025-09-16T23:57:24+00:00","breadcrumb":{"@id":"https:\/\/canal7slp.tv\/2025\/robo-a-supermercados-una-problematica-recurrente-en-slp-fge\/#breadcrumb"},"inLanguage":"es","potentialAction":[{"@type":"ReadAction","target":["https:\/\/canal7slp.tv\/2025\/robo-a-supermercados-una-problematica-recurrente-en-slp-fge\/"]}]},{"@type":"ImageObject","inLanguage":"es","@id":"https:\/\/canal7slp.tv\/2025\/robo-a-supermercados-una-problematica-recurrente-en-slp-fge\/#primaryimage","url":"https:\/\/canal7slp.tv\/2025\/wp-content\/uploads\/2025\/09\/Vazquez02Farderas.jpg","contentUrl":"https:\/\/canal7slp.tv\/2025\/wp-content\/uploads\/2025\/09\/Vazquez02Farderas.jpg","width":1280,"height":720},{"@type":"BreadcrumbList","@id":"https:\/\/canal7slp.tv\/2025\/robo-a-supermercados-una-problematica-recurrente-en-slp-fge\/#breadcrumb","itemListElement":[{"@type":"ListItem","position":1,"name":"Portada","item":"https:\/\/canal7slp.tv\/2025\/"},{"@type":"ListItem","position":2,"name":"Robo a supermercados, una problem\u00e1tica recurrente en SLP: FGE"}]},{"@type":"WebSite","@id":"https:\/\/canal7slp.tv\/2025\/#website","url":"https:\/\/canal7slp.tv\/2025\/","name":"N7 - Noticieros Canal 7","description":"Somos el Medio","publisher":{"@id":"https:\/\/canal7slp.tv\/2025\/#organization"},"potentialAction":[{"@type":"SearchAction","target":{"@type":"EntryPoint","urlTemplate":"https:\/\/canal7slp.tv\/2025\/?s={search_term_string}"},"query-input":{"@type":"PropertyValueSpecification","valueRequired":true,"valueName":"search_term_string"}}],"inLanguage":"es"},{"@type":"Organization","@id":"https:\/\/canal7slp.tv\/2025\/#organization","name":"Noticieros Canal 7","url":"https:\/\/canal7slp.tv\/2025\/","logo":{"@type":"ImageObject","inLanguage":"es","@id":"https:\/\/canal7slp.tv\/2025\/#\/schema\/logo\/image\/","url":"https:\/\/canal7slp.tv\/2025\/wp-content\/uploads\/2021\/01\/logo-noticieros@2x.png","contentUrl":"https:\/\/canal7slp.tv\/2025\/wp-content\/uploads\/2021\/01\/logo-noticieros@2x.png","width":1017,"height":268,"caption":"Noticieros Canal 7"},"image":{"@id":"https:\/\/canal7slp.tv\/2025\/#\/schema\/logo\/image\/"},"sameAs":["https:\/\/www.facebook.com\/noticieroscanal7atencionciudadana\/","https:\/\/x.com\/NOTICIEROS7","https:\/\/www.instagram.com\/canal7_slp","https:\/\/www.youtube.com\/channel\/UCliiYs-gP3JfJeqdPrNdd5A"]},{"@type":"Person","@id":"https:\/\/canal7slp.tv\/2025\/#\/schema\/person\/271e2b60a96e7cc9d9ac296f4d7e414b","name":"Edici\u00f3n Web","image":{"@type":"ImageObject","inLanguage":"es","@id":"https:\/\/secure.gravatar.com\/avatar\/eee448fc3f7164808013b816ba91ac7e43bbe82a70bebac296f8bc6f0addaa1a?s=96&d=mm&r=g","url":"https:\/\/secure.gravatar.com\/avatar\/eee448fc3f7164808013b816ba91ac7e43bbe82a70bebac296f8bc6f0addaa1a?s=96&d=mm&r=g","contentUrl":"https:\/\/secure.gravatar.com\/avatar\/eee448fc3f7164808013b816ba91ac7e43bbe82a70bebac296f8bc6f0addaa1a?s=96&d=mm&r=g","caption":"Edici\u00f3n Web"},"url":"https:\/\/canal7slp.tv\/2025\/author\/edicionweb\/"}]}},"_links":{"self":[{"href":"https:\/\/canal7slp.tv\/2025\/wp-json\/wp\/v2\/posts\/179440","targetHints":{"allow":["GET"]}}],"collection":[{"href":"https:\/\/canal7slp.tv\/2025\/wp-json\/wp\/v2\/posts"}],"about":[{"href":"https:\/\/canal7slp.tv\/2025\/wp-json\/wp\/v2\/types\/post"}],"author":[{"embeddable":true,"href":"https:\/\/canal7slp.tv\/2025\/wp-json\/wp\/v2\/users\/2"}],"replies":[{"embeddable":true,"href":"https:\/\/canal7slp.tv\/2025\/wp-json\/wp\/v2\/comments?post=179440"}],"version-history":[{"count":1,"href":"https:\/\/canal7slp.tv\/2025\/wp-json\/wp\/v2\/posts\/179440\/revisions"}],"predecessor-version":[{"id":179443,"href":"https:\/\/canal7slp.tv\/2025\/wp-json\/wp\/v2\/posts\/179440\/revisions\/179443"}],"wp:featuredmedia":[{"embeddable":true,"href":"https:\/\/canal7slp.tv\/2025\/wp-json\/wp\/v2\/media\/179442"}],"wp:attachment":[{"href":"https:\/\/canal7slp.tv\/2025\/wp-json\/wp\/v2\/media?parent=179440"}],"wp:term":[{"taxonomy":"category","embeddable":true,"href":"https:\/\/canal7slp.tv\/2025\/wp-json\/wp\/v2\/categories?post=179440"},{"taxonomy":"post_tag","embeddable":true,"href":"https:\/\/canal7slp.tv\/2025\/wp-json\/wp\/v2\/tags?post=179440"}],"curies":[{"name":"wp","href":"https:\/\/api.w.org\/{rel}","templated":true}]}}