{"id":179436,"date":"2025-09-16T17:53:30","date_gmt":"2025-09-16T23:53:30","guid":{"rendered":"https:\/\/canal7slp.tv\/2025\/?p=179436"},"modified":"2025-09-16T17:53:30","modified_gmt":"2025-09-16T23:53:30","slug":"conmemoran-en-slp-el-215-aniversario-de-la-independencia-de-mexico-con-desfile-civico-militar","status":"publish","type":"post","link":"https:\/\/canal7slp.tv\/2025\/conmemoran-en-slp-el-215-aniversario-de-la-independencia-de-mexico-con-desfile-civico-militar\/","title":{"rendered":"Conmemoran en SLP el 215 aniversario de la Independencia de M\u00e9xico con desfile c\u00edvico-militar"},"content":{"rendered":"<p style=\"text-align: justify;\"><span style=\"font-size: 1.21429rem;\">SLP.- San Luis Potos\u00ed celebr\u00f3 este 16 de septiembre el 215 aniversario de la Independencia de M\u00e9xico con un desfile c\u00edvico-militar que recorri\u00f3 parte de las principales calles del primer cuadro de la capital.<\/span><\/p>\n<p style=\"text-align: justify;\">Fueron cientos de ciudadanos los que se dieron cita desde temprana hora para presenciar la participaci\u00f3n de instituciones educativas, dependencias estatales, cuerpos de emergencia y asociaciones charras.<\/p>\n<p style=\"text-align: justify;\">El acto fue encabezado por el gobernador Ricardo Gallardo Cardona, acompa\u00f1ado de la senadora Ruth Gonz\u00e1lez Silva y funcionarios de su gabinete.<\/p>\n<p style=\"text-align: justify;\">Durante la ceremonia, se destac\u00f3 el ambiente de orden y respeto con el que se llev\u00f3 a cabo la jornada con una participaci\u00f3n de m\u00e1s de 4 mil personas.<\/p>\n<p style=\"text-align: justify;\">Entre los contingentes escolares sobresalieron las bandas de guerra, escoltas y agrupaciones estudiantiles que dieron muestra de disciplina y valores c\u00edvicos.<\/p>\n<p style=\"text-align: justify;\">A ellos se sumaron dependencias gubernamentales que exhibieron parte del trabajo que realizan en beneficio de la poblaci\u00f3n<\/p>\n<p style=\"text-align: justify;\">Las asociaciones charras tambi\u00e9n se hicieron presentes con un espect\u00e1culo ecuestre que incluy\u00f3 trajes t\u00edpicos y montas tradicionales, reforzando el sentido de identidad y orgullo nacional.<\/p>\n<p style=\"text-align: justify;\">Entre los agrupamientos figuraron el Ej\u00e9rcito Mexicano, Guardia Nacional, cuerpos de Seguridad P\u00fablica, Protecci\u00f3n Civil, Cruz Roja y el Cuerpo de Bomberos.<\/p>\n<p>Por: Jos\u00e9 Luis V\u00e1zquez<\/p>\n","protected":false},"excerpt":{"rendered":"<p>SLP.- San Luis Potos\u00ed celebr\u00f3 este 16 de septiembre el 215 aniversario de la Independencia de M\u00e9xico con un desfile c\u00edvico-militar que recorri\u00f3 parte de las principales calles del primer cuadro de la capital. Fueron cientos de ciudadanos los que se dieron cita desde temprana hora para presenciar la participaci\u00f3n de instituciones educativas, dependencias estatales, cuerpos de emergencia y asociaciones charras. El acto fue encabezado por el gobernador Ricardo Gallardo Cardona, acompa\u00f1ado de la senadora Ruth Gonz\u00e1lez Silva y funcionarios de su gabinete. Durante la ceremonia, se destac\u00f3 el ambiente de orden y respeto con el que se llev\u00f3 a [&hellip;]<\/p>\n","protected":false},"author":2,"featured_media":179438,"comment_status":"closed","ping_status":"closed","sticky":false,"template":"","format":"video","meta":{"_monsterinsights_skip_tracking":false,"_monsterinsights_sitenote_active":false,"_monsterinsights_sitenote_note":"","_monsterinsights_sitenote_category":0,"footnotes":""},"categories":[5,45],"tags":[],"class_list":["post-179436","post","type-post","status-publish","format-video","has-post-thumbnail","hentry","category-destacadas","category-localesyregionales","post_format-post-format-video","post--single"],"yoast_head":"<!-- This site is optimized with the Yoast SEO plugin v27.5 - https:\/\/yoast.com\/product\/yoast-seo-wordpress\/ -->\n<title>Conmemoran en SLP el 215 aniversario de la Independencia de M\u00e9xico con desfile c\u00edvico-militar - Canal 7 SLP - 2025<\/title>\n<meta name=\"robots\" content=\"index, follow, max-snippet:-1, max-image-preview:large, max-video-preview:-1\" \/>\n<link rel=\"canonical\" href=\"https:\/\/canal7slp.tv\/2025\/conmemoran-en-slp-el-215-aniversario-de-la-independencia-de-mexico-con-desfile-civico-militar\/\" \/>\n<meta property=\"og:locale\" content=\"es_ES\" \/>\n<meta property=\"og:type\" content=\"article\" \/>\n<meta property=\"og:title\" content=\"Conmemoran en SLP el 215 aniversario de la Independencia de M\u00e9xico con desfile c\u00edvico-militar - Canal 7 SLP - 2025\" \/>\n<meta property=\"og:description\" content=\"SLP.- San Luis Potos\u00ed celebr\u00f3 este 16 de septiembre el 215 aniversario de la Independencia de M\u00e9xico con un desfile c\u00edvico-militar que recorri\u00f3 parte de las principales calles del primer cuadro de la capital. Fueron cientos de ciudadanos los que se dieron cita desde temprana hora para presenciar la participaci\u00f3n de instituciones educativas, dependencias estatales, cuerpos de emergencia y asociaciones charras. El acto fue encabezado por el gobernador Ricardo Gallardo Cardona, acompa\u00f1ado de la senadora Ruth Gonz\u00e1lez Silva y funcionarios de su gabinete. Durante la ceremonia, se destac\u00f3 el ambiente de orden y respeto con el que se llev\u00f3 a [&hellip;]\" \/>\n<meta property=\"og:url\" content=\"https:\/\/canal7slp.tv\/2025\/conmemoran-en-slp-el-215-aniversario-de-la-independencia-de-mexico-con-desfile-civico-militar\/\" \/>\n<meta property=\"og:site_name\" content=\"Canal 7 SLP - 2025\" \/>\n<meta property=\"article:publisher\" content=\"https:\/\/www.facebook.com\/noticieroscanal7atencionciudadana\/\" \/>\n<meta property=\"article:published_time\" content=\"2025-09-16T23:53:30+00:00\" \/>\n<meta property=\"og:image\" content=\"https:\/\/canal7slp.tv\/2025\/wp-content\/uploads\/2025\/09\/Vazquez01Desfile.jpg\" \/>\n\t<meta property=\"og:image:width\" content=\"1280\" \/>\n\t<meta property=\"og:image:height\" content=\"720\" \/>\n\t<meta property=\"og:image:type\" content=\"image\/jpeg\" \/>\n<meta name=\"author\" content=\"Edici\u00f3n Web\" \/>\n<meta name=\"twitter:card\" content=\"summary_large_image\" \/>\n<meta name=\"twitter:creator\" content=\"@NOTICIEROS7\" \/>\n<meta name=\"twitter:site\" content=\"@NOTICIEROS7\" \/>\n<meta name=\"twitter:label1\" content=\"Escrito por\" \/>\n\t<meta name=\"twitter:data1\" content=\"Edici\u00f3n Web\" \/>\n\t<meta name=\"twitter:label2\" content=\"Tiempo de lectura\" \/>\n\t<meta name=\"twitter:data2\" content=\"2 minutos\" \/>\n<script type=\"application\/ld+json\" class=\"yoast-schema-graph\">{\"@context\":\"https:\\\/\\\/schema.org\",\"@graph\":[{\"@type\":\"Article\",\"@id\":\"https:\\\/\\\/canal7slp.tv\\\/2025\\\/conmemoran-en-slp-el-215-aniversario-de-la-independencia-de-mexico-con-desfile-civico-militar\\\/#article\",\"isPartOf\":{\"@id\":\"https:\\\/\\\/canal7slp.tv\\\/2025\\\/conmemoran-en-slp-el-215-aniversario-de-la-independencia-de-mexico-con-desfile-civico-militar\\\/\"},\"author\":{\"name\":\"Edici\u00f3n Web\",\"@id\":\"https:\\\/\\\/canal7slp.tv\\\/2025\\\/#\\\/schema\\\/person\\\/271e2b60a96e7cc9d9ac296f4d7e414b\"},\"headline\":\"Conmemoran en SLP el 215 aniversario de la Independencia de M\u00e9xico con desfile c\u00edvico-militar\",\"datePublished\":\"2025-09-16T23:53:30+00:00\",\"mainEntityOfPage\":{\"@id\":\"https:\\\/\\\/canal7slp.tv\\\/2025\\\/conmemoran-en-slp-el-215-aniversario-de-la-independencia-de-mexico-con-desfile-civico-militar\\\/\"},\"wordCount\":232,\"publisher\":{\"@id\":\"https:\\\/\\\/canal7slp.tv\\\/2025\\\/#organization\"},\"image\":{\"@id\":\"https:\\\/\\\/canal7slp.tv\\\/2025\\\/conmemoran-en-slp-el-215-aniversario-de-la-independencia-de-mexico-con-desfile-civico-militar\\\/#primaryimage\"},\"thumbnailUrl\":\"https:\\\/\\\/canal7slp.tv\\\/2025\\\/wp-content\\\/uploads\\\/2025\\\/09\\\/Vazquez01Desfile.jpg\",\"articleSection\":[\"DESTACADAS\",\"LOCALES Y REGIONALES\"],\"inLanguage\":\"es\"},{\"@type\":\"WebPage\",\"@id\":\"https:\\\/\\\/canal7slp.tv\\\/2025\\\/conmemoran-en-slp-el-215-aniversario-de-la-independencia-de-mexico-con-desfile-civico-militar\\\/\",\"url\":\"https:\\\/\\\/canal7slp.tv\\\/2025\\\/conmemoran-en-slp-el-215-aniversario-de-la-independencia-de-mexico-con-desfile-civico-militar\\\/\",\"name\":\"Conmemoran en SLP el 215 aniversario de la Independencia de M\u00e9xico con desfile c\u00edvico-militar - Canal 7 SLP - 2025\",\"isPartOf\":{\"@id\":\"https:\\\/\\\/canal7slp.tv\\\/2025\\\/#website\"},\"primaryImageOfPage\":{\"@id\":\"https:\\\/\\\/canal7slp.tv\\\/2025\\\/conmemoran-en-slp-el-215-aniversario-de-la-independencia-de-mexico-con-desfile-civico-militar\\\/#primaryimage\"},\"image\":{\"@id\":\"https:\\\/\\\/canal7slp.tv\\\/2025\\\/conmemoran-en-slp-el-215-aniversario-de-la-independencia-de-mexico-con-desfile-civico-militar\\\/#primaryimage\"},\"thumbnailUrl\":\"https:\\\/\\\/canal7slp.tv\\\/2025\\\/wp-content\\\/uploads\\\/2025\\\/09\\\/Vazquez01Desfile.jpg\",\"datePublished\":\"2025-09-16T23:53:30+00:00\",\"breadcrumb\":{\"@id\":\"https:\\\/\\\/canal7slp.tv\\\/2025\\\/conmemoran-en-slp-el-215-aniversario-de-la-independencia-de-mexico-con-desfile-civico-militar\\\/#breadcrumb\"},\"inLanguage\":\"es\",\"potentialAction\":[{\"@type\":\"ReadAction\",\"target\":[\"https:\\\/\\\/canal7slp.tv\\\/2025\\\/conmemoran-en-slp-el-215-aniversario-de-la-independencia-de-mexico-con-desfile-civico-militar\\\/\"]}]},{\"@type\":\"ImageObject\",\"inLanguage\":\"es\",\"@id\":\"https:\\\/\\\/canal7slp.tv\\\/2025\\\/conmemoran-en-slp-el-215-aniversario-de-la-independencia-de-mexico-con-desfile-civico-militar\\\/#primaryimage\",\"url\":\"https:\\\/\\\/canal7slp.tv\\\/2025\\\/wp-content\\\/uploads\\\/2025\\\/09\\\/Vazquez01Desfile.jpg\",\"contentUrl\":\"https:\\\/\\\/canal7slp.tv\\\/2025\\\/wp-content\\\/uploads\\\/2025\\\/09\\\/Vazquez01Desfile.jpg\",\"width\":1280,\"height\":720},{\"@type\":\"BreadcrumbList\",\"@id\":\"https:\\\/\\\/canal7slp.tv\\\/2025\\\/conmemoran-en-slp-el-215-aniversario-de-la-independencia-de-mexico-con-desfile-civico-militar\\\/#breadcrumb\",\"itemListElement\":[{\"@type\":\"ListItem\",\"position\":1,\"name\":\"Portada\",\"item\":\"https:\\\/\\\/canal7slp.tv\\\/2025\\\/\"},{\"@type\":\"ListItem\",\"position\":2,\"name\":\"Conmemoran en SLP el 215 aniversario de la Independencia de M\u00e9xico con desfile c\u00edvico-militar\"}]},{\"@type\":\"WebSite\",\"@id\":\"https:\\\/\\\/canal7slp.tv\\\/2025\\\/#website\",\"url\":\"https:\\\/\\\/canal7slp.tv\\\/2025\\\/\",\"name\":\"N7 - Noticieros Canal 7\",\"description\":\"Somos el Medio\",\"publisher\":{\"@id\":\"https:\\\/\\\/canal7slp.tv\\\/2025\\\/#organization\"},\"potentialAction\":[{\"@type\":\"SearchAction\",\"target\":{\"@type\":\"EntryPoint\",\"urlTemplate\":\"https:\\\/\\\/canal7slp.tv\\\/2025\\\/?s={search_term_string}\"},\"query-input\":{\"@type\":\"PropertyValueSpecification\",\"valueRequired\":true,\"valueName\":\"search_term_string\"}}],\"inLanguage\":\"es\"},{\"@type\":\"Organization\",\"@id\":\"https:\\\/\\\/canal7slp.tv\\\/2025\\\/#organization\",\"name\":\"Noticieros Canal 7\",\"url\":\"https:\\\/\\\/canal7slp.tv\\\/2025\\\/\",\"logo\":{\"@type\":\"ImageObject\",\"inLanguage\":\"es\",\"@id\":\"https:\\\/\\\/canal7slp.tv\\\/2025\\\/#\\\/schema\\\/logo\\\/image\\\/\",\"url\":\"https:\\\/\\\/canal7slp.tv\\\/2025\\\/wp-content\\\/uploads\\\/2021\\\/01\\\/logo-noticieros@2x.png\",\"contentUrl\":\"https:\\\/\\\/canal7slp.tv\\\/2025\\\/wp-content\\\/uploads\\\/2021\\\/01\\\/logo-noticieros@2x.png\",\"width\":1017,\"height\":268,\"caption\":\"Noticieros Canal 7\"},\"image\":{\"@id\":\"https:\\\/\\\/canal7slp.tv\\\/2025\\\/#\\\/schema\\\/logo\\\/image\\\/\"},\"sameAs\":[\"https:\\\/\\\/www.facebook.com\\\/noticieroscanal7atencionciudadana\\\/\",\"https:\\\/\\\/x.com\\\/NOTICIEROS7\",\"https:\\\/\\\/www.instagram.com\\\/canal7_slp\",\"https:\\\/\\\/www.youtube.com\\\/channel\\\/UCliiYs-gP3JfJeqdPrNdd5A\"]},{\"@type\":\"Person\",\"@id\":\"https:\\\/\\\/canal7slp.tv\\\/2025\\\/#\\\/schema\\\/person\\\/271e2b60a96e7cc9d9ac296f4d7e414b\",\"name\":\"Edici\u00f3n Web\",\"image\":{\"@type\":\"ImageObject\",\"inLanguage\":\"es\",\"@id\":\"https:\\\/\\\/secure.gravatar.com\\\/avatar\\\/eee448fc3f7164808013b816ba91ac7e43bbe82a70bebac296f8bc6f0addaa1a?s=96&d=mm&r=g\",\"url\":\"https:\\\/\\\/secure.gravatar.com\\\/avatar\\\/eee448fc3f7164808013b816ba91ac7e43bbe82a70bebac296f8bc6f0addaa1a?s=96&d=mm&r=g\",\"contentUrl\":\"https:\\\/\\\/secure.gravatar.com\\\/avatar\\\/eee448fc3f7164808013b816ba91ac7e43bbe82a70bebac296f8bc6f0addaa1a?s=96&d=mm&r=g\",\"caption\":\"Edici\u00f3n Web\"},\"url\":\"https:\\\/\\\/canal7slp.tv\\\/2025\\\/author\\\/edicionweb\\\/\"}]}<\/script>\n<!-- \/ Yoast SEO plugin. -->","yoast_head_json":{"title":"Conmemoran en SLP el 215 aniversario de la Independencia de M\u00e9xico con desfile c\u00edvico-militar - Canal 7 SLP - 2025","robots":{"index":"index","follow":"follow","max-snippet":"max-snippet:-1","max-image-preview":"max-image-preview:large","max-video-preview":"max-video-preview:-1"},"canonical":"https:\/\/canal7slp.tv\/2025\/conmemoran-en-slp-el-215-aniversario-de-la-independencia-de-mexico-con-desfile-civico-militar\/","og_locale":"es_ES","og_type":"article","og_title":"Conmemoran en SLP el 215 aniversario de la Independencia de M\u00e9xico con desfile c\u00edvico-militar - Canal 7 SLP - 2025","og_description":"SLP.- San Luis Potos\u00ed celebr\u00f3 este 16 de septiembre el 215 aniversario de la Independencia de M\u00e9xico con un desfile c\u00edvico-militar que recorri\u00f3 parte de las principales calles del primer cuadro de la capital. Fueron cientos de ciudadanos los que se dieron cita desde temprana hora para presenciar la participaci\u00f3n de instituciones educativas, dependencias estatales, cuerpos de emergencia y asociaciones charras. El acto fue encabezado por el gobernador Ricardo Gallardo Cardona, acompa\u00f1ado de la senadora Ruth Gonz\u00e1lez Silva y funcionarios de su gabinete. Durante la ceremonia, se destac\u00f3 el ambiente de orden y respeto con el que se llev\u00f3 a [&hellip;]","og_url":"https:\/\/canal7slp.tv\/2025\/conmemoran-en-slp-el-215-aniversario-de-la-independencia-de-mexico-con-desfile-civico-militar\/","og_site_name":"Canal 7 SLP - 2025","article_publisher":"https:\/\/www.facebook.com\/noticieroscanal7atencionciudadana\/","article_published_time":"2025-09-16T23:53:30+00:00","og_image":[{"width":1280,"height":720,"url":"https:\/\/canal7slp.tv\/2025\/wp-content\/uploads\/2025\/09\/Vazquez01Desfile.jpg","type":"image\/jpeg"}],"author":"Edici\u00f3n Web","twitter_card":"summary_large_image","twitter_creator":"@NOTICIEROS7","twitter_site":"@NOTICIEROS7","twitter_misc":{"Escrito por":"Edici\u00f3n Web","Tiempo de lectura":"2 minutos"},"schema":{"@context":"https:\/\/schema.org","@graph":[{"@type":"Article","@id":"https:\/\/canal7slp.tv\/2025\/conmemoran-en-slp-el-215-aniversario-de-la-independencia-de-mexico-con-desfile-civico-militar\/#article","isPartOf":{"@id":"https:\/\/canal7slp.tv\/2025\/conmemoran-en-slp-el-215-aniversario-de-la-independencia-de-mexico-con-desfile-civico-militar\/"},"author":{"name":"Edici\u00f3n Web","@id":"https:\/\/canal7slp.tv\/2025\/#\/schema\/person\/271e2b60a96e7cc9d9ac296f4d7e414b"},"headline":"Conmemoran en SLP el 215 aniversario de la Independencia de M\u00e9xico con desfile c\u00edvico-militar","datePublished":"2025-09-16T23:53:30+00:00","mainEntityOfPage":{"@id":"https:\/\/canal7slp.tv\/2025\/conmemoran-en-slp-el-215-aniversario-de-la-independencia-de-mexico-con-desfile-civico-militar\/"},"wordCount":232,"publisher":{"@id":"https:\/\/canal7slp.tv\/2025\/#organization"},"image":{"@id":"https:\/\/canal7slp.tv\/2025\/conmemoran-en-slp-el-215-aniversario-de-la-independencia-de-mexico-con-desfile-civico-militar\/#primaryimage"},"thumbnailUrl":"https:\/\/canal7slp.tv\/2025\/wp-content\/uploads\/2025\/09\/Vazquez01Desfile.jpg","articleSection":["DESTACADAS","LOCALES Y REGIONALES"],"inLanguage":"es"},{"@type":"WebPage","@id":"https:\/\/canal7slp.tv\/2025\/conmemoran-en-slp-el-215-aniversario-de-la-independencia-de-mexico-con-desfile-civico-militar\/","url":"https:\/\/canal7slp.tv\/2025\/conmemoran-en-slp-el-215-aniversario-de-la-independencia-de-mexico-con-desfile-civico-militar\/","name":"Conmemoran en SLP el 215 aniversario de la Independencia de M\u00e9xico con desfile c\u00edvico-militar - Canal 7 SLP - 2025","isPartOf":{"@id":"https:\/\/canal7slp.tv\/2025\/#website"},"primaryImageOfPage":{"@id":"https:\/\/canal7slp.tv\/2025\/conmemoran-en-slp-el-215-aniversario-de-la-independencia-de-mexico-con-desfile-civico-militar\/#primaryimage"},"image":{"@id":"https:\/\/canal7slp.tv\/2025\/conmemoran-en-slp-el-215-aniversario-de-la-independencia-de-mexico-con-desfile-civico-militar\/#primaryimage"},"thumbnailUrl":"https:\/\/canal7slp.tv\/2025\/wp-content\/uploads\/2025\/09\/Vazquez01Desfile.jpg","datePublished":"2025-09-16T23:53:30+00:00","breadcrumb":{"@id":"https:\/\/canal7slp.tv\/2025\/conmemoran-en-slp-el-215-aniversario-de-la-independencia-de-mexico-con-desfile-civico-militar\/#breadcrumb"},"inLanguage":"es","potentialAction":[{"@type":"ReadAction","target":["https:\/\/canal7slp.tv\/2025\/conmemoran-en-slp-el-215-aniversario-de-la-independencia-de-mexico-con-desfile-civico-militar\/"]}]},{"@type":"ImageObject","inLanguage":"es","@id":"https:\/\/canal7slp.tv\/2025\/conmemoran-en-slp-el-215-aniversario-de-la-independencia-de-mexico-con-desfile-civico-militar\/#primaryimage","url":"https:\/\/canal7slp.tv\/2025\/wp-content\/uploads\/2025\/09\/Vazquez01Desfile.jpg","contentUrl":"https:\/\/canal7slp.tv\/2025\/wp-content\/uploads\/2025\/09\/Vazquez01Desfile.jpg","width":1280,"height":720},{"@type":"BreadcrumbList","@id":"https:\/\/canal7slp.tv\/2025\/conmemoran-en-slp-el-215-aniversario-de-la-independencia-de-mexico-con-desfile-civico-militar\/#breadcrumb","itemListElement":[{"@type":"ListItem","position":1,"name":"Portada","item":"https:\/\/canal7slp.tv\/2025\/"},{"@type":"ListItem","position":2,"name":"Conmemoran en SLP el 215 aniversario de la Independencia de M\u00e9xico con desfile c\u00edvico-militar"}]},{"@type":"WebSite","@id":"https:\/\/canal7slp.tv\/2025\/#website","url":"https:\/\/canal7slp.tv\/2025\/","name":"N7 - Noticieros Canal 7","description":"Somos el Medio","publisher":{"@id":"https:\/\/canal7slp.tv\/2025\/#organization"},"potentialAction":[{"@type":"SearchAction","target":{"@type":"EntryPoint","urlTemplate":"https:\/\/canal7slp.tv\/2025\/?s={search_term_string}"},"query-input":{"@type":"PropertyValueSpecification","valueRequired":true,"valueName":"search_term_string"}}],"inLanguage":"es"},{"@type":"Organization","@id":"https:\/\/canal7slp.tv\/2025\/#organization","name":"Noticieros Canal 7","url":"https:\/\/canal7slp.tv\/2025\/","logo":{"@type":"ImageObject","inLanguage":"es","@id":"https:\/\/canal7slp.tv\/2025\/#\/schema\/logo\/image\/","url":"https:\/\/canal7slp.tv\/2025\/wp-content\/uploads\/2021\/01\/logo-noticieros@2x.png","contentUrl":"https:\/\/canal7slp.tv\/2025\/wp-content\/uploads\/2021\/01\/logo-noticieros@2x.png","width":1017,"height":268,"caption":"Noticieros Canal 7"},"image":{"@id":"https:\/\/canal7slp.tv\/2025\/#\/schema\/logo\/image\/"},"sameAs":["https:\/\/www.facebook.com\/noticieroscanal7atencionciudadana\/","https:\/\/x.com\/NOTICIEROS7","https:\/\/www.instagram.com\/canal7_slp","https:\/\/www.youtube.com\/channel\/UCliiYs-gP3JfJeqdPrNdd5A"]},{"@type":"Person","@id":"https:\/\/canal7slp.tv\/2025\/#\/schema\/person\/271e2b60a96e7cc9d9ac296f4d7e414b","name":"Edici\u00f3n Web","image":{"@type":"ImageObject","inLanguage":"es","@id":"https:\/\/secure.gravatar.com\/avatar\/eee448fc3f7164808013b816ba91ac7e43bbe82a70bebac296f8bc6f0addaa1a?s=96&d=mm&r=g","url":"https:\/\/secure.gravatar.com\/avatar\/eee448fc3f7164808013b816ba91ac7e43bbe82a70bebac296f8bc6f0addaa1a?s=96&d=mm&r=g","contentUrl":"https:\/\/secure.gravatar.com\/avatar\/eee448fc3f7164808013b816ba91ac7e43bbe82a70bebac296f8bc6f0addaa1a?s=96&d=mm&r=g","caption":"Edici\u00f3n Web"},"url":"https:\/\/canal7slp.tv\/2025\/author\/edicionweb\/"}]}},"_links":{"self":[{"href":"https:\/\/canal7slp.tv\/2025\/wp-json\/wp\/v2\/posts\/179436","targetHints":{"allow":["GET"]}}],"collection":[{"href":"https:\/\/canal7slp.tv\/2025\/wp-json\/wp\/v2\/posts"}],"about":[{"href":"https:\/\/canal7slp.tv\/2025\/wp-json\/wp\/v2\/types\/post"}],"author":[{"embeddable":true,"href":"https:\/\/canal7slp.tv\/2025\/wp-json\/wp\/v2\/users\/2"}],"replies":[{"embeddable":true,"href":"https:\/\/canal7slp.tv\/2025\/wp-json\/wp\/v2\/comments?post=179436"}],"version-history":[{"count":1,"href":"https:\/\/canal7slp.tv\/2025\/wp-json\/wp\/v2\/posts\/179436\/revisions"}],"predecessor-version":[{"id":179439,"href":"https:\/\/canal7slp.tv\/2025\/wp-json\/wp\/v2\/posts\/179436\/revisions\/179439"}],"wp:featuredmedia":[{"embeddable":true,"href":"https:\/\/canal7slp.tv\/2025\/wp-json\/wp\/v2\/media\/179438"}],"wp:attachment":[{"href":"https:\/\/canal7slp.tv\/2025\/wp-json\/wp\/v2\/media?parent=179436"}],"wp:term":[{"taxonomy":"category","embeddable":true,"href":"https:\/\/canal7slp.tv\/2025\/wp-json\/wp\/v2\/categories?post=179436"},{"taxonomy":"post_tag","embeddable":true,"href":"https:\/\/canal7slp.tv\/2025\/wp-json\/wp\/v2\/tags?post=179436"}],"curies":[{"name":"wp","href":"https:\/\/api.w.org\/{rel}","templated":true}]}}