{"id":179433,"date":"2025-09-16T17:40:51","date_gmt":"2025-09-16T23:40:51","guid":{"rendered":"https:\/\/canal7slp.tv\/2025\/?p=179433"},"modified":"2025-09-16T17:40:51","modified_gmt":"2025-09-16T23:40:51","slug":"papa-leon-xiv-destituye-a-diacono-italiano-condenado-por-abuso-sexual-a-menores-en-primera-sancion-emblematica","status":"publish","type":"post","link":"https:\/\/canal7slp.tv\/2025\/papa-leon-xiv-destituye-a-diacono-italiano-condenado-por-abuso-sexual-a-menores-en-primera-sancion-emblematica\/","title":{"rendered":"Papa Le\u00f3n XIV destituye a di\u00e1cono italiano condenado por abuso sexual a menores en primera sanci\u00f3n emblem\u00e1tica\u00a0"},"content":{"rendered":"<p style=\"text-align: justify;\">\n<p style=\"text-align: justify;\">El Vaticano.- El Papa Le\u00f3n XIV decret\u00f3 la destituci\u00f3n del estado clerical del di\u00e1cono italiano Alessandro Frateschi, condenado a 12 a\u00f1os de prisi\u00f3n por abuso sexual contra cinco menores entre 2018 y 2023. La decisi\u00f3n, calificada como \u00abinapelable\u00bb, fue notificada al condenado en la prisi\u00f3n de Latina el 16 de septiembre.<\/p>\n<p style=\"text-align: justify;\">Esta constituye la primera sanci\u00f3n p\u00fablica del pont\u00edfice en materia de abusos sexuales desde su elecci\u00f3n en mayo de 2025. El caso fue procesado por la secci\u00f3n disciplinaria del Dicasterio para la Doctrina de la Fe y elevado directamente al Santo Padre para su resoluci\u00f3n definitiva.<\/p>\n<p style=\"text-align: justify;\">La medida implica la prohibici\u00f3n permanente de ejercer cualquier funci\u00f3n eclesi\u00e1stica, incluyendo la predicaci\u00f3n, ense\u00f1anza teol\u00f3gica y participaci\u00f3n en actividades parroquiales o seminarios. El pont\u00edfice hab\u00eda expresado previamente su solidaridad con las v\u00edctimas de abusos durante una oraci\u00f3n en la Bas\u00edlica de San Pedro, reconociendo que \u00abla violencia sufrida no puede borrarse\u00bb.<\/p>\n<p style=\"text-align: justify;\">El condenado, de 50 a\u00f1os, cometi\u00f3 los delitos mientras ejerc\u00eda como docente en una escuela secundaria de Latina, localidad ubicada 70 km al sur de Roma.<\/p>\n<p style=\"text-align: justify;\">\n","protected":false},"excerpt":{"rendered":"<p>El Vaticano.- El Papa Le\u00f3n XIV decret\u00f3 la destituci\u00f3n del estado clerical del di\u00e1cono italiano Alessandro Frateschi, condenado a 12 a\u00f1os de prisi\u00f3n por abuso sexual contra cinco menores entre 2018 y 2023. La decisi\u00f3n, calificada como \u00abinapelable\u00bb, fue notificada al condenado en la prisi\u00f3n de Latina el 16 de septiembre. Esta constituye la primera sanci\u00f3n p\u00fablica del pont\u00edfice en materia de abusos sexuales desde su elecci\u00f3n en mayo de 2025. El caso fue procesado por la secci\u00f3n disciplinaria del Dicasterio para la Doctrina de la Fe y elevado directamente al Santo Padre para su resoluci\u00f3n definitiva. La medida implica [&hellip;]<\/p>\n","protected":false},"author":2,"featured_media":179434,"comment_status":"closed","ping_status":"closed","sticky":false,"template":"","format":"standard","meta":{"_monsterinsights_skip_tracking":false,"_monsterinsights_sitenote_active":false,"_monsterinsights_sitenote_note":"","_monsterinsights_sitenote_category":0,"footnotes":""},"categories":[44],"tags":[],"class_list":["post-179433","post","type-post","status-publish","format-standard","has-post-thumbnail","hentry","category-internacional","post--single"],"yoast_head":"<!-- This site is optimized with the Yoast SEO plugin v27.5 - https:\/\/yoast.com\/product\/yoast-seo-wordpress\/ -->\n<title>Papa Le\u00f3n XIV destituye a di\u00e1cono italiano condenado por abuso sexual a menores en primera sanci\u00f3n emblem\u00e1tica\u00a0 - Canal 7 SLP - 2025<\/title>\n<meta name=\"robots\" content=\"index, follow, max-snippet:-1, max-image-preview:large, max-video-preview:-1\" \/>\n<link rel=\"canonical\" href=\"https:\/\/canal7slp.tv\/2025\/papa-leon-xiv-destituye-a-diacono-italiano-condenado-por-abuso-sexual-a-menores-en-primera-sancion-emblematica\/\" \/>\n<meta property=\"og:locale\" content=\"es_ES\" \/>\n<meta property=\"og:type\" content=\"article\" \/>\n<meta property=\"og:title\" content=\"Papa Le\u00f3n XIV destituye a di\u00e1cono italiano condenado por abuso sexual a menores en primera sanci\u00f3n emblem\u00e1tica\u00a0 - Canal 7 SLP - 2025\" \/>\n<meta property=\"og:description\" content=\"El Vaticano.- El Papa Le\u00f3n XIV decret\u00f3 la destituci\u00f3n del estado clerical del di\u00e1cono italiano Alessandro Frateschi, condenado a 12 a\u00f1os de prisi\u00f3n por abuso sexual contra cinco menores entre 2018 y 2023. La decisi\u00f3n, calificada como \u00abinapelable\u00bb, fue notificada al condenado en la prisi\u00f3n de Latina el 16 de septiembre. Esta constituye la primera sanci\u00f3n p\u00fablica del pont\u00edfice en materia de abusos sexuales desde su elecci\u00f3n en mayo de 2025. El caso fue procesado por la secci\u00f3n disciplinaria del Dicasterio para la Doctrina de la Fe y elevado directamente al Santo Padre para su resoluci\u00f3n definitiva. La medida implica [&hellip;]\" \/>\n<meta property=\"og:url\" content=\"https:\/\/canal7slp.tv\/2025\/papa-leon-xiv-destituye-a-diacono-italiano-condenado-por-abuso-sexual-a-menores-en-primera-sancion-emblematica\/\" \/>\n<meta property=\"og:site_name\" content=\"Canal 7 SLP - 2025\" \/>\n<meta property=\"article:publisher\" content=\"https:\/\/www.facebook.com\/noticieroscanal7atencionciudadana\/\" \/>\n<meta property=\"article:published_time\" content=\"2025-09-16T23:40:51+00:00\" \/>\n<meta property=\"og:image\" content=\"https:\/\/canal7slp.tv\/2025\/wp-content\/uploads\/2025\/09\/12-8.jpg\" \/>\n\t<meta property=\"og:image:width\" content=\"712\" \/>\n\t<meta property=\"og:image:height\" content=\"410\" \/>\n\t<meta property=\"og:image:type\" content=\"image\/jpeg\" \/>\n<meta name=\"author\" content=\"Edici\u00f3n Web\" \/>\n<meta name=\"twitter:card\" content=\"summary_large_image\" \/>\n<meta name=\"twitter:creator\" content=\"@NOTICIEROS7\" \/>\n<meta name=\"twitter:site\" content=\"@NOTICIEROS7\" \/>\n<meta name=\"twitter:label1\" content=\"Escrito por\" \/>\n\t<meta name=\"twitter:data1\" content=\"Edici\u00f3n Web\" \/>\n\t<meta name=\"twitter:label2\" content=\"Tiempo de lectura\" \/>\n\t<meta name=\"twitter:data2\" content=\"2 minutos\" \/>\n<script type=\"application\/ld+json\" class=\"yoast-schema-graph\">{\"@context\":\"https:\\\/\\\/schema.org\",\"@graph\":[{\"@type\":\"Article\",\"@id\":\"https:\\\/\\\/canal7slp.tv\\\/2025\\\/papa-leon-xiv-destituye-a-diacono-italiano-condenado-por-abuso-sexual-a-menores-en-primera-sancion-emblematica\\\/#article\",\"isPartOf\":{\"@id\":\"https:\\\/\\\/canal7slp.tv\\\/2025\\\/papa-leon-xiv-destituye-a-diacono-italiano-condenado-por-abuso-sexual-a-menores-en-primera-sancion-emblematica\\\/\"},\"author\":{\"name\":\"Edici\u00f3n Web\",\"@id\":\"https:\\\/\\\/canal7slp.tv\\\/2025\\\/#\\\/schema\\\/person\\\/271e2b60a96e7cc9d9ac296f4d7e414b\"},\"headline\":\"Papa Le\u00f3n XIV destituye a di\u00e1cono italiano condenado por abuso sexual a menores en primera sanci\u00f3n emblem\u00e1tica\u00a0\",\"datePublished\":\"2025-09-16T23:40:51+00:00\",\"mainEntityOfPage\":{\"@id\":\"https:\\\/\\\/canal7slp.tv\\\/2025\\\/papa-leon-xiv-destituye-a-diacono-italiano-condenado-por-abuso-sexual-a-menores-en-primera-sancion-emblematica\\\/\"},\"wordCount\":217,\"publisher\":{\"@id\":\"https:\\\/\\\/canal7slp.tv\\\/2025\\\/#organization\"},\"image\":{\"@id\":\"https:\\\/\\\/canal7slp.tv\\\/2025\\\/papa-leon-xiv-destituye-a-diacono-italiano-condenado-por-abuso-sexual-a-menores-en-primera-sancion-emblematica\\\/#primaryimage\"},\"thumbnailUrl\":\"https:\\\/\\\/canal7slp.tv\\\/2025\\\/wp-content\\\/uploads\\\/2025\\\/09\\\/12-8.jpg\",\"articleSection\":[\"INTERNACIONALES\"],\"inLanguage\":\"es\"},{\"@type\":\"WebPage\",\"@id\":\"https:\\\/\\\/canal7slp.tv\\\/2025\\\/papa-leon-xiv-destituye-a-diacono-italiano-condenado-por-abuso-sexual-a-menores-en-primera-sancion-emblematica\\\/\",\"url\":\"https:\\\/\\\/canal7slp.tv\\\/2025\\\/papa-leon-xiv-destituye-a-diacono-italiano-condenado-por-abuso-sexual-a-menores-en-primera-sancion-emblematica\\\/\",\"name\":\"Papa Le\u00f3n XIV destituye a di\u00e1cono italiano condenado por abuso sexual a menores en primera sanci\u00f3n emblem\u00e1tica\u00a0 - Canal 7 SLP - 2025\",\"isPartOf\":{\"@id\":\"https:\\\/\\\/canal7slp.tv\\\/2025\\\/#website\"},\"primaryImageOfPage\":{\"@id\":\"https:\\\/\\\/canal7slp.tv\\\/2025\\\/papa-leon-xiv-destituye-a-diacono-italiano-condenado-por-abuso-sexual-a-menores-en-primera-sancion-emblematica\\\/#primaryimage\"},\"image\":{\"@id\":\"https:\\\/\\\/canal7slp.tv\\\/2025\\\/papa-leon-xiv-destituye-a-diacono-italiano-condenado-por-abuso-sexual-a-menores-en-primera-sancion-emblematica\\\/#primaryimage\"},\"thumbnailUrl\":\"https:\\\/\\\/canal7slp.tv\\\/2025\\\/wp-content\\\/uploads\\\/2025\\\/09\\\/12-8.jpg\",\"datePublished\":\"2025-09-16T23:40:51+00:00\",\"breadcrumb\":{\"@id\":\"https:\\\/\\\/canal7slp.tv\\\/2025\\\/papa-leon-xiv-destituye-a-diacono-italiano-condenado-por-abuso-sexual-a-menores-en-primera-sancion-emblematica\\\/#breadcrumb\"},\"inLanguage\":\"es\",\"potentialAction\":[{\"@type\":\"ReadAction\",\"target\":[\"https:\\\/\\\/canal7slp.tv\\\/2025\\\/papa-leon-xiv-destituye-a-diacono-italiano-condenado-por-abuso-sexual-a-menores-en-primera-sancion-emblematica\\\/\"]}]},{\"@type\":\"ImageObject\",\"inLanguage\":\"es\",\"@id\":\"https:\\\/\\\/canal7slp.tv\\\/2025\\\/papa-leon-xiv-destituye-a-diacono-italiano-condenado-por-abuso-sexual-a-menores-en-primera-sancion-emblematica\\\/#primaryimage\",\"url\":\"https:\\\/\\\/canal7slp.tv\\\/2025\\\/wp-content\\\/uploads\\\/2025\\\/09\\\/12-8.jpg\",\"contentUrl\":\"https:\\\/\\\/canal7slp.tv\\\/2025\\\/wp-content\\\/uploads\\\/2025\\\/09\\\/12-8.jpg\",\"width\":712,\"height\":410},{\"@type\":\"BreadcrumbList\",\"@id\":\"https:\\\/\\\/canal7slp.tv\\\/2025\\\/papa-leon-xiv-destituye-a-diacono-italiano-condenado-por-abuso-sexual-a-menores-en-primera-sancion-emblematica\\\/#breadcrumb\",\"itemListElement\":[{\"@type\":\"ListItem\",\"position\":1,\"name\":\"Portada\",\"item\":\"https:\\\/\\\/canal7slp.tv\\\/2025\\\/\"},{\"@type\":\"ListItem\",\"position\":2,\"name\":\"Papa Le\u00f3n XIV destituye a di\u00e1cono italiano condenado por abuso sexual a menores en primera sanci\u00f3n emblem\u00e1tica\u00a0\"}]},{\"@type\":\"WebSite\",\"@id\":\"https:\\\/\\\/canal7slp.tv\\\/2025\\\/#website\",\"url\":\"https:\\\/\\\/canal7slp.tv\\\/2025\\\/\",\"name\":\"N7 - Noticieros Canal 7\",\"description\":\"Somos el Medio\",\"publisher\":{\"@id\":\"https:\\\/\\\/canal7slp.tv\\\/2025\\\/#organization\"},\"potentialAction\":[{\"@type\":\"SearchAction\",\"target\":{\"@type\":\"EntryPoint\",\"urlTemplate\":\"https:\\\/\\\/canal7slp.tv\\\/2025\\\/?s={search_term_string}\"},\"query-input\":{\"@type\":\"PropertyValueSpecification\",\"valueRequired\":true,\"valueName\":\"search_term_string\"}}],\"inLanguage\":\"es\"},{\"@type\":\"Organization\",\"@id\":\"https:\\\/\\\/canal7slp.tv\\\/2025\\\/#organization\",\"name\":\"Noticieros Canal 7\",\"url\":\"https:\\\/\\\/canal7slp.tv\\\/2025\\\/\",\"logo\":{\"@type\":\"ImageObject\",\"inLanguage\":\"es\",\"@id\":\"https:\\\/\\\/canal7slp.tv\\\/2025\\\/#\\\/schema\\\/logo\\\/image\\\/\",\"url\":\"https:\\\/\\\/canal7slp.tv\\\/2025\\\/wp-content\\\/uploads\\\/2021\\\/01\\\/logo-noticieros@2x.png\",\"contentUrl\":\"https:\\\/\\\/canal7slp.tv\\\/2025\\\/wp-content\\\/uploads\\\/2021\\\/01\\\/logo-noticieros@2x.png\",\"width\":1017,\"height\":268,\"caption\":\"Noticieros Canal 7\"},\"image\":{\"@id\":\"https:\\\/\\\/canal7slp.tv\\\/2025\\\/#\\\/schema\\\/logo\\\/image\\\/\"},\"sameAs\":[\"https:\\\/\\\/www.facebook.com\\\/noticieroscanal7atencionciudadana\\\/\",\"https:\\\/\\\/x.com\\\/NOTICIEROS7\",\"https:\\\/\\\/www.instagram.com\\\/canal7_slp\",\"https:\\\/\\\/www.youtube.com\\\/channel\\\/UCliiYs-gP3JfJeqdPrNdd5A\"]},{\"@type\":\"Person\",\"@id\":\"https:\\\/\\\/canal7slp.tv\\\/2025\\\/#\\\/schema\\\/person\\\/271e2b60a96e7cc9d9ac296f4d7e414b\",\"name\":\"Edici\u00f3n Web\",\"image\":{\"@type\":\"ImageObject\",\"inLanguage\":\"es\",\"@id\":\"https:\\\/\\\/secure.gravatar.com\\\/avatar\\\/eee448fc3f7164808013b816ba91ac7e43bbe82a70bebac296f8bc6f0addaa1a?s=96&d=mm&r=g\",\"url\":\"https:\\\/\\\/secure.gravatar.com\\\/avatar\\\/eee448fc3f7164808013b816ba91ac7e43bbe82a70bebac296f8bc6f0addaa1a?s=96&d=mm&r=g\",\"contentUrl\":\"https:\\\/\\\/secure.gravatar.com\\\/avatar\\\/eee448fc3f7164808013b816ba91ac7e43bbe82a70bebac296f8bc6f0addaa1a?s=96&d=mm&r=g\",\"caption\":\"Edici\u00f3n Web\"},\"url\":\"https:\\\/\\\/canal7slp.tv\\\/2025\\\/author\\\/edicionweb\\\/\"}]}<\/script>\n<!-- \/ Yoast SEO plugin. -->","yoast_head_json":{"title":"Papa Le\u00f3n XIV destituye a di\u00e1cono italiano condenado por abuso sexual a menores en primera sanci\u00f3n emblem\u00e1tica\u00a0 - Canal 7 SLP - 2025","robots":{"index":"index","follow":"follow","max-snippet":"max-snippet:-1","max-image-preview":"max-image-preview:large","max-video-preview":"max-video-preview:-1"},"canonical":"https:\/\/canal7slp.tv\/2025\/papa-leon-xiv-destituye-a-diacono-italiano-condenado-por-abuso-sexual-a-menores-en-primera-sancion-emblematica\/","og_locale":"es_ES","og_type":"article","og_title":"Papa Le\u00f3n XIV destituye a di\u00e1cono italiano condenado por abuso sexual a menores en primera sanci\u00f3n emblem\u00e1tica\u00a0 - Canal 7 SLP - 2025","og_description":"El Vaticano.- El Papa Le\u00f3n XIV decret\u00f3 la destituci\u00f3n del estado clerical del di\u00e1cono italiano Alessandro Frateschi, condenado a 12 a\u00f1os de prisi\u00f3n por abuso sexual contra cinco menores entre 2018 y 2023. La decisi\u00f3n, calificada como \u00abinapelable\u00bb, fue notificada al condenado en la prisi\u00f3n de Latina el 16 de septiembre. Esta constituye la primera sanci\u00f3n p\u00fablica del pont\u00edfice en materia de abusos sexuales desde su elecci\u00f3n en mayo de 2025. El caso fue procesado por la secci\u00f3n disciplinaria del Dicasterio para la Doctrina de la Fe y elevado directamente al Santo Padre para su resoluci\u00f3n definitiva. La medida implica [&hellip;]","og_url":"https:\/\/canal7slp.tv\/2025\/papa-leon-xiv-destituye-a-diacono-italiano-condenado-por-abuso-sexual-a-menores-en-primera-sancion-emblematica\/","og_site_name":"Canal 7 SLP - 2025","article_publisher":"https:\/\/www.facebook.com\/noticieroscanal7atencionciudadana\/","article_published_time":"2025-09-16T23:40:51+00:00","og_image":[{"width":712,"height":410,"url":"https:\/\/canal7slp.tv\/2025\/wp-content\/uploads\/2025\/09\/12-8.jpg","type":"image\/jpeg"}],"author":"Edici\u00f3n Web","twitter_card":"summary_large_image","twitter_creator":"@NOTICIEROS7","twitter_site":"@NOTICIEROS7","twitter_misc":{"Escrito por":"Edici\u00f3n Web","Tiempo de lectura":"2 minutos"},"schema":{"@context":"https:\/\/schema.org","@graph":[{"@type":"Article","@id":"https:\/\/canal7slp.tv\/2025\/papa-leon-xiv-destituye-a-diacono-italiano-condenado-por-abuso-sexual-a-menores-en-primera-sancion-emblematica\/#article","isPartOf":{"@id":"https:\/\/canal7slp.tv\/2025\/papa-leon-xiv-destituye-a-diacono-italiano-condenado-por-abuso-sexual-a-menores-en-primera-sancion-emblematica\/"},"author":{"name":"Edici\u00f3n Web","@id":"https:\/\/canal7slp.tv\/2025\/#\/schema\/person\/271e2b60a96e7cc9d9ac296f4d7e414b"},"headline":"Papa Le\u00f3n XIV destituye a di\u00e1cono italiano condenado por abuso sexual a menores en primera sanci\u00f3n emblem\u00e1tica\u00a0","datePublished":"2025-09-16T23:40:51+00:00","mainEntityOfPage":{"@id":"https:\/\/canal7slp.tv\/2025\/papa-leon-xiv-destituye-a-diacono-italiano-condenado-por-abuso-sexual-a-menores-en-primera-sancion-emblematica\/"},"wordCount":217,"publisher":{"@id":"https:\/\/canal7slp.tv\/2025\/#organization"},"image":{"@id":"https:\/\/canal7slp.tv\/2025\/papa-leon-xiv-destituye-a-diacono-italiano-condenado-por-abuso-sexual-a-menores-en-primera-sancion-emblematica\/#primaryimage"},"thumbnailUrl":"https:\/\/canal7slp.tv\/2025\/wp-content\/uploads\/2025\/09\/12-8.jpg","articleSection":["INTERNACIONALES"],"inLanguage":"es"},{"@type":"WebPage","@id":"https:\/\/canal7slp.tv\/2025\/papa-leon-xiv-destituye-a-diacono-italiano-condenado-por-abuso-sexual-a-menores-en-primera-sancion-emblematica\/","url":"https:\/\/canal7slp.tv\/2025\/papa-leon-xiv-destituye-a-diacono-italiano-condenado-por-abuso-sexual-a-menores-en-primera-sancion-emblematica\/","name":"Papa Le\u00f3n XIV destituye a di\u00e1cono italiano condenado por abuso sexual a menores en primera sanci\u00f3n emblem\u00e1tica\u00a0 - Canal 7 SLP - 2025","isPartOf":{"@id":"https:\/\/canal7slp.tv\/2025\/#website"},"primaryImageOfPage":{"@id":"https:\/\/canal7slp.tv\/2025\/papa-leon-xiv-destituye-a-diacono-italiano-condenado-por-abuso-sexual-a-menores-en-primera-sancion-emblematica\/#primaryimage"},"image":{"@id":"https:\/\/canal7slp.tv\/2025\/papa-leon-xiv-destituye-a-diacono-italiano-condenado-por-abuso-sexual-a-menores-en-primera-sancion-emblematica\/#primaryimage"},"thumbnailUrl":"https:\/\/canal7slp.tv\/2025\/wp-content\/uploads\/2025\/09\/12-8.jpg","datePublished":"2025-09-16T23:40:51+00:00","breadcrumb":{"@id":"https:\/\/canal7slp.tv\/2025\/papa-leon-xiv-destituye-a-diacono-italiano-condenado-por-abuso-sexual-a-menores-en-primera-sancion-emblematica\/#breadcrumb"},"inLanguage":"es","potentialAction":[{"@type":"ReadAction","target":["https:\/\/canal7slp.tv\/2025\/papa-leon-xiv-destituye-a-diacono-italiano-condenado-por-abuso-sexual-a-menores-en-primera-sancion-emblematica\/"]}]},{"@type":"ImageObject","inLanguage":"es","@id":"https:\/\/canal7slp.tv\/2025\/papa-leon-xiv-destituye-a-diacono-italiano-condenado-por-abuso-sexual-a-menores-en-primera-sancion-emblematica\/#primaryimage","url":"https:\/\/canal7slp.tv\/2025\/wp-content\/uploads\/2025\/09\/12-8.jpg","contentUrl":"https:\/\/canal7slp.tv\/2025\/wp-content\/uploads\/2025\/09\/12-8.jpg","width":712,"height":410},{"@type":"BreadcrumbList","@id":"https:\/\/canal7slp.tv\/2025\/papa-leon-xiv-destituye-a-diacono-italiano-condenado-por-abuso-sexual-a-menores-en-primera-sancion-emblematica\/#breadcrumb","itemListElement":[{"@type":"ListItem","position":1,"name":"Portada","item":"https:\/\/canal7slp.tv\/2025\/"},{"@type":"ListItem","position":2,"name":"Papa Le\u00f3n XIV destituye a di\u00e1cono italiano condenado por abuso sexual a menores en primera sanci\u00f3n emblem\u00e1tica\u00a0"}]},{"@type":"WebSite","@id":"https:\/\/canal7slp.tv\/2025\/#website","url":"https:\/\/canal7slp.tv\/2025\/","name":"N7 - Noticieros Canal 7","description":"Somos el Medio","publisher":{"@id":"https:\/\/canal7slp.tv\/2025\/#organization"},"potentialAction":[{"@type":"SearchAction","target":{"@type":"EntryPoint","urlTemplate":"https:\/\/canal7slp.tv\/2025\/?s={search_term_string}"},"query-input":{"@type":"PropertyValueSpecification","valueRequired":true,"valueName":"search_term_string"}}],"inLanguage":"es"},{"@type":"Organization","@id":"https:\/\/canal7slp.tv\/2025\/#organization","name":"Noticieros Canal 7","url":"https:\/\/canal7slp.tv\/2025\/","logo":{"@type":"ImageObject","inLanguage":"es","@id":"https:\/\/canal7slp.tv\/2025\/#\/schema\/logo\/image\/","url":"https:\/\/canal7slp.tv\/2025\/wp-content\/uploads\/2021\/01\/logo-noticieros@2x.png","contentUrl":"https:\/\/canal7slp.tv\/2025\/wp-content\/uploads\/2021\/01\/logo-noticieros@2x.png","width":1017,"height":268,"caption":"Noticieros Canal 7"},"image":{"@id":"https:\/\/canal7slp.tv\/2025\/#\/schema\/logo\/image\/"},"sameAs":["https:\/\/www.facebook.com\/noticieroscanal7atencionciudadana\/","https:\/\/x.com\/NOTICIEROS7","https:\/\/www.instagram.com\/canal7_slp","https:\/\/www.youtube.com\/channel\/UCliiYs-gP3JfJeqdPrNdd5A"]},{"@type":"Person","@id":"https:\/\/canal7slp.tv\/2025\/#\/schema\/person\/271e2b60a96e7cc9d9ac296f4d7e414b","name":"Edici\u00f3n Web","image":{"@type":"ImageObject","inLanguage":"es","@id":"https:\/\/secure.gravatar.com\/avatar\/eee448fc3f7164808013b816ba91ac7e43bbe82a70bebac296f8bc6f0addaa1a?s=96&d=mm&r=g","url":"https:\/\/secure.gravatar.com\/avatar\/eee448fc3f7164808013b816ba91ac7e43bbe82a70bebac296f8bc6f0addaa1a?s=96&d=mm&r=g","contentUrl":"https:\/\/secure.gravatar.com\/avatar\/eee448fc3f7164808013b816ba91ac7e43bbe82a70bebac296f8bc6f0addaa1a?s=96&d=mm&r=g","caption":"Edici\u00f3n Web"},"url":"https:\/\/canal7slp.tv\/2025\/author\/edicionweb\/"}]}},"_links":{"self":[{"href":"https:\/\/canal7slp.tv\/2025\/wp-json\/wp\/v2\/posts\/179433","targetHints":{"allow":["GET"]}}],"collection":[{"href":"https:\/\/canal7slp.tv\/2025\/wp-json\/wp\/v2\/posts"}],"about":[{"href":"https:\/\/canal7slp.tv\/2025\/wp-json\/wp\/v2\/types\/post"}],"author":[{"embeddable":true,"href":"https:\/\/canal7slp.tv\/2025\/wp-json\/wp\/v2\/users\/2"}],"replies":[{"embeddable":true,"href":"https:\/\/canal7slp.tv\/2025\/wp-json\/wp\/v2\/comments?post=179433"}],"version-history":[{"count":1,"href":"https:\/\/canal7slp.tv\/2025\/wp-json\/wp\/v2\/posts\/179433\/revisions"}],"predecessor-version":[{"id":179435,"href":"https:\/\/canal7slp.tv\/2025\/wp-json\/wp\/v2\/posts\/179433\/revisions\/179435"}],"wp:featuredmedia":[{"embeddable":true,"href":"https:\/\/canal7slp.tv\/2025\/wp-json\/wp\/v2\/media\/179434"}],"wp:attachment":[{"href":"https:\/\/canal7slp.tv\/2025\/wp-json\/wp\/v2\/media?parent=179433"}],"wp:term":[{"taxonomy":"category","embeddable":true,"href":"https:\/\/canal7slp.tv\/2025\/wp-json\/wp\/v2\/categories?post=179433"},{"taxonomy":"post_tag","embeddable":true,"href":"https:\/\/canal7slp.tv\/2025\/wp-json\/wp\/v2\/tags?post=179433"}],"curies":[{"name":"wp","href":"https:\/\/api.w.org\/{rel}","templated":true}]}}