{"id":179419,"date":"2025-09-16T17:06:15","date_gmt":"2025-09-16T23:06:15","guid":{"rendered":"https:\/\/canal7slp.tv\/2025\/?p=179419"},"modified":"2025-09-16T17:06:15","modified_gmt":"2025-09-16T23:06:15","slug":"insuficiente-el-crecimiento-en-la-economia-local-considera-el-presidente-de-coparmex","status":"publish","type":"post","link":"https:\/\/canal7slp.tv\/2025\/insuficiente-el-crecimiento-en-la-economia-local-considera-el-presidente-de-coparmex\/","title":{"rendered":"Insuficiente el crecimiento en la econom\u00eda local, considera el presidente de Coparmex"},"content":{"rendered":"<p style=\"text-align: justify;\"><span style=\"font-size: 1.21429rem;\">SLP.- Factores como la reforma judicial, baja inversi\u00f3n y la falta de infraestructura energ\u00e9tica frenan el desarrollo y crecimiento econ\u00f3mico, consider\u00f3 el presidente local de la Confederaci\u00f3n Patronal de la Rep\u00fablica Mexicana, Luis Gerardo Ortu\u00f1o.<\/span><\/p>\n<p style=\"text-align: justify;\">Adem\u00e1s, el empresario se\u00f1al\u00f3 que el crecimiento de un 2.5 por ciento de la econom\u00eda local es insuficiente, al estimar que para el 2026 las cosas podr\u00edan cambiar de manera positiva.<\/p>\n<p style=\"text-align: justify;\">Reiter\u00f3 que este porcentaje de crecimiento en las actividades econ\u00f3micas en el estado no es como para decir que se tiene un desarrollo econ\u00f3mico \u00f3ptimo.<\/p>\n<p style=\"text-align: justify;\">Asimismo, el presidente local de COPARMEX consider\u00f3 que otro factor que frena el desarrollo, es el comercio informal que sigue afectando a los negocios establecidos formalmente.<\/p>\n<p style=\"text-align: justify;\">Por: Claudio Ibarra<\/p>\n","protected":false},"excerpt":{"rendered":"<p>SLP.- Factores como la reforma judicial, baja inversi\u00f3n y la falta de infraestructura energ\u00e9tica frenan el desarrollo y crecimiento econ\u00f3mico, consider\u00f3 el presidente local de la Confederaci\u00f3n Patronal de la Rep\u00fablica Mexicana, Luis Gerardo Ortu\u00f1o. Adem\u00e1s, el empresario se\u00f1al\u00f3 que el crecimiento de un 2.5 por ciento de la econom\u00eda local es insuficiente, al estimar que para el 2026 las cosas podr\u00edan cambiar de manera positiva. Reiter\u00f3 que este porcentaje de crecimiento en las actividades econ\u00f3micas en el estado no es como para decir que se tiene un desarrollo econ\u00f3mico \u00f3ptimo. Asimismo, el presidente local de COPARMEX consider\u00f3 que otro [&hellip;]<\/p>\n","protected":false},"author":2,"featured_media":179421,"comment_status":"closed","ping_status":"closed","sticky":false,"template":"","format":"video","meta":{"_monsterinsights_skip_tracking":false,"_monsterinsights_sitenote_active":false,"_monsterinsights_sitenote_note":"","_monsterinsights_sitenote_category":0,"footnotes":""},"categories":[5,45],"tags":[],"class_list":["post-179419","post","type-post","status-publish","format-video","has-post-thumbnail","hentry","category-destacadas","category-localesyregionales","post_format-post-format-video","post--single"],"yoast_head":"<!-- This site is optimized with the Yoast SEO plugin v27.5 - https:\/\/yoast.com\/product\/yoast-seo-wordpress\/ -->\n<title>Insuficiente el crecimiento en la econom\u00eda local, considera el presidente de Coparmex - Canal 7 SLP - 2025<\/title>\n<meta name=\"robots\" content=\"index, follow, max-snippet:-1, max-image-preview:large, max-video-preview:-1\" \/>\n<link rel=\"canonical\" href=\"https:\/\/canal7slp.tv\/2025\/insuficiente-el-crecimiento-en-la-economia-local-considera-el-presidente-de-coparmex\/\" \/>\n<meta property=\"og:locale\" content=\"es_ES\" \/>\n<meta property=\"og:type\" content=\"article\" \/>\n<meta property=\"og:title\" content=\"Insuficiente el crecimiento en la econom\u00eda local, considera el presidente de Coparmex - Canal 7 SLP - 2025\" \/>\n<meta property=\"og:description\" content=\"SLP.- Factores como la reforma judicial, baja inversi\u00f3n y la falta de infraestructura energ\u00e9tica frenan el desarrollo y crecimiento econ\u00f3mico, consider\u00f3 el presidente local de la Confederaci\u00f3n Patronal de la Rep\u00fablica Mexicana, Luis Gerardo Ortu\u00f1o. Adem\u00e1s, el empresario se\u00f1al\u00f3 que el crecimiento de un 2.5 por ciento de la econom\u00eda local es insuficiente, al estimar que para el 2026 las cosas podr\u00edan cambiar de manera positiva. Reiter\u00f3 que este porcentaje de crecimiento en las actividades econ\u00f3micas en el estado no es como para decir que se tiene un desarrollo econ\u00f3mico \u00f3ptimo. Asimismo, el presidente local de COPARMEX consider\u00f3 que otro [&hellip;]\" \/>\n<meta property=\"og:url\" content=\"https:\/\/canal7slp.tv\/2025\/insuficiente-el-crecimiento-en-la-economia-local-considera-el-presidente-de-coparmex\/\" \/>\n<meta property=\"og:site_name\" content=\"Canal 7 SLP - 2025\" \/>\n<meta property=\"article:publisher\" content=\"https:\/\/www.facebook.com\/noticieroscanal7atencionciudadana\/\" \/>\n<meta property=\"article:published_time\" content=\"2025-09-16T23:06:15+00:00\" \/>\n<meta property=\"og:image\" content=\"https:\/\/canal7slp.tv\/2025\/wp-content\/uploads\/2025\/09\/Claudio03Crecimiento.jpg\" \/>\n\t<meta property=\"og:image:width\" content=\"1280\" \/>\n\t<meta property=\"og:image:height\" content=\"720\" \/>\n\t<meta property=\"og:image:type\" content=\"image\/jpeg\" \/>\n<meta name=\"author\" content=\"Edici\u00f3n Web\" \/>\n<meta name=\"twitter:card\" content=\"summary_large_image\" \/>\n<meta name=\"twitter:creator\" content=\"@NOTICIEROS7\" \/>\n<meta name=\"twitter:site\" content=\"@NOTICIEROS7\" \/>\n<meta name=\"twitter:label1\" content=\"Escrito por\" \/>\n\t<meta name=\"twitter:data1\" content=\"Edici\u00f3n Web\" \/>\n\t<meta name=\"twitter:label2\" content=\"Tiempo de lectura\" \/>\n\t<meta name=\"twitter:data2\" content=\"1 minuto\" \/>\n<script type=\"application\/ld+json\" class=\"yoast-schema-graph\">{\"@context\":\"https:\\\/\\\/schema.org\",\"@graph\":[{\"@type\":\"Article\",\"@id\":\"https:\\\/\\\/canal7slp.tv\\\/2025\\\/insuficiente-el-crecimiento-en-la-economia-local-considera-el-presidente-de-coparmex\\\/#article\",\"isPartOf\":{\"@id\":\"https:\\\/\\\/canal7slp.tv\\\/2025\\\/insuficiente-el-crecimiento-en-la-economia-local-considera-el-presidente-de-coparmex\\\/\"},\"author\":{\"name\":\"Edici\u00f3n Web\",\"@id\":\"https:\\\/\\\/canal7slp.tv\\\/2025\\\/#\\\/schema\\\/person\\\/271e2b60a96e7cc9d9ac296f4d7e414b\"},\"headline\":\"Insuficiente el crecimiento en la econom\u00eda local, considera el presidente de Coparmex\",\"datePublished\":\"2025-09-16T23:06:15+00:00\",\"mainEntityOfPage\":{\"@id\":\"https:\\\/\\\/canal7slp.tv\\\/2025\\\/insuficiente-el-crecimiento-en-la-economia-local-considera-el-presidente-de-coparmex\\\/\"},\"wordCount\":144,\"publisher\":{\"@id\":\"https:\\\/\\\/canal7slp.tv\\\/2025\\\/#organization\"},\"image\":{\"@id\":\"https:\\\/\\\/canal7slp.tv\\\/2025\\\/insuficiente-el-crecimiento-en-la-economia-local-considera-el-presidente-de-coparmex\\\/#primaryimage\"},\"thumbnailUrl\":\"https:\\\/\\\/canal7slp.tv\\\/2025\\\/wp-content\\\/uploads\\\/2025\\\/09\\\/Claudio03Crecimiento.jpg\",\"articleSection\":[\"DESTACADAS\",\"LOCALES Y REGIONALES\"],\"inLanguage\":\"es\"},{\"@type\":\"WebPage\",\"@id\":\"https:\\\/\\\/canal7slp.tv\\\/2025\\\/insuficiente-el-crecimiento-en-la-economia-local-considera-el-presidente-de-coparmex\\\/\",\"url\":\"https:\\\/\\\/canal7slp.tv\\\/2025\\\/insuficiente-el-crecimiento-en-la-economia-local-considera-el-presidente-de-coparmex\\\/\",\"name\":\"Insuficiente el crecimiento en la econom\u00eda local, considera el presidente de Coparmex - Canal 7 SLP - 2025\",\"isPartOf\":{\"@id\":\"https:\\\/\\\/canal7slp.tv\\\/2025\\\/#website\"},\"primaryImageOfPage\":{\"@id\":\"https:\\\/\\\/canal7slp.tv\\\/2025\\\/insuficiente-el-crecimiento-en-la-economia-local-considera-el-presidente-de-coparmex\\\/#primaryimage\"},\"image\":{\"@id\":\"https:\\\/\\\/canal7slp.tv\\\/2025\\\/insuficiente-el-crecimiento-en-la-economia-local-considera-el-presidente-de-coparmex\\\/#primaryimage\"},\"thumbnailUrl\":\"https:\\\/\\\/canal7slp.tv\\\/2025\\\/wp-content\\\/uploads\\\/2025\\\/09\\\/Claudio03Crecimiento.jpg\",\"datePublished\":\"2025-09-16T23:06:15+00:00\",\"breadcrumb\":{\"@id\":\"https:\\\/\\\/canal7slp.tv\\\/2025\\\/insuficiente-el-crecimiento-en-la-economia-local-considera-el-presidente-de-coparmex\\\/#breadcrumb\"},\"inLanguage\":\"es\",\"potentialAction\":[{\"@type\":\"ReadAction\",\"target\":[\"https:\\\/\\\/canal7slp.tv\\\/2025\\\/insuficiente-el-crecimiento-en-la-economia-local-considera-el-presidente-de-coparmex\\\/\"]}]},{\"@type\":\"ImageObject\",\"inLanguage\":\"es\",\"@id\":\"https:\\\/\\\/canal7slp.tv\\\/2025\\\/insuficiente-el-crecimiento-en-la-economia-local-considera-el-presidente-de-coparmex\\\/#primaryimage\",\"url\":\"https:\\\/\\\/canal7slp.tv\\\/2025\\\/wp-content\\\/uploads\\\/2025\\\/09\\\/Claudio03Crecimiento.jpg\",\"contentUrl\":\"https:\\\/\\\/canal7slp.tv\\\/2025\\\/wp-content\\\/uploads\\\/2025\\\/09\\\/Claudio03Crecimiento.jpg\",\"width\":1280,\"height\":720},{\"@type\":\"BreadcrumbList\",\"@id\":\"https:\\\/\\\/canal7slp.tv\\\/2025\\\/insuficiente-el-crecimiento-en-la-economia-local-considera-el-presidente-de-coparmex\\\/#breadcrumb\",\"itemListElement\":[{\"@type\":\"ListItem\",\"position\":1,\"name\":\"Portada\",\"item\":\"https:\\\/\\\/canal7slp.tv\\\/2025\\\/\"},{\"@type\":\"ListItem\",\"position\":2,\"name\":\"Insuficiente el crecimiento en la econom\u00eda local, considera el presidente de Coparmex\"}]},{\"@type\":\"WebSite\",\"@id\":\"https:\\\/\\\/canal7slp.tv\\\/2025\\\/#website\",\"url\":\"https:\\\/\\\/canal7slp.tv\\\/2025\\\/\",\"name\":\"N7 - Noticieros Canal 7\",\"description\":\"Somos el Medio\",\"publisher\":{\"@id\":\"https:\\\/\\\/canal7slp.tv\\\/2025\\\/#organization\"},\"potentialAction\":[{\"@type\":\"SearchAction\",\"target\":{\"@type\":\"EntryPoint\",\"urlTemplate\":\"https:\\\/\\\/canal7slp.tv\\\/2025\\\/?s={search_term_string}\"},\"query-input\":{\"@type\":\"PropertyValueSpecification\",\"valueRequired\":true,\"valueName\":\"search_term_string\"}}],\"inLanguage\":\"es\"},{\"@type\":\"Organization\",\"@id\":\"https:\\\/\\\/canal7slp.tv\\\/2025\\\/#organization\",\"name\":\"Noticieros Canal 7\",\"url\":\"https:\\\/\\\/canal7slp.tv\\\/2025\\\/\",\"logo\":{\"@type\":\"ImageObject\",\"inLanguage\":\"es\",\"@id\":\"https:\\\/\\\/canal7slp.tv\\\/2025\\\/#\\\/schema\\\/logo\\\/image\\\/\",\"url\":\"https:\\\/\\\/canal7slp.tv\\\/2025\\\/wp-content\\\/uploads\\\/2021\\\/01\\\/logo-noticieros@2x.png\",\"contentUrl\":\"https:\\\/\\\/canal7slp.tv\\\/2025\\\/wp-content\\\/uploads\\\/2021\\\/01\\\/logo-noticieros@2x.png\",\"width\":1017,\"height\":268,\"caption\":\"Noticieros Canal 7\"},\"image\":{\"@id\":\"https:\\\/\\\/canal7slp.tv\\\/2025\\\/#\\\/schema\\\/logo\\\/image\\\/\"},\"sameAs\":[\"https:\\\/\\\/www.facebook.com\\\/noticieroscanal7atencionciudadana\\\/\",\"https:\\\/\\\/x.com\\\/NOTICIEROS7\",\"https:\\\/\\\/www.instagram.com\\\/canal7_slp\",\"https:\\\/\\\/www.youtube.com\\\/channel\\\/UCliiYs-gP3JfJeqdPrNdd5A\"]},{\"@type\":\"Person\",\"@id\":\"https:\\\/\\\/canal7slp.tv\\\/2025\\\/#\\\/schema\\\/person\\\/271e2b60a96e7cc9d9ac296f4d7e414b\",\"name\":\"Edici\u00f3n Web\",\"image\":{\"@type\":\"ImageObject\",\"inLanguage\":\"es\",\"@id\":\"https:\\\/\\\/secure.gravatar.com\\\/avatar\\\/eee448fc3f7164808013b816ba91ac7e43bbe82a70bebac296f8bc6f0addaa1a?s=96&d=mm&r=g\",\"url\":\"https:\\\/\\\/secure.gravatar.com\\\/avatar\\\/eee448fc3f7164808013b816ba91ac7e43bbe82a70bebac296f8bc6f0addaa1a?s=96&d=mm&r=g\",\"contentUrl\":\"https:\\\/\\\/secure.gravatar.com\\\/avatar\\\/eee448fc3f7164808013b816ba91ac7e43bbe82a70bebac296f8bc6f0addaa1a?s=96&d=mm&r=g\",\"caption\":\"Edici\u00f3n Web\"},\"url\":\"https:\\\/\\\/canal7slp.tv\\\/2025\\\/author\\\/edicionweb\\\/\"}]}<\/script>\n<!-- \/ Yoast SEO plugin. -->","yoast_head_json":{"title":"Insuficiente el crecimiento en la econom\u00eda local, considera el presidente de Coparmex - Canal 7 SLP - 2025","robots":{"index":"index","follow":"follow","max-snippet":"max-snippet:-1","max-image-preview":"max-image-preview:large","max-video-preview":"max-video-preview:-1"},"canonical":"https:\/\/canal7slp.tv\/2025\/insuficiente-el-crecimiento-en-la-economia-local-considera-el-presidente-de-coparmex\/","og_locale":"es_ES","og_type":"article","og_title":"Insuficiente el crecimiento en la econom\u00eda local, considera el presidente de Coparmex - Canal 7 SLP - 2025","og_description":"SLP.- Factores como la reforma judicial, baja inversi\u00f3n y la falta de infraestructura energ\u00e9tica frenan el desarrollo y crecimiento econ\u00f3mico, consider\u00f3 el presidente local de la Confederaci\u00f3n Patronal de la Rep\u00fablica Mexicana, Luis Gerardo Ortu\u00f1o. Adem\u00e1s, el empresario se\u00f1al\u00f3 que el crecimiento de un 2.5 por ciento de la econom\u00eda local es insuficiente, al estimar que para el 2026 las cosas podr\u00edan cambiar de manera positiva. Reiter\u00f3 que este porcentaje de crecimiento en las actividades econ\u00f3micas en el estado no es como para decir que se tiene un desarrollo econ\u00f3mico \u00f3ptimo. Asimismo, el presidente local de COPARMEX consider\u00f3 que otro [&hellip;]","og_url":"https:\/\/canal7slp.tv\/2025\/insuficiente-el-crecimiento-en-la-economia-local-considera-el-presidente-de-coparmex\/","og_site_name":"Canal 7 SLP - 2025","article_publisher":"https:\/\/www.facebook.com\/noticieroscanal7atencionciudadana\/","article_published_time":"2025-09-16T23:06:15+00:00","og_image":[{"width":1280,"height":720,"url":"https:\/\/canal7slp.tv\/2025\/wp-content\/uploads\/2025\/09\/Claudio03Crecimiento.jpg","type":"image\/jpeg"}],"author":"Edici\u00f3n Web","twitter_card":"summary_large_image","twitter_creator":"@NOTICIEROS7","twitter_site":"@NOTICIEROS7","twitter_misc":{"Escrito por":"Edici\u00f3n Web","Tiempo de lectura":"1 minuto"},"schema":{"@context":"https:\/\/schema.org","@graph":[{"@type":"Article","@id":"https:\/\/canal7slp.tv\/2025\/insuficiente-el-crecimiento-en-la-economia-local-considera-el-presidente-de-coparmex\/#article","isPartOf":{"@id":"https:\/\/canal7slp.tv\/2025\/insuficiente-el-crecimiento-en-la-economia-local-considera-el-presidente-de-coparmex\/"},"author":{"name":"Edici\u00f3n Web","@id":"https:\/\/canal7slp.tv\/2025\/#\/schema\/person\/271e2b60a96e7cc9d9ac296f4d7e414b"},"headline":"Insuficiente el crecimiento en la econom\u00eda local, considera el presidente de Coparmex","datePublished":"2025-09-16T23:06:15+00:00","mainEntityOfPage":{"@id":"https:\/\/canal7slp.tv\/2025\/insuficiente-el-crecimiento-en-la-economia-local-considera-el-presidente-de-coparmex\/"},"wordCount":144,"publisher":{"@id":"https:\/\/canal7slp.tv\/2025\/#organization"},"image":{"@id":"https:\/\/canal7slp.tv\/2025\/insuficiente-el-crecimiento-en-la-economia-local-considera-el-presidente-de-coparmex\/#primaryimage"},"thumbnailUrl":"https:\/\/canal7slp.tv\/2025\/wp-content\/uploads\/2025\/09\/Claudio03Crecimiento.jpg","articleSection":["DESTACADAS","LOCALES Y REGIONALES"],"inLanguage":"es"},{"@type":"WebPage","@id":"https:\/\/canal7slp.tv\/2025\/insuficiente-el-crecimiento-en-la-economia-local-considera-el-presidente-de-coparmex\/","url":"https:\/\/canal7slp.tv\/2025\/insuficiente-el-crecimiento-en-la-economia-local-considera-el-presidente-de-coparmex\/","name":"Insuficiente el crecimiento en la econom\u00eda local, considera el presidente de Coparmex - Canal 7 SLP - 2025","isPartOf":{"@id":"https:\/\/canal7slp.tv\/2025\/#website"},"primaryImageOfPage":{"@id":"https:\/\/canal7slp.tv\/2025\/insuficiente-el-crecimiento-en-la-economia-local-considera-el-presidente-de-coparmex\/#primaryimage"},"image":{"@id":"https:\/\/canal7slp.tv\/2025\/insuficiente-el-crecimiento-en-la-economia-local-considera-el-presidente-de-coparmex\/#primaryimage"},"thumbnailUrl":"https:\/\/canal7slp.tv\/2025\/wp-content\/uploads\/2025\/09\/Claudio03Crecimiento.jpg","datePublished":"2025-09-16T23:06:15+00:00","breadcrumb":{"@id":"https:\/\/canal7slp.tv\/2025\/insuficiente-el-crecimiento-en-la-economia-local-considera-el-presidente-de-coparmex\/#breadcrumb"},"inLanguage":"es","potentialAction":[{"@type":"ReadAction","target":["https:\/\/canal7slp.tv\/2025\/insuficiente-el-crecimiento-en-la-economia-local-considera-el-presidente-de-coparmex\/"]}]},{"@type":"ImageObject","inLanguage":"es","@id":"https:\/\/canal7slp.tv\/2025\/insuficiente-el-crecimiento-en-la-economia-local-considera-el-presidente-de-coparmex\/#primaryimage","url":"https:\/\/canal7slp.tv\/2025\/wp-content\/uploads\/2025\/09\/Claudio03Crecimiento.jpg","contentUrl":"https:\/\/canal7slp.tv\/2025\/wp-content\/uploads\/2025\/09\/Claudio03Crecimiento.jpg","width":1280,"height":720},{"@type":"BreadcrumbList","@id":"https:\/\/canal7slp.tv\/2025\/insuficiente-el-crecimiento-en-la-economia-local-considera-el-presidente-de-coparmex\/#breadcrumb","itemListElement":[{"@type":"ListItem","position":1,"name":"Portada","item":"https:\/\/canal7slp.tv\/2025\/"},{"@type":"ListItem","position":2,"name":"Insuficiente el crecimiento en la econom\u00eda local, considera el presidente de Coparmex"}]},{"@type":"WebSite","@id":"https:\/\/canal7slp.tv\/2025\/#website","url":"https:\/\/canal7slp.tv\/2025\/","name":"N7 - Noticieros Canal 7","description":"Somos el Medio","publisher":{"@id":"https:\/\/canal7slp.tv\/2025\/#organization"},"potentialAction":[{"@type":"SearchAction","target":{"@type":"EntryPoint","urlTemplate":"https:\/\/canal7slp.tv\/2025\/?s={search_term_string}"},"query-input":{"@type":"PropertyValueSpecification","valueRequired":true,"valueName":"search_term_string"}}],"inLanguage":"es"},{"@type":"Organization","@id":"https:\/\/canal7slp.tv\/2025\/#organization","name":"Noticieros Canal 7","url":"https:\/\/canal7slp.tv\/2025\/","logo":{"@type":"ImageObject","inLanguage":"es","@id":"https:\/\/canal7slp.tv\/2025\/#\/schema\/logo\/image\/","url":"https:\/\/canal7slp.tv\/2025\/wp-content\/uploads\/2021\/01\/logo-noticieros@2x.png","contentUrl":"https:\/\/canal7slp.tv\/2025\/wp-content\/uploads\/2021\/01\/logo-noticieros@2x.png","width":1017,"height":268,"caption":"Noticieros Canal 7"},"image":{"@id":"https:\/\/canal7slp.tv\/2025\/#\/schema\/logo\/image\/"},"sameAs":["https:\/\/www.facebook.com\/noticieroscanal7atencionciudadana\/","https:\/\/x.com\/NOTICIEROS7","https:\/\/www.instagram.com\/canal7_slp","https:\/\/www.youtube.com\/channel\/UCliiYs-gP3JfJeqdPrNdd5A"]},{"@type":"Person","@id":"https:\/\/canal7slp.tv\/2025\/#\/schema\/person\/271e2b60a96e7cc9d9ac296f4d7e414b","name":"Edici\u00f3n Web","image":{"@type":"ImageObject","inLanguage":"es","@id":"https:\/\/secure.gravatar.com\/avatar\/eee448fc3f7164808013b816ba91ac7e43bbe82a70bebac296f8bc6f0addaa1a?s=96&d=mm&r=g","url":"https:\/\/secure.gravatar.com\/avatar\/eee448fc3f7164808013b816ba91ac7e43bbe82a70bebac296f8bc6f0addaa1a?s=96&d=mm&r=g","contentUrl":"https:\/\/secure.gravatar.com\/avatar\/eee448fc3f7164808013b816ba91ac7e43bbe82a70bebac296f8bc6f0addaa1a?s=96&d=mm&r=g","caption":"Edici\u00f3n Web"},"url":"https:\/\/canal7slp.tv\/2025\/author\/edicionweb\/"}]}},"_links":{"self":[{"href":"https:\/\/canal7slp.tv\/2025\/wp-json\/wp\/v2\/posts\/179419","targetHints":{"allow":["GET"]}}],"collection":[{"href":"https:\/\/canal7slp.tv\/2025\/wp-json\/wp\/v2\/posts"}],"about":[{"href":"https:\/\/canal7slp.tv\/2025\/wp-json\/wp\/v2\/types\/post"}],"author":[{"embeddable":true,"href":"https:\/\/canal7slp.tv\/2025\/wp-json\/wp\/v2\/users\/2"}],"replies":[{"embeddable":true,"href":"https:\/\/canal7slp.tv\/2025\/wp-json\/wp\/v2\/comments?post=179419"}],"version-history":[{"count":1,"href":"https:\/\/canal7slp.tv\/2025\/wp-json\/wp\/v2\/posts\/179419\/revisions"}],"predecessor-version":[{"id":179422,"href":"https:\/\/canal7slp.tv\/2025\/wp-json\/wp\/v2\/posts\/179419\/revisions\/179422"}],"wp:featuredmedia":[{"embeddable":true,"href":"https:\/\/canal7slp.tv\/2025\/wp-json\/wp\/v2\/media\/179421"}],"wp:attachment":[{"href":"https:\/\/canal7slp.tv\/2025\/wp-json\/wp\/v2\/media?parent=179419"}],"wp:term":[{"taxonomy":"category","embeddable":true,"href":"https:\/\/canal7slp.tv\/2025\/wp-json\/wp\/v2\/categories?post=179419"},{"taxonomy":"post_tag","embeddable":true,"href":"https:\/\/canal7slp.tv\/2025\/wp-json\/wp\/v2\/tags?post=179419"}],"curies":[{"name":"wp","href":"https:\/\/api.w.org\/{rel}","templated":true}]}}