{"id":179414,"date":"2025-09-16T16:50:29","date_gmt":"2025-09-16T22:50:29","guid":{"rendered":"https:\/\/canal7slp.tv\/2025\/?p=179414"},"modified":"2025-09-16T16:50:29","modified_gmt":"2025-09-16T22:50:29","slug":"un-gran-reto-enfrentan-nuevos-magistrados-del-poder-judicial-considera-el-alcalde-capitalino","status":"publish","type":"post","link":"https:\/\/canal7slp.tv\/2025\/un-gran-reto-enfrentan-nuevos-magistrados-del-poder-judicial-considera-el-alcalde-capitalino\/","title":{"rendered":"Un gran reto enfrentan nuevos magistrados del Poder Judicial, considera el alcalde capitalino"},"content":{"rendered":"<p style=\"text-align: justify;\"><span style=\"font-size: 1.21429rem;\">SLP.- Como abogado el alcalde capitalino Enrique Galindo Ceballo dijo confiar en la nueva magistratura del Supremo Tribunal de Justicia del Estado, quienes tomaron protesta este lunes 15 de Septiembre.<\/span><\/p>\n<p style=\"text-align: justify;\">El alcalde capitalino opin\u00f3 que los nuevos 15 magistrados del Supremo Tribunal de Justicia del Estado enfrentan un reto, al decir que tendr\u00e1n que adaptarse de manera inmediata al nuevo sistema que implic\u00f3 la reforma al Poder Judicial.<\/p>\n<p style=\"text-align: justify;\">En este sentido, se\u00f1al\u00f3 que la ciudadan\u00eda tiene altas expectativas en esta nueva magistratura al decir que deber\u00e1n responder con independencia y criterio s\u00f3lido, para emitir sentencias justas.<br \/>\nDijo tambi\u00e9n que al igual que en los juzgados federales magistrados, ministros y jueces ser\u00e1n observados en su actuar y San Luis Potos\u00ed, dijo, no ser\u00e1 la excepci\u00f3n.<\/p>\n<p style=\"text-align: justify;\">Por: Claudio Ibarra<\/p>\n","protected":false},"excerpt":{"rendered":"<p>SLP.- Como abogado el alcalde capitalino Enrique Galindo Ceballo dijo confiar en la nueva magistratura del Supremo Tribunal de Justicia del Estado, quienes tomaron protesta este lunes 15 de Septiembre. El alcalde capitalino opin\u00f3 que los nuevos 15 magistrados del Supremo Tribunal de Justicia del Estado enfrentan un reto, al decir que tendr\u00e1n que adaptarse de manera inmediata al nuevo sistema que implic\u00f3 la reforma al Poder Judicial. En este sentido, se\u00f1al\u00f3 que la ciudadan\u00eda tiene altas expectativas en esta nueva magistratura al decir que deber\u00e1n responder con independencia y criterio s\u00f3lido, para emitir sentencias justas. Dijo tambi\u00e9n que al [&hellip;]<\/p>\n","protected":false},"author":2,"featured_media":179416,"comment_status":"closed","ping_status":"closed","sticky":false,"template":"","format":"video","meta":{"_monsterinsights_skip_tracking":false,"_monsterinsights_sitenote_active":false,"_monsterinsights_sitenote_note":"","_monsterinsights_sitenote_category":0,"footnotes":""},"categories":[5,45],"tags":[],"class_list":["post-179414","post","type-post","status-publish","format-video","has-post-thumbnail","hentry","category-destacadas","category-localesyregionales","post_format-post-format-video","post--single"],"yoast_head":"<!-- This site is optimized with the Yoast SEO plugin v27.5 - https:\/\/yoast.com\/product\/yoast-seo-wordpress\/ -->\n<title>Un gran reto enfrentan nuevos magistrados del Poder Judicial, considera el alcalde capitalino - Canal 7 SLP - 2025<\/title>\n<meta name=\"robots\" content=\"index, follow, max-snippet:-1, max-image-preview:large, max-video-preview:-1\" \/>\n<link rel=\"canonical\" href=\"https:\/\/canal7slp.tv\/2025\/un-gran-reto-enfrentan-nuevos-magistrados-del-poder-judicial-considera-el-alcalde-capitalino\/\" \/>\n<meta property=\"og:locale\" content=\"es_ES\" \/>\n<meta property=\"og:type\" content=\"article\" \/>\n<meta property=\"og:title\" content=\"Un gran reto enfrentan nuevos magistrados del Poder Judicial, considera el alcalde capitalino - Canal 7 SLP - 2025\" \/>\n<meta property=\"og:description\" content=\"SLP.- Como abogado el alcalde capitalino Enrique Galindo Ceballo dijo confiar en la nueva magistratura del Supremo Tribunal de Justicia del Estado, quienes tomaron protesta este lunes 15 de Septiembre. El alcalde capitalino opin\u00f3 que los nuevos 15 magistrados del Supremo Tribunal de Justicia del Estado enfrentan un reto, al decir que tendr\u00e1n que adaptarse de manera inmediata al nuevo sistema que implic\u00f3 la reforma al Poder Judicial. En este sentido, se\u00f1al\u00f3 que la ciudadan\u00eda tiene altas expectativas en esta nueva magistratura al decir que deber\u00e1n responder con independencia y criterio s\u00f3lido, para emitir sentencias justas. Dijo tambi\u00e9n que al [&hellip;]\" \/>\n<meta property=\"og:url\" content=\"https:\/\/canal7slp.tv\/2025\/un-gran-reto-enfrentan-nuevos-magistrados-del-poder-judicial-considera-el-alcalde-capitalino\/\" \/>\n<meta property=\"og:site_name\" content=\"Canal 7 SLP - 2025\" \/>\n<meta property=\"article:publisher\" content=\"https:\/\/www.facebook.com\/noticieroscanal7atencionciudadana\/\" \/>\n<meta property=\"article:published_time\" content=\"2025-09-16T22:50:29+00:00\" \/>\n<meta property=\"og:image\" content=\"https:\/\/canal7slp.tv\/2025\/wp-content\/uploads\/2025\/09\/Claudio02Reto.jpg\" \/>\n\t<meta property=\"og:image:width\" content=\"1280\" \/>\n\t<meta property=\"og:image:height\" content=\"720\" \/>\n\t<meta property=\"og:image:type\" content=\"image\/jpeg\" \/>\n<meta name=\"author\" content=\"Edici\u00f3n Web\" \/>\n<meta name=\"twitter:card\" content=\"summary_large_image\" \/>\n<meta name=\"twitter:creator\" content=\"@NOTICIEROS7\" \/>\n<meta name=\"twitter:site\" content=\"@NOTICIEROS7\" \/>\n<meta name=\"twitter:label1\" content=\"Escrito por\" \/>\n\t<meta name=\"twitter:data1\" content=\"Edici\u00f3n Web\" \/>\n\t<meta name=\"twitter:label2\" content=\"Tiempo de lectura\" \/>\n\t<meta name=\"twitter:data2\" content=\"1 minuto\" \/>\n<script type=\"application\/ld+json\" class=\"yoast-schema-graph\">{\"@context\":\"https:\\\/\\\/schema.org\",\"@graph\":[{\"@type\":\"Article\",\"@id\":\"https:\\\/\\\/canal7slp.tv\\\/2025\\\/un-gran-reto-enfrentan-nuevos-magistrados-del-poder-judicial-considera-el-alcalde-capitalino\\\/#article\",\"isPartOf\":{\"@id\":\"https:\\\/\\\/canal7slp.tv\\\/2025\\\/un-gran-reto-enfrentan-nuevos-magistrados-del-poder-judicial-considera-el-alcalde-capitalino\\\/\"},\"author\":{\"name\":\"Edici\u00f3n Web\",\"@id\":\"https:\\\/\\\/canal7slp.tv\\\/2025\\\/#\\\/schema\\\/person\\\/271e2b60a96e7cc9d9ac296f4d7e414b\"},\"headline\":\"Un gran reto enfrentan nuevos magistrados del Poder Judicial, considera el alcalde capitalino\",\"datePublished\":\"2025-09-16T22:50:29+00:00\",\"mainEntityOfPage\":{\"@id\":\"https:\\\/\\\/canal7slp.tv\\\/2025\\\/un-gran-reto-enfrentan-nuevos-magistrados-del-poder-judicial-considera-el-alcalde-capitalino\\\/\"},\"wordCount\":147,\"publisher\":{\"@id\":\"https:\\\/\\\/canal7slp.tv\\\/2025\\\/#organization\"},\"image\":{\"@id\":\"https:\\\/\\\/canal7slp.tv\\\/2025\\\/un-gran-reto-enfrentan-nuevos-magistrados-del-poder-judicial-considera-el-alcalde-capitalino\\\/#primaryimage\"},\"thumbnailUrl\":\"https:\\\/\\\/canal7slp.tv\\\/2025\\\/wp-content\\\/uploads\\\/2025\\\/09\\\/Claudio02Reto.jpg\",\"articleSection\":[\"DESTACADAS\",\"LOCALES Y REGIONALES\"],\"inLanguage\":\"es\"},{\"@type\":\"WebPage\",\"@id\":\"https:\\\/\\\/canal7slp.tv\\\/2025\\\/un-gran-reto-enfrentan-nuevos-magistrados-del-poder-judicial-considera-el-alcalde-capitalino\\\/\",\"url\":\"https:\\\/\\\/canal7slp.tv\\\/2025\\\/un-gran-reto-enfrentan-nuevos-magistrados-del-poder-judicial-considera-el-alcalde-capitalino\\\/\",\"name\":\"Un gran reto enfrentan nuevos magistrados del Poder Judicial, considera el alcalde capitalino - Canal 7 SLP - 2025\",\"isPartOf\":{\"@id\":\"https:\\\/\\\/canal7slp.tv\\\/2025\\\/#website\"},\"primaryImageOfPage\":{\"@id\":\"https:\\\/\\\/canal7slp.tv\\\/2025\\\/un-gran-reto-enfrentan-nuevos-magistrados-del-poder-judicial-considera-el-alcalde-capitalino\\\/#primaryimage\"},\"image\":{\"@id\":\"https:\\\/\\\/canal7slp.tv\\\/2025\\\/un-gran-reto-enfrentan-nuevos-magistrados-del-poder-judicial-considera-el-alcalde-capitalino\\\/#primaryimage\"},\"thumbnailUrl\":\"https:\\\/\\\/canal7slp.tv\\\/2025\\\/wp-content\\\/uploads\\\/2025\\\/09\\\/Claudio02Reto.jpg\",\"datePublished\":\"2025-09-16T22:50:29+00:00\",\"breadcrumb\":{\"@id\":\"https:\\\/\\\/canal7slp.tv\\\/2025\\\/un-gran-reto-enfrentan-nuevos-magistrados-del-poder-judicial-considera-el-alcalde-capitalino\\\/#breadcrumb\"},\"inLanguage\":\"es\",\"potentialAction\":[{\"@type\":\"ReadAction\",\"target\":[\"https:\\\/\\\/canal7slp.tv\\\/2025\\\/un-gran-reto-enfrentan-nuevos-magistrados-del-poder-judicial-considera-el-alcalde-capitalino\\\/\"]}]},{\"@type\":\"ImageObject\",\"inLanguage\":\"es\",\"@id\":\"https:\\\/\\\/canal7slp.tv\\\/2025\\\/un-gran-reto-enfrentan-nuevos-magistrados-del-poder-judicial-considera-el-alcalde-capitalino\\\/#primaryimage\",\"url\":\"https:\\\/\\\/canal7slp.tv\\\/2025\\\/wp-content\\\/uploads\\\/2025\\\/09\\\/Claudio02Reto.jpg\",\"contentUrl\":\"https:\\\/\\\/canal7slp.tv\\\/2025\\\/wp-content\\\/uploads\\\/2025\\\/09\\\/Claudio02Reto.jpg\",\"width\":1280,\"height\":720},{\"@type\":\"BreadcrumbList\",\"@id\":\"https:\\\/\\\/canal7slp.tv\\\/2025\\\/un-gran-reto-enfrentan-nuevos-magistrados-del-poder-judicial-considera-el-alcalde-capitalino\\\/#breadcrumb\",\"itemListElement\":[{\"@type\":\"ListItem\",\"position\":1,\"name\":\"Portada\",\"item\":\"https:\\\/\\\/canal7slp.tv\\\/2025\\\/\"},{\"@type\":\"ListItem\",\"position\":2,\"name\":\"Un gran reto enfrentan nuevos magistrados del Poder Judicial, considera el alcalde capitalino\"}]},{\"@type\":\"WebSite\",\"@id\":\"https:\\\/\\\/canal7slp.tv\\\/2025\\\/#website\",\"url\":\"https:\\\/\\\/canal7slp.tv\\\/2025\\\/\",\"name\":\"N7 - Noticieros Canal 7\",\"description\":\"Somos el Medio\",\"publisher\":{\"@id\":\"https:\\\/\\\/canal7slp.tv\\\/2025\\\/#organization\"},\"potentialAction\":[{\"@type\":\"SearchAction\",\"target\":{\"@type\":\"EntryPoint\",\"urlTemplate\":\"https:\\\/\\\/canal7slp.tv\\\/2025\\\/?s={search_term_string}\"},\"query-input\":{\"@type\":\"PropertyValueSpecification\",\"valueRequired\":true,\"valueName\":\"search_term_string\"}}],\"inLanguage\":\"es\"},{\"@type\":\"Organization\",\"@id\":\"https:\\\/\\\/canal7slp.tv\\\/2025\\\/#organization\",\"name\":\"Noticieros Canal 7\",\"url\":\"https:\\\/\\\/canal7slp.tv\\\/2025\\\/\",\"logo\":{\"@type\":\"ImageObject\",\"inLanguage\":\"es\",\"@id\":\"https:\\\/\\\/canal7slp.tv\\\/2025\\\/#\\\/schema\\\/logo\\\/image\\\/\",\"url\":\"https:\\\/\\\/canal7slp.tv\\\/2025\\\/wp-content\\\/uploads\\\/2021\\\/01\\\/logo-noticieros@2x.png\",\"contentUrl\":\"https:\\\/\\\/canal7slp.tv\\\/2025\\\/wp-content\\\/uploads\\\/2021\\\/01\\\/logo-noticieros@2x.png\",\"width\":1017,\"height\":268,\"caption\":\"Noticieros Canal 7\"},\"image\":{\"@id\":\"https:\\\/\\\/canal7slp.tv\\\/2025\\\/#\\\/schema\\\/logo\\\/image\\\/\"},\"sameAs\":[\"https:\\\/\\\/www.facebook.com\\\/noticieroscanal7atencionciudadana\\\/\",\"https:\\\/\\\/x.com\\\/NOTICIEROS7\",\"https:\\\/\\\/www.instagram.com\\\/canal7_slp\",\"https:\\\/\\\/www.youtube.com\\\/channel\\\/UCliiYs-gP3JfJeqdPrNdd5A\"]},{\"@type\":\"Person\",\"@id\":\"https:\\\/\\\/canal7slp.tv\\\/2025\\\/#\\\/schema\\\/person\\\/271e2b60a96e7cc9d9ac296f4d7e414b\",\"name\":\"Edici\u00f3n Web\",\"image\":{\"@type\":\"ImageObject\",\"inLanguage\":\"es\",\"@id\":\"https:\\\/\\\/secure.gravatar.com\\\/avatar\\\/eee448fc3f7164808013b816ba91ac7e43bbe82a70bebac296f8bc6f0addaa1a?s=96&d=mm&r=g\",\"url\":\"https:\\\/\\\/secure.gravatar.com\\\/avatar\\\/eee448fc3f7164808013b816ba91ac7e43bbe82a70bebac296f8bc6f0addaa1a?s=96&d=mm&r=g\",\"contentUrl\":\"https:\\\/\\\/secure.gravatar.com\\\/avatar\\\/eee448fc3f7164808013b816ba91ac7e43bbe82a70bebac296f8bc6f0addaa1a?s=96&d=mm&r=g\",\"caption\":\"Edici\u00f3n Web\"},\"url\":\"https:\\\/\\\/canal7slp.tv\\\/2025\\\/author\\\/edicionweb\\\/\"}]}<\/script>\n<!-- \/ Yoast SEO plugin. -->","yoast_head_json":{"title":"Un gran reto enfrentan nuevos magistrados del Poder Judicial, considera el alcalde capitalino - Canal 7 SLP - 2025","robots":{"index":"index","follow":"follow","max-snippet":"max-snippet:-1","max-image-preview":"max-image-preview:large","max-video-preview":"max-video-preview:-1"},"canonical":"https:\/\/canal7slp.tv\/2025\/un-gran-reto-enfrentan-nuevos-magistrados-del-poder-judicial-considera-el-alcalde-capitalino\/","og_locale":"es_ES","og_type":"article","og_title":"Un gran reto enfrentan nuevos magistrados del Poder Judicial, considera el alcalde capitalino - Canal 7 SLP - 2025","og_description":"SLP.- Como abogado el alcalde capitalino Enrique Galindo Ceballo dijo confiar en la nueva magistratura del Supremo Tribunal de Justicia del Estado, quienes tomaron protesta este lunes 15 de Septiembre. El alcalde capitalino opin\u00f3 que los nuevos 15 magistrados del Supremo Tribunal de Justicia del Estado enfrentan un reto, al decir que tendr\u00e1n que adaptarse de manera inmediata al nuevo sistema que implic\u00f3 la reforma al Poder Judicial. En este sentido, se\u00f1al\u00f3 que la ciudadan\u00eda tiene altas expectativas en esta nueva magistratura al decir que deber\u00e1n responder con independencia y criterio s\u00f3lido, para emitir sentencias justas. Dijo tambi\u00e9n que al [&hellip;]","og_url":"https:\/\/canal7slp.tv\/2025\/un-gran-reto-enfrentan-nuevos-magistrados-del-poder-judicial-considera-el-alcalde-capitalino\/","og_site_name":"Canal 7 SLP - 2025","article_publisher":"https:\/\/www.facebook.com\/noticieroscanal7atencionciudadana\/","article_published_time":"2025-09-16T22:50:29+00:00","og_image":[{"width":1280,"height":720,"url":"https:\/\/canal7slp.tv\/2025\/wp-content\/uploads\/2025\/09\/Claudio02Reto.jpg","type":"image\/jpeg"}],"author":"Edici\u00f3n Web","twitter_card":"summary_large_image","twitter_creator":"@NOTICIEROS7","twitter_site":"@NOTICIEROS7","twitter_misc":{"Escrito por":"Edici\u00f3n Web","Tiempo de lectura":"1 minuto"},"schema":{"@context":"https:\/\/schema.org","@graph":[{"@type":"Article","@id":"https:\/\/canal7slp.tv\/2025\/un-gran-reto-enfrentan-nuevos-magistrados-del-poder-judicial-considera-el-alcalde-capitalino\/#article","isPartOf":{"@id":"https:\/\/canal7slp.tv\/2025\/un-gran-reto-enfrentan-nuevos-magistrados-del-poder-judicial-considera-el-alcalde-capitalino\/"},"author":{"name":"Edici\u00f3n Web","@id":"https:\/\/canal7slp.tv\/2025\/#\/schema\/person\/271e2b60a96e7cc9d9ac296f4d7e414b"},"headline":"Un gran reto enfrentan nuevos magistrados del Poder Judicial, considera el alcalde capitalino","datePublished":"2025-09-16T22:50:29+00:00","mainEntityOfPage":{"@id":"https:\/\/canal7slp.tv\/2025\/un-gran-reto-enfrentan-nuevos-magistrados-del-poder-judicial-considera-el-alcalde-capitalino\/"},"wordCount":147,"publisher":{"@id":"https:\/\/canal7slp.tv\/2025\/#organization"},"image":{"@id":"https:\/\/canal7slp.tv\/2025\/un-gran-reto-enfrentan-nuevos-magistrados-del-poder-judicial-considera-el-alcalde-capitalino\/#primaryimage"},"thumbnailUrl":"https:\/\/canal7slp.tv\/2025\/wp-content\/uploads\/2025\/09\/Claudio02Reto.jpg","articleSection":["DESTACADAS","LOCALES Y REGIONALES"],"inLanguage":"es"},{"@type":"WebPage","@id":"https:\/\/canal7slp.tv\/2025\/un-gran-reto-enfrentan-nuevos-magistrados-del-poder-judicial-considera-el-alcalde-capitalino\/","url":"https:\/\/canal7slp.tv\/2025\/un-gran-reto-enfrentan-nuevos-magistrados-del-poder-judicial-considera-el-alcalde-capitalino\/","name":"Un gran reto enfrentan nuevos magistrados del Poder Judicial, considera el alcalde capitalino - Canal 7 SLP - 2025","isPartOf":{"@id":"https:\/\/canal7slp.tv\/2025\/#website"},"primaryImageOfPage":{"@id":"https:\/\/canal7slp.tv\/2025\/un-gran-reto-enfrentan-nuevos-magistrados-del-poder-judicial-considera-el-alcalde-capitalino\/#primaryimage"},"image":{"@id":"https:\/\/canal7slp.tv\/2025\/un-gran-reto-enfrentan-nuevos-magistrados-del-poder-judicial-considera-el-alcalde-capitalino\/#primaryimage"},"thumbnailUrl":"https:\/\/canal7slp.tv\/2025\/wp-content\/uploads\/2025\/09\/Claudio02Reto.jpg","datePublished":"2025-09-16T22:50:29+00:00","breadcrumb":{"@id":"https:\/\/canal7slp.tv\/2025\/un-gran-reto-enfrentan-nuevos-magistrados-del-poder-judicial-considera-el-alcalde-capitalino\/#breadcrumb"},"inLanguage":"es","potentialAction":[{"@type":"ReadAction","target":["https:\/\/canal7slp.tv\/2025\/un-gran-reto-enfrentan-nuevos-magistrados-del-poder-judicial-considera-el-alcalde-capitalino\/"]}]},{"@type":"ImageObject","inLanguage":"es","@id":"https:\/\/canal7slp.tv\/2025\/un-gran-reto-enfrentan-nuevos-magistrados-del-poder-judicial-considera-el-alcalde-capitalino\/#primaryimage","url":"https:\/\/canal7slp.tv\/2025\/wp-content\/uploads\/2025\/09\/Claudio02Reto.jpg","contentUrl":"https:\/\/canal7slp.tv\/2025\/wp-content\/uploads\/2025\/09\/Claudio02Reto.jpg","width":1280,"height":720},{"@type":"BreadcrumbList","@id":"https:\/\/canal7slp.tv\/2025\/un-gran-reto-enfrentan-nuevos-magistrados-del-poder-judicial-considera-el-alcalde-capitalino\/#breadcrumb","itemListElement":[{"@type":"ListItem","position":1,"name":"Portada","item":"https:\/\/canal7slp.tv\/2025\/"},{"@type":"ListItem","position":2,"name":"Un gran reto enfrentan nuevos magistrados del Poder Judicial, considera el alcalde capitalino"}]},{"@type":"WebSite","@id":"https:\/\/canal7slp.tv\/2025\/#website","url":"https:\/\/canal7slp.tv\/2025\/","name":"N7 - Noticieros Canal 7","description":"Somos el Medio","publisher":{"@id":"https:\/\/canal7slp.tv\/2025\/#organization"},"potentialAction":[{"@type":"SearchAction","target":{"@type":"EntryPoint","urlTemplate":"https:\/\/canal7slp.tv\/2025\/?s={search_term_string}"},"query-input":{"@type":"PropertyValueSpecification","valueRequired":true,"valueName":"search_term_string"}}],"inLanguage":"es"},{"@type":"Organization","@id":"https:\/\/canal7slp.tv\/2025\/#organization","name":"Noticieros Canal 7","url":"https:\/\/canal7slp.tv\/2025\/","logo":{"@type":"ImageObject","inLanguage":"es","@id":"https:\/\/canal7slp.tv\/2025\/#\/schema\/logo\/image\/","url":"https:\/\/canal7slp.tv\/2025\/wp-content\/uploads\/2021\/01\/logo-noticieros@2x.png","contentUrl":"https:\/\/canal7slp.tv\/2025\/wp-content\/uploads\/2021\/01\/logo-noticieros@2x.png","width":1017,"height":268,"caption":"Noticieros Canal 7"},"image":{"@id":"https:\/\/canal7slp.tv\/2025\/#\/schema\/logo\/image\/"},"sameAs":["https:\/\/www.facebook.com\/noticieroscanal7atencionciudadana\/","https:\/\/x.com\/NOTICIEROS7","https:\/\/www.instagram.com\/canal7_slp","https:\/\/www.youtube.com\/channel\/UCliiYs-gP3JfJeqdPrNdd5A"]},{"@type":"Person","@id":"https:\/\/canal7slp.tv\/2025\/#\/schema\/person\/271e2b60a96e7cc9d9ac296f4d7e414b","name":"Edici\u00f3n Web","image":{"@type":"ImageObject","inLanguage":"es","@id":"https:\/\/secure.gravatar.com\/avatar\/eee448fc3f7164808013b816ba91ac7e43bbe82a70bebac296f8bc6f0addaa1a?s=96&d=mm&r=g","url":"https:\/\/secure.gravatar.com\/avatar\/eee448fc3f7164808013b816ba91ac7e43bbe82a70bebac296f8bc6f0addaa1a?s=96&d=mm&r=g","contentUrl":"https:\/\/secure.gravatar.com\/avatar\/eee448fc3f7164808013b816ba91ac7e43bbe82a70bebac296f8bc6f0addaa1a?s=96&d=mm&r=g","caption":"Edici\u00f3n Web"},"url":"https:\/\/canal7slp.tv\/2025\/author\/edicionweb\/"}]}},"_links":{"self":[{"href":"https:\/\/canal7slp.tv\/2025\/wp-json\/wp\/v2\/posts\/179414","targetHints":{"allow":["GET"]}}],"collection":[{"href":"https:\/\/canal7slp.tv\/2025\/wp-json\/wp\/v2\/posts"}],"about":[{"href":"https:\/\/canal7slp.tv\/2025\/wp-json\/wp\/v2\/types\/post"}],"author":[{"embeddable":true,"href":"https:\/\/canal7slp.tv\/2025\/wp-json\/wp\/v2\/users\/2"}],"replies":[{"embeddable":true,"href":"https:\/\/canal7slp.tv\/2025\/wp-json\/wp\/v2\/comments?post=179414"}],"version-history":[{"count":1,"href":"https:\/\/canal7slp.tv\/2025\/wp-json\/wp\/v2\/posts\/179414\/revisions"}],"predecessor-version":[{"id":179417,"href":"https:\/\/canal7slp.tv\/2025\/wp-json\/wp\/v2\/posts\/179414\/revisions\/179417"}],"wp:featuredmedia":[{"embeddable":true,"href":"https:\/\/canal7slp.tv\/2025\/wp-json\/wp\/v2\/media\/179416"}],"wp:attachment":[{"href":"https:\/\/canal7slp.tv\/2025\/wp-json\/wp\/v2\/media?parent=179414"}],"wp:term":[{"taxonomy":"category","embeddable":true,"href":"https:\/\/canal7slp.tv\/2025\/wp-json\/wp\/v2\/categories?post=179414"},{"taxonomy":"post_tag","embeddable":true,"href":"https:\/\/canal7slp.tv\/2025\/wp-json\/wp\/v2\/tags?post=179414"}],"curies":[{"name":"wp","href":"https:\/\/api.w.org\/{rel}","templated":true}]}}