{"id":179404,"date":"2025-09-16T16:01:05","date_gmt":"2025-09-16T22:01:05","guid":{"rendered":"https:\/\/canal7slp.tv\/2025\/?p=179404"},"modified":"2025-09-16T16:01:05","modified_gmt":"2025-09-16T22:01:05","slug":"aumenta-a-17-el-numero-de-fallecidos-por-explosion-de-pipa-de-gas-en-iztapalapa","status":"publish","type":"post","link":"https:\/\/canal7slp.tv\/2025\/aumenta-a-17-el-numero-de-fallecidos-por-explosion-de-pipa-de-gas-en-iztapalapa\/","title":{"rendered":"Aumenta a 17 el n\u00famero de fallecidos por explosi\u00f3n de pipa de gas en Iztapalapa"},"content":{"rendered":"<p style=\"text-align: justify;\">Ciudad de M\u00e9xico.- La Secretar\u00eda de Salud de la Ciudad de M\u00e9xico confirm\u00f3 que el saldo por la explosi\u00f3n de la pipa de gas LP en el Puente de la Concordia, Iztapalapa, aument\u00f3 a 17 personas fallecidas. Al corte de las 10:00 horas del 16 de septiembre, 31 personas han recibido el alta m\u00e9dica, mientras que 35 permanecen hospitalizadas.<\/p>\n<p style=\"text-align: justify;\">De acuerdo con el peritaje de la Fiscal\u00eda capitalina, el accidente \u2014ocurrido el pasado 10 de septiembre\u2014 fue causado por el exceso de velocidad y la falta de pericia del conductor de la empresa Silza. El informe t\u00e9cnico detalla que la unidad circulaba a 40 km\/h (l\u00edmite permitido en la zona) pero el operador perdi\u00f3 el control direccional al tomar una glorieta, sin que existieran obst\u00e1culos o defectos en el pavimento que justificaran el volcamiento.<\/p>\n<p style=\"text-align: justify;\">El conductor del tractocami\u00f3n, quien tambi\u00e9n result\u00f3 lesionado, sigue bajo cuidado m\u00e9dico. La empresa propietaria de la unidad mantiene comunicaci\u00f3n con las autoridades y se ha comprometido a cubrir los gastos derivados del incidente.<\/p>\n","protected":false},"excerpt":{"rendered":"<p>Ciudad de M\u00e9xico.- La Secretar\u00eda de Salud de la Ciudad de M\u00e9xico confirm\u00f3 que el saldo por la explosi\u00f3n de la pipa de gas LP en el Puente de la Concordia, Iztapalapa, aument\u00f3 a 17 personas fallecidas. Al corte de las 10:00 horas del 16 de septiembre, 31 personas han recibido el alta m\u00e9dica, mientras que 35 permanecen hospitalizadas. De acuerdo con el peritaje de la Fiscal\u00eda capitalina, el accidente \u2014ocurrido el pasado 10 de septiembre\u2014 fue causado por el exceso de velocidad y la falta de pericia del conductor de la empresa Silza. El informe t\u00e9cnico detalla que la [&hellip;]<\/p>\n","protected":false},"author":2,"featured_media":179405,"comment_status":"closed","ping_status":"closed","sticky":false,"template":"","format":"standard","meta":{"_monsterinsights_skip_tracking":false,"_monsterinsights_sitenote_active":false,"_monsterinsights_sitenote_note":"","_monsterinsights_sitenote_category":0,"footnotes":""},"categories":[46],"tags":[],"class_list":["post-179404","post","type-post","status-publish","format-standard","has-post-thumbnail","hentry","category-nacional","post--single"],"yoast_head":"<!-- This site is optimized with the Yoast SEO plugin v27.5 - https:\/\/yoast.com\/product\/yoast-seo-wordpress\/ -->\n<title>Aumenta a 17 el n\u00famero de fallecidos por explosi\u00f3n de pipa de gas en Iztapalapa - Canal 7 SLP - 2025<\/title>\n<meta name=\"robots\" content=\"index, follow, max-snippet:-1, max-image-preview:large, max-video-preview:-1\" \/>\n<link rel=\"canonical\" href=\"https:\/\/canal7slp.tv\/2025\/aumenta-a-17-el-numero-de-fallecidos-por-explosion-de-pipa-de-gas-en-iztapalapa\/\" \/>\n<meta property=\"og:locale\" content=\"es_ES\" \/>\n<meta property=\"og:type\" content=\"article\" \/>\n<meta property=\"og:title\" content=\"Aumenta a 17 el n\u00famero de fallecidos por explosi\u00f3n de pipa de gas en Iztapalapa - Canal 7 SLP - 2025\" \/>\n<meta property=\"og:description\" content=\"Ciudad de M\u00e9xico.- La Secretar\u00eda de Salud de la Ciudad de M\u00e9xico confirm\u00f3 que el saldo por la explosi\u00f3n de la pipa de gas LP en el Puente de la Concordia, Iztapalapa, aument\u00f3 a 17 personas fallecidas. Al corte de las 10:00 horas del 16 de septiembre, 31 personas han recibido el alta m\u00e9dica, mientras que 35 permanecen hospitalizadas. De acuerdo con el peritaje de la Fiscal\u00eda capitalina, el accidente \u2014ocurrido el pasado 10 de septiembre\u2014 fue causado por el exceso de velocidad y la falta de pericia del conductor de la empresa Silza. El informe t\u00e9cnico detalla que la [&hellip;]\" \/>\n<meta property=\"og:url\" content=\"https:\/\/canal7slp.tv\/2025\/aumenta-a-17-el-numero-de-fallecidos-por-explosion-de-pipa-de-gas-en-iztapalapa\/\" \/>\n<meta property=\"og:site_name\" content=\"Canal 7 SLP - 2025\" \/>\n<meta property=\"article:publisher\" content=\"https:\/\/www.facebook.com\/noticieroscanal7atencionciudadana\/\" \/>\n<meta property=\"article:published_time\" content=\"2025-09-16T22:01:05+00:00\" \/>\n<meta property=\"og:image\" content=\"https:\/\/canal7slp.tv\/2025\/wp-content\/uploads\/2025\/09\/08-14.jpg\" \/>\n\t<meta property=\"og:image:width\" content=\"615\" \/>\n\t<meta property=\"og:image:height\" content=\"410\" \/>\n\t<meta property=\"og:image:type\" content=\"image\/jpeg\" \/>\n<meta name=\"author\" content=\"Edici\u00f3n Web\" \/>\n<meta name=\"twitter:card\" content=\"summary_large_image\" \/>\n<meta name=\"twitter:creator\" content=\"@NOTICIEROS7\" \/>\n<meta name=\"twitter:site\" content=\"@NOTICIEROS7\" \/>\n<meta name=\"twitter:label1\" content=\"Escrito por\" \/>\n\t<meta name=\"twitter:data1\" content=\"Edici\u00f3n Web\" \/>\n\t<meta name=\"twitter:label2\" content=\"Tiempo de lectura\" \/>\n\t<meta name=\"twitter:data2\" content=\"1 minuto\" \/>\n<script type=\"application\/ld+json\" class=\"yoast-schema-graph\">{\"@context\":\"https:\\\/\\\/schema.org\",\"@graph\":[{\"@type\":\"Article\",\"@id\":\"https:\\\/\\\/canal7slp.tv\\\/2025\\\/aumenta-a-17-el-numero-de-fallecidos-por-explosion-de-pipa-de-gas-en-iztapalapa\\\/#article\",\"isPartOf\":{\"@id\":\"https:\\\/\\\/canal7slp.tv\\\/2025\\\/aumenta-a-17-el-numero-de-fallecidos-por-explosion-de-pipa-de-gas-en-iztapalapa\\\/\"},\"author\":{\"name\":\"Edici\u00f3n Web\",\"@id\":\"https:\\\/\\\/canal7slp.tv\\\/2025\\\/#\\\/schema\\\/person\\\/271e2b60a96e7cc9d9ac296f4d7e414b\"},\"headline\":\"Aumenta a 17 el n\u00famero de fallecidos por explosi\u00f3n de pipa de gas en Iztapalapa\",\"datePublished\":\"2025-09-16T22:01:05+00:00\",\"mainEntityOfPage\":{\"@id\":\"https:\\\/\\\/canal7slp.tv\\\/2025\\\/aumenta-a-17-el-numero-de-fallecidos-por-explosion-de-pipa-de-gas-en-iztapalapa\\\/\"},\"wordCount\":192,\"publisher\":{\"@id\":\"https:\\\/\\\/canal7slp.tv\\\/2025\\\/#organization\"},\"image\":{\"@id\":\"https:\\\/\\\/canal7slp.tv\\\/2025\\\/aumenta-a-17-el-numero-de-fallecidos-por-explosion-de-pipa-de-gas-en-iztapalapa\\\/#primaryimage\"},\"thumbnailUrl\":\"https:\\\/\\\/canal7slp.tv\\\/2025\\\/wp-content\\\/uploads\\\/2025\\\/09\\\/08-14.jpg\",\"articleSection\":[\"NACIONALES\"],\"inLanguage\":\"es\"},{\"@type\":\"WebPage\",\"@id\":\"https:\\\/\\\/canal7slp.tv\\\/2025\\\/aumenta-a-17-el-numero-de-fallecidos-por-explosion-de-pipa-de-gas-en-iztapalapa\\\/\",\"url\":\"https:\\\/\\\/canal7slp.tv\\\/2025\\\/aumenta-a-17-el-numero-de-fallecidos-por-explosion-de-pipa-de-gas-en-iztapalapa\\\/\",\"name\":\"Aumenta a 17 el n\u00famero de fallecidos por explosi\u00f3n de pipa de gas en Iztapalapa - Canal 7 SLP - 2025\",\"isPartOf\":{\"@id\":\"https:\\\/\\\/canal7slp.tv\\\/2025\\\/#website\"},\"primaryImageOfPage\":{\"@id\":\"https:\\\/\\\/canal7slp.tv\\\/2025\\\/aumenta-a-17-el-numero-de-fallecidos-por-explosion-de-pipa-de-gas-en-iztapalapa\\\/#primaryimage\"},\"image\":{\"@id\":\"https:\\\/\\\/canal7slp.tv\\\/2025\\\/aumenta-a-17-el-numero-de-fallecidos-por-explosion-de-pipa-de-gas-en-iztapalapa\\\/#primaryimage\"},\"thumbnailUrl\":\"https:\\\/\\\/canal7slp.tv\\\/2025\\\/wp-content\\\/uploads\\\/2025\\\/09\\\/08-14.jpg\",\"datePublished\":\"2025-09-16T22:01:05+00:00\",\"breadcrumb\":{\"@id\":\"https:\\\/\\\/canal7slp.tv\\\/2025\\\/aumenta-a-17-el-numero-de-fallecidos-por-explosion-de-pipa-de-gas-en-iztapalapa\\\/#breadcrumb\"},\"inLanguage\":\"es\",\"potentialAction\":[{\"@type\":\"ReadAction\",\"target\":[\"https:\\\/\\\/canal7slp.tv\\\/2025\\\/aumenta-a-17-el-numero-de-fallecidos-por-explosion-de-pipa-de-gas-en-iztapalapa\\\/\"]}]},{\"@type\":\"ImageObject\",\"inLanguage\":\"es\",\"@id\":\"https:\\\/\\\/canal7slp.tv\\\/2025\\\/aumenta-a-17-el-numero-de-fallecidos-por-explosion-de-pipa-de-gas-en-iztapalapa\\\/#primaryimage\",\"url\":\"https:\\\/\\\/canal7slp.tv\\\/2025\\\/wp-content\\\/uploads\\\/2025\\\/09\\\/08-14.jpg\",\"contentUrl\":\"https:\\\/\\\/canal7slp.tv\\\/2025\\\/wp-content\\\/uploads\\\/2025\\\/09\\\/08-14.jpg\",\"width\":615,\"height\":410},{\"@type\":\"BreadcrumbList\",\"@id\":\"https:\\\/\\\/canal7slp.tv\\\/2025\\\/aumenta-a-17-el-numero-de-fallecidos-por-explosion-de-pipa-de-gas-en-iztapalapa\\\/#breadcrumb\",\"itemListElement\":[{\"@type\":\"ListItem\",\"position\":1,\"name\":\"Portada\",\"item\":\"https:\\\/\\\/canal7slp.tv\\\/2025\\\/\"},{\"@type\":\"ListItem\",\"position\":2,\"name\":\"Aumenta a 17 el n\u00famero de fallecidos por explosi\u00f3n de pipa de gas en Iztapalapa\"}]},{\"@type\":\"WebSite\",\"@id\":\"https:\\\/\\\/canal7slp.tv\\\/2025\\\/#website\",\"url\":\"https:\\\/\\\/canal7slp.tv\\\/2025\\\/\",\"name\":\"N7 - Noticieros Canal 7\",\"description\":\"Somos el Medio\",\"publisher\":{\"@id\":\"https:\\\/\\\/canal7slp.tv\\\/2025\\\/#organization\"},\"potentialAction\":[{\"@type\":\"SearchAction\",\"target\":{\"@type\":\"EntryPoint\",\"urlTemplate\":\"https:\\\/\\\/canal7slp.tv\\\/2025\\\/?s={search_term_string}\"},\"query-input\":{\"@type\":\"PropertyValueSpecification\",\"valueRequired\":true,\"valueName\":\"search_term_string\"}}],\"inLanguage\":\"es\"},{\"@type\":\"Organization\",\"@id\":\"https:\\\/\\\/canal7slp.tv\\\/2025\\\/#organization\",\"name\":\"Noticieros Canal 7\",\"url\":\"https:\\\/\\\/canal7slp.tv\\\/2025\\\/\",\"logo\":{\"@type\":\"ImageObject\",\"inLanguage\":\"es\",\"@id\":\"https:\\\/\\\/canal7slp.tv\\\/2025\\\/#\\\/schema\\\/logo\\\/image\\\/\",\"url\":\"https:\\\/\\\/canal7slp.tv\\\/2025\\\/wp-content\\\/uploads\\\/2021\\\/01\\\/logo-noticieros@2x.png\",\"contentUrl\":\"https:\\\/\\\/canal7slp.tv\\\/2025\\\/wp-content\\\/uploads\\\/2021\\\/01\\\/logo-noticieros@2x.png\",\"width\":1017,\"height\":268,\"caption\":\"Noticieros Canal 7\"},\"image\":{\"@id\":\"https:\\\/\\\/canal7slp.tv\\\/2025\\\/#\\\/schema\\\/logo\\\/image\\\/\"},\"sameAs\":[\"https:\\\/\\\/www.facebook.com\\\/noticieroscanal7atencionciudadana\\\/\",\"https:\\\/\\\/x.com\\\/NOTICIEROS7\",\"https:\\\/\\\/www.instagram.com\\\/canal7_slp\",\"https:\\\/\\\/www.youtube.com\\\/channel\\\/UCliiYs-gP3JfJeqdPrNdd5A\"]},{\"@type\":\"Person\",\"@id\":\"https:\\\/\\\/canal7slp.tv\\\/2025\\\/#\\\/schema\\\/person\\\/271e2b60a96e7cc9d9ac296f4d7e414b\",\"name\":\"Edici\u00f3n Web\",\"image\":{\"@type\":\"ImageObject\",\"inLanguage\":\"es\",\"@id\":\"https:\\\/\\\/secure.gravatar.com\\\/avatar\\\/eee448fc3f7164808013b816ba91ac7e43bbe82a70bebac296f8bc6f0addaa1a?s=96&d=mm&r=g\",\"url\":\"https:\\\/\\\/secure.gravatar.com\\\/avatar\\\/eee448fc3f7164808013b816ba91ac7e43bbe82a70bebac296f8bc6f0addaa1a?s=96&d=mm&r=g\",\"contentUrl\":\"https:\\\/\\\/secure.gravatar.com\\\/avatar\\\/eee448fc3f7164808013b816ba91ac7e43bbe82a70bebac296f8bc6f0addaa1a?s=96&d=mm&r=g\",\"caption\":\"Edici\u00f3n Web\"},\"url\":\"https:\\\/\\\/canal7slp.tv\\\/2025\\\/author\\\/edicionweb\\\/\"}]}<\/script>\n<!-- \/ Yoast SEO plugin. -->","yoast_head_json":{"title":"Aumenta a 17 el n\u00famero de fallecidos por explosi\u00f3n de pipa de gas en Iztapalapa - Canal 7 SLP - 2025","robots":{"index":"index","follow":"follow","max-snippet":"max-snippet:-1","max-image-preview":"max-image-preview:large","max-video-preview":"max-video-preview:-1"},"canonical":"https:\/\/canal7slp.tv\/2025\/aumenta-a-17-el-numero-de-fallecidos-por-explosion-de-pipa-de-gas-en-iztapalapa\/","og_locale":"es_ES","og_type":"article","og_title":"Aumenta a 17 el n\u00famero de fallecidos por explosi\u00f3n de pipa de gas en Iztapalapa - Canal 7 SLP - 2025","og_description":"Ciudad de M\u00e9xico.- La Secretar\u00eda de Salud de la Ciudad de M\u00e9xico confirm\u00f3 que el saldo por la explosi\u00f3n de la pipa de gas LP en el Puente de la Concordia, Iztapalapa, aument\u00f3 a 17 personas fallecidas. Al corte de las 10:00 horas del 16 de septiembre, 31 personas han recibido el alta m\u00e9dica, mientras que 35 permanecen hospitalizadas. De acuerdo con el peritaje de la Fiscal\u00eda capitalina, el accidente \u2014ocurrido el pasado 10 de septiembre\u2014 fue causado por el exceso de velocidad y la falta de pericia del conductor de la empresa Silza. El informe t\u00e9cnico detalla que la [&hellip;]","og_url":"https:\/\/canal7slp.tv\/2025\/aumenta-a-17-el-numero-de-fallecidos-por-explosion-de-pipa-de-gas-en-iztapalapa\/","og_site_name":"Canal 7 SLP - 2025","article_publisher":"https:\/\/www.facebook.com\/noticieroscanal7atencionciudadana\/","article_published_time":"2025-09-16T22:01:05+00:00","og_image":[{"width":615,"height":410,"url":"https:\/\/canal7slp.tv\/2025\/wp-content\/uploads\/2025\/09\/08-14.jpg","type":"image\/jpeg"}],"author":"Edici\u00f3n Web","twitter_card":"summary_large_image","twitter_creator":"@NOTICIEROS7","twitter_site":"@NOTICIEROS7","twitter_misc":{"Escrito por":"Edici\u00f3n Web","Tiempo de lectura":"1 minuto"},"schema":{"@context":"https:\/\/schema.org","@graph":[{"@type":"Article","@id":"https:\/\/canal7slp.tv\/2025\/aumenta-a-17-el-numero-de-fallecidos-por-explosion-de-pipa-de-gas-en-iztapalapa\/#article","isPartOf":{"@id":"https:\/\/canal7slp.tv\/2025\/aumenta-a-17-el-numero-de-fallecidos-por-explosion-de-pipa-de-gas-en-iztapalapa\/"},"author":{"name":"Edici\u00f3n Web","@id":"https:\/\/canal7slp.tv\/2025\/#\/schema\/person\/271e2b60a96e7cc9d9ac296f4d7e414b"},"headline":"Aumenta a 17 el n\u00famero de fallecidos por explosi\u00f3n de pipa de gas en Iztapalapa","datePublished":"2025-09-16T22:01:05+00:00","mainEntityOfPage":{"@id":"https:\/\/canal7slp.tv\/2025\/aumenta-a-17-el-numero-de-fallecidos-por-explosion-de-pipa-de-gas-en-iztapalapa\/"},"wordCount":192,"publisher":{"@id":"https:\/\/canal7slp.tv\/2025\/#organization"},"image":{"@id":"https:\/\/canal7slp.tv\/2025\/aumenta-a-17-el-numero-de-fallecidos-por-explosion-de-pipa-de-gas-en-iztapalapa\/#primaryimage"},"thumbnailUrl":"https:\/\/canal7slp.tv\/2025\/wp-content\/uploads\/2025\/09\/08-14.jpg","articleSection":["NACIONALES"],"inLanguage":"es"},{"@type":"WebPage","@id":"https:\/\/canal7slp.tv\/2025\/aumenta-a-17-el-numero-de-fallecidos-por-explosion-de-pipa-de-gas-en-iztapalapa\/","url":"https:\/\/canal7slp.tv\/2025\/aumenta-a-17-el-numero-de-fallecidos-por-explosion-de-pipa-de-gas-en-iztapalapa\/","name":"Aumenta a 17 el n\u00famero de fallecidos por explosi\u00f3n de pipa de gas en Iztapalapa - Canal 7 SLP - 2025","isPartOf":{"@id":"https:\/\/canal7slp.tv\/2025\/#website"},"primaryImageOfPage":{"@id":"https:\/\/canal7slp.tv\/2025\/aumenta-a-17-el-numero-de-fallecidos-por-explosion-de-pipa-de-gas-en-iztapalapa\/#primaryimage"},"image":{"@id":"https:\/\/canal7slp.tv\/2025\/aumenta-a-17-el-numero-de-fallecidos-por-explosion-de-pipa-de-gas-en-iztapalapa\/#primaryimage"},"thumbnailUrl":"https:\/\/canal7slp.tv\/2025\/wp-content\/uploads\/2025\/09\/08-14.jpg","datePublished":"2025-09-16T22:01:05+00:00","breadcrumb":{"@id":"https:\/\/canal7slp.tv\/2025\/aumenta-a-17-el-numero-de-fallecidos-por-explosion-de-pipa-de-gas-en-iztapalapa\/#breadcrumb"},"inLanguage":"es","potentialAction":[{"@type":"ReadAction","target":["https:\/\/canal7slp.tv\/2025\/aumenta-a-17-el-numero-de-fallecidos-por-explosion-de-pipa-de-gas-en-iztapalapa\/"]}]},{"@type":"ImageObject","inLanguage":"es","@id":"https:\/\/canal7slp.tv\/2025\/aumenta-a-17-el-numero-de-fallecidos-por-explosion-de-pipa-de-gas-en-iztapalapa\/#primaryimage","url":"https:\/\/canal7slp.tv\/2025\/wp-content\/uploads\/2025\/09\/08-14.jpg","contentUrl":"https:\/\/canal7slp.tv\/2025\/wp-content\/uploads\/2025\/09\/08-14.jpg","width":615,"height":410},{"@type":"BreadcrumbList","@id":"https:\/\/canal7slp.tv\/2025\/aumenta-a-17-el-numero-de-fallecidos-por-explosion-de-pipa-de-gas-en-iztapalapa\/#breadcrumb","itemListElement":[{"@type":"ListItem","position":1,"name":"Portada","item":"https:\/\/canal7slp.tv\/2025\/"},{"@type":"ListItem","position":2,"name":"Aumenta a 17 el n\u00famero de fallecidos por explosi\u00f3n de pipa de gas en Iztapalapa"}]},{"@type":"WebSite","@id":"https:\/\/canal7slp.tv\/2025\/#website","url":"https:\/\/canal7slp.tv\/2025\/","name":"N7 - Noticieros Canal 7","description":"Somos el Medio","publisher":{"@id":"https:\/\/canal7slp.tv\/2025\/#organization"},"potentialAction":[{"@type":"SearchAction","target":{"@type":"EntryPoint","urlTemplate":"https:\/\/canal7slp.tv\/2025\/?s={search_term_string}"},"query-input":{"@type":"PropertyValueSpecification","valueRequired":true,"valueName":"search_term_string"}}],"inLanguage":"es"},{"@type":"Organization","@id":"https:\/\/canal7slp.tv\/2025\/#organization","name":"Noticieros Canal 7","url":"https:\/\/canal7slp.tv\/2025\/","logo":{"@type":"ImageObject","inLanguage":"es","@id":"https:\/\/canal7slp.tv\/2025\/#\/schema\/logo\/image\/","url":"https:\/\/canal7slp.tv\/2025\/wp-content\/uploads\/2021\/01\/logo-noticieros@2x.png","contentUrl":"https:\/\/canal7slp.tv\/2025\/wp-content\/uploads\/2021\/01\/logo-noticieros@2x.png","width":1017,"height":268,"caption":"Noticieros Canal 7"},"image":{"@id":"https:\/\/canal7slp.tv\/2025\/#\/schema\/logo\/image\/"},"sameAs":["https:\/\/www.facebook.com\/noticieroscanal7atencionciudadana\/","https:\/\/x.com\/NOTICIEROS7","https:\/\/www.instagram.com\/canal7_slp","https:\/\/www.youtube.com\/channel\/UCliiYs-gP3JfJeqdPrNdd5A"]},{"@type":"Person","@id":"https:\/\/canal7slp.tv\/2025\/#\/schema\/person\/271e2b60a96e7cc9d9ac296f4d7e414b","name":"Edici\u00f3n Web","image":{"@type":"ImageObject","inLanguage":"es","@id":"https:\/\/secure.gravatar.com\/avatar\/eee448fc3f7164808013b816ba91ac7e43bbe82a70bebac296f8bc6f0addaa1a?s=96&d=mm&r=g","url":"https:\/\/secure.gravatar.com\/avatar\/eee448fc3f7164808013b816ba91ac7e43bbe82a70bebac296f8bc6f0addaa1a?s=96&d=mm&r=g","contentUrl":"https:\/\/secure.gravatar.com\/avatar\/eee448fc3f7164808013b816ba91ac7e43bbe82a70bebac296f8bc6f0addaa1a?s=96&d=mm&r=g","caption":"Edici\u00f3n Web"},"url":"https:\/\/canal7slp.tv\/2025\/author\/edicionweb\/"}]}},"_links":{"self":[{"href":"https:\/\/canal7slp.tv\/2025\/wp-json\/wp\/v2\/posts\/179404","targetHints":{"allow":["GET"]}}],"collection":[{"href":"https:\/\/canal7slp.tv\/2025\/wp-json\/wp\/v2\/posts"}],"about":[{"href":"https:\/\/canal7slp.tv\/2025\/wp-json\/wp\/v2\/types\/post"}],"author":[{"embeddable":true,"href":"https:\/\/canal7slp.tv\/2025\/wp-json\/wp\/v2\/users\/2"}],"replies":[{"embeddable":true,"href":"https:\/\/canal7slp.tv\/2025\/wp-json\/wp\/v2\/comments?post=179404"}],"version-history":[{"count":1,"href":"https:\/\/canal7slp.tv\/2025\/wp-json\/wp\/v2\/posts\/179404\/revisions"}],"predecessor-version":[{"id":179406,"href":"https:\/\/canal7slp.tv\/2025\/wp-json\/wp\/v2\/posts\/179404\/revisions\/179406"}],"wp:featuredmedia":[{"embeddable":true,"href":"https:\/\/canal7slp.tv\/2025\/wp-json\/wp\/v2\/media\/179405"}],"wp:attachment":[{"href":"https:\/\/canal7slp.tv\/2025\/wp-json\/wp\/v2\/media?parent=179404"}],"wp:term":[{"taxonomy":"category","embeddable":true,"href":"https:\/\/canal7slp.tv\/2025\/wp-json\/wp\/v2\/categories?post=179404"},{"taxonomy":"post_tag","embeddable":true,"href":"https:\/\/canal7slp.tv\/2025\/wp-json\/wp\/v2\/tags?post=179404"}],"curies":[{"name":"wp","href":"https:\/\/api.w.org\/{rel}","templated":true}]}}