{"id":179382,"date":"2025-09-16T15:09:49","date_gmt":"2025-09-16T21:09:49","guid":{"rendered":"https:\/\/canal7slp.tv\/2025\/?p=179382"},"modified":"2025-09-16T15:11:18","modified_gmt":"2025-09-16T21:11:18","slug":"en-marcha-en-la-capital-potosina-la-copa-internacional-azteca-futbol-5-para-ciegos-2025","status":"publish","type":"post","link":"https:\/\/canal7slp.tv\/2025\/en-marcha-en-la-capital-potosina-la-copa-internacional-azteca-futbol-5-para-ciegos-2025\/","title":{"rendered":"En marcha en la capital potosina la Copa Internacional Azteca Futbol 5 Para Ciegos 2025"},"content":{"rendered":"<p style=\"text-align: justify;\">SLP.- Con la presencia del alcalde de la capital potosina Enrique Galindo Ceballos, la Presidenta del Sistema Municipal DIF de San Luis Potos\u00ed la Mtra. Estela Arriaga, el Secretario de la Federaci\u00f3n Mexicana de Deportes para Ciegos y D\u00e9biles Visuales Pablo Jes\u00fas Mill\u00e1n Mat\u00edas y el presidente de la Federaci\u00f3n Mexicana de Deportes para Ciegos y D\u00e9biles Visuales Efra\u00edn Mora fue inaugurada la Copa Internacional Azteca.<\/p>\n<p style=\"text-align: justify;\">Futbol 5 Para Ciegos 2025, la cual se desarrollar\u00e1 del 15 al 20 de septiembre en la unidad Centro de Desarrollo Comunitario Sim\u00f3n D\u00edaz.<\/p>\n<p style=\"text-align: justify;\">Cabe destacar que en esta copa tienen participaci\u00f3n las selecciones de Brasil, Estados Unidos, Chile, Per\u00fa y M\u00e9xico en sus categor\u00edas Mayor y Juvenil.<\/p>\n<p style=\"text-align: justify;\">Fue la Presidenta del Sistema Municipal DIF de San Luis Potos\u00ed Estela Arriaga quien dio la bienvenida a todos los jugadores y cuerpo t\u00e9cnicos que participan en la copa.<\/p>\n<p style=\"text-align: justify;\">El presidente de la Federaci\u00f3n Mexicana de Deportes para Ciegos y D\u00e9biles Visuales Efra\u00edn Mora Garc\u00eda agradeci\u00f3 las facilidades brindadas por parte de la capital potosina para poder realizar la Copa Internacional Azteca Futbol 5 Para Ciegos 2025.<\/p>\n<p style=\"text-align: justify;\">El juramento deportivo estuvo a cargo del jugador Seleccionado Nacional Francisco Javier Rangel Monreal.<\/p>\n<p style=\"text-align: justify;\">As\u00ed mismo el juramento arbitral estuvo a cargo de Jos\u00e9 Alfredo Mart\u00ednez Ibarra, Arbitro Internacional por International Blind Sport Association.<\/p>\n<p style=\"text-align: justify;\">Finalmente fue el alcalde de la capital potosina Enrique Galindo Ceballos el encargado de la declaratoria inaugural.<\/p>\n<p style=\"text-align: justify;\">Por otra parte en la primera jornada de la Copa Internacional Azteca Futbol 5 Para Ciegos se dieron los siguientes resultados , Brasil le gana 2 a 1 a Chile , mientras que en la categor\u00eda juvenil Per\u00fa se impuso 3 a 0 sobre M\u00e9xico, en la categor\u00eda mayor M\u00e9xico le gana 3 a 1 a los estados Unidos.<\/p>\n","protected":false},"excerpt":{"rendered":"<p>SLP.- Con la presencia del alcalde de la capital potosina Enrique Galindo Ceballos, la Presidenta del Sistema Municipal DIF de San Luis Potos\u00ed la Mtra. Estela Arriaga, el Secretario de la Federaci\u00f3n Mexicana de Deportes para Ciegos y D\u00e9biles Visuales Pablo Jes\u00fas Mill\u00e1n Mat\u00edas y el presidente de la Federaci\u00f3n Mexicana de Deportes para Ciegos y D\u00e9biles Visuales Efra\u00edn Mora fue inaugurada la Copa Internacional Azteca. Futbol 5 Para Ciegos 2025, la cual se desarrollar\u00e1 del 15 al 20 de septiembre en la unidad Centro de Desarrollo Comunitario Sim\u00f3n D\u00edaz. Cabe destacar que en esta copa tienen participaci\u00f3n las selecciones [&hellip;]<\/p>\n","protected":false},"author":2,"featured_media":179384,"comment_status":"closed","ping_status":"closed","sticky":false,"template":"","format":"video","meta":{"_monsterinsights_skip_tracking":false,"_monsterinsights_sitenote_active":false,"_monsterinsights_sitenote_note":"","_monsterinsights_sitenote_category":0,"footnotes":""},"categories":[66,7,5],"tags":[],"class_list":["post-179382","post","type-post","status-publish","format-video","has-post-thumbnail","hentry","category-ayoslp","category-deportes","category-destacadas","post_format-post-format-video","post--single"],"yoast_head":"<!-- This site is optimized with the Yoast SEO plugin v27.5 - https:\/\/yoast.com\/product\/yoast-seo-wordpress\/ -->\n<title>En marcha en la capital potosina la Copa Internacional Azteca Futbol 5 Para Ciegos 2025 - Canal 7 SLP - 2025<\/title>\n<meta name=\"robots\" content=\"index, follow, max-snippet:-1, max-image-preview:large, max-video-preview:-1\" \/>\n<link rel=\"canonical\" href=\"https:\/\/canal7slp.tv\/2025\/en-marcha-en-la-capital-potosina-la-copa-internacional-azteca-futbol-5-para-ciegos-2025\/\" \/>\n<meta property=\"og:locale\" content=\"es_ES\" \/>\n<meta property=\"og:type\" content=\"article\" \/>\n<meta property=\"og:title\" content=\"En marcha en la capital potosina la Copa Internacional Azteca Futbol 5 Para Ciegos 2025 - Canal 7 SLP - 2025\" \/>\n<meta property=\"og:description\" content=\"SLP.- Con la presencia del alcalde de la capital potosina Enrique Galindo Ceballos, la Presidenta del Sistema Municipal DIF de San Luis Potos\u00ed la Mtra. Estela Arriaga, el Secretario de la Federaci\u00f3n Mexicana de Deportes para Ciegos y D\u00e9biles Visuales Pablo Jes\u00fas Mill\u00e1n Mat\u00edas y el presidente de la Federaci\u00f3n Mexicana de Deportes para Ciegos y D\u00e9biles Visuales Efra\u00edn Mora fue inaugurada la Copa Internacional Azteca. Futbol 5 Para Ciegos 2025, la cual se desarrollar\u00e1 del 15 al 20 de septiembre en la unidad Centro de Desarrollo Comunitario Sim\u00f3n D\u00edaz. Cabe destacar que en esta copa tienen participaci\u00f3n las selecciones [&hellip;]\" \/>\n<meta property=\"og:url\" content=\"https:\/\/canal7slp.tv\/2025\/en-marcha-en-la-capital-potosina-la-copa-internacional-azteca-futbol-5-para-ciegos-2025\/\" \/>\n<meta property=\"og:site_name\" content=\"Canal 7 SLP - 2025\" \/>\n<meta property=\"article:publisher\" content=\"https:\/\/www.facebook.com\/noticieroscanal7atencionciudadana\/\" \/>\n<meta property=\"article:published_time\" content=\"2025-09-16T21:09:49+00:00\" \/>\n<meta property=\"article:modified_time\" content=\"2025-09-16T21:11:18+00:00\" \/>\n<meta property=\"og:image\" content=\"https:\/\/canal7slp.tv\/2025\/wp-content\/uploads\/2025\/09\/Froi01Fut5.jpg\" \/>\n\t<meta property=\"og:image:width\" content=\"1280\" \/>\n\t<meta property=\"og:image:height\" content=\"720\" \/>\n\t<meta property=\"og:image:type\" content=\"image\/jpeg\" \/>\n<meta name=\"author\" content=\"Edici\u00f3n Web\" \/>\n<meta name=\"twitter:card\" content=\"summary_large_image\" \/>\n<meta name=\"twitter:creator\" content=\"@NOTICIEROS7\" \/>\n<meta name=\"twitter:site\" content=\"@NOTICIEROS7\" \/>\n<meta name=\"twitter:label1\" content=\"Escrito por\" \/>\n\t<meta name=\"twitter:data1\" content=\"Edici\u00f3n Web\" \/>\n\t<meta name=\"twitter:label2\" content=\"Tiempo de lectura\" \/>\n\t<meta name=\"twitter:data2\" content=\"2 minutos\" \/>\n<script type=\"application\/ld+json\" class=\"yoast-schema-graph\">{\"@context\":\"https:\\\/\\\/schema.org\",\"@graph\":[{\"@type\":\"Article\",\"@id\":\"https:\\\/\\\/canal7slp.tv\\\/2025\\\/en-marcha-en-la-capital-potosina-la-copa-internacional-azteca-futbol-5-para-ciegos-2025\\\/#article\",\"isPartOf\":{\"@id\":\"https:\\\/\\\/canal7slp.tv\\\/2025\\\/en-marcha-en-la-capital-potosina-la-copa-internacional-azteca-futbol-5-para-ciegos-2025\\\/\"},\"author\":{\"name\":\"Edici\u00f3n Web\",\"@id\":\"https:\\\/\\\/canal7slp.tv\\\/2025\\\/#\\\/schema\\\/person\\\/271e2b60a96e7cc9d9ac296f4d7e414b\"},\"headline\":\"En marcha en la capital potosina la Copa Internacional Azteca Futbol 5 Para Ciegos 2025\",\"datePublished\":\"2025-09-16T21:09:49+00:00\",\"dateModified\":\"2025-09-16T21:11:18+00:00\",\"mainEntityOfPage\":{\"@id\":\"https:\\\/\\\/canal7slp.tv\\\/2025\\\/en-marcha-en-la-capital-potosina-la-copa-internacional-azteca-futbol-5-para-ciegos-2025\\\/\"},\"wordCount\":313,\"publisher\":{\"@id\":\"https:\\\/\\\/canal7slp.tv\\\/2025\\\/#organization\"},\"image\":{\"@id\":\"https:\\\/\\\/canal7slp.tv\\\/2025\\\/en-marcha-en-la-capital-potosina-la-copa-internacional-azteca-futbol-5-para-ciegos-2025\\\/#primaryimage\"},\"thumbnailUrl\":\"https:\\\/\\\/canal7slp.tv\\\/2025\\\/wp-content\\\/uploads\\\/2025\\\/09\\\/Froi01Fut5.jpg\",\"articleSection\":[\"AYOSLP\",\"DEPORTES\",\"DESTACADAS\"],\"inLanguage\":\"es\"},{\"@type\":\"WebPage\",\"@id\":\"https:\\\/\\\/canal7slp.tv\\\/2025\\\/en-marcha-en-la-capital-potosina-la-copa-internacional-azteca-futbol-5-para-ciegos-2025\\\/\",\"url\":\"https:\\\/\\\/canal7slp.tv\\\/2025\\\/en-marcha-en-la-capital-potosina-la-copa-internacional-azteca-futbol-5-para-ciegos-2025\\\/\",\"name\":\"En marcha en la capital potosina la Copa Internacional Azteca Futbol 5 Para Ciegos 2025 - Canal 7 SLP - 2025\",\"isPartOf\":{\"@id\":\"https:\\\/\\\/canal7slp.tv\\\/2025\\\/#website\"},\"primaryImageOfPage\":{\"@id\":\"https:\\\/\\\/canal7slp.tv\\\/2025\\\/en-marcha-en-la-capital-potosina-la-copa-internacional-azteca-futbol-5-para-ciegos-2025\\\/#primaryimage\"},\"image\":{\"@id\":\"https:\\\/\\\/canal7slp.tv\\\/2025\\\/en-marcha-en-la-capital-potosina-la-copa-internacional-azteca-futbol-5-para-ciegos-2025\\\/#primaryimage\"},\"thumbnailUrl\":\"https:\\\/\\\/canal7slp.tv\\\/2025\\\/wp-content\\\/uploads\\\/2025\\\/09\\\/Froi01Fut5.jpg\",\"datePublished\":\"2025-09-16T21:09:49+00:00\",\"dateModified\":\"2025-09-16T21:11:18+00:00\",\"breadcrumb\":{\"@id\":\"https:\\\/\\\/canal7slp.tv\\\/2025\\\/en-marcha-en-la-capital-potosina-la-copa-internacional-azteca-futbol-5-para-ciegos-2025\\\/#breadcrumb\"},\"inLanguage\":\"es\",\"potentialAction\":[{\"@type\":\"ReadAction\",\"target\":[\"https:\\\/\\\/canal7slp.tv\\\/2025\\\/en-marcha-en-la-capital-potosina-la-copa-internacional-azteca-futbol-5-para-ciegos-2025\\\/\"]}]},{\"@type\":\"ImageObject\",\"inLanguage\":\"es\",\"@id\":\"https:\\\/\\\/canal7slp.tv\\\/2025\\\/en-marcha-en-la-capital-potosina-la-copa-internacional-azteca-futbol-5-para-ciegos-2025\\\/#primaryimage\",\"url\":\"https:\\\/\\\/canal7slp.tv\\\/2025\\\/wp-content\\\/uploads\\\/2025\\\/09\\\/Froi01Fut5.jpg\",\"contentUrl\":\"https:\\\/\\\/canal7slp.tv\\\/2025\\\/wp-content\\\/uploads\\\/2025\\\/09\\\/Froi01Fut5.jpg\",\"width\":1280,\"height\":720},{\"@type\":\"BreadcrumbList\",\"@id\":\"https:\\\/\\\/canal7slp.tv\\\/2025\\\/en-marcha-en-la-capital-potosina-la-copa-internacional-azteca-futbol-5-para-ciegos-2025\\\/#breadcrumb\",\"itemListElement\":[{\"@type\":\"ListItem\",\"position\":1,\"name\":\"Portada\",\"item\":\"https:\\\/\\\/canal7slp.tv\\\/2025\\\/\"},{\"@type\":\"ListItem\",\"position\":2,\"name\":\"En marcha en la capital potosina la Copa Internacional Azteca Futbol 5 Para Ciegos 2025\"}]},{\"@type\":\"WebSite\",\"@id\":\"https:\\\/\\\/canal7slp.tv\\\/2025\\\/#website\",\"url\":\"https:\\\/\\\/canal7slp.tv\\\/2025\\\/\",\"name\":\"N7 - Noticieros Canal 7\",\"description\":\"Somos el Medio\",\"publisher\":{\"@id\":\"https:\\\/\\\/canal7slp.tv\\\/2025\\\/#organization\"},\"potentialAction\":[{\"@type\":\"SearchAction\",\"target\":{\"@type\":\"EntryPoint\",\"urlTemplate\":\"https:\\\/\\\/canal7slp.tv\\\/2025\\\/?s={search_term_string}\"},\"query-input\":{\"@type\":\"PropertyValueSpecification\",\"valueRequired\":true,\"valueName\":\"search_term_string\"}}],\"inLanguage\":\"es\"},{\"@type\":\"Organization\",\"@id\":\"https:\\\/\\\/canal7slp.tv\\\/2025\\\/#organization\",\"name\":\"Noticieros Canal 7\",\"url\":\"https:\\\/\\\/canal7slp.tv\\\/2025\\\/\",\"logo\":{\"@type\":\"ImageObject\",\"inLanguage\":\"es\",\"@id\":\"https:\\\/\\\/canal7slp.tv\\\/2025\\\/#\\\/schema\\\/logo\\\/image\\\/\",\"url\":\"https:\\\/\\\/canal7slp.tv\\\/2025\\\/wp-content\\\/uploads\\\/2021\\\/01\\\/logo-noticieros@2x.png\",\"contentUrl\":\"https:\\\/\\\/canal7slp.tv\\\/2025\\\/wp-content\\\/uploads\\\/2021\\\/01\\\/logo-noticieros@2x.png\",\"width\":1017,\"height\":268,\"caption\":\"Noticieros Canal 7\"},\"image\":{\"@id\":\"https:\\\/\\\/canal7slp.tv\\\/2025\\\/#\\\/schema\\\/logo\\\/image\\\/\"},\"sameAs\":[\"https:\\\/\\\/www.facebook.com\\\/noticieroscanal7atencionciudadana\\\/\",\"https:\\\/\\\/x.com\\\/NOTICIEROS7\",\"https:\\\/\\\/www.instagram.com\\\/canal7_slp\",\"https:\\\/\\\/www.youtube.com\\\/channel\\\/UCliiYs-gP3JfJeqdPrNdd5A\"]},{\"@type\":\"Person\",\"@id\":\"https:\\\/\\\/canal7slp.tv\\\/2025\\\/#\\\/schema\\\/person\\\/271e2b60a96e7cc9d9ac296f4d7e414b\",\"name\":\"Edici\u00f3n Web\",\"image\":{\"@type\":\"ImageObject\",\"inLanguage\":\"es\",\"@id\":\"https:\\\/\\\/secure.gravatar.com\\\/avatar\\\/eee448fc3f7164808013b816ba91ac7e43bbe82a70bebac296f8bc6f0addaa1a?s=96&d=mm&r=g\",\"url\":\"https:\\\/\\\/secure.gravatar.com\\\/avatar\\\/eee448fc3f7164808013b816ba91ac7e43bbe82a70bebac296f8bc6f0addaa1a?s=96&d=mm&r=g\",\"contentUrl\":\"https:\\\/\\\/secure.gravatar.com\\\/avatar\\\/eee448fc3f7164808013b816ba91ac7e43bbe82a70bebac296f8bc6f0addaa1a?s=96&d=mm&r=g\",\"caption\":\"Edici\u00f3n Web\"},\"url\":\"https:\\\/\\\/canal7slp.tv\\\/2025\\\/author\\\/edicionweb\\\/\"}]}<\/script>\n<!-- \/ Yoast SEO plugin. -->","yoast_head_json":{"title":"En marcha en la capital potosina la Copa Internacional Azteca Futbol 5 Para Ciegos 2025 - Canal 7 SLP - 2025","robots":{"index":"index","follow":"follow","max-snippet":"max-snippet:-1","max-image-preview":"max-image-preview:large","max-video-preview":"max-video-preview:-1"},"canonical":"https:\/\/canal7slp.tv\/2025\/en-marcha-en-la-capital-potosina-la-copa-internacional-azteca-futbol-5-para-ciegos-2025\/","og_locale":"es_ES","og_type":"article","og_title":"En marcha en la capital potosina la Copa Internacional Azteca Futbol 5 Para Ciegos 2025 - Canal 7 SLP - 2025","og_description":"SLP.- Con la presencia del alcalde de la capital potosina Enrique Galindo Ceballos, la Presidenta del Sistema Municipal DIF de San Luis Potos\u00ed la Mtra. Estela Arriaga, el Secretario de la Federaci\u00f3n Mexicana de Deportes para Ciegos y D\u00e9biles Visuales Pablo Jes\u00fas Mill\u00e1n Mat\u00edas y el presidente de la Federaci\u00f3n Mexicana de Deportes para Ciegos y D\u00e9biles Visuales Efra\u00edn Mora fue inaugurada la Copa Internacional Azteca. Futbol 5 Para Ciegos 2025, la cual se desarrollar\u00e1 del 15 al 20 de septiembre en la unidad Centro de Desarrollo Comunitario Sim\u00f3n D\u00edaz. Cabe destacar que en esta copa tienen participaci\u00f3n las selecciones [&hellip;]","og_url":"https:\/\/canal7slp.tv\/2025\/en-marcha-en-la-capital-potosina-la-copa-internacional-azteca-futbol-5-para-ciegos-2025\/","og_site_name":"Canal 7 SLP - 2025","article_publisher":"https:\/\/www.facebook.com\/noticieroscanal7atencionciudadana\/","article_published_time":"2025-09-16T21:09:49+00:00","article_modified_time":"2025-09-16T21:11:18+00:00","og_image":[{"width":1280,"height":720,"url":"https:\/\/canal7slp.tv\/2025\/wp-content\/uploads\/2025\/09\/Froi01Fut5.jpg","type":"image\/jpeg"}],"author":"Edici\u00f3n Web","twitter_card":"summary_large_image","twitter_creator":"@NOTICIEROS7","twitter_site":"@NOTICIEROS7","twitter_misc":{"Escrito por":"Edici\u00f3n Web","Tiempo de lectura":"2 minutos"},"schema":{"@context":"https:\/\/schema.org","@graph":[{"@type":"Article","@id":"https:\/\/canal7slp.tv\/2025\/en-marcha-en-la-capital-potosina-la-copa-internacional-azteca-futbol-5-para-ciegos-2025\/#article","isPartOf":{"@id":"https:\/\/canal7slp.tv\/2025\/en-marcha-en-la-capital-potosina-la-copa-internacional-azteca-futbol-5-para-ciegos-2025\/"},"author":{"name":"Edici\u00f3n Web","@id":"https:\/\/canal7slp.tv\/2025\/#\/schema\/person\/271e2b60a96e7cc9d9ac296f4d7e414b"},"headline":"En marcha en la capital potosina la Copa Internacional Azteca Futbol 5 Para Ciegos 2025","datePublished":"2025-09-16T21:09:49+00:00","dateModified":"2025-09-16T21:11:18+00:00","mainEntityOfPage":{"@id":"https:\/\/canal7slp.tv\/2025\/en-marcha-en-la-capital-potosina-la-copa-internacional-azteca-futbol-5-para-ciegos-2025\/"},"wordCount":313,"publisher":{"@id":"https:\/\/canal7slp.tv\/2025\/#organization"},"image":{"@id":"https:\/\/canal7slp.tv\/2025\/en-marcha-en-la-capital-potosina-la-copa-internacional-azteca-futbol-5-para-ciegos-2025\/#primaryimage"},"thumbnailUrl":"https:\/\/canal7slp.tv\/2025\/wp-content\/uploads\/2025\/09\/Froi01Fut5.jpg","articleSection":["AYOSLP","DEPORTES","DESTACADAS"],"inLanguage":"es"},{"@type":"WebPage","@id":"https:\/\/canal7slp.tv\/2025\/en-marcha-en-la-capital-potosina-la-copa-internacional-azteca-futbol-5-para-ciegos-2025\/","url":"https:\/\/canal7slp.tv\/2025\/en-marcha-en-la-capital-potosina-la-copa-internacional-azteca-futbol-5-para-ciegos-2025\/","name":"En marcha en la capital potosina la Copa Internacional Azteca Futbol 5 Para Ciegos 2025 - Canal 7 SLP - 2025","isPartOf":{"@id":"https:\/\/canal7slp.tv\/2025\/#website"},"primaryImageOfPage":{"@id":"https:\/\/canal7slp.tv\/2025\/en-marcha-en-la-capital-potosina-la-copa-internacional-azteca-futbol-5-para-ciegos-2025\/#primaryimage"},"image":{"@id":"https:\/\/canal7slp.tv\/2025\/en-marcha-en-la-capital-potosina-la-copa-internacional-azteca-futbol-5-para-ciegos-2025\/#primaryimage"},"thumbnailUrl":"https:\/\/canal7slp.tv\/2025\/wp-content\/uploads\/2025\/09\/Froi01Fut5.jpg","datePublished":"2025-09-16T21:09:49+00:00","dateModified":"2025-09-16T21:11:18+00:00","breadcrumb":{"@id":"https:\/\/canal7slp.tv\/2025\/en-marcha-en-la-capital-potosina-la-copa-internacional-azteca-futbol-5-para-ciegos-2025\/#breadcrumb"},"inLanguage":"es","potentialAction":[{"@type":"ReadAction","target":["https:\/\/canal7slp.tv\/2025\/en-marcha-en-la-capital-potosina-la-copa-internacional-azteca-futbol-5-para-ciegos-2025\/"]}]},{"@type":"ImageObject","inLanguage":"es","@id":"https:\/\/canal7slp.tv\/2025\/en-marcha-en-la-capital-potosina-la-copa-internacional-azteca-futbol-5-para-ciegos-2025\/#primaryimage","url":"https:\/\/canal7slp.tv\/2025\/wp-content\/uploads\/2025\/09\/Froi01Fut5.jpg","contentUrl":"https:\/\/canal7slp.tv\/2025\/wp-content\/uploads\/2025\/09\/Froi01Fut5.jpg","width":1280,"height":720},{"@type":"BreadcrumbList","@id":"https:\/\/canal7slp.tv\/2025\/en-marcha-en-la-capital-potosina-la-copa-internacional-azteca-futbol-5-para-ciegos-2025\/#breadcrumb","itemListElement":[{"@type":"ListItem","position":1,"name":"Portada","item":"https:\/\/canal7slp.tv\/2025\/"},{"@type":"ListItem","position":2,"name":"En marcha en la capital potosina la Copa Internacional Azteca Futbol 5 Para Ciegos 2025"}]},{"@type":"WebSite","@id":"https:\/\/canal7slp.tv\/2025\/#website","url":"https:\/\/canal7slp.tv\/2025\/","name":"N7 - Noticieros Canal 7","description":"Somos el Medio","publisher":{"@id":"https:\/\/canal7slp.tv\/2025\/#organization"},"potentialAction":[{"@type":"SearchAction","target":{"@type":"EntryPoint","urlTemplate":"https:\/\/canal7slp.tv\/2025\/?s={search_term_string}"},"query-input":{"@type":"PropertyValueSpecification","valueRequired":true,"valueName":"search_term_string"}}],"inLanguage":"es"},{"@type":"Organization","@id":"https:\/\/canal7slp.tv\/2025\/#organization","name":"Noticieros Canal 7","url":"https:\/\/canal7slp.tv\/2025\/","logo":{"@type":"ImageObject","inLanguage":"es","@id":"https:\/\/canal7slp.tv\/2025\/#\/schema\/logo\/image\/","url":"https:\/\/canal7slp.tv\/2025\/wp-content\/uploads\/2021\/01\/logo-noticieros@2x.png","contentUrl":"https:\/\/canal7slp.tv\/2025\/wp-content\/uploads\/2021\/01\/logo-noticieros@2x.png","width":1017,"height":268,"caption":"Noticieros Canal 7"},"image":{"@id":"https:\/\/canal7slp.tv\/2025\/#\/schema\/logo\/image\/"},"sameAs":["https:\/\/www.facebook.com\/noticieroscanal7atencionciudadana\/","https:\/\/x.com\/NOTICIEROS7","https:\/\/www.instagram.com\/canal7_slp","https:\/\/www.youtube.com\/channel\/UCliiYs-gP3JfJeqdPrNdd5A"]},{"@type":"Person","@id":"https:\/\/canal7slp.tv\/2025\/#\/schema\/person\/271e2b60a96e7cc9d9ac296f4d7e414b","name":"Edici\u00f3n Web","image":{"@type":"ImageObject","inLanguage":"es","@id":"https:\/\/secure.gravatar.com\/avatar\/eee448fc3f7164808013b816ba91ac7e43bbe82a70bebac296f8bc6f0addaa1a?s=96&d=mm&r=g","url":"https:\/\/secure.gravatar.com\/avatar\/eee448fc3f7164808013b816ba91ac7e43bbe82a70bebac296f8bc6f0addaa1a?s=96&d=mm&r=g","contentUrl":"https:\/\/secure.gravatar.com\/avatar\/eee448fc3f7164808013b816ba91ac7e43bbe82a70bebac296f8bc6f0addaa1a?s=96&d=mm&r=g","caption":"Edici\u00f3n Web"},"url":"https:\/\/canal7slp.tv\/2025\/author\/edicionweb\/"}]}},"_links":{"self":[{"href":"https:\/\/canal7slp.tv\/2025\/wp-json\/wp\/v2\/posts\/179382","targetHints":{"allow":["GET"]}}],"collection":[{"href":"https:\/\/canal7slp.tv\/2025\/wp-json\/wp\/v2\/posts"}],"about":[{"href":"https:\/\/canal7slp.tv\/2025\/wp-json\/wp\/v2\/types\/post"}],"author":[{"embeddable":true,"href":"https:\/\/canal7slp.tv\/2025\/wp-json\/wp\/v2\/users\/2"}],"replies":[{"embeddable":true,"href":"https:\/\/canal7slp.tv\/2025\/wp-json\/wp\/v2\/comments?post=179382"}],"version-history":[{"count":2,"href":"https:\/\/canal7slp.tv\/2025\/wp-json\/wp\/v2\/posts\/179382\/revisions"}],"predecessor-version":[{"id":179386,"href":"https:\/\/canal7slp.tv\/2025\/wp-json\/wp\/v2\/posts\/179382\/revisions\/179386"}],"wp:featuredmedia":[{"embeddable":true,"href":"https:\/\/canal7slp.tv\/2025\/wp-json\/wp\/v2\/media\/179384"}],"wp:attachment":[{"href":"https:\/\/canal7slp.tv\/2025\/wp-json\/wp\/v2\/media?parent=179382"}],"wp:term":[{"taxonomy":"category","embeddable":true,"href":"https:\/\/canal7slp.tv\/2025\/wp-json\/wp\/v2\/categories?post=179382"},{"taxonomy":"post_tag","embeddable":true,"href":"https:\/\/canal7slp.tv\/2025\/wp-json\/wp\/v2\/tags?post=179382"}],"curies":[{"name":"wp","href":"https:\/\/api.w.org\/{rel}","templated":true}]}}