{"id":179378,"date":"2025-09-16T14:57:39","date_gmt":"2025-09-16T20:57:39","guid":{"rendered":"https:\/\/canal7slp.tv\/2025\/?p=179378"},"modified":"2025-09-16T14:57:39","modified_gmt":"2025-09-16T20:57:39","slug":"maduro-advierte-que-venezuela-esta-mas-preparada-para-lucha-armada-ante-eventual-agresion-de-eua","status":"publish","type":"post","link":"https:\/\/canal7slp.tv\/2025\/maduro-advierte-que-venezuela-esta-mas-preparada-para-lucha-armada-ante-eventual-agresion-de-eua\/","title":{"rendered":"Maduro advierte que Venezuela est\u00e1 \u00abm\u00e1s preparada\u00bb para \u00ablucha armada\u00bb ante eventual agresi\u00f3n de EUA"},"content":{"rendered":"<p style=\"text-align: justify;\">\n<p style=\"text-align: justify;\">Caracas.- El presidente de Venezuela, Nicol\u00e1s Maduro, declar\u00f3 que el pa\u00eds se encuentra \u00abm\u00e1s preparado\u00bb para una eventual \u00ablucha armada\u00bb en caso de una agresi\u00f3n militar por parte de Estados Unidos, durante una rueda de prensa transmitida por medios oficiales.<\/p>\n<p style=\"text-align: justify;\">El mandatario caracteriz\u00f3 el despliegue naval estadounidense en el mar Caribe \u2014justificado por Washington como parte de la lucha antidrogas\u2014 como un intento de \u00abcambio de r\u00e9gimen\u00bb.<\/p>\n<p style=\"text-align: justify;\">Maduro afirm\u00f3 que Venezuela ejerce el \u00ableg\u00edtimo derecho a la defensa\u00bb frente a lo que describi\u00f3 como una \u00abagresi\u00f3n en toda la l\u00ednea\u00bb, incluyendo acciones judiciales, pol\u00edticas, diplom\u00e1ticas y militares.<\/p>\n<p style=\"text-align: justify;\">Advirti\u00f3 que, de producirse una invasi\u00f3n, el pa\u00eds responder\u00eda con acciones armadas \u00aben las localidades y regiones donde fuera necesario\u00bb.<\/p>\n<p style=\"text-align: justify;\">Estas declaraciones se enmarcan en el contexto de la movilizaci\u00f3n de ocho barcos militares y un submarino nuclear estadounidense cerca de aguas venezolanas, as\u00ed como de la recompensa de 50 millones de d\u00f3lares ofrecida por Estados Unidos por la captura de Maduro, a quien acusa de liderar una organizaci\u00f3n narcotraficante.<\/p>\n<p style=\"text-align: justify;\">El l\u00edder venezolano tambi\u00e9n alert\u00f3 a los pa\u00edses del Caribe sobre una posible guerra impulsada, seg\u00fan \u00e9l, por intereses estadounidenses.<\/p>\n","protected":false},"excerpt":{"rendered":"<p>Caracas.- El presidente de Venezuela, Nicol\u00e1s Maduro, declar\u00f3 que el pa\u00eds se encuentra \u00abm\u00e1s preparado\u00bb para una eventual \u00ablucha armada\u00bb en caso de una agresi\u00f3n militar por parte de Estados Unidos, durante una rueda de prensa transmitida por medios oficiales. El mandatario caracteriz\u00f3 el despliegue naval estadounidense en el mar Caribe \u2014justificado por Washington como parte de la lucha antidrogas\u2014 como un intento de \u00abcambio de r\u00e9gimen\u00bb. Maduro afirm\u00f3 que Venezuela ejerce el \u00ableg\u00edtimo derecho a la defensa\u00bb frente a lo que describi\u00f3 como una \u00abagresi\u00f3n en toda la l\u00ednea\u00bb, incluyendo acciones judiciales, pol\u00edticas, diplom\u00e1ticas y militares. Advirti\u00f3 que, de [&hellip;]<\/p>\n","protected":false},"author":2,"featured_media":179379,"comment_status":"closed","ping_status":"closed","sticky":false,"template":"","format":"standard","meta":{"_monsterinsights_skip_tracking":false,"_monsterinsights_sitenote_active":false,"_monsterinsights_sitenote_note":"","_monsterinsights_sitenote_category":0,"footnotes":""},"categories":[44],"tags":[],"class_list":["post-179378","post","type-post","status-publish","format-standard","has-post-thumbnail","hentry","category-internacional","post--single"],"yoast_head":"<!-- This site is optimized with the Yoast SEO plugin v27.5 - https:\/\/yoast.com\/product\/yoast-seo-wordpress\/ -->\n<title>Maduro advierte que Venezuela est\u00e1 &quot;m\u00e1s preparada&quot; para &quot;lucha armada&quot; ante eventual agresi\u00f3n de EUA - Canal 7 SLP - 2025<\/title>\n<meta name=\"robots\" content=\"index, follow, max-snippet:-1, max-image-preview:large, max-video-preview:-1\" \/>\n<link rel=\"canonical\" href=\"https:\/\/canal7slp.tv\/2025\/maduro-advierte-que-venezuela-esta-mas-preparada-para-lucha-armada-ante-eventual-agresion-de-eua\/\" \/>\n<meta property=\"og:locale\" content=\"es_ES\" \/>\n<meta property=\"og:type\" content=\"article\" \/>\n<meta property=\"og:title\" content=\"Maduro advierte que Venezuela est\u00e1 &quot;m\u00e1s preparada&quot; para &quot;lucha armada&quot; ante eventual agresi\u00f3n de EUA - Canal 7 SLP - 2025\" \/>\n<meta property=\"og:description\" content=\"Caracas.- El presidente de Venezuela, Nicol\u00e1s Maduro, declar\u00f3 que el pa\u00eds se encuentra \u00abm\u00e1s preparado\u00bb para una eventual \u00ablucha armada\u00bb en caso de una agresi\u00f3n militar por parte de Estados Unidos, durante una rueda de prensa transmitida por medios oficiales. El mandatario caracteriz\u00f3 el despliegue naval estadounidense en el mar Caribe \u2014justificado por Washington como parte de la lucha antidrogas\u2014 como un intento de \u00abcambio de r\u00e9gimen\u00bb. Maduro afirm\u00f3 que Venezuela ejerce el \u00ableg\u00edtimo derecho a la defensa\u00bb frente a lo que describi\u00f3 como una \u00abagresi\u00f3n en toda la l\u00ednea\u00bb, incluyendo acciones judiciales, pol\u00edticas, diplom\u00e1ticas y militares. Advirti\u00f3 que, de [&hellip;]\" \/>\n<meta property=\"og:url\" content=\"https:\/\/canal7slp.tv\/2025\/maduro-advierte-que-venezuela-esta-mas-preparada-para-lucha-armada-ante-eventual-agresion-de-eua\/\" \/>\n<meta property=\"og:site_name\" content=\"Canal 7 SLP - 2025\" \/>\n<meta property=\"article:publisher\" content=\"https:\/\/www.facebook.com\/noticieroscanal7atencionciudadana\/\" \/>\n<meta property=\"article:published_time\" content=\"2025-09-16T20:57:39+00:00\" \/>\n<meta property=\"og:image\" content=\"https:\/\/canal7slp.tv\/2025\/wp-content\/uploads\/2025\/09\/05-14.jpg\" \/>\n\t<meta property=\"og:image:width\" content=\"750\" \/>\n\t<meta property=\"og:image:height\" content=\"500\" \/>\n\t<meta property=\"og:image:type\" content=\"image\/jpeg\" \/>\n<meta name=\"author\" content=\"Edici\u00f3n Web\" \/>\n<meta name=\"twitter:card\" content=\"summary_large_image\" \/>\n<meta name=\"twitter:creator\" content=\"@NOTICIEROS7\" \/>\n<meta name=\"twitter:site\" content=\"@NOTICIEROS7\" \/>\n<meta name=\"twitter:label1\" content=\"Escrito por\" \/>\n\t<meta name=\"twitter:data1\" content=\"Edici\u00f3n Web\" \/>\n\t<meta name=\"twitter:label2\" content=\"Tiempo de lectura\" \/>\n\t<meta name=\"twitter:data2\" content=\"1 minuto\" \/>\n<script type=\"application\/ld+json\" class=\"yoast-schema-graph\">{\"@context\":\"https:\\\/\\\/schema.org\",\"@graph\":[{\"@type\":\"Article\",\"@id\":\"https:\\\/\\\/canal7slp.tv\\\/2025\\\/maduro-advierte-que-venezuela-esta-mas-preparada-para-lucha-armada-ante-eventual-agresion-de-eua\\\/#article\",\"isPartOf\":{\"@id\":\"https:\\\/\\\/canal7slp.tv\\\/2025\\\/maduro-advierte-que-venezuela-esta-mas-preparada-para-lucha-armada-ante-eventual-agresion-de-eua\\\/\"},\"author\":{\"name\":\"Edici\u00f3n Web\",\"@id\":\"https:\\\/\\\/canal7slp.tv\\\/2025\\\/#\\\/schema\\\/person\\\/271e2b60a96e7cc9d9ac296f4d7e414b\"},\"headline\":\"Maduro advierte que Venezuela est\u00e1 \u00abm\u00e1s preparada\u00bb para \u00ablucha armada\u00bb ante eventual agresi\u00f3n de EUA\",\"datePublished\":\"2025-09-16T20:57:39+00:00\",\"mainEntityOfPage\":{\"@id\":\"https:\\\/\\\/canal7slp.tv\\\/2025\\\/maduro-advierte-que-venezuela-esta-mas-preparada-para-lucha-armada-ante-eventual-agresion-de-eua\\\/\"},\"wordCount\":224,\"publisher\":{\"@id\":\"https:\\\/\\\/canal7slp.tv\\\/2025\\\/#organization\"},\"image\":{\"@id\":\"https:\\\/\\\/canal7slp.tv\\\/2025\\\/maduro-advierte-que-venezuela-esta-mas-preparada-para-lucha-armada-ante-eventual-agresion-de-eua\\\/#primaryimage\"},\"thumbnailUrl\":\"https:\\\/\\\/canal7slp.tv\\\/2025\\\/wp-content\\\/uploads\\\/2025\\\/09\\\/05-14.jpg\",\"articleSection\":[\"INTERNACIONALES\"],\"inLanguage\":\"es\"},{\"@type\":\"WebPage\",\"@id\":\"https:\\\/\\\/canal7slp.tv\\\/2025\\\/maduro-advierte-que-venezuela-esta-mas-preparada-para-lucha-armada-ante-eventual-agresion-de-eua\\\/\",\"url\":\"https:\\\/\\\/canal7slp.tv\\\/2025\\\/maduro-advierte-que-venezuela-esta-mas-preparada-para-lucha-armada-ante-eventual-agresion-de-eua\\\/\",\"name\":\"Maduro advierte que Venezuela est\u00e1 \\\"m\u00e1s preparada\\\" para \\\"lucha armada\\\" ante eventual agresi\u00f3n de EUA - Canal 7 SLP - 2025\",\"isPartOf\":{\"@id\":\"https:\\\/\\\/canal7slp.tv\\\/2025\\\/#website\"},\"primaryImageOfPage\":{\"@id\":\"https:\\\/\\\/canal7slp.tv\\\/2025\\\/maduro-advierte-que-venezuela-esta-mas-preparada-para-lucha-armada-ante-eventual-agresion-de-eua\\\/#primaryimage\"},\"image\":{\"@id\":\"https:\\\/\\\/canal7slp.tv\\\/2025\\\/maduro-advierte-que-venezuela-esta-mas-preparada-para-lucha-armada-ante-eventual-agresion-de-eua\\\/#primaryimage\"},\"thumbnailUrl\":\"https:\\\/\\\/canal7slp.tv\\\/2025\\\/wp-content\\\/uploads\\\/2025\\\/09\\\/05-14.jpg\",\"datePublished\":\"2025-09-16T20:57:39+00:00\",\"breadcrumb\":{\"@id\":\"https:\\\/\\\/canal7slp.tv\\\/2025\\\/maduro-advierte-que-venezuela-esta-mas-preparada-para-lucha-armada-ante-eventual-agresion-de-eua\\\/#breadcrumb\"},\"inLanguage\":\"es\",\"potentialAction\":[{\"@type\":\"ReadAction\",\"target\":[\"https:\\\/\\\/canal7slp.tv\\\/2025\\\/maduro-advierte-que-venezuela-esta-mas-preparada-para-lucha-armada-ante-eventual-agresion-de-eua\\\/\"]}]},{\"@type\":\"ImageObject\",\"inLanguage\":\"es\",\"@id\":\"https:\\\/\\\/canal7slp.tv\\\/2025\\\/maduro-advierte-que-venezuela-esta-mas-preparada-para-lucha-armada-ante-eventual-agresion-de-eua\\\/#primaryimage\",\"url\":\"https:\\\/\\\/canal7slp.tv\\\/2025\\\/wp-content\\\/uploads\\\/2025\\\/09\\\/05-14.jpg\",\"contentUrl\":\"https:\\\/\\\/canal7slp.tv\\\/2025\\\/wp-content\\\/uploads\\\/2025\\\/09\\\/05-14.jpg\",\"width\":750,\"height\":500},{\"@type\":\"BreadcrumbList\",\"@id\":\"https:\\\/\\\/canal7slp.tv\\\/2025\\\/maduro-advierte-que-venezuela-esta-mas-preparada-para-lucha-armada-ante-eventual-agresion-de-eua\\\/#breadcrumb\",\"itemListElement\":[{\"@type\":\"ListItem\",\"position\":1,\"name\":\"Portada\",\"item\":\"https:\\\/\\\/canal7slp.tv\\\/2025\\\/\"},{\"@type\":\"ListItem\",\"position\":2,\"name\":\"Maduro advierte que Venezuela est\u00e1 \u00abm\u00e1s preparada\u00bb para \u00ablucha armada\u00bb ante eventual agresi\u00f3n de EUA\"}]},{\"@type\":\"WebSite\",\"@id\":\"https:\\\/\\\/canal7slp.tv\\\/2025\\\/#website\",\"url\":\"https:\\\/\\\/canal7slp.tv\\\/2025\\\/\",\"name\":\"N7 - Noticieros Canal 7\",\"description\":\"Somos el Medio\",\"publisher\":{\"@id\":\"https:\\\/\\\/canal7slp.tv\\\/2025\\\/#organization\"},\"potentialAction\":[{\"@type\":\"SearchAction\",\"target\":{\"@type\":\"EntryPoint\",\"urlTemplate\":\"https:\\\/\\\/canal7slp.tv\\\/2025\\\/?s={search_term_string}\"},\"query-input\":{\"@type\":\"PropertyValueSpecification\",\"valueRequired\":true,\"valueName\":\"search_term_string\"}}],\"inLanguage\":\"es\"},{\"@type\":\"Organization\",\"@id\":\"https:\\\/\\\/canal7slp.tv\\\/2025\\\/#organization\",\"name\":\"Noticieros Canal 7\",\"url\":\"https:\\\/\\\/canal7slp.tv\\\/2025\\\/\",\"logo\":{\"@type\":\"ImageObject\",\"inLanguage\":\"es\",\"@id\":\"https:\\\/\\\/canal7slp.tv\\\/2025\\\/#\\\/schema\\\/logo\\\/image\\\/\",\"url\":\"https:\\\/\\\/canal7slp.tv\\\/2025\\\/wp-content\\\/uploads\\\/2021\\\/01\\\/logo-noticieros@2x.png\",\"contentUrl\":\"https:\\\/\\\/canal7slp.tv\\\/2025\\\/wp-content\\\/uploads\\\/2021\\\/01\\\/logo-noticieros@2x.png\",\"width\":1017,\"height\":268,\"caption\":\"Noticieros Canal 7\"},\"image\":{\"@id\":\"https:\\\/\\\/canal7slp.tv\\\/2025\\\/#\\\/schema\\\/logo\\\/image\\\/\"},\"sameAs\":[\"https:\\\/\\\/www.facebook.com\\\/noticieroscanal7atencionciudadana\\\/\",\"https:\\\/\\\/x.com\\\/NOTICIEROS7\",\"https:\\\/\\\/www.instagram.com\\\/canal7_slp\",\"https:\\\/\\\/www.youtube.com\\\/channel\\\/UCliiYs-gP3JfJeqdPrNdd5A\"]},{\"@type\":\"Person\",\"@id\":\"https:\\\/\\\/canal7slp.tv\\\/2025\\\/#\\\/schema\\\/person\\\/271e2b60a96e7cc9d9ac296f4d7e414b\",\"name\":\"Edici\u00f3n Web\",\"image\":{\"@type\":\"ImageObject\",\"inLanguage\":\"es\",\"@id\":\"https:\\\/\\\/secure.gravatar.com\\\/avatar\\\/eee448fc3f7164808013b816ba91ac7e43bbe82a70bebac296f8bc6f0addaa1a?s=96&d=mm&r=g\",\"url\":\"https:\\\/\\\/secure.gravatar.com\\\/avatar\\\/eee448fc3f7164808013b816ba91ac7e43bbe82a70bebac296f8bc6f0addaa1a?s=96&d=mm&r=g\",\"contentUrl\":\"https:\\\/\\\/secure.gravatar.com\\\/avatar\\\/eee448fc3f7164808013b816ba91ac7e43bbe82a70bebac296f8bc6f0addaa1a?s=96&d=mm&r=g\",\"caption\":\"Edici\u00f3n Web\"},\"url\":\"https:\\\/\\\/canal7slp.tv\\\/2025\\\/author\\\/edicionweb\\\/\"}]}<\/script>\n<!-- \/ Yoast SEO plugin. -->","yoast_head_json":{"title":"Maduro advierte que Venezuela est\u00e1 \"m\u00e1s preparada\" para \"lucha armada\" ante eventual agresi\u00f3n de EUA - Canal 7 SLP - 2025","robots":{"index":"index","follow":"follow","max-snippet":"max-snippet:-1","max-image-preview":"max-image-preview:large","max-video-preview":"max-video-preview:-1"},"canonical":"https:\/\/canal7slp.tv\/2025\/maduro-advierte-que-venezuela-esta-mas-preparada-para-lucha-armada-ante-eventual-agresion-de-eua\/","og_locale":"es_ES","og_type":"article","og_title":"Maduro advierte que Venezuela est\u00e1 \"m\u00e1s preparada\" para \"lucha armada\" ante eventual agresi\u00f3n de EUA - Canal 7 SLP - 2025","og_description":"Caracas.- El presidente de Venezuela, Nicol\u00e1s Maduro, declar\u00f3 que el pa\u00eds se encuentra \u00abm\u00e1s preparado\u00bb para una eventual \u00ablucha armada\u00bb en caso de una agresi\u00f3n militar por parte de Estados Unidos, durante una rueda de prensa transmitida por medios oficiales. El mandatario caracteriz\u00f3 el despliegue naval estadounidense en el mar Caribe \u2014justificado por Washington como parte de la lucha antidrogas\u2014 como un intento de \u00abcambio de r\u00e9gimen\u00bb. Maduro afirm\u00f3 que Venezuela ejerce el \u00ableg\u00edtimo derecho a la defensa\u00bb frente a lo que describi\u00f3 como una \u00abagresi\u00f3n en toda la l\u00ednea\u00bb, incluyendo acciones judiciales, pol\u00edticas, diplom\u00e1ticas y militares. Advirti\u00f3 que, de [&hellip;]","og_url":"https:\/\/canal7slp.tv\/2025\/maduro-advierte-que-venezuela-esta-mas-preparada-para-lucha-armada-ante-eventual-agresion-de-eua\/","og_site_name":"Canal 7 SLP - 2025","article_publisher":"https:\/\/www.facebook.com\/noticieroscanal7atencionciudadana\/","article_published_time":"2025-09-16T20:57:39+00:00","og_image":[{"width":750,"height":500,"url":"https:\/\/canal7slp.tv\/2025\/wp-content\/uploads\/2025\/09\/05-14.jpg","type":"image\/jpeg"}],"author":"Edici\u00f3n Web","twitter_card":"summary_large_image","twitter_creator":"@NOTICIEROS7","twitter_site":"@NOTICIEROS7","twitter_misc":{"Escrito por":"Edici\u00f3n Web","Tiempo de lectura":"1 minuto"},"schema":{"@context":"https:\/\/schema.org","@graph":[{"@type":"Article","@id":"https:\/\/canal7slp.tv\/2025\/maduro-advierte-que-venezuela-esta-mas-preparada-para-lucha-armada-ante-eventual-agresion-de-eua\/#article","isPartOf":{"@id":"https:\/\/canal7slp.tv\/2025\/maduro-advierte-que-venezuela-esta-mas-preparada-para-lucha-armada-ante-eventual-agresion-de-eua\/"},"author":{"name":"Edici\u00f3n Web","@id":"https:\/\/canal7slp.tv\/2025\/#\/schema\/person\/271e2b60a96e7cc9d9ac296f4d7e414b"},"headline":"Maduro advierte que Venezuela est\u00e1 \u00abm\u00e1s preparada\u00bb para \u00ablucha armada\u00bb ante eventual agresi\u00f3n de EUA","datePublished":"2025-09-16T20:57:39+00:00","mainEntityOfPage":{"@id":"https:\/\/canal7slp.tv\/2025\/maduro-advierte-que-venezuela-esta-mas-preparada-para-lucha-armada-ante-eventual-agresion-de-eua\/"},"wordCount":224,"publisher":{"@id":"https:\/\/canal7slp.tv\/2025\/#organization"},"image":{"@id":"https:\/\/canal7slp.tv\/2025\/maduro-advierte-que-venezuela-esta-mas-preparada-para-lucha-armada-ante-eventual-agresion-de-eua\/#primaryimage"},"thumbnailUrl":"https:\/\/canal7slp.tv\/2025\/wp-content\/uploads\/2025\/09\/05-14.jpg","articleSection":["INTERNACIONALES"],"inLanguage":"es"},{"@type":"WebPage","@id":"https:\/\/canal7slp.tv\/2025\/maduro-advierte-que-venezuela-esta-mas-preparada-para-lucha-armada-ante-eventual-agresion-de-eua\/","url":"https:\/\/canal7slp.tv\/2025\/maduro-advierte-que-venezuela-esta-mas-preparada-para-lucha-armada-ante-eventual-agresion-de-eua\/","name":"Maduro advierte que Venezuela est\u00e1 \"m\u00e1s preparada\" para \"lucha armada\" ante eventual agresi\u00f3n de EUA - Canal 7 SLP - 2025","isPartOf":{"@id":"https:\/\/canal7slp.tv\/2025\/#website"},"primaryImageOfPage":{"@id":"https:\/\/canal7slp.tv\/2025\/maduro-advierte-que-venezuela-esta-mas-preparada-para-lucha-armada-ante-eventual-agresion-de-eua\/#primaryimage"},"image":{"@id":"https:\/\/canal7slp.tv\/2025\/maduro-advierte-que-venezuela-esta-mas-preparada-para-lucha-armada-ante-eventual-agresion-de-eua\/#primaryimage"},"thumbnailUrl":"https:\/\/canal7slp.tv\/2025\/wp-content\/uploads\/2025\/09\/05-14.jpg","datePublished":"2025-09-16T20:57:39+00:00","breadcrumb":{"@id":"https:\/\/canal7slp.tv\/2025\/maduro-advierte-que-venezuela-esta-mas-preparada-para-lucha-armada-ante-eventual-agresion-de-eua\/#breadcrumb"},"inLanguage":"es","potentialAction":[{"@type":"ReadAction","target":["https:\/\/canal7slp.tv\/2025\/maduro-advierte-que-venezuela-esta-mas-preparada-para-lucha-armada-ante-eventual-agresion-de-eua\/"]}]},{"@type":"ImageObject","inLanguage":"es","@id":"https:\/\/canal7slp.tv\/2025\/maduro-advierte-que-venezuela-esta-mas-preparada-para-lucha-armada-ante-eventual-agresion-de-eua\/#primaryimage","url":"https:\/\/canal7slp.tv\/2025\/wp-content\/uploads\/2025\/09\/05-14.jpg","contentUrl":"https:\/\/canal7slp.tv\/2025\/wp-content\/uploads\/2025\/09\/05-14.jpg","width":750,"height":500},{"@type":"BreadcrumbList","@id":"https:\/\/canal7slp.tv\/2025\/maduro-advierte-que-venezuela-esta-mas-preparada-para-lucha-armada-ante-eventual-agresion-de-eua\/#breadcrumb","itemListElement":[{"@type":"ListItem","position":1,"name":"Portada","item":"https:\/\/canal7slp.tv\/2025\/"},{"@type":"ListItem","position":2,"name":"Maduro advierte que Venezuela est\u00e1 \u00abm\u00e1s preparada\u00bb para \u00ablucha armada\u00bb ante eventual agresi\u00f3n de EUA"}]},{"@type":"WebSite","@id":"https:\/\/canal7slp.tv\/2025\/#website","url":"https:\/\/canal7slp.tv\/2025\/","name":"N7 - Noticieros Canal 7","description":"Somos el Medio","publisher":{"@id":"https:\/\/canal7slp.tv\/2025\/#organization"},"potentialAction":[{"@type":"SearchAction","target":{"@type":"EntryPoint","urlTemplate":"https:\/\/canal7slp.tv\/2025\/?s={search_term_string}"},"query-input":{"@type":"PropertyValueSpecification","valueRequired":true,"valueName":"search_term_string"}}],"inLanguage":"es"},{"@type":"Organization","@id":"https:\/\/canal7slp.tv\/2025\/#organization","name":"Noticieros Canal 7","url":"https:\/\/canal7slp.tv\/2025\/","logo":{"@type":"ImageObject","inLanguage":"es","@id":"https:\/\/canal7slp.tv\/2025\/#\/schema\/logo\/image\/","url":"https:\/\/canal7slp.tv\/2025\/wp-content\/uploads\/2021\/01\/logo-noticieros@2x.png","contentUrl":"https:\/\/canal7slp.tv\/2025\/wp-content\/uploads\/2021\/01\/logo-noticieros@2x.png","width":1017,"height":268,"caption":"Noticieros Canal 7"},"image":{"@id":"https:\/\/canal7slp.tv\/2025\/#\/schema\/logo\/image\/"},"sameAs":["https:\/\/www.facebook.com\/noticieroscanal7atencionciudadana\/","https:\/\/x.com\/NOTICIEROS7","https:\/\/www.instagram.com\/canal7_slp","https:\/\/www.youtube.com\/channel\/UCliiYs-gP3JfJeqdPrNdd5A"]},{"@type":"Person","@id":"https:\/\/canal7slp.tv\/2025\/#\/schema\/person\/271e2b60a96e7cc9d9ac296f4d7e414b","name":"Edici\u00f3n Web","image":{"@type":"ImageObject","inLanguage":"es","@id":"https:\/\/secure.gravatar.com\/avatar\/eee448fc3f7164808013b816ba91ac7e43bbe82a70bebac296f8bc6f0addaa1a?s=96&d=mm&r=g","url":"https:\/\/secure.gravatar.com\/avatar\/eee448fc3f7164808013b816ba91ac7e43bbe82a70bebac296f8bc6f0addaa1a?s=96&d=mm&r=g","contentUrl":"https:\/\/secure.gravatar.com\/avatar\/eee448fc3f7164808013b816ba91ac7e43bbe82a70bebac296f8bc6f0addaa1a?s=96&d=mm&r=g","caption":"Edici\u00f3n Web"},"url":"https:\/\/canal7slp.tv\/2025\/author\/edicionweb\/"}]}},"_links":{"self":[{"href":"https:\/\/canal7slp.tv\/2025\/wp-json\/wp\/v2\/posts\/179378","targetHints":{"allow":["GET"]}}],"collection":[{"href":"https:\/\/canal7slp.tv\/2025\/wp-json\/wp\/v2\/posts"}],"about":[{"href":"https:\/\/canal7slp.tv\/2025\/wp-json\/wp\/v2\/types\/post"}],"author":[{"embeddable":true,"href":"https:\/\/canal7slp.tv\/2025\/wp-json\/wp\/v2\/users\/2"}],"replies":[{"embeddable":true,"href":"https:\/\/canal7slp.tv\/2025\/wp-json\/wp\/v2\/comments?post=179378"}],"version-history":[{"count":2,"href":"https:\/\/canal7slp.tv\/2025\/wp-json\/wp\/v2\/posts\/179378\/revisions"}],"predecessor-version":[{"id":179381,"href":"https:\/\/canal7slp.tv\/2025\/wp-json\/wp\/v2\/posts\/179378\/revisions\/179381"}],"wp:featuredmedia":[{"embeddable":true,"href":"https:\/\/canal7slp.tv\/2025\/wp-json\/wp\/v2\/media\/179379"}],"wp:attachment":[{"href":"https:\/\/canal7slp.tv\/2025\/wp-json\/wp\/v2\/media?parent=179378"}],"wp:term":[{"taxonomy":"category","embeddable":true,"href":"https:\/\/canal7slp.tv\/2025\/wp-json\/wp\/v2\/categories?post=179378"},{"taxonomy":"post_tag","embeddable":true,"href":"https:\/\/canal7slp.tv\/2025\/wp-json\/wp\/v2\/tags?post=179378"}],"curies":[{"name":"wp","href":"https:\/\/api.w.org\/{rel}","templated":true}]}}