{"id":179371,"date":"2025-09-16T13:32:31","date_gmt":"2025-09-16T19:32:31","guid":{"rendered":"https:\/\/canal7slp.tv\/2025\/?p=179371"},"modified":"2025-09-16T13:32:31","modified_gmt":"2025-09-16T19:32:31","slug":"embajada-de-mexico-en-eu-realiza-ceremonia-del-grito-con-llamado-a-la-unidad-y-proteccion-de-migrantes","status":"publish","type":"post","link":"https:\/\/canal7slp.tv\/2025\/embajada-de-mexico-en-eu-realiza-ceremonia-del-grito-con-llamado-a-la-unidad-y-proteccion-de-migrantes\/","title":{"rendered":"Embajada de M\u00e9xico en EU realiza ceremonia del Grito con llamado a la unidad y protecci\u00f3n de migrantes"},"content":{"rendered":"<p style=\"text-align: justify;\">Washington DC.- El embajador de M\u00e9xico en Estados Unidos, Esteban Moctezuma Barrag\u00e1n, encabez\u00f3 la ceremonia del Grito de Independencia en Washington D.C., destacando la contribuci\u00f3n de la comunidad migrante y abogando por una Norteam\u00e9rica unida y humanista.<\/p>\n<p style=\"text-align: justify;\">El evento se desarroll\u00f3 en un contexto de alerta por posibles operativos migratorios durante las festividades patrias.<\/p>\n<p style=\"text-align: justify;\">La Secretar\u00eda de Relaciones Exteriores hab\u00eda emitido previamente recomendaciones de precauci\u00f3n a connacionales, ante las advertencias de redadas en fechas conmemorativas.<\/p>\n<p style=\"text-align: justify;\">Autoridades diplom\u00e1ticas se\u00f1alaron que se mantuvo coordinaci\u00f3n directa con las instancias migratorias estadounidenses para garantizar la seguridad de los mexicanos durante las celebraciones.<\/p>\n<p style=\"text-align: justify;\">El canciller Juan Ram\u00f3n de la Fuente reiter\u00f3 el compromiso de la red consular para brindar protecci\u00f3n y asistencia a la comunidad migrante, subrayando la importancia de mantener medidas preventivas durante los festejos.<\/p>\n","protected":false},"excerpt":{"rendered":"<p>Washington DC.- El embajador de M\u00e9xico en Estados Unidos, Esteban Moctezuma Barrag\u00e1n, encabez\u00f3 la ceremonia del Grito de Independencia en Washington D.C., destacando la contribuci\u00f3n de la comunidad migrante y abogando por una Norteam\u00e9rica unida y humanista. El evento se desarroll\u00f3 en un contexto de alerta por posibles operativos migratorios durante las festividades patrias. La Secretar\u00eda de Relaciones Exteriores hab\u00eda emitido previamente recomendaciones de precauci\u00f3n a connacionales, ante las advertencias de redadas en fechas conmemorativas. Autoridades diplom\u00e1ticas se\u00f1alaron que se mantuvo coordinaci\u00f3n directa con las instancias migratorias estadounidenses para garantizar la seguridad de los mexicanos durante las celebraciones. El canciller [&hellip;]<\/p>\n","protected":false},"author":2,"featured_media":179372,"comment_status":"closed","ping_status":"closed","sticky":false,"template":"","format":"standard","meta":{"_monsterinsights_skip_tracking":false,"_monsterinsights_sitenote_active":false,"_monsterinsights_sitenote_note":"","_monsterinsights_sitenote_category":0,"footnotes":""},"categories":[44,46],"tags":[],"class_list":["post-179371","post","type-post","status-publish","format-standard","has-post-thumbnail","hentry","category-internacional","category-nacional","post--single"],"yoast_head":"<!-- This site is optimized with the Yoast SEO plugin v27.5 - https:\/\/yoast.com\/product\/yoast-seo-wordpress\/ -->\n<title>Embajada de M\u00e9xico en EU realiza ceremonia del Grito con llamado a la unidad y protecci\u00f3n de migrantes - Canal 7 SLP - 2025<\/title>\n<meta name=\"robots\" content=\"index, follow, max-snippet:-1, max-image-preview:large, max-video-preview:-1\" \/>\n<link rel=\"canonical\" href=\"https:\/\/canal7slp.tv\/2025\/embajada-de-mexico-en-eu-realiza-ceremonia-del-grito-con-llamado-a-la-unidad-y-proteccion-de-migrantes\/\" \/>\n<meta property=\"og:locale\" content=\"es_ES\" \/>\n<meta property=\"og:type\" content=\"article\" \/>\n<meta property=\"og:title\" content=\"Embajada de M\u00e9xico en EU realiza ceremonia del Grito con llamado a la unidad y protecci\u00f3n de migrantes - Canal 7 SLP - 2025\" \/>\n<meta property=\"og:description\" content=\"Washington DC.- El embajador de M\u00e9xico en Estados Unidos, Esteban Moctezuma Barrag\u00e1n, encabez\u00f3 la ceremonia del Grito de Independencia en Washington D.C., destacando la contribuci\u00f3n de la comunidad migrante y abogando por una Norteam\u00e9rica unida y humanista. El evento se desarroll\u00f3 en un contexto de alerta por posibles operativos migratorios durante las festividades patrias. La Secretar\u00eda de Relaciones Exteriores hab\u00eda emitido previamente recomendaciones de precauci\u00f3n a connacionales, ante las advertencias de redadas en fechas conmemorativas. Autoridades diplom\u00e1ticas se\u00f1alaron que se mantuvo coordinaci\u00f3n directa con las instancias migratorias estadounidenses para garantizar la seguridad de los mexicanos durante las celebraciones. El canciller [&hellip;]\" \/>\n<meta property=\"og:url\" content=\"https:\/\/canal7slp.tv\/2025\/embajada-de-mexico-en-eu-realiza-ceremonia-del-grito-con-llamado-a-la-unidad-y-proteccion-de-migrantes\/\" \/>\n<meta property=\"og:site_name\" content=\"Canal 7 SLP - 2025\" \/>\n<meta property=\"article:publisher\" content=\"https:\/\/www.facebook.com\/noticieroscanal7atencionciudadana\/\" \/>\n<meta property=\"article:published_time\" content=\"2025-09-16T19:32:31+00:00\" \/>\n<meta property=\"og:image\" content=\"https:\/\/canal7slp.tv\/2025\/wp-content\/uploads\/2025\/09\/03-15.jpg\" \/>\n\t<meta property=\"og:image:width\" content=\"810\" \/>\n\t<meta property=\"og:image:height\" content=\"500\" \/>\n\t<meta property=\"og:image:type\" content=\"image\/jpeg\" \/>\n<meta name=\"author\" content=\"Edici\u00f3n Web\" \/>\n<meta name=\"twitter:card\" content=\"summary_large_image\" \/>\n<meta name=\"twitter:creator\" content=\"@NOTICIEROS7\" \/>\n<meta name=\"twitter:site\" content=\"@NOTICIEROS7\" \/>\n<meta name=\"twitter:label1\" content=\"Escrito por\" \/>\n\t<meta name=\"twitter:data1\" content=\"Edici\u00f3n Web\" \/>\n\t<meta name=\"twitter:label2\" content=\"Tiempo de lectura\" \/>\n\t<meta name=\"twitter:data2\" content=\"1 minuto\" \/>\n<script type=\"application\/ld+json\" class=\"yoast-schema-graph\">{\"@context\":\"https:\\\/\\\/schema.org\",\"@graph\":[{\"@type\":\"Article\",\"@id\":\"https:\\\/\\\/canal7slp.tv\\\/2025\\\/embajada-de-mexico-en-eu-realiza-ceremonia-del-grito-con-llamado-a-la-unidad-y-proteccion-de-migrantes\\\/#article\",\"isPartOf\":{\"@id\":\"https:\\\/\\\/canal7slp.tv\\\/2025\\\/embajada-de-mexico-en-eu-realiza-ceremonia-del-grito-con-llamado-a-la-unidad-y-proteccion-de-migrantes\\\/\"},\"author\":{\"name\":\"Edici\u00f3n Web\",\"@id\":\"https:\\\/\\\/canal7slp.tv\\\/2025\\\/#\\\/schema\\\/person\\\/271e2b60a96e7cc9d9ac296f4d7e414b\"},\"headline\":\"Embajada de M\u00e9xico en EU realiza ceremonia del Grito con llamado a la unidad y protecci\u00f3n de migrantes\",\"datePublished\":\"2025-09-16T19:32:31+00:00\",\"mainEntityOfPage\":{\"@id\":\"https:\\\/\\\/canal7slp.tv\\\/2025\\\/embajada-de-mexico-en-eu-realiza-ceremonia-del-grito-con-llamado-a-la-unidad-y-proteccion-de-migrantes\\\/\"},\"wordCount\":165,\"publisher\":{\"@id\":\"https:\\\/\\\/canal7slp.tv\\\/2025\\\/#organization\"},\"image\":{\"@id\":\"https:\\\/\\\/canal7slp.tv\\\/2025\\\/embajada-de-mexico-en-eu-realiza-ceremonia-del-grito-con-llamado-a-la-unidad-y-proteccion-de-migrantes\\\/#primaryimage\"},\"thumbnailUrl\":\"https:\\\/\\\/canal7slp.tv\\\/2025\\\/wp-content\\\/uploads\\\/2025\\\/09\\\/03-15.jpg\",\"articleSection\":[\"INTERNACIONALES\",\"NACIONALES\"],\"inLanguage\":\"es\"},{\"@type\":\"WebPage\",\"@id\":\"https:\\\/\\\/canal7slp.tv\\\/2025\\\/embajada-de-mexico-en-eu-realiza-ceremonia-del-grito-con-llamado-a-la-unidad-y-proteccion-de-migrantes\\\/\",\"url\":\"https:\\\/\\\/canal7slp.tv\\\/2025\\\/embajada-de-mexico-en-eu-realiza-ceremonia-del-grito-con-llamado-a-la-unidad-y-proteccion-de-migrantes\\\/\",\"name\":\"Embajada de M\u00e9xico en EU realiza ceremonia del Grito con llamado a la unidad y protecci\u00f3n de migrantes - Canal 7 SLP - 2025\",\"isPartOf\":{\"@id\":\"https:\\\/\\\/canal7slp.tv\\\/2025\\\/#website\"},\"primaryImageOfPage\":{\"@id\":\"https:\\\/\\\/canal7slp.tv\\\/2025\\\/embajada-de-mexico-en-eu-realiza-ceremonia-del-grito-con-llamado-a-la-unidad-y-proteccion-de-migrantes\\\/#primaryimage\"},\"image\":{\"@id\":\"https:\\\/\\\/canal7slp.tv\\\/2025\\\/embajada-de-mexico-en-eu-realiza-ceremonia-del-grito-con-llamado-a-la-unidad-y-proteccion-de-migrantes\\\/#primaryimage\"},\"thumbnailUrl\":\"https:\\\/\\\/canal7slp.tv\\\/2025\\\/wp-content\\\/uploads\\\/2025\\\/09\\\/03-15.jpg\",\"datePublished\":\"2025-09-16T19:32:31+00:00\",\"breadcrumb\":{\"@id\":\"https:\\\/\\\/canal7slp.tv\\\/2025\\\/embajada-de-mexico-en-eu-realiza-ceremonia-del-grito-con-llamado-a-la-unidad-y-proteccion-de-migrantes\\\/#breadcrumb\"},\"inLanguage\":\"es\",\"potentialAction\":[{\"@type\":\"ReadAction\",\"target\":[\"https:\\\/\\\/canal7slp.tv\\\/2025\\\/embajada-de-mexico-en-eu-realiza-ceremonia-del-grito-con-llamado-a-la-unidad-y-proteccion-de-migrantes\\\/\"]}]},{\"@type\":\"ImageObject\",\"inLanguage\":\"es\",\"@id\":\"https:\\\/\\\/canal7slp.tv\\\/2025\\\/embajada-de-mexico-en-eu-realiza-ceremonia-del-grito-con-llamado-a-la-unidad-y-proteccion-de-migrantes\\\/#primaryimage\",\"url\":\"https:\\\/\\\/canal7slp.tv\\\/2025\\\/wp-content\\\/uploads\\\/2025\\\/09\\\/03-15.jpg\",\"contentUrl\":\"https:\\\/\\\/canal7slp.tv\\\/2025\\\/wp-content\\\/uploads\\\/2025\\\/09\\\/03-15.jpg\",\"width\":810,\"height\":500},{\"@type\":\"BreadcrumbList\",\"@id\":\"https:\\\/\\\/canal7slp.tv\\\/2025\\\/embajada-de-mexico-en-eu-realiza-ceremonia-del-grito-con-llamado-a-la-unidad-y-proteccion-de-migrantes\\\/#breadcrumb\",\"itemListElement\":[{\"@type\":\"ListItem\",\"position\":1,\"name\":\"Portada\",\"item\":\"https:\\\/\\\/canal7slp.tv\\\/2025\\\/\"},{\"@type\":\"ListItem\",\"position\":2,\"name\":\"Embajada de M\u00e9xico en EU realiza ceremonia del Grito con llamado a la unidad y protecci\u00f3n de migrantes\"}]},{\"@type\":\"WebSite\",\"@id\":\"https:\\\/\\\/canal7slp.tv\\\/2025\\\/#website\",\"url\":\"https:\\\/\\\/canal7slp.tv\\\/2025\\\/\",\"name\":\"N7 - Noticieros Canal 7\",\"description\":\"Somos el Medio\",\"publisher\":{\"@id\":\"https:\\\/\\\/canal7slp.tv\\\/2025\\\/#organization\"},\"potentialAction\":[{\"@type\":\"SearchAction\",\"target\":{\"@type\":\"EntryPoint\",\"urlTemplate\":\"https:\\\/\\\/canal7slp.tv\\\/2025\\\/?s={search_term_string}\"},\"query-input\":{\"@type\":\"PropertyValueSpecification\",\"valueRequired\":true,\"valueName\":\"search_term_string\"}}],\"inLanguage\":\"es\"},{\"@type\":\"Organization\",\"@id\":\"https:\\\/\\\/canal7slp.tv\\\/2025\\\/#organization\",\"name\":\"Noticieros Canal 7\",\"url\":\"https:\\\/\\\/canal7slp.tv\\\/2025\\\/\",\"logo\":{\"@type\":\"ImageObject\",\"inLanguage\":\"es\",\"@id\":\"https:\\\/\\\/canal7slp.tv\\\/2025\\\/#\\\/schema\\\/logo\\\/image\\\/\",\"url\":\"https:\\\/\\\/canal7slp.tv\\\/2025\\\/wp-content\\\/uploads\\\/2021\\\/01\\\/logo-noticieros@2x.png\",\"contentUrl\":\"https:\\\/\\\/canal7slp.tv\\\/2025\\\/wp-content\\\/uploads\\\/2021\\\/01\\\/logo-noticieros@2x.png\",\"width\":1017,\"height\":268,\"caption\":\"Noticieros Canal 7\"},\"image\":{\"@id\":\"https:\\\/\\\/canal7slp.tv\\\/2025\\\/#\\\/schema\\\/logo\\\/image\\\/\"},\"sameAs\":[\"https:\\\/\\\/www.facebook.com\\\/noticieroscanal7atencionciudadana\\\/\",\"https:\\\/\\\/x.com\\\/NOTICIEROS7\",\"https:\\\/\\\/www.instagram.com\\\/canal7_slp\",\"https:\\\/\\\/www.youtube.com\\\/channel\\\/UCliiYs-gP3JfJeqdPrNdd5A\"]},{\"@type\":\"Person\",\"@id\":\"https:\\\/\\\/canal7slp.tv\\\/2025\\\/#\\\/schema\\\/person\\\/271e2b60a96e7cc9d9ac296f4d7e414b\",\"name\":\"Edici\u00f3n Web\",\"image\":{\"@type\":\"ImageObject\",\"inLanguage\":\"es\",\"@id\":\"https:\\\/\\\/secure.gravatar.com\\\/avatar\\\/eee448fc3f7164808013b816ba91ac7e43bbe82a70bebac296f8bc6f0addaa1a?s=96&d=mm&r=g\",\"url\":\"https:\\\/\\\/secure.gravatar.com\\\/avatar\\\/eee448fc3f7164808013b816ba91ac7e43bbe82a70bebac296f8bc6f0addaa1a?s=96&d=mm&r=g\",\"contentUrl\":\"https:\\\/\\\/secure.gravatar.com\\\/avatar\\\/eee448fc3f7164808013b816ba91ac7e43bbe82a70bebac296f8bc6f0addaa1a?s=96&d=mm&r=g\",\"caption\":\"Edici\u00f3n Web\"},\"url\":\"https:\\\/\\\/canal7slp.tv\\\/2025\\\/author\\\/edicionweb\\\/\"}]}<\/script>\n<!-- \/ Yoast SEO plugin. -->","yoast_head_json":{"title":"Embajada de M\u00e9xico en EU realiza ceremonia del Grito con llamado a la unidad y protecci\u00f3n de migrantes - Canal 7 SLP - 2025","robots":{"index":"index","follow":"follow","max-snippet":"max-snippet:-1","max-image-preview":"max-image-preview:large","max-video-preview":"max-video-preview:-1"},"canonical":"https:\/\/canal7slp.tv\/2025\/embajada-de-mexico-en-eu-realiza-ceremonia-del-grito-con-llamado-a-la-unidad-y-proteccion-de-migrantes\/","og_locale":"es_ES","og_type":"article","og_title":"Embajada de M\u00e9xico en EU realiza ceremonia del Grito con llamado a la unidad y protecci\u00f3n de migrantes - Canal 7 SLP - 2025","og_description":"Washington DC.- El embajador de M\u00e9xico en Estados Unidos, Esteban Moctezuma Barrag\u00e1n, encabez\u00f3 la ceremonia del Grito de Independencia en Washington D.C., destacando la contribuci\u00f3n de la comunidad migrante y abogando por una Norteam\u00e9rica unida y humanista. El evento se desarroll\u00f3 en un contexto de alerta por posibles operativos migratorios durante las festividades patrias. La Secretar\u00eda de Relaciones Exteriores hab\u00eda emitido previamente recomendaciones de precauci\u00f3n a connacionales, ante las advertencias de redadas en fechas conmemorativas. Autoridades diplom\u00e1ticas se\u00f1alaron que se mantuvo coordinaci\u00f3n directa con las instancias migratorias estadounidenses para garantizar la seguridad de los mexicanos durante las celebraciones. El canciller [&hellip;]","og_url":"https:\/\/canal7slp.tv\/2025\/embajada-de-mexico-en-eu-realiza-ceremonia-del-grito-con-llamado-a-la-unidad-y-proteccion-de-migrantes\/","og_site_name":"Canal 7 SLP - 2025","article_publisher":"https:\/\/www.facebook.com\/noticieroscanal7atencionciudadana\/","article_published_time":"2025-09-16T19:32:31+00:00","og_image":[{"width":810,"height":500,"url":"https:\/\/canal7slp.tv\/2025\/wp-content\/uploads\/2025\/09\/03-15.jpg","type":"image\/jpeg"}],"author":"Edici\u00f3n Web","twitter_card":"summary_large_image","twitter_creator":"@NOTICIEROS7","twitter_site":"@NOTICIEROS7","twitter_misc":{"Escrito por":"Edici\u00f3n Web","Tiempo de lectura":"1 minuto"},"schema":{"@context":"https:\/\/schema.org","@graph":[{"@type":"Article","@id":"https:\/\/canal7slp.tv\/2025\/embajada-de-mexico-en-eu-realiza-ceremonia-del-grito-con-llamado-a-la-unidad-y-proteccion-de-migrantes\/#article","isPartOf":{"@id":"https:\/\/canal7slp.tv\/2025\/embajada-de-mexico-en-eu-realiza-ceremonia-del-grito-con-llamado-a-la-unidad-y-proteccion-de-migrantes\/"},"author":{"name":"Edici\u00f3n Web","@id":"https:\/\/canal7slp.tv\/2025\/#\/schema\/person\/271e2b60a96e7cc9d9ac296f4d7e414b"},"headline":"Embajada de M\u00e9xico en EU realiza ceremonia del Grito con llamado a la unidad y protecci\u00f3n de migrantes","datePublished":"2025-09-16T19:32:31+00:00","mainEntityOfPage":{"@id":"https:\/\/canal7slp.tv\/2025\/embajada-de-mexico-en-eu-realiza-ceremonia-del-grito-con-llamado-a-la-unidad-y-proteccion-de-migrantes\/"},"wordCount":165,"publisher":{"@id":"https:\/\/canal7slp.tv\/2025\/#organization"},"image":{"@id":"https:\/\/canal7slp.tv\/2025\/embajada-de-mexico-en-eu-realiza-ceremonia-del-grito-con-llamado-a-la-unidad-y-proteccion-de-migrantes\/#primaryimage"},"thumbnailUrl":"https:\/\/canal7slp.tv\/2025\/wp-content\/uploads\/2025\/09\/03-15.jpg","articleSection":["INTERNACIONALES","NACIONALES"],"inLanguage":"es"},{"@type":"WebPage","@id":"https:\/\/canal7slp.tv\/2025\/embajada-de-mexico-en-eu-realiza-ceremonia-del-grito-con-llamado-a-la-unidad-y-proteccion-de-migrantes\/","url":"https:\/\/canal7slp.tv\/2025\/embajada-de-mexico-en-eu-realiza-ceremonia-del-grito-con-llamado-a-la-unidad-y-proteccion-de-migrantes\/","name":"Embajada de M\u00e9xico en EU realiza ceremonia del Grito con llamado a la unidad y protecci\u00f3n de migrantes - Canal 7 SLP - 2025","isPartOf":{"@id":"https:\/\/canal7slp.tv\/2025\/#website"},"primaryImageOfPage":{"@id":"https:\/\/canal7slp.tv\/2025\/embajada-de-mexico-en-eu-realiza-ceremonia-del-grito-con-llamado-a-la-unidad-y-proteccion-de-migrantes\/#primaryimage"},"image":{"@id":"https:\/\/canal7slp.tv\/2025\/embajada-de-mexico-en-eu-realiza-ceremonia-del-grito-con-llamado-a-la-unidad-y-proteccion-de-migrantes\/#primaryimage"},"thumbnailUrl":"https:\/\/canal7slp.tv\/2025\/wp-content\/uploads\/2025\/09\/03-15.jpg","datePublished":"2025-09-16T19:32:31+00:00","breadcrumb":{"@id":"https:\/\/canal7slp.tv\/2025\/embajada-de-mexico-en-eu-realiza-ceremonia-del-grito-con-llamado-a-la-unidad-y-proteccion-de-migrantes\/#breadcrumb"},"inLanguage":"es","potentialAction":[{"@type":"ReadAction","target":["https:\/\/canal7slp.tv\/2025\/embajada-de-mexico-en-eu-realiza-ceremonia-del-grito-con-llamado-a-la-unidad-y-proteccion-de-migrantes\/"]}]},{"@type":"ImageObject","inLanguage":"es","@id":"https:\/\/canal7slp.tv\/2025\/embajada-de-mexico-en-eu-realiza-ceremonia-del-grito-con-llamado-a-la-unidad-y-proteccion-de-migrantes\/#primaryimage","url":"https:\/\/canal7slp.tv\/2025\/wp-content\/uploads\/2025\/09\/03-15.jpg","contentUrl":"https:\/\/canal7slp.tv\/2025\/wp-content\/uploads\/2025\/09\/03-15.jpg","width":810,"height":500},{"@type":"BreadcrumbList","@id":"https:\/\/canal7slp.tv\/2025\/embajada-de-mexico-en-eu-realiza-ceremonia-del-grito-con-llamado-a-la-unidad-y-proteccion-de-migrantes\/#breadcrumb","itemListElement":[{"@type":"ListItem","position":1,"name":"Portada","item":"https:\/\/canal7slp.tv\/2025\/"},{"@type":"ListItem","position":2,"name":"Embajada de M\u00e9xico en EU realiza ceremonia del Grito con llamado a la unidad y protecci\u00f3n de migrantes"}]},{"@type":"WebSite","@id":"https:\/\/canal7slp.tv\/2025\/#website","url":"https:\/\/canal7slp.tv\/2025\/","name":"N7 - Noticieros Canal 7","description":"Somos el Medio","publisher":{"@id":"https:\/\/canal7slp.tv\/2025\/#organization"},"potentialAction":[{"@type":"SearchAction","target":{"@type":"EntryPoint","urlTemplate":"https:\/\/canal7slp.tv\/2025\/?s={search_term_string}"},"query-input":{"@type":"PropertyValueSpecification","valueRequired":true,"valueName":"search_term_string"}}],"inLanguage":"es"},{"@type":"Organization","@id":"https:\/\/canal7slp.tv\/2025\/#organization","name":"Noticieros Canal 7","url":"https:\/\/canal7slp.tv\/2025\/","logo":{"@type":"ImageObject","inLanguage":"es","@id":"https:\/\/canal7slp.tv\/2025\/#\/schema\/logo\/image\/","url":"https:\/\/canal7slp.tv\/2025\/wp-content\/uploads\/2021\/01\/logo-noticieros@2x.png","contentUrl":"https:\/\/canal7slp.tv\/2025\/wp-content\/uploads\/2021\/01\/logo-noticieros@2x.png","width":1017,"height":268,"caption":"Noticieros Canal 7"},"image":{"@id":"https:\/\/canal7slp.tv\/2025\/#\/schema\/logo\/image\/"},"sameAs":["https:\/\/www.facebook.com\/noticieroscanal7atencionciudadana\/","https:\/\/x.com\/NOTICIEROS7","https:\/\/www.instagram.com\/canal7_slp","https:\/\/www.youtube.com\/channel\/UCliiYs-gP3JfJeqdPrNdd5A"]},{"@type":"Person","@id":"https:\/\/canal7slp.tv\/2025\/#\/schema\/person\/271e2b60a96e7cc9d9ac296f4d7e414b","name":"Edici\u00f3n Web","image":{"@type":"ImageObject","inLanguage":"es","@id":"https:\/\/secure.gravatar.com\/avatar\/eee448fc3f7164808013b816ba91ac7e43bbe82a70bebac296f8bc6f0addaa1a?s=96&d=mm&r=g","url":"https:\/\/secure.gravatar.com\/avatar\/eee448fc3f7164808013b816ba91ac7e43bbe82a70bebac296f8bc6f0addaa1a?s=96&d=mm&r=g","contentUrl":"https:\/\/secure.gravatar.com\/avatar\/eee448fc3f7164808013b816ba91ac7e43bbe82a70bebac296f8bc6f0addaa1a?s=96&d=mm&r=g","caption":"Edici\u00f3n Web"},"url":"https:\/\/canal7slp.tv\/2025\/author\/edicionweb\/"}]}},"_links":{"self":[{"href":"https:\/\/canal7slp.tv\/2025\/wp-json\/wp\/v2\/posts\/179371","targetHints":{"allow":["GET"]}}],"collection":[{"href":"https:\/\/canal7slp.tv\/2025\/wp-json\/wp\/v2\/posts"}],"about":[{"href":"https:\/\/canal7slp.tv\/2025\/wp-json\/wp\/v2\/types\/post"}],"author":[{"embeddable":true,"href":"https:\/\/canal7slp.tv\/2025\/wp-json\/wp\/v2\/users\/2"}],"replies":[{"embeddable":true,"href":"https:\/\/canal7slp.tv\/2025\/wp-json\/wp\/v2\/comments?post=179371"}],"version-history":[{"count":1,"href":"https:\/\/canal7slp.tv\/2025\/wp-json\/wp\/v2\/posts\/179371\/revisions"}],"predecessor-version":[{"id":179373,"href":"https:\/\/canal7slp.tv\/2025\/wp-json\/wp\/v2\/posts\/179371\/revisions\/179373"}],"wp:featuredmedia":[{"embeddable":true,"href":"https:\/\/canal7slp.tv\/2025\/wp-json\/wp\/v2\/media\/179372"}],"wp:attachment":[{"href":"https:\/\/canal7slp.tv\/2025\/wp-json\/wp\/v2\/media?parent=179371"}],"wp:term":[{"taxonomy":"category","embeddable":true,"href":"https:\/\/canal7slp.tv\/2025\/wp-json\/wp\/v2\/categories?post=179371"},{"taxonomy":"post_tag","embeddable":true,"href":"https:\/\/canal7slp.tv\/2025\/wp-json\/wp\/v2\/tags?post=179371"}],"curies":[{"name":"wp","href":"https:\/\/api.w.org\/{rel}","templated":true}]}}