{"id":179343,"date":"2025-09-16T01:15:12","date_gmt":"2025-09-16T07:15:12","guid":{"rendered":"https:\/\/canal7slp.tv\/2025\/?p=179343"},"modified":"2025-09-16T01:15:12","modified_gmt":"2025-09-16T07:15:12","slug":"con-grito-de-independencia-se-celebro-el-aniversario-215-de-la-autonomia-de-mexico","status":"publish","type":"post","link":"https:\/\/canal7slp.tv\/2025\/con-grito-de-independencia-se-celebro-el-aniversario-215-de-la-autonomia-de-mexico\/","title":{"rendered":"Con Grito de Independencia se celebr\u00f3 el aniversario 215 de la autonom\u00eda de M\u00e9xico"},"content":{"rendered":"<p style=\"text-align: justify;\">SLP.- El gobernador de San Luis Potos\u00ed, Ricardo Gallardo Cardona, realiz\u00f3 la tradicional ceremonia del Grito de Independencia en Plaza de Armas la cual luci\u00f3 repleta de poblaci\u00f3n que se dio cita para disfrutar de las amenidades.<\/p>\n<p style=\"text-align: justify;\">Desde temprana hora la plaza ubicada en el primer cuadro de la ciudad cont\u00f3 con una verbena popular en la que se pudo disfrutar de antojitos totalmente gratuitos ofrecidos por el Gobierno del Estado encabezado por el titular del Poder Ejecutivo local, Ricardo Gallardo Cardona.<\/p>\n<p style=\"text-align: justify;\">Adem\u00e1s de la zona de antojitos gratuita, cientos de comercios de todo tipo se colocaron en las plazas que se ubican en inmediaciones del Palacio de Gobierno y los cuales saciaron a los visitantes con platillos como tacos rojos, tamales, dulces tradicionales, elotes y m\u00e1s.<\/p>\n<p style=\"text-align: justify;\">Alrededor de las 11 de la noche el gobernador Ricardo Gallardo sali\u00f3 al balc\u00f3n principal de Palacio de Gobierno y enunci\u00f3 las tradicionales frases de libertad e independencia.<\/p>\n<p style=\"text-align: justify;\">\u00abPotosinas y potosinos vivan los h\u00e9roes que nos dieron patria y libertad, viva Miguel Hidalgo, viva Jos\u00e9 Mar\u00eda Morelos y Pav\u00f3n, viva Josefa Ortiz, viva Vicente Guerrero, viva Juan Aldama, viva Ignacio Allende, viva el potosino Mariano Jim\u00e9nez, viva la huasteca potosina, viva la zona media, viva la zona centro, viva San Luis Potos\u00ed, Viva M\u00e9xico, viva M\u00e9xico, viva M\u00e9xico\u00bb.<\/p>\n<p style=\"text-align: justify;\">Posterior al Grito de Independencia, la pirotecnia, como cada a\u00f1o, fue el atractivo que impresion\u00f3 a los turistas y locales que se dieron cita en Plaza de Armas.<\/p>\n<p style=\"text-align: justify;\">Una vez concluida la p\u00f3lvora, Los Alame\u00f1os de la Sierra arrancaron con la serie de \u00e9xitos musicales que prendieron el ambiente en una plaza que luci\u00f3 repleta.<\/p>\n<p>Por: Juan Carlos Contreras<\/p>\n","protected":false},"excerpt":{"rendered":"<p>SLP.- El gobernador de San Luis Potos\u00ed, Ricardo Gallardo Cardona, realiz\u00f3 la tradicional ceremonia del Grito de Independencia en Plaza de Armas la cual luci\u00f3 repleta de poblaci\u00f3n que se dio cita para disfrutar de las amenidades. Desde temprana hora la plaza ubicada en el primer cuadro de la ciudad cont\u00f3 con una verbena popular en la que se pudo disfrutar de antojitos totalmente gratuitos ofrecidos por el Gobierno del Estado encabezado por el titular del Poder Ejecutivo local, Ricardo Gallardo Cardona. Adem\u00e1s de la zona de antojitos gratuita, cientos de comercios de todo tipo se colocaron en las plazas [&hellip;]<\/p>\n","protected":false},"author":2,"featured_media":179345,"comment_status":"closed","ping_status":"closed","sticky":false,"template":"","format":"video","meta":{"_monsterinsights_skip_tracking":false,"_monsterinsights_sitenote_active":false,"_monsterinsights_sitenote_note":"","_monsterinsights_sitenote_category":0,"footnotes":""},"categories":[5,510,45],"tags":[],"class_list":["post-179343","post","type-post","status-publish","format-video","has-post-thumbnail","hentry","category-destacadas","category-gobedoslp","category-localesyregionales","post_format-post-format-video","post--single"],"yoast_head":"<!-- This site is optimized with the Yoast SEO plugin v27.5 - https:\/\/yoast.com\/product\/yoast-seo-wordpress\/ -->\n<title>Con Grito de Independencia se celebr\u00f3 el aniversario 215 de la autonom\u00eda de M\u00e9xico - Canal 7 SLP - 2025<\/title>\n<meta name=\"robots\" content=\"index, follow, max-snippet:-1, max-image-preview:large, max-video-preview:-1\" \/>\n<link rel=\"canonical\" href=\"https:\/\/canal7slp.tv\/2025\/con-grito-de-independencia-se-celebro-el-aniversario-215-de-la-autonomia-de-mexico\/\" \/>\n<meta property=\"og:locale\" content=\"es_ES\" \/>\n<meta property=\"og:type\" content=\"article\" \/>\n<meta property=\"og:title\" content=\"Con Grito de Independencia se celebr\u00f3 el aniversario 215 de la autonom\u00eda de M\u00e9xico - Canal 7 SLP - 2025\" \/>\n<meta property=\"og:description\" content=\"SLP.- El gobernador de San Luis Potos\u00ed, Ricardo Gallardo Cardona, realiz\u00f3 la tradicional ceremonia del Grito de Independencia en Plaza de Armas la cual luci\u00f3 repleta de poblaci\u00f3n que se dio cita para disfrutar de las amenidades. Desde temprana hora la plaza ubicada en el primer cuadro de la ciudad cont\u00f3 con una verbena popular en la que se pudo disfrutar de antojitos totalmente gratuitos ofrecidos por el Gobierno del Estado encabezado por el titular del Poder Ejecutivo local, Ricardo Gallardo Cardona. Adem\u00e1s de la zona de antojitos gratuita, cientos de comercios de todo tipo se colocaron en las plazas [&hellip;]\" \/>\n<meta property=\"og:url\" content=\"https:\/\/canal7slp.tv\/2025\/con-grito-de-independencia-se-celebro-el-aniversario-215-de-la-autonomia-de-mexico\/\" \/>\n<meta property=\"og:site_name\" content=\"Canal 7 SLP - 2025\" \/>\n<meta property=\"article:publisher\" content=\"https:\/\/www.facebook.com\/noticieroscanal7atencionciudadana\/\" \/>\n<meta property=\"article:published_time\" content=\"2025-09-16T07:15:12+00:00\" \/>\n<meta property=\"og:image\" content=\"https:\/\/canal7slp.tv\/2025\/wp-content\/uploads\/2025\/09\/POky01FiestasPatrias.jpg\" \/>\n\t<meta property=\"og:image:width\" content=\"1280\" \/>\n\t<meta property=\"og:image:height\" content=\"720\" \/>\n\t<meta property=\"og:image:type\" content=\"image\/jpeg\" \/>\n<meta name=\"author\" content=\"Edici\u00f3n Web\" \/>\n<meta name=\"twitter:card\" content=\"summary_large_image\" \/>\n<meta name=\"twitter:creator\" content=\"@NOTICIEROS7\" \/>\n<meta name=\"twitter:site\" content=\"@NOTICIEROS7\" \/>\n<meta name=\"twitter:label1\" content=\"Escrito por\" \/>\n\t<meta name=\"twitter:data1\" content=\"Edici\u00f3n Web\" \/>\n\t<meta name=\"twitter:label2\" content=\"Tiempo de lectura\" \/>\n\t<meta name=\"twitter:data2\" content=\"2 minutos\" \/>\n<script type=\"application\/ld+json\" class=\"yoast-schema-graph\">{\"@context\":\"https:\\\/\\\/schema.org\",\"@graph\":[{\"@type\":\"Article\",\"@id\":\"https:\\\/\\\/canal7slp.tv\\\/2025\\\/con-grito-de-independencia-se-celebro-el-aniversario-215-de-la-autonomia-de-mexico\\\/#article\",\"isPartOf\":{\"@id\":\"https:\\\/\\\/canal7slp.tv\\\/2025\\\/con-grito-de-independencia-se-celebro-el-aniversario-215-de-la-autonomia-de-mexico\\\/\"},\"author\":{\"name\":\"Edici\u00f3n Web\",\"@id\":\"https:\\\/\\\/canal7slp.tv\\\/2025\\\/#\\\/schema\\\/person\\\/271e2b60a96e7cc9d9ac296f4d7e414b\"},\"headline\":\"Con Grito de Independencia se celebr\u00f3 el aniversario 215 de la autonom\u00eda de M\u00e9xico\",\"datePublished\":\"2025-09-16T07:15:12+00:00\",\"mainEntityOfPage\":{\"@id\":\"https:\\\/\\\/canal7slp.tv\\\/2025\\\/con-grito-de-independencia-se-celebro-el-aniversario-215-de-la-autonomia-de-mexico\\\/\"},\"wordCount\":303,\"publisher\":{\"@id\":\"https:\\\/\\\/canal7slp.tv\\\/2025\\\/#organization\"},\"image\":{\"@id\":\"https:\\\/\\\/canal7slp.tv\\\/2025\\\/con-grito-de-independencia-se-celebro-el-aniversario-215-de-la-autonomia-de-mexico\\\/#primaryimage\"},\"thumbnailUrl\":\"https:\\\/\\\/canal7slp.tv\\\/2025\\\/wp-content\\\/uploads\\\/2025\\\/09\\\/POky01FiestasPatrias.jpg\",\"articleSection\":[\"DESTACADAS\",\"GOBEDOSLP\",\"LOCALES Y REGIONALES\"],\"inLanguage\":\"es\"},{\"@type\":\"WebPage\",\"@id\":\"https:\\\/\\\/canal7slp.tv\\\/2025\\\/con-grito-de-independencia-se-celebro-el-aniversario-215-de-la-autonomia-de-mexico\\\/\",\"url\":\"https:\\\/\\\/canal7slp.tv\\\/2025\\\/con-grito-de-independencia-se-celebro-el-aniversario-215-de-la-autonomia-de-mexico\\\/\",\"name\":\"Con Grito de Independencia se celebr\u00f3 el aniversario 215 de la autonom\u00eda de M\u00e9xico - Canal 7 SLP - 2025\",\"isPartOf\":{\"@id\":\"https:\\\/\\\/canal7slp.tv\\\/2025\\\/#website\"},\"primaryImageOfPage\":{\"@id\":\"https:\\\/\\\/canal7slp.tv\\\/2025\\\/con-grito-de-independencia-se-celebro-el-aniversario-215-de-la-autonomia-de-mexico\\\/#primaryimage\"},\"image\":{\"@id\":\"https:\\\/\\\/canal7slp.tv\\\/2025\\\/con-grito-de-independencia-se-celebro-el-aniversario-215-de-la-autonomia-de-mexico\\\/#primaryimage\"},\"thumbnailUrl\":\"https:\\\/\\\/canal7slp.tv\\\/2025\\\/wp-content\\\/uploads\\\/2025\\\/09\\\/POky01FiestasPatrias.jpg\",\"datePublished\":\"2025-09-16T07:15:12+00:00\",\"breadcrumb\":{\"@id\":\"https:\\\/\\\/canal7slp.tv\\\/2025\\\/con-grito-de-independencia-se-celebro-el-aniversario-215-de-la-autonomia-de-mexico\\\/#breadcrumb\"},\"inLanguage\":\"es\",\"potentialAction\":[{\"@type\":\"ReadAction\",\"target\":[\"https:\\\/\\\/canal7slp.tv\\\/2025\\\/con-grito-de-independencia-se-celebro-el-aniversario-215-de-la-autonomia-de-mexico\\\/\"]}]},{\"@type\":\"ImageObject\",\"inLanguage\":\"es\",\"@id\":\"https:\\\/\\\/canal7slp.tv\\\/2025\\\/con-grito-de-independencia-se-celebro-el-aniversario-215-de-la-autonomia-de-mexico\\\/#primaryimage\",\"url\":\"https:\\\/\\\/canal7slp.tv\\\/2025\\\/wp-content\\\/uploads\\\/2025\\\/09\\\/POky01FiestasPatrias.jpg\",\"contentUrl\":\"https:\\\/\\\/canal7slp.tv\\\/2025\\\/wp-content\\\/uploads\\\/2025\\\/09\\\/POky01FiestasPatrias.jpg\",\"width\":1280,\"height\":720},{\"@type\":\"BreadcrumbList\",\"@id\":\"https:\\\/\\\/canal7slp.tv\\\/2025\\\/con-grito-de-independencia-se-celebro-el-aniversario-215-de-la-autonomia-de-mexico\\\/#breadcrumb\",\"itemListElement\":[{\"@type\":\"ListItem\",\"position\":1,\"name\":\"Portada\",\"item\":\"https:\\\/\\\/canal7slp.tv\\\/2025\\\/\"},{\"@type\":\"ListItem\",\"position\":2,\"name\":\"Con Grito de Independencia se celebr\u00f3 el aniversario 215 de la autonom\u00eda de M\u00e9xico\"}]},{\"@type\":\"WebSite\",\"@id\":\"https:\\\/\\\/canal7slp.tv\\\/2025\\\/#website\",\"url\":\"https:\\\/\\\/canal7slp.tv\\\/2025\\\/\",\"name\":\"N7 - Noticieros Canal 7\",\"description\":\"Somos el Medio\",\"publisher\":{\"@id\":\"https:\\\/\\\/canal7slp.tv\\\/2025\\\/#organization\"},\"potentialAction\":[{\"@type\":\"SearchAction\",\"target\":{\"@type\":\"EntryPoint\",\"urlTemplate\":\"https:\\\/\\\/canal7slp.tv\\\/2025\\\/?s={search_term_string}\"},\"query-input\":{\"@type\":\"PropertyValueSpecification\",\"valueRequired\":true,\"valueName\":\"search_term_string\"}}],\"inLanguage\":\"es\"},{\"@type\":\"Organization\",\"@id\":\"https:\\\/\\\/canal7slp.tv\\\/2025\\\/#organization\",\"name\":\"Noticieros Canal 7\",\"url\":\"https:\\\/\\\/canal7slp.tv\\\/2025\\\/\",\"logo\":{\"@type\":\"ImageObject\",\"inLanguage\":\"es\",\"@id\":\"https:\\\/\\\/canal7slp.tv\\\/2025\\\/#\\\/schema\\\/logo\\\/image\\\/\",\"url\":\"https:\\\/\\\/canal7slp.tv\\\/2025\\\/wp-content\\\/uploads\\\/2021\\\/01\\\/logo-noticieros@2x.png\",\"contentUrl\":\"https:\\\/\\\/canal7slp.tv\\\/2025\\\/wp-content\\\/uploads\\\/2021\\\/01\\\/logo-noticieros@2x.png\",\"width\":1017,\"height\":268,\"caption\":\"Noticieros Canal 7\"},\"image\":{\"@id\":\"https:\\\/\\\/canal7slp.tv\\\/2025\\\/#\\\/schema\\\/logo\\\/image\\\/\"},\"sameAs\":[\"https:\\\/\\\/www.facebook.com\\\/noticieroscanal7atencionciudadana\\\/\",\"https:\\\/\\\/x.com\\\/NOTICIEROS7\",\"https:\\\/\\\/www.instagram.com\\\/canal7_slp\",\"https:\\\/\\\/www.youtube.com\\\/channel\\\/UCliiYs-gP3JfJeqdPrNdd5A\"]},{\"@type\":\"Person\",\"@id\":\"https:\\\/\\\/canal7slp.tv\\\/2025\\\/#\\\/schema\\\/person\\\/271e2b60a96e7cc9d9ac296f4d7e414b\",\"name\":\"Edici\u00f3n Web\",\"image\":{\"@type\":\"ImageObject\",\"inLanguage\":\"es\",\"@id\":\"https:\\\/\\\/secure.gravatar.com\\\/avatar\\\/eee448fc3f7164808013b816ba91ac7e43bbe82a70bebac296f8bc6f0addaa1a?s=96&d=mm&r=g\",\"url\":\"https:\\\/\\\/secure.gravatar.com\\\/avatar\\\/eee448fc3f7164808013b816ba91ac7e43bbe82a70bebac296f8bc6f0addaa1a?s=96&d=mm&r=g\",\"contentUrl\":\"https:\\\/\\\/secure.gravatar.com\\\/avatar\\\/eee448fc3f7164808013b816ba91ac7e43bbe82a70bebac296f8bc6f0addaa1a?s=96&d=mm&r=g\",\"caption\":\"Edici\u00f3n Web\"},\"url\":\"https:\\\/\\\/canal7slp.tv\\\/2025\\\/author\\\/edicionweb\\\/\"}]}<\/script>\n<!-- \/ Yoast SEO plugin. -->","yoast_head_json":{"title":"Con Grito de Independencia se celebr\u00f3 el aniversario 215 de la autonom\u00eda de M\u00e9xico - Canal 7 SLP - 2025","robots":{"index":"index","follow":"follow","max-snippet":"max-snippet:-1","max-image-preview":"max-image-preview:large","max-video-preview":"max-video-preview:-1"},"canonical":"https:\/\/canal7slp.tv\/2025\/con-grito-de-independencia-se-celebro-el-aniversario-215-de-la-autonomia-de-mexico\/","og_locale":"es_ES","og_type":"article","og_title":"Con Grito de Independencia se celebr\u00f3 el aniversario 215 de la autonom\u00eda de M\u00e9xico - Canal 7 SLP - 2025","og_description":"SLP.- El gobernador de San Luis Potos\u00ed, Ricardo Gallardo Cardona, realiz\u00f3 la tradicional ceremonia del Grito de Independencia en Plaza de Armas la cual luci\u00f3 repleta de poblaci\u00f3n que se dio cita para disfrutar de las amenidades. Desde temprana hora la plaza ubicada en el primer cuadro de la ciudad cont\u00f3 con una verbena popular en la que se pudo disfrutar de antojitos totalmente gratuitos ofrecidos por el Gobierno del Estado encabezado por el titular del Poder Ejecutivo local, Ricardo Gallardo Cardona. Adem\u00e1s de la zona de antojitos gratuita, cientos de comercios de todo tipo se colocaron en las plazas [&hellip;]","og_url":"https:\/\/canal7slp.tv\/2025\/con-grito-de-independencia-se-celebro-el-aniversario-215-de-la-autonomia-de-mexico\/","og_site_name":"Canal 7 SLP - 2025","article_publisher":"https:\/\/www.facebook.com\/noticieroscanal7atencionciudadana\/","article_published_time":"2025-09-16T07:15:12+00:00","og_image":[{"width":1280,"height":720,"url":"https:\/\/canal7slp.tv\/2025\/wp-content\/uploads\/2025\/09\/POky01FiestasPatrias.jpg","type":"image\/jpeg"}],"author":"Edici\u00f3n Web","twitter_card":"summary_large_image","twitter_creator":"@NOTICIEROS7","twitter_site":"@NOTICIEROS7","twitter_misc":{"Escrito por":"Edici\u00f3n Web","Tiempo de lectura":"2 minutos"},"schema":{"@context":"https:\/\/schema.org","@graph":[{"@type":"Article","@id":"https:\/\/canal7slp.tv\/2025\/con-grito-de-independencia-se-celebro-el-aniversario-215-de-la-autonomia-de-mexico\/#article","isPartOf":{"@id":"https:\/\/canal7slp.tv\/2025\/con-grito-de-independencia-se-celebro-el-aniversario-215-de-la-autonomia-de-mexico\/"},"author":{"name":"Edici\u00f3n Web","@id":"https:\/\/canal7slp.tv\/2025\/#\/schema\/person\/271e2b60a96e7cc9d9ac296f4d7e414b"},"headline":"Con Grito de Independencia se celebr\u00f3 el aniversario 215 de la autonom\u00eda de M\u00e9xico","datePublished":"2025-09-16T07:15:12+00:00","mainEntityOfPage":{"@id":"https:\/\/canal7slp.tv\/2025\/con-grito-de-independencia-se-celebro-el-aniversario-215-de-la-autonomia-de-mexico\/"},"wordCount":303,"publisher":{"@id":"https:\/\/canal7slp.tv\/2025\/#organization"},"image":{"@id":"https:\/\/canal7slp.tv\/2025\/con-grito-de-independencia-se-celebro-el-aniversario-215-de-la-autonomia-de-mexico\/#primaryimage"},"thumbnailUrl":"https:\/\/canal7slp.tv\/2025\/wp-content\/uploads\/2025\/09\/POky01FiestasPatrias.jpg","articleSection":["DESTACADAS","GOBEDOSLP","LOCALES Y REGIONALES"],"inLanguage":"es"},{"@type":"WebPage","@id":"https:\/\/canal7slp.tv\/2025\/con-grito-de-independencia-se-celebro-el-aniversario-215-de-la-autonomia-de-mexico\/","url":"https:\/\/canal7slp.tv\/2025\/con-grito-de-independencia-se-celebro-el-aniversario-215-de-la-autonomia-de-mexico\/","name":"Con Grito de Independencia se celebr\u00f3 el aniversario 215 de la autonom\u00eda de M\u00e9xico - Canal 7 SLP - 2025","isPartOf":{"@id":"https:\/\/canal7slp.tv\/2025\/#website"},"primaryImageOfPage":{"@id":"https:\/\/canal7slp.tv\/2025\/con-grito-de-independencia-se-celebro-el-aniversario-215-de-la-autonomia-de-mexico\/#primaryimage"},"image":{"@id":"https:\/\/canal7slp.tv\/2025\/con-grito-de-independencia-se-celebro-el-aniversario-215-de-la-autonomia-de-mexico\/#primaryimage"},"thumbnailUrl":"https:\/\/canal7slp.tv\/2025\/wp-content\/uploads\/2025\/09\/POky01FiestasPatrias.jpg","datePublished":"2025-09-16T07:15:12+00:00","breadcrumb":{"@id":"https:\/\/canal7slp.tv\/2025\/con-grito-de-independencia-se-celebro-el-aniversario-215-de-la-autonomia-de-mexico\/#breadcrumb"},"inLanguage":"es","potentialAction":[{"@type":"ReadAction","target":["https:\/\/canal7slp.tv\/2025\/con-grito-de-independencia-se-celebro-el-aniversario-215-de-la-autonomia-de-mexico\/"]}]},{"@type":"ImageObject","inLanguage":"es","@id":"https:\/\/canal7slp.tv\/2025\/con-grito-de-independencia-se-celebro-el-aniversario-215-de-la-autonomia-de-mexico\/#primaryimage","url":"https:\/\/canal7slp.tv\/2025\/wp-content\/uploads\/2025\/09\/POky01FiestasPatrias.jpg","contentUrl":"https:\/\/canal7slp.tv\/2025\/wp-content\/uploads\/2025\/09\/POky01FiestasPatrias.jpg","width":1280,"height":720},{"@type":"BreadcrumbList","@id":"https:\/\/canal7slp.tv\/2025\/con-grito-de-independencia-se-celebro-el-aniversario-215-de-la-autonomia-de-mexico\/#breadcrumb","itemListElement":[{"@type":"ListItem","position":1,"name":"Portada","item":"https:\/\/canal7slp.tv\/2025\/"},{"@type":"ListItem","position":2,"name":"Con Grito de Independencia se celebr\u00f3 el aniversario 215 de la autonom\u00eda de M\u00e9xico"}]},{"@type":"WebSite","@id":"https:\/\/canal7slp.tv\/2025\/#website","url":"https:\/\/canal7slp.tv\/2025\/","name":"N7 - Noticieros Canal 7","description":"Somos el Medio","publisher":{"@id":"https:\/\/canal7slp.tv\/2025\/#organization"},"potentialAction":[{"@type":"SearchAction","target":{"@type":"EntryPoint","urlTemplate":"https:\/\/canal7slp.tv\/2025\/?s={search_term_string}"},"query-input":{"@type":"PropertyValueSpecification","valueRequired":true,"valueName":"search_term_string"}}],"inLanguage":"es"},{"@type":"Organization","@id":"https:\/\/canal7slp.tv\/2025\/#organization","name":"Noticieros Canal 7","url":"https:\/\/canal7slp.tv\/2025\/","logo":{"@type":"ImageObject","inLanguage":"es","@id":"https:\/\/canal7slp.tv\/2025\/#\/schema\/logo\/image\/","url":"https:\/\/canal7slp.tv\/2025\/wp-content\/uploads\/2021\/01\/logo-noticieros@2x.png","contentUrl":"https:\/\/canal7slp.tv\/2025\/wp-content\/uploads\/2021\/01\/logo-noticieros@2x.png","width":1017,"height":268,"caption":"Noticieros Canal 7"},"image":{"@id":"https:\/\/canal7slp.tv\/2025\/#\/schema\/logo\/image\/"},"sameAs":["https:\/\/www.facebook.com\/noticieroscanal7atencionciudadana\/","https:\/\/x.com\/NOTICIEROS7","https:\/\/www.instagram.com\/canal7_slp","https:\/\/www.youtube.com\/channel\/UCliiYs-gP3JfJeqdPrNdd5A"]},{"@type":"Person","@id":"https:\/\/canal7slp.tv\/2025\/#\/schema\/person\/271e2b60a96e7cc9d9ac296f4d7e414b","name":"Edici\u00f3n Web","image":{"@type":"ImageObject","inLanguage":"es","@id":"https:\/\/secure.gravatar.com\/avatar\/eee448fc3f7164808013b816ba91ac7e43bbe82a70bebac296f8bc6f0addaa1a?s=96&d=mm&r=g","url":"https:\/\/secure.gravatar.com\/avatar\/eee448fc3f7164808013b816ba91ac7e43bbe82a70bebac296f8bc6f0addaa1a?s=96&d=mm&r=g","contentUrl":"https:\/\/secure.gravatar.com\/avatar\/eee448fc3f7164808013b816ba91ac7e43bbe82a70bebac296f8bc6f0addaa1a?s=96&d=mm&r=g","caption":"Edici\u00f3n Web"},"url":"https:\/\/canal7slp.tv\/2025\/author\/edicionweb\/"}]}},"_links":{"self":[{"href":"https:\/\/canal7slp.tv\/2025\/wp-json\/wp\/v2\/posts\/179343","targetHints":{"allow":["GET"]}}],"collection":[{"href":"https:\/\/canal7slp.tv\/2025\/wp-json\/wp\/v2\/posts"}],"about":[{"href":"https:\/\/canal7slp.tv\/2025\/wp-json\/wp\/v2\/types\/post"}],"author":[{"embeddable":true,"href":"https:\/\/canal7slp.tv\/2025\/wp-json\/wp\/v2\/users\/2"}],"replies":[{"embeddable":true,"href":"https:\/\/canal7slp.tv\/2025\/wp-json\/wp\/v2\/comments?post=179343"}],"version-history":[{"count":1,"href":"https:\/\/canal7slp.tv\/2025\/wp-json\/wp\/v2\/posts\/179343\/revisions"}],"predecessor-version":[{"id":179346,"href":"https:\/\/canal7slp.tv\/2025\/wp-json\/wp\/v2\/posts\/179343\/revisions\/179346"}],"wp:featuredmedia":[{"embeddable":true,"href":"https:\/\/canal7slp.tv\/2025\/wp-json\/wp\/v2\/media\/179345"}],"wp:attachment":[{"href":"https:\/\/canal7slp.tv\/2025\/wp-json\/wp\/v2\/media?parent=179343"}],"wp:term":[{"taxonomy":"category","embeddable":true,"href":"https:\/\/canal7slp.tv\/2025\/wp-json\/wp\/v2\/categories?post=179343"},{"taxonomy":"post_tag","embeddable":true,"href":"https:\/\/canal7slp.tv\/2025\/wp-json\/wp\/v2\/tags?post=179343"}],"curies":[{"name":"wp","href":"https:\/\/api.w.org\/{rel}","templated":true}]}}