{"id":179245,"date":"2025-09-15T14:11:07","date_gmt":"2025-09-15T20:11:07","guid":{"rendered":"https:\/\/canal7slp.tv\/2025\/?p=179245"},"modified":"2025-09-15T14:11:07","modified_gmt":"2025-09-15T20:11:07","slug":"se-registra-sismo-de-4-7-grados-saca-costas-de-oaxaca-durante-madrugada-del-15-de-septiembre","status":"publish","type":"post","link":"https:\/\/canal7slp.tv\/2025\/se-registra-sismo-de-4-7-grados-saca-costas-de-oaxaca-durante-madrugada-del-15-de-septiembre\/","title":{"rendered":"Se registra sismo de 4.7 grados saca costas de Oaxaca durante madrugada del 15 de septiembre"},"content":{"rendered":"<p style=\"text-align: justify;\">\n<p style=\"text-align: justify;\">M\u00e9xico.- Un sismo de magnitud 4.7 se registr\u00f3 a las 06:36 horas de este 15 de septiembre frente a las costas de Oaxaca, con epicentro localizado a 5 kil\u00f3metros al noroeste de Salina Cruz. El movimiento, ocurrido en el marco de las conmemoraciones del Grito de Independencia, alcanz\u00f3 una profundidad de 31 kil\u00f3metros.<\/p>\n<p style=\"text-align: justify;\">De acuerdo con el Servicio Sismol\u00f3gico Nacional, el temblor fue perceptible en diversas localidades del Istmo de Tehuantepec y zonas aleda\u00f1as, aunque no activ\u00f3 el Sistema de Alerta S\u00edsmica Mexicano al no superar los par\u00e1metros de energ\u00eda requeridos.<\/p>\n<p style=\"text-align: justify;\">Autoridades locales reportaron que hasta el momento no se han registrado da\u00f1os materiales ni personas lesionadas como consecuencia del movimiento tel\u00farico. No obstante, se recomend\u00f3 a la poblaci\u00f3n mantener la calma y verificar el estado estructural de inmuebles vulnerables.<\/p>\n<p style=\"text-align: justify;\">El evento s\u00edsmico ocurre cuatro d\u00edas antes del Segundo Simulacro Nacional programado para el 19 de septiembre, fecha en que se probar\u00e1 un nuevo sistema de alertamiento mediante telefon\u00eda celular en todo el territorio nacional.<\/p>\n","protected":false},"excerpt":{"rendered":"<p>M\u00e9xico.- Un sismo de magnitud 4.7 se registr\u00f3 a las 06:36 horas de este 15 de septiembre frente a las costas de Oaxaca, con epicentro localizado a 5 kil\u00f3metros al noroeste de Salina Cruz. El movimiento, ocurrido en el marco de las conmemoraciones del Grito de Independencia, alcanz\u00f3 una profundidad de 31 kil\u00f3metros. De acuerdo con el Servicio Sismol\u00f3gico Nacional, el temblor fue perceptible en diversas localidades del Istmo de Tehuantepec y zonas aleda\u00f1as, aunque no activ\u00f3 el Sistema de Alerta S\u00edsmica Mexicano al no superar los par\u00e1metros de energ\u00eda requeridos. Autoridades locales reportaron que hasta el momento no se [&hellip;]<\/p>\n","protected":false},"author":2,"featured_media":179246,"comment_status":"closed","ping_status":"closed","sticky":false,"template":"","format":"standard","meta":{"_monsterinsights_skip_tracking":false,"_monsterinsights_sitenote_active":false,"_monsterinsights_sitenote_note":"","_monsterinsights_sitenote_category":0,"footnotes":""},"categories":[46],"tags":[],"class_list":["post-179245","post","type-post","status-publish","format-standard","has-post-thumbnail","hentry","category-nacional","post--single"],"yoast_head":"<!-- This site is optimized with the Yoast SEO plugin v27.5 - https:\/\/yoast.com\/product\/yoast-seo-wordpress\/ -->\n<title>Se registra sismo de 4.7 grados saca costas de Oaxaca durante madrugada del 15 de septiembre - Canal 7 SLP - 2025<\/title>\n<meta name=\"robots\" content=\"index, follow, max-snippet:-1, max-image-preview:large, max-video-preview:-1\" \/>\n<link rel=\"canonical\" href=\"https:\/\/canal7slp.tv\/2025\/se-registra-sismo-de-4-7-grados-saca-costas-de-oaxaca-durante-madrugada-del-15-de-septiembre\/\" \/>\n<meta property=\"og:locale\" content=\"es_ES\" \/>\n<meta property=\"og:type\" content=\"article\" \/>\n<meta property=\"og:title\" content=\"Se registra sismo de 4.7 grados saca costas de Oaxaca durante madrugada del 15 de septiembre - Canal 7 SLP - 2025\" \/>\n<meta property=\"og:description\" content=\"M\u00e9xico.- Un sismo de magnitud 4.7 se registr\u00f3 a las 06:36 horas de este 15 de septiembre frente a las costas de Oaxaca, con epicentro localizado a 5 kil\u00f3metros al noroeste de Salina Cruz. El movimiento, ocurrido en el marco de las conmemoraciones del Grito de Independencia, alcanz\u00f3 una profundidad de 31 kil\u00f3metros. De acuerdo con el Servicio Sismol\u00f3gico Nacional, el temblor fue perceptible en diversas localidades del Istmo de Tehuantepec y zonas aleda\u00f1as, aunque no activ\u00f3 el Sistema de Alerta S\u00edsmica Mexicano al no superar los par\u00e1metros de energ\u00eda requeridos. Autoridades locales reportaron que hasta el momento no se [&hellip;]\" \/>\n<meta property=\"og:url\" content=\"https:\/\/canal7slp.tv\/2025\/se-registra-sismo-de-4-7-grados-saca-costas-de-oaxaca-durante-madrugada-del-15-de-septiembre\/\" \/>\n<meta property=\"og:site_name\" content=\"Canal 7 SLP - 2025\" \/>\n<meta property=\"article:publisher\" content=\"https:\/\/www.facebook.com\/noticieroscanal7atencionciudadana\/\" \/>\n<meta property=\"article:published_time\" content=\"2025-09-15T20:11:07+00:00\" \/>\n<meta property=\"og:image\" content=\"https:\/\/canal7slp.tv\/2025\/wp-content\/uploads\/2025\/09\/03-14.jpg\" \/>\n\t<meta property=\"og:image:width\" content=\"728\" \/>\n\t<meta property=\"og:image:height\" content=\"410\" \/>\n\t<meta property=\"og:image:type\" content=\"image\/jpeg\" \/>\n<meta name=\"author\" content=\"Edici\u00f3n Web\" \/>\n<meta name=\"twitter:card\" content=\"summary_large_image\" \/>\n<meta name=\"twitter:creator\" content=\"@NOTICIEROS7\" \/>\n<meta name=\"twitter:site\" content=\"@NOTICIEROS7\" \/>\n<meta name=\"twitter:label1\" content=\"Escrito por\" \/>\n\t<meta name=\"twitter:data1\" content=\"Edici\u00f3n Web\" \/>\n\t<meta name=\"twitter:label2\" content=\"Tiempo de lectura\" \/>\n\t<meta name=\"twitter:data2\" content=\"1 minuto\" \/>\n<script type=\"application\/ld+json\" class=\"yoast-schema-graph\">{\"@context\":\"https:\\\/\\\/schema.org\",\"@graph\":[{\"@type\":\"Article\",\"@id\":\"https:\\\/\\\/canal7slp.tv\\\/2025\\\/se-registra-sismo-de-4-7-grados-saca-costas-de-oaxaca-durante-madrugada-del-15-de-septiembre\\\/#article\",\"isPartOf\":{\"@id\":\"https:\\\/\\\/canal7slp.tv\\\/2025\\\/se-registra-sismo-de-4-7-grados-saca-costas-de-oaxaca-durante-madrugada-del-15-de-septiembre\\\/\"},\"author\":{\"name\":\"Edici\u00f3n Web\",\"@id\":\"https:\\\/\\\/canal7slp.tv\\\/2025\\\/#\\\/schema\\\/person\\\/271e2b60a96e7cc9d9ac296f4d7e414b\"},\"headline\":\"Se registra sismo de 4.7 grados saca costas de Oaxaca durante madrugada del 15 de septiembre\",\"datePublished\":\"2025-09-15T20:11:07+00:00\",\"mainEntityOfPage\":{\"@id\":\"https:\\\/\\\/canal7slp.tv\\\/2025\\\/se-registra-sismo-de-4-7-grados-saca-costas-de-oaxaca-durante-madrugada-del-15-de-septiembre\\\/\"},\"wordCount\":188,\"publisher\":{\"@id\":\"https:\\\/\\\/canal7slp.tv\\\/2025\\\/#organization\"},\"image\":{\"@id\":\"https:\\\/\\\/canal7slp.tv\\\/2025\\\/se-registra-sismo-de-4-7-grados-saca-costas-de-oaxaca-durante-madrugada-del-15-de-septiembre\\\/#primaryimage\"},\"thumbnailUrl\":\"https:\\\/\\\/canal7slp.tv\\\/2025\\\/wp-content\\\/uploads\\\/2025\\\/09\\\/03-14.jpg\",\"articleSection\":[\"NACIONALES\"],\"inLanguage\":\"es\"},{\"@type\":\"WebPage\",\"@id\":\"https:\\\/\\\/canal7slp.tv\\\/2025\\\/se-registra-sismo-de-4-7-grados-saca-costas-de-oaxaca-durante-madrugada-del-15-de-septiembre\\\/\",\"url\":\"https:\\\/\\\/canal7slp.tv\\\/2025\\\/se-registra-sismo-de-4-7-grados-saca-costas-de-oaxaca-durante-madrugada-del-15-de-septiembre\\\/\",\"name\":\"Se registra sismo de 4.7 grados saca costas de Oaxaca durante madrugada del 15 de septiembre - Canal 7 SLP - 2025\",\"isPartOf\":{\"@id\":\"https:\\\/\\\/canal7slp.tv\\\/2025\\\/#website\"},\"primaryImageOfPage\":{\"@id\":\"https:\\\/\\\/canal7slp.tv\\\/2025\\\/se-registra-sismo-de-4-7-grados-saca-costas-de-oaxaca-durante-madrugada-del-15-de-septiembre\\\/#primaryimage\"},\"image\":{\"@id\":\"https:\\\/\\\/canal7slp.tv\\\/2025\\\/se-registra-sismo-de-4-7-grados-saca-costas-de-oaxaca-durante-madrugada-del-15-de-septiembre\\\/#primaryimage\"},\"thumbnailUrl\":\"https:\\\/\\\/canal7slp.tv\\\/2025\\\/wp-content\\\/uploads\\\/2025\\\/09\\\/03-14.jpg\",\"datePublished\":\"2025-09-15T20:11:07+00:00\",\"breadcrumb\":{\"@id\":\"https:\\\/\\\/canal7slp.tv\\\/2025\\\/se-registra-sismo-de-4-7-grados-saca-costas-de-oaxaca-durante-madrugada-del-15-de-septiembre\\\/#breadcrumb\"},\"inLanguage\":\"es\",\"potentialAction\":[{\"@type\":\"ReadAction\",\"target\":[\"https:\\\/\\\/canal7slp.tv\\\/2025\\\/se-registra-sismo-de-4-7-grados-saca-costas-de-oaxaca-durante-madrugada-del-15-de-septiembre\\\/\"]}]},{\"@type\":\"ImageObject\",\"inLanguage\":\"es\",\"@id\":\"https:\\\/\\\/canal7slp.tv\\\/2025\\\/se-registra-sismo-de-4-7-grados-saca-costas-de-oaxaca-durante-madrugada-del-15-de-septiembre\\\/#primaryimage\",\"url\":\"https:\\\/\\\/canal7slp.tv\\\/2025\\\/wp-content\\\/uploads\\\/2025\\\/09\\\/03-14.jpg\",\"contentUrl\":\"https:\\\/\\\/canal7slp.tv\\\/2025\\\/wp-content\\\/uploads\\\/2025\\\/09\\\/03-14.jpg\",\"width\":728,\"height\":410},{\"@type\":\"BreadcrumbList\",\"@id\":\"https:\\\/\\\/canal7slp.tv\\\/2025\\\/se-registra-sismo-de-4-7-grados-saca-costas-de-oaxaca-durante-madrugada-del-15-de-septiembre\\\/#breadcrumb\",\"itemListElement\":[{\"@type\":\"ListItem\",\"position\":1,\"name\":\"Portada\",\"item\":\"https:\\\/\\\/canal7slp.tv\\\/2025\\\/\"},{\"@type\":\"ListItem\",\"position\":2,\"name\":\"Se registra sismo de 4.7 grados saca costas de Oaxaca durante madrugada del 15 de septiembre\"}]},{\"@type\":\"WebSite\",\"@id\":\"https:\\\/\\\/canal7slp.tv\\\/2025\\\/#website\",\"url\":\"https:\\\/\\\/canal7slp.tv\\\/2025\\\/\",\"name\":\"N7 - Noticieros Canal 7\",\"description\":\"Somos el Medio\",\"publisher\":{\"@id\":\"https:\\\/\\\/canal7slp.tv\\\/2025\\\/#organization\"},\"potentialAction\":[{\"@type\":\"SearchAction\",\"target\":{\"@type\":\"EntryPoint\",\"urlTemplate\":\"https:\\\/\\\/canal7slp.tv\\\/2025\\\/?s={search_term_string}\"},\"query-input\":{\"@type\":\"PropertyValueSpecification\",\"valueRequired\":true,\"valueName\":\"search_term_string\"}}],\"inLanguage\":\"es\"},{\"@type\":\"Organization\",\"@id\":\"https:\\\/\\\/canal7slp.tv\\\/2025\\\/#organization\",\"name\":\"Noticieros Canal 7\",\"url\":\"https:\\\/\\\/canal7slp.tv\\\/2025\\\/\",\"logo\":{\"@type\":\"ImageObject\",\"inLanguage\":\"es\",\"@id\":\"https:\\\/\\\/canal7slp.tv\\\/2025\\\/#\\\/schema\\\/logo\\\/image\\\/\",\"url\":\"https:\\\/\\\/canal7slp.tv\\\/2025\\\/wp-content\\\/uploads\\\/2021\\\/01\\\/logo-noticieros@2x.png\",\"contentUrl\":\"https:\\\/\\\/canal7slp.tv\\\/2025\\\/wp-content\\\/uploads\\\/2021\\\/01\\\/logo-noticieros@2x.png\",\"width\":1017,\"height\":268,\"caption\":\"Noticieros Canal 7\"},\"image\":{\"@id\":\"https:\\\/\\\/canal7slp.tv\\\/2025\\\/#\\\/schema\\\/logo\\\/image\\\/\"},\"sameAs\":[\"https:\\\/\\\/www.facebook.com\\\/noticieroscanal7atencionciudadana\\\/\",\"https:\\\/\\\/x.com\\\/NOTICIEROS7\",\"https:\\\/\\\/www.instagram.com\\\/canal7_slp\",\"https:\\\/\\\/www.youtube.com\\\/channel\\\/UCliiYs-gP3JfJeqdPrNdd5A\"]},{\"@type\":\"Person\",\"@id\":\"https:\\\/\\\/canal7slp.tv\\\/2025\\\/#\\\/schema\\\/person\\\/271e2b60a96e7cc9d9ac296f4d7e414b\",\"name\":\"Edici\u00f3n Web\",\"image\":{\"@type\":\"ImageObject\",\"inLanguage\":\"es\",\"@id\":\"https:\\\/\\\/secure.gravatar.com\\\/avatar\\\/eee448fc3f7164808013b816ba91ac7e43bbe82a70bebac296f8bc6f0addaa1a?s=96&d=mm&r=g\",\"url\":\"https:\\\/\\\/secure.gravatar.com\\\/avatar\\\/eee448fc3f7164808013b816ba91ac7e43bbe82a70bebac296f8bc6f0addaa1a?s=96&d=mm&r=g\",\"contentUrl\":\"https:\\\/\\\/secure.gravatar.com\\\/avatar\\\/eee448fc3f7164808013b816ba91ac7e43bbe82a70bebac296f8bc6f0addaa1a?s=96&d=mm&r=g\",\"caption\":\"Edici\u00f3n Web\"},\"url\":\"https:\\\/\\\/canal7slp.tv\\\/2025\\\/author\\\/edicionweb\\\/\"}]}<\/script>\n<!-- \/ Yoast SEO plugin. -->","yoast_head_json":{"title":"Se registra sismo de 4.7 grados saca costas de Oaxaca durante madrugada del 15 de septiembre - Canal 7 SLP - 2025","robots":{"index":"index","follow":"follow","max-snippet":"max-snippet:-1","max-image-preview":"max-image-preview:large","max-video-preview":"max-video-preview:-1"},"canonical":"https:\/\/canal7slp.tv\/2025\/se-registra-sismo-de-4-7-grados-saca-costas-de-oaxaca-durante-madrugada-del-15-de-septiembre\/","og_locale":"es_ES","og_type":"article","og_title":"Se registra sismo de 4.7 grados saca costas de Oaxaca durante madrugada del 15 de septiembre - Canal 7 SLP - 2025","og_description":"M\u00e9xico.- Un sismo de magnitud 4.7 se registr\u00f3 a las 06:36 horas de este 15 de septiembre frente a las costas de Oaxaca, con epicentro localizado a 5 kil\u00f3metros al noroeste de Salina Cruz. El movimiento, ocurrido en el marco de las conmemoraciones del Grito de Independencia, alcanz\u00f3 una profundidad de 31 kil\u00f3metros. De acuerdo con el Servicio Sismol\u00f3gico Nacional, el temblor fue perceptible en diversas localidades del Istmo de Tehuantepec y zonas aleda\u00f1as, aunque no activ\u00f3 el Sistema de Alerta S\u00edsmica Mexicano al no superar los par\u00e1metros de energ\u00eda requeridos. Autoridades locales reportaron que hasta el momento no se [&hellip;]","og_url":"https:\/\/canal7slp.tv\/2025\/se-registra-sismo-de-4-7-grados-saca-costas-de-oaxaca-durante-madrugada-del-15-de-septiembre\/","og_site_name":"Canal 7 SLP - 2025","article_publisher":"https:\/\/www.facebook.com\/noticieroscanal7atencionciudadana\/","article_published_time":"2025-09-15T20:11:07+00:00","og_image":[{"width":728,"height":410,"url":"https:\/\/canal7slp.tv\/2025\/wp-content\/uploads\/2025\/09\/03-14.jpg","type":"image\/jpeg"}],"author":"Edici\u00f3n Web","twitter_card":"summary_large_image","twitter_creator":"@NOTICIEROS7","twitter_site":"@NOTICIEROS7","twitter_misc":{"Escrito por":"Edici\u00f3n Web","Tiempo de lectura":"1 minuto"},"schema":{"@context":"https:\/\/schema.org","@graph":[{"@type":"Article","@id":"https:\/\/canal7slp.tv\/2025\/se-registra-sismo-de-4-7-grados-saca-costas-de-oaxaca-durante-madrugada-del-15-de-septiembre\/#article","isPartOf":{"@id":"https:\/\/canal7slp.tv\/2025\/se-registra-sismo-de-4-7-grados-saca-costas-de-oaxaca-durante-madrugada-del-15-de-septiembre\/"},"author":{"name":"Edici\u00f3n Web","@id":"https:\/\/canal7slp.tv\/2025\/#\/schema\/person\/271e2b60a96e7cc9d9ac296f4d7e414b"},"headline":"Se registra sismo de 4.7 grados saca costas de Oaxaca durante madrugada del 15 de septiembre","datePublished":"2025-09-15T20:11:07+00:00","mainEntityOfPage":{"@id":"https:\/\/canal7slp.tv\/2025\/se-registra-sismo-de-4-7-grados-saca-costas-de-oaxaca-durante-madrugada-del-15-de-septiembre\/"},"wordCount":188,"publisher":{"@id":"https:\/\/canal7slp.tv\/2025\/#organization"},"image":{"@id":"https:\/\/canal7slp.tv\/2025\/se-registra-sismo-de-4-7-grados-saca-costas-de-oaxaca-durante-madrugada-del-15-de-septiembre\/#primaryimage"},"thumbnailUrl":"https:\/\/canal7slp.tv\/2025\/wp-content\/uploads\/2025\/09\/03-14.jpg","articleSection":["NACIONALES"],"inLanguage":"es"},{"@type":"WebPage","@id":"https:\/\/canal7slp.tv\/2025\/se-registra-sismo-de-4-7-grados-saca-costas-de-oaxaca-durante-madrugada-del-15-de-septiembre\/","url":"https:\/\/canal7slp.tv\/2025\/se-registra-sismo-de-4-7-grados-saca-costas-de-oaxaca-durante-madrugada-del-15-de-septiembre\/","name":"Se registra sismo de 4.7 grados saca costas de Oaxaca durante madrugada del 15 de septiembre - Canal 7 SLP - 2025","isPartOf":{"@id":"https:\/\/canal7slp.tv\/2025\/#website"},"primaryImageOfPage":{"@id":"https:\/\/canal7slp.tv\/2025\/se-registra-sismo-de-4-7-grados-saca-costas-de-oaxaca-durante-madrugada-del-15-de-septiembre\/#primaryimage"},"image":{"@id":"https:\/\/canal7slp.tv\/2025\/se-registra-sismo-de-4-7-grados-saca-costas-de-oaxaca-durante-madrugada-del-15-de-septiembre\/#primaryimage"},"thumbnailUrl":"https:\/\/canal7slp.tv\/2025\/wp-content\/uploads\/2025\/09\/03-14.jpg","datePublished":"2025-09-15T20:11:07+00:00","breadcrumb":{"@id":"https:\/\/canal7slp.tv\/2025\/se-registra-sismo-de-4-7-grados-saca-costas-de-oaxaca-durante-madrugada-del-15-de-septiembre\/#breadcrumb"},"inLanguage":"es","potentialAction":[{"@type":"ReadAction","target":["https:\/\/canal7slp.tv\/2025\/se-registra-sismo-de-4-7-grados-saca-costas-de-oaxaca-durante-madrugada-del-15-de-septiembre\/"]}]},{"@type":"ImageObject","inLanguage":"es","@id":"https:\/\/canal7slp.tv\/2025\/se-registra-sismo-de-4-7-grados-saca-costas-de-oaxaca-durante-madrugada-del-15-de-septiembre\/#primaryimage","url":"https:\/\/canal7slp.tv\/2025\/wp-content\/uploads\/2025\/09\/03-14.jpg","contentUrl":"https:\/\/canal7slp.tv\/2025\/wp-content\/uploads\/2025\/09\/03-14.jpg","width":728,"height":410},{"@type":"BreadcrumbList","@id":"https:\/\/canal7slp.tv\/2025\/se-registra-sismo-de-4-7-grados-saca-costas-de-oaxaca-durante-madrugada-del-15-de-septiembre\/#breadcrumb","itemListElement":[{"@type":"ListItem","position":1,"name":"Portada","item":"https:\/\/canal7slp.tv\/2025\/"},{"@type":"ListItem","position":2,"name":"Se registra sismo de 4.7 grados saca costas de Oaxaca durante madrugada del 15 de septiembre"}]},{"@type":"WebSite","@id":"https:\/\/canal7slp.tv\/2025\/#website","url":"https:\/\/canal7slp.tv\/2025\/","name":"N7 - Noticieros Canal 7","description":"Somos el Medio","publisher":{"@id":"https:\/\/canal7slp.tv\/2025\/#organization"},"potentialAction":[{"@type":"SearchAction","target":{"@type":"EntryPoint","urlTemplate":"https:\/\/canal7slp.tv\/2025\/?s={search_term_string}"},"query-input":{"@type":"PropertyValueSpecification","valueRequired":true,"valueName":"search_term_string"}}],"inLanguage":"es"},{"@type":"Organization","@id":"https:\/\/canal7slp.tv\/2025\/#organization","name":"Noticieros Canal 7","url":"https:\/\/canal7slp.tv\/2025\/","logo":{"@type":"ImageObject","inLanguage":"es","@id":"https:\/\/canal7slp.tv\/2025\/#\/schema\/logo\/image\/","url":"https:\/\/canal7slp.tv\/2025\/wp-content\/uploads\/2021\/01\/logo-noticieros@2x.png","contentUrl":"https:\/\/canal7slp.tv\/2025\/wp-content\/uploads\/2021\/01\/logo-noticieros@2x.png","width":1017,"height":268,"caption":"Noticieros Canal 7"},"image":{"@id":"https:\/\/canal7slp.tv\/2025\/#\/schema\/logo\/image\/"},"sameAs":["https:\/\/www.facebook.com\/noticieroscanal7atencionciudadana\/","https:\/\/x.com\/NOTICIEROS7","https:\/\/www.instagram.com\/canal7_slp","https:\/\/www.youtube.com\/channel\/UCliiYs-gP3JfJeqdPrNdd5A"]},{"@type":"Person","@id":"https:\/\/canal7slp.tv\/2025\/#\/schema\/person\/271e2b60a96e7cc9d9ac296f4d7e414b","name":"Edici\u00f3n Web","image":{"@type":"ImageObject","inLanguage":"es","@id":"https:\/\/secure.gravatar.com\/avatar\/eee448fc3f7164808013b816ba91ac7e43bbe82a70bebac296f8bc6f0addaa1a?s=96&d=mm&r=g","url":"https:\/\/secure.gravatar.com\/avatar\/eee448fc3f7164808013b816ba91ac7e43bbe82a70bebac296f8bc6f0addaa1a?s=96&d=mm&r=g","contentUrl":"https:\/\/secure.gravatar.com\/avatar\/eee448fc3f7164808013b816ba91ac7e43bbe82a70bebac296f8bc6f0addaa1a?s=96&d=mm&r=g","caption":"Edici\u00f3n Web"},"url":"https:\/\/canal7slp.tv\/2025\/author\/edicionweb\/"}]}},"_links":{"self":[{"href":"https:\/\/canal7slp.tv\/2025\/wp-json\/wp\/v2\/posts\/179245","targetHints":{"allow":["GET"]}}],"collection":[{"href":"https:\/\/canal7slp.tv\/2025\/wp-json\/wp\/v2\/posts"}],"about":[{"href":"https:\/\/canal7slp.tv\/2025\/wp-json\/wp\/v2\/types\/post"}],"author":[{"embeddable":true,"href":"https:\/\/canal7slp.tv\/2025\/wp-json\/wp\/v2\/users\/2"}],"replies":[{"embeddable":true,"href":"https:\/\/canal7slp.tv\/2025\/wp-json\/wp\/v2\/comments?post=179245"}],"version-history":[{"count":1,"href":"https:\/\/canal7slp.tv\/2025\/wp-json\/wp\/v2\/posts\/179245\/revisions"}],"predecessor-version":[{"id":179247,"href":"https:\/\/canal7slp.tv\/2025\/wp-json\/wp\/v2\/posts\/179245\/revisions\/179247"}],"wp:featuredmedia":[{"embeddable":true,"href":"https:\/\/canal7slp.tv\/2025\/wp-json\/wp\/v2\/media\/179246"}],"wp:attachment":[{"href":"https:\/\/canal7slp.tv\/2025\/wp-json\/wp\/v2\/media?parent=179245"}],"wp:term":[{"taxonomy":"category","embeddable":true,"href":"https:\/\/canal7slp.tv\/2025\/wp-json\/wp\/v2\/categories?post=179245"},{"taxonomy":"post_tag","embeddable":true,"href":"https:\/\/canal7slp.tv\/2025\/wp-json\/wp\/v2\/tags?post=179245"}],"curies":[{"name":"wp","href":"https:\/\/api.w.org\/{rel}","templated":true}]}}