{"id":179226,"date":"2025-09-14T18:10:09","date_gmt":"2025-09-15T00:10:09","guid":{"rendered":"https:\/\/canal7slp.tv\/2025\/?p=179226"},"modified":"2025-09-14T18:10:09","modified_gmt":"2025-09-15T00:10:09","slug":"tragico-accidente-en-la-carretera-merida-campeche-deja-16-muertos","status":"publish","type":"post","link":"https:\/\/canal7slp.tv\/2025\/tragico-accidente-en-la-carretera-merida-campeche-deja-16-muertos\/","title":{"rendered":"Tr\u00e1gico accidente en la Carretera M\u00e9rida-Campeche deja 16 muertos"},"content":{"rendered":"<p style=\"text-align: justify;\">\n<p style=\"text-align: justify;\">Campeche.- Un grave accidente ocurrido en la carretera M\u00e9rida-Campeche, cerca del municipio de Kopom\u00e1, dej\u00f3 un saldo de 16 personas fallecidas.<\/p>\n<p style=\"text-align: justify;\">El incidente involucr\u00f3 la colisi\u00f3n entre un veh\u00edculo colectivo que transportaba a trabajadores de la construcci\u00f3n, un tr\u00e1iler con logotipos de una cervecer\u00eda y un autom\u00f3vil particular.<\/p>\n<p style=\"text-align: justify;\">El choque tuvo lugar cuando la van de transporte impact\u00f3 al tr\u00e1iler, resultando en la muerte instant\u00e1nea de todos los ocupantes de la van.<\/p>\n<p style=\"text-align: justify;\">Los cuerpos quedaron esparcidos en la carretera, lo que llev\u00f3 a las autoridades a cerrar ambos sentidos del tr\u00e1fico para facilitar las labores de emergencia y garantizar la seguridad en la zona.<\/p>\n<p style=\"text-align: justify;\">Automovilistas que pasaban por el lugar alertaron a los servicios de emergencia y brindaron asistencia hasta la llegada de los param\u00e9dicos.<\/p>\n<p style=\"text-align: justify;\">Elementos de la Guardia Nacional y de la Secretar\u00eda de Seguridad P\u00fablica de Yucat\u00e1n acordonaron el \u00e1rea para realizar la investigaci\u00f3n correspondiente.<\/p>\n<p style=\"text-align: justify;\">El Ministerio P\u00fablico se encarg\u00f3 de levantar los cuerpos y trasladarlos al Servicio M\u00e9dico Forense para su identificaci\u00f3n.<\/p>\n<p style=\"text-align: justify;\">Hasta el momento, las autoridades no han confirmado las causas del accidente ni la identidad de las v\u00edctimas, aunque la Fiscal\u00eda General del Estado ha abierto una investigaci\u00f3n para determinar responsabilidades.<\/p>\n<p style=\"text-align: justify;\">El alcalde de Kopom\u00e1, Milton Ulises Mill\u00e1n Atoche, expres\u00f3 sus condolencias a las familias afectadas y mencion\u00f3 que la mayor\u00eda de los ocupantes eran originarios de la ciudad a la que se dirig\u00edan.<\/p>\n<p style=\"text-align: justify;\">Adem\u00e1s, los habitantes del municipio han solicitado la cancelaci\u00f3n del Grito de Independencia este a\u00f1o debido al luto que vive la comunidad.<\/p>\n<p style=\"text-align: justify;\">La gobernadora de Campeche, Layda Sansores, tambi\u00e9n se pronunci\u00f3 sobre el suceso, confirmando el n\u00famero de fallecidos y ofreciendo apoyo a los familiares para la reclamaci\u00f3n de los cuerpos.<\/p>\n<p style=\"text-align: justify;\">\n<p style=\"text-align: justify;\">\n","protected":false},"excerpt":{"rendered":"<p>Campeche.- Un grave accidente ocurrido en la carretera M\u00e9rida-Campeche, cerca del municipio de Kopom\u00e1, dej\u00f3 un saldo de 16 personas fallecidas. El incidente involucr\u00f3 la colisi\u00f3n entre un veh\u00edculo colectivo que transportaba a trabajadores de la construcci\u00f3n, un tr\u00e1iler con logotipos de una cervecer\u00eda y un autom\u00f3vil particular. El choque tuvo lugar cuando la van de transporte impact\u00f3 al tr\u00e1iler, resultando en la muerte instant\u00e1nea de todos los ocupantes de la van. Los cuerpos quedaron esparcidos en la carretera, lo que llev\u00f3 a las autoridades a cerrar ambos sentidos del tr\u00e1fico para facilitar las labores de emergencia y garantizar la [&hellip;]<\/p>\n","protected":false},"author":2,"featured_media":179227,"comment_status":"closed","ping_status":"closed","sticky":false,"template":"","format":"standard","meta":{"_monsterinsights_skip_tracking":false,"_monsterinsights_sitenote_active":false,"_monsterinsights_sitenote_note":"","_monsterinsights_sitenote_category":0,"footnotes":""},"categories":[46],"tags":[],"class_list":["post-179226","post","type-post","status-publish","format-standard","has-post-thumbnail","hentry","category-nacional","post--single"],"yoast_head":"<!-- This site is optimized with the Yoast SEO plugin v27.5 - https:\/\/yoast.com\/product\/yoast-seo-wordpress\/ -->\n<title>Tr\u00e1gico accidente en la Carretera M\u00e9rida-Campeche deja 16 muertos - Canal 7 SLP - 2025<\/title>\n<meta name=\"robots\" content=\"index, follow, max-snippet:-1, max-image-preview:large, max-video-preview:-1\" \/>\n<link rel=\"canonical\" href=\"https:\/\/canal7slp.tv\/2025\/tragico-accidente-en-la-carretera-merida-campeche-deja-16-muertos\/\" \/>\n<meta property=\"og:locale\" content=\"es_ES\" \/>\n<meta property=\"og:type\" content=\"article\" \/>\n<meta property=\"og:title\" content=\"Tr\u00e1gico accidente en la Carretera M\u00e9rida-Campeche deja 16 muertos - Canal 7 SLP - 2025\" \/>\n<meta property=\"og:description\" content=\"Campeche.- Un grave accidente ocurrido en la carretera M\u00e9rida-Campeche, cerca del municipio de Kopom\u00e1, dej\u00f3 un saldo de 16 personas fallecidas. El incidente involucr\u00f3 la colisi\u00f3n entre un veh\u00edculo colectivo que transportaba a trabajadores de la construcci\u00f3n, un tr\u00e1iler con logotipos de una cervecer\u00eda y un autom\u00f3vil particular. El choque tuvo lugar cuando la van de transporte impact\u00f3 al tr\u00e1iler, resultando en la muerte instant\u00e1nea de todos los ocupantes de la van. Los cuerpos quedaron esparcidos en la carretera, lo que llev\u00f3 a las autoridades a cerrar ambos sentidos del tr\u00e1fico para facilitar las labores de emergencia y garantizar la [&hellip;]\" \/>\n<meta property=\"og:url\" content=\"https:\/\/canal7slp.tv\/2025\/tragico-accidente-en-la-carretera-merida-campeche-deja-16-muertos\/\" \/>\n<meta property=\"og:site_name\" content=\"Canal 7 SLP - 2025\" \/>\n<meta property=\"article:publisher\" content=\"https:\/\/www.facebook.com\/noticieroscanal7atencionciudadana\/\" \/>\n<meta property=\"article:published_time\" content=\"2025-09-15T00:10:09+00:00\" \/>\n<meta property=\"og:image\" content=\"https:\/\/canal7slp.tv\/2025\/wp-content\/uploads\/2025\/09\/10-12.jpg\" \/>\n\t<meta property=\"og:image:width\" content=\"882\" \/>\n\t<meta property=\"og:image:height\" content=\"500\" \/>\n\t<meta property=\"og:image:type\" content=\"image\/jpeg\" \/>\n<meta name=\"author\" content=\"Edici\u00f3n Web\" \/>\n<meta name=\"twitter:card\" content=\"summary_large_image\" \/>\n<meta name=\"twitter:creator\" content=\"@NOTICIEROS7\" \/>\n<meta name=\"twitter:site\" content=\"@NOTICIEROS7\" \/>\n<meta name=\"twitter:label1\" content=\"Escrito por\" \/>\n\t<meta name=\"twitter:data1\" content=\"Edici\u00f3n Web\" \/>\n\t<meta name=\"twitter:label2\" content=\"Tiempo de lectura\" \/>\n\t<meta name=\"twitter:data2\" content=\"2 minutos\" \/>\n<script type=\"application\/ld+json\" class=\"yoast-schema-graph\">{\"@context\":\"https:\\\/\\\/schema.org\",\"@graph\":[{\"@type\":\"Article\",\"@id\":\"https:\\\/\\\/canal7slp.tv\\\/2025\\\/tragico-accidente-en-la-carretera-merida-campeche-deja-16-muertos\\\/#article\",\"isPartOf\":{\"@id\":\"https:\\\/\\\/canal7slp.tv\\\/2025\\\/tragico-accidente-en-la-carretera-merida-campeche-deja-16-muertos\\\/\"},\"author\":{\"name\":\"Edici\u00f3n Web\",\"@id\":\"https:\\\/\\\/canal7slp.tv\\\/2025\\\/#\\\/schema\\\/person\\\/271e2b60a96e7cc9d9ac296f4d7e414b\"},\"headline\":\"Tr\u00e1gico accidente en la Carretera M\u00e9rida-Campeche deja 16 muertos\",\"datePublished\":\"2025-09-15T00:10:09+00:00\",\"mainEntityOfPage\":{\"@id\":\"https:\\\/\\\/canal7slp.tv\\\/2025\\\/tragico-accidente-en-la-carretera-merida-campeche-deja-16-muertos\\\/\"},\"wordCount\":320,\"publisher\":{\"@id\":\"https:\\\/\\\/canal7slp.tv\\\/2025\\\/#organization\"},\"image\":{\"@id\":\"https:\\\/\\\/canal7slp.tv\\\/2025\\\/tragico-accidente-en-la-carretera-merida-campeche-deja-16-muertos\\\/#primaryimage\"},\"thumbnailUrl\":\"https:\\\/\\\/canal7slp.tv\\\/2025\\\/wp-content\\\/uploads\\\/2025\\\/09\\\/10-12.jpg\",\"articleSection\":[\"NACIONALES\"],\"inLanguage\":\"es\"},{\"@type\":\"WebPage\",\"@id\":\"https:\\\/\\\/canal7slp.tv\\\/2025\\\/tragico-accidente-en-la-carretera-merida-campeche-deja-16-muertos\\\/\",\"url\":\"https:\\\/\\\/canal7slp.tv\\\/2025\\\/tragico-accidente-en-la-carretera-merida-campeche-deja-16-muertos\\\/\",\"name\":\"Tr\u00e1gico accidente en la Carretera M\u00e9rida-Campeche deja 16 muertos - Canal 7 SLP - 2025\",\"isPartOf\":{\"@id\":\"https:\\\/\\\/canal7slp.tv\\\/2025\\\/#website\"},\"primaryImageOfPage\":{\"@id\":\"https:\\\/\\\/canal7slp.tv\\\/2025\\\/tragico-accidente-en-la-carretera-merida-campeche-deja-16-muertos\\\/#primaryimage\"},\"image\":{\"@id\":\"https:\\\/\\\/canal7slp.tv\\\/2025\\\/tragico-accidente-en-la-carretera-merida-campeche-deja-16-muertos\\\/#primaryimage\"},\"thumbnailUrl\":\"https:\\\/\\\/canal7slp.tv\\\/2025\\\/wp-content\\\/uploads\\\/2025\\\/09\\\/10-12.jpg\",\"datePublished\":\"2025-09-15T00:10:09+00:00\",\"breadcrumb\":{\"@id\":\"https:\\\/\\\/canal7slp.tv\\\/2025\\\/tragico-accidente-en-la-carretera-merida-campeche-deja-16-muertos\\\/#breadcrumb\"},\"inLanguage\":\"es\",\"potentialAction\":[{\"@type\":\"ReadAction\",\"target\":[\"https:\\\/\\\/canal7slp.tv\\\/2025\\\/tragico-accidente-en-la-carretera-merida-campeche-deja-16-muertos\\\/\"]}]},{\"@type\":\"ImageObject\",\"inLanguage\":\"es\",\"@id\":\"https:\\\/\\\/canal7slp.tv\\\/2025\\\/tragico-accidente-en-la-carretera-merida-campeche-deja-16-muertos\\\/#primaryimage\",\"url\":\"https:\\\/\\\/canal7slp.tv\\\/2025\\\/wp-content\\\/uploads\\\/2025\\\/09\\\/10-12.jpg\",\"contentUrl\":\"https:\\\/\\\/canal7slp.tv\\\/2025\\\/wp-content\\\/uploads\\\/2025\\\/09\\\/10-12.jpg\",\"width\":882,\"height\":500},{\"@type\":\"BreadcrumbList\",\"@id\":\"https:\\\/\\\/canal7slp.tv\\\/2025\\\/tragico-accidente-en-la-carretera-merida-campeche-deja-16-muertos\\\/#breadcrumb\",\"itemListElement\":[{\"@type\":\"ListItem\",\"position\":1,\"name\":\"Portada\",\"item\":\"https:\\\/\\\/canal7slp.tv\\\/2025\\\/\"},{\"@type\":\"ListItem\",\"position\":2,\"name\":\"Tr\u00e1gico accidente en la Carretera M\u00e9rida-Campeche deja 16 muertos\"}]},{\"@type\":\"WebSite\",\"@id\":\"https:\\\/\\\/canal7slp.tv\\\/2025\\\/#website\",\"url\":\"https:\\\/\\\/canal7slp.tv\\\/2025\\\/\",\"name\":\"N7 - Noticieros Canal 7\",\"description\":\"Somos el Medio\",\"publisher\":{\"@id\":\"https:\\\/\\\/canal7slp.tv\\\/2025\\\/#organization\"},\"potentialAction\":[{\"@type\":\"SearchAction\",\"target\":{\"@type\":\"EntryPoint\",\"urlTemplate\":\"https:\\\/\\\/canal7slp.tv\\\/2025\\\/?s={search_term_string}\"},\"query-input\":{\"@type\":\"PropertyValueSpecification\",\"valueRequired\":true,\"valueName\":\"search_term_string\"}}],\"inLanguage\":\"es\"},{\"@type\":\"Organization\",\"@id\":\"https:\\\/\\\/canal7slp.tv\\\/2025\\\/#organization\",\"name\":\"Noticieros Canal 7\",\"url\":\"https:\\\/\\\/canal7slp.tv\\\/2025\\\/\",\"logo\":{\"@type\":\"ImageObject\",\"inLanguage\":\"es\",\"@id\":\"https:\\\/\\\/canal7slp.tv\\\/2025\\\/#\\\/schema\\\/logo\\\/image\\\/\",\"url\":\"https:\\\/\\\/canal7slp.tv\\\/2025\\\/wp-content\\\/uploads\\\/2021\\\/01\\\/logo-noticieros@2x.png\",\"contentUrl\":\"https:\\\/\\\/canal7slp.tv\\\/2025\\\/wp-content\\\/uploads\\\/2021\\\/01\\\/logo-noticieros@2x.png\",\"width\":1017,\"height\":268,\"caption\":\"Noticieros Canal 7\"},\"image\":{\"@id\":\"https:\\\/\\\/canal7slp.tv\\\/2025\\\/#\\\/schema\\\/logo\\\/image\\\/\"},\"sameAs\":[\"https:\\\/\\\/www.facebook.com\\\/noticieroscanal7atencionciudadana\\\/\",\"https:\\\/\\\/x.com\\\/NOTICIEROS7\",\"https:\\\/\\\/www.instagram.com\\\/canal7_slp\",\"https:\\\/\\\/www.youtube.com\\\/channel\\\/UCliiYs-gP3JfJeqdPrNdd5A\"]},{\"@type\":\"Person\",\"@id\":\"https:\\\/\\\/canal7slp.tv\\\/2025\\\/#\\\/schema\\\/person\\\/271e2b60a96e7cc9d9ac296f4d7e414b\",\"name\":\"Edici\u00f3n Web\",\"image\":{\"@type\":\"ImageObject\",\"inLanguage\":\"es\",\"@id\":\"https:\\\/\\\/secure.gravatar.com\\\/avatar\\\/eee448fc3f7164808013b816ba91ac7e43bbe82a70bebac296f8bc6f0addaa1a?s=96&d=mm&r=g\",\"url\":\"https:\\\/\\\/secure.gravatar.com\\\/avatar\\\/eee448fc3f7164808013b816ba91ac7e43bbe82a70bebac296f8bc6f0addaa1a?s=96&d=mm&r=g\",\"contentUrl\":\"https:\\\/\\\/secure.gravatar.com\\\/avatar\\\/eee448fc3f7164808013b816ba91ac7e43bbe82a70bebac296f8bc6f0addaa1a?s=96&d=mm&r=g\",\"caption\":\"Edici\u00f3n Web\"},\"url\":\"https:\\\/\\\/canal7slp.tv\\\/2025\\\/author\\\/edicionweb\\\/\"}]}<\/script>\n<!-- \/ Yoast SEO plugin. -->","yoast_head_json":{"title":"Tr\u00e1gico accidente en la Carretera M\u00e9rida-Campeche deja 16 muertos - Canal 7 SLP - 2025","robots":{"index":"index","follow":"follow","max-snippet":"max-snippet:-1","max-image-preview":"max-image-preview:large","max-video-preview":"max-video-preview:-1"},"canonical":"https:\/\/canal7slp.tv\/2025\/tragico-accidente-en-la-carretera-merida-campeche-deja-16-muertos\/","og_locale":"es_ES","og_type":"article","og_title":"Tr\u00e1gico accidente en la Carretera M\u00e9rida-Campeche deja 16 muertos - Canal 7 SLP - 2025","og_description":"Campeche.- Un grave accidente ocurrido en la carretera M\u00e9rida-Campeche, cerca del municipio de Kopom\u00e1, dej\u00f3 un saldo de 16 personas fallecidas. El incidente involucr\u00f3 la colisi\u00f3n entre un veh\u00edculo colectivo que transportaba a trabajadores de la construcci\u00f3n, un tr\u00e1iler con logotipos de una cervecer\u00eda y un autom\u00f3vil particular. El choque tuvo lugar cuando la van de transporte impact\u00f3 al tr\u00e1iler, resultando en la muerte instant\u00e1nea de todos los ocupantes de la van. Los cuerpos quedaron esparcidos en la carretera, lo que llev\u00f3 a las autoridades a cerrar ambos sentidos del tr\u00e1fico para facilitar las labores de emergencia y garantizar la [&hellip;]","og_url":"https:\/\/canal7slp.tv\/2025\/tragico-accidente-en-la-carretera-merida-campeche-deja-16-muertos\/","og_site_name":"Canal 7 SLP - 2025","article_publisher":"https:\/\/www.facebook.com\/noticieroscanal7atencionciudadana\/","article_published_time":"2025-09-15T00:10:09+00:00","og_image":[{"width":882,"height":500,"url":"https:\/\/canal7slp.tv\/2025\/wp-content\/uploads\/2025\/09\/10-12.jpg","type":"image\/jpeg"}],"author":"Edici\u00f3n Web","twitter_card":"summary_large_image","twitter_creator":"@NOTICIEROS7","twitter_site":"@NOTICIEROS7","twitter_misc":{"Escrito por":"Edici\u00f3n Web","Tiempo de lectura":"2 minutos"},"schema":{"@context":"https:\/\/schema.org","@graph":[{"@type":"Article","@id":"https:\/\/canal7slp.tv\/2025\/tragico-accidente-en-la-carretera-merida-campeche-deja-16-muertos\/#article","isPartOf":{"@id":"https:\/\/canal7slp.tv\/2025\/tragico-accidente-en-la-carretera-merida-campeche-deja-16-muertos\/"},"author":{"name":"Edici\u00f3n Web","@id":"https:\/\/canal7slp.tv\/2025\/#\/schema\/person\/271e2b60a96e7cc9d9ac296f4d7e414b"},"headline":"Tr\u00e1gico accidente en la Carretera M\u00e9rida-Campeche deja 16 muertos","datePublished":"2025-09-15T00:10:09+00:00","mainEntityOfPage":{"@id":"https:\/\/canal7slp.tv\/2025\/tragico-accidente-en-la-carretera-merida-campeche-deja-16-muertos\/"},"wordCount":320,"publisher":{"@id":"https:\/\/canal7slp.tv\/2025\/#organization"},"image":{"@id":"https:\/\/canal7slp.tv\/2025\/tragico-accidente-en-la-carretera-merida-campeche-deja-16-muertos\/#primaryimage"},"thumbnailUrl":"https:\/\/canal7slp.tv\/2025\/wp-content\/uploads\/2025\/09\/10-12.jpg","articleSection":["NACIONALES"],"inLanguage":"es"},{"@type":"WebPage","@id":"https:\/\/canal7slp.tv\/2025\/tragico-accidente-en-la-carretera-merida-campeche-deja-16-muertos\/","url":"https:\/\/canal7slp.tv\/2025\/tragico-accidente-en-la-carretera-merida-campeche-deja-16-muertos\/","name":"Tr\u00e1gico accidente en la Carretera M\u00e9rida-Campeche deja 16 muertos - Canal 7 SLP - 2025","isPartOf":{"@id":"https:\/\/canal7slp.tv\/2025\/#website"},"primaryImageOfPage":{"@id":"https:\/\/canal7slp.tv\/2025\/tragico-accidente-en-la-carretera-merida-campeche-deja-16-muertos\/#primaryimage"},"image":{"@id":"https:\/\/canal7slp.tv\/2025\/tragico-accidente-en-la-carretera-merida-campeche-deja-16-muertos\/#primaryimage"},"thumbnailUrl":"https:\/\/canal7slp.tv\/2025\/wp-content\/uploads\/2025\/09\/10-12.jpg","datePublished":"2025-09-15T00:10:09+00:00","breadcrumb":{"@id":"https:\/\/canal7slp.tv\/2025\/tragico-accidente-en-la-carretera-merida-campeche-deja-16-muertos\/#breadcrumb"},"inLanguage":"es","potentialAction":[{"@type":"ReadAction","target":["https:\/\/canal7slp.tv\/2025\/tragico-accidente-en-la-carretera-merida-campeche-deja-16-muertos\/"]}]},{"@type":"ImageObject","inLanguage":"es","@id":"https:\/\/canal7slp.tv\/2025\/tragico-accidente-en-la-carretera-merida-campeche-deja-16-muertos\/#primaryimage","url":"https:\/\/canal7slp.tv\/2025\/wp-content\/uploads\/2025\/09\/10-12.jpg","contentUrl":"https:\/\/canal7slp.tv\/2025\/wp-content\/uploads\/2025\/09\/10-12.jpg","width":882,"height":500},{"@type":"BreadcrumbList","@id":"https:\/\/canal7slp.tv\/2025\/tragico-accidente-en-la-carretera-merida-campeche-deja-16-muertos\/#breadcrumb","itemListElement":[{"@type":"ListItem","position":1,"name":"Portada","item":"https:\/\/canal7slp.tv\/2025\/"},{"@type":"ListItem","position":2,"name":"Tr\u00e1gico accidente en la Carretera M\u00e9rida-Campeche deja 16 muertos"}]},{"@type":"WebSite","@id":"https:\/\/canal7slp.tv\/2025\/#website","url":"https:\/\/canal7slp.tv\/2025\/","name":"N7 - Noticieros Canal 7","description":"Somos el Medio","publisher":{"@id":"https:\/\/canal7slp.tv\/2025\/#organization"},"potentialAction":[{"@type":"SearchAction","target":{"@type":"EntryPoint","urlTemplate":"https:\/\/canal7slp.tv\/2025\/?s={search_term_string}"},"query-input":{"@type":"PropertyValueSpecification","valueRequired":true,"valueName":"search_term_string"}}],"inLanguage":"es"},{"@type":"Organization","@id":"https:\/\/canal7slp.tv\/2025\/#organization","name":"Noticieros Canal 7","url":"https:\/\/canal7slp.tv\/2025\/","logo":{"@type":"ImageObject","inLanguage":"es","@id":"https:\/\/canal7slp.tv\/2025\/#\/schema\/logo\/image\/","url":"https:\/\/canal7slp.tv\/2025\/wp-content\/uploads\/2021\/01\/logo-noticieros@2x.png","contentUrl":"https:\/\/canal7slp.tv\/2025\/wp-content\/uploads\/2021\/01\/logo-noticieros@2x.png","width":1017,"height":268,"caption":"Noticieros Canal 7"},"image":{"@id":"https:\/\/canal7slp.tv\/2025\/#\/schema\/logo\/image\/"},"sameAs":["https:\/\/www.facebook.com\/noticieroscanal7atencionciudadana\/","https:\/\/x.com\/NOTICIEROS7","https:\/\/www.instagram.com\/canal7_slp","https:\/\/www.youtube.com\/channel\/UCliiYs-gP3JfJeqdPrNdd5A"]},{"@type":"Person","@id":"https:\/\/canal7slp.tv\/2025\/#\/schema\/person\/271e2b60a96e7cc9d9ac296f4d7e414b","name":"Edici\u00f3n Web","image":{"@type":"ImageObject","inLanguage":"es","@id":"https:\/\/secure.gravatar.com\/avatar\/eee448fc3f7164808013b816ba91ac7e43bbe82a70bebac296f8bc6f0addaa1a?s=96&d=mm&r=g","url":"https:\/\/secure.gravatar.com\/avatar\/eee448fc3f7164808013b816ba91ac7e43bbe82a70bebac296f8bc6f0addaa1a?s=96&d=mm&r=g","contentUrl":"https:\/\/secure.gravatar.com\/avatar\/eee448fc3f7164808013b816ba91ac7e43bbe82a70bebac296f8bc6f0addaa1a?s=96&d=mm&r=g","caption":"Edici\u00f3n Web"},"url":"https:\/\/canal7slp.tv\/2025\/author\/edicionweb\/"}]}},"_links":{"self":[{"href":"https:\/\/canal7slp.tv\/2025\/wp-json\/wp\/v2\/posts\/179226","targetHints":{"allow":["GET"]}}],"collection":[{"href":"https:\/\/canal7slp.tv\/2025\/wp-json\/wp\/v2\/posts"}],"about":[{"href":"https:\/\/canal7slp.tv\/2025\/wp-json\/wp\/v2\/types\/post"}],"author":[{"embeddable":true,"href":"https:\/\/canal7slp.tv\/2025\/wp-json\/wp\/v2\/users\/2"}],"replies":[{"embeddable":true,"href":"https:\/\/canal7slp.tv\/2025\/wp-json\/wp\/v2\/comments?post=179226"}],"version-history":[{"count":1,"href":"https:\/\/canal7slp.tv\/2025\/wp-json\/wp\/v2\/posts\/179226\/revisions"}],"predecessor-version":[{"id":179228,"href":"https:\/\/canal7slp.tv\/2025\/wp-json\/wp\/v2\/posts\/179226\/revisions\/179228"}],"wp:featuredmedia":[{"embeddable":true,"href":"https:\/\/canal7slp.tv\/2025\/wp-json\/wp\/v2\/media\/179227"}],"wp:attachment":[{"href":"https:\/\/canal7slp.tv\/2025\/wp-json\/wp\/v2\/media?parent=179226"}],"wp:term":[{"taxonomy":"category","embeddable":true,"href":"https:\/\/canal7slp.tv\/2025\/wp-json\/wp\/v2\/categories?post=179226"},{"taxonomy":"post_tag","embeddable":true,"href":"https:\/\/canal7slp.tv\/2025\/wp-json\/wp\/v2\/tags?post=179226"}],"curies":[{"name":"wp","href":"https:\/\/api.w.org\/{rel}","templated":true}]}}