{"id":178261,"date":"2025-09-04T14:05:56","date_gmt":"2025-09-04T20:05:56","guid":{"rendered":"https:\/\/canal7slp.tv\/2025\/?p=178261"},"modified":"2025-09-04T14:05:56","modified_gmt":"2025-09-04T20:05:56","slug":"bebe-de-seis-meses-muere-tras-ataque-de-perros-en-tamaulipas","status":"publish","type":"post","link":"https:\/\/canal7slp.tv\/2025\/bebe-de-seis-meses-muere-tras-ataque-de-perros-en-tamaulipas\/","title":{"rendered":"Beb\u00e9 de seis meses muere tras ataque de perros en Tamaulipas"},"content":{"rendered":"<p style=\"text-align: justify;\">\n<p style=\"text-align: justify;\">Matamoros.- Una menor de seis meses perdi\u00f3 la vida tras ser atacada por dos perros al interior de un domicilio en la colonia Vista del Sol de Matamoros, Tamaulipas. Los hechos ocurrieron cuando la beb\u00e9 y su hermano de cuatro a\u00f1os se encontraban bajo el cuidado de su abuelo de 63 a\u00f1os.<\/p>\n<p style=\"text-align: justify;\">De acuerdo con los reportes preliminares, los animales ingresaron a la vivienda sin que el adulto a cargo se percatara, procediendo a agredir a la menor. Vecinos de la zona intervinieron para rescatar a la infante y trasladarla a un hospital privado, donde fue declarada sin vida.<\/p>\n<p style=\"text-align: justify;\">Personal de la Procuradur\u00eda de Protecci\u00f3n de Ni\u00f1as, Ni\u00f1os y Adolescentes del DIF estatal y del grupo de rescate animal \u00abIv\u00e1n Rescata\u00bb acudieron al domicilio para tomar custodia de los dos caninos, los cuales permanecer\u00e1n bajo resguardo mientras la Fiscal\u00eda General de Tamaulipas determina su destino final.<\/p>\n<p style=\"text-align: justify;\">Agentes ministeriales se presentaron en el hospital San Charbel para iniciar las investigaciones correspondientes y determinar las circunstancias exactas del incidente. Las autoridades contin\u00faan con el proceso de recopilaci\u00f3n de informaci\u00f3n para esclarecer los hechos.<\/p>\n<p style=\"text-align: justify;\">\n","protected":false},"excerpt":{"rendered":"<p>Matamoros.- Una menor de seis meses perdi\u00f3 la vida tras ser atacada por dos perros al interior de un domicilio en la colonia Vista del Sol de Matamoros, Tamaulipas. Los hechos ocurrieron cuando la beb\u00e9 y su hermano de cuatro a\u00f1os se encontraban bajo el cuidado de su abuelo de 63 a\u00f1os. De acuerdo con los reportes preliminares, los animales ingresaron a la vivienda sin que el adulto a cargo se percatara, procediendo a agredir a la menor. Vecinos de la zona intervinieron para rescatar a la infante y trasladarla a un hospital privado, donde fue declarada sin vida. Personal [&hellip;]<\/p>\n","protected":false},"author":2,"featured_media":178262,"comment_status":"closed","ping_status":"closed","sticky":false,"template":"","format":"standard","meta":{"_monsterinsights_skip_tracking":false,"_monsterinsights_sitenote_active":false,"_monsterinsights_sitenote_note":"","_monsterinsights_sitenote_category":0,"footnotes":""},"categories":[46],"tags":[],"class_list":["post-178261","post","type-post","status-publish","format-standard","has-post-thumbnail","hentry","category-nacional","post--single"],"yoast_head":"<!-- This site is optimized with the Yoast SEO plugin v27.5 - https:\/\/yoast.com\/product\/yoast-seo-wordpress\/ -->\n<title>Beb\u00e9 de seis meses muere tras ataque de perros en Tamaulipas - Canal 7 SLP - 2025<\/title>\n<meta name=\"robots\" content=\"index, follow, max-snippet:-1, max-image-preview:large, max-video-preview:-1\" \/>\n<link rel=\"canonical\" href=\"https:\/\/canal7slp.tv\/2025\/bebe-de-seis-meses-muere-tras-ataque-de-perros-en-tamaulipas\/\" \/>\n<meta property=\"og:locale\" content=\"es_ES\" \/>\n<meta property=\"og:type\" content=\"article\" \/>\n<meta property=\"og:title\" content=\"Beb\u00e9 de seis meses muere tras ataque de perros en Tamaulipas - Canal 7 SLP - 2025\" \/>\n<meta property=\"og:description\" content=\"Matamoros.- Una menor de seis meses perdi\u00f3 la vida tras ser atacada por dos perros al interior de un domicilio en la colonia Vista del Sol de Matamoros, Tamaulipas. Los hechos ocurrieron cuando la beb\u00e9 y su hermano de cuatro a\u00f1os se encontraban bajo el cuidado de su abuelo de 63 a\u00f1os. De acuerdo con los reportes preliminares, los animales ingresaron a la vivienda sin que el adulto a cargo se percatara, procediendo a agredir a la menor. Vecinos de la zona intervinieron para rescatar a la infante y trasladarla a un hospital privado, donde fue declarada sin vida. Personal [&hellip;]\" \/>\n<meta property=\"og:url\" content=\"https:\/\/canal7slp.tv\/2025\/bebe-de-seis-meses-muere-tras-ataque-de-perros-en-tamaulipas\/\" \/>\n<meta property=\"og:site_name\" content=\"Canal 7 SLP - 2025\" \/>\n<meta property=\"article:publisher\" content=\"https:\/\/www.facebook.com\/noticieroscanal7atencionciudadana\/\" \/>\n<meta property=\"article:published_time\" content=\"2025-09-04T20:05:56+00:00\" \/>\n<meta property=\"og:image\" content=\"https:\/\/canal7slp.tv\/2025\/wp-content\/uploads\/2025\/09\/05-2.jpg\" \/>\n\t<meta property=\"og:image:width\" content=\"599\" \/>\n\t<meta property=\"og:image:height\" content=\"500\" \/>\n\t<meta property=\"og:image:type\" content=\"image\/jpeg\" \/>\n<meta name=\"author\" content=\"Edici\u00f3n Web\" \/>\n<meta name=\"twitter:card\" content=\"summary_large_image\" \/>\n<meta name=\"twitter:creator\" content=\"@NOTICIEROS7\" \/>\n<meta name=\"twitter:site\" content=\"@NOTICIEROS7\" \/>\n<meta name=\"twitter:label1\" content=\"Escrito por\" \/>\n\t<meta name=\"twitter:data1\" content=\"Edici\u00f3n Web\" \/>\n\t<meta name=\"twitter:label2\" content=\"Tiempo de lectura\" \/>\n\t<meta name=\"twitter:data2\" content=\"2 minutos\" \/>\n<script type=\"application\/ld+json\" class=\"yoast-schema-graph\">{\"@context\":\"https:\\\/\\\/schema.org\",\"@graph\":[{\"@type\":\"Article\",\"@id\":\"https:\\\/\\\/canal7slp.tv\\\/2025\\\/bebe-de-seis-meses-muere-tras-ataque-de-perros-en-tamaulipas\\\/#article\",\"isPartOf\":{\"@id\":\"https:\\\/\\\/canal7slp.tv\\\/2025\\\/bebe-de-seis-meses-muere-tras-ataque-de-perros-en-tamaulipas\\\/\"},\"author\":{\"name\":\"Edici\u00f3n Web\",\"@id\":\"https:\\\/\\\/canal7slp.tv\\\/2025\\\/#\\\/schema\\\/person\\\/271e2b60a96e7cc9d9ac296f4d7e414b\"},\"headline\":\"Beb\u00e9 de seis meses muere tras ataque de perros en Tamaulipas\",\"datePublished\":\"2025-09-04T20:05:56+00:00\",\"mainEntityOfPage\":{\"@id\":\"https:\\\/\\\/canal7slp.tv\\\/2025\\\/bebe-de-seis-meses-muere-tras-ataque-de-perros-en-tamaulipas\\\/\"},\"wordCount\":204,\"publisher\":{\"@id\":\"https:\\\/\\\/canal7slp.tv\\\/2025\\\/#organization\"},\"image\":{\"@id\":\"https:\\\/\\\/canal7slp.tv\\\/2025\\\/bebe-de-seis-meses-muere-tras-ataque-de-perros-en-tamaulipas\\\/#primaryimage\"},\"thumbnailUrl\":\"https:\\\/\\\/canal7slp.tv\\\/2025\\\/wp-content\\\/uploads\\\/2025\\\/09\\\/05-2.jpg\",\"articleSection\":[\"NACIONALES\"],\"inLanguage\":\"es\"},{\"@type\":\"WebPage\",\"@id\":\"https:\\\/\\\/canal7slp.tv\\\/2025\\\/bebe-de-seis-meses-muere-tras-ataque-de-perros-en-tamaulipas\\\/\",\"url\":\"https:\\\/\\\/canal7slp.tv\\\/2025\\\/bebe-de-seis-meses-muere-tras-ataque-de-perros-en-tamaulipas\\\/\",\"name\":\"Beb\u00e9 de seis meses muere tras ataque de perros en Tamaulipas - Canal 7 SLP - 2025\",\"isPartOf\":{\"@id\":\"https:\\\/\\\/canal7slp.tv\\\/2025\\\/#website\"},\"primaryImageOfPage\":{\"@id\":\"https:\\\/\\\/canal7slp.tv\\\/2025\\\/bebe-de-seis-meses-muere-tras-ataque-de-perros-en-tamaulipas\\\/#primaryimage\"},\"image\":{\"@id\":\"https:\\\/\\\/canal7slp.tv\\\/2025\\\/bebe-de-seis-meses-muere-tras-ataque-de-perros-en-tamaulipas\\\/#primaryimage\"},\"thumbnailUrl\":\"https:\\\/\\\/canal7slp.tv\\\/2025\\\/wp-content\\\/uploads\\\/2025\\\/09\\\/05-2.jpg\",\"datePublished\":\"2025-09-04T20:05:56+00:00\",\"breadcrumb\":{\"@id\":\"https:\\\/\\\/canal7slp.tv\\\/2025\\\/bebe-de-seis-meses-muere-tras-ataque-de-perros-en-tamaulipas\\\/#breadcrumb\"},\"inLanguage\":\"es\",\"potentialAction\":[{\"@type\":\"ReadAction\",\"target\":[\"https:\\\/\\\/canal7slp.tv\\\/2025\\\/bebe-de-seis-meses-muere-tras-ataque-de-perros-en-tamaulipas\\\/\"]}]},{\"@type\":\"ImageObject\",\"inLanguage\":\"es\",\"@id\":\"https:\\\/\\\/canal7slp.tv\\\/2025\\\/bebe-de-seis-meses-muere-tras-ataque-de-perros-en-tamaulipas\\\/#primaryimage\",\"url\":\"https:\\\/\\\/canal7slp.tv\\\/2025\\\/wp-content\\\/uploads\\\/2025\\\/09\\\/05-2.jpg\",\"contentUrl\":\"https:\\\/\\\/canal7slp.tv\\\/2025\\\/wp-content\\\/uploads\\\/2025\\\/09\\\/05-2.jpg\",\"width\":599,\"height\":500},{\"@type\":\"BreadcrumbList\",\"@id\":\"https:\\\/\\\/canal7slp.tv\\\/2025\\\/bebe-de-seis-meses-muere-tras-ataque-de-perros-en-tamaulipas\\\/#breadcrumb\",\"itemListElement\":[{\"@type\":\"ListItem\",\"position\":1,\"name\":\"Portada\",\"item\":\"https:\\\/\\\/canal7slp.tv\\\/2025\\\/\"},{\"@type\":\"ListItem\",\"position\":2,\"name\":\"Beb\u00e9 de seis meses muere tras ataque de perros en Tamaulipas\"}]},{\"@type\":\"WebSite\",\"@id\":\"https:\\\/\\\/canal7slp.tv\\\/2025\\\/#website\",\"url\":\"https:\\\/\\\/canal7slp.tv\\\/2025\\\/\",\"name\":\"N7 - Noticieros Canal 7\",\"description\":\"Somos el Medio\",\"publisher\":{\"@id\":\"https:\\\/\\\/canal7slp.tv\\\/2025\\\/#organization\"},\"potentialAction\":[{\"@type\":\"SearchAction\",\"target\":{\"@type\":\"EntryPoint\",\"urlTemplate\":\"https:\\\/\\\/canal7slp.tv\\\/2025\\\/?s={search_term_string}\"},\"query-input\":{\"@type\":\"PropertyValueSpecification\",\"valueRequired\":true,\"valueName\":\"search_term_string\"}}],\"inLanguage\":\"es\"},{\"@type\":\"Organization\",\"@id\":\"https:\\\/\\\/canal7slp.tv\\\/2025\\\/#organization\",\"name\":\"Noticieros Canal 7\",\"url\":\"https:\\\/\\\/canal7slp.tv\\\/2025\\\/\",\"logo\":{\"@type\":\"ImageObject\",\"inLanguage\":\"es\",\"@id\":\"https:\\\/\\\/canal7slp.tv\\\/2025\\\/#\\\/schema\\\/logo\\\/image\\\/\",\"url\":\"https:\\\/\\\/canal7slp.tv\\\/2025\\\/wp-content\\\/uploads\\\/2021\\\/01\\\/logo-noticieros@2x.png\",\"contentUrl\":\"https:\\\/\\\/canal7slp.tv\\\/2025\\\/wp-content\\\/uploads\\\/2021\\\/01\\\/logo-noticieros@2x.png\",\"width\":1017,\"height\":268,\"caption\":\"Noticieros Canal 7\"},\"image\":{\"@id\":\"https:\\\/\\\/canal7slp.tv\\\/2025\\\/#\\\/schema\\\/logo\\\/image\\\/\"},\"sameAs\":[\"https:\\\/\\\/www.facebook.com\\\/noticieroscanal7atencionciudadana\\\/\",\"https:\\\/\\\/x.com\\\/NOTICIEROS7\",\"https:\\\/\\\/www.instagram.com\\\/canal7_slp\",\"https:\\\/\\\/www.youtube.com\\\/channel\\\/UCliiYs-gP3JfJeqdPrNdd5A\"]},{\"@type\":\"Person\",\"@id\":\"https:\\\/\\\/canal7slp.tv\\\/2025\\\/#\\\/schema\\\/person\\\/271e2b60a96e7cc9d9ac296f4d7e414b\",\"name\":\"Edici\u00f3n Web\",\"image\":{\"@type\":\"ImageObject\",\"inLanguage\":\"es\",\"@id\":\"https:\\\/\\\/secure.gravatar.com\\\/avatar\\\/eee448fc3f7164808013b816ba91ac7e43bbe82a70bebac296f8bc6f0addaa1a?s=96&d=mm&r=g\",\"url\":\"https:\\\/\\\/secure.gravatar.com\\\/avatar\\\/eee448fc3f7164808013b816ba91ac7e43bbe82a70bebac296f8bc6f0addaa1a?s=96&d=mm&r=g\",\"contentUrl\":\"https:\\\/\\\/secure.gravatar.com\\\/avatar\\\/eee448fc3f7164808013b816ba91ac7e43bbe82a70bebac296f8bc6f0addaa1a?s=96&d=mm&r=g\",\"caption\":\"Edici\u00f3n Web\"},\"url\":\"https:\\\/\\\/canal7slp.tv\\\/2025\\\/author\\\/edicionweb\\\/\"}]}<\/script>\n<!-- \/ Yoast SEO plugin. -->","yoast_head_json":{"title":"Beb\u00e9 de seis meses muere tras ataque de perros en Tamaulipas - Canal 7 SLP - 2025","robots":{"index":"index","follow":"follow","max-snippet":"max-snippet:-1","max-image-preview":"max-image-preview:large","max-video-preview":"max-video-preview:-1"},"canonical":"https:\/\/canal7slp.tv\/2025\/bebe-de-seis-meses-muere-tras-ataque-de-perros-en-tamaulipas\/","og_locale":"es_ES","og_type":"article","og_title":"Beb\u00e9 de seis meses muere tras ataque de perros en Tamaulipas - Canal 7 SLP - 2025","og_description":"Matamoros.- Una menor de seis meses perdi\u00f3 la vida tras ser atacada por dos perros al interior de un domicilio en la colonia Vista del Sol de Matamoros, Tamaulipas. Los hechos ocurrieron cuando la beb\u00e9 y su hermano de cuatro a\u00f1os se encontraban bajo el cuidado de su abuelo de 63 a\u00f1os. De acuerdo con los reportes preliminares, los animales ingresaron a la vivienda sin que el adulto a cargo se percatara, procediendo a agredir a la menor. Vecinos de la zona intervinieron para rescatar a la infante y trasladarla a un hospital privado, donde fue declarada sin vida. Personal [&hellip;]","og_url":"https:\/\/canal7slp.tv\/2025\/bebe-de-seis-meses-muere-tras-ataque-de-perros-en-tamaulipas\/","og_site_name":"Canal 7 SLP - 2025","article_publisher":"https:\/\/www.facebook.com\/noticieroscanal7atencionciudadana\/","article_published_time":"2025-09-04T20:05:56+00:00","og_image":[{"width":599,"height":500,"url":"https:\/\/canal7slp.tv\/2025\/wp-content\/uploads\/2025\/09\/05-2.jpg","type":"image\/jpeg"}],"author":"Edici\u00f3n Web","twitter_card":"summary_large_image","twitter_creator":"@NOTICIEROS7","twitter_site":"@NOTICIEROS7","twitter_misc":{"Escrito por":"Edici\u00f3n Web","Tiempo de lectura":"2 minutos"},"schema":{"@context":"https:\/\/schema.org","@graph":[{"@type":"Article","@id":"https:\/\/canal7slp.tv\/2025\/bebe-de-seis-meses-muere-tras-ataque-de-perros-en-tamaulipas\/#article","isPartOf":{"@id":"https:\/\/canal7slp.tv\/2025\/bebe-de-seis-meses-muere-tras-ataque-de-perros-en-tamaulipas\/"},"author":{"name":"Edici\u00f3n Web","@id":"https:\/\/canal7slp.tv\/2025\/#\/schema\/person\/271e2b60a96e7cc9d9ac296f4d7e414b"},"headline":"Beb\u00e9 de seis meses muere tras ataque de perros en Tamaulipas","datePublished":"2025-09-04T20:05:56+00:00","mainEntityOfPage":{"@id":"https:\/\/canal7slp.tv\/2025\/bebe-de-seis-meses-muere-tras-ataque-de-perros-en-tamaulipas\/"},"wordCount":204,"publisher":{"@id":"https:\/\/canal7slp.tv\/2025\/#organization"},"image":{"@id":"https:\/\/canal7slp.tv\/2025\/bebe-de-seis-meses-muere-tras-ataque-de-perros-en-tamaulipas\/#primaryimage"},"thumbnailUrl":"https:\/\/canal7slp.tv\/2025\/wp-content\/uploads\/2025\/09\/05-2.jpg","articleSection":["NACIONALES"],"inLanguage":"es"},{"@type":"WebPage","@id":"https:\/\/canal7slp.tv\/2025\/bebe-de-seis-meses-muere-tras-ataque-de-perros-en-tamaulipas\/","url":"https:\/\/canal7slp.tv\/2025\/bebe-de-seis-meses-muere-tras-ataque-de-perros-en-tamaulipas\/","name":"Beb\u00e9 de seis meses muere tras ataque de perros en Tamaulipas - Canal 7 SLP - 2025","isPartOf":{"@id":"https:\/\/canal7slp.tv\/2025\/#website"},"primaryImageOfPage":{"@id":"https:\/\/canal7slp.tv\/2025\/bebe-de-seis-meses-muere-tras-ataque-de-perros-en-tamaulipas\/#primaryimage"},"image":{"@id":"https:\/\/canal7slp.tv\/2025\/bebe-de-seis-meses-muere-tras-ataque-de-perros-en-tamaulipas\/#primaryimage"},"thumbnailUrl":"https:\/\/canal7slp.tv\/2025\/wp-content\/uploads\/2025\/09\/05-2.jpg","datePublished":"2025-09-04T20:05:56+00:00","breadcrumb":{"@id":"https:\/\/canal7slp.tv\/2025\/bebe-de-seis-meses-muere-tras-ataque-de-perros-en-tamaulipas\/#breadcrumb"},"inLanguage":"es","potentialAction":[{"@type":"ReadAction","target":["https:\/\/canal7slp.tv\/2025\/bebe-de-seis-meses-muere-tras-ataque-de-perros-en-tamaulipas\/"]}]},{"@type":"ImageObject","inLanguage":"es","@id":"https:\/\/canal7slp.tv\/2025\/bebe-de-seis-meses-muere-tras-ataque-de-perros-en-tamaulipas\/#primaryimage","url":"https:\/\/canal7slp.tv\/2025\/wp-content\/uploads\/2025\/09\/05-2.jpg","contentUrl":"https:\/\/canal7slp.tv\/2025\/wp-content\/uploads\/2025\/09\/05-2.jpg","width":599,"height":500},{"@type":"BreadcrumbList","@id":"https:\/\/canal7slp.tv\/2025\/bebe-de-seis-meses-muere-tras-ataque-de-perros-en-tamaulipas\/#breadcrumb","itemListElement":[{"@type":"ListItem","position":1,"name":"Portada","item":"https:\/\/canal7slp.tv\/2025\/"},{"@type":"ListItem","position":2,"name":"Beb\u00e9 de seis meses muere tras ataque de perros en Tamaulipas"}]},{"@type":"WebSite","@id":"https:\/\/canal7slp.tv\/2025\/#website","url":"https:\/\/canal7slp.tv\/2025\/","name":"N7 - Noticieros Canal 7","description":"Somos el Medio","publisher":{"@id":"https:\/\/canal7slp.tv\/2025\/#organization"},"potentialAction":[{"@type":"SearchAction","target":{"@type":"EntryPoint","urlTemplate":"https:\/\/canal7slp.tv\/2025\/?s={search_term_string}"},"query-input":{"@type":"PropertyValueSpecification","valueRequired":true,"valueName":"search_term_string"}}],"inLanguage":"es"},{"@type":"Organization","@id":"https:\/\/canal7slp.tv\/2025\/#organization","name":"Noticieros Canal 7","url":"https:\/\/canal7slp.tv\/2025\/","logo":{"@type":"ImageObject","inLanguage":"es","@id":"https:\/\/canal7slp.tv\/2025\/#\/schema\/logo\/image\/","url":"https:\/\/canal7slp.tv\/2025\/wp-content\/uploads\/2021\/01\/logo-noticieros@2x.png","contentUrl":"https:\/\/canal7slp.tv\/2025\/wp-content\/uploads\/2021\/01\/logo-noticieros@2x.png","width":1017,"height":268,"caption":"Noticieros Canal 7"},"image":{"@id":"https:\/\/canal7slp.tv\/2025\/#\/schema\/logo\/image\/"},"sameAs":["https:\/\/www.facebook.com\/noticieroscanal7atencionciudadana\/","https:\/\/x.com\/NOTICIEROS7","https:\/\/www.instagram.com\/canal7_slp","https:\/\/www.youtube.com\/channel\/UCliiYs-gP3JfJeqdPrNdd5A"]},{"@type":"Person","@id":"https:\/\/canal7slp.tv\/2025\/#\/schema\/person\/271e2b60a96e7cc9d9ac296f4d7e414b","name":"Edici\u00f3n Web","image":{"@type":"ImageObject","inLanguage":"es","@id":"https:\/\/secure.gravatar.com\/avatar\/eee448fc3f7164808013b816ba91ac7e43bbe82a70bebac296f8bc6f0addaa1a?s=96&d=mm&r=g","url":"https:\/\/secure.gravatar.com\/avatar\/eee448fc3f7164808013b816ba91ac7e43bbe82a70bebac296f8bc6f0addaa1a?s=96&d=mm&r=g","contentUrl":"https:\/\/secure.gravatar.com\/avatar\/eee448fc3f7164808013b816ba91ac7e43bbe82a70bebac296f8bc6f0addaa1a?s=96&d=mm&r=g","caption":"Edici\u00f3n Web"},"url":"https:\/\/canal7slp.tv\/2025\/author\/edicionweb\/"}]}},"_links":{"self":[{"href":"https:\/\/canal7slp.tv\/2025\/wp-json\/wp\/v2\/posts\/178261","targetHints":{"allow":["GET"]}}],"collection":[{"href":"https:\/\/canal7slp.tv\/2025\/wp-json\/wp\/v2\/posts"}],"about":[{"href":"https:\/\/canal7slp.tv\/2025\/wp-json\/wp\/v2\/types\/post"}],"author":[{"embeddable":true,"href":"https:\/\/canal7slp.tv\/2025\/wp-json\/wp\/v2\/users\/2"}],"replies":[{"embeddable":true,"href":"https:\/\/canal7slp.tv\/2025\/wp-json\/wp\/v2\/comments?post=178261"}],"version-history":[{"count":1,"href":"https:\/\/canal7slp.tv\/2025\/wp-json\/wp\/v2\/posts\/178261\/revisions"}],"predecessor-version":[{"id":178263,"href":"https:\/\/canal7slp.tv\/2025\/wp-json\/wp\/v2\/posts\/178261\/revisions\/178263"}],"wp:featuredmedia":[{"embeddable":true,"href":"https:\/\/canal7slp.tv\/2025\/wp-json\/wp\/v2\/media\/178262"}],"wp:attachment":[{"href":"https:\/\/canal7slp.tv\/2025\/wp-json\/wp\/v2\/media?parent=178261"}],"wp:term":[{"taxonomy":"category","embeddable":true,"href":"https:\/\/canal7slp.tv\/2025\/wp-json\/wp\/v2\/categories?post=178261"},{"taxonomy":"post_tag","embeddable":true,"href":"https:\/\/canal7slp.tv\/2025\/wp-json\/wp\/v2\/tags?post=178261"}],"curies":[{"name":"wp","href":"https:\/\/api.w.org\/{rel}","templated":true}]}}