{"id":178258,"date":"2025-09-04T14:03:17","date_gmt":"2025-09-04T20:03:17","guid":{"rendered":"https:\/\/canal7slp.tv\/2025\/?p=178258"},"modified":"2025-09-04T14:03:17","modified_gmt":"2025-09-04T20:03:17","slug":"marco-rubio-anuncia-cooperacion-en-seguridad-durante-visita-a-ecuador","status":"publish","type":"post","link":"https:\/\/canal7slp.tv\/2025\/marco-rubio-anuncia-cooperacion-en-seguridad-durante-visita-a-ecuador\/","title":{"rendered":"Marco Rubio anuncia cooperaci\u00f3n en seguridad durante visita a Ecuador"},"content":{"rendered":"<div data-rbd-draggable-context-id=\"8\" data-rbd-draggable-id=\"27dsl\">\n<div class=\"\" data-block=\"true\" data-editor=\"1amdl\" data-offset-key=\"27dsl-0-0\">\n<div class=\"public-DraftStyleDefault-block public-DraftStyleDefault-ltr\" data-offset-key=\"27dsl-0-0\">\n<p style=\"text-align: justify;\">\n<p style=\"text-align: justify;\">Quito.- El secretario de Estado de Estados Unidos, Marco Rubio, se reuni\u00f3 con autoridades ecuatorianas en Quito, donde anunci\u00f3 un paquete de asistencia de aproximadamente 20 millones de d\u00f3lares para fortalecer la lucha contra el crimen organizado en el pa\u00eds sudamericano.<\/p>\n<p style=\"text-align: justify;\">Durante su visita, el funcionario estadounidense destac\u00f3 la cooperaci\u00f3n bilateral en materia de seguridad y se\u00f1al\u00f3 que su pa\u00eds ha designado formalmente a las organizaciones criminales \u00abLos Lobos\u00bb y \u00abLos Choneros\u00bb como grupos terroristas. Esta medida se alinea con la clasificaci\u00f3n previamente establecida por el gobierno ecuatoriano a principios de 2024.<\/p>\n<p style=\"text-align: justify;\">El paquete de asistencia incluye 13.5 millones de d\u00f3lares para apoyar las operaciones contra el crimen organizado y seis millones adicionales para la adquisici\u00f3n de drones de \u00faltima generaci\u00f3n para la Fuerza Naval ecuatoriana. Rubio tambi\u00e9n destac\u00f3 la importancia de realizar entrenamientos conjuntos entre las fuerzas de seguridad de ambos pa\u00edses.<\/p>\n<p style=\"text-align: justify;\">El secretario de Estado se refiri\u00f3 a la situaci\u00f3n en Venezuela, reiterando las acusaciones sobre presunta participaci\u00f3n en tr\u00e1fico de drogas y mencionando que el presidente Nicol\u00e1s Maduro enfrenta cargos judiciales en Estados Unidos.<\/p>\n<\/div>\n<\/div>\n<\/div>\n","protected":false},"excerpt":{"rendered":"<p>Quito.- El secretario de Estado de Estados Unidos, Marco Rubio, se reuni\u00f3 con autoridades ecuatorianas en Quito, donde anunci\u00f3 un paquete de asistencia de aproximadamente 20 millones de d\u00f3lares para fortalecer la lucha contra el crimen organizado en el pa\u00eds sudamericano. Durante su visita, el funcionario estadounidense destac\u00f3 la cooperaci\u00f3n bilateral en materia de seguridad y se\u00f1al\u00f3 que su pa\u00eds ha designado formalmente a las organizaciones criminales \u00abLos Lobos\u00bb y \u00abLos Choneros\u00bb como grupos terroristas. Esta medida se alinea con la clasificaci\u00f3n previamente establecida por el gobierno ecuatoriano a principios de 2024. El paquete de asistencia incluye 13.5 millones de [&hellip;]<\/p>\n","protected":false},"author":2,"featured_media":178259,"comment_status":"closed","ping_status":"closed","sticky":false,"template":"","format":"standard","meta":{"_monsterinsights_skip_tracking":false,"_monsterinsights_sitenote_active":false,"_monsterinsights_sitenote_note":"","_monsterinsights_sitenote_category":0,"footnotes":""},"categories":[44],"tags":[],"class_list":["post-178258","post","type-post","status-publish","format-standard","has-post-thumbnail","hentry","category-internacional","post--single"],"yoast_head":"<!-- This site is optimized with the Yoast SEO plugin v27.5 - https:\/\/yoast.com\/product\/yoast-seo-wordpress\/ -->\n<title>Marco Rubio anuncia cooperaci\u00f3n en seguridad durante visita a Ecuador - Canal 7 SLP - 2025<\/title>\n<meta name=\"robots\" content=\"index, follow, max-snippet:-1, max-image-preview:large, max-video-preview:-1\" \/>\n<link rel=\"canonical\" href=\"https:\/\/canal7slp.tv\/2025\/marco-rubio-anuncia-cooperacion-en-seguridad-durante-visita-a-ecuador\/\" \/>\n<meta property=\"og:locale\" content=\"es_ES\" \/>\n<meta property=\"og:type\" content=\"article\" \/>\n<meta property=\"og:title\" content=\"Marco Rubio anuncia cooperaci\u00f3n en seguridad durante visita a Ecuador - Canal 7 SLP - 2025\" \/>\n<meta property=\"og:description\" content=\"Quito.- El secretario de Estado de Estados Unidos, Marco Rubio, se reuni\u00f3 con autoridades ecuatorianas en Quito, donde anunci\u00f3 un paquete de asistencia de aproximadamente 20 millones de d\u00f3lares para fortalecer la lucha contra el crimen organizado en el pa\u00eds sudamericano. Durante su visita, el funcionario estadounidense destac\u00f3 la cooperaci\u00f3n bilateral en materia de seguridad y se\u00f1al\u00f3 que su pa\u00eds ha designado formalmente a las organizaciones criminales \u00abLos Lobos\u00bb y \u00abLos Choneros\u00bb como grupos terroristas. Esta medida se alinea con la clasificaci\u00f3n previamente establecida por el gobierno ecuatoriano a principios de 2024. El paquete de asistencia incluye 13.5 millones de [&hellip;]\" \/>\n<meta property=\"og:url\" content=\"https:\/\/canal7slp.tv\/2025\/marco-rubio-anuncia-cooperacion-en-seguridad-durante-visita-a-ecuador\/\" \/>\n<meta property=\"og:site_name\" content=\"Canal 7 SLP - 2025\" \/>\n<meta property=\"article:publisher\" content=\"https:\/\/www.facebook.com\/noticieroscanal7atencionciudadana\/\" \/>\n<meta property=\"article:published_time\" content=\"2025-09-04T20:03:17+00:00\" \/>\n<meta property=\"og:image\" content=\"https:\/\/canal7slp.tv\/2025\/wp-content\/uploads\/2025\/09\/04-2.jpg\" \/>\n\t<meta property=\"og:image:width\" content=\"750\" \/>\n\t<meta property=\"og:image:height\" content=\"500\" \/>\n\t<meta property=\"og:image:type\" content=\"image\/jpeg\" \/>\n<meta name=\"author\" content=\"Edici\u00f3n Web\" \/>\n<meta name=\"twitter:card\" content=\"summary_large_image\" \/>\n<meta name=\"twitter:creator\" content=\"@NOTICIEROS7\" \/>\n<meta name=\"twitter:site\" content=\"@NOTICIEROS7\" \/>\n<meta name=\"twitter:label1\" content=\"Escrito por\" \/>\n\t<meta name=\"twitter:data1\" content=\"Edici\u00f3n Web\" \/>\n\t<meta name=\"twitter:label2\" content=\"Tiempo de lectura\" \/>\n\t<meta name=\"twitter:data2\" content=\"2 minutos\" \/>\n<script type=\"application\/ld+json\" class=\"yoast-schema-graph\">{\"@context\":\"https:\\\/\\\/schema.org\",\"@graph\":[{\"@type\":\"Article\",\"@id\":\"https:\\\/\\\/canal7slp.tv\\\/2025\\\/marco-rubio-anuncia-cooperacion-en-seguridad-durante-visita-a-ecuador\\\/#article\",\"isPartOf\":{\"@id\":\"https:\\\/\\\/canal7slp.tv\\\/2025\\\/marco-rubio-anuncia-cooperacion-en-seguridad-durante-visita-a-ecuador\\\/\"},\"author\":{\"name\":\"Edici\u00f3n Web\",\"@id\":\"https:\\\/\\\/canal7slp.tv\\\/2025\\\/#\\\/schema\\\/person\\\/271e2b60a96e7cc9d9ac296f4d7e414b\"},\"headline\":\"Marco Rubio anuncia cooperaci\u00f3n en seguridad durante visita a Ecuador\",\"datePublished\":\"2025-09-04T20:03:17+00:00\",\"mainEntityOfPage\":{\"@id\":\"https:\\\/\\\/canal7slp.tv\\\/2025\\\/marco-rubio-anuncia-cooperacion-en-seguridad-durante-visita-a-ecuador\\\/\"},\"wordCount\":201,\"publisher\":{\"@id\":\"https:\\\/\\\/canal7slp.tv\\\/2025\\\/#organization\"},\"image\":{\"@id\":\"https:\\\/\\\/canal7slp.tv\\\/2025\\\/marco-rubio-anuncia-cooperacion-en-seguridad-durante-visita-a-ecuador\\\/#primaryimage\"},\"thumbnailUrl\":\"https:\\\/\\\/canal7slp.tv\\\/2025\\\/wp-content\\\/uploads\\\/2025\\\/09\\\/04-2.jpg\",\"articleSection\":[\"INTERNACIONALES\"],\"inLanguage\":\"es\"},{\"@type\":\"WebPage\",\"@id\":\"https:\\\/\\\/canal7slp.tv\\\/2025\\\/marco-rubio-anuncia-cooperacion-en-seguridad-durante-visita-a-ecuador\\\/\",\"url\":\"https:\\\/\\\/canal7slp.tv\\\/2025\\\/marco-rubio-anuncia-cooperacion-en-seguridad-durante-visita-a-ecuador\\\/\",\"name\":\"Marco Rubio anuncia cooperaci\u00f3n en seguridad durante visita a Ecuador - Canal 7 SLP - 2025\",\"isPartOf\":{\"@id\":\"https:\\\/\\\/canal7slp.tv\\\/2025\\\/#website\"},\"primaryImageOfPage\":{\"@id\":\"https:\\\/\\\/canal7slp.tv\\\/2025\\\/marco-rubio-anuncia-cooperacion-en-seguridad-durante-visita-a-ecuador\\\/#primaryimage\"},\"image\":{\"@id\":\"https:\\\/\\\/canal7slp.tv\\\/2025\\\/marco-rubio-anuncia-cooperacion-en-seguridad-durante-visita-a-ecuador\\\/#primaryimage\"},\"thumbnailUrl\":\"https:\\\/\\\/canal7slp.tv\\\/2025\\\/wp-content\\\/uploads\\\/2025\\\/09\\\/04-2.jpg\",\"datePublished\":\"2025-09-04T20:03:17+00:00\",\"breadcrumb\":{\"@id\":\"https:\\\/\\\/canal7slp.tv\\\/2025\\\/marco-rubio-anuncia-cooperacion-en-seguridad-durante-visita-a-ecuador\\\/#breadcrumb\"},\"inLanguage\":\"es\",\"potentialAction\":[{\"@type\":\"ReadAction\",\"target\":[\"https:\\\/\\\/canal7slp.tv\\\/2025\\\/marco-rubio-anuncia-cooperacion-en-seguridad-durante-visita-a-ecuador\\\/\"]}]},{\"@type\":\"ImageObject\",\"inLanguage\":\"es\",\"@id\":\"https:\\\/\\\/canal7slp.tv\\\/2025\\\/marco-rubio-anuncia-cooperacion-en-seguridad-durante-visita-a-ecuador\\\/#primaryimage\",\"url\":\"https:\\\/\\\/canal7slp.tv\\\/2025\\\/wp-content\\\/uploads\\\/2025\\\/09\\\/04-2.jpg\",\"contentUrl\":\"https:\\\/\\\/canal7slp.tv\\\/2025\\\/wp-content\\\/uploads\\\/2025\\\/09\\\/04-2.jpg\",\"width\":750,\"height\":500},{\"@type\":\"BreadcrumbList\",\"@id\":\"https:\\\/\\\/canal7slp.tv\\\/2025\\\/marco-rubio-anuncia-cooperacion-en-seguridad-durante-visita-a-ecuador\\\/#breadcrumb\",\"itemListElement\":[{\"@type\":\"ListItem\",\"position\":1,\"name\":\"Portada\",\"item\":\"https:\\\/\\\/canal7slp.tv\\\/2025\\\/\"},{\"@type\":\"ListItem\",\"position\":2,\"name\":\"Marco Rubio anuncia cooperaci\u00f3n en seguridad durante visita a Ecuador\"}]},{\"@type\":\"WebSite\",\"@id\":\"https:\\\/\\\/canal7slp.tv\\\/2025\\\/#website\",\"url\":\"https:\\\/\\\/canal7slp.tv\\\/2025\\\/\",\"name\":\"N7 - Noticieros Canal 7\",\"description\":\"Somos el Medio\",\"publisher\":{\"@id\":\"https:\\\/\\\/canal7slp.tv\\\/2025\\\/#organization\"},\"potentialAction\":[{\"@type\":\"SearchAction\",\"target\":{\"@type\":\"EntryPoint\",\"urlTemplate\":\"https:\\\/\\\/canal7slp.tv\\\/2025\\\/?s={search_term_string}\"},\"query-input\":{\"@type\":\"PropertyValueSpecification\",\"valueRequired\":true,\"valueName\":\"search_term_string\"}}],\"inLanguage\":\"es\"},{\"@type\":\"Organization\",\"@id\":\"https:\\\/\\\/canal7slp.tv\\\/2025\\\/#organization\",\"name\":\"Noticieros Canal 7\",\"url\":\"https:\\\/\\\/canal7slp.tv\\\/2025\\\/\",\"logo\":{\"@type\":\"ImageObject\",\"inLanguage\":\"es\",\"@id\":\"https:\\\/\\\/canal7slp.tv\\\/2025\\\/#\\\/schema\\\/logo\\\/image\\\/\",\"url\":\"https:\\\/\\\/canal7slp.tv\\\/2025\\\/wp-content\\\/uploads\\\/2021\\\/01\\\/logo-noticieros@2x.png\",\"contentUrl\":\"https:\\\/\\\/canal7slp.tv\\\/2025\\\/wp-content\\\/uploads\\\/2021\\\/01\\\/logo-noticieros@2x.png\",\"width\":1017,\"height\":268,\"caption\":\"Noticieros Canal 7\"},\"image\":{\"@id\":\"https:\\\/\\\/canal7slp.tv\\\/2025\\\/#\\\/schema\\\/logo\\\/image\\\/\"},\"sameAs\":[\"https:\\\/\\\/www.facebook.com\\\/noticieroscanal7atencionciudadana\\\/\",\"https:\\\/\\\/x.com\\\/NOTICIEROS7\",\"https:\\\/\\\/www.instagram.com\\\/canal7_slp\",\"https:\\\/\\\/www.youtube.com\\\/channel\\\/UCliiYs-gP3JfJeqdPrNdd5A\"]},{\"@type\":\"Person\",\"@id\":\"https:\\\/\\\/canal7slp.tv\\\/2025\\\/#\\\/schema\\\/person\\\/271e2b60a96e7cc9d9ac296f4d7e414b\",\"name\":\"Edici\u00f3n Web\",\"image\":{\"@type\":\"ImageObject\",\"inLanguage\":\"es\",\"@id\":\"https:\\\/\\\/secure.gravatar.com\\\/avatar\\\/eee448fc3f7164808013b816ba91ac7e43bbe82a70bebac296f8bc6f0addaa1a?s=96&d=mm&r=g\",\"url\":\"https:\\\/\\\/secure.gravatar.com\\\/avatar\\\/eee448fc3f7164808013b816ba91ac7e43bbe82a70bebac296f8bc6f0addaa1a?s=96&d=mm&r=g\",\"contentUrl\":\"https:\\\/\\\/secure.gravatar.com\\\/avatar\\\/eee448fc3f7164808013b816ba91ac7e43bbe82a70bebac296f8bc6f0addaa1a?s=96&d=mm&r=g\",\"caption\":\"Edici\u00f3n Web\"},\"url\":\"https:\\\/\\\/canal7slp.tv\\\/2025\\\/author\\\/edicionweb\\\/\"}]}<\/script>\n<!-- \/ Yoast SEO plugin. -->","yoast_head_json":{"title":"Marco Rubio anuncia cooperaci\u00f3n en seguridad durante visita a Ecuador - Canal 7 SLP - 2025","robots":{"index":"index","follow":"follow","max-snippet":"max-snippet:-1","max-image-preview":"max-image-preview:large","max-video-preview":"max-video-preview:-1"},"canonical":"https:\/\/canal7slp.tv\/2025\/marco-rubio-anuncia-cooperacion-en-seguridad-durante-visita-a-ecuador\/","og_locale":"es_ES","og_type":"article","og_title":"Marco Rubio anuncia cooperaci\u00f3n en seguridad durante visita a Ecuador - Canal 7 SLP - 2025","og_description":"Quito.- El secretario de Estado de Estados Unidos, Marco Rubio, se reuni\u00f3 con autoridades ecuatorianas en Quito, donde anunci\u00f3 un paquete de asistencia de aproximadamente 20 millones de d\u00f3lares para fortalecer la lucha contra el crimen organizado en el pa\u00eds sudamericano. Durante su visita, el funcionario estadounidense destac\u00f3 la cooperaci\u00f3n bilateral en materia de seguridad y se\u00f1al\u00f3 que su pa\u00eds ha designado formalmente a las organizaciones criminales \u00abLos Lobos\u00bb y \u00abLos Choneros\u00bb como grupos terroristas. Esta medida se alinea con la clasificaci\u00f3n previamente establecida por el gobierno ecuatoriano a principios de 2024. El paquete de asistencia incluye 13.5 millones de [&hellip;]","og_url":"https:\/\/canal7slp.tv\/2025\/marco-rubio-anuncia-cooperacion-en-seguridad-durante-visita-a-ecuador\/","og_site_name":"Canal 7 SLP - 2025","article_publisher":"https:\/\/www.facebook.com\/noticieroscanal7atencionciudadana\/","article_published_time":"2025-09-04T20:03:17+00:00","og_image":[{"width":750,"height":500,"url":"https:\/\/canal7slp.tv\/2025\/wp-content\/uploads\/2025\/09\/04-2.jpg","type":"image\/jpeg"}],"author":"Edici\u00f3n Web","twitter_card":"summary_large_image","twitter_creator":"@NOTICIEROS7","twitter_site":"@NOTICIEROS7","twitter_misc":{"Escrito por":"Edici\u00f3n Web","Tiempo de lectura":"2 minutos"},"schema":{"@context":"https:\/\/schema.org","@graph":[{"@type":"Article","@id":"https:\/\/canal7slp.tv\/2025\/marco-rubio-anuncia-cooperacion-en-seguridad-durante-visita-a-ecuador\/#article","isPartOf":{"@id":"https:\/\/canal7slp.tv\/2025\/marco-rubio-anuncia-cooperacion-en-seguridad-durante-visita-a-ecuador\/"},"author":{"name":"Edici\u00f3n Web","@id":"https:\/\/canal7slp.tv\/2025\/#\/schema\/person\/271e2b60a96e7cc9d9ac296f4d7e414b"},"headline":"Marco Rubio anuncia cooperaci\u00f3n en seguridad durante visita a Ecuador","datePublished":"2025-09-04T20:03:17+00:00","mainEntityOfPage":{"@id":"https:\/\/canal7slp.tv\/2025\/marco-rubio-anuncia-cooperacion-en-seguridad-durante-visita-a-ecuador\/"},"wordCount":201,"publisher":{"@id":"https:\/\/canal7slp.tv\/2025\/#organization"},"image":{"@id":"https:\/\/canal7slp.tv\/2025\/marco-rubio-anuncia-cooperacion-en-seguridad-durante-visita-a-ecuador\/#primaryimage"},"thumbnailUrl":"https:\/\/canal7slp.tv\/2025\/wp-content\/uploads\/2025\/09\/04-2.jpg","articleSection":["INTERNACIONALES"],"inLanguage":"es"},{"@type":"WebPage","@id":"https:\/\/canal7slp.tv\/2025\/marco-rubio-anuncia-cooperacion-en-seguridad-durante-visita-a-ecuador\/","url":"https:\/\/canal7slp.tv\/2025\/marco-rubio-anuncia-cooperacion-en-seguridad-durante-visita-a-ecuador\/","name":"Marco Rubio anuncia cooperaci\u00f3n en seguridad durante visita a Ecuador - Canal 7 SLP - 2025","isPartOf":{"@id":"https:\/\/canal7slp.tv\/2025\/#website"},"primaryImageOfPage":{"@id":"https:\/\/canal7slp.tv\/2025\/marco-rubio-anuncia-cooperacion-en-seguridad-durante-visita-a-ecuador\/#primaryimage"},"image":{"@id":"https:\/\/canal7slp.tv\/2025\/marco-rubio-anuncia-cooperacion-en-seguridad-durante-visita-a-ecuador\/#primaryimage"},"thumbnailUrl":"https:\/\/canal7slp.tv\/2025\/wp-content\/uploads\/2025\/09\/04-2.jpg","datePublished":"2025-09-04T20:03:17+00:00","breadcrumb":{"@id":"https:\/\/canal7slp.tv\/2025\/marco-rubio-anuncia-cooperacion-en-seguridad-durante-visita-a-ecuador\/#breadcrumb"},"inLanguage":"es","potentialAction":[{"@type":"ReadAction","target":["https:\/\/canal7slp.tv\/2025\/marco-rubio-anuncia-cooperacion-en-seguridad-durante-visita-a-ecuador\/"]}]},{"@type":"ImageObject","inLanguage":"es","@id":"https:\/\/canal7slp.tv\/2025\/marco-rubio-anuncia-cooperacion-en-seguridad-durante-visita-a-ecuador\/#primaryimage","url":"https:\/\/canal7slp.tv\/2025\/wp-content\/uploads\/2025\/09\/04-2.jpg","contentUrl":"https:\/\/canal7slp.tv\/2025\/wp-content\/uploads\/2025\/09\/04-2.jpg","width":750,"height":500},{"@type":"BreadcrumbList","@id":"https:\/\/canal7slp.tv\/2025\/marco-rubio-anuncia-cooperacion-en-seguridad-durante-visita-a-ecuador\/#breadcrumb","itemListElement":[{"@type":"ListItem","position":1,"name":"Portada","item":"https:\/\/canal7slp.tv\/2025\/"},{"@type":"ListItem","position":2,"name":"Marco Rubio anuncia cooperaci\u00f3n en seguridad durante visita a Ecuador"}]},{"@type":"WebSite","@id":"https:\/\/canal7slp.tv\/2025\/#website","url":"https:\/\/canal7slp.tv\/2025\/","name":"N7 - Noticieros Canal 7","description":"Somos el Medio","publisher":{"@id":"https:\/\/canal7slp.tv\/2025\/#organization"},"potentialAction":[{"@type":"SearchAction","target":{"@type":"EntryPoint","urlTemplate":"https:\/\/canal7slp.tv\/2025\/?s={search_term_string}"},"query-input":{"@type":"PropertyValueSpecification","valueRequired":true,"valueName":"search_term_string"}}],"inLanguage":"es"},{"@type":"Organization","@id":"https:\/\/canal7slp.tv\/2025\/#organization","name":"Noticieros Canal 7","url":"https:\/\/canal7slp.tv\/2025\/","logo":{"@type":"ImageObject","inLanguage":"es","@id":"https:\/\/canal7slp.tv\/2025\/#\/schema\/logo\/image\/","url":"https:\/\/canal7slp.tv\/2025\/wp-content\/uploads\/2021\/01\/logo-noticieros@2x.png","contentUrl":"https:\/\/canal7slp.tv\/2025\/wp-content\/uploads\/2021\/01\/logo-noticieros@2x.png","width":1017,"height":268,"caption":"Noticieros Canal 7"},"image":{"@id":"https:\/\/canal7slp.tv\/2025\/#\/schema\/logo\/image\/"},"sameAs":["https:\/\/www.facebook.com\/noticieroscanal7atencionciudadana\/","https:\/\/x.com\/NOTICIEROS7","https:\/\/www.instagram.com\/canal7_slp","https:\/\/www.youtube.com\/channel\/UCliiYs-gP3JfJeqdPrNdd5A"]},{"@type":"Person","@id":"https:\/\/canal7slp.tv\/2025\/#\/schema\/person\/271e2b60a96e7cc9d9ac296f4d7e414b","name":"Edici\u00f3n Web","image":{"@type":"ImageObject","inLanguage":"es","@id":"https:\/\/secure.gravatar.com\/avatar\/eee448fc3f7164808013b816ba91ac7e43bbe82a70bebac296f8bc6f0addaa1a?s=96&d=mm&r=g","url":"https:\/\/secure.gravatar.com\/avatar\/eee448fc3f7164808013b816ba91ac7e43bbe82a70bebac296f8bc6f0addaa1a?s=96&d=mm&r=g","contentUrl":"https:\/\/secure.gravatar.com\/avatar\/eee448fc3f7164808013b816ba91ac7e43bbe82a70bebac296f8bc6f0addaa1a?s=96&d=mm&r=g","caption":"Edici\u00f3n Web"},"url":"https:\/\/canal7slp.tv\/2025\/author\/edicionweb\/"}]}},"_links":{"self":[{"href":"https:\/\/canal7slp.tv\/2025\/wp-json\/wp\/v2\/posts\/178258","targetHints":{"allow":["GET"]}}],"collection":[{"href":"https:\/\/canal7slp.tv\/2025\/wp-json\/wp\/v2\/posts"}],"about":[{"href":"https:\/\/canal7slp.tv\/2025\/wp-json\/wp\/v2\/types\/post"}],"author":[{"embeddable":true,"href":"https:\/\/canal7slp.tv\/2025\/wp-json\/wp\/v2\/users\/2"}],"replies":[{"embeddable":true,"href":"https:\/\/canal7slp.tv\/2025\/wp-json\/wp\/v2\/comments?post=178258"}],"version-history":[{"count":1,"href":"https:\/\/canal7slp.tv\/2025\/wp-json\/wp\/v2\/posts\/178258\/revisions"}],"predecessor-version":[{"id":178260,"href":"https:\/\/canal7slp.tv\/2025\/wp-json\/wp\/v2\/posts\/178258\/revisions\/178260"}],"wp:featuredmedia":[{"embeddable":true,"href":"https:\/\/canal7slp.tv\/2025\/wp-json\/wp\/v2\/media\/178259"}],"wp:attachment":[{"href":"https:\/\/canal7slp.tv\/2025\/wp-json\/wp\/v2\/media?parent=178258"}],"wp:term":[{"taxonomy":"category","embeddable":true,"href":"https:\/\/canal7slp.tv\/2025\/wp-json\/wp\/v2\/categories?post=178258"},{"taxonomy":"post_tag","embeddable":true,"href":"https:\/\/canal7slp.tv\/2025\/wp-json\/wp\/v2\/tags?post=178258"}],"curies":[{"name":"wp","href":"https:\/\/api.w.org\/{rel}","templated":true}]}}