{"id":178255,"date":"2025-09-04T13:55:30","date_gmt":"2025-09-04T19:55:30","guid":{"rendered":"https:\/\/canal7slp.tv\/2025\/?p=178255"},"modified":"2025-09-04T13:55:30","modified_gmt":"2025-09-04T19:55:30","slug":"gobierno-federal-anuncia-regularizacion-de-concesiones-de-agua","status":"publish","type":"post","link":"https:\/\/canal7slp.tv\/2025\/gobierno-federal-anuncia-regularizacion-de-concesiones-de-agua\/","title":{"rendered":"Gobierno federal anuncia regularizaci\u00f3n de concesiones de agua"},"content":{"rendered":"<p style=\"text-align: justify;\">\n<p style=\"text-align: justify;\">M\u00e9xico.- La Presidencia de la Rep\u00fablica inform\u00f3 sobre la implementaci\u00f3n de un proceso de regularizaci\u00f3n de t\u00edtulos de concesi\u00f3n de agua en el pa\u00eds. Durante una conferencia de prensa matutina, se destac\u00f3 que se est\u00e1 realizando un trabajo intensivo para organizar el registro de concesiones tras un incendio ocurrido en 2019 que afect\u00f3 las bases de datos de la Comisi\u00f3n Nacional del Agua (Conagua).<\/p>\n<p style=\"text-align: justify;\">Las autoridades detectaron que en m\u00e1s de 13 mil casos, los municipios no han realizado los tr\u00e1mites de pr\u00f3rroga de sus concesiones. Esta situaci\u00f3n afecta particularmente a peque\u00f1os productores que, al no contar con documentos vigentes, enfrentan dificultades para acceder a subsidios y soportan incrementos en los costos de producci\u00f3n.<\/p>\n<p style=\"text-align: justify;\">Como parte de las acciones emprendidas, se han identificado casos donde el agua concesionada para riego agr\u00edcola estaba siendo utilizada para otros fines, como desarrollos habitacionales. El gobierno federal ha establecido que, de no regularizarse las concesiones, se proceder\u00e1 a la clausura de pozos o usos no autorizados.<\/p>\n<p style=\"text-align: justify;\">Seg\u00fan datos proporcionados, se han regularizado 4 mil millones de metros c\u00fabicos de agua, volumen equivalente al consumo de cuatro veces la Ciudad de M\u00e9xico. Estas acciones forman parte de una estrategia broader para brindar facilidades administrativas a peque\u00f1os productores, entidades federativas y municipios.<\/p>\n","protected":false},"excerpt":{"rendered":"<p>M\u00e9xico.- La Presidencia de la Rep\u00fablica inform\u00f3 sobre la implementaci\u00f3n de un proceso de regularizaci\u00f3n de t\u00edtulos de concesi\u00f3n de agua en el pa\u00eds. Durante una conferencia de prensa matutina, se destac\u00f3 que se est\u00e1 realizando un trabajo intensivo para organizar el registro de concesiones tras un incendio ocurrido en 2019 que afect\u00f3 las bases de datos de la Comisi\u00f3n Nacional del Agua (Conagua). Las autoridades detectaron que en m\u00e1s de 13 mil casos, los municipios no han realizado los tr\u00e1mites de pr\u00f3rroga de sus concesiones. Esta situaci\u00f3n afecta particularmente a peque\u00f1os productores que, al no contar con documentos vigentes, [&hellip;]<\/p>\n","protected":false},"author":2,"featured_media":178256,"comment_status":"closed","ping_status":"closed","sticky":false,"template":"","format":"standard","meta":{"_monsterinsights_skip_tracking":false,"_monsterinsights_sitenote_active":false,"_monsterinsights_sitenote_note":"","_monsterinsights_sitenote_category":0,"footnotes":""},"categories":[46],"tags":[],"class_list":["post-178255","post","type-post","status-publish","format-standard","has-post-thumbnail","hentry","category-nacional","post--single"],"yoast_head":"<!-- This site is optimized with the Yoast SEO plugin v27.5 - https:\/\/yoast.com\/product\/yoast-seo-wordpress\/ -->\n<title>Gobierno federal anuncia regularizaci\u00f3n de concesiones de agua - Canal 7 SLP - 2025<\/title>\n<meta name=\"robots\" content=\"index, follow, max-snippet:-1, max-image-preview:large, max-video-preview:-1\" \/>\n<link rel=\"canonical\" href=\"https:\/\/canal7slp.tv\/2025\/gobierno-federal-anuncia-regularizacion-de-concesiones-de-agua\/\" \/>\n<meta property=\"og:locale\" content=\"es_ES\" \/>\n<meta property=\"og:type\" content=\"article\" \/>\n<meta property=\"og:title\" content=\"Gobierno federal anuncia regularizaci\u00f3n de concesiones de agua - Canal 7 SLP - 2025\" \/>\n<meta property=\"og:description\" content=\"M\u00e9xico.- La Presidencia de la Rep\u00fablica inform\u00f3 sobre la implementaci\u00f3n de un proceso de regularizaci\u00f3n de t\u00edtulos de concesi\u00f3n de agua en el pa\u00eds. Durante una conferencia de prensa matutina, se destac\u00f3 que se est\u00e1 realizando un trabajo intensivo para organizar el registro de concesiones tras un incendio ocurrido en 2019 que afect\u00f3 las bases de datos de la Comisi\u00f3n Nacional del Agua (Conagua). Las autoridades detectaron que en m\u00e1s de 13 mil casos, los municipios no han realizado los tr\u00e1mites de pr\u00f3rroga de sus concesiones. Esta situaci\u00f3n afecta particularmente a peque\u00f1os productores que, al no contar con documentos vigentes, [&hellip;]\" \/>\n<meta property=\"og:url\" content=\"https:\/\/canal7slp.tv\/2025\/gobierno-federal-anuncia-regularizacion-de-concesiones-de-agua\/\" \/>\n<meta property=\"og:site_name\" content=\"Canal 7 SLP - 2025\" \/>\n<meta property=\"article:publisher\" content=\"https:\/\/www.facebook.com\/noticieroscanal7atencionciudadana\/\" \/>\n<meta property=\"article:published_time\" content=\"2025-09-04T19:55:30+00:00\" \/>\n<meta property=\"og:image\" content=\"https:\/\/canal7slp.tv\/2025\/wp-content\/uploads\/2025\/09\/03-2.jpg\" \/>\n\t<meta property=\"og:image:width\" content=\"749\" \/>\n\t<meta property=\"og:image:height\" content=\"500\" \/>\n\t<meta property=\"og:image:type\" content=\"image\/jpeg\" \/>\n<meta name=\"author\" content=\"Edici\u00f3n Web\" \/>\n<meta name=\"twitter:card\" content=\"summary_large_image\" \/>\n<meta name=\"twitter:creator\" content=\"@NOTICIEROS7\" \/>\n<meta name=\"twitter:site\" content=\"@NOTICIEROS7\" \/>\n<meta name=\"twitter:label1\" content=\"Escrito por\" \/>\n\t<meta name=\"twitter:data1\" content=\"Edici\u00f3n Web\" \/>\n\t<meta name=\"twitter:label2\" content=\"Tiempo de lectura\" \/>\n\t<meta name=\"twitter:data2\" content=\"2 minutos\" \/>\n<script type=\"application\/ld+json\" class=\"yoast-schema-graph\">{\"@context\":\"https:\\\/\\\/schema.org\",\"@graph\":[{\"@type\":\"Article\",\"@id\":\"https:\\\/\\\/canal7slp.tv\\\/2025\\\/gobierno-federal-anuncia-regularizacion-de-concesiones-de-agua\\\/#article\",\"isPartOf\":{\"@id\":\"https:\\\/\\\/canal7slp.tv\\\/2025\\\/gobierno-federal-anuncia-regularizacion-de-concesiones-de-agua\\\/\"},\"author\":{\"name\":\"Edici\u00f3n Web\",\"@id\":\"https:\\\/\\\/canal7slp.tv\\\/2025\\\/#\\\/schema\\\/person\\\/271e2b60a96e7cc9d9ac296f4d7e414b\"},\"headline\":\"Gobierno federal anuncia regularizaci\u00f3n de concesiones de agua\",\"datePublished\":\"2025-09-04T19:55:30+00:00\",\"mainEntityOfPage\":{\"@id\":\"https:\\\/\\\/canal7slp.tv\\\/2025\\\/gobierno-federal-anuncia-regularizacion-de-concesiones-de-agua\\\/\"},\"wordCount\":232,\"publisher\":{\"@id\":\"https:\\\/\\\/canal7slp.tv\\\/2025\\\/#organization\"},\"image\":{\"@id\":\"https:\\\/\\\/canal7slp.tv\\\/2025\\\/gobierno-federal-anuncia-regularizacion-de-concesiones-de-agua\\\/#primaryimage\"},\"thumbnailUrl\":\"https:\\\/\\\/canal7slp.tv\\\/2025\\\/wp-content\\\/uploads\\\/2025\\\/09\\\/03-2.jpg\",\"articleSection\":[\"NACIONALES\"],\"inLanguage\":\"es\"},{\"@type\":\"WebPage\",\"@id\":\"https:\\\/\\\/canal7slp.tv\\\/2025\\\/gobierno-federal-anuncia-regularizacion-de-concesiones-de-agua\\\/\",\"url\":\"https:\\\/\\\/canal7slp.tv\\\/2025\\\/gobierno-federal-anuncia-regularizacion-de-concesiones-de-agua\\\/\",\"name\":\"Gobierno federal anuncia regularizaci\u00f3n de concesiones de agua - Canal 7 SLP - 2025\",\"isPartOf\":{\"@id\":\"https:\\\/\\\/canal7slp.tv\\\/2025\\\/#website\"},\"primaryImageOfPage\":{\"@id\":\"https:\\\/\\\/canal7slp.tv\\\/2025\\\/gobierno-federal-anuncia-regularizacion-de-concesiones-de-agua\\\/#primaryimage\"},\"image\":{\"@id\":\"https:\\\/\\\/canal7slp.tv\\\/2025\\\/gobierno-federal-anuncia-regularizacion-de-concesiones-de-agua\\\/#primaryimage\"},\"thumbnailUrl\":\"https:\\\/\\\/canal7slp.tv\\\/2025\\\/wp-content\\\/uploads\\\/2025\\\/09\\\/03-2.jpg\",\"datePublished\":\"2025-09-04T19:55:30+00:00\",\"breadcrumb\":{\"@id\":\"https:\\\/\\\/canal7slp.tv\\\/2025\\\/gobierno-federal-anuncia-regularizacion-de-concesiones-de-agua\\\/#breadcrumb\"},\"inLanguage\":\"es\",\"potentialAction\":[{\"@type\":\"ReadAction\",\"target\":[\"https:\\\/\\\/canal7slp.tv\\\/2025\\\/gobierno-federal-anuncia-regularizacion-de-concesiones-de-agua\\\/\"]}]},{\"@type\":\"ImageObject\",\"inLanguage\":\"es\",\"@id\":\"https:\\\/\\\/canal7slp.tv\\\/2025\\\/gobierno-federal-anuncia-regularizacion-de-concesiones-de-agua\\\/#primaryimage\",\"url\":\"https:\\\/\\\/canal7slp.tv\\\/2025\\\/wp-content\\\/uploads\\\/2025\\\/09\\\/03-2.jpg\",\"contentUrl\":\"https:\\\/\\\/canal7slp.tv\\\/2025\\\/wp-content\\\/uploads\\\/2025\\\/09\\\/03-2.jpg\",\"width\":749,\"height\":500},{\"@type\":\"BreadcrumbList\",\"@id\":\"https:\\\/\\\/canal7slp.tv\\\/2025\\\/gobierno-federal-anuncia-regularizacion-de-concesiones-de-agua\\\/#breadcrumb\",\"itemListElement\":[{\"@type\":\"ListItem\",\"position\":1,\"name\":\"Portada\",\"item\":\"https:\\\/\\\/canal7slp.tv\\\/2025\\\/\"},{\"@type\":\"ListItem\",\"position\":2,\"name\":\"Gobierno federal anuncia regularizaci\u00f3n de concesiones de agua\"}]},{\"@type\":\"WebSite\",\"@id\":\"https:\\\/\\\/canal7slp.tv\\\/2025\\\/#website\",\"url\":\"https:\\\/\\\/canal7slp.tv\\\/2025\\\/\",\"name\":\"N7 - Noticieros Canal 7\",\"description\":\"Somos el Medio\",\"publisher\":{\"@id\":\"https:\\\/\\\/canal7slp.tv\\\/2025\\\/#organization\"},\"potentialAction\":[{\"@type\":\"SearchAction\",\"target\":{\"@type\":\"EntryPoint\",\"urlTemplate\":\"https:\\\/\\\/canal7slp.tv\\\/2025\\\/?s={search_term_string}\"},\"query-input\":{\"@type\":\"PropertyValueSpecification\",\"valueRequired\":true,\"valueName\":\"search_term_string\"}}],\"inLanguage\":\"es\"},{\"@type\":\"Organization\",\"@id\":\"https:\\\/\\\/canal7slp.tv\\\/2025\\\/#organization\",\"name\":\"Noticieros Canal 7\",\"url\":\"https:\\\/\\\/canal7slp.tv\\\/2025\\\/\",\"logo\":{\"@type\":\"ImageObject\",\"inLanguage\":\"es\",\"@id\":\"https:\\\/\\\/canal7slp.tv\\\/2025\\\/#\\\/schema\\\/logo\\\/image\\\/\",\"url\":\"https:\\\/\\\/canal7slp.tv\\\/2025\\\/wp-content\\\/uploads\\\/2021\\\/01\\\/logo-noticieros@2x.png\",\"contentUrl\":\"https:\\\/\\\/canal7slp.tv\\\/2025\\\/wp-content\\\/uploads\\\/2021\\\/01\\\/logo-noticieros@2x.png\",\"width\":1017,\"height\":268,\"caption\":\"Noticieros Canal 7\"},\"image\":{\"@id\":\"https:\\\/\\\/canal7slp.tv\\\/2025\\\/#\\\/schema\\\/logo\\\/image\\\/\"},\"sameAs\":[\"https:\\\/\\\/www.facebook.com\\\/noticieroscanal7atencionciudadana\\\/\",\"https:\\\/\\\/x.com\\\/NOTICIEROS7\",\"https:\\\/\\\/www.instagram.com\\\/canal7_slp\",\"https:\\\/\\\/www.youtube.com\\\/channel\\\/UCliiYs-gP3JfJeqdPrNdd5A\"]},{\"@type\":\"Person\",\"@id\":\"https:\\\/\\\/canal7slp.tv\\\/2025\\\/#\\\/schema\\\/person\\\/271e2b60a96e7cc9d9ac296f4d7e414b\",\"name\":\"Edici\u00f3n Web\",\"image\":{\"@type\":\"ImageObject\",\"inLanguage\":\"es\",\"@id\":\"https:\\\/\\\/secure.gravatar.com\\\/avatar\\\/eee448fc3f7164808013b816ba91ac7e43bbe82a70bebac296f8bc6f0addaa1a?s=96&d=mm&r=g\",\"url\":\"https:\\\/\\\/secure.gravatar.com\\\/avatar\\\/eee448fc3f7164808013b816ba91ac7e43bbe82a70bebac296f8bc6f0addaa1a?s=96&d=mm&r=g\",\"contentUrl\":\"https:\\\/\\\/secure.gravatar.com\\\/avatar\\\/eee448fc3f7164808013b816ba91ac7e43bbe82a70bebac296f8bc6f0addaa1a?s=96&d=mm&r=g\",\"caption\":\"Edici\u00f3n Web\"},\"url\":\"https:\\\/\\\/canal7slp.tv\\\/2025\\\/author\\\/edicionweb\\\/\"}]}<\/script>\n<!-- \/ Yoast SEO plugin. -->","yoast_head_json":{"title":"Gobierno federal anuncia regularizaci\u00f3n de concesiones de agua - Canal 7 SLP - 2025","robots":{"index":"index","follow":"follow","max-snippet":"max-snippet:-1","max-image-preview":"max-image-preview:large","max-video-preview":"max-video-preview:-1"},"canonical":"https:\/\/canal7slp.tv\/2025\/gobierno-federal-anuncia-regularizacion-de-concesiones-de-agua\/","og_locale":"es_ES","og_type":"article","og_title":"Gobierno federal anuncia regularizaci\u00f3n de concesiones de agua - Canal 7 SLP - 2025","og_description":"M\u00e9xico.- La Presidencia de la Rep\u00fablica inform\u00f3 sobre la implementaci\u00f3n de un proceso de regularizaci\u00f3n de t\u00edtulos de concesi\u00f3n de agua en el pa\u00eds. Durante una conferencia de prensa matutina, se destac\u00f3 que se est\u00e1 realizando un trabajo intensivo para organizar el registro de concesiones tras un incendio ocurrido en 2019 que afect\u00f3 las bases de datos de la Comisi\u00f3n Nacional del Agua (Conagua). Las autoridades detectaron que en m\u00e1s de 13 mil casos, los municipios no han realizado los tr\u00e1mites de pr\u00f3rroga de sus concesiones. Esta situaci\u00f3n afecta particularmente a peque\u00f1os productores que, al no contar con documentos vigentes, [&hellip;]","og_url":"https:\/\/canal7slp.tv\/2025\/gobierno-federal-anuncia-regularizacion-de-concesiones-de-agua\/","og_site_name":"Canal 7 SLP - 2025","article_publisher":"https:\/\/www.facebook.com\/noticieroscanal7atencionciudadana\/","article_published_time":"2025-09-04T19:55:30+00:00","og_image":[{"width":749,"height":500,"url":"https:\/\/canal7slp.tv\/2025\/wp-content\/uploads\/2025\/09\/03-2.jpg","type":"image\/jpeg"}],"author":"Edici\u00f3n Web","twitter_card":"summary_large_image","twitter_creator":"@NOTICIEROS7","twitter_site":"@NOTICIEROS7","twitter_misc":{"Escrito por":"Edici\u00f3n Web","Tiempo de lectura":"2 minutos"},"schema":{"@context":"https:\/\/schema.org","@graph":[{"@type":"Article","@id":"https:\/\/canal7slp.tv\/2025\/gobierno-federal-anuncia-regularizacion-de-concesiones-de-agua\/#article","isPartOf":{"@id":"https:\/\/canal7slp.tv\/2025\/gobierno-federal-anuncia-regularizacion-de-concesiones-de-agua\/"},"author":{"name":"Edici\u00f3n Web","@id":"https:\/\/canal7slp.tv\/2025\/#\/schema\/person\/271e2b60a96e7cc9d9ac296f4d7e414b"},"headline":"Gobierno federal anuncia regularizaci\u00f3n de concesiones de agua","datePublished":"2025-09-04T19:55:30+00:00","mainEntityOfPage":{"@id":"https:\/\/canal7slp.tv\/2025\/gobierno-federal-anuncia-regularizacion-de-concesiones-de-agua\/"},"wordCount":232,"publisher":{"@id":"https:\/\/canal7slp.tv\/2025\/#organization"},"image":{"@id":"https:\/\/canal7slp.tv\/2025\/gobierno-federal-anuncia-regularizacion-de-concesiones-de-agua\/#primaryimage"},"thumbnailUrl":"https:\/\/canal7slp.tv\/2025\/wp-content\/uploads\/2025\/09\/03-2.jpg","articleSection":["NACIONALES"],"inLanguage":"es"},{"@type":"WebPage","@id":"https:\/\/canal7slp.tv\/2025\/gobierno-federal-anuncia-regularizacion-de-concesiones-de-agua\/","url":"https:\/\/canal7slp.tv\/2025\/gobierno-federal-anuncia-regularizacion-de-concesiones-de-agua\/","name":"Gobierno federal anuncia regularizaci\u00f3n de concesiones de agua - Canal 7 SLP - 2025","isPartOf":{"@id":"https:\/\/canal7slp.tv\/2025\/#website"},"primaryImageOfPage":{"@id":"https:\/\/canal7slp.tv\/2025\/gobierno-federal-anuncia-regularizacion-de-concesiones-de-agua\/#primaryimage"},"image":{"@id":"https:\/\/canal7slp.tv\/2025\/gobierno-federal-anuncia-regularizacion-de-concesiones-de-agua\/#primaryimage"},"thumbnailUrl":"https:\/\/canal7slp.tv\/2025\/wp-content\/uploads\/2025\/09\/03-2.jpg","datePublished":"2025-09-04T19:55:30+00:00","breadcrumb":{"@id":"https:\/\/canal7slp.tv\/2025\/gobierno-federal-anuncia-regularizacion-de-concesiones-de-agua\/#breadcrumb"},"inLanguage":"es","potentialAction":[{"@type":"ReadAction","target":["https:\/\/canal7slp.tv\/2025\/gobierno-federal-anuncia-regularizacion-de-concesiones-de-agua\/"]}]},{"@type":"ImageObject","inLanguage":"es","@id":"https:\/\/canal7slp.tv\/2025\/gobierno-federal-anuncia-regularizacion-de-concesiones-de-agua\/#primaryimage","url":"https:\/\/canal7slp.tv\/2025\/wp-content\/uploads\/2025\/09\/03-2.jpg","contentUrl":"https:\/\/canal7slp.tv\/2025\/wp-content\/uploads\/2025\/09\/03-2.jpg","width":749,"height":500},{"@type":"BreadcrumbList","@id":"https:\/\/canal7slp.tv\/2025\/gobierno-federal-anuncia-regularizacion-de-concesiones-de-agua\/#breadcrumb","itemListElement":[{"@type":"ListItem","position":1,"name":"Portada","item":"https:\/\/canal7slp.tv\/2025\/"},{"@type":"ListItem","position":2,"name":"Gobierno federal anuncia regularizaci\u00f3n de concesiones de agua"}]},{"@type":"WebSite","@id":"https:\/\/canal7slp.tv\/2025\/#website","url":"https:\/\/canal7slp.tv\/2025\/","name":"N7 - Noticieros Canal 7","description":"Somos el Medio","publisher":{"@id":"https:\/\/canal7slp.tv\/2025\/#organization"},"potentialAction":[{"@type":"SearchAction","target":{"@type":"EntryPoint","urlTemplate":"https:\/\/canal7slp.tv\/2025\/?s={search_term_string}"},"query-input":{"@type":"PropertyValueSpecification","valueRequired":true,"valueName":"search_term_string"}}],"inLanguage":"es"},{"@type":"Organization","@id":"https:\/\/canal7slp.tv\/2025\/#organization","name":"Noticieros Canal 7","url":"https:\/\/canal7slp.tv\/2025\/","logo":{"@type":"ImageObject","inLanguage":"es","@id":"https:\/\/canal7slp.tv\/2025\/#\/schema\/logo\/image\/","url":"https:\/\/canal7slp.tv\/2025\/wp-content\/uploads\/2021\/01\/logo-noticieros@2x.png","contentUrl":"https:\/\/canal7slp.tv\/2025\/wp-content\/uploads\/2021\/01\/logo-noticieros@2x.png","width":1017,"height":268,"caption":"Noticieros Canal 7"},"image":{"@id":"https:\/\/canal7slp.tv\/2025\/#\/schema\/logo\/image\/"},"sameAs":["https:\/\/www.facebook.com\/noticieroscanal7atencionciudadana\/","https:\/\/x.com\/NOTICIEROS7","https:\/\/www.instagram.com\/canal7_slp","https:\/\/www.youtube.com\/channel\/UCliiYs-gP3JfJeqdPrNdd5A"]},{"@type":"Person","@id":"https:\/\/canal7slp.tv\/2025\/#\/schema\/person\/271e2b60a96e7cc9d9ac296f4d7e414b","name":"Edici\u00f3n Web","image":{"@type":"ImageObject","inLanguage":"es","@id":"https:\/\/secure.gravatar.com\/avatar\/eee448fc3f7164808013b816ba91ac7e43bbe82a70bebac296f8bc6f0addaa1a?s=96&d=mm&r=g","url":"https:\/\/secure.gravatar.com\/avatar\/eee448fc3f7164808013b816ba91ac7e43bbe82a70bebac296f8bc6f0addaa1a?s=96&d=mm&r=g","contentUrl":"https:\/\/secure.gravatar.com\/avatar\/eee448fc3f7164808013b816ba91ac7e43bbe82a70bebac296f8bc6f0addaa1a?s=96&d=mm&r=g","caption":"Edici\u00f3n Web"},"url":"https:\/\/canal7slp.tv\/2025\/author\/edicionweb\/"}]}},"_links":{"self":[{"href":"https:\/\/canal7slp.tv\/2025\/wp-json\/wp\/v2\/posts\/178255","targetHints":{"allow":["GET"]}}],"collection":[{"href":"https:\/\/canal7slp.tv\/2025\/wp-json\/wp\/v2\/posts"}],"about":[{"href":"https:\/\/canal7slp.tv\/2025\/wp-json\/wp\/v2\/types\/post"}],"author":[{"embeddable":true,"href":"https:\/\/canal7slp.tv\/2025\/wp-json\/wp\/v2\/users\/2"}],"replies":[{"embeddable":true,"href":"https:\/\/canal7slp.tv\/2025\/wp-json\/wp\/v2\/comments?post=178255"}],"version-history":[{"count":1,"href":"https:\/\/canal7slp.tv\/2025\/wp-json\/wp\/v2\/posts\/178255\/revisions"}],"predecessor-version":[{"id":178257,"href":"https:\/\/canal7slp.tv\/2025\/wp-json\/wp\/v2\/posts\/178255\/revisions\/178257"}],"wp:featuredmedia":[{"embeddable":true,"href":"https:\/\/canal7slp.tv\/2025\/wp-json\/wp\/v2\/media\/178256"}],"wp:attachment":[{"href":"https:\/\/canal7slp.tv\/2025\/wp-json\/wp\/v2\/media?parent=178255"}],"wp:term":[{"taxonomy":"category","embeddable":true,"href":"https:\/\/canal7slp.tv\/2025\/wp-json\/wp\/v2\/categories?post=178255"},{"taxonomy":"post_tag","embeddable":true,"href":"https:\/\/canal7slp.tv\/2025\/wp-json\/wp\/v2\/tags?post=178255"}],"curies":[{"name":"wp","href":"https:\/\/api.w.org\/{rel}","templated":true}]}}