{"id":178174,"date":"2025-09-03T15:35:04","date_gmt":"2025-09-03T21:35:04","guid":{"rendered":"https:\/\/canal7slp.tv\/2025\/?p=178174"},"modified":"2025-09-03T15:35:04","modified_gmt":"2025-09-03T21:35:04","slug":"fiscalia-de-guerrero-investiga-el-homicidio-del-subsecretario-de-bienestar","status":"publish","type":"post","link":"https:\/\/canal7slp.tv\/2025\/fiscalia-de-guerrero-investiga-el-homicidio-del-subsecretario-de-bienestar\/","title":{"rendered":"Fiscal\u00eda de Guerrero investiga el homicidio del subsecretario de Bienestar"},"content":{"rendered":"<p style=\"text-align: justify;\">Tixtla.- Hossein Nabor Guill\u00e9n, quien se desempe\u00f1aba como Subsecretario de Pol\u00edtica Social de la Secretar\u00eda de Bienestar del Estado de Guerrero, fue asesinado este martes en el municipio de Tixtla.<\/p>\n<p style=\"text-align: justify;\">De acuerdo con informes preliminares, el ataque ocurri\u00f3 en las inmediaciones de las oficinas de Bienestar y del Centro de Salud de dicha localidad. La Fiscal\u00eda General del Estado de Guerrero confirm\u00f3 que ha iniciado una investigaci\u00f3n por homicidio calificado, aunque no ha proporcionado detalles sobre l\u00edneas de investigaci\u00f3n espec\u00edficas o avances en el caso.<\/p>\n<p style=\"text-align: justify;\">Autoridades estatales, incluyendo a la gobernadora Evelyn Salgado, emitieron comunicados expresando sus condolencias a la familia del funcionario y reconociendo su trayectoria de servicio. En sus mensajes, destacaron su compromiso con las causas sociales y su calidad humana, aunque evitaron referirse expl\u00edcitamente a las circunstancias del crimen.<\/p>\n<p style=\"text-align: justify;\">La Secretar\u00eda de Bienestar del Estado de Guerrero tambi\u00e9n emiti\u00f3 un comunicado oficial lamentando el fallecimiento de su subsecretario y expresando solidaridad con sus familiares y colaboradores.<\/p>\n<p style=\"text-align: justify;\">Hasta el momento, las autoridades no han proporcionado informaci\u00f3n adicional sobre posibles motivos o responsables del hecho. La investigaci\u00f3n contin\u00faa en curso bajo la coordinaci\u00f3n de la Fiscal\u00eda estatal.<\/p>\n","protected":false},"excerpt":{"rendered":"<p>Tixtla.- Hossein Nabor Guill\u00e9n, quien se desempe\u00f1aba como Subsecretario de Pol\u00edtica Social de la Secretar\u00eda de Bienestar del Estado de Guerrero, fue asesinado este martes en el municipio de Tixtla. De acuerdo con informes preliminares, el ataque ocurri\u00f3 en las inmediaciones de las oficinas de Bienestar y del Centro de Salud de dicha localidad. La Fiscal\u00eda General del Estado de Guerrero confirm\u00f3 que ha iniciado una investigaci\u00f3n por homicidio calificado, aunque no ha proporcionado detalles sobre l\u00edneas de investigaci\u00f3n espec\u00edficas o avances en el caso. Autoridades estatales, incluyendo a la gobernadora Evelyn Salgado, emitieron comunicados expresando sus condolencias a la [&hellip;]<\/p>\n","protected":false},"author":2,"featured_media":178178,"comment_status":"closed","ping_status":"closed","sticky":false,"template":"","format":"standard","meta":{"_monsterinsights_skip_tracking":false,"_monsterinsights_sitenote_active":false,"_monsterinsights_sitenote_note":"","_monsterinsights_sitenote_category":0,"footnotes":""},"categories":[46],"tags":[],"class_list":["post-178174","post","type-post","status-publish","format-standard","has-post-thumbnail","hentry","category-nacional","post--single"],"yoast_head":"<!-- This site is optimized with the Yoast SEO plugin v27.5 - https:\/\/yoast.com\/product\/yoast-seo-wordpress\/ -->\n<title>Fiscal\u00eda de Guerrero investiga el homicidio del subsecretario de Bienestar - Canal 7 SLP - 2025<\/title>\n<meta name=\"robots\" content=\"index, follow, max-snippet:-1, max-image-preview:large, max-video-preview:-1\" \/>\n<link rel=\"canonical\" href=\"https:\/\/canal7slp.tv\/2025\/fiscalia-de-guerrero-investiga-el-homicidio-del-subsecretario-de-bienestar\/\" \/>\n<meta property=\"og:locale\" content=\"es_ES\" \/>\n<meta property=\"og:type\" content=\"article\" \/>\n<meta property=\"og:title\" content=\"Fiscal\u00eda de Guerrero investiga el homicidio del subsecretario de Bienestar - Canal 7 SLP - 2025\" \/>\n<meta property=\"og:description\" content=\"Tixtla.- Hossein Nabor Guill\u00e9n, quien se desempe\u00f1aba como Subsecretario de Pol\u00edtica Social de la Secretar\u00eda de Bienestar del Estado de Guerrero, fue asesinado este martes en el municipio de Tixtla. De acuerdo con informes preliminares, el ataque ocurri\u00f3 en las inmediaciones de las oficinas de Bienestar y del Centro de Salud de dicha localidad. La Fiscal\u00eda General del Estado de Guerrero confirm\u00f3 que ha iniciado una investigaci\u00f3n por homicidio calificado, aunque no ha proporcionado detalles sobre l\u00edneas de investigaci\u00f3n espec\u00edficas o avances en el caso. Autoridades estatales, incluyendo a la gobernadora Evelyn Salgado, emitieron comunicados expresando sus condolencias a la [&hellip;]\" \/>\n<meta property=\"og:url\" content=\"https:\/\/canal7slp.tv\/2025\/fiscalia-de-guerrero-investiga-el-homicidio-del-subsecretario-de-bienestar\/\" \/>\n<meta property=\"og:site_name\" content=\"Canal 7 SLP - 2025\" \/>\n<meta property=\"article:publisher\" content=\"https:\/\/www.facebook.com\/noticieroscanal7atencionciudadana\/\" \/>\n<meta property=\"article:published_time\" content=\"2025-09-03T21:35:04+00:00\" \/>\n<meta property=\"og:image\" content=\"https:\/\/canal7slp.tv\/2025\/wp-content\/uploads\/2025\/09\/09-1.jpg\" \/>\n\t<meta property=\"og:image:width\" content=\"888\" \/>\n\t<meta property=\"og:image:height\" content=\"500\" \/>\n\t<meta property=\"og:image:type\" content=\"image\/jpeg\" \/>\n<meta name=\"author\" content=\"Edici\u00f3n Web\" \/>\n<meta name=\"twitter:card\" content=\"summary_large_image\" \/>\n<meta name=\"twitter:creator\" content=\"@NOTICIEROS7\" \/>\n<meta name=\"twitter:site\" content=\"@NOTICIEROS7\" \/>\n<meta name=\"twitter:label1\" content=\"Escrito por\" \/>\n\t<meta name=\"twitter:data1\" content=\"Edici\u00f3n Web\" \/>\n\t<meta name=\"twitter:label2\" content=\"Tiempo de lectura\" \/>\n\t<meta name=\"twitter:data2\" content=\"1 minuto\" \/>\n<script type=\"application\/ld+json\" class=\"yoast-schema-graph\">{\"@context\":\"https:\\\/\\\/schema.org\",\"@graph\":[{\"@type\":\"Article\",\"@id\":\"https:\\\/\\\/canal7slp.tv\\\/2025\\\/fiscalia-de-guerrero-investiga-el-homicidio-del-subsecretario-de-bienestar\\\/#article\",\"isPartOf\":{\"@id\":\"https:\\\/\\\/canal7slp.tv\\\/2025\\\/fiscalia-de-guerrero-investiga-el-homicidio-del-subsecretario-de-bienestar\\\/\"},\"author\":{\"name\":\"Edici\u00f3n Web\",\"@id\":\"https:\\\/\\\/canal7slp.tv\\\/2025\\\/#\\\/schema\\\/person\\\/271e2b60a96e7cc9d9ac296f4d7e414b\"},\"headline\":\"Fiscal\u00eda de Guerrero investiga el homicidio del subsecretario de Bienestar\",\"datePublished\":\"2025-09-03T21:35:04+00:00\",\"mainEntityOfPage\":{\"@id\":\"https:\\\/\\\/canal7slp.tv\\\/2025\\\/fiscalia-de-guerrero-investiga-el-homicidio-del-subsecretario-de-bienestar\\\/\"},\"wordCount\":217,\"publisher\":{\"@id\":\"https:\\\/\\\/canal7slp.tv\\\/2025\\\/#organization\"},\"image\":{\"@id\":\"https:\\\/\\\/canal7slp.tv\\\/2025\\\/fiscalia-de-guerrero-investiga-el-homicidio-del-subsecretario-de-bienestar\\\/#primaryimage\"},\"thumbnailUrl\":\"https:\\\/\\\/canal7slp.tv\\\/2025\\\/wp-content\\\/uploads\\\/2025\\\/09\\\/09-1.jpg\",\"articleSection\":[\"NACIONALES\"],\"inLanguage\":\"es\"},{\"@type\":\"WebPage\",\"@id\":\"https:\\\/\\\/canal7slp.tv\\\/2025\\\/fiscalia-de-guerrero-investiga-el-homicidio-del-subsecretario-de-bienestar\\\/\",\"url\":\"https:\\\/\\\/canal7slp.tv\\\/2025\\\/fiscalia-de-guerrero-investiga-el-homicidio-del-subsecretario-de-bienestar\\\/\",\"name\":\"Fiscal\u00eda de Guerrero investiga el homicidio del subsecretario de Bienestar - Canal 7 SLP - 2025\",\"isPartOf\":{\"@id\":\"https:\\\/\\\/canal7slp.tv\\\/2025\\\/#website\"},\"primaryImageOfPage\":{\"@id\":\"https:\\\/\\\/canal7slp.tv\\\/2025\\\/fiscalia-de-guerrero-investiga-el-homicidio-del-subsecretario-de-bienestar\\\/#primaryimage\"},\"image\":{\"@id\":\"https:\\\/\\\/canal7slp.tv\\\/2025\\\/fiscalia-de-guerrero-investiga-el-homicidio-del-subsecretario-de-bienestar\\\/#primaryimage\"},\"thumbnailUrl\":\"https:\\\/\\\/canal7slp.tv\\\/2025\\\/wp-content\\\/uploads\\\/2025\\\/09\\\/09-1.jpg\",\"datePublished\":\"2025-09-03T21:35:04+00:00\",\"breadcrumb\":{\"@id\":\"https:\\\/\\\/canal7slp.tv\\\/2025\\\/fiscalia-de-guerrero-investiga-el-homicidio-del-subsecretario-de-bienestar\\\/#breadcrumb\"},\"inLanguage\":\"es\",\"potentialAction\":[{\"@type\":\"ReadAction\",\"target\":[\"https:\\\/\\\/canal7slp.tv\\\/2025\\\/fiscalia-de-guerrero-investiga-el-homicidio-del-subsecretario-de-bienestar\\\/\"]}]},{\"@type\":\"ImageObject\",\"inLanguage\":\"es\",\"@id\":\"https:\\\/\\\/canal7slp.tv\\\/2025\\\/fiscalia-de-guerrero-investiga-el-homicidio-del-subsecretario-de-bienestar\\\/#primaryimage\",\"url\":\"https:\\\/\\\/canal7slp.tv\\\/2025\\\/wp-content\\\/uploads\\\/2025\\\/09\\\/09-1.jpg\",\"contentUrl\":\"https:\\\/\\\/canal7slp.tv\\\/2025\\\/wp-content\\\/uploads\\\/2025\\\/09\\\/09-1.jpg\",\"width\":888,\"height\":500},{\"@type\":\"BreadcrumbList\",\"@id\":\"https:\\\/\\\/canal7slp.tv\\\/2025\\\/fiscalia-de-guerrero-investiga-el-homicidio-del-subsecretario-de-bienestar\\\/#breadcrumb\",\"itemListElement\":[{\"@type\":\"ListItem\",\"position\":1,\"name\":\"Portada\",\"item\":\"https:\\\/\\\/canal7slp.tv\\\/2025\\\/\"},{\"@type\":\"ListItem\",\"position\":2,\"name\":\"Fiscal\u00eda de Guerrero investiga el homicidio del subsecretario de Bienestar\"}]},{\"@type\":\"WebSite\",\"@id\":\"https:\\\/\\\/canal7slp.tv\\\/2025\\\/#website\",\"url\":\"https:\\\/\\\/canal7slp.tv\\\/2025\\\/\",\"name\":\"N7 - Noticieros Canal 7\",\"description\":\"Somos el Medio\",\"publisher\":{\"@id\":\"https:\\\/\\\/canal7slp.tv\\\/2025\\\/#organization\"},\"potentialAction\":[{\"@type\":\"SearchAction\",\"target\":{\"@type\":\"EntryPoint\",\"urlTemplate\":\"https:\\\/\\\/canal7slp.tv\\\/2025\\\/?s={search_term_string}\"},\"query-input\":{\"@type\":\"PropertyValueSpecification\",\"valueRequired\":true,\"valueName\":\"search_term_string\"}}],\"inLanguage\":\"es\"},{\"@type\":\"Organization\",\"@id\":\"https:\\\/\\\/canal7slp.tv\\\/2025\\\/#organization\",\"name\":\"Noticieros Canal 7\",\"url\":\"https:\\\/\\\/canal7slp.tv\\\/2025\\\/\",\"logo\":{\"@type\":\"ImageObject\",\"inLanguage\":\"es\",\"@id\":\"https:\\\/\\\/canal7slp.tv\\\/2025\\\/#\\\/schema\\\/logo\\\/image\\\/\",\"url\":\"https:\\\/\\\/canal7slp.tv\\\/2025\\\/wp-content\\\/uploads\\\/2021\\\/01\\\/logo-noticieros@2x.png\",\"contentUrl\":\"https:\\\/\\\/canal7slp.tv\\\/2025\\\/wp-content\\\/uploads\\\/2021\\\/01\\\/logo-noticieros@2x.png\",\"width\":1017,\"height\":268,\"caption\":\"Noticieros Canal 7\"},\"image\":{\"@id\":\"https:\\\/\\\/canal7slp.tv\\\/2025\\\/#\\\/schema\\\/logo\\\/image\\\/\"},\"sameAs\":[\"https:\\\/\\\/www.facebook.com\\\/noticieroscanal7atencionciudadana\\\/\",\"https:\\\/\\\/x.com\\\/NOTICIEROS7\",\"https:\\\/\\\/www.instagram.com\\\/canal7_slp\",\"https:\\\/\\\/www.youtube.com\\\/channel\\\/UCliiYs-gP3JfJeqdPrNdd5A\"]},{\"@type\":\"Person\",\"@id\":\"https:\\\/\\\/canal7slp.tv\\\/2025\\\/#\\\/schema\\\/person\\\/271e2b60a96e7cc9d9ac296f4d7e414b\",\"name\":\"Edici\u00f3n Web\",\"image\":{\"@type\":\"ImageObject\",\"inLanguage\":\"es\",\"@id\":\"https:\\\/\\\/secure.gravatar.com\\\/avatar\\\/eee448fc3f7164808013b816ba91ac7e43bbe82a70bebac296f8bc6f0addaa1a?s=96&d=mm&r=g\",\"url\":\"https:\\\/\\\/secure.gravatar.com\\\/avatar\\\/eee448fc3f7164808013b816ba91ac7e43bbe82a70bebac296f8bc6f0addaa1a?s=96&d=mm&r=g\",\"contentUrl\":\"https:\\\/\\\/secure.gravatar.com\\\/avatar\\\/eee448fc3f7164808013b816ba91ac7e43bbe82a70bebac296f8bc6f0addaa1a?s=96&d=mm&r=g\",\"caption\":\"Edici\u00f3n Web\"},\"url\":\"https:\\\/\\\/canal7slp.tv\\\/2025\\\/author\\\/edicionweb\\\/\"}]}<\/script>\n<!-- \/ Yoast SEO plugin. -->","yoast_head_json":{"title":"Fiscal\u00eda de Guerrero investiga el homicidio del subsecretario de Bienestar - Canal 7 SLP - 2025","robots":{"index":"index","follow":"follow","max-snippet":"max-snippet:-1","max-image-preview":"max-image-preview:large","max-video-preview":"max-video-preview:-1"},"canonical":"https:\/\/canal7slp.tv\/2025\/fiscalia-de-guerrero-investiga-el-homicidio-del-subsecretario-de-bienestar\/","og_locale":"es_ES","og_type":"article","og_title":"Fiscal\u00eda de Guerrero investiga el homicidio del subsecretario de Bienestar - Canal 7 SLP - 2025","og_description":"Tixtla.- Hossein Nabor Guill\u00e9n, quien se desempe\u00f1aba como Subsecretario de Pol\u00edtica Social de la Secretar\u00eda de Bienestar del Estado de Guerrero, fue asesinado este martes en el municipio de Tixtla. De acuerdo con informes preliminares, el ataque ocurri\u00f3 en las inmediaciones de las oficinas de Bienestar y del Centro de Salud de dicha localidad. La Fiscal\u00eda General del Estado de Guerrero confirm\u00f3 que ha iniciado una investigaci\u00f3n por homicidio calificado, aunque no ha proporcionado detalles sobre l\u00edneas de investigaci\u00f3n espec\u00edficas o avances en el caso. Autoridades estatales, incluyendo a la gobernadora Evelyn Salgado, emitieron comunicados expresando sus condolencias a la [&hellip;]","og_url":"https:\/\/canal7slp.tv\/2025\/fiscalia-de-guerrero-investiga-el-homicidio-del-subsecretario-de-bienestar\/","og_site_name":"Canal 7 SLP - 2025","article_publisher":"https:\/\/www.facebook.com\/noticieroscanal7atencionciudadana\/","article_published_time":"2025-09-03T21:35:04+00:00","og_image":[{"width":888,"height":500,"url":"https:\/\/canal7slp.tv\/2025\/wp-content\/uploads\/2025\/09\/09-1.jpg","type":"image\/jpeg"}],"author":"Edici\u00f3n Web","twitter_card":"summary_large_image","twitter_creator":"@NOTICIEROS7","twitter_site":"@NOTICIEROS7","twitter_misc":{"Escrito por":"Edici\u00f3n Web","Tiempo de lectura":"1 minuto"},"schema":{"@context":"https:\/\/schema.org","@graph":[{"@type":"Article","@id":"https:\/\/canal7slp.tv\/2025\/fiscalia-de-guerrero-investiga-el-homicidio-del-subsecretario-de-bienestar\/#article","isPartOf":{"@id":"https:\/\/canal7slp.tv\/2025\/fiscalia-de-guerrero-investiga-el-homicidio-del-subsecretario-de-bienestar\/"},"author":{"name":"Edici\u00f3n Web","@id":"https:\/\/canal7slp.tv\/2025\/#\/schema\/person\/271e2b60a96e7cc9d9ac296f4d7e414b"},"headline":"Fiscal\u00eda de Guerrero investiga el homicidio del subsecretario de Bienestar","datePublished":"2025-09-03T21:35:04+00:00","mainEntityOfPage":{"@id":"https:\/\/canal7slp.tv\/2025\/fiscalia-de-guerrero-investiga-el-homicidio-del-subsecretario-de-bienestar\/"},"wordCount":217,"publisher":{"@id":"https:\/\/canal7slp.tv\/2025\/#organization"},"image":{"@id":"https:\/\/canal7slp.tv\/2025\/fiscalia-de-guerrero-investiga-el-homicidio-del-subsecretario-de-bienestar\/#primaryimage"},"thumbnailUrl":"https:\/\/canal7slp.tv\/2025\/wp-content\/uploads\/2025\/09\/09-1.jpg","articleSection":["NACIONALES"],"inLanguage":"es"},{"@type":"WebPage","@id":"https:\/\/canal7slp.tv\/2025\/fiscalia-de-guerrero-investiga-el-homicidio-del-subsecretario-de-bienestar\/","url":"https:\/\/canal7slp.tv\/2025\/fiscalia-de-guerrero-investiga-el-homicidio-del-subsecretario-de-bienestar\/","name":"Fiscal\u00eda de Guerrero investiga el homicidio del subsecretario de Bienestar - Canal 7 SLP - 2025","isPartOf":{"@id":"https:\/\/canal7slp.tv\/2025\/#website"},"primaryImageOfPage":{"@id":"https:\/\/canal7slp.tv\/2025\/fiscalia-de-guerrero-investiga-el-homicidio-del-subsecretario-de-bienestar\/#primaryimage"},"image":{"@id":"https:\/\/canal7slp.tv\/2025\/fiscalia-de-guerrero-investiga-el-homicidio-del-subsecretario-de-bienestar\/#primaryimage"},"thumbnailUrl":"https:\/\/canal7slp.tv\/2025\/wp-content\/uploads\/2025\/09\/09-1.jpg","datePublished":"2025-09-03T21:35:04+00:00","breadcrumb":{"@id":"https:\/\/canal7slp.tv\/2025\/fiscalia-de-guerrero-investiga-el-homicidio-del-subsecretario-de-bienestar\/#breadcrumb"},"inLanguage":"es","potentialAction":[{"@type":"ReadAction","target":["https:\/\/canal7slp.tv\/2025\/fiscalia-de-guerrero-investiga-el-homicidio-del-subsecretario-de-bienestar\/"]}]},{"@type":"ImageObject","inLanguage":"es","@id":"https:\/\/canal7slp.tv\/2025\/fiscalia-de-guerrero-investiga-el-homicidio-del-subsecretario-de-bienestar\/#primaryimage","url":"https:\/\/canal7slp.tv\/2025\/wp-content\/uploads\/2025\/09\/09-1.jpg","contentUrl":"https:\/\/canal7slp.tv\/2025\/wp-content\/uploads\/2025\/09\/09-1.jpg","width":888,"height":500},{"@type":"BreadcrumbList","@id":"https:\/\/canal7slp.tv\/2025\/fiscalia-de-guerrero-investiga-el-homicidio-del-subsecretario-de-bienestar\/#breadcrumb","itemListElement":[{"@type":"ListItem","position":1,"name":"Portada","item":"https:\/\/canal7slp.tv\/2025\/"},{"@type":"ListItem","position":2,"name":"Fiscal\u00eda de Guerrero investiga el homicidio del subsecretario de Bienestar"}]},{"@type":"WebSite","@id":"https:\/\/canal7slp.tv\/2025\/#website","url":"https:\/\/canal7slp.tv\/2025\/","name":"N7 - Noticieros Canal 7","description":"Somos el Medio","publisher":{"@id":"https:\/\/canal7slp.tv\/2025\/#organization"},"potentialAction":[{"@type":"SearchAction","target":{"@type":"EntryPoint","urlTemplate":"https:\/\/canal7slp.tv\/2025\/?s={search_term_string}"},"query-input":{"@type":"PropertyValueSpecification","valueRequired":true,"valueName":"search_term_string"}}],"inLanguage":"es"},{"@type":"Organization","@id":"https:\/\/canal7slp.tv\/2025\/#organization","name":"Noticieros Canal 7","url":"https:\/\/canal7slp.tv\/2025\/","logo":{"@type":"ImageObject","inLanguage":"es","@id":"https:\/\/canal7slp.tv\/2025\/#\/schema\/logo\/image\/","url":"https:\/\/canal7slp.tv\/2025\/wp-content\/uploads\/2021\/01\/logo-noticieros@2x.png","contentUrl":"https:\/\/canal7slp.tv\/2025\/wp-content\/uploads\/2021\/01\/logo-noticieros@2x.png","width":1017,"height":268,"caption":"Noticieros Canal 7"},"image":{"@id":"https:\/\/canal7slp.tv\/2025\/#\/schema\/logo\/image\/"},"sameAs":["https:\/\/www.facebook.com\/noticieroscanal7atencionciudadana\/","https:\/\/x.com\/NOTICIEROS7","https:\/\/www.instagram.com\/canal7_slp","https:\/\/www.youtube.com\/channel\/UCliiYs-gP3JfJeqdPrNdd5A"]},{"@type":"Person","@id":"https:\/\/canal7slp.tv\/2025\/#\/schema\/person\/271e2b60a96e7cc9d9ac296f4d7e414b","name":"Edici\u00f3n Web","image":{"@type":"ImageObject","inLanguage":"es","@id":"https:\/\/secure.gravatar.com\/avatar\/eee448fc3f7164808013b816ba91ac7e43bbe82a70bebac296f8bc6f0addaa1a?s=96&d=mm&r=g","url":"https:\/\/secure.gravatar.com\/avatar\/eee448fc3f7164808013b816ba91ac7e43bbe82a70bebac296f8bc6f0addaa1a?s=96&d=mm&r=g","contentUrl":"https:\/\/secure.gravatar.com\/avatar\/eee448fc3f7164808013b816ba91ac7e43bbe82a70bebac296f8bc6f0addaa1a?s=96&d=mm&r=g","caption":"Edici\u00f3n Web"},"url":"https:\/\/canal7slp.tv\/2025\/author\/edicionweb\/"}]}},"_links":{"self":[{"href":"https:\/\/canal7slp.tv\/2025\/wp-json\/wp\/v2\/posts\/178174","targetHints":{"allow":["GET"]}}],"collection":[{"href":"https:\/\/canal7slp.tv\/2025\/wp-json\/wp\/v2\/posts"}],"about":[{"href":"https:\/\/canal7slp.tv\/2025\/wp-json\/wp\/v2\/types\/post"}],"author":[{"embeddable":true,"href":"https:\/\/canal7slp.tv\/2025\/wp-json\/wp\/v2\/users\/2"}],"replies":[{"embeddable":true,"href":"https:\/\/canal7slp.tv\/2025\/wp-json\/wp\/v2\/comments?post=178174"}],"version-history":[{"count":2,"href":"https:\/\/canal7slp.tv\/2025\/wp-json\/wp\/v2\/posts\/178174\/revisions"}],"predecessor-version":[{"id":178180,"href":"https:\/\/canal7slp.tv\/2025\/wp-json\/wp\/v2\/posts\/178174\/revisions\/178180"}],"wp:featuredmedia":[{"embeddable":true,"href":"https:\/\/canal7slp.tv\/2025\/wp-json\/wp\/v2\/media\/178178"}],"wp:attachment":[{"href":"https:\/\/canal7slp.tv\/2025\/wp-json\/wp\/v2\/media?parent=178174"}],"wp:term":[{"taxonomy":"category","embeddable":true,"href":"https:\/\/canal7slp.tv\/2025\/wp-json\/wp\/v2\/categories?post=178174"},{"taxonomy":"post_tag","embeddable":true,"href":"https:\/\/canal7slp.tv\/2025\/wp-json\/wp\/v2\/tags?post=178174"}],"curies":[{"name":"wp","href":"https:\/\/api.w.org\/{rel}","templated":true}]}}