{"id":178171,"date":"2025-09-03T15:31:14","date_gmt":"2025-09-03T21:31:14","guid":{"rendered":"https:\/\/canal7slp.tv\/2025\/?p=178171"},"modified":"2025-09-03T15:31:14","modified_gmt":"2025-09-03T21:31:14","slug":"china-exhibe-arsenal-militar-en-aniversario-de-la-segunda-guerra-mundial","status":"publish","type":"post","link":"https:\/\/canal7slp.tv\/2025\/china-exhibe-arsenal-militar-en-aniversario-de-la-segunda-guerra-mundial\/","title":{"rendered":"China exhibe arsenal militar en aniversario de la Segunda Guerra Mundial"},"content":{"rendered":"<p style=\"text-align: justify;\">\n<p style=\"text-align: justify;\">Pek\u00edn.- China conmemor\u00f3 en Pek\u00edn el 80\u00ba aniversario del final de la Segunda Guerra Mundial en el Pac\u00edfico con un desfile militar considerado el m\u00e1s grande en su historia reciente, encabezado por el presidente Xi Jinping y con la presencia de los mandatarios de Rusia y Corea del Norte, Vlad\u00edmir Putin y Kim Jong-un.<\/p>\n<p style=\"text-align: justify;\">Durante cerca de hora y media, el Ej\u00e9rcito Popular de Liberaci\u00f3n present\u00f3 equipos de \u00faltima generaci\u00f3n, entre ellos misiles hipers\u00f3nicos, drones con inteligencia artificial, sistemas antimisiles y tanques de nueva tecnolog\u00eda. Tambi\u00e9n se incluyeron por primera vez unidades especializadas en operaciones de ciberespacio, espacio y guerra de la informaci\u00f3n, reflejando la ampliaci\u00f3n de los \u00e1mbitos estrat\u00e9gicos de las Fuerzas Armadas chinas.<\/p>\n<p style=\"text-align: justify;\">En su discurso, Xi destac\u00f3 el papel de China en la resistencia contra la invasi\u00f3n japonesa y se\u00f1al\u00f3 que el pa\u00eds \u201ces fuerte y no teme a nadie\u201d, aunque asegur\u00f3 que mantendr\u00e1 el camino del desarrollo pac\u00edfico y buscar\u00e1 construir una \u201ccomunidad con futuro compartido\u201d con otras naciones.<\/p>\n<p style=\"text-align: justify;\">El acto se enmarca en un contexto de tensiones con Estados Unidos y sus aliados, y fue interpretado por analistas como un esfuerzo por reforzar la narrativa de China sobre la \u201cvictoria contra el fascismo\u201d y proyectar su papel en la seguridad internacional.<\/p>\n<p style=\"text-align: justify;\">Mientras se desarrollaba el evento, el expresidente estadounidense Donald Trump critic\u00f3 en redes sociales la cercan\u00eda de Xi con Putin y Kim, y cuestion\u00f3 si Pek\u00edn reconocer\u00eda la contribuci\u00f3n de soldados estadounidenses en la Segunda Guerra Mundial.<\/p>\n","protected":false},"excerpt":{"rendered":"<p>Pek\u00edn.- China conmemor\u00f3 en Pek\u00edn el 80\u00ba aniversario del final de la Segunda Guerra Mundial en el Pac\u00edfico con un desfile militar considerado el m\u00e1s grande en su historia reciente, encabezado por el presidente Xi Jinping y con la presencia de los mandatarios de Rusia y Corea del Norte, Vlad\u00edmir Putin y Kim Jong-un. Durante cerca de hora y media, el Ej\u00e9rcito Popular de Liberaci\u00f3n present\u00f3 equipos de \u00faltima generaci\u00f3n, entre ellos misiles hipers\u00f3nicos, drones con inteligencia artificial, sistemas antimisiles y tanques de nueva tecnolog\u00eda. Tambi\u00e9n se incluyeron por primera vez unidades especializadas en operaciones de ciberespacio, espacio y guerra [&hellip;]<\/p>\n","protected":false},"author":2,"featured_media":178172,"comment_status":"closed","ping_status":"closed","sticky":false,"template":"","format":"standard","meta":{"_monsterinsights_skip_tracking":false,"_monsterinsights_sitenote_active":false,"_monsterinsights_sitenote_note":"","_monsterinsights_sitenote_category":0,"footnotes":""},"categories":[44],"tags":[],"class_list":["post-178171","post","type-post","status-publish","format-standard","has-post-thumbnail","hentry","category-internacional","post--single"],"yoast_head":"<!-- This site is optimized with the Yoast SEO plugin v27.5 - https:\/\/yoast.com\/product\/yoast-seo-wordpress\/ -->\n<title>China exhibe arsenal militar en aniversario de la Segunda Guerra Mundial - Canal 7 SLP - 2025<\/title>\n<meta name=\"robots\" content=\"index, follow, max-snippet:-1, max-image-preview:large, max-video-preview:-1\" \/>\n<link rel=\"canonical\" href=\"https:\/\/canal7slp.tv\/2025\/china-exhibe-arsenal-militar-en-aniversario-de-la-segunda-guerra-mundial\/\" \/>\n<meta property=\"og:locale\" content=\"es_ES\" \/>\n<meta property=\"og:type\" content=\"article\" \/>\n<meta property=\"og:title\" content=\"China exhibe arsenal militar en aniversario de la Segunda Guerra Mundial - Canal 7 SLP - 2025\" \/>\n<meta property=\"og:description\" content=\"Pek\u00edn.- China conmemor\u00f3 en Pek\u00edn el 80\u00ba aniversario del final de la Segunda Guerra Mundial en el Pac\u00edfico con un desfile militar considerado el m\u00e1s grande en su historia reciente, encabezado por el presidente Xi Jinping y con la presencia de los mandatarios de Rusia y Corea del Norte, Vlad\u00edmir Putin y Kim Jong-un. Durante cerca de hora y media, el Ej\u00e9rcito Popular de Liberaci\u00f3n present\u00f3 equipos de \u00faltima generaci\u00f3n, entre ellos misiles hipers\u00f3nicos, drones con inteligencia artificial, sistemas antimisiles y tanques de nueva tecnolog\u00eda. Tambi\u00e9n se incluyeron por primera vez unidades especializadas en operaciones de ciberespacio, espacio y guerra [&hellip;]\" \/>\n<meta property=\"og:url\" content=\"https:\/\/canal7slp.tv\/2025\/china-exhibe-arsenal-militar-en-aniversario-de-la-segunda-guerra-mundial\/\" \/>\n<meta property=\"og:site_name\" content=\"Canal 7 SLP - 2025\" \/>\n<meta property=\"article:publisher\" content=\"https:\/\/www.facebook.com\/noticieroscanal7atencionciudadana\/\" \/>\n<meta property=\"article:published_time\" content=\"2025-09-03T21:31:14+00:00\" \/>\n<meta property=\"og:image\" content=\"https:\/\/canal7slp.tv\/2025\/wp-content\/uploads\/2025\/09\/08-1.jpg\" \/>\n\t<meta property=\"og:image:width\" content=\"888\" \/>\n\t<meta property=\"og:image:height\" content=\"500\" \/>\n\t<meta property=\"og:image:type\" content=\"image\/jpeg\" \/>\n<meta name=\"author\" content=\"Edici\u00f3n Web\" \/>\n<meta name=\"twitter:card\" content=\"summary_large_image\" \/>\n<meta name=\"twitter:creator\" content=\"@NOTICIEROS7\" \/>\n<meta name=\"twitter:site\" content=\"@NOTICIEROS7\" \/>\n<meta name=\"twitter:label1\" content=\"Escrito por\" \/>\n\t<meta name=\"twitter:data1\" content=\"Edici\u00f3n Web\" \/>\n\t<meta name=\"twitter:label2\" content=\"Tiempo de lectura\" \/>\n\t<meta name=\"twitter:data2\" content=\"2 minutos\" \/>\n<script type=\"application\/ld+json\" class=\"yoast-schema-graph\">{\"@context\":\"https:\\\/\\\/schema.org\",\"@graph\":[{\"@type\":\"Article\",\"@id\":\"https:\\\/\\\/canal7slp.tv\\\/2025\\\/china-exhibe-arsenal-militar-en-aniversario-de-la-segunda-guerra-mundial\\\/#article\",\"isPartOf\":{\"@id\":\"https:\\\/\\\/canal7slp.tv\\\/2025\\\/china-exhibe-arsenal-militar-en-aniversario-de-la-segunda-guerra-mundial\\\/\"},\"author\":{\"name\":\"Edici\u00f3n Web\",\"@id\":\"https:\\\/\\\/canal7slp.tv\\\/2025\\\/#\\\/schema\\\/person\\\/271e2b60a96e7cc9d9ac296f4d7e414b\"},\"headline\":\"China exhibe arsenal militar en aniversario de la Segunda Guerra Mundial\",\"datePublished\":\"2025-09-03T21:31:14+00:00\",\"mainEntityOfPage\":{\"@id\":\"https:\\\/\\\/canal7slp.tv\\\/2025\\\/china-exhibe-arsenal-militar-en-aniversario-de-la-segunda-guerra-mundial\\\/\"},\"wordCount\":276,\"publisher\":{\"@id\":\"https:\\\/\\\/canal7slp.tv\\\/2025\\\/#organization\"},\"image\":{\"@id\":\"https:\\\/\\\/canal7slp.tv\\\/2025\\\/china-exhibe-arsenal-militar-en-aniversario-de-la-segunda-guerra-mundial\\\/#primaryimage\"},\"thumbnailUrl\":\"https:\\\/\\\/canal7slp.tv\\\/2025\\\/wp-content\\\/uploads\\\/2025\\\/09\\\/08-1.jpg\",\"articleSection\":[\"INTERNACIONALES\"],\"inLanguage\":\"es\"},{\"@type\":\"WebPage\",\"@id\":\"https:\\\/\\\/canal7slp.tv\\\/2025\\\/china-exhibe-arsenal-militar-en-aniversario-de-la-segunda-guerra-mundial\\\/\",\"url\":\"https:\\\/\\\/canal7slp.tv\\\/2025\\\/china-exhibe-arsenal-militar-en-aniversario-de-la-segunda-guerra-mundial\\\/\",\"name\":\"China exhibe arsenal militar en aniversario de la Segunda Guerra Mundial - Canal 7 SLP - 2025\",\"isPartOf\":{\"@id\":\"https:\\\/\\\/canal7slp.tv\\\/2025\\\/#website\"},\"primaryImageOfPage\":{\"@id\":\"https:\\\/\\\/canal7slp.tv\\\/2025\\\/china-exhibe-arsenal-militar-en-aniversario-de-la-segunda-guerra-mundial\\\/#primaryimage\"},\"image\":{\"@id\":\"https:\\\/\\\/canal7slp.tv\\\/2025\\\/china-exhibe-arsenal-militar-en-aniversario-de-la-segunda-guerra-mundial\\\/#primaryimage\"},\"thumbnailUrl\":\"https:\\\/\\\/canal7slp.tv\\\/2025\\\/wp-content\\\/uploads\\\/2025\\\/09\\\/08-1.jpg\",\"datePublished\":\"2025-09-03T21:31:14+00:00\",\"breadcrumb\":{\"@id\":\"https:\\\/\\\/canal7slp.tv\\\/2025\\\/china-exhibe-arsenal-militar-en-aniversario-de-la-segunda-guerra-mundial\\\/#breadcrumb\"},\"inLanguage\":\"es\",\"potentialAction\":[{\"@type\":\"ReadAction\",\"target\":[\"https:\\\/\\\/canal7slp.tv\\\/2025\\\/china-exhibe-arsenal-militar-en-aniversario-de-la-segunda-guerra-mundial\\\/\"]}]},{\"@type\":\"ImageObject\",\"inLanguage\":\"es\",\"@id\":\"https:\\\/\\\/canal7slp.tv\\\/2025\\\/china-exhibe-arsenal-militar-en-aniversario-de-la-segunda-guerra-mundial\\\/#primaryimage\",\"url\":\"https:\\\/\\\/canal7slp.tv\\\/2025\\\/wp-content\\\/uploads\\\/2025\\\/09\\\/08-1.jpg\",\"contentUrl\":\"https:\\\/\\\/canal7slp.tv\\\/2025\\\/wp-content\\\/uploads\\\/2025\\\/09\\\/08-1.jpg\",\"width\":888,\"height\":500},{\"@type\":\"BreadcrumbList\",\"@id\":\"https:\\\/\\\/canal7slp.tv\\\/2025\\\/china-exhibe-arsenal-militar-en-aniversario-de-la-segunda-guerra-mundial\\\/#breadcrumb\",\"itemListElement\":[{\"@type\":\"ListItem\",\"position\":1,\"name\":\"Portada\",\"item\":\"https:\\\/\\\/canal7slp.tv\\\/2025\\\/\"},{\"@type\":\"ListItem\",\"position\":2,\"name\":\"China exhibe arsenal militar en aniversario de la Segunda Guerra Mundial\"}]},{\"@type\":\"WebSite\",\"@id\":\"https:\\\/\\\/canal7slp.tv\\\/2025\\\/#website\",\"url\":\"https:\\\/\\\/canal7slp.tv\\\/2025\\\/\",\"name\":\"N7 - Noticieros Canal 7\",\"description\":\"Somos el Medio\",\"publisher\":{\"@id\":\"https:\\\/\\\/canal7slp.tv\\\/2025\\\/#organization\"},\"potentialAction\":[{\"@type\":\"SearchAction\",\"target\":{\"@type\":\"EntryPoint\",\"urlTemplate\":\"https:\\\/\\\/canal7slp.tv\\\/2025\\\/?s={search_term_string}\"},\"query-input\":{\"@type\":\"PropertyValueSpecification\",\"valueRequired\":true,\"valueName\":\"search_term_string\"}}],\"inLanguage\":\"es\"},{\"@type\":\"Organization\",\"@id\":\"https:\\\/\\\/canal7slp.tv\\\/2025\\\/#organization\",\"name\":\"Noticieros Canal 7\",\"url\":\"https:\\\/\\\/canal7slp.tv\\\/2025\\\/\",\"logo\":{\"@type\":\"ImageObject\",\"inLanguage\":\"es\",\"@id\":\"https:\\\/\\\/canal7slp.tv\\\/2025\\\/#\\\/schema\\\/logo\\\/image\\\/\",\"url\":\"https:\\\/\\\/canal7slp.tv\\\/2025\\\/wp-content\\\/uploads\\\/2021\\\/01\\\/logo-noticieros@2x.png\",\"contentUrl\":\"https:\\\/\\\/canal7slp.tv\\\/2025\\\/wp-content\\\/uploads\\\/2021\\\/01\\\/logo-noticieros@2x.png\",\"width\":1017,\"height\":268,\"caption\":\"Noticieros Canal 7\"},\"image\":{\"@id\":\"https:\\\/\\\/canal7slp.tv\\\/2025\\\/#\\\/schema\\\/logo\\\/image\\\/\"},\"sameAs\":[\"https:\\\/\\\/www.facebook.com\\\/noticieroscanal7atencionciudadana\\\/\",\"https:\\\/\\\/x.com\\\/NOTICIEROS7\",\"https:\\\/\\\/www.instagram.com\\\/canal7_slp\",\"https:\\\/\\\/www.youtube.com\\\/channel\\\/UCliiYs-gP3JfJeqdPrNdd5A\"]},{\"@type\":\"Person\",\"@id\":\"https:\\\/\\\/canal7slp.tv\\\/2025\\\/#\\\/schema\\\/person\\\/271e2b60a96e7cc9d9ac296f4d7e414b\",\"name\":\"Edici\u00f3n Web\",\"image\":{\"@type\":\"ImageObject\",\"inLanguage\":\"es\",\"@id\":\"https:\\\/\\\/secure.gravatar.com\\\/avatar\\\/eee448fc3f7164808013b816ba91ac7e43bbe82a70bebac296f8bc6f0addaa1a?s=96&d=mm&r=g\",\"url\":\"https:\\\/\\\/secure.gravatar.com\\\/avatar\\\/eee448fc3f7164808013b816ba91ac7e43bbe82a70bebac296f8bc6f0addaa1a?s=96&d=mm&r=g\",\"contentUrl\":\"https:\\\/\\\/secure.gravatar.com\\\/avatar\\\/eee448fc3f7164808013b816ba91ac7e43bbe82a70bebac296f8bc6f0addaa1a?s=96&d=mm&r=g\",\"caption\":\"Edici\u00f3n Web\"},\"url\":\"https:\\\/\\\/canal7slp.tv\\\/2025\\\/author\\\/edicionweb\\\/\"}]}<\/script>\n<!-- \/ Yoast SEO plugin. -->","yoast_head_json":{"title":"China exhibe arsenal militar en aniversario de la Segunda Guerra Mundial - Canal 7 SLP - 2025","robots":{"index":"index","follow":"follow","max-snippet":"max-snippet:-1","max-image-preview":"max-image-preview:large","max-video-preview":"max-video-preview:-1"},"canonical":"https:\/\/canal7slp.tv\/2025\/china-exhibe-arsenal-militar-en-aniversario-de-la-segunda-guerra-mundial\/","og_locale":"es_ES","og_type":"article","og_title":"China exhibe arsenal militar en aniversario de la Segunda Guerra Mundial - Canal 7 SLP - 2025","og_description":"Pek\u00edn.- China conmemor\u00f3 en Pek\u00edn el 80\u00ba aniversario del final de la Segunda Guerra Mundial en el Pac\u00edfico con un desfile militar considerado el m\u00e1s grande en su historia reciente, encabezado por el presidente Xi Jinping y con la presencia de los mandatarios de Rusia y Corea del Norte, Vlad\u00edmir Putin y Kim Jong-un. Durante cerca de hora y media, el Ej\u00e9rcito Popular de Liberaci\u00f3n present\u00f3 equipos de \u00faltima generaci\u00f3n, entre ellos misiles hipers\u00f3nicos, drones con inteligencia artificial, sistemas antimisiles y tanques de nueva tecnolog\u00eda. Tambi\u00e9n se incluyeron por primera vez unidades especializadas en operaciones de ciberespacio, espacio y guerra [&hellip;]","og_url":"https:\/\/canal7slp.tv\/2025\/china-exhibe-arsenal-militar-en-aniversario-de-la-segunda-guerra-mundial\/","og_site_name":"Canal 7 SLP - 2025","article_publisher":"https:\/\/www.facebook.com\/noticieroscanal7atencionciudadana\/","article_published_time":"2025-09-03T21:31:14+00:00","og_image":[{"width":888,"height":500,"url":"https:\/\/canal7slp.tv\/2025\/wp-content\/uploads\/2025\/09\/08-1.jpg","type":"image\/jpeg"}],"author":"Edici\u00f3n Web","twitter_card":"summary_large_image","twitter_creator":"@NOTICIEROS7","twitter_site":"@NOTICIEROS7","twitter_misc":{"Escrito por":"Edici\u00f3n Web","Tiempo de lectura":"2 minutos"},"schema":{"@context":"https:\/\/schema.org","@graph":[{"@type":"Article","@id":"https:\/\/canal7slp.tv\/2025\/china-exhibe-arsenal-militar-en-aniversario-de-la-segunda-guerra-mundial\/#article","isPartOf":{"@id":"https:\/\/canal7slp.tv\/2025\/china-exhibe-arsenal-militar-en-aniversario-de-la-segunda-guerra-mundial\/"},"author":{"name":"Edici\u00f3n Web","@id":"https:\/\/canal7slp.tv\/2025\/#\/schema\/person\/271e2b60a96e7cc9d9ac296f4d7e414b"},"headline":"China exhibe arsenal militar en aniversario de la Segunda Guerra Mundial","datePublished":"2025-09-03T21:31:14+00:00","mainEntityOfPage":{"@id":"https:\/\/canal7slp.tv\/2025\/china-exhibe-arsenal-militar-en-aniversario-de-la-segunda-guerra-mundial\/"},"wordCount":276,"publisher":{"@id":"https:\/\/canal7slp.tv\/2025\/#organization"},"image":{"@id":"https:\/\/canal7slp.tv\/2025\/china-exhibe-arsenal-militar-en-aniversario-de-la-segunda-guerra-mundial\/#primaryimage"},"thumbnailUrl":"https:\/\/canal7slp.tv\/2025\/wp-content\/uploads\/2025\/09\/08-1.jpg","articleSection":["INTERNACIONALES"],"inLanguage":"es"},{"@type":"WebPage","@id":"https:\/\/canal7slp.tv\/2025\/china-exhibe-arsenal-militar-en-aniversario-de-la-segunda-guerra-mundial\/","url":"https:\/\/canal7slp.tv\/2025\/china-exhibe-arsenal-militar-en-aniversario-de-la-segunda-guerra-mundial\/","name":"China exhibe arsenal militar en aniversario de la Segunda Guerra Mundial - Canal 7 SLP - 2025","isPartOf":{"@id":"https:\/\/canal7slp.tv\/2025\/#website"},"primaryImageOfPage":{"@id":"https:\/\/canal7slp.tv\/2025\/china-exhibe-arsenal-militar-en-aniversario-de-la-segunda-guerra-mundial\/#primaryimage"},"image":{"@id":"https:\/\/canal7slp.tv\/2025\/china-exhibe-arsenal-militar-en-aniversario-de-la-segunda-guerra-mundial\/#primaryimage"},"thumbnailUrl":"https:\/\/canal7slp.tv\/2025\/wp-content\/uploads\/2025\/09\/08-1.jpg","datePublished":"2025-09-03T21:31:14+00:00","breadcrumb":{"@id":"https:\/\/canal7slp.tv\/2025\/china-exhibe-arsenal-militar-en-aniversario-de-la-segunda-guerra-mundial\/#breadcrumb"},"inLanguage":"es","potentialAction":[{"@type":"ReadAction","target":["https:\/\/canal7slp.tv\/2025\/china-exhibe-arsenal-militar-en-aniversario-de-la-segunda-guerra-mundial\/"]}]},{"@type":"ImageObject","inLanguage":"es","@id":"https:\/\/canal7slp.tv\/2025\/china-exhibe-arsenal-militar-en-aniversario-de-la-segunda-guerra-mundial\/#primaryimage","url":"https:\/\/canal7slp.tv\/2025\/wp-content\/uploads\/2025\/09\/08-1.jpg","contentUrl":"https:\/\/canal7slp.tv\/2025\/wp-content\/uploads\/2025\/09\/08-1.jpg","width":888,"height":500},{"@type":"BreadcrumbList","@id":"https:\/\/canal7slp.tv\/2025\/china-exhibe-arsenal-militar-en-aniversario-de-la-segunda-guerra-mundial\/#breadcrumb","itemListElement":[{"@type":"ListItem","position":1,"name":"Portada","item":"https:\/\/canal7slp.tv\/2025\/"},{"@type":"ListItem","position":2,"name":"China exhibe arsenal militar en aniversario de la Segunda Guerra Mundial"}]},{"@type":"WebSite","@id":"https:\/\/canal7slp.tv\/2025\/#website","url":"https:\/\/canal7slp.tv\/2025\/","name":"N7 - Noticieros Canal 7","description":"Somos el Medio","publisher":{"@id":"https:\/\/canal7slp.tv\/2025\/#organization"},"potentialAction":[{"@type":"SearchAction","target":{"@type":"EntryPoint","urlTemplate":"https:\/\/canal7slp.tv\/2025\/?s={search_term_string}"},"query-input":{"@type":"PropertyValueSpecification","valueRequired":true,"valueName":"search_term_string"}}],"inLanguage":"es"},{"@type":"Organization","@id":"https:\/\/canal7slp.tv\/2025\/#organization","name":"Noticieros Canal 7","url":"https:\/\/canal7slp.tv\/2025\/","logo":{"@type":"ImageObject","inLanguage":"es","@id":"https:\/\/canal7slp.tv\/2025\/#\/schema\/logo\/image\/","url":"https:\/\/canal7slp.tv\/2025\/wp-content\/uploads\/2021\/01\/logo-noticieros@2x.png","contentUrl":"https:\/\/canal7slp.tv\/2025\/wp-content\/uploads\/2021\/01\/logo-noticieros@2x.png","width":1017,"height":268,"caption":"Noticieros Canal 7"},"image":{"@id":"https:\/\/canal7slp.tv\/2025\/#\/schema\/logo\/image\/"},"sameAs":["https:\/\/www.facebook.com\/noticieroscanal7atencionciudadana\/","https:\/\/x.com\/NOTICIEROS7","https:\/\/www.instagram.com\/canal7_slp","https:\/\/www.youtube.com\/channel\/UCliiYs-gP3JfJeqdPrNdd5A"]},{"@type":"Person","@id":"https:\/\/canal7slp.tv\/2025\/#\/schema\/person\/271e2b60a96e7cc9d9ac296f4d7e414b","name":"Edici\u00f3n Web","image":{"@type":"ImageObject","inLanguage":"es","@id":"https:\/\/secure.gravatar.com\/avatar\/eee448fc3f7164808013b816ba91ac7e43bbe82a70bebac296f8bc6f0addaa1a?s=96&d=mm&r=g","url":"https:\/\/secure.gravatar.com\/avatar\/eee448fc3f7164808013b816ba91ac7e43bbe82a70bebac296f8bc6f0addaa1a?s=96&d=mm&r=g","contentUrl":"https:\/\/secure.gravatar.com\/avatar\/eee448fc3f7164808013b816ba91ac7e43bbe82a70bebac296f8bc6f0addaa1a?s=96&d=mm&r=g","caption":"Edici\u00f3n Web"},"url":"https:\/\/canal7slp.tv\/2025\/author\/edicionweb\/"}]}},"_links":{"self":[{"href":"https:\/\/canal7slp.tv\/2025\/wp-json\/wp\/v2\/posts\/178171","targetHints":{"allow":["GET"]}}],"collection":[{"href":"https:\/\/canal7slp.tv\/2025\/wp-json\/wp\/v2\/posts"}],"about":[{"href":"https:\/\/canal7slp.tv\/2025\/wp-json\/wp\/v2\/types\/post"}],"author":[{"embeddable":true,"href":"https:\/\/canal7slp.tv\/2025\/wp-json\/wp\/v2\/users\/2"}],"replies":[{"embeddable":true,"href":"https:\/\/canal7slp.tv\/2025\/wp-json\/wp\/v2\/comments?post=178171"}],"version-history":[{"count":1,"href":"https:\/\/canal7slp.tv\/2025\/wp-json\/wp\/v2\/posts\/178171\/revisions"}],"predecessor-version":[{"id":178173,"href":"https:\/\/canal7slp.tv\/2025\/wp-json\/wp\/v2\/posts\/178171\/revisions\/178173"}],"wp:featuredmedia":[{"embeddable":true,"href":"https:\/\/canal7slp.tv\/2025\/wp-json\/wp\/v2\/media\/178172"}],"wp:attachment":[{"href":"https:\/\/canal7slp.tv\/2025\/wp-json\/wp\/v2\/media?parent=178171"}],"wp:term":[{"taxonomy":"category","embeddable":true,"href":"https:\/\/canal7slp.tv\/2025\/wp-json\/wp\/v2\/categories?post=178171"},{"taxonomy":"post_tag","embeddable":true,"href":"https:\/\/canal7slp.tv\/2025\/wp-json\/wp\/v2\/tags?post=178171"}],"curies":[{"name":"wp","href":"https:\/\/api.w.org\/{rel}","templated":true}]}}