{"id":178168,"date":"2025-09-03T15:27:16","date_gmt":"2025-09-03T21:27:16","guid":{"rendered":"https:\/\/canal7slp.tv\/2025\/?p=178168"},"modified":"2025-09-03T15:27:16","modified_gmt":"2025-09-03T21:27:16","slug":"marco-rubio-reconoce-cooperacion-de-mexico-en-materia-de-seguridad","status":"publish","type":"post","link":"https:\/\/canal7slp.tv\/2025\/marco-rubio-reconoce-cooperacion-de-mexico-en-materia-de-seguridad\/","title":{"rendered":"Marco Rubio reconoce cooperaci\u00f3n de M\u00e9xico en materia de seguridad"},"content":{"rendered":"<p style=\"text-align: justify;\">\n<p style=\"text-align: justify;\">M\u00e9xico.- El secretario de Estado de Estados Unidos, Marco Rubio, reconoci\u00f3 la colaboraci\u00f3n del gobierno de M\u00e9xico en materia de seguridad durante su visita oficial a la Ciudad de M\u00e9xico este mi\u00e9rcoles. El funcionario estadounidense destac\u00f3 que M\u00e9xico mantiene una cooperaci\u00f3n significativa con su pa\u00eds en este \u00e1mbito.<\/p>\n<p style=\"text-align: justify;\">Durante una conferencia de prensa en las instalaciones de la Canciller\u00eda mexicana, Rubio expres\u00f3 su agradecimiento por la colaboraci\u00f3n bilateral y se\u00f1al\u00f3 que ambos pa\u00edses tienen a\u00fan mucho trabajo por delante en la lucha contra la criminalidad organizada.<\/p>\n<p style=\"text-align: justify;\">Previamente, el secretario de Estado sostuvo una reuni\u00f3n de trabajo con la Presidenta de M\u00e9xico, Claudia Sheinbaum Pardo, y el canciller Juan Ram\u00f3n de la Fuente. El encuentro abord\u00f3 diversos temas de la agenda bilateral, con especial atenci\u00f3n a la cooperaci\u00f3n en seguridad y la lucha contra el crimen organizado transnacional.<\/p>\n<p style=\"text-align: justify;\">Por su parte, el gobierno mexicano reiter\u00f3 su compromiso de continuar cooperando con la administraci\u00f3n estadounidense, dentro del marco del respeto mutuo a las soberan\u00edas nacionales. La colaboraci\u00f3n bilateral en seguridad se enmarca en los acuerdos establecidos entre ambas naciones para combatir actividades delictivas.<\/p>\n","protected":false},"excerpt":{"rendered":"<p>M\u00e9xico.- El secretario de Estado de Estados Unidos, Marco Rubio, reconoci\u00f3 la colaboraci\u00f3n del gobierno de M\u00e9xico en materia de seguridad durante su visita oficial a la Ciudad de M\u00e9xico este mi\u00e9rcoles. El funcionario estadounidense destac\u00f3 que M\u00e9xico mantiene una cooperaci\u00f3n significativa con su pa\u00eds en este \u00e1mbito. Durante una conferencia de prensa en las instalaciones de la Canciller\u00eda mexicana, Rubio expres\u00f3 su agradecimiento por la colaboraci\u00f3n bilateral y se\u00f1al\u00f3 que ambos pa\u00edses tienen a\u00fan mucho trabajo por delante en la lucha contra la criminalidad organizada. Previamente, el secretario de Estado sostuvo una reuni\u00f3n de trabajo con la Presidenta de [&hellip;]<\/p>\n","protected":false},"author":2,"featured_media":178169,"comment_status":"closed","ping_status":"closed","sticky":false,"template":"","format":"standard","meta":{"_monsterinsights_skip_tracking":false,"_monsterinsights_sitenote_active":false,"_monsterinsights_sitenote_note":"","_monsterinsights_sitenote_category":0,"footnotes":""},"categories":[46],"tags":[],"class_list":["post-178168","post","type-post","status-publish","format-standard","has-post-thumbnail","hentry","category-nacional","post--single"],"yoast_head":"<!-- This site is optimized with the Yoast SEO plugin v27.5 - https:\/\/yoast.com\/product\/yoast-seo-wordpress\/ -->\n<title>Marco Rubio reconoce cooperaci\u00f3n de M\u00e9xico en materia de seguridad - Canal 7 SLP - 2025<\/title>\n<meta name=\"robots\" content=\"index, follow, max-snippet:-1, max-image-preview:large, max-video-preview:-1\" \/>\n<link rel=\"canonical\" href=\"https:\/\/canal7slp.tv\/2025\/marco-rubio-reconoce-cooperacion-de-mexico-en-materia-de-seguridad\/\" \/>\n<meta property=\"og:locale\" content=\"es_ES\" \/>\n<meta property=\"og:type\" content=\"article\" \/>\n<meta property=\"og:title\" content=\"Marco Rubio reconoce cooperaci\u00f3n de M\u00e9xico en materia de seguridad - Canal 7 SLP - 2025\" \/>\n<meta property=\"og:description\" content=\"M\u00e9xico.- El secretario de Estado de Estados Unidos, Marco Rubio, reconoci\u00f3 la colaboraci\u00f3n del gobierno de M\u00e9xico en materia de seguridad durante su visita oficial a la Ciudad de M\u00e9xico este mi\u00e9rcoles. El funcionario estadounidense destac\u00f3 que M\u00e9xico mantiene una cooperaci\u00f3n significativa con su pa\u00eds en este \u00e1mbito. Durante una conferencia de prensa en las instalaciones de la Canciller\u00eda mexicana, Rubio expres\u00f3 su agradecimiento por la colaboraci\u00f3n bilateral y se\u00f1al\u00f3 que ambos pa\u00edses tienen a\u00fan mucho trabajo por delante en la lucha contra la criminalidad organizada. Previamente, el secretario de Estado sostuvo una reuni\u00f3n de trabajo con la Presidenta de [&hellip;]\" \/>\n<meta property=\"og:url\" content=\"https:\/\/canal7slp.tv\/2025\/marco-rubio-reconoce-cooperacion-de-mexico-en-materia-de-seguridad\/\" \/>\n<meta property=\"og:site_name\" content=\"Canal 7 SLP - 2025\" \/>\n<meta property=\"article:publisher\" content=\"https:\/\/www.facebook.com\/noticieroscanal7atencionciudadana\/\" \/>\n<meta property=\"article:published_time\" content=\"2025-09-03T21:27:16+00:00\" \/>\n<meta property=\"og:image\" content=\"https:\/\/canal7slp.tv\/2025\/wp-content\/uploads\/2025\/09\/07-1.jpg\" \/>\n\t<meta property=\"og:image:width\" content=\"888\" \/>\n\t<meta property=\"og:image:height\" content=\"500\" \/>\n\t<meta property=\"og:image:type\" content=\"image\/jpeg\" \/>\n<meta name=\"author\" content=\"Edici\u00f3n Web\" \/>\n<meta name=\"twitter:card\" content=\"summary_large_image\" \/>\n<meta name=\"twitter:creator\" content=\"@NOTICIEROS7\" \/>\n<meta name=\"twitter:site\" content=\"@NOTICIEROS7\" \/>\n<meta name=\"twitter:label1\" content=\"Escrito por\" \/>\n\t<meta name=\"twitter:data1\" content=\"Edici\u00f3n Web\" \/>\n\t<meta name=\"twitter:label2\" content=\"Tiempo de lectura\" \/>\n\t<meta name=\"twitter:data2\" content=\"1 minuto\" \/>\n<script type=\"application\/ld+json\" class=\"yoast-schema-graph\">{\"@context\":\"https:\\\/\\\/schema.org\",\"@graph\":[{\"@type\":\"Article\",\"@id\":\"https:\\\/\\\/canal7slp.tv\\\/2025\\\/marco-rubio-reconoce-cooperacion-de-mexico-en-materia-de-seguridad\\\/#article\",\"isPartOf\":{\"@id\":\"https:\\\/\\\/canal7slp.tv\\\/2025\\\/marco-rubio-reconoce-cooperacion-de-mexico-en-materia-de-seguridad\\\/\"},\"author\":{\"name\":\"Edici\u00f3n Web\",\"@id\":\"https:\\\/\\\/canal7slp.tv\\\/2025\\\/#\\\/schema\\\/person\\\/271e2b60a96e7cc9d9ac296f4d7e414b\"},\"headline\":\"Marco Rubio reconoce cooperaci\u00f3n de M\u00e9xico en materia de seguridad\",\"datePublished\":\"2025-09-03T21:27:16+00:00\",\"mainEntityOfPage\":{\"@id\":\"https:\\\/\\\/canal7slp.tv\\\/2025\\\/marco-rubio-reconoce-cooperacion-de-mexico-en-materia-de-seguridad\\\/\"},\"wordCount\":215,\"publisher\":{\"@id\":\"https:\\\/\\\/canal7slp.tv\\\/2025\\\/#organization\"},\"image\":{\"@id\":\"https:\\\/\\\/canal7slp.tv\\\/2025\\\/marco-rubio-reconoce-cooperacion-de-mexico-en-materia-de-seguridad\\\/#primaryimage\"},\"thumbnailUrl\":\"https:\\\/\\\/canal7slp.tv\\\/2025\\\/wp-content\\\/uploads\\\/2025\\\/09\\\/07-1.jpg\",\"articleSection\":[\"NACIONALES\"],\"inLanguage\":\"es\"},{\"@type\":\"WebPage\",\"@id\":\"https:\\\/\\\/canal7slp.tv\\\/2025\\\/marco-rubio-reconoce-cooperacion-de-mexico-en-materia-de-seguridad\\\/\",\"url\":\"https:\\\/\\\/canal7slp.tv\\\/2025\\\/marco-rubio-reconoce-cooperacion-de-mexico-en-materia-de-seguridad\\\/\",\"name\":\"Marco Rubio reconoce cooperaci\u00f3n de M\u00e9xico en materia de seguridad - Canal 7 SLP - 2025\",\"isPartOf\":{\"@id\":\"https:\\\/\\\/canal7slp.tv\\\/2025\\\/#website\"},\"primaryImageOfPage\":{\"@id\":\"https:\\\/\\\/canal7slp.tv\\\/2025\\\/marco-rubio-reconoce-cooperacion-de-mexico-en-materia-de-seguridad\\\/#primaryimage\"},\"image\":{\"@id\":\"https:\\\/\\\/canal7slp.tv\\\/2025\\\/marco-rubio-reconoce-cooperacion-de-mexico-en-materia-de-seguridad\\\/#primaryimage\"},\"thumbnailUrl\":\"https:\\\/\\\/canal7slp.tv\\\/2025\\\/wp-content\\\/uploads\\\/2025\\\/09\\\/07-1.jpg\",\"datePublished\":\"2025-09-03T21:27:16+00:00\",\"breadcrumb\":{\"@id\":\"https:\\\/\\\/canal7slp.tv\\\/2025\\\/marco-rubio-reconoce-cooperacion-de-mexico-en-materia-de-seguridad\\\/#breadcrumb\"},\"inLanguage\":\"es\",\"potentialAction\":[{\"@type\":\"ReadAction\",\"target\":[\"https:\\\/\\\/canal7slp.tv\\\/2025\\\/marco-rubio-reconoce-cooperacion-de-mexico-en-materia-de-seguridad\\\/\"]}]},{\"@type\":\"ImageObject\",\"inLanguage\":\"es\",\"@id\":\"https:\\\/\\\/canal7slp.tv\\\/2025\\\/marco-rubio-reconoce-cooperacion-de-mexico-en-materia-de-seguridad\\\/#primaryimage\",\"url\":\"https:\\\/\\\/canal7slp.tv\\\/2025\\\/wp-content\\\/uploads\\\/2025\\\/09\\\/07-1.jpg\",\"contentUrl\":\"https:\\\/\\\/canal7slp.tv\\\/2025\\\/wp-content\\\/uploads\\\/2025\\\/09\\\/07-1.jpg\",\"width\":888,\"height\":500},{\"@type\":\"BreadcrumbList\",\"@id\":\"https:\\\/\\\/canal7slp.tv\\\/2025\\\/marco-rubio-reconoce-cooperacion-de-mexico-en-materia-de-seguridad\\\/#breadcrumb\",\"itemListElement\":[{\"@type\":\"ListItem\",\"position\":1,\"name\":\"Portada\",\"item\":\"https:\\\/\\\/canal7slp.tv\\\/2025\\\/\"},{\"@type\":\"ListItem\",\"position\":2,\"name\":\"Marco Rubio reconoce cooperaci\u00f3n de M\u00e9xico en materia de seguridad\"}]},{\"@type\":\"WebSite\",\"@id\":\"https:\\\/\\\/canal7slp.tv\\\/2025\\\/#website\",\"url\":\"https:\\\/\\\/canal7slp.tv\\\/2025\\\/\",\"name\":\"N7 - Noticieros Canal 7\",\"description\":\"Somos el Medio\",\"publisher\":{\"@id\":\"https:\\\/\\\/canal7slp.tv\\\/2025\\\/#organization\"},\"potentialAction\":[{\"@type\":\"SearchAction\",\"target\":{\"@type\":\"EntryPoint\",\"urlTemplate\":\"https:\\\/\\\/canal7slp.tv\\\/2025\\\/?s={search_term_string}\"},\"query-input\":{\"@type\":\"PropertyValueSpecification\",\"valueRequired\":true,\"valueName\":\"search_term_string\"}}],\"inLanguage\":\"es\"},{\"@type\":\"Organization\",\"@id\":\"https:\\\/\\\/canal7slp.tv\\\/2025\\\/#organization\",\"name\":\"Noticieros Canal 7\",\"url\":\"https:\\\/\\\/canal7slp.tv\\\/2025\\\/\",\"logo\":{\"@type\":\"ImageObject\",\"inLanguage\":\"es\",\"@id\":\"https:\\\/\\\/canal7slp.tv\\\/2025\\\/#\\\/schema\\\/logo\\\/image\\\/\",\"url\":\"https:\\\/\\\/canal7slp.tv\\\/2025\\\/wp-content\\\/uploads\\\/2021\\\/01\\\/logo-noticieros@2x.png\",\"contentUrl\":\"https:\\\/\\\/canal7slp.tv\\\/2025\\\/wp-content\\\/uploads\\\/2021\\\/01\\\/logo-noticieros@2x.png\",\"width\":1017,\"height\":268,\"caption\":\"Noticieros Canal 7\"},\"image\":{\"@id\":\"https:\\\/\\\/canal7slp.tv\\\/2025\\\/#\\\/schema\\\/logo\\\/image\\\/\"},\"sameAs\":[\"https:\\\/\\\/www.facebook.com\\\/noticieroscanal7atencionciudadana\\\/\",\"https:\\\/\\\/x.com\\\/NOTICIEROS7\",\"https:\\\/\\\/www.instagram.com\\\/canal7_slp\",\"https:\\\/\\\/www.youtube.com\\\/channel\\\/UCliiYs-gP3JfJeqdPrNdd5A\"]},{\"@type\":\"Person\",\"@id\":\"https:\\\/\\\/canal7slp.tv\\\/2025\\\/#\\\/schema\\\/person\\\/271e2b60a96e7cc9d9ac296f4d7e414b\",\"name\":\"Edici\u00f3n Web\",\"image\":{\"@type\":\"ImageObject\",\"inLanguage\":\"es\",\"@id\":\"https:\\\/\\\/secure.gravatar.com\\\/avatar\\\/eee448fc3f7164808013b816ba91ac7e43bbe82a70bebac296f8bc6f0addaa1a?s=96&d=mm&r=g\",\"url\":\"https:\\\/\\\/secure.gravatar.com\\\/avatar\\\/eee448fc3f7164808013b816ba91ac7e43bbe82a70bebac296f8bc6f0addaa1a?s=96&d=mm&r=g\",\"contentUrl\":\"https:\\\/\\\/secure.gravatar.com\\\/avatar\\\/eee448fc3f7164808013b816ba91ac7e43bbe82a70bebac296f8bc6f0addaa1a?s=96&d=mm&r=g\",\"caption\":\"Edici\u00f3n Web\"},\"url\":\"https:\\\/\\\/canal7slp.tv\\\/2025\\\/author\\\/edicionweb\\\/\"}]}<\/script>\n<!-- \/ Yoast SEO plugin. -->","yoast_head_json":{"title":"Marco Rubio reconoce cooperaci\u00f3n de M\u00e9xico en materia de seguridad - Canal 7 SLP - 2025","robots":{"index":"index","follow":"follow","max-snippet":"max-snippet:-1","max-image-preview":"max-image-preview:large","max-video-preview":"max-video-preview:-1"},"canonical":"https:\/\/canal7slp.tv\/2025\/marco-rubio-reconoce-cooperacion-de-mexico-en-materia-de-seguridad\/","og_locale":"es_ES","og_type":"article","og_title":"Marco Rubio reconoce cooperaci\u00f3n de M\u00e9xico en materia de seguridad - Canal 7 SLP - 2025","og_description":"M\u00e9xico.- El secretario de Estado de Estados Unidos, Marco Rubio, reconoci\u00f3 la colaboraci\u00f3n del gobierno de M\u00e9xico en materia de seguridad durante su visita oficial a la Ciudad de M\u00e9xico este mi\u00e9rcoles. El funcionario estadounidense destac\u00f3 que M\u00e9xico mantiene una cooperaci\u00f3n significativa con su pa\u00eds en este \u00e1mbito. Durante una conferencia de prensa en las instalaciones de la Canciller\u00eda mexicana, Rubio expres\u00f3 su agradecimiento por la colaboraci\u00f3n bilateral y se\u00f1al\u00f3 que ambos pa\u00edses tienen a\u00fan mucho trabajo por delante en la lucha contra la criminalidad organizada. Previamente, el secretario de Estado sostuvo una reuni\u00f3n de trabajo con la Presidenta de [&hellip;]","og_url":"https:\/\/canal7slp.tv\/2025\/marco-rubio-reconoce-cooperacion-de-mexico-en-materia-de-seguridad\/","og_site_name":"Canal 7 SLP - 2025","article_publisher":"https:\/\/www.facebook.com\/noticieroscanal7atencionciudadana\/","article_published_time":"2025-09-03T21:27:16+00:00","og_image":[{"width":888,"height":500,"url":"https:\/\/canal7slp.tv\/2025\/wp-content\/uploads\/2025\/09\/07-1.jpg","type":"image\/jpeg"}],"author":"Edici\u00f3n Web","twitter_card":"summary_large_image","twitter_creator":"@NOTICIEROS7","twitter_site":"@NOTICIEROS7","twitter_misc":{"Escrito por":"Edici\u00f3n Web","Tiempo de lectura":"1 minuto"},"schema":{"@context":"https:\/\/schema.org","@graph":[{"@type":"Article","@id":"https:\/\/canal7slp.tv\/2025\/marco-rubio-reconoce-cooperacion-de-mexico-en-materia-de-seguridad\/#article","isPartOf":{"@id":"https:\/\/canal7slp.tv\/2025\/marco-rubio-reconoce-cooperacion-de-mexico-en-materia-de-seguridad\/"},"author":{"name":"Edici\u00f3n Web","@id":"https:\/\/canal7slp.tv\/2025\/#\/schema\/person\/271e2b60a96e7cc9d9ac296f4d7e414b"},"headline":"Marco Rubio reconoce cooperaci\u00f3n de M\u00e9xico en materia de seguridad","datePublished":"2025-09-03T21:27:16+00:00","mainEntityOfPage":{"@id":"https:\/\/canal7slp.tv\/2025\/marco-rubio-reconoce-cooperacion-de-mexico-en-materia-de-seguridad\/"},"wordCount":215,"publisher":{"@id":"https:\/\/canal7slp.tv\/2025\/#organization"},"image":{"@id":"https:\/\/canal7slp.tv\/2025\/marco-rubio-reconoce-cooperacion-de-mexico-en-materia-de-seguridad\/#primaryimage"},"thumbnailUrl":"https:\/\/canal7slp.tv\/2025\/wp-content\/uploads\/2025\/09\/07-1.jpg","articleSection":["NACIONALES"],"inLanguage":"es"},{"@type":"WebPage","@id":"https:\/\/canal7slp.tv\/2025\/marco-rubio-reconoce-cooperacion-de-mexico-en-materia-de-seguridad\/","url":"https:\/\/canal7slp.tv\/2025\/marco-rubio-reconoce-cooperacion-de-mexico-en-materia-de-seguridad\/","name":"Marco Rubio reconoce cooperaci\u00f3n de M\u00e9xico en materia de seguridad - Canal 7 SLP - 2025","isPartOf":{"@id":"https:\/\/canal7slp.tv\/2025\/#website"},"primaryImageOfPage":{"@id":"https:\/\/canal7slp.tv\/2025\/marco-rubio-reconoce-cooperacion-de-mexico-en-materia-de-seguridad\/#primaryimage"},"image":{"@id":"https:\/\/canal7slp.tv\/2025\/marco-rubio-reconoce-cooperacion-de-mexico-en-materia-de-seguridad\/#primaryimage"},"thumbnailUrl":"https:\/\/canal7slp.tv\/2025\/wp-content\/uploads\/2025\/09\/07-1.jpg","datePublished":"2025-09-03T21:27:16+00:00","breadcrumb":{"@id":"https:\/\/canal7slp.tv\/2025\/marco-rubio-reconoce-cooperacion-de-mexico-en-materia-de-seguridad\/#breadcrumb"},"inLanguage":"es","potentialAction":[{"@type":"ReadAction","target":["https:\/\/canal7slp.tv\/2025\/marco-rubio-reconoce-cooperacion-de-mexico-en-materia-de-seguridad\/"]}]},{"@type":"ImageObject","inLanguage":"es","@id":"https:\/\/canal7slp.tv\/2025\/marco-rubio-reconoce-cooperacion-de-mexico-en-materia-de-seguridad\/#primaryimage","url":"https:\/\/canal7slp.tv\/2025\/wp-content\/uploads\/2025\/09\/07-1.jpg","contentUrl":"https:\/\/canal7slp.tv\/2025\/wp-content\/uploads\/2025\/09\/07-1.jpg","width":888,"height":500},{"@type":"BreadcrumbList","@id":"https:\/\/canal7slp.tv\/2025\/marco-rubio-reconoce-cooperacion-de-mexico-en-materia-de-seguridad\/#breadcrumb","itemListElement":[{"@type":"ListItem","position":1,"name":"Portada","item":"https:\/\/canal7slp.tv\/2025\/"},{"@type":"ListItem","position":2,"name":"Marco Rubio reconoce cooperaci\u00f3n de M\u00e9xico en materia de seguridad"}]},{"@type":"WebSite","@id":"https:\/\/canal7slp.tv\/2025\/#website","url":"https:\/\/canal7slp.tv\/2025\/","name":"N7 - Noticieros Canal 7","description":"Somos el Medio","publisher":{"@id":"https:\/\/canal7slp.tv\/2025\/#organization"},"potentialAction":[{"@type":"SearchAction","target":{"@type":"EntryPoint","urlTemplate":"https:\/\/canal7slp.tv\/2025\/?s={search_term_string}"},"query-input":{"@type":"PropertyValueSpecification","valueRequired":true,"valueName":"search_term_string"}}],"inLanguage":"es"},{"@type":"Organization","@id":"https:\/\/canal7slp.tv\/2025\/#organization","name":"Noticieros Canal 7","url":"https:\/\/canal7slp.tv\/2025\/","logo":{"@type":"ImageObject","inLanguage":"es","@id":"https:\/\/canal7slp.tv\/2025\/#\/schema\/logo\/image\/","url":"https:\/\/canal7slp.tv\/2025\/wp-content\/uploads\/2021\/01\/logo-noticieros@2x.png","contentUrl":"https:\/\/canal7slp.tv\/2025\/wp-content\/uploads\/2021\/01\/logo-noticieros@2x.png","width":1017,"height":268,"caption":"Noticieros Canal 7"},"image":{"@id":"https:\/\/canal7slp.tv\/2025\/#\/schema\/logo\/image\/"},"sameAs":["https:\/\/www.facebook.com\/noticieroscanal7atencionciudadana\/","https:\/\/x.com\/NOTICIEROS7","https:\/\/www.instagram.com\/canal7_slp","https:\/\/www.youtube.com\/channel\/UCliiYs-gP3JfJeqdPrNdd5A"]},{"@type":"Person","@id":"https:\/\/canal7slp.tv\/2025\/#\/schema\/person\/271e2b60a96e7cc9d9ac296f4d7e414b","name":"Edici\u00f3n Web","image":{"@type":"ImageObject","inLanguage":"es","@id":"https:\/\/secure.gravatar.com\/avatar\/eee448fc3f7164808013b816ba91ac7e43bbe82a70bebac296f8bc6f0addaa1a?s=96&d=mm&r=g","url":"https:\/\/secure.gravatar.com\/avatar\/eee448fc3f7164808013b816ba91ac7e43bbe82a70bebac296f8bc6f0addaa1a?s=96&d=mm&r=g","contentUrl":"https:\/\/secure.gravatar.com\/avatar\/eee448fc3f7164808013b816ba91ac7e43bbe82a70bebac296f8bc6f0addaa1a?s=96&d=mm&r=g","caption":"Edici\u00f3n Web"},"url":"https:\/\/canal7slp.tv\/2025\/author\/edicionweb\/"}]}},"_links":{"self":[{"href":"https:\/\/canal7slp.tv\/2025\/wp-json\/wp\/v2\/posts\/178168","targetHints":{"allow":["GET"]}}],"collection":[{"href":"https:\/\/canal7slp.tv\/2025\/wp-json\/wp\/v2\/posts"}],"about":[{"href":"https:\/\/canal7slp.tv\/2025\/wp-json\/wp\/v2\/types\/post"}],"author":[{"embeddable":true,"href":"https:\/\/canal7slp.tv\/2025\/wp-json\/wp\/v2\/users\/2"}],"replies":[{"embeddable":true,"href":"https:\/\/canal7slp.tv\/2025\/wp-json\/wp\/v2\/comments?post=178168"}],"version-history":[{"count":1,"href":"https:\/\/canal7slp.tv\/2025\/wp-json\/wp\/v2\/posts\/178168\/revisions"}],"predecessor-version":[{"id":178170,"href":"https:\/\/canal7slp.tv\/2025\/wp-json\/wp\/v2\/posts\/178168\/revisions\/178170"}],"wp:featuredmedia":[{"embeddable":true,"href":"https:\/\/canal7slp.tv\/2025\/wp-json\/wp\/v2\/media\/178169"}],"wp:attachment":[{"href":"https:\/\/canal7slp.tv\/2025\/wp-json\/wp\/v2\/media?parent=178168"}],"wp:term":[{"taxonomy":"category","embeddable":true,"href":"https:\/\/canal7slp.tv\/2025\/wp-json\/wp\/v2\/categories?post=178168"},{"taxonomy":"post_tag","embeddable":true,"href":"https:\/\/canal7slp.tv\/2025\/wp-json\/wp\/v2\/tags?post=178168"}],"curies":[{"name":"wp","href":"https:\/\/api.w.org\/{rel}","templated":true}]}}