{"id":178133,"date":"2025-09-03T16:25:25","date_gmt":"2025-09-03T22:25:25","guid":{"rendered":"https:\/\/canal7slp.tv\/2025\/?p=178133"},"modified":"2025-09-03T16:25:25","modified_gmt":"2025-09-03T22:25:25","slug":"anuncia-estado-creacion-de-la-riviera-huasteca-con-inversion-de-200-mdp","status":"publish","type":"post","link":"https:\/\/canal7slp.tv\/2025\/anuncia-estado-creacion-de-la-riviera-huasteca-con-inversion-de-200-mdp\/","title":{"rendered":"Anuncia Estado creaci\u00f3n de la Riviera Huasteca con inversi\u00f3n de 200 mdp"},"content":{"rendered":"<p style=\"text-align: justify;\"><span style=\"font-size: 1.21429rem;\">SLP.- El gobernador de San Luis Potos\u00ed, Ricardo Gallardo Cardona, habl\u00f3 sobre el proyecto denominado \u201cRiviera Huasteca\u201d, con el que se busca consolidar un corredor tur\u00edstico en la regi\u00f3n que fortalezca la oferta cultural y econ\u00f3mica de los municipios huastecos.<\/span><\/p>\n<p style=\"text-align: justify;\">\u201cEs una inversi\u00f3n inicial de 200 millones en ese proyecto para el 2026, es llevar paradores tur\u00edsticos cada 10 km, 8 paradores tur\u00edsticos desde Valles a Tamazunchale que contemplan los 80 km\u201d, detall\u00f3.<\/p>\n<p style=\"text-align: justify;\">Segun refiere, cada parador tur\u00edstico contar\u00e1 con locales comerciales dise\u00f1ados para que artesanos de distintas comunidades puedan ofrecer sus productos, adem\u00e1s de que estar\u00e1n conectados con el sistema de transporte MetroRed<\/p>\n<p style=\"text-align: justify;\">El plan contempla adem\u00e1s la construcci\u00f3n de m\u00e1s infraestructura que ofrezca servicios b\u00e1sicos para los turistas y locales.<\/p>\n<p style=\"text-align: justify;\">\u201cVan a tener ba\u00f1os p\u00fablicos nuevos de primer nivel, comida artesan\u00eda y todo este corredor ser\u00eda parte de este gran proyecto en cada corredor y en cada aparador estar\u00eda la entrada a un pueblo m\u00e1gico, entonces, se trata de un proyecto en conjunto con turismo con seduvop y obviamente con la federaci\u00f3n\u201d, destac\u00f3.<\/p>\n<p style=\"text-align: justify;\">El gobierno estatal precis\u00f3 que este plan se desarrolla de manera coordinada con la Secretar\u00eda de Turismo y la Secretar\u00eda de Desarrollo Urbano, Vivienda y Obras P\u00fablicas (Seduvop) con el objetivo de consolidar a la Huasteca como uno de los principales destinos tur\u00edsticos del pa\u00eds.<\/p>\n<p>Por: Jos\u00e9 Luis V\u00e1zquez<\/p>\n","protected":false},"excerpt":{"rendered":"<p>SLP.- El gobernador de San Luis Potos\u00ed, Ricardo Gallardo Cardona, habl\u00f3 sobre el proyecto denominado \u201cRiviera Huasteca\u201d, con el que se busca consolidar un corredor tur\u00edstico en la regi\u00f3n que fortalezca la oferta cultural y econ\u00f3mica de los municipios huastecos. \u201cEs una inversi\u00f3n inicial de 200 millones en ese proyecto para el 2026, es llevar paradores tur\u00edsticos cada 10 km, 8 paradores tur\u00edsticos desde Valles a Tamazunchale que contemplan los 80 km\u201d, detall\u00f3. Segun refiere, cada parador tur\u00edstico contar\u00e1 con locales comerciales dise\u00f1ados para que artesanos de distintas comunidades puedan ofrecer sus productos, adem\u00e1s de que estar\u00e1n conectados con el [&hellip;]<\/p>\n","protected":false},"author":2,"featured_media":178188,"comment_status":"closed","ping_status":"closed","sticky":false,"template":"","format":"video","meta":{"_monsterinsights_skip_tracking":false,"_monsterinsights_sitenote_active":false,"_monsterinsights_sitenote_note":"","_monsterinsights_sitenote_category":0,"footnotes":""},"categories":[5,510,45],"tags":[],"class_list":["post-178133","post","type-post","status-publish","format-video","has-post-thumbnail","hentry","category-destacadas","category-gobedoslp","category-localesyregionales","post_format-post-format-video","post--single"],"yoast_head":"<!-- This site is optimized with the Yoast SEO plugin v27.5 - https:\/\/yoast.com\/product\/yoast-seo-wordpress\/ -->\n<title>Anuncia Estado creaci\u00f3n de la Riviera Huasteca con inversi\u00f3n de 200 mdp - Canal 7 SLP - 2025<\/title>\n<meta name=\"robots\" content=\"index, follow, max-snippet:-1, max-image-preview:large, max-video-preview:-1\" \/>\n<link rel=\"canonical\" href=\"https:\/\/canal7slp.tv\/2025\/anuncia-estado-creacion-de-la-riviera-huasteca-con-inversion-de-200-mdp\/\" \/>\n<meta property=\"og:locale\" content=\"es_ES\" \/>\n<meta property=\"og:type\" content=\"article\" \/>\n<meta property=\"og:title\" content=\"Anuncia Estado creaci\u00f3n de la Riviera Huasteca con inversi\u00f3n de 200 mdp - Canal 7 SLP - 2025\" \/>\n<meta property=\"og:description\" content=\"SLP.- El gobernador de San Luis Potos\u00ed, Ricardo Gallardo Cardona, habl\u00f3 sobre el proyecto denominado \u201cRiviera Huasteca\u201d, con el que se busca consolidar un corredor tur\u00edstico en la regi\u00f3n que fortalezca la oferta cultural y econ\u00f3mica de los municipios huastecos. \u201cEs una inversi\u00f3n inicial de 200 millones en ese proyecto para el 2026, es llevar paradores tur\u00edsticos cada 10 km, 8 paradores tur\u00edsticos desde Valles a Tamazunchale que contemplan los 80 km\u201d, detall\u00f3. Segun refiere, cada parador tur\u00edstico contar\u00e1 con locales comerciales dise\u00f1ados para que artesanos de distintas comunidades puedan ofrecer sus productos, adem\u00e1s de que estar\u00e1n conectados con el [&hellip;]\" \/>\n<meta property=\"og:url\" content=\"https:\/\/canal7slp.tv\/2025\/anuncia-estado-creacion-de-la-riviera-huasteca-con-inversion-de-200-mdp\/\" \/>\n<meta property=\"og:site_name\" content=\"Canal 7 SLP - 2025\" \/>\n<meta property=\"article:publisher\" content=\"https:\/\/www.facebook.com\/noticieroscanal7atencionciudadana\/\" \/>\n<meta property=\"article:published_time\" content=\"2025-09-03T22:25:25+00:00\" \/>\n<meta property=\"og:image\" content=\"https:\/\/canal7slp.tv\/2025\/wp-content\/uploads\/2025\/09\/Vazquez03RivieraHuasteca.jpg\" \/>\n\t<meta property=\"og:image:width\" content=\"1280\" \/>\n\t<meta property=\"og:image:height\" content=\"720\" \/>\n\t<meta property=\"og:image:type\" content=\"image\/jpeg\" \/>\n<meta name=\"author\" content=\"Edici\u00f3n Web\" \/>\n<meta name=\"twitter:card\" content=\"summary_large_image\" \/>\n<meta name=\"twitter:creator\" content=\"@NOTICIEROS7\" \/>\n<meta name=\"twitter:site\" content=\"@NOTICIEROS7\" \/>\n<meta name=\"twitter:label1\" content=\"Escrito por\" \/>\n\t<meta name=\"twitter:data1\" content=\"Edici\u00f3n Web\" \/>\n\t<meta name=\"twitter:label2\" content=\"Tiempo de lectura\" \/>\n\t<meta name=\"twitter:data2\" content=\"2 minutos\" \/>\n<script type=\"application\/ld+json\" class=\"yoast-schema-graph\">{\"@context\":\"https:\\\/\\\/schema.org\",\"@graph\":[{\"@type\":\"Article\",\"@id\":\"https:\\\/\\\/canal7slp.tv\\\/2025\\\/anuncia-estado-creacion-de-la-riviera-huasteca-con-inversion-de-200-mdp\\\/#article\",\"isPartOf\":{\"@id\":\"https:\\\/\\\/canal7slp.tv\\\/2025\\\/anuncia-estado-creacion-de-la-riviera-huasteca-con-inversion-de-200-mdp\\\/\"},\"author\":{\"name\":\"Edici\u00f3n Web\",\"@id\":\"https:\\\/\\\/canal7slp.tv\\\/2025\\\/#\\\/schema\\\/person\\\/271e2b60a96e7cc9d9ac296f4d7e414b\"},\"headline\":\"Anuncia Estado creaci\u00f3n de la Riviera Huasteca con inversi\u00f3n de 200 mdp\",\"datePublished\":\"2025-09-03T22:25:25+00:00\",\"mainEntityOfPage\":{\"@id\":\"https:\\\/\\\/canal7slp.tv\\\/2025\\\/anuncia-estado-creacion-de-la-riviera-huasteca-con-inversion-de-200-mdp\\\/\"},\"wordCount\":260,\"publisher\":{\"@id\":\"https:\\\/\\\/canal7slp.tv\\\/2025\\\/#organization\"},\"image\":{\"@id\":\"https:\\\/\\\/canal7slp.tv\\\/2025\\\/anuncia-estado-creacion-de-la-riviera-huasteca-con-inversion-de-200-mdp\\\/#primaryimage\"},\"thumbnailUrl\":\"https:\\\/\\\/canal7slp.tv\\\/2025\\\/wp-content\\\/uploads\\\/2025\\\/09\\\/Vazquez03RivieraHuasteca.jpg\",\"articleSection\":[\"DESTACADAS\",\"GOBEDOSLP\",\"LOCALES Y REGIONALES\"],\"inLanguage\":\"es\"},{\"@type\":\"WebPage\",\"@id\":\"https:\\\/\\\/canal7slp.tv\\\/2025\\\/anuncia-estado-creacion-de-la-riviera-huasteca-con-inversion-de-200-mdp\\\/\",\"url\":\"https:\\\/\\\/canal7slp.tv\\\/2025\\\/anuncia-estado-creacion-de-la-riviera-huasteca-con-inversion-de-200-mdp\\\/\",\"name\":\"Anuncia Estado creaci\u00f3n de la Riviera Huasteca con inversi\u00f3n de 200 mdp - Canal 7 SLP - 2025\",\"isPartOf\":{\"@id\":\"https:\\\/\\\/canal7slp.tv\\\/2025\\\/#website\"},\"primaryImageOfPage\":{\"@id\":\"https:\\\/\\\/canal7slp.tv\\\/2025\\\/anuncia-estado-creacion-de-la-riviera-huasteca-con-inversion-de-200-mdp\\\/#primaryimage\"},\"image\":{\"@id\":\"https:\\\/\\\/canal7slp.tv\\\/2025\\\/anuncia-estado-creacion-de-la-riviera-huasteca-con-inversion-de-200-mdp\\\/#primaryimage\"},\"thumbnailUrl\":\"https:\\\/\\\/canal7slp.tv\\\/2025\\\/wp-content\\\/uploads\\\/2025\\\/09\\\/Vazquez03RivieraHuasteca.jpg\",\"datePublished\":\"2025-09-03T22:25:25+00:00\",\"breadcrumb\":{\"@id\":\"https:\\\/\\\/canal7slp.tv\\\/2025\\\/anuncia-estado-creacion-de-la-riviera-huasteca-con-inversion-de-200-mdp\\\/#breadcrumb\"},\"inLanguage\":\"es\",\"potentialAction\":[{\"@type\":\"ReadAction\",\"target\":[\"https:\\\/\\\/canal7slp.tv\\\/2025\\\/anuncia-estado-creacion-de-la-riviera-huasteca-con-inversion-de-200-mdp\\\/\"]}]},{\"@type\":\"ImageObject\",\"inLanguage\":\"es\",\"@id\":\"https:\\\/\\\/canal7slp.tv\\\/2025\\\/anuncia-estado-creacion-de-la-riviera-huasteca-con-inversion-de-200-mdp\\\/#primaryimage\",\"url\":\"https:\\\/\\\/canal7slp.tv\\\/2025\\\/wp-content\\\/uploads\\\/2025\\\/09\\\/Vazquez03RivieraHuasteca.jpg\",\"contentUrl\":\"https:\\\/\\\/canal7slp.tv\\\/2025\\\/wp-content\\\/uploads\\\/2025\\\/09\\\/Vazquez03RivieraHuasteca.jpg\",\"width\":1280,\"height\":720},{\"@type\":\"BreadcrumbList\",\"@id\":\"https:\\\/\\\/canal7slp.tv\\\/2025\\\/anuncia-estado-creacion-de-la-riviera-huasteca-con-inversion-de-200-mdp\\\/#breadcrumb\",\"itemListElement\":[{\"@type\":\"ListItem\",\"position\":1,\"name\":\"Portada\",\"item\":\"https:\\\/\\\/canal7slp.tv\\\/2025\\\/\"},{\"@type\":\"ListItem\",\"position\":2,\"name\":\"Anuncia Estado creaci\u00f3n de la Riviera Huasteca con inversi\u00f3n de 200 mdp\"}]},{\"@type\":\"WebSite\",\"@id\":\"https:\\\/\\\/canal7slp.tv\\\/2025\\\/#website\",\"url\":\"https:\\\/\\\/canal7slp.tv\\\/2025\\\/\",\"name\":\"N7 - Noticieros Canal 7\",\"description\":\"Somos el Medio\",\"publisher\":{\"@id\":\"https:\\\/\\\/canal7slp.tv\\\/2025\\\/#organization\"},\"potentialAction\":[{\"@type\":\"SearchAction\",\"target\":{\"@type\":\"EntryPoint\",\"urlTemplate\":\"https:\\\/\\\/canal7slp.tv\\\/2025\\\/?s={search_term_string}\"},\"query-input\":{\"@type\":\"PropertyValueSpecification\",\"valueRequired\":true,\"valueName\":\"search_term_string\"}}],\"inLanguage\":\"es\"},{\"@type\":\"Organization\",\"@id\":\"https:\\\/\\\/canal7slp.tv\\\/2025\\\/#organization\",\"name\":\"Noticieros Canal 7\",\"url\":\"https:\\\/\\\/canal7slp.tv\\\/2025\\\/\",\"logo\":{\"@type\":\"ImageObject\",\"inLanguage\":\"es\",\"@id\":\"https:\\\/\\\/canal7slp.tv\\\/2025\\\/#\\\/schema\\\/logo\\\/image\\\/\",\"url\":\"https:\\\/\\\/canal7slp.tv\\\/2025\\\/wp-content\\\/uploads\\\/2021\\\/01\\\/logo-noticieros@2x.png\",\"contentUrl\":\"https:\\\/\\\/canal7slp.tv\\\/2025\\\/wp-content\\\/uploads\\\/2021\\\/01\\\/logo-noticieros@2x.png\",\"width\":1017,\"height\":268,\"caption\":\"Noticieros Canal 7\"},\"image\":{\"@id\":\"https:\\\/\\\/canal7slp.tv\\\/2025\\\/#\\\/schema\\\/logo\\\/image\\\/\"},\"sameAs\":[\"https:\\\/\\\/www.facebook.com\\\/noticieroscanal7atencionciudadana\\\/\",\"https:\\\/\\\/x.com\\\/NOTICIEROS7\",\"https:\\\/\\\/www.instagram.com\\\/canal7_slp\",\"https:\\\/\\\/www.youtube.com\\\/channel\\\/UCliiYs-gP3JfJeqdPrNdd5A\"]},{\"@type\":\"Person\",\"@id\":\"https:\\\/\\\/canal7slp.tv\\\/2025\\\/#\\\/schema\\\/person\\\/271e2b60a96e7cc9d9ac296f4d7e414b\",\"name\":\"Edici\u00f3n Web\",\"image\":{\"@type\":\"ImageObject\",\"inLanguage\":\"es\",\"@id\":\"https:\\\/\\\/secure.gravatar.com\\\/avatar\\\/eee448fc3f7164808013b816ba91ac7e43bbe82a70bebac296f8bc6f0addaa1a?s=96&d=mm&r=g\",\"url\":\"https:\\\/\\\/secure.gravatar.com\\\/avatar\\\/eee448fc3f7164808013b816ba91ac7e43bbe82a70bebac296f8bc6f0addaa1a?s=96&d=mm&r=g\",\"contentUrl\":\"https:\\\/\\\/secure.gravatar.com\\\/avatar\\\/eee448fc3f7164808013b816ba91ac7e43bbe82a70bebac296f8bc6f0addaa1a?s=96&d=mm&r=g\",\"caption\":\"Edici\u00f3n Web\"},\"url\":\"https:\\\/\\\/canal7slp.tv\\\/2025\\\/author\\\/edicionweb\\\/\"}]}<\/script>\n<!-- \/ Yoast SEO plugin. -->","yoast_head_json":{"title":"Anuncia Estado creaci\u00f3n de la Riviera Huasteca con inversi\u00f3n de 200 mdp - Canal 7 SLP - 2025","robots":{"index":"index","follow":"follow","max-snippet":"max-snippet:-1","max-image-preview":"max-image-preview:large","max-video-preview":"max-video-preview:-1"},"canonical":"https:\/\/canal7slp.tv\/2025\/anuncia-estado-creacion-de-la-riviera-huasteca-con-inversion-de-200-mdp\/","og_locale":"es_ES","og_type":"article","og_title":"Anuncia Estado creaci\u00f3n de la Riviera Huasteca con inversi\u00f3n de 200 mdp - Canal 7 SLP - 2025","og_description":"SLP.- El gobernador de San Luis Potos\u00ed, Ricardo Gallardo Cardona, habl\u00f3 sobre el proyecto denominado \u201cRiviera Huasteca\u201d, con el que se busca consolidar un corredor tur\u00edstico en la regi\u00f3n que fortalezca la oferta cultural y econ\u00f3mica de los municipios huastecos. \u201cEs una inversi\u00f3n inicial de 200 millones en ese proyecto para el 2026, es llevar paradores tur\u00edsticos cada 10 km, 8 paradores tur\u00edsticos desde Valles a Tamazunchale que contemplan los 80 km\u201d, detall\u00f3. Segun refiere, cada parador tur\u00edstico contar\u00e1 con locales comerciales dise\u00f1ados para que artesanos de distintas comunidades puedan ofrecer sus productos, adem\u00e1s de que estar\u00e1n conectados con el [&hellip;]","og_url":"https:\/\/canal7slp.tv\/2025\/anuncia-estado-creacion-de-la-riviera-huasteca-con-inversion-de-200-mdp\/","og_site_name":"Canal 7 SLP - 2025","article_publisher":"https:\/\/www.facebook.com\/noticieroscanal7atencionciudadana\/","article_published_time":"2025-09-03T22:25:25+00:00","og_image":[{"width":1280,"height":720,"url":"https:\/\/canal7slp.tv\/2025\/wp-content\/uploads\/2025\/09\/Vazquez03RivieraHuasteca.jpg","type":"image\/jpeg"}],"author":"Edici\u00f3n Web","twitter_card":"summary_large_image","twitter_creator":"@NOTICIEROS7","twitter_site":"@NOTICIEROS7","twitter_misc":{"Escrito por":"Edici\u00f3n Web","Tiempo de lectura":"2 minutos"},"schema":{"@context":"https:\/\/schema.org","@graph":[{"@type":"Article","@id":"https:\/\/canal7slp.tv\/2025\/anuncia-estado-creacion-de-la-riviera-huasteca-con-inversion-de-200-mdp\/#article","isPartOf":{"@id":"https:\/\/canal7slp.tv\/2025\/anuncia-estado-creacion-de-la-riviera-huasteca-con-inversion-de-200-mdp\/"},"author":{"name":"Edici\u00f3n Web","@id":"https:\/\/canal7slp.tv\/2025\/#\/schema\/person\/271e2b60a96e7cc9d9ac296f4d7e414b"},"headline":"Anuncia Estado creaci\u00f3n de la Riviera Huasteca con inversi\u00f3n de 200 mdp","datePublished":"2025-09-03T22:25:25+00:00","mainEntityOfPage":{"@id":"https:\/\/canal7slp.tv\/2025\/anuncia-estado-creacion-de-la-riviera-huasteca-con-inversion-de-200-mdp\/"},"wordCount":260,"publisher":{"@id":"https:\/\/canal7slp.tv\/2025\/#organization"},"image":{"@id":"https:\/\/canal7slp.tv\/2025\/anuncia-estado-creacion-de-la-riviera-huasteca-con-inversion-de-200-mdp\/#primaryimage"},"thumbnailUrl":"https:\/\/canal7slp.tv\/2025\/wp-content\/uploads\/2025\/09\/Vazquez03RivieraHuasteca.jpg","articleSection":["DESTACADAS","GOBEDOSLP","LOCALES Y REGIONALES"],"inLanguage":"es"},{"@type":"WebPage","@id":"https:\/\/canal7slp.tv\/2025\/anuncia-estado-creacion-de-la-riviera-huasteca-con-inversion-de-200-mdp\/","url":"https:\/\/canal7slp.tv\/2025\/anuncia-estado-creacion-de-la-riviera-huasteca-con-inversion-de-200-mdp\/","name":"Anuncia Estado creaci\u00f3n de la Riviera Huasteca con inversi\u00f3n de 200 mdp - Canal 7 SLP - 2025","isPartOf":{"@id":"https:\/\/canal7slp.tv\/2025\/#website"},"primaryImageOfPage":{"@id":"https:\/\/canal7slp.tv\/2025\/anuncia-estado-creacion-de-la-riviera-huasteca-con-inversion-de-200-mdp\/#primaryimage"},"image":{"@id":"https:\/\/canal7slp.tv\/2025\/anuncia-estado-creacion-de-la-riviera-huasteca-con-inversion-de-200-mdp\/#primaryimage"},"thumbnailUrl":"https:\/\/canal7slp.tv\/2025\/wp-content\/uploads\/2025\/09\/Vazquez03RivieraHuasteca.jpg","datePublished":"2025-09-03T22:25:25+00:00","breadcrumb":{"@id":"https:\/\/canal7slp.tv\/2025\/anuncia-estado-creacion-de-la-riviera-huasteca-con-inversion-de-200-mdp\/#breadcrumb"},"inLanguage":"es","potentialAction":[{"@type":"ReadAction","target":["https:\/\/canal7slp.tv\/2025\/anuncia-estado-creacion-de-la-riviera-huasteca-con-inversion-de-200-mdp\/"]}]},{"@type":"ImageObject","inLanguage":"es","@id":"https:\/\/canal7slp.tv\/2025\/anuncia-estado-creacion-de-la-riviera-huasteca-con-inversion-de-200-mdp\/#primaryimage","url":"https:\/\/canal7slp.tv\/2025\/wp-content\/uploads\/2025\/09\/Vazquez03RivieraHuasteca.jpg","contentUrl":"https:\/\/canal7slp.tv\/2025\/wp-content\/uploads\/2025\/09\/Vazquez03RivieraHuasteca.jpg","width":1280,"height":720},{"@type":"BreadcrumbList","@id":"https:\/\/canal7slp.tv\/2025\/anuncia-estado-creacion-de-la-riviera-huasteca-con-inversion-de-200-mdp\/#breadcrumb","itemListElement":[{"@type":"ListItem","position":1,"name":"Portada","item":"https:\/\/canal7slp.tv\/2025\/"},{"@type":"ListItem","position":2,"name":"Anuncia Estado creaci\u00f3n de la Riviera Huasteca con inversi\u00f3n de 200 mdp"}]},{"@type":"WebSite","@id":"https:\/\/canal7slp.tv\/2025\/#website","url":"https:\/\/canal7slp.tv\/2025\/","name":"N7 - Noticieros Canal 7","description":"Somos el Medio","publisher":{"@id":"https:\/\/canal7slp.tv\/2025\/#organization"},"potentialAction":[{"@type":"SearchAction","target":{"@type":"EntryPoint","urlTemplate":"https:\/\/canal7slp.tv\/2025\/?s={search_term_string}"},"query-input":{"@type":"PropertyValueSpecification","valueRequired":true,"valueName":"search_term_string"}}],"inLanguage":"es"},{"@type":"Organization","@id":"https:\/\/canal7slp.tv\/2025\/#organization","name":"Noticieros Canal 7","url":"https:\/\/canal7slp.tv\/2025\/","logo":{"@type":"ImageObject","inLanguage":"es","@id":"https:\/\/canal7slp.tv\/2025\/#\/schema\/logo\/image\/","url":"https:\/\/canal7slp.tv\/2025\/wp-content\/uploads\/2021\/01\/logo-noticieros@2x.png","contentUrl":"https:\/\/canal7slp.tv\/2025\/wp-content\/uploads\/2021\/01\/logo-noticieros@2x.png","width":1017,"height":268,"caption":"Noticieros Canal 7"},"image":{"@id":"https:\/\/canal7slp.tv\/2025\/#\/schema\/logo\/image\/"},"sameAs":["https:\/\/www.facebook.com\/noticieroscanal7atencionciudadana\/","https:\/\/x.com\/NOTICIEROS7","https:\/\/www.instagram.com\/canal7_slp","https:\/\/www.youtube.com\/channel\/UCliiYs-gP3JfJeqdPrNdd5A"]},{"@type":"Person","@id":"https:\/\/canal7slp.tv\/2025\/#\/schema\/person\/271e2b60a96e7cc9d9ac296f4d7e414b","name":"Edici\u00f3n Web","image":{"@type":"ImageObject","inLanguage":"es","@id":"https:\/\/secure.gravatar.com\/avatar\/eee448fc3f7164808013b816ba91ac7e43bbe82a70bebac296f8bc6f0addaa1a?s=96&d=mm&r=g","url":"https:\/\/secure.gravatar.com\/avatar\/eee448fc3f7164808013b816ba91ac7e43bbe82a70bebac296f8bc6f0addaa1a?s=96&d=mm&r=g","contentUrl":"https:\/\/secure.gravatar.com\/avatar\/eee448fc3f7164808013b816ba91ac7e43bbe82a70bebac296f8bc6f0addaa1a?s=96&d=mm&r=g","caption":"Edici\u00f3n Web"},"url":"https:\/\/canal7slp.tv\/2025\/author\/edicionweb\/"}]}},"_links":{"self":[{"href":"https:\/\/canal7slp.tv\/2025\/wp-json\/wp\/v2\/posts\/178133","targetHints":{"allow":["GET"]}}],"collection":[{"href":"https:\/\/canal7slp.tv\/2025\/wp-json\/wp\/v2\/posts"}],"about":[{"href":"https:\/\/canal7slp.tv\/2025\/wp-json\/wp\/v2\/types\/post"}],"author":[{"embeddable":true,"href":"https:\/\/canal7slp.tv\/2025\/wp-json\/wp\/v2\/users\/2"}],"replies":[{"embeddable":true,"href":"https:\/\/canal7slp.tv\/2025\/wp-json\/wp\/v2\/comments?post=178133"}],"version-history":[{"count":2,"href":"https:\/\/canal7slp.tv\/2025\/wp-json\/wp\/v2\/posts\/178133\/revisions"}],"predecessor-version":[{"id":178192,"href":"https:\/\/canal7slp.tv\/2025\/wp-json\/wp\/v2\/posts\/178133\/revisions\/178192"}],"wp:featuredmedia":[{"embeddable":true,"href":"https:\/\/canal7slp.tv\/2025\/wp-json\/wp\/v2\/media\/178188"}],"wp:attachment":[{"href":"https:\/\/canal7slp.tv\/2025\/wp-json\/wp\/v2\/media?parent=178133"}],"wp:term":[{"taxonomy":"category","embeddable":true,"href":"https:\/\/canal7slp.tv\/2025\/wp-json\/wp\/v2\/categories?post=178133"},{"taxonomy":"post_tag","embeddable":true,"href":"https:\/\/canal7slp.tv\/2025\/wp-json\/wp\/v2\/tags?post=178133"}],"curies":[{"name":"wp","href":"https:\/\/api.w.org\/{rel}","templated":true}]}}