{"id":178064,"date":"2025-09-02T16:44:16","date_gmt":"2025-09-02T22:44:16","guid":{"rendered":"https:\/\/canal7slp.tv\/2025\/?p=178064"},"modified":"2025-09-02T16:44:16","modified_gmt":"2025-09-02T22:44:16","slug":"detienen-a-hombre-por-robo-de-menor-en-san-luis-potosi-decia-que-era-su-pareja","status":"publish","type":"post","link":"https:\/\/canal7slp.tv\/2025\/detienen-a-hombre-por-robo-de-menor-en-san-luis-potosi-decia-que-era-su-pareja\/","title":{"rendered":"Detienen a hombre por robo de menor en San Luis Potos\u00ed, dec\u00eda que era su pareja"},"content":{"rendered":"<p style=\"text-align: justify;\"><span style=\"font-size: 1.21429rem;\">SLP.- La Fiscal\u00eda General del Estado inform\u00f3 sobre la detenci\u00f3n de un hombre se\u00f1alado por retener a una menor de 13 a\u00f1os, quien hab\u00eda sido reportada como desaparecida en la capital potosina.<\/span><\/p>\n<p style=\"text-align: justify;\">La titular del organismo, Manuela Garc\u00eda C\u00e1zares, detall\u00f3 que la menor fue rescatada en un domicilio donde permanec\u00eda bajo resguardo del imputado.<\/p>\n<p style=\"text-align: justify;\">\u201cSe trata de una menor que fue rescatada del domicilio que la ten\u00eda el imputado, es una menor de 13 a\u00f1os, est\u00e1 por robo de Infante ya est\u00e1 detenido y fue puesto a disposici\u00f3n del juez del control\u201d, indic\u00f3.<\/p>\n<p style=\"text-align: justify;\">De acuerdo con la autoridad, la madre de la adolescente hab\u00eda presentado una denuncia por desaparici\u00f3n, lo que permiti\u00f3 activar la ficha de b\u00fasqueda y dar con su paradero.<\/p>\n<p style=\"text-align: justify;\">\u201cLuego si ocurre que hay adultos que convencen a las ni\u00f1as porque son unas ni\u00f1as, y la madre la hab\u00eda denunciado como extraviada\u201d, explic\u00f3 la fiscal.<\/p>\n<p style=\"text-align: justify;\">La funcionaria agreg\u00f3 que la v\u00edctima fue localizada en la vivienda del presunto responsable, aunque ha mostrado resistencia para brindar informaci\u00f3n completa sobre lo ocurrido.<\/p>\n<p style=\"text-align: justify;\">\u201cTen\u00eda ficha de b\u00fasqueda y fue localizada en la casa de este adulto, la ni\u00f1a ha sido un tanto reticente en proporcionar informaci\u00f3n y el sujeto menciona que ella era su pareja\u201d, declar\u00f3.<\/p>\n<p style=\"text-align: justify;\">Finalmente, Garc\u00eda C\u00e1zares enfatiz\u00f3 que la instituci\u00f3n dar\u00e1 seguimiento al caso bajo el marco legal correspondiente.<\/p>\n<p style=\"text-align: justify;\">\u201cNosotros tenemos la obligaci\u00f3n de investigar esos hechos ya se puso a disposici\u00f3n como vuelvo a repetir porque se trata de una menor de 13 a\u00f1os\u201d, afirm\u00f3.<\/p>\n<p>Por: Jos\u00e9 Luis V\u00e1zquez<\/p>\n","protected":false},"excerpt":{"rendered":"<p>SLP.- La Fiscal\u00eda General del Estado inform\u00f3 sobre la detenci\u00f3n de un hombre se\u00f1alado por retener a una menor de 13 a\u00f1os, quien hab\u00eda sido reportada como desaparecida en la capital potosina. La titular del organismo, Manuela Garc\u00eda C\u00e1zares, detall\u00f3 que la menor fue rescatada en un domicilio donde permanec\u00eda bajo resguardo del imputado. \u201cSe trata de una menor que fue rescatada del domicilio que la ten\u00eda el imputado, es una menor de 13 a\u00f1os, est\u00e1 por robo de Infante ya est\u00e1 detenido y fue puesto a disposici\u00f3n del juez del control\u201d, indic\u00f3. De acuerdo con la autoridad, la madre [&hellip;]<\/p>\n","protected":false},"author":2,"featured_media":178066,"comment_status":"closed","ping_status":"closed","sticky":false,"template":"","format":"video","meta":{"_monsterinsights_skip_tracking":false,"_monsterinsights_sitenote_active":false,"_monsterinsights_sitenote_note":"","_monsterinsights_sitenote_category":0,"footnotes":""},"categories":[5,510,45],"tags":[],"class_list":["post-178064","post","type-post","status-publish","format-video","has-post-thumbnail","hentry","category-destacadas","category-gobedoslp","category-localesyregionales","post_format-post-format-video","post--single"],"yoast_head":"<!-- This site is optimized with the Yoast SEO plugin v27.5 - https:\/\/yoast.com\/product\/yoast-seo-wordpress\/ -->\n<title>Detienen a hombre por robo de menor en San Luis Potos\u00ed, dec\u00eda que era su pareja - Canal 7 SLP - 2025<\/title>\n<meta name=\"robots\" content=\"index, follow, max-snippet:-1, max-image-preview:large, max-video-preview:-1\" \/>\n<link rel=\"canonical\" href=\"https:\/\/canal7slp.tv\/2025\/detienen-a-hombre-por-robo-de-menor-en-san-luis-potosi-decia-que-era-su-pareja\/\" \/>\n<meta property=\"og:locale\" content=\"es_ES\" \/>\n<meta property=\"og:type\" content=\"article\" \/>\n<meta property=\"og:title\" content=\"Detienen a hombre por robo de menor en San Luis Potos\u00ed, dec\u00eda que era su pareja - Canal 7 SLP - 2025\" \/>\n<meta property=\"og:description\" content=\"SLP.- La Fiscal\u00eda General del Estado inform\u00f3 sobre la detenci\u00f3n de un hombre se\u00f1alado por retener a una menor de 13 a\u00f1os, quien hab\u00eda sido reportada como desaparecida en la capital potosina. La titular del organismo, Manuela Garc\u00eda C\u00e1zares, detall\u00f3 que la menor fue rescatada en un domicilio donde permanec\u00eda bajo resguardo del imputado. \u201cSe trata de una menor que fue rescatada del domicilio que la ten\u00eda el imputado, es una menor de 13 a\u00f1os, est\u00e1 por robo de Infante ya est\u00e1 detenido y fue puesto a disposici\u00f3n del juez del control\u201d, indic\u00f3. De acuerdo con la autoridad, la madre [&hellip;]\" \/>\n<meta property=\"og:url\" content=\"https:\/\/canal7slp.tv\/2025\/detienen-a-hombre-por-robo-de-menor-en-san-luis-potosi-decia-que-era-su-pareja\/\" \/>\n<meta property=\"og:site_name\" content=\"Canal 7 SLP - 2025\" \/>\n<meta property=\"article:publisher\" content=\"https:\/\/www.facebook.com\/noticieroscanal7atencionciudadana\/\" \/>\n<meta property=\"article:published_time\" content=\"2025-09-02T22:44:16+00:00\" \/>\n<meta property=\"og:image\" content=\"https:\/\/canal7slp.tv\/2025\/wp-content\/uploads\/2025\/09\/Vazquez03FGENinia.jpg\" \/>\n\t<meta property=\"og:image:width\" content=\"1280\" \/>\n\t<meta property=\"og:image:height\" content=\"720\" \/>\n\t<meta property=\"og:image:type\" content=\"image\/jpeg\" \/>\n<meta name=\"author\" content=\"Edici\u00f3n Web\" \/>\n<meta name=\"twitter:card\" content=\"summary_large_image\" \/>\n<meta name=\"twitter:creator\" content=\"@NOTICIEROS7\" \/>\n<meta name=\"twitter:site\" content=\"@NOTICIEROS7\" \/>\n<meta name=\"twitter:label1\" content=\"Escrito por\" \/>\n\t<meta name=\"twitter:data1\" content=\"Edici\u00f3n Web\" \/>\n\t<meta name=\"twitter:label2\" content=\"Tiempo de lectura\" \/>\n\t<meta name=\"twitter:data2\" content=\"2 minutos\" \/>\n<script type=\"application\/ld+json\" class=\"yoast-schema-graph\">{\"@context\":\"https:\\\/\\\/schema.org\",\"@graph\":[{\"@type\":\"Article\",\"@id\":\"https:\\\/\\\/canal7slp.tv\\\/2025\\\/detienen-a-hombre-por-robo-de-menor-en-san-luis-potosi-decia-que-era-su-pareja\\\/#article\",\"isPartOf\":{\"@id\":\"https:\\\/\\\/canal7slp.tv\\\/2025\\\/detienen-a-hombre-por-robo-de-menor-en-san-luis-potosi-decia-que-era-su-pareja\\\/\"},\"author\":{\"name\":\"Edici\u00f3n Web\",\"@id\":\"https:\\\/\\\/canal7slp.tv\\\/2025\\\/#\\\/schema\\\/person\\\/271e2b60a96e7cc9d9ac296f4d7e414b\"},\"headline\":\"Detienen a hombre por robo de menor en San Luis Potos\u00ed, dec\u00eda que era su pareja\",\"datePublished\":\"2025-09-02T22:44:16+00:00\",\"mainEntityOfPage\":{\"@id\":\"https:\\\/\\\/canal7slp.tv\\\/2025\\\/detienen-a-hombre-por-robo-de-menor-en-san-luis-potosi-decia-que-era-su-pareja\\\/\"},\"wordCount\":298,\"publisher\":{\"@id\":\"https:\\\/\\\/canal7slp.tv\\\/2025\\\/#organization\"},\"image\":{\"@id\":\"https:\\\/\\\/canal7slp.tv\\\/2025\\\/detienen-a-hombre-por-robo-de-menor-en-san-luis-potosi-decia-que-era-su-pareja\\\/#primaryimage\"},\"thumbnailUrl\":\"https:\\\/\\\/canal7slp.tv\\\/2025\\\/wp-content\\\/uploads\\\/2025\\\/09\\\/Vazquez03FGENinia.jpg\",\"articleSection\":[\"DESTACADAS\",\"GOBEDOSLP\",\"LOCALES Y REGIONALES\"],\"inLanguage\":\"es\"},{\"@type\":\"WebPage\",\"@id\":\"https:\\\/\\\/canal7slp.tv\\\/2025\\\/detienen-a-hombre-por-robo-de-menor-en-san-luis-potosi-decia-que-era-su-pareja\\\/\",\"url\":\"https:\\\/\\\/canal7slp.tv\\\/2025\\\/detienen-a-hombre-por-robo-de-menor-en-san-luis-potosi-decia-que-era-su-pareja\\\/\",\"name\":\"Detienen a hombre por robo de menor en San Luis Potos\u00ed, dec\u00eda que era su pareja - Canal 7 SLP - 2025\",\"isPartOf\":{\"@id\":\"https:\\\/\\\/canal7slp.tv\\\/2025\\\/#website\"},\"primaryImageOfPage\":{\"@id\":\"https:\\\/\\\/canal7slp.tv\\\/2025\\\/detienen-a-hombre-por-robo-de-menor-en-san-luis-potosi-decia-que-era-su-pareja\\\/#primaryimage\"},\"image\":{\"@id\":\"https:\\\/\\\/canal7slp.tv\\\/2025\\\/detienen-a-hombre-por-robo-de-menor-en-san-luis-potosi-decia-que-era-su-pareja\\\/#primaryimage\"},\"thumbnailUrl\":\"https:\\\/\\\/canal7slp.tv\\\/2025\\\/wp-content\\\/uploads\\\/2025\\\/09\\\/Vazquez03FGENinia.jpg\",\"datePublished\":\"2025-09-02T22:44:16+00:00\",\"breadcrumb\":{\"@id\":\"https:\\\/\\\/canal7slp.tv\\\/2025\\\/detienen-a-hombre-por-robo-de-menor-en-san-luis-potosi-decia-que-era-su-pareja\\\/#breadcrumb\"},\"inLanguage\":\"es\",\"potentialAction\":[{\"@type\":\"ReadAction\",\"target\":[\"https:\\\/\\\/canal7slp.tv\\\/2025\\\/detienen-a-hombre-por-robo-de-menor-en-san-luis-potosi-decia-que-era-su-pareja\\\/\"]}]},{\"@type\":\"ImageObject\",\"inLanguage\":\"es\",\"@id\":\"https:\\\/\\\/canal7slp.tv\\\/2025\\\/detienen-a-hombre-por-robo-de-menor-en-san-luis-potosi-decia-que-era-su-pareja\\\/#primaryimage\",\"url\":\"https:\\\/\\\/canal7slp.tv\\\/2025\\\/wp-content\\\/uploads\\\/2025\\\/09\\\/Vazquez03FGENinia.jpg\",\"contentUrl\":\"https:\\\/\\\/canal7slp.tv\\\/2025\\\/wp-content\\\/uploads\\\/2025\\\/09\\\/Vazquez03FGENinia.jpg\",\"width\":1280,\"height\":720},{\"@type\":\"BreadcrumbList\",\"@id\":\"https:\\\/\\\/canal7slp.tv\\\/2025\\\/detienen-a-hombre-por-robo-de-menor-en-san-luis-potosi-decia-que-era-su-pareja\\\/#breadcrumb\",\"itemListElement\":[{\"@type\":\"ListItem\",\"position\":1,\"name\":\"Portada\",\"item\":\"https:\\\/\\\/canal7slp.tv\\\/2025\\\/\"},{\"@type\":\"ListItem\",\"position\":2,\"name\":\"Detienen a hombre por robo de menor en San Luis Potos\u00ed, dec\u00eda que era su pareja\"}]},{\"@type\":\"WebSite\",\"@id\":\"https:\\\/\\\/canal7slp.tv\\\/2025\\\/#website\",\"url\":\"https:\\\/\\\/canal7slp.tv\\\/2025\\\/\",\"name\":\"N7 - Noticieros Canal 7\",\"description\":\"Somos el Medio\",\"publisher\":{\"@id\":\"https:\\\/\\\/canal7slp.tv\\\/2025\\\/#organization\"},\"potentialAction\":[{\"@type\":\"SearchAction\",\"target\":{\"@type\":\"EntryPoint\",\"urlTemplate\":\"https:\\\/\\\/canal7slp.tv\\\/2025\\\/?s={search_term_string}\"},\"query-input\":{\"@type\":\"PropertyValueSpecification\",\"valueRequired\":true,\"valueName\":\"search_term_string\"}}],\"inLanguage\":\"es\"},{\"@type\":\"Organization\",\"@id\":\"https:\\\/\\\/canal7slp.tv\\\/2025\\\/#organization\",\"name\":\"Noticieros Canal 7\",\"url\":\"https:\\\/\\\/canal7slp.tv\\\/2025\\\/\",\"logo\":{\"@type\":\"ImageObject\",\"inLanguage\":\"es\",\"@id\":\"https:\\\/\\\/canal7slp.tv\\\/2025\\\/#\\\/schema\\\/logo\\\/image\\\/\",\"url\":\"https:\\\/\\\/canal7slp.tv\\\/2025\\\/wp-content\\\/uploads\\\/2021\\\/01\\\/logo-noticieros@2x.png\",\"contentUrl\":\"https:\\\/\\\/canal7slp.tv\\\/2025\\\/wp-content\\\/uploads\\\/2021\\\/01\\\/logo-noticieros@2x.png\",\"width\":1017,\"height\":268,\"caption\":\"Noticieros Canal 7\"},\"image\":{\"@id\":\"https:\\\/\\\/canal7slp.tv\\\/2025\\\/#\\\/schema\\\/logo\\\/image\\\/\"},\"sameAs\":[\"https:\\\/\\\/www.facebook.com\\\/noticieroscanal7atencionciudadana\\\/\",\"https:\\\/\\\/x.com\\\/NOTICIEROS7\",\"https:\\\/\\\/www.instagram.com\\\/canal7_slp\",\"https:\\\/\\\/www.youtube.com\\\/channel\\\/UCliiYs-gP3JfJeqdPrNdd5A\"]},{\"@type\":\"Person\",\"@id\":\"https:\\\/\\\/canal7slp.tv\\\/2025\\\/#\\\/schema\\\/person\\\/271e2b60a96e7cc9d9ac296f4d7e414b\",\"name\":\"Edici\u00f3n Web\",\"image\":{\"@type\":\"ImageObject\",\"inLanguage\":\"es\",\"@id\":\"https:\\\/\\\/secure.gravatar.com\\\/avatar\\\/eee448fc3f7164808013b816ba91ac7e43bbe82a70bebac296f8bc6f0addaa1a?s=96&d=mm&r=g\",\"url\":\"https:\\\/\\\/secure.gravatar.com\\\/avatar\\\/eee448fc3f7164808013b816ba91ac7e43bbe82a70bebac296f8bc6f0addaa1a?s=96&d=mm&r=g\",\"contentUrl\":\"https:\\\/\\\/secure.gravatar.com\\\/avatar\\\/eee448fc3f7164808013b816ba91ac7e43bbe82a70bebac296f8bc6f0addaa1a?s=96&d=mm&r=g\",\"caption\":\"Edici\u00f3n Web\"},\"url\":\"https:\\\/\\\/canal7slp.tv\\\/2025\\\/author\\\/edicionweb\\\/\"}]}<\/script>\n<!-- \/ Yoast SEO plugin. -->","yoast_head_json":{"title":"Detienen a hombre por robo de menor en San Luis Potos\u00ed, dec\u00eda que era su pareja - Canal 7 SLP - 2025","robots":{"index":"index","follow":"follow","max-snippet":"max-snippet:-1","max-image-preview":"max-image-preview:large","max-video-preview":"max-video-preview:-1"},"canonical":"https:\/\/canal7slp.tv\/2025\/detienen-a-hombre-por-robo-de-menor-en-san-luis-potosi-decia-que-era-su-pareja\/","og_locale":"es_ES","og_type":"article","og_title":"Detienen a hombre por robo de menor en San Luis Potos\u00ed, dec\u00eda que era su pareja - Canal 7 SLP - 2025","og_description":"SLP.- La Fiscal\u00eda General del Estado inform\u00f3 sobre la detenci\u00f3n de un hombre se\u00f1alado por retener a una menor de 13 a\u00f1os, quien hab\u00eda sido reportada como desaparecida en la capital potosina. La titular del organismo, Manuela Garc\u00eda C\u00e1zares, detall\u00f3 que la menor fue rescatada en un domicilio donde permanec\u00eda bajo resguardo del imputado. \u201cSe trata de una menor que fue rescatada del domicilio que la ten\u00eda el imputado, es una menor de 13 a\u00f1os, est\u00e1 por robo de Infante ya est\u00e1 detenido y fue puesto a disposici\u00f3n del juez del control\u201d, indic\u00f3. De acuerdo con la autoridad, la madre [&hellip;]","og_url":"https:\/\/canal7slp.tv\/2025\/detienen-a-hombre-por-robo-de-menor-en-san-luis-potosi-decia-que-era-su-pareja\/","og_site_name":"Canal 7 SLP - 2025","article_publisher":"https:\/\/www.facebook.com\/noticieroscanal7atencionciudadana\/","article_published_time":"2025-09-02T22:44:16+00:00","og_image":[{"width":1280,"height":720,"url":"https:\/\/canal7slp.tv\/2025\/wp-content\/uploads\/2025\/09\/Vazquez03FGENinia.jpg","type":"image\/jpeg"}],"author":"Edici\u00f3n Web","twitter_card":"summary_large_image","twitter_creator":"@NOTICIEROS7","twitter_site":"@NOTICIEROS7","twitter_misc":{"Escrito por":"Edici\u00f3n Web","Tiempo de lectura":"2 minutos"},"schema":{"@context":"https:\/\/schema.org","@graph":[{"@type":"Article","@id":"https:\/\/canal7slp.tv\/2025\/detienen-a-hombre-por-robo-de-menor-en-san-luis-potosi-decia-que-era-su-pareja\/#article","isPartOf":{"@id":"https:\/\/canal7slp.tv\/2025\/detienen-a-hombre-por-robo-de-menor-en-san-luis-potosi-decia-que-era-su-pareja\/"},"author":{"name":"Edici\u00f3n Web","@id":"https:\/\/canal7slp.tv\/2025\/#\/schema\/person\/271e2b60a96e7cc9d9ac296f4d7e414b"},"headline":"Detienen a hombre por robo de menor en San Luis Potos\u00ed, dec\u00eda que era su pareja","datePublished":"2025-09-02T22:44:16+00:00","mainEntityOfPage":{"@id":"https:\/\/canal7slp.tv\/2025\/detienen-a-hombre-por-robo-de-menor-en-san-luis-potosi-decia-que-era-su-pareja\/"},"wordCount":298,"publisher":{"@id":"https:\/\/canal7slp.tv\/2025\/#organization"},"image":{"@id":"https:\/\/canal7slp.tv\/2025\/detienen-a-hombre-por-robo-de-menor-en-san-luis-potosi-decia-que-era-su-pareja\/#primaryimage"},"thumbnailUrl":"https:\/\/canal7slp.tv\/2025\/wp-content\/uploads\/2025\/09\/Vazquez03FGENinia.jpg","articleSection":["DESTACADAS","GOBEDOSLP","LOCALES Y REGIONALES"],"inLanguage":"es"},{"@type":"WebPage","@id":"https:\/\/canal7slp.tv\/2025\/detienen-a-hombre-por-robo-de-menor-en-san-luis-potosi-decia-que-era-su-pareja\/","url":"https:\/\/canal7slp.tv\/2025\/detienen-a-hombre-por-robo-de-menor-en-san-luis-potosi-decia-que-era-su-pareja\/","name":"Detienen a hombre por robo de menor en San Luis Potos\u00ed, dec\u00eda que era su pareja - Canal 7 SLP - 2025","isPartOf":{"@id":"https:\/\/canal7slp.tv\/2025\/#website"},"primaryImageOfPage":{"@id":"https:\/\/canal7slp.tv\/2025\/detienen-a-hombre-por-robo-de-menor-en-san-luis-potosi-decia-que-era-su-pareja\/#primaryimage"},"image":{"@id":"https:\/\/canal7slp.tv\/2025\/detienen-a-hombre-por-robo-de-menor-en-san-luis-potosi-decia-que-era-su-pareja\/#primaryimage"},"thumbnailUrl":"https:\/\/canal7slp.tv\/2025\/wp-content\/uploads\/2025\/09\/Vazquez03FGENinia.jpg","datePublished":"2025-09-02T22:44:16+00:00","breadcrumb":{"@id":"https:\/\/canal7slp.tv\/2025\/detienen-a-hombre-por-robo-de-menor-en-san-luis-potosi-decia-que-era-su-pareja\/#breadcrumb"},"inLanguage":"es","potentialAction":[{"@type":"ReadAction","target":["https:\/\/canal7slp.tv\/2025\/detienen-a-hombre-por-robo-de-menor-en-san-luis-potosi-decia-que-era-su-pareja\/"]}]},{"@type":"ImageObject","inLanguage":"es","@id":"https:\/\/canal7slp.tv\/2025\/detienen-a-hombre-por-robo-de-menor-en-san-luis-potosi-decia-que-era-su-pareja\/#primaryimage","url":"https:\/\/canal7slp.tv\/2025\/wp-content\/uploads\/2025\/09\/Vazquez03FGENinia.jpg","contentUrl":"https:\/\/canal7slp.tv\/2025\/wp-content\/uploads\/2025\/09\/Vazquez03FGENinia.jpg","width":1280,"height":720},{"@type":"BreadcrumbList","@id":"https:\/\/canal7slp.tv\/2025\/detienen-a-hombre-por-robo-de-menor-en-san-luis-potosi-decia-que-era-su-pareja\/#breadcrumb","itemListElement":[{"@type":"ListItem","position":1,"name":"Portada","item":"https:\/\/canal7slp.tv\/2025\/"},{"@type":"ListItem","position":2,"name":"Detienen a hombre por robo de menor en San Luis Potos\u00ed, dec\u00eda que era su pareja"}]},{"@type":"WebSite","@id":"https:\/\/canal7slp.tv\/2025\/#website","url":"https:\/\/canal7slp.tv\/2025\/","name":"N7 - Noticieros Canal 7","description":"Somos el Medio","publisher":{"@id":"https:\/\/canal7slp.tv\/2025\/#organization"},"potentialAction":[{"@type":"SearchAction","target":{"@type":"EntryPoint","urlTemplate":"https:\/\/canal7slp.tv\/2025\/?s={search_term_string}"},"query-input":{"@type":"PropertyValueSpecification","valueRequired":true,"valueName":"search_term_string"}}],"inLanguage":"es"},{"@type":"Organization","@id":"https:\/\/canal7slp.tv\/2025\/#organization","name":"Noticieros Canal 7","url":"https:\/\/canal7slp.tv\/2025\/","logo":{"@type":"ImageObject","inLanguage":"es","@id":"https:\/\/canal7slp.tv\/2025\/#\/schema\/logo\/image\/","url":"https:\/\/canal7slp.tv\/2025\/wp-content\/uploads\/2021\/01\/logo-noticieros@2x.png","contentUrl":"https:\/\/canal7slp.tv\/2025\/wp-content\/uploads\/2021\/01\/logo-noticieros@2x.png","width":1017,"height":268,"caption":"Noticieros Canal 7"},"image":{"@id":"https:\/\/canal7slp.tv\/2025\/#\/schema\/logo\/image\/"},"sameAs":["https:\/\/www.facebook.com\/noticieroscanal7atencionciudadana\/","https:\/\/x.com\/NOTICIEROS7","https:\/\/www.instagram.com\/canal7_slp","https:\/\/www.youtube.com\/channel\/UCliiYs-gP3JfJeqdPrNdd5A"]},{"@type":"Person","@id":"https:\/\/canal7slp.tv\/2025\/#\/schema\/person\/271e2b60a96e7cc9d9ac296f4d7e414b","name":"Edici\u00f3n Web","image":{"@type":"ImageObject","inLanguage":"es","@id":"https:\/\/secure.gravatar.com\/avatar\/eee448fc3f7164808013b816ba91ac7e43bbe82a70bebac296f8bc6f0addaa1a?s=96&d=mm&r=g","url":"https:\/\/secure.gravatar.com\/avatar\/eee448fc3f7164808013b816ba91ac7e43bbe82a70bebac296f8bc6f0addaa1a?s=96&d=mm&r=g","contentUrl":"https:\/\/secure.gravatar.com\/avatar\/eee448fc3f7164808013b816ba91ac7e43bbe82a70bebac296f8bc6f0addaa1a?s=96&d=mm&r=g","caption":"Edici\u00f3n Web"},"url":"https:\/\/canal7slp.tv\/2025\/author\/edicionweb\/"}]}},"_links":{"self":[{"href":"https:\/\/canal7slp.tv\/2025\/wp-json\/wp\/v2\/posts\/178064","targetHints":{"allow":["GET"]}}],"collection":[{"href":"https:\/\/canal7slp.tv\/2025\/wp-json\/wp\/v2\/posts"}],"about":[{"href":"https:\/\/canal7slp.tv\/2025\/wp-json\/wp\/v2\/types\/post"}],"author":[{"embeddable":true,"href":"https:\/\/canal7slp.tv\/2025\/wp-json\/wp\/v2\/users\/2"}],"replies":[{"embeddable":true,"href":"https:\/\/canal7slp.tv\/2025\/wp-json\/wp\/v2\/comments?post=178064"}],"version-history":[{"count":1,"href":"https:\/\/canal7slp.tv\/2025\/wp-json\/wp\/v2\/posts\/178064\/revisions"}],"predecessor-version":[{"id":178067,"href":"https:\/\/canal7slp.tv\/2025\/wp-json\/wp\/v2\/posts\/178064\/revisions\/178067"}],"wp:featuredmedia":[{"embeddable":true,"href":"https:\/\/canal7slp.tv\/2025\/wp-json\/wp\/v2\/media\/178066"}],"wp:attachment":[{"href":"https:\/\/canal7slp.tv\/2025\/wp-json\/wp\/v2\/media?parent=178064"}],"wp:term":[{"taxonomy":"category","embeddable":true,"href":"https:\/\/canal7slp.tv\/2025\/wp-json\/wp\/v2\/categories?post=178064"},{"taxonomy":"post_tag","embeddable":true,"href":"https:\/\/canal7slp.tv\/2025\/wp-json\/wp\/v2\/tags?post=178064"}],"curies":[{"name":"wp","href":"https:\/\/api.w.org\/{rel}","templated":true}]}}