{"id":178015,"date":"2025-09-01T13:26:53","date_gmt":"2025-09-01T19:26:53","guid":{"rendered":"https:\/\/canal7slp.tv\/2025\/?p=178015"},"modified":"2025-09-01T13:26:53","modified_gmt":"2025-09-01T19:26:53","slug":"scjn-publico-la-foto-oficial-de-los-nuevos-ministros-horas-antes-de-que-rindan-protesta","status":"publish","type":"post","link":"https:\/\/canal7slp.tv\/2025\/scjn-publico-la-foto-oficial-de-los-nuevos-ministros-horas-antes-de-que-rindan-protesta\/","title":{"rendered":"SCJN public\u00f3 la foto oficial de los nuevos ministros&#8230; horas antes de que rindan protesta"},"content":{"rendered":"<p style=\"text-align: justify;\">CIUDAD DE M\u00c9XICO.- La Suprema Corte de Justicia de la Naci\u00f3n (SCJN) public\u00f3 la foto de los pr\u00f3ximos integrantes del Pleno, pese a que a\u00fan no rinden protesta ni se formalizan sus nombramientos.<\/p>\n<p style=\"text-align: justify;\">En la p\u00e1gina web de la Corte la foto oficial de los ministros salientes fue sustituida desde ayer por la de los nueve ministros electos.<\/p>\n<p style=\"text-align: justify;\">En la imagen todos utilizaron las tradicionales togas que simbolizan el desprendimiento de los intereses o prejuicios particulares de los juzgadores para mostrar, tangiblemente, la neutralidad que se espera de todo juzgador.<\/p>\n<p style=\"text-align: justify;\">Como lo acord\u00f3 previamente con sus compa\u00f1eros, la toga de Hugo Aguilar Ortiz incluy\u00f3 bordados artesanales en solapa y mangas.<\/p>\n<p style=\"text-align: justify;\">Ni la toga del futuro ministro presidente de la Corte ni la de sus compa\u00f1eros llevan las mangas tradicionales que representan la interpretaci\u00f3n m\u00e1s estricta de la ley (manga cerrada) y la interpretaci\u00f3n m\u00e1s amplia de la misma (manga ancha) y el equilibrio que ellos, como juzgadores, deben mantener entre una y otra.<\/p>\n<p style=\"text-align: justify;\">Los ministros electos rendir\u00e1n protesta a sus cargos a las 19:30 horas en el Senado de la Rep\u00fablica, posteriormente acudir\u00e1n a la SCJN a celebrar la sesi\u00f3n solemne de instalaci\u00f3n del nuevo M\u00e1ximo Tribunal, misma que est\u00e1 prevista para las 22:30 horas.<\/p>\n<p style=\"text-align: justify;\">En dicha sesi\u00f3n solemne estar\u00e1 presente la presidenta de la Rep\u00fablica, Claudia Sheinbaum.<\/p>\n<p style=\"text-align: justify;\">Ambas son las \u00fanicas dos ceremonias que, por ley, son oficiales para el inicio de labores de la nueva SCJN.<\/p>\n","protected":false},"excerpt":{"rendered":"<p>CIUDAD DE M\u00c9XICO.- La Suprema Corte de Justicia de la Naci\u00f3n (SCJN) public\u00f3 la foto de los pr\u00f3ximos integrantes del Pleno, pese a que a\u00fan no rinden protesta ni se formalizan sus nombramientos. En la p\u00e1gina web de la Corte la foto oficial de los ministros salientes fue sustituida desde ayer por la de los nueve ministros electos. En la imagen todos utilizaron las tradicionales togas que simbolizan el desprendimiento de los intereses o prejuicios particulares de los juzgadores para mostrar, tangiblemente, la neutralidad que se espera de todo juzgador. Como lo acord\u00f3 previamente con sus compa\u00f1eros, la toga de [&hellip;]<\/p>\n","protected":false},"author":1,"featured_media":178016,"comment_status":"closed","ping_status":"closed","sticky":false,"template":"","format":"standard","meta":{"_monsterinsights_skip_tracking":false,"_monsterinsights_sitenote_active":false,"_monsterinsights_sitenote_note":"","_monsterinsights_sitenote_category":0,"footnotes":""},"categories":[5,46],"tags":[],"class_list":["post-178015","post","type-post","status-publish","format-standard","has-post-thumbnail","hentry","category-destacadas","category-nacional","post--single"],"yoast_head":"<!-- This site is optimized with the Yoast SEO plugin v27.5 - https:\/\/yoast.com\/product\/yoast-seo-wordpress\/ -->\n<title>SCJN public\u00f3 la foto oficial de los nuevos ministros... horas antes de que rindan protesta - Canal 7 SLP - 2025<\/title>\n<meta name=\"robots\" content=\"index, follow, max-snippet:-1, max-image-preview:large, max-video-preview:-1\" \/>\n<link rel=\"canonical\" href=\"https:\/\/canal7slp.tv\/2025\/scjn-publico-la-foto-oficial-de-los-nuevos-ministros-horas-antes-de-que-rindan-protesta\/\" \/>\n<meta property=\"og:locale\" content=\"es_ES\" \/>\n<meta property=\"og:type\" content=\"article\" \/>\n<meta property=\"og:title\" content=\"SCJN public\u00f3 la foto oficial de los nuevos ministros... horas antes de que rindan protesta - Canal 7 SLP - 2025\" \/>\n<meta property=\"og:description\" content=\"CIUDAD DE M\u00c9XICO.- La Suprema Corte de Justicia de la Naci\u00f3n (SCJN) public\u00f3 la foto de los pr\u00f3ximos integrantes del Pleno, pese a que a\u00fan no rinden protesta ni se formalizan sus nombramientos. En la p\u00e1gina web de la Corte la foto oficial de los ministros salientes fue sustituida desde ayer por la de los nueve ministros electos. En la imagen todos utilizaron las tradicionales togas que simbolizan el desprendimiento de los intereses o prejuicios particulares de los juzgadores para mostrar, tangiblemente, la neutralidad que se espera de todo juzgador. Como lo acord\u00f3 previamente con sus compa\u00f1eros, la toga de [&hellip;]\" \/>\n<meta property=\"og:url\" content=\"https:\/\/canal7slp.tv\/2025\/scjn-publico-la-foto-oficial-de-los-nuevos-ministros-horas-antes-de-que-rindan-protesta\/\" \/>\n<meta property=\"og:site_name\" content=\"Canal 7 SLP - 2025\" \/>\n<meta property=\"article:publisher\" content=\"https:\/\/www.facebook.com\/noticieroscanal7atencionciudadana\/\" \/>\n<meta property=\"article:published_time\" content=\"2025-09-01T19:26:53+00:00\" \/>\n<meta property=\"og:image\" content=\"https:\/\/canal7slp.tv\/2025\/wp-content\/uploads\/2025\/09\/005fa116-fbcc-4528-9b4c-41ce9cc573c9.jpeg\" \/>\n\t<meta property=\"og:image:width\" content=\"1264\" \/>\n\t<meta property=\"og:image:height\" content=\"709\" \/>\n\t<meta property=\"og:image:type\" content=\"image\/jpeg\" \/>\n<meta name=\"author\" content=\"admin\" \/>\n<meta name=\"twitter:card\" content=\"summary_large_image\" \/>\n<meta name=\"twitter:creator\" content=\"@NOTICIEROS7\" \/>\n<meta name=\"twitter:site\" content=\"@NOTICIEROS7\" \/>\n<meta name=\"twitter:label1\" content=\"Escrito por\" \/>\n\t<meta name=\"twitter:data1\" content=\"admin\" \/>\n\t<meta name=\"twitter:label2\" content=\"Tiempo de lectura\" \/>\n\t<meta name=\"twitter:data2\" content=\"2 minutos\" \/>\n<script type=\"application\/ld+json\" class=\"yoast-schema-graph\">{\"@context\":\"https:\\\/\\\/schema.org\",\"@graph\":[{\"@type\":\"Article\",\"@id\":\"https:\\\/\\\/canal7slp.tv\\\/2025\\\/scjn-publico-la-foto-oficial-de-los-nuevos-ministros-horas-antes-de-que-rindan-protesta\\\/#article\",\"isPartOf\":{\"@id\":\"https:\\\/\\\/canal7slp.tv\\\/2025\\\/scjn-publico-la-foto-oficial-de-los-nuevos-ministros-horas-antes-de-que-rindan-protesta\\\/\"},\"author\":{\"name\":\"admin\",\"@id\":\"https:\\\/\\\/canal7slp.tv\\\/2025\\\/#\\\/schema\\\/person\\\/1257e7e4a3d5ac29c4732733a887970d\"},\"headline\":\"SCJN public\u00f3 la foto oficial de los nuevos ministros&#8230; horas antes de que rindan protesta\",\"datePublished\":\"2025-09-01T19:26:53+00:00\",\"mainEntityOfPage\":{\"@id\":\"https:\\\/\\\/canal7slp.tv\\\/2025\\\/scjn-publico-la-foto-oficial-de-los-nuevos-ministros-horas-antes-de-que-rindan-protesta\\\/\"},\"wordCount\":271,\"publisher\":{\"@id\":\"https:\\\/\\\/canal7slp.tv\\\/2025\\\/#organization\"},\"image\":{\"@id\":\"https:\\\/\\\/canal7slp.tv\\\/2025\\\/scjn-publico-la-foto-oficial-de-los-nuevos-ministros-horas-antes-de-que-rindan-protesta\\\/#primaryimage\"},\"thumbnailUrl\":\"https:\\\/\\\/canal7slp.tv\\\/2025\\\/wp-content\\\/uploads\\\/2025\\\/09\\\/005fa116-fbcc-4528-9b4c-41ce9cc573c9.jpeg\",\"articleSection\":[\"DESTACADAS\",\"NACIONALES\"],\"inLanguage\":\"es\"},{\"@type\":\"WebPage\",\"@id\":\"https:\\\/\\\/canal7slp.tv\\\/2025\\\/scjn-publico-la-foto-oficial-de-los-nuevos-ministros-horas-antes-de-que-rindan-protesta\\\/\",\"url\":\"https:\\\/\\\/canal7slp.tv\\\/2025\\\/scjn-publico-la-foto-oficial-de-los-nuevos-ministros-horas-antes-de-que-rindan-protesta\\\/\",\"name\":\"SCJN public\u00f3 la foto oficial de los nuevos ministros... horas antes de que rindan protesta - Canal 7 SLP - 2025\",\"isPartOf\":{\"@id\":\"https:\\\/\\\/canal7slp.tv\\\/2025\\\/#website\"},\"primaryImageOfPage\":{\"@id\":\"https:\\\/\\\/canal7slp.tv\\\/2025\\\/scjn-publico-la-foto-oficial-de-los-nuevos-ministros-horas-antes-de-que-rindan-protesta\\\/#primaryimage\"},\"image\":{\"@id\":\"https:\\\/\\\/canal7slp.tv\\\/2025\\\/scjn-publico-la-foto-oficial-de-los-nuevos-ministros-horas-antes-de-que-rindan-protesta\\\/#primaryimage\"},\"thumbnailUrl\":\"https:\\\/\\\/canal7slp.tv\\\/2025\\\/wp-content\\\/uploads\\\/2025\\\/09\\\/005fa116-fbcc-4528-9b4c-41ce9cc573c9.jpeg\",\"datePublished\":\"2025-09-01T19:26:53+00:00\",\"breadcrumb\":{\"@id\":\"https:\\\/\\\/canal7slp.tv\\\/2025\\\/scjn-publico-la-foto-oficial-de-los-nuevos-ministros-horas-antes-de-que-rindan-protesta\\\/#breadcrumb\"},\"inLanguage\":\"es\",\"potentialAction\":[{\"@type\":\"ReadAction\",\"target\":[\"https:\\\/\\\/canal7slp.tv\\\/2025\\\/scjn-publico-la-foto-oficial-de-los-nuevos-ministros-horas-antes-de-que-rindan-protesta\\\/\"]}]},{\"@type\":\"ImageObject\",\"inLanguage\":\"es\",\"@id\":\"https:\\\/\\\/canal7slp.tv\\\/2025\\\/scjn-publico-la-foto-oficial-de-los-nuevos-ministros-horas-antes-de-que-rindan-protesta\\\/#primaryimage\",\"url\":\"https:\\\/\\\/canal7slp.tv\\\/2025\\\/wp-content\\\/uploads\\\/2025\\\/09\\\/005fa116-fbcc-4528-9b4c-41ce9cc573c9.jpeg\",\"contentUrl\":\"https:\\\/\\\/canal7slp.tv\\\/2025\\\/wp-content\\\/uploads\\\/2025\\\/09\\\/005fa116-fbcc-4528-9b4c-41ce9cc573c9.jpeg\",\"width\":1264,\"height\":709},{\"@type\":\"BreadcrumbList\",\"@id\":\"https:\\\/\\\/canal7slp.tv\\\/2025\\\/scjn-publico-la-foto-oficial-de-los-nuevos-ministros-horas-antes-de-que-rindan-protesta\\\/#breadcrumb\",\"itemListElement\":[{\"@type\":\"ListItem\",\"position\":1,\"name\":\"Portada\",\"item\":\"https:\\\/\\\/canal7slp.tv\\\/2025\\\/\"},{\"@type\":\"ListItem\",\"position\":2,\"name\":\"SCJN public\u00f3 la foto oficial de los nuevos ministros&#8230; horas antes de que rindan protesta\"}]},{\"@type\":\"WebSite\",\"@id\":\"https:\\\/\\\/canal7slp.tv\\\/2025\\\/#website\",\"url\":\"https:\\\/\\\/canal7slp.tv\\\/2025\\\/\",\"name\":\"N7 - Noticieros Canal 7\",\"description\":\"Somos el Medio\",\"publisher\":{\"@id\":\"https:\\\/\\\/canal7slp.tv\\\/2025\\\/#organization\"},\"potentialAction\":[{\"@type\":\"SearchAction\",\"target\":{\"@type\":\"EntryPoint\",\"urlTemplate\":\"https:\\\/\\\/canal7slp.tv\\\/2025\\\/?s={search_term_string}\"},\"query-input\":{\"@type\":\"PropertyValueSpecification\",\"valueRequired\":true,\"valueName\":\"search_term_string\"}}],\"inLanguage\":\"es\"},{\"@type\":\"Organization\",\"@id\":\"https:\\\/\\\/canal7slp.tv\\\/2025\\\/#organization\",\"name\":\"Noticieros Canal 7\",\"url\":\"https:\\\/\\\/canal7slp.tv\\\/2025\\\/\",\"logo\":{\"@type\":\"ImageObject\",\"inLanguage\":\"es\",\"@id\":\"https:\\\/\\\/canal7slp.tv\\\/2025\\\/#\\\/schema\\\/logo\\\/image\\\/\",\"url\":\"https:\\\/\\\/canal7slp.tv\\\/2025\\\/wp-content\\\/uploads\\\/2021\\\/01\\\/logo-noticieros@2x.png\",\"contentUrl\":\"https:\\\/\\\/canal7slp.tv\\\/2025\\\/wp-content\\\/uploads\\\/2021\\\/01\\\/logo-noticieros@2x.png\",\"width\":1017,\"height\":268,\"caption\":\"Noticieros Canal 7\"},\"image\":{\"@id\":\"https:\\\/\\\/canal7slp.tv\\\/2025\\\/#\\\/schema\\\/logo\\\/image\\\/\"},\"sameAs\":[\"https:\\\/\\\/www.facebook.com\\\/noticieroscanal7atencionciudadana\\\/\",\"https:\\\/\\\/x.com\\\/NOTICIEROS7\",\"https:\\\/\\\/www.instagram.com\\\/canal7_slp\",\"https:\\\/\\\/www.youtube.com\\\/channel\\\/UCliiYs-gP3JfJeqdPrNdd5A\"]},{\"@type\":\"Person\",\"@id\":\"https:\\\/\\\/canal7slp.tv\\\/2025\\\/#\\\/schema\\\/person\\\/1257e7e4a3d5ac29c4732733a887970d\",\"name\":\"admin\",\"image\":{\"@type\":\"ImageObject\",\"inLanguage\":\"es\",\"@id\":\"https:\\\/\\\/secure.gravatar.com\\\/avatar\\\/d1da498ea933582ecc2b5d72a4eac16ec41c3ec04cf2dc9d46e0b557dedfd5ff?s=96&d=mm&r=g\",\"url\":\"https:\\\/\\\/secure.gravatar.com\\\/avatar\\\/d1da498ea933582ecc2b5d72a4eac16ec41c3ec04cf2dc9d46e0b557dedfd5ff?s=96&d=mm&r=g\",\"contentUrl\":\"https:\\\/\\\/secure.gravatar.com\\\/avatar\\\/d1da498ea933582ecc2b5d72a4eac16ec41c3ec04cf2dc9d46e0b557dedfd5ff?s=96&d=mm&r=g\",\"caption\":\"admin\"},\"sameAs\":[\"https:\\\/\\\/canal7slp.tv\\\/2025\"],\"url\":\"https:\\\/\\\/canal7slp.tv\\\/2025\\\/author\\\/bicefalo\\\/\"}]}<\/script>\n<!-- \/ Yoast SEO plugin. -->","yoast_head_json":{"title":"SCJN public\u00f3 la foto oficial de los nuevos ministros... horas antes de que rindan protesta - Canal 7 SLP - 2025","robots":{"index":"index","follow":"follow","max-snippet":"max-snippet:-1","max-image-preview":"max-image-preview:large","max-video-preview":"max-video-preview:-1"},"canonical":"https:\/\/canal7slp.tv\/2025\/scjn-publico-la-foto-oficial-de-los-nuevos-ministros-horas-antes-de-que-rindan-protesta\/","og_locale":"es_ES","og_type":"article","og_title":"SCJN public\u00f3 la foto oficial de los nuevos ministros... horas antes de que rindan protesta - Canal 7 SLP - 2025","og_description":"CIUDAD DE M\u00c9XICO.- La Suprema Corte de Justicia de la Naci\u00f3n (SCJN) public\u00f3 la foto de los pr\u00f3ximos integrantes del Pleno, pese a que a\u00fan no rinden protesta ni se formalizan sus nombramientos. En la p\u00e1gina web de la Corte la foto oficial de los ministros salientes fue sustituida desde ayer por la de los nueve ministros electos. En la imagen todos utilizaron las tradicionales togas que simbolizan el desprendimiento de los intereses o prejuicios particulares de los juzgadores para mostrar, tangiblemente, la neutralidad que se espera de todo juzgador. Como lo acord\u00f3 previamente con sus compa\u00f1eros, la toga de [&hellip;]","og_url":"https:\/\/canal7slp.tv\/2025\/scjn-publico-la-foto-oficial-de-los-nuevos-ministros-horas-antes-de-que-rindan-protesta\/","og_site_name":"Canal 7 SLP - 2025","article_publisher":"https:\/\/www.facebook.com\/noticieroscanal7atencionciudadana\/","article_published_time":"2025-09-01T19:26:53+00:00","og_image":[{"width":1264,"height":709,"url":"https:\/\/canal7slp.tv\/2025\/wp-content\/uploads\/2025\/09\/005fa116-fbcc-4528-9b4c-41ce9cc573c9.jpeg","type":"image\/jpeg"}],"author":"admin","twitter_card":"summary_large_image","twitter_creator":"@NOTICIEROS7","twitter_site":"@NOTICIEROS7","twitter_misc":{"Escrito por":"admin","Tiempo de lectura":"2 minutos"},"schema":{"@context":"https:\/\/schema.org","@graph":[{"@type":"Article","@id":"https:\/\/canal7slp.tv\/2025\/scjn-publico-la-foto-oficial-de-los-nuevos-ministros-horas-antes-de-que-rindan-protesta\/#article","isPartOf":{"@id":"https:\/\/canal7slp.tv\/2025\/scjn-publico-la-foto-oficial-de-los-nuevos-ministros-horas-antes-de-que-rindan-protesta\/"},"author":{"name":"admin","@id":"https:\/\/canal7slp.tv\/2025\/#\/schema\/person\/1257e7e4a3d5ac29c4732733a887970d"},"headline":"SCJN public\u00f3 la foto oficial de los nuevos ministros&#8230; horas antes de que rindan protesta","datePublished":"2025-09-01T19:26:53+00:00","mainEntityOfPage":{"@id":"https:\/\/canal7slp.tv\/2025\/scjn-publico-la-foto-oficial-de-los-nuevos-ministros-horas-antes-de-que-rindan-protesta\/"},"wordCount":271,"publisher":{"@id":"https:\/\/canal7slp.tv\/2025\/#organization"},"image":{"@id":"https:\/\/canal7slp.tv\/2025\/scjn-publico-la-foto-oficial-de-los-nuevos-ministros-horas-antes-de-que-rindan-protesta\/#primaryimage"},"thumbnailUrl":"https:\/\/canal7slp.tv\/2025\/wp-content\/uploads\/2025\/09\/005fa116-fbcc-4528-9b4c-41ce9cc573c9.jpeg","articleSection":["DESTACADAS","NACIONALES"],"inLanguage":"es"},{"@type":"WebPage","@id":"https:\/\/canal7slp.tv\/2025\/scjn-publico-la-foto-oficial-de-los-nuevos-ministros-horas-antes-de-que-rindan-protesta\/","url":"https:\/\/canal7slp.tv\/2025\/scjn-publico-la-foto-oficial-de-los-nuevos-ministros-horas-antes-de-que-rindan-protesta\/","name":"SCJN public\u00f3 la foto oficial de los nuevos ministros... horas antes de que rindan protesta - Canal 7 SLP - 2025","isPartOf":{"@id":"https:\/\/canal7slp.tv\/2025\/#website"},"primaryImageOfPage":{"@id":"https:\/\/canal7slp.tv\/2025\/scjn-publico-la-foto-oficial-de-los-nuevos-ministros-horas-antes-de-que-rindan-protesta\/#primaryimage"},"image":{"@id":"https:\/\/canal7slp.tv\/2025\/scjn-publico-la-foto-oficial-de-los-nuevos-ministros-horas-antes-de-que-rindan-protesta\/#primaryimage"},"thumbnailUrl":"https:\/\/canal7slp.tv\/2025\/wp-content\/uploads\/2025\/09\/005fa116-fbcc-4528-9b4c-41ce9cc573c9.jpeg","datePublished":"2025-09-01T19:26:53+00:00","breadcrumb":{"@id":"https:\/\/canal7slp.tv\/2025\/scjn-publico-la-foto-oficial-de-los-nuevos-ministros-horas-antes-de-que-rindan-protesta\/#breadcrumb"},"inLanguage":"es","potentialAction":[{"@type":"ReadAction","target":["https:\/\/canal7slp.tv\/2025\/scjn-publico-la-foto-oficial-de-los-nuevos-ministros-horas-antes-de-que-rindan-protesta\/"]}]},{"@type":"ImageObject","inLanguage":"es","@id":"https:\/\/canal7slp.tv\/2025\/scjn-publico-la-foto-oficial-de-los-nuevos-ministros-horas-antes-de-que-rindan-protesta\/#primaryimage","url":"https:\/\/canal7slp.tv\/2025\/wp-content\/uploads\/2025\/09\/005fa116-fbcc-4528-9b4c-41ce9cc573c9.jpeg","contentUrl":"https:\/\/canal7slp.tv\/2025\/wp-content\/uploads\/2025\/09\/005fa116-fbcc-4528-9b4c-41ce9cc573c9.jpeg","width":1264,"height":709},{"@type":"BreadcrumbList","@id":"https:\/\/canal7slp.tv\/2025\/scjn-publico-la-foto-oficial-de-los-nuevos-ministros-horas-antes-de-que-rindan-protesta\/#breadcrumb","itemListElement":[{"@type":"ListItem","position":1,"name":"Portada","item":"https:\/\/canal7slp.tv\/2025\/"},{"@type":"ListItem","position":2,"name":"SCJN public\u00f3 la foto oficial de los nuevos ministros&#8230; horas antes de que rindan protesta"}]},{"@type":"WebSite","@id":"https:\/\/canal7slp.tv\/2025\/#website","url":"https:\/\/canal7slp.tv\/2025\/","name":"N7 - Noticieros Canal 7","description":"Somos el Medio","publisher":{"@id":"https:\/\/canal7slp.tv\/2025\/#organization"},"potentialAction":[{"@type":"SearchAction","target":{"@type":"EntryPoint","urlTemplate":"https:\/\/canal7slp.tv\/2025\/?s={search_term_string}"},"query-input":{"@type":"PropertyValueSpecification","valueRequired":true,"valueName":"search_term_string"}}],"inLanguage":"es"},{"@type":"Organization","@id":"https:\/\/canal7slp.tv\/2025\/#organization","name":"Noticieros Canal 7","url":"https:\/\/canal7slp.tv\/2025\/","logo":{"@type":"ImageObject","inLanguage":"es","@id":"https:\/\/canal7slp.tv\/2025\/#\/schema\/logo\/image\/","url":"https:\/\/canal7slp.tv\/2025\/wp-content\/uploads\/2021\/01\/logo-noticieros@2x.png","contentUrl":"https:\/\/canal7slp.tv\/2025\/wp-content\/uploads\/2021\/01\/logo-noticieros@2x.png","width":1017,"height":268,"caption":"Noticieros Canal 7"},"image":{"@id":"https:\/\/canal7slp.tv\/2025\/#\/schema\/logo\/image\/"},"sameAs":["https:\/\/www.facebook.com\/noticieroscanal7atencionciudadana\/","https:\/\/x.com\/NOTICIEROS7","https:\/\/www.instagram.com\/canal7_slp","https:\/\/www.youtube.com\/channel\/UCliiYs-gP3JfJeqdPrNdd5A"]},{"@type":"Person","@id":"https:\/\/canal7slp.tv\/2025\/#\/schema\/person\/1257e7e4a3d5ac29c4732733a887970d","name":"admin","image":{"@type":"ImageObject","inLanguage":"es","@id":"https:\/\/secure.gravatar.com\/avatar\/d1da498ea933582ecc2b5d72a4eac16ec41c3ec04cf2dc9d46e0b557dedfd5ff?s=96&d=mm&r=g","url":"https:\/\/secure.gravatar.com\/avatar\/d1da498ea933582ecc2b5d72a4eac16ec41c3ec04cf2dc9d46e0b557dedfd5ff?s=96&d=mm&r=g","contentUrl":"https:\/\/secure.gravatar.com\/avatar\/d1da498ea933582ecc2b5d72a4eac16ec41c3ec04cf2dc9d46e0b557dedfd5ff?s=96&d=mm&r=g","caption":"admin"},"sameAs":["https:\/\/canal7slp.tv\/2025"],"url":"https:\/\/canal7slp.tv\/2025\/author\/bicefalo\/"}]}},"_links":{"self":[{"href":"https:\/\/canal7slp.tv\/2025\/wp-json\/wp\/v2\/posts\/178015","targetHints":{"allow":["GET"]}}],"collection":[{"href":"https:\/\/canal7slp.tv\/2025\/wp-json\/wp\/v2\/posts"}],"about":[{"href":"https:\/\/canal7slp.tv\/2025\/wp-json\/wp\/v2\/types\/post"}],"author":[{"embeddable":true,"href":"https:\/\/canal7slp.tv\/2025\/wp-json\/wp\/v2\/users\/1"}],"replies":[{"embeddable":true,"href":"https:\/\/canal7slp.tv\/2025\/wp-json\/wp\/v2\/comments?post=178015"}],"version-history":[{"count":1,"href":"https:\/\/canal7slp.tv\/2025\/wp-json\/wp\/v2\/posts\/178015\/revisions"}],"predecessor-version":[{"id":178017,"href":"https:\/\/canal7slp.tv\/2025\/wp-json\/wp\/v2\/posts\/178015\/revisions\/178017"}],"wp:featuredmedia":[{"embeddable":true,"href":"https:\/\/canal7slp.tv\/2025\/wp-json\/wp\/v2\/media\/178016"}],"wp:attachment":[{"href":"https:\/\/canal7slp.tv\/2025\/wp-json\/wp\/v2\/media?parent=178015"}],"wp:term":[{"taxonomy":"category","embeddable":true,"href":"https:\/\/canal7slp.tv\/2025\/wp-json\/wp\/v2\/categories?post=178015"},{"taxonomy":"post_tag","embeddable":true,"href":"https:\/\/canal7slp.tv\/2025\/wp-json\/wp\/v2\/tags?post=178015"}],"curies":[{"name":"wp","href":"https:\/\/api.w.org\/{rel}","templated":true}]}}