{"id":178010,"date":"2025-09-01T13:22:29","date_gmt":"2025-09-01T19:22:29","guid":{"rendered":"https:\/\/canal7slp.tv\/2025\/?p=178010"},"modified":"2025-09-01T13:22:29","modified_gmt":"2025-09-01T19:22:29","slug":"sheinbaum-presume-de-logros-en-su-primer-informe-de-gobierno-estamos-viviendo-un-momento-estelar-de-nuestra-historia","status":"publish","type":"post","link":"https:\/\/canal7slp.tv\/2025\/sheinbaum-presume-de-logros-en-su-primer-informe-de-gobierno-estamos-viviendo-un-momento-estelar-de-nuestra-historia\/","title":{"rendered":"Sheinbaum presume de logros en su primer informe de Gobierno: \u201cEstamos viviendo un momento estelar de nuestra historia\u201d"},"content":{"rendered":"<p style=\"text-align: justify;\">La presidenta de M\u00e9xico, Claudia Sheinbaum, ha presentado este lunes el balance de su primer a\u00f1o y ha proclamado delante de toda la plana mayor del Gobierno, el Congreso y el Poder Judicial: \u201cEstamos viviendo un momento estelar de nuestra historia\u201d. Despu\u00e9s ha hablado del crecimiento del PIB, de un desempleo m\u00ednimo, una inflaci\u00f3n en ca\u00edda, de un presupuesto \u201chist\u00f3rico\u201d para programas sociales, de trenes e investigaciones cient\u00edficas, de la ca\u00edda de los homicidios, de su relaci\u00f3n de cooperaci\u00f3n con Donald Trump. Ni rastro de los 133.000 desaparecidos en el pa\u00eds, de la guerra desatada en Sinaloa o de las 10 mujeres asesinadas cada d\u00eda. Pero la mandataria llega a su primer informe de Gobierno parapetada en una aprobaci\u00f3n alt\u00edsima, de casi el 80%, y lo sabe. \u201cTengan la certeza de que no voy a traicionar\u201d, ha afirmado, \u201ccaminar\u00e9 sin descanso, con rectitud y valent\u00eda, y honrar\u00e9 siempre la confianza depositada en m\u00ed\u201d.<\/p>\n<p style=\"text-align: justify;\">Presidenta, comandanta y doctora. As\u00ed han presentado a Sheinbaum este lunes a su llegada al patio de Palacio Nacional, donde durante m\u00e1s de una hora ha hecho balance de sus primeros 11 meses en el cargo. \u201cComo primera mujer presidenta en rendir cuentas a la naci\u00f3n, sostengo como el primer d\u00eda que no llegu\u00e9 sola, llegu\u00e9 con todas las mujeres mexicanas\u201d, ha dicho la mandataria, que fue la m\u00e1s votada en la historia reciente del pa\u00eds. Todav\u00eda mantiene ahora una de las popularidades m\u00e1s altas del mundo, del 79%, seg\u00fan la \u00faltima encuesta de Enkoll para EL PA\u00cdS y W Radio. A la entrada, Sheinbaum ha hecho el saludo a la bandera \u2014con una escolta solo formada por mujeres\u2014 y ha afirmado: \u201cHoy vengo a rendir cuentas, no con palabras vac\u00edas, sino con resultados\u201d.<\/p>\n<p style=\"text-align: justify;\">\nLa presidenta ha rescatado la posici\u00f3n de M\u00e9xico en el nuevo tablero comercial impuesto por Donald Trump. \u201cEn estos meses el mundo entero ha enfrentado situaciones complejas, frente a la nueva realidad arancelaria. En este marco, M\u00e9xico es el pa\u00eds con el menor porcentaje de tarifas arancelarias en promedio en todo el mundo\u201d, ha presumido. Sheinbaum ha mencionado que \u201caun en medio de las circunstancias dif\u00edciles\u201d y \u201cfrente a las expectativas catastr\u00f3ficas de organismos financieros internacionales\u201d, se prev\u00e9 un crecimiento anual del 1,2% de la econom\u00eda mexicana. \u201cLa inversi\u00f3n extranjera es r\u00e9cord en el primer semestre del a\u00f1o, el n\u00famero de visitantes a M\u00e9xico creci\u00f3 13,8%, nuestra moneda se mantiene por debajo de los 19 pesos por d\u00f3lar, el desempleo se ubica en el 2,7%, uno de los niveles m\u00e1s bajos del mundo, y la inflaci\u00f3n anual en julio fue del 3,5%, la menor desde enero de 2021\u2033, ha recopilado.<\/p>\n<p style=\"text-align: justify;\">Sheinbaum ha dedicado gran parte de su informe a desglosar el n\u00famero de estudiantes, mujeres, campesinos, productores y pensionados que se benefician del presupuesto \u201chist\u00f3rico\u201d que su Administraci\u00f3n est\u00e1 destinando a los programas sociales: 836.000 millones de pesos (unos 3.830 millones de euros). Esto supone un avance del 638% desde el 2018, cuando esa partida apenas superaba los 100.000 millones de pesos. \u201cEste es el plan social m\u00e1s ambicioso de la historia de M\u00e9xico, fundado bajo la m\u00e1xima de nuestro movimiento: por el bien de todas y todos, primero los pobres\u201d, ha remarcado la mandataria.<\/p>\n<p style=\"text-align: justify;\">Son justo estos programas los que m\u00e1s respaldan al Gobierno morenista. La \u00faltima encuesta refleja que el 40% lo considera el principal logro del trabajo de la presidenta y casi el 80% apunta que eso es en lo que m\u00e1s est\u00e1 mejorando el pa\u00eds. \u201cVamos bien y vamos a ir mejor\u201d, ha terminado la mandataria. Y despu\u00e9s de que ella gritara \u201c\u00a1qu\u00e9 viva M\u00e9xico!\u201c, entre el p\u00fablico se escuchaba: \u201d\u00a1Qu\u00e9 viva Claudia!\u201c.<\/p>\n","protected":false},"excerpt":{"rendered":"<p>La presidenta de M\u00e9xico, Claudia Sheinbaum, ha presentado este lunes el balance de su primer a\u00f1o y ha proclamado delante de toda la plana mayor del Gobierno, el Congreso y el Poder Judicial: \u201cEstamos viviendo un momento estelar de nuestra historia\u201d. Despu\u00e9s ha hablado del crecimiento del PIB, de un desempleo m\u00ednimo, una inflaci\u00f3n en ca\u00edda, de un presupuesto \u201chist\u00f3rico\u201d para programas sociales, de trenes e investigaciones cient\u00edficas, de la ca\u00edda de los homicidios, de su relaci\u00f3n de cooperaci\u00f3n con Donald Trump. Ni rastro de los 133.000 desaparecidos en el pa\u00eds, de la guerra desatada en Sinaloa o de las [&hellip;]<\/p>\n","protected":false},"author":1,"featured_media":178012,"comment_status":"closed","ping_status":"closed","sticky":false,"template":"","format":"standard","meta":{"_monsterinsights_skip_tracking":false,"_monsterinsights_sitenote_active":false,"_monsterinsights_sitenote_note":"","_monsterinsights_sitenote_category":0,"footnotes":""},"categories":[5,46],"tags":[],"class_list":["post-178010","post","type-post","status-publish","format-standard","has-post-thumbnail","hentry","category-destacadas","category-nacional","post--single"],"yoast_head":"<!-- This site is optimized with the Yoast SEO plugin v27.5 - https:\/\/yoast.com\/product\/yoast-seo-wordpress\/ -->\n<title>Sheinbaum presume de logros en su primer informe de Gobierno: \u201cEstamos viviendo un momento estelar de nuestra historia\u201d - Canal 7 SLP - 2025<\/title>\n<meta name=\"robots\" content=\"index, follow, max-snippet:-1, max-image-preview:large, max-video-preview:-1\" \/>\n<link rel=\"canonical\" href=\"https:\/\/canal7slp.tv\/2025\/sheinbaum-presume-de-logros-en-su-primer-informe-de-gobierno-estamos-viviendo-un-momento-estelar-de-nuestra-historia\/\" \/>\n<meta property=\"og:locale\" content=\"es_ES\" \/>\n<meta property=\"og:type\" content=\"article\" \/>\n<meta property=\"og:title\" content=\"Sheinbaum presume de logros en su primer informe de Gobierno: \u201cEstamos viviendo un momento estelar de nuestra historia\u201d - Canal 7 SLP - 2025\" \/>\n<meta property=\"og:description\" content=\"La presidenta de M\u00e9xico, Claudia Sheinbaum, ha presentado este lunes el balance de su primer a\u00f1o y ha proclamado delante de toda la plana mayor del Gobierno, el Congreso y el Poder Judicial: \u201cEstamos viviendo un momento estelar de nuestra historia\u201d. Despu\u00e9s ha hablado del crecimiento del PIB, de un desempleo m\u00ednimo, una inflaci\u00f3n en ca\u00edda, de un presupuesto \u201chist\u00f3rico\u201d para programas sociales, de trenes e investigaciones cient\u00edficas, de la ca\u00edda de los homicidios, de su relaci\u00f3n de cooperaci\u00f3n con Donald Trump. Ni rastro de los 133.000 desaparecidos en el pa\u00eds, de la guerra desatada en Sinaloa o de las [&hellip;]\" \/>\n<meta property=\"og:url\" content=\"https:\/\/canal7slp.tv\/2025\/sheinbaum-presume-de-logros-en-su-primer-informe-de-gobierno-estamos-viviendo-un-momento-estelar-de-nuestra-historia\/\" \/>\n<meta property=\"og:site_name\" content=\"Canal 7 SLP - 2025\" \/>\n<meta property=\"article:publisher\" content=\"https:\/\/www.facebook.com\/noticieroscanal7atencionciudadana\/\" \/>\n<meta property=\"article:published_time\" content=\"2025-09-01T19:22:29+00:00\" \/>\n<meta property=\"og:image\" content=\"https:\/\/canal7slp.tv\/2025\/wp-content\/uploads\/2025\/09\/5e9c44f5-9042-48fb-8ed3-44fdb1a351b8.jpeg\" \/>\n\t<meta property=\"og:image:width\" content=\"1141\" \/>\n\t<meta property=\"og:image:height\" content=\"751\" \/>\n\t<meta property=\"og:image:type\" content=\"image\/jpeg\" \/>\n<meta name=\"author\" content=\"admin\" \/>\n<meta name=\"twitter:card\" content=\"summary_large_image\" \/>\n<meta name=\"twitter:creator\" content=\"@NOTICIEROS7\" \/>\n<meta name=\"twitter:site\" content=\"@NOTICIEROS7\" \/>\n<meta name=\"twitter:label1\" content=\"Escrito por\" \/>\n\t<meta name=\"twitter:data1\" content=\"admin\" \/>\n\t<meta name=\"twitter:label2\" content=\"Tiempo de lectura\" \/>\n\t<meta name=\"twitter:data2\" content=\"3 minutos\" \/>\n<script type=\"application\/ld+json\" class=\"yoast-schema-graph\">{\"@context\":\"https:\\\/\\\/schema.org\",\"@graph\":[{\"@type\":\"Article\",\"@id\":\"https:\\\/\\\/canal7slp.tv\\\/2025\\\/sheinbaum-presume-de-logros-en-su-primer-informe-de-gobierno-estamos-viviendo-un-momento-estelar-de-nuestra-historia\\\/#article\",\"isPartOf\":{\"@id\":\"https:\\\/\\\/canal7slp.tv\\\/2025\\\/sheinbaum-presume-de-logros-en-su-primer-informe-de-gobierno-estamos-viviendo-un-momento-estelar-de-nuestra-historia\\\/\"},\"author\":{\"name\":\"admin\",\"@id\":\"https:\\\/\\\/canal7slp.tv\\\/2025\\\/#\\\/schema\\\/person\\\/1257e7e4a3d5ac29c4732733a887970d\"},\"headline\":\"Sheinbaum presume de logros en su primer informe de Gobierno: \u201cEstamos viviendo un momento estelar de nuestra historia\u201d\",\"datePublished\":\"2025-09-01T19:22:29+00:00\",\"mainEntityOfPage\":{\"@id\":\"https:\\\/\\\/canal7slp.tv\\\/2025\\\/sheinbaum-presume-de-logros-en-su-primer-informe-de-gobierno-estamos-viviendo-un-momento-estelar-de-nuestra-historia\\\/\"},\"wordCount\":657,\"publisher\":{\"@id\":\"https:\\\/\\\/canal7slp.tv\\\/2025\\\/#organization\"},\"image\":{\"@id\":\"https:\\\/\\\/canal7slp.tv\\\/2025\\\/sheinbaum-presume-de-logros-en-su-primer-informe-de-gobierno-estamos-viviendo-un-momento-estelar-de-nuestra-historia\\\/#primaryimage\"},\"thumbnailUrl\":\"https:\\\/\\\/canal7slp.tv\\\/2025\\\/wp-content\\\/uploads\\\/2025\\\/09\\\/5e9c44f5-9042-48fb-8ed3-44fdb1a351b8.jpeg\",\"articleSection\":[\"DESTACADAS\",\"NACIONALES\"],\"inLanguage\":\"es\"},{\"@type\":\"WebPage\",\"@id\":\"https:\\\/\\\/canal7slp.tv\\\/2025\\\/sheinbaum-presume-de-logros-en-su-primer-informe-de-gobierno-estamos-viviendo-un-momento-estelar-de-nuestra-historia\\\/\",\"url\":\"https:\\\/\\\/canal7slp.tv\\\/2025\\\/sheinbaum-presume-de-logros-en-su-primer-informe-de-gobierno-estamos-viviendo-un-momento-estelar-de-nuestra-historia\\\/\",\"name\":\"Sheinbaum presume de logros en su primer informe de Gobierno: \u201cEstamos viviendo un momento estelar de nuestra historia\u201d - Canal 7 SLP - 2025\",\"isPartOf\":{\"@id\":\"https:\\\/\\\/canal7slp.tv\\\/2025\\\/#website\"},\"primaryImageOfPage\":{\"@id\":\"https:\\\/\\\/canal7slp.tv\\\/2025\\\/sheinbaum-presume-de-logros-en-su-primer-informe-de-gobierno-estamos-viviendo-un-momento-estelar-de-nuestra-historia\\\/#primaryimage\"},\"image\":{\"@id\":\"https:\\\/\\\/canal7slp.tv\\\/2025\\\/sheinbaum-presume-de-logros-en-su-primer-informe-de-gobierno-estamos-viviendo-un-momento-estelar-de-nuestra-historia\\\/#primaryimage\"},\"thumbnailUrl\":\"https:\\\/\\\/canal7slp.tv\\\/2025\\\/wp-content\\\/uploads\\\/2025\\\/09\\\/5e9c44f5-9042-48fb-8ed3-44fdb1a351b8.jpeg\",\"datePublished\":\"2025-09-01T19:22:29+00:00\",\"breadcrumb\":{\"@id\":\"https:\\\/\\\/canal7slp.tv\\\/2025\\\/sheinbaum-presume-de-logros-en-su-primer-informe-de-gobierno-estamos-viviendo-un-momento-estelar-de-nuestra-historia\\\/#breadcrumb\"},\"inLanguage\":\"es\",\"potentialAction\":[{\"@type\":\"ReadAction\",\"target\":[\"https:\\\/\\\/canal7slp.tv\\\/2025\\\/sheinbaum-presume-de-logros-en-su-primer-informe-de-gobierno-estamos-viviendo-un-momento-estelar-de-nuestra-historia\\\/\"]}]},{\"@type\":\"ImageObject\",\"inLanguage\":\"es\",\"@id\":\"https:\\\/\\\/canal7slp.tv\\\/2025\\\/sheinbaum-presume-de-logros-en-su-primer-informe-de-gobierno-estamos-viviendo-un-momento-estelar-de-nuestra-historia\\\/#primaryimage\",\"url\":\"https:\\\/\\\/canal7slp.tv\\\/2025\\\/wp-content\\\/uploads\\\/2025\\\/09\\\/5e9c44f5-9042-48fb-8ed3-44fdb1a351b8.jpeg\",\"contentUrl\":\"https:\\\/\\\/canal7slp.tv\\\/2025\\\/wp-content\\\/uploads\\\/2025\\\/09\\\/5e9c44f5-9042-48fb-8ed3-44fdb1a351b8.jpeg\",\"width\":1141,\"height\":751},{\"@type\":\"BreadcrumbList\",\"@id\":\"https:\\\/\\\/canal7slp.tv\\\/2025\\\/sheinbaum-presume-de-logros-en-su-primer-informe-de-gobierno-estamos-viviendo-un-momento-estelar-de-nuestra-historia\\\/#breadcrumb\",\"itemListElement\":[{\"@type\":\"ListItem\",\"position\":1,\"name\":\"Portada\",\"item\":\"https:\\\/\\\/canal7slp.tv\\\/2025\\\/\"},{\"@type\":\"ListItem\",\"position\":2,\"name\":\"Sheinbaum presume de logros en su primer informe de Gobierno: \u201cEstamos viviendo un momento estelar de nuestra historia\u201d\"}]},{\"@type\":\"WebSite\",\"@id\":\"https:\\\/\\\/canal7slp.tv\\\/2025\\\/#website\",\"url\":\"https:\\\/\\\/canal7slp.tv\\\/2025\\\/\",\"name\":\"N7 - Noticieros Canal 7\",\"description\":\"Somos el Medio\",\"publisher\":{\"@id\":\"https:\\\/\\\/canal7slp.tv\\\/2025\\\/#organization\"},\"potentialAction\":[{\"@type\":\"SearchAction\",\"target\":{\"@type\":\"EntryPoint\",\"urlTemplate\":\"https:\\\/\\\/canal7slp.tv\\\/2025\\\/?s={search_term_string}\"},\"query-input\":{\"@type\":\"PropertyValueSpecification\",\"valueRequired\":true,\"valueName\":\"search_term_string\"}}],\"inLanguage\":\"es\"},{\"@type\":\"Organization\",\"@id\":\"https:\\\/\\\/canal7slp.tv\\\/2025\\\/#organization\",\"name\":\"Noticieros Canal 7\",\"url\":\"https:\\\/\\\/canal7slp.tv\\\/2025\\\/\",\"logo\":{\"@type\":\"ImageObject\",\"inLanguage\":\"es\",\"@id\":\"https:\\\/\\\/canal7slp.tv\\\/2025\\\/#\\\/schema\\\/logo\\\/image\\\/\",\"url\":\"https:\\\/\\\/canal7slp.tv\\\/2025\\\/wp-content\\\/uploads\\\/2021\\\/01\\\/logo-noticieros@2x.png\",\"contentUrl\":\"https:\\\/\\\/canal7slp.tv\\\/2025\\\/wp-content\\\/uploads\\\/2021\\\/01\\\/logo-noticieros@2x.png\",\"width\":1017,\"height\":268,\"caption\":\"Noticieros Canal 7\"},\"image\":{\"@id\":\"https:\\\/\\\/canal7slp.tv\\\/2025\\\/#\\\/schema\\\/logo\\\/image\\\/\"},\"sameAs\":[\"https:\\\/\\\/www.facebook.com\\\/noticieroscanal7atencionciudadana\\\/\",\"https:\\\/\\\/x.com\\\/NOTICIEROS7\",\"https:\\\/\\\/www.instagram.com\\\/canal7_slp\",\"https:\\\/\\\/www.youtube.com\\\/channel\\\/UCliiYs-gP3JfJeqdPrNdd5A\"]},{\"@type\":\"Person\",\"@id\":\"https:\\\/\\\/canal7slp.tv\\\/2025\\\/#\\\/schema\\\/person\\\/1257e7e4a3d5ac29c4732733a887970d\",\"name\":\"admin\",\"image\":{\"@type\":\"ImageObject\",\"inLanguage\":\"es\",\"@id\":\"https:\\\/\\\/secure.gravatar.com\\\/avatar\\\/d1da498ea933582ecc2b5d72a4eac16ec41c3ec04cf2dc9d46e0b557dedfd5ff?s=96&d=mm&r=g\",\"url\":\"https:\\\/\\\/secure.gravatar.com\\\/avatar\\\/d1da498ea933582ecc2b5d72a4eac16ec41c3ec04cf2dc9d46e0b557dedfd5ff?s=96&d=mm&r=g\",\"contentUrl\":\"https:\\\/\\\/secure.gravatar.com\\\/avatar\\\/d1da498ea933582ecc2b5d72a4eac16ec41c3ec04cf2dc9d46e0b557dedfd5ff?s=96&d=mm&r=g\",\"caption\":\"admin\"},\"sameAs\":[\"https:\\\/\\\/canal7slp.tv\\\/2025\"],\"url\":\"https:\\\/\\\/canal7slp.tv\\\/2025\\\/author\\\/bicefalo\\\/\"}]}<\/script>\n<!-- \/ Yoast SEO plugin. -->","yoast_head_json":{"title":"Sheinbaum presume de logros en su primer informe de Gobierno: \u201cEstamos viviendo un momento estelar de nuestra historia\u201d - Canal 7 SLP - 2025","robots":{"index":"index","follow":"follow","max-snippet":"max-snippet:-1","max-image-preview":"max-image-preview:large","max-video-preview":"max-video-preview:-1"},"canonical":"https:\/\/canal7slp.tv\/2025\/sheinbaum-presume-de-logros-en-su-primer-informe-de-gobierno-estamos-viviendo-un-momento-estelar-de-nuestra-historia\/","og_locale":"es_ES","og_type":"article","og_title":"Sheinbaum presume de logros en su primer informe de Gobierno: \u201cEstamos viviendo un momento estelar de nuestra historia\u201d - Canal 7 SLP - 2025","og_description":"La presidenta de M\u00e9xico, Claudia Sheinbaum, ha presentado este lunes el balance de su primer a\u00f1o y ha proclamado delante de toda la plana mayor del Gobierno, el Congreso y el Poder Judicial: \u201cEstamos viviendo un momento estelar de nuestra historia\u201d. Despu\u00e9s ha hablado del crecimiento del PIB, de un desempleo m\u00ednimo, una inflaci\u00f3n en ca\u00edda, de un presupuesto \u201chist\u00f3rico\u201d para programas sociales, de trenes e investigaciones cient\u00edficas, de la ca\u00edda de los homicidios, de su relaci\u00f3n de cooperaci\u00f3n con Donald Trump. Ni rastro de los 133.000 desaparecidos en el pa\u00eds, de la guerra desatada en Sinaloa o de las [&hellip;]","og_url":"https:\/\/canal7slp.tv\/2025\/sheinbaum-presume-de-logros-en-su-primer-informe-de-gobierno-estamos-viviendo-un-momento-estelar-de-nuestra-historia\/","og_site_name":"Canal 7 SLP - 2025","article_publisher":"https:\/\/www.facebook.com\/noticieroscanal7atencionciudadana\/","article_published_time":"2025-09-01T19:22:29+00:00","og_image":[{"width":1141,"height":751,"url":"https:\/\/canal7slp.tv\/2025\/wp-content\/uploads\/2025\/09\/5e9c44f5-9042-48fb-8ed3-44fdb1a351b8.jpeg","type":"image\/jpeg"}],"author":"admin","twitter_card":"summary_large_image","twitter_creator":"@NOTICIEROS7","twitter_site":"@NOTICIEROS7","twitter_misc":{"Escrito por":"admin","Tiempo de lectura":"3 minutos"},"schema":{"@context":"https:\/\/schema.org","@graph":[{"@type":"Article","@id":"https:\/\/canal7slp.tv\/2025\/sheinbaum-presume-de-logros-en-su-primer-informe-de-gobierno-estamos-viviendo-un-momento-estelar-de-nuestra-historia\/#article","isPartOf":{"@id":"https:\/\/canal7slp.tv\/2025\/sheinbaum-presume-de-logros-en-su-primer-informe-de-gobierno-estamos-viviendo-un-momento-estelar-de-nuestra-historia\/"},"author":{"name":"admin","@id":"https:\/\/canal7slp.tv\/2025\/#\/schema\/person\/1257e7e4a3d5ac29c4732733a887970d"},"headline":"Sheinbaum presume de logros en su primer informe de Gobierno: \u201cEstamos viviendo un momento estelar de nuestra historia\u201d","datePublished":"2025-09-01T19:22:29+00:00","mainEntityOfPage":{"@id":"https:\/\/canal7slp.tv\/2025\/sheinbaum-presume-de-logros-en-su-primer-informe-de-gobierno-estamos-viviendo-un-momento-estelar-de-nuestra-historia\/"},"wordCount":657,"publisher":{"@id":"https:\/\/canal7slp.tv\/2025\/#organization"},"image":{"@id":"https:\/\/canal7slp.tv\/2025\/sheinbaum-presume-de-logros-en-su-primer-informe-de-gobierno-estamos-viviendo-un-momento-estelar-de-nuestra-historia\/#primaryimage"},"thumbnailUrl":"https:\/\/canal7slp.tv\/2025\/wp-content\/uploads\/2025\/09\/5e9c44f5-9042-48fb-8ed3-44fdb1a351b8.jpeg","articleSection":["DESTACADAS","NACIONALES"],"inLanguage":"es"},{"@type":"WebPage","@id":"https:\/\/canal7slp.tv\/2025\/sheinbaum-presume-de-logros-en-su-primer-informe-de-gobierno-estamos-viviendo-un-momento-estelar-de-nuestra-historia\/","url":"https:\/\/canal7slp.tv\/2025\/sheinbaum-presume-de-logros-en-su-primer-informe-de-gobierno-estamos-viviendo-un-momento-estelar-de-nuestra-historia\/","name":"Sheinbaum presume de logros en su primer informe de Gobierno: \u201cEstamos viviendo un momento estelar de nuestra historia\u201d - Canal 7 SLP - 2025","isPartOf":{"@id":"https:\/\/canal7slp.tv\/2025\/#website"},"primaryImageOfPage":{"@id":"https:\/\/canal7slp.tv\/2025\/sheinbaum-presume-de-logros-en-su-primer-informe-de-gobierno-estamos-viviendo-un-momento-estelar-de-nuestra-historia\/#primaryimage"},"image":{"@id":"https:\/\/canal7slp.tv\/2025\/sheinbaum-presume-de-logros-en-su-primer-informe-de-gobierno-estamos-viviendo-un-momento-estelar-de-nuestra-historia\/#primaryimage"},"thumbnailUrl":"https:\/\/canal7slp.tv\/2025\/wp-content\/uploads\/2025\/09\/5e9c44f5-9042-48fb-8ed3-44fdb1a351b8.jpeg","datePublished":"2025-09-01T19:22:29+00:00","breadcrumb":{"@id":"https:\/\/canal7slp.tv\/2025\/sheinbaum-presume-de-logros-en-su-primer-informe-de-gobierno-estamos-viviendo-un-momento-estelar-de-nuestra-historia\/#breadcrumb"},"inLanguage":"es","potentialAction":[{"@type":"ReadAction","target":["https:\/\/canal7slp.tv\/2025\/sheinbaum-presume-de-logros-en-su-primer-informe-de-gobierno-estamos-viviendo-un-momento-estelar-de-nuestra-historia\/"]}]},{"@type":"ImageObject","inLanguage":"es","@id":"https:\/\/canal7slp.tv\/2025\/sheinbaum-presume-de-logros-en-su-primer-informe-de-gobierno-estamos-viviendo-un-momento-estelar-de-nuestra-historia\/#primaryimage","url":"https:\/\/canal7slp.tv\/2025\/wp-content\/uploads\/2025\/09\/5e9c44f5-9042-48fb-8ed3-44fdb1a351b8.jpeg","contentUrl":"https:\/\/canal7slp.tv\/2025\/wp-content\/uploads\/2025\/09\/5e9c44f5-9042-48fb-8ed3-44fdb1a351b8.jpeg","width":1141,"height":751},{"@type":"BreadcrumbList","@id":"https:\/\/canal7slp.tv\/2025\/sheinbaum-presume-de-logros-en-su-primer-informe-de-gobierno-estamos-viviendo-un-momento-estelar-de-nuestra-historia\/#breadcrumb","itemListElement":[{"@type":"ListItem","position":1,"name":"Portada","item":"https:\/\/canal7slp.tv\/2025\/"},{"@type":"ListItem","position":2,"name":"Sheinbaum presume de logros en su primer informe de Gobierno: \u201cEstamos viviendo un momento estelar de nuestra historia\u201d"}]},{"@type":"WebSite","@id":"https:\/\/canal7slp.tv\/2025\/#website","url":"https:\/\/canal7slp.tv\/2025\/","name":"N7 - Noticieros Canal 7","description":"Somos el Medio","publisher":{"@id":"https:\/\/canal7slp.tv\/2025\/#organization"},"potentialAction":[{"@type":"SearchAction","target":{"@type":"EntryPoint","urlTemplate":"https:\/\/canal7slp.tv\/2025\/?s={search_term_string}"},"query-input":{"@type":"PropertyValueSpecification","valueRequired":true,"valueName":"search_term_string"}}],"inLanguage":"es"},{"@type":"Organization","@id":"https:\/\/canal7slp.tv\/2025\/#organization","name":"Noticieros Canal 7","url":"https:\/\/canal7slp.tv\/2025\/","logo":{"@type":"ImageObject","inLanguage":"es","@id":"https:\/\/canal7slp.tv\/2025\/#\/schema\/logo\/image\/","url":"https:\/\/canal7slp.tv\/2025\/wp-content\/uploads\/2021\/01\/logo-noticieros@2x.png","contentUrl":"https:\/\/canal7slp.tv\/2025\/wp-content\/uploads\/2021\/01\/logo-noticieros@2x.png","width":1017,"height":268,"caption":"Noticieros Canal 7"},"image":{"@id":"https:\/\/canal7slp.tv\/2025\/#\/schema\/logo\/image\/"},"sameAs":["https:\/\/www.facebook.com\/noticieroscanal7atencionciudadana\/","https:\/\/x.com\/NOTICIEROS7","https:\/\/www.instagram.com\/canal7_slp","https:\/\/www.youtube.com\/channel\/UCliiYs-gP3JfJeqdPrNdd5A"]},{"@type":"Person","@id":"https:\/\/canal7slp.tv\/2025\/#\/schema\/person\/1257e7e4a3d5ac29c4732733a887970d","name":"admin","image":{"@type":"ImageObject","inLanguage":"es","@id":"https:\/\/secure.gravatar.com\/avatar\/d1da498ea933582ecc2b5d72a4eac16ec41c3ec04cf2dc9d46e0b557dedfd5ff?s=96&d=mm&r=g","url":"https:\/\/secure.gravatar.com\/avatar\/d1da498ea933582ecc2b5d72a4eac16ec41c3ec04cf2dc9d46e0b557dedfd5ff?s=96&d=mm&r=g","contentUrl":"https:\/\/secure.gravatar.com\/avatar\/d1da498ea933582ecc2b5d72a4eac16ec41c3ec04cf2dc9d46e0b557dedfd5ff?s=96&d=mm&r=g","caption":"admin"},"sameAs":["https:\/\/canal7slp.tv\/2025"],"url":"https:\/\/canal7slp.tv\/2025\/author\/bicefalo\/"}]}},"_links":{"self":[{"href":"https:\/\/canal7slp.tv\/2025\/wp-json\/wp\/v2\/posts\/178010","targetHints":{"allow":["GET"]}}],"collection":[{"href":"https:\/\/canal7slp.tv\/2025\/wp-json\/wp\/v2\/posts"}],"about":[{"href":"https:\/\/canal7slp.tv\/2025\/wp-json\/wp\/v2\/types\/post"}],"author":[{"embeddable":true,"href":"https:\/\/canal7slp.tv\/2025\/wp-json\/wp\/v2\/users\/1"}],"replies":[{"embeddable":true,"href":"https:\/\/canal7slp.tv\/2025\/wp-json\/wp\/v2\/comments?post=178010"}],"version-history":[{"count":2,"href":"https:\/\/canal7slp.tv\/2025\/wp-json\/wp\/v2\/posts\/178010\/revisions"}],"predecessor-version":[{"id":178014,"href":"https:\/\/canal7slp.tv\/2025\/wp-json\/wp\/v2\/posts\/178010\/revisions\/178014"}],"wp:featuredmedia":[{"embeddable":true,"href":"https:\/\/canal7slp.tv\/2025\/wp-json\/wp\/v2\/media\/178012"}],"wp:attachment":[{"href":"https:\/\/canal7slp.tv\/2025\/wp-json\/wp\/v2\/media?parent=178010"}],"wp:term":[{"taxonomy":"category","embeddable":true,"href":"https:\/\/canal7slp.tv\/2025\/wp-json\/wp\/v2\/categories?post=178010"},{"taxonomy":"post_tag","embeddable":true,"href":"https:\/\/canal7slp.tv\/2025\/wp-json\/wp\/v2\/tags?post=178010"}],"curies":[{"name":"wp","href":"https:\/\/api.w.org\/{rel}","templated":true}]}}