{"id":178005,"date":"2025-09-01T13:12:25","date_gmt":"2025-09-01T19:12:25","guid":{"rendered":"https:\/\/canal7slp.tv\/2025\/?p=178005"},"modified":"2025-09-01T13:12:25","modified_gmt":"2025-09-01T19:12:25","slug":"el-cartel-de-sinaloa-rompe-con-el-pacto-de-las-zonas-neutrales-y-entra-a-atacar-hospitales","status":"publish","type":"post","link":"https:\/\/canal7slp.tv\/2025\/el-cartel-de-sinaloa-rompe-con-el-pacto-de-las-zonas-neutrales-y-entra-a-atacar-hospitales\/","title":{"rendered":"El Cartel de Sinaloa rompe con el pacto de las zonas neutrales y entra a atacar hospitales"},"content":{"rendered":"<p style=\"text-align: justify;\">El Cartel de Sinaloa ha roto con las zonas neutrales. Ahora atacan dentro y fuera de hospitales de Culiac\u00e1n, la capital del Estado, como si se tratara de un juego de mal gusto, donde pacientes y sus familiares tambi\u00e9n son v\u00edctimas del crimen y de la pugna entre los hijos del Chapo y los seguidores del Mayo, quienes tratan de acaparar y controlar el territorio a costa de lo que sea.<\/p>\n<p style=\"text-align: justify;\">En 24 horas se registraron tres eventos que delatan el horror. El primero ocurri\u00f3 durante la tarde del 29 de agosto, cuando hombres armados dispararon hacia la fachada de la zona de Urgencias del Hospital Civil de Culiac\u00e1n, apenas a 700 metros del Centro. Tres hombres fallecieron: Jorge Armando, de 32 a\u00f1os; Rub\u00e9n, de 61; y Jos\u00e9 Ram\u00f3n, de 38. Entre ellos, cuatro personas quedaron heridas: V\u00edctor Antonio, de 47 a\u00f1os; Heldia Milena, de 47; y la menor Brianna Amairany, de apenas 13 a\u00f1os, quien result\u00f3 lesionada por las esquirlas, pero ya est\u00e1 fuera de peligro.<\/p>\n<p style=\"text-align: justify;\">\n\u201cEstamos muy tristes y destrozados. Nos desgraciaron la vida con la balacera que ocurri\u00f3 afuera del Hospital Civil. Estaban mi yerno Jorge y mi hija Sophia esperando turno para ver a mi consuegro que est\u00e1 internado. Jorge estaba sentado por las bancas de concreto junto con otras personas, y pas\u00f3 un comando rafagueando al hospital por el lado de la avenida \u00c1lvaro Obreg\u00f3n. Asesinaron a mi yerno Jorge, y a otras personas m\u00e1s que estaban esperando ver a familiares. Dejan a mi hija viuda y a mi nieto sin pap\u00e1. Maldigo con furia a estos malandros de mierda. Estamos destrozados\u201d, comparti\u00f3 el se\u00f1or Abelardo, padre de Sophia.<\/p>\n<p style=\"text-align: justify;\">El hombre dijo que su yerno estuvo en el lugar y momento equivocado, que la v\u00edctima fue un hombre \u201csin malicia de nada\u201d. Un hombre bueno, cari\u00f1oso, cordial y responsable. \u201cAfortunadamente, a Sophia no le pas\u00f3 nada, pero le toc\u00f3 ver todo\u201d, se\u00f1al\u00f3 el hombre que ahora vela a su yerno.<\/p>\n<p style=\"text-align: justify;\">Esa misma noche, el Ej\u00e9rcito localiz\u00f3 un Toyota Camry plateado modelo 2018. Un veh\u00edculo robado que presentaba impactos de bala desde el interior hacia el exterior. Estaba abandonado en la colonia Chapultepec, a unas cuadras del hospital. Las autoridades no tienen idea de a qui\u00e9n pertenec\u00eda, ni qui\u00e9nes fueron los autores materiales del crimen. El 29 de agosto termin\u00f3 con 11 personas asesinadas, entre ellas las tres que aguardaban para ver a sus familiares en la sala de Urgencias, seg\u00fan la Fiscal\u00eda General de Sinaloa.<\/p>\n<p style=\"text-align: justify;\">El horror no par\u00f3 esa noche. La tarde del s\u00e1bado 30 se extendi\u00f3 el mismo tipo de violencia en una cl\u00ednica particular en el centro de Culiac\u00e1n. Un hombre de nombre Jes\u00fas Manuel, de 20 a\u00f1os, recib\u00eda atenci\u00f3n en terapia intensiva, cuando hombres armados ingresaron a la fuerza y dispararon con armas largas y cortas hasta verlo morir. Corri\u00f3 el p\u00e1nico y el terror en la cl\u00ednica y los alrededores, hasta donde se escucharon las r\u00e1fagas y el rechinido de las llantas del carro que usaron los perpetradores para huir.<\/p>\n<p style=\"text-align: justify;\">Minutos m\u00e1s tarde se report\u00f3 una balacera en el Hospital General de Culiac\u00e1n, en el fraccionamiento Los \u00c1ngeles. Un hombre armado ingres\u00f3 vestido de enfermero, sin que nadie le preguntara sobre su identidad. Entr\u00f3 a terapia intensiva y asesin\u00f3 a Fausto Yuriel, un alba\u00f1il de 21 a\u00f1os, quien hab\u00eda sido lesionado el d\u00eda anterior en el poblado Tepuche, durante un enfrentamiento en el que murieron al menos dos hombres y donde fue localizada tambi\u00e9n la cabeza de otra persona.<\/p>\n<p style=\"text-align: justify;\">El Hospital Civil y el Hospital General de Culiac\u00e1n son los centros m\u00e9dicos m\u00e1s concurridos de la capital de Sinaloa. A diario acuden miles de familias buscando atenci\u00f3n m\u00e9dica, pero estos ataques los han convertido ahora en escenarios de ejecuciones que se encuadran dentro de la confrontaci\u00f3n del cartel.<\/p>\n<p style=\"text-align: justify;\">Estos tres ataques no son los \u00fanicos que han ocurrido dentro de hospitales, pero s\u00ed de una manera seguida desde el 9 de septiembre que comenz\u00f3 la guerra al interior del cartel de Sinaloa. Al mismo tiempo, se enmarcan dentro una de las etapas m\u00e1s violentas de este periodo de cara al primer aniversario, cuyo saldo arroja m\u00e1s de 1.700 personas asesinadas y alrededor de 2.000 personas desaparecidas, seg\u00fan datos de la Fiscal\u00eda General del Estado.<\/p>\n","protected":false},"excerpt":{"rendered":"<p>El Cartel de Sinaloa ha roto con las zonas neutrales. Ahora atacan dentro y fuera de hospitales de Culiac\u00e1n, la capital del Estado, como si se tratara de un juego de mal gusto, donde pacientes y sus familiares tambi\u00e9n son v\u00edctimas del crimen y de la pugna entre los hijos del Chapo y los seguidores del Mayo, quienes tratan de acaparar y controlar el territorio a costa de lo que sea. En 24 horas se registraron tres eventos que delatan el horror. El primero ocurri\u00f3 durante la tarde del 29 de agosto, cuando hombres armados dispararon hacia la fachada de [&hellip;]<\/p>\n","protected":false},"author":1,"featured_media":178007,"comment_status":"closed","ping_status":"closed","sticky":false,"template":"","format":"standard","meta":{"_monsterinsights_skip_tracking":false,"_monsterinsights_sitenote_active":false,"_monsterinsights_sitenote_note":"","_monsterinsights_sitenote_category":0,"footnotes":""},"categories":[5,46],"tags":[],"class_list":["post-178005","post","type-post","status-publish","format-standard","has-post-thumbnail","hentry","category-destacadas","category-nacional","post--single"],"yoast_head":"<!-- This site is optimized with the Yoast SEO plugin v27.5 - https:\/\/yoast.com\/product\/yoast-seo-wordpress\/ -->\n<title>El Cartel de Sinaloa rompe con el pacto de las zonas neutrales y entra a atacar hospitales - Canal 7 SLP - 2025<\/title>\n<meta name=\"robots\" content=\"index, follow, max-snippet:-1, max-image-preview:large, max-video-preview:-1\" \/>\n<link rel=\"canonical\" href=\"https:\/\/canal7slp.tv\/2025\/el-cartel-de-sinaloa-rompe-con-el-pacto-de-las-zonas-neutrales-y-entra-a-atacar-hospitales\/\" \/>\n<meta property=\"og:locale\" content=\"es_ES\" \/>\n<meta property=\"og:type\" content=\"article\" \/>\n<meta property=\"og:title\" content=\"El Cartel de Sinaloa rompe con el pacto de las zonas neutrales y entra a atacar hospitales - Canal 7 SLP - 2025\" \/>\n<meta property=\"og:description\" content=\"El Cartel de Sinaloa ha roto con las zonas neutrales. Ahora atacan dentro y fuera de hospitales de Culiac\u00e1n, la capital del Estado, como si se tratara de un juego de mal gusto, donde pacientes y sus familiares tambi\u00e9n son v\u00edctimas del crimen y de la pugna entre los hijos del Chapo y los seguidores del Mayo, quienes tratan de acaparar y controlar el territorio a costa de lo que sea. En 24 horas se registraron tres eventos que delatan el horror. El primero ocurri\u00f3 durante la tarde del 29 de agosto, cuando hombres armados dispararon hacia la fachada de [&hellip;]\" \/>\n<meta property=\"og:url\" content=\"https:\/\/canal7slp.tv\/2025\/el-cartel-de-sinaloa-rompe-con-el-pacto-de-las-zonas-neutrales-y-entra-a-atacar-hospitales\/\" \/>\n<meta property=\"og:site_name\" content=\"Canal 7 SLP - 2025\" \/>\n<meta property=\"article:publisher\" content=\"https:\/\/www.facebook.com\/noticieroscanal7atencionciudadana\/\" \/>\n<meta property=\"article:published_time\" content=\"2025-09-01T19:12:25+00:00\" \/>\n<meta property=\"og:image\" content=\"https:\/\/canal7slp.tv\/2025\/wp-content\/uploads\/2025\/09\/60eeb830-cf70-44b3-adee-59b991097337.jpeg\" \/>\n\t<meta property=\"og:image:width\" content=\"1137\" \/>\n\t<meta property=\"og:image:height\" content=\"749\" \/>\n\t<meta property=\"og:image:type\" content=\"image\/jpeg\" \/>\n<meta name=\"author\" content=\"admin\" \/>\n<meta name=\"twitter:card\" content=\"summary_large_image\" \/>\n<meta name=\"twitter:creator\" content=\"@NOTICIEROS7\" \/>\n<meta name=\"twitter:site\" content=\"@NOTICIEROS7\" \/>\n<meta name=\"twitter:label1\" content=\"Escrito por\" \/>\n\t<meta name=\"twitter:data1\" content=\"admin\" \/>\n\t<meta name=\"twitter:label2\" content=\"Tiempo de lectura\" \/>\n\t<meta name=\"twitter:data2\" content=\"4 minutos\" \/>\n<script type=\"application\/ld+json\" class=\"yoast-schema-graph\">{\"@context\":\"https:\\\/\\\/schema.org\",\"@graph\":[{\"@type\":\"Article\",\"@id\":\"https:\\\/\\\/canal7slp.tv\\\/2025\\\/el-cartel-de-sinaloa-rompe-con-el-pacto-de-las-zonas-neutrales-y-entra-a-atacar-hospitales\\\/#article\",\"isPartOf\":{\"@id\":\"https:\\\/\\\/canal7slp.tv\\\/2025\\\/el-cartel-de-sinaloa-rompe-con-el-pacto-de-las-zonas-neutrales-y-entra-a-atacar-hospitales\\\/\"},\"author\":{\"name\":\"admin\",\"@id\":\"https:\\\/\\\/canal7slp.tv\\\/2025\\\/#\\\/schema\\\/person\\\/1257e7e4a3d5ac29c4732733a887970d\"},\"headline\":\"El Cartel de Sinaloa rompe con el pacto de las zonas neutrales y entra a atacar hospitales\",\"datePublished\":\"2025-09-01T19:12:25+00:00\",\"mainEntityOfPage\":{\"@id\":\"https:\\\/\\\/canal7slp.tv\\\/2025\\\/el-cartel-de-sinaloa-rompe-con-el-pacto-de-las-zonas-neutrales-y-entra-a-atacar-hospitales\\\/\"},\"wordCount\":753,\"publisher\":{\"@id\":\"https:\\\/\\\/canal7slp.tv\\\/2025\\\/#organization\"},\"image\":{\"@id\":\"https:\\\/\\\/canal7slp.tv\\\/2025\\\/el-cartel-de-sinaloa-rompe-con-el-pacto-de-las-zonas-neutrales-y-entra-a-atacar-hospitales\\\/#primaryimage\"},\"thumbnailUrl\":\"https:\\\/\\\/canal7slp.tv\\\/2025\\\/wp-content\\\/uploads\\\/2025\\\/09\\\/60eeb830-cf70-44b3-adee-59b991097337.jpeg\",\"articleSection\":[\"DESTACADAS\",\"NACIONALES\"],\"inLanguage\":\"es\"},{\"@type\":\"WebPage\",\"@id\":\"https:\\\/\\\/canal7slp.tv\\\/2025\\\/el-cartel-de-sinaloa-rompe-con-el-pacto-de-las-zonas-neutrales-y-entra-a-atacar-hospitales\\\/\",\"url\":\"https:\\\/\\\/canal7slp.tv\\\/2025\\\/el-cartel-de-sinaloa-rompe-con-el-pacto-de-las-zonas-neutrales-y-entra-a-atacar-hospitales\\\/\",\"name\":\"El Cartel de Sinaloa rompe con el pacto de las zonas neutrales y entra a atacar hospitales - Canal 7 SLP - 2025\",\"isPartOf\":{\"@id\":\"https:\\\/\\\/canal7slp.tv\\\/2025\\\/#website\"},\"primaryImageOfPage\":{\"@id\":\"https:\\\/\\\/canal7slp.tv\\\/2025\\\/el-cartel-de-sinaloa-rompe-con-el-pacto-de-las-zonas-neutrales-y-entra-a-atacar-hospitales\\\/#primaryimage\"},\"image\":{\"@id\":\"https:\\\/\\\/canal7slp.tv\\\/2025\\\/el-cartel-de-sinaloa-rompe-con-el-pacto-de-las-zonas-neutrales-y-entra-a-atacar-hospitales\\\/#primaryimage\"},\"thumbnailUrl\":\"https:\\\/\\\/canal7slp.tv\\\/2025\\\/wp-content\\\/uploads\\\/2025\\\/09\\\/60eeb830-cf70-44b3-adee-59b991097337.jpeg\",\"datePublished\":\"2025-09-01T19:12:25+00:00\",\"breadcrumb\":{\"@id\":\"https:\\\/\\\/canal7slp.tv\\\/2025\\\/el-cartel-de-sinaloa-rompe-con-el-pacto-de-las-zonas-neutrales-y-entra-a-atacar-hospitales\\\/#breadcrumb\"},\"inLanguage\":\"es\",\"potentialAction\":[{\"@type\":\"ReadAction\",\"target\":[\"https:\\\/\\\/canal7slp.tv\\\/2025\\\/el-cartel-de-sinaloa-rompe-con-el-pacto-de-las-zonas-neutrales-y-entra-a-atacar-hospitales\\\/\"]}]},{\"@type\":\"ImageObject\",\"inLanguage\":\"es\",\"@id\":\"https:\\\/\\\/canal7slp.tv\\\/2025\\\/el-cartel-de-sinaloa-rompe-con-el-pacto-de-las-zonas-neutrales-y-entra-a-atacar-hospitales\\\/#primaryimage\",\"url\":\"https:\\\/\\\/canal7slp.tv\\\/2025\\\/wp-content\\\/uploads\\\/2025\\\/09\\\/60eeb830-cf70-44b3-adee-59b991097337.jpeg\",\"contentUrl\":\"https:\\\/\\\/canal7slp.tv\\\/2025\\\/wp-content\\\/uploads\\\/2025\\\/09\\\/60eeb830-cf70-44b3-adee-59b991097337.jpeg\",\"width\":1137,\"height\":749},{\"@type\":\"BreadcrumbList\",\"@id\":\"https:\\\/\\\/canal7slp.tv\\\/2025\\\/el-cartel-de-sinaloa-rompe-con-el-pacto-de-las-zonas-neutrales-y-entra-a-atacar-hospitales\\\/#breadcrumb\",\"itemListElement\":[{\"@type\":\"ListItem\",\"position\":1,\"name\":\"Portada\",\"item\":\"https:\\\/\\\/canal7slp.tv\\\/2025\\\/\"},{\"@type\":\"ListItem\",\"position\":2,\"name\":\"El Cartel de Sinaloa rompe con el pacto de las zonas neutrales y entra a atacar hospitales\"}]},{\"@type\":\"WebSite\",\"@id\":\"https:\\\/\\\/canal7slp.tv\\\/2025\\\/#website\",\"url\":\"https:\\\/\\\/canal7slp.tv\\\/2025\\\/\",\"name\":\"N7 - Noticieros Canal 7\",\"description\":\"Somos el Medio\",\"publisher\":{\"@id\":\"https:\\\/\\\/canal7slp.tv\\\/2025\\\/#organization\"},\"potentialAction\":[{\"@type\":\"SearchAction\",\"target\":{\"@type\":\"EntryPoint\",\"urlTemplate\":\"https:\\\/\\\/canal7slp.tv\\\/2025\\\/?s={search_term_string}\"},\"query-input\":{\"@type\":\"PropertyValueSpecification\",\"valueRequired\":true,\"valueName\":\"search_term_string\"}}],\"inLanguage\":\"es\"},{\"@type\":\"Organization\",\"@id\":\"https:\\\/\\\/canal7slp.tv\\\/2025\\\/#organization\",\"name\":\"Noticieros Canal 7\",\"url\":\"https:\\\/\\\/canal7slp.tv\\\/2025\\\/\",\"logo\":{\"@type\":\"ImageObject\",\"inLanguage\":\"es\",\"@id\":\"https:\\\/\\\/canal7slp.tv\\\/2025\\\/#\\\/schema\\\/logo\\\/image\\\/\",\"url\":\"https:\\\/\\\/canal7slp.tv\\\/2025\\\/wp-content\\\/uploads\\\/2021\\\/01\\\/logo-noticieros@2x.png\",\"contentUrl\":\"https:\\\/\\\/canal7slp.tv\\\/2025\\\/wp-content\\\/uploads\\\/2021\\\/01\\\/logo-noticieros@2x.png\",\"width\":1017,\"height\":268,\"caption\":\"Noticieros Canal 7\"},\"image\":{\"@id\":\"https:\\\/\\\/canal7slp.tv\\\/2025\\\/#\\\/schema\\\/logo\\\/image\\\/\"},\"sameAs\":[\"https:\\\/\\\/www.facebook.com\\\/noticieroscanal7atencionciudadana\\\/\",\"https:\\\/\\\/x.com\\\/NOTICIEROS7\",\"https:\\\/\\\/www.instagram.com\\\/canal7_slp\",\"https:\\\/\\\/www.youtube.com\\\/channel\\\/UCliiYs-gP3JfJeqdPrNdd5A\"]},{\"@type\":\"Person\",\"@id\":\"https:\\\/\\\/canal7slp.tv\\\/2025\\\/#\\\/schema\\\/person\\\/1257e7e4a3d5ac29c4732733a887970d\",\"name\":\"admin\",\"image\":{\"@type\":\"ImageObject\",\"inLanguage\":\"es\",\"@id\":\"https:\\\/\\\/secure.gravatar.com\\\/avatar\\\/d1da498ea933582ecc2b5d72a4eac16ec41c3ec04cf2dc9d46e0b557dedfd5ff?s=96&d=mm&r=g\",\"url\":\"https:\\\/\\\/secure.gravatar.com\\\/avatar\\\/d1da498ea933582ecc2b5d72a4eac16ec41c3ec04cf2dc9d46e0b557dedfd5ff?s=96&d=mm&r=g\",\"contentUrl\":\"https:\\\/\\\/secure.gravatar.com\\\/avatar\\\/d1da498ea933582ecc2b5d72a4eac16ec41c3ec04cf2dc9d46e0b557dedfd5ff?s=96&d=mm&r=g\",\"caption\":\"admin\"},\"sameAs\":[\"https:\\\/\\\/canal7slp.tv\\\/2025\"],\"url\":\"https:\\\/\\\/canal7slp.tv\\\/2025\\\/author\\\/bicefalo\\\/\"}]}<\/script>\n<!-- \/ Yoast SEO plugin. -->","yoast_head_json":{"title":"El Cartel de Sinaloa rompe con el pacto de las zonas neutrales y entra a atacar hospitales - Canal 7 SLP - 2025","robots":{"index":"index","follow":"follow","max-snippet":"max-snippet:-1","max-image-preview":"max-image-preview:large","max-video-preview":"max-video-preview:-1"},"canonical":"https:\/\/canal7slp.tv\/2025\/el-cartel-de-sinaloa-rompe-con-el-pacto-de-las-zonas-neutrales-y-entra-a-atacar-hospitales\/","og_locale":"es_ES","og_type":"article","og_title":"El Cartel de Sinaloa rompe con el pacto de las zonas neutrales y entra a atacar hospitales - Canal 7 SLP - 2025","og_description":"El Cartel de Sinaloa ha roto con las zonas neutrales. Ahora atacan dentro y fuera de hospitales de Culiac\u00e1n, la capital del Estado, como si se tratara de un juego de mal gusto, donde pacientes y sus familiares tambi\u00e9n son v\u00edctimas del crimen y de la pugna entre los hijos del Chapo y los seguidores del Mayo, quienes tratan de acaparar y controlar el territorio a costa de lo que sea. En 24 horas se registraron tres eventos que delatan el horror. El primero ocurri\u00f3 durante la tarde del 29 de agosto, cuando hombres armados dispararon hacia la fachada de [&hellip;]","og_url":"https:\/\/canal7slp.tv\/2025\/el-cartel-de-sinaloa-rompe-con-el-pacto-de-las-zonas-neutrales-y-entra-a-atacar-hospitales\/","og_site_name":"Canal 7 SLP - 2025","article_publisher":"https:\/\/www.facebook.com\/noticieroscanal7atencionciudadana\/","article_published_time":"2025-09-01T19:12:25+00:00","og_image":[{"width":1137,"height":749,"url":"https:\/\/canal7slp.tv\/2025\/wp-content\/uploads\/2025\/09\/60eeb830-cf70-44b3-adee-59b991097337.jpeg","type":"image\/jpeg"}],"author":"admin","twitter_card":"summary_large_image","twitter_creator":"@NOTICIEROS7","twitter_site":"@NOTICIEROS7","twitter_misc":{"Escrito por":"admin","Tiempo de lectura":"4 minutos"},"schema":{"@context":"https:\/\/schema.org","@graph":[{"@type":"Article","@id":"https:\/\/canal7slp.tv\/2025\/el-cartel-de-sinaloa-rompe-con-el-pacto-de-las-zonas-neutrales-y-entra-a-atacar-hospitales\/#article","isPartOf":{"@id":"https:\/\/canal7slp.tv\/2025\/el-cartel-de-sinaloa-rompe-con-el-pacto-de-las-zonas-neutrales-y-entra-a-atacar-hospitales\/"},"author":{"name":"admin","@id":"https:\/\/canal7slp.tv\/2025\/#\/schema\/person\/1257e7e4a3d5ac29c4732733a887970d"},"headline":"El Cartel de Sinaloa rompe con el pacto de las zonas neutrales y entra a atacar hospitales","datePublished":"2025-09-01T19:12:25+00:00","mainEntityOfPage":{"@id":"https:\/\/canal7slp.tv\/2025\/el-cartel-de-sinaloa-rompe-con-el-pacto-de-las-zonas-neutrales-y-entra-a-atacar-hospitales\/"},"wordCount":753,"publisher":{"@id":"https:\/\/canal7slp.tv\/2025\/#organization"},"image":{"@id":"https:\/\/canal7slp.tv\/2025\/el-cartel-de-sinaloa-rompe-con-el-pacto-de-las-zonas-neutrales-y-entra-a-atacar-hospitales\/#primaryimage"},"thumbnailUrl":"https:\/\/canal7slp.tv\/2025\/wp-content\/uploads\/2025\/09\/60eeb830-cf70-44b3-adee-59b991097337.jpeg","articleSection":["DESTACADAS","NACIONALES"],"inLanguage":"es"},{"@type":"WebPage","@id":"https:\/\/canal7slp.tv\/2025\/el-cartel-de-sinaloa-rompe-con-el-pacto-de-las-zonas-neutrales-y-entra-a-atacar-hospitales\/","url":"https:\/\/canal7slp.tv\/2025\/el-cartel-de-sinaloa-rompe-con-el-pacto-de-las-zonas-neutrales-y-entra-a-atacar-hospitales\/","name":"El Cartel de Sinaloa rompe con el pacto de las zonas neutrales y entra a atacar hospitales - Canal 7 SLP - 2025","isPartOf":{"@id":"https:\/\/canal7slp.tv\/2025\/#website"},"primaryImageOfPage":{"@id":"https:\/\/canal7slp.tv\/2025\/el-cartel-de-sinaloa-rompe-con-el-pacto-de-las-zonas-neutrales-y-entra-a-atacar-hospitales\/#primaryimage"},"image":{"@id":"https:\/\/canal7slp.tv\/2025\/el-cartel-de-sinaloa-rompe-con-el-pacto-de-las-zonas-neutrales-y-entra-a-atacar-hospitales\/#primaryimage"},"thumbnailUrl":"https:\/\/canal7slp.tv\/2025\/wp-content\/uploads\/2025\/09\/60eeb830-cf70-44b3-adee-59b991097337.jpeg","datePublished":"2025-09-01T19:12:25+00:00","breadcrumb":{"@id":"https:\/\/canal7slp.tv\/2025\/el-cartel-de-sinaloa-rompe-con-el-pacto-de-las-zonas-neutrales-y-entra-a-atacar-hospitales\/#breadcrumb"},"inLanguage":"es","potentialAction":[{"@type":"ReadAction","target":["https:\/\/canal7slp.tv\/2025\/el-cartel-de-sinaloa-rompe-con-el-pacto-de-las-zonas-neutrales-y-entra-a-atacar-hospitales\/"]}]},{"@type":"ImageObject","inLanguage":"es","@id":"https:\/\/canal7slp.tv\/2025\/el-cartel-de-sinaloa-rompe-con-el-pacto-de-las-zonas-neutrales-y-entra-a-atacar-hospitales\/#primaryimage","url":"https:\/\/canal7slp.tv\/2025\/wp-content\/uploads\/2025\/09\/60eeb830-cf70-44b3-adee-59b991097337.jpeg","contentUrl":"https:\/\/canal7slp.tv\/2025\/wp-content\/uploads\/2025\/09\/60eeb830-cf70-44b3-adee-59b991097337.jpeg","width":1137,"height":749},{"@type":"BreadcrumbList","@id":"https:\/\/canal7slp.tv\/2025\/el-cartel-de-sinaloa-rompe-con-el-pacto-de-las-zonas-neutrales-y-entra-a-atacar-hospitales\/#breadcrumb","itemListElement":[{"@type":"ListItem","position":1,"name":"Portada","item":"https:\/\/canal7slp.tv\/2025\/"},{"@type":"ListItem","position":2,"name":"El Cartel de Sinaloa rompe con el pacto de las zonas neutrales y entra a atacar hospitales"}]},{"@type":"WebSite","@id":"https:\/\/canal7slp.tv\/2025\/#website","url":"https:\/\/canal7slp.tv\/2025\/","name":"N7 - Noticieros Canal 7","description":"Somos el Medio","publisher":{"@id":"https:\/\/canal7slp.tv\/2025\/#organization"},"potentialAction":[{"@type":"SearchAction","target":{"@type":"EntryPoint","urlTemplate":"https:\/\/canal7slp.tv\/2025\/?s={search_term_string}"},"query-input":{"@type":"PropertyValueSpecification","valueRequired":true,"valueName":"search_term_string"}}],"inLanguage":"es"},{"@type":"Organization","@id":"https:\/\/canal7slp.tv\/2025\/#organization","name":"Noticieros Canal 7","url":"https:\/\/canal7slp.tv\/2025\/","logo":{"@type":"ImageObject","inLanguage":"es","@id":"https:\/\/canal7slp.tv\/2025\/#\/schema\/logo\/image\/","url":"https:\/\/canal7slp.tv\/2025\/wp-content\/uploads\/2021\/01\/logo-noticieros@2x.png","contentUrl":"https:\/\/canal7slp.tv\/2025\/wp-content\/uploads\/2021\/01\/logo-noticieros@2x.png","width":1017,"height":268,"caption":"Noticieros Canal 7"},"image":{"@id":"https:\/\/canal7slp.tv\/2025\/#\/schema\/logo\/image\/"},"sameAs":["https:\/\/www.facebook.com\/noticieroscanal7atencionciudadana\/","https:\/\/x.com\/NOTICIEROS7","https:\/\/www.instagram.com\/canal7_slp","https:\/\/www.youtube.com\/channel\/UCliiYs-gP3JfJeqdPrNdd5A"]},{"@type":"Person","@id":"https:\/\/canal7slp.tv\/2025\/#\/schema\/person\/1257e7e4a3d5ac29c4732733a887970d","name":"admin","image":{"@type":"ImageObject","inLanguage":"es","@id":"https:\/\/secure.gravatar.com\/avatar\/d1da498ea933582ecc2b5d72a4eac16ec41c3ec04cf2dc9d46e0b557dedfd5ff?s=96&d=mm&r=g","url":"https:\/\/secure.gravatar.com\/avatar\/d1da498ea933582ecc2b5d72a4eac16ec41c3ec04cf2dc9d46e0b557dedfd5ff?s=96&d=mm&r=g","contentUrl":"https:\/\/secure.gravatar.com\/avatar\/d1da498ea933582ecc2b5d72a4eac16ec41c3ec04cf2dc9d46e0b557dedfd5ff?s=96&d=mm&r=g","caption":"admin"},"sameAs":["https:\/\/canal7slp.tv\/2025"],"url":"https:\/\/canal7slp.tv\/2025\/author\/bicefalo\/"}]}},"_links":{"self":[{"href":"https:\/\/canal7slp.tv\/2025\/wp-json\/wp\/v2\/posts\/178005","targetHints":{"allow":["GET"]}}],"collection":[{"href":"https:\/\/canal7slp.tv\/2025\/wp-json\/wp\/v2\/posts"}],"about":[{"href":"https:\/\/canal7slp.tv\/2025\/wp-json\/wp\/v2\/types\/post"}],"author":[{"embeddable":true,"href":"https:\/\/canal7slp.tv\/2025\/wp-json\/wp\/v2\/users\/1"}],"replies":[{"embeddable":true,"href":"https:\/\/canal7slp.tv\/2025\/wp-json\/wp\/v2\/comments?post=178005"}],"version-history":[{"count":2,"href":"https:\/\/canal7slp.tv\/2025\/wp-json\/wp\/v2\/posts\/178005\/revisions"}],"predecessor-version":[{"id":178009,"href":"https:\/\/canal7slp.tv\/2025\/wp-json\/wp\/v2\/posts\/178005\/revisions\/178009"}],"wp:featuredmedia":[{"embeddable":true,"href":"https:\/\/canal7slp.tv\/2025\/wp-json\/wp\/v2\/media\/178007"}],"wp:attachment":[{"href":"https:\/\/canal7slp.tv\/2025\/wp-json\/wp\/v2\/media?parent=178005"}],"wp:term":[{"taxonomy":"category","embeddable":true,"href":"https:\/\/canal7slp.tv\/2025\/wp-json\/wp\/v2\/categories?post=178005"},{"taxonomy":"post_tag","embeddable":true,"href":"https:\/\/canal7slp.tv\/2025\/wp-json\/wp\/v2\/tags?post=178005"}],"curies":[{"name":"wp","href":"https:\/\/api.w.org\/{rel}","templated":true}]}}