{"id":178001,"date":"2025-08-31T22:17:35","date_gmt":"2025-09-01T04:17:35","guid":{"rendered":"https:\/\/canal7slp.tv\/2025\/?p=178001"},"modified":"2025-08-31T22:17:35","modified_gmt":"2025-09-01T04:17:35","slug":"slp-entre-las-entidades-con-tasa-mas-alta-de-muertes-fetales","status":"publish","type":"post","link":"https:\/\/canal7slp.tv\/2025\/slp-entre-las-entidades-con-tasa-mas-alta-de-muertes-fetales\/","title":{"rendered":"SLP, entre las entidades con tasa m\u00e1s alta de muertes fetales"},"content":{"rendered":"<p style=\"text-align: justify;\">En 2024 se registraron en M\u00e9xico 22 mil 031 muertes fetales, de acuerdo con las Estad\u00edsticas de Defunciones Fetales (EDF) publicadas por el INEGI.<\/p>\n<p style=\"text-align: justify;\">La tasa nacional fue de 62.9 por cada 100 mil mujeres de 15 a 49 a\u00f1os, aunque con diferencias importantes entre entidades.<\/p>\n<p style=\"text-align: justify;\">San Luis Potos\u00ed se coloc\u00f3 entre los estados con mayor incidencia, al alcanzar una tasa de 84.9 defunciones fetales por cada 100 mil mujeres en edad f\u00e9rtil, solo detr\u00e1s de Colima (86.5) y por encima del Estado de M\u00e9xico (82.7).<\/p>\n<p style=\"text-align: justify;\">En contraste, Oaxaca (27.8), Zacatecas (39.3) y Quintana Roo (40.0) reportaron las cifras m\u00e1s bajas.<\/p>\n<p style=\"text-align: justify;\">Del total de casos a nivel nacional, el 81.8 % ocurri\u00f3 antes del parto, el 16.8 % durante el mismo, y en un 1.4 % no se especific\u00f3 el momento de la p\u00e9rdida.<\/p>\n<p style=\"text-align: justify;\">Asimismo, el mayor porcentaje de muertes fetales correspondi\u00f3 a embarazos \u00fanicos (93.7 %), seguidos de los gemelares (6.1 %).<\/p>\n<p style=\"text-align: justify;\">En cuanto a la edad gestacional, las defunciones fetales intermedias \u2014entre 20 y 27 semanas\u2014 representaron el 37.8 %, seguidas de las tard\u00edas (28 semanas y m\u00e1s) con 34.5 %, y las precoces (12 a 19 semanas) con 27.1 %.<\/p>\n<p style=\"text-align: justify;\">Por sexo, el 52.7% correspondi\u00f3 a varones, el 37.8 % a mujeres y en 9.5% de los casos no se especific\u00f3.<\/p>\n<p style=\"text-align: justify;\">Respecto a las caracter\u00edsticas de la madre, el grupo de 20 a 24 a\u00f1os concentr\u00f3 el mayor n\u00famero de muertes fetales con 24.4%, seguido del de 25 a 29 a\u00f1os (22.6 %) y 30 a 34 a\u00f1os (19.3 %).<\/p>\n<p style=\"text-align: justify;\">En conjunto, estos tres grupos representaron dos terceras partes.<\/p>\n<p style=\"text-align: justify;\">Con estos resultados, San Luis Potos\u00ed aparece en un escenario cr\u00edtico en el panorama nacional, al ser una de las entidades con mayores tasas de muertes fetales en 2024, lo que refleja retos importantes en materia de salud reproductiva y atenci\u00f3n obst\u00e9trica.<\/p>\n","protected":false},"excerpt":{"rendered":"<p>En 2024 se registraron en M\u00e9xico 22 mil 031 muertes fetales, de acuerdo con las Estad\u00edsticas de Defunciones Fetales (EDF) publicadas por el INEGI. La tasa nacional fue de 62.9 por cada 100 mil mujeres de 15 a 49 a\u00f1os, aunque con diferencias importantes entre entidades. San Luis Potos\u00ed se coloc\u00f3 entre los estados con mayor incidencia, al alcanzar una tasa de 84.9 defunciones fetales por cada 100 mil mujeres en edad f\u00e9rtil, solo detr\u00e1s de Colima (86.5) y por encima del Estado de M\u00e9xico (82.7). En contraste, Oaxaca (27.8), Zacatecas (39.3) y Quintana Roo (40.0) reportaron las cifras m\u00e1s [&hellip;]<\/p>\n","protected":false},"author":1,"featured_media":178002,"comment_status":"closed","ping_status":"closed","sticky":false,"template":"","format":"video","meta":{"_monsterinsights_skip_tracking":false,"_monsterinsights_sitenote_active":false,"_monsterinsights_sitenote_note":"","_monsterinsights_sitenote_category":0,"footnotes":""},"categories":[5,45],"tags":[],"class_list":["post-178001","post","type-post","status-publish","format-video","has-post-thumbnail","hentry","category-destacadas","category-localesyregionales","post_format-post-format-video","post--single"],"yoast_head":"<!-- This site is optimized with the Yoast SEO plugin v27.5 - https:\/\/yoast.com\/product\/yoast-seo-wordpress\/ -->\n<title>SLP, entre las entidades con tasa m\u00e1s alta de muertes fetales - Canal 7 SLP - 2025<\/title>\n<meta name=\"robots\" content=\"index, follow, max-snippet:-1, max-image-preview:large, max-video-preview:-1\" \/>\n<link rel=\"canonical\" href=\"https:\/\/canal7slp.tv\/2025\/slp-entre-las-entidades-con-tasa-mas-alta-de-muertes-fetales\/\" \/>\n<meta property=\"og:locale\" content=\"es_ES\" \/>\n<meta property=\"og:type\" content=\"article\" \/>\n<meta property=\"og:title\" content=\"SLP, entre las entidades con tasa m\u00e1s alta de muertes fetales - Canal 7 SLP - 2025\" \/>\n<meta property=\"og:description\" content=\"En 2024 se registraron en M\u00e9xico 22 mil 031 muertes fetales, de acuerdo con las Estad\u00edsticas de Defunciones Fetales (EDF) publicadas por el INEGI. La tasa nacional fue de 62.9 por cada 100 mil mujeres de 15 a 49 a\u00f1os, aunque con diferencias importantes entre entidades. San Luis Potos\u00ed se coloc\u00f3 entre los estados con mayor incidencia, al alcanzar una tasa de 84.9 defunciones fetales por cada 100 mil mujeres en edad f\u00e9rtil, solo detr\u00e1s de Colima (86.5) y por encima del Estado de M\u00e9xico (82.7). En contraste, Oaxaca (27.8), Zacatecas (39.3) y Quintana Roo (40.0) reportaron las cifras m\u00e1s [&hellip;]\" \/>\n<meta property=\"og:url\" content=\"https:\/\/canal7slp.tv\/2025\/slp-entre-las-entidades-con-tasa-mas-alta-de-muertes-fetales\/\" \/>\n<meta property=\"og:site_name\" content=\"Canal 7 SLP - 2025\" \/>\n<meta property=\"article:publisher\" content=\"https:\/\/www.facebook.com\/noticieroscanal7atencionciudadana\/\" \/>\n<meta property=\"article:published_time\" content=\"2025-09-01T04:17:35+00:00\" \/>\n<meta property=\"og:image\" content=\"https:\/\/canal7slp.tv\/2025\/wp-content\/uploads\/2025\/08\/0824ec52-db51-4a9b-946c-e4acec3ff85c.jpeg\" \/>\n\t<meta property=\"og:image:width\" content=\"931\" \/>\n\t<meta property=\"og:image:height\" content=\"579\" \/>\n\t<meta property=\"og:image:type\" content=\"image\/jpeg\" \/>\n<meta name=\"author\" content=\"admin\" \/>\n<meta name=\"twitter:card\" content=\"summary_large_image\" \/>\n<meta name=\"twitter:creator\" content=\"@NOTICIEROS7\" \/>\n<meta name=\"twitter:site\" content=\"@NOTICIEROS7\" \/>\n<meta name=\"twitter:label1\" content=\"Escrito por\" \/>\n\t<meta name=\"twitter:data1\" content=\"admin\" \/>\n\t<meta name=\"twitter:label2\" content=\"Tiempo de lectura\" \/>\n\t<meta name=\"twitter:data2\" content=\"2 minutos\" \/>\n<script type=\"application\/ld+json\" class=\"yoast-schema-graph\">{\"@context\":\"https:\\\/\\\/schema.org\",\"@graph\":[{\"@type\":\"Article\",\"@id\":\"https:\\\/\\\/canal7slp.tv\\\/2025\\\/slp-entre-las-entidades-con-tasa-mas-alta-de-muertes-fetales\\\/#article\",\"isPartOf\":{\"@id\":\"https:\\\/\\\/canal7slp.tv\\\/2025\\\/slp-entre-las-entidades-con-tasa-mas-alta-de-muertes-fetales\\\/\"},\"author\":{\"name\":\"admin\",\"@id\":\"https:\\\/\\\/canal7slp.tv\\\/2025\\\/#\\\/schema\\\/person\\\/1257e7e4a3d5ac29c4732733a887970d\"},\"headline\":\"SLP, entre las entidades con tasa m\u00e1s alta de muertes fetales\",\"datePublished\":\"2025-09-01T04:17:35+00:00\",\"mainEntityOfPage\":{\"@id\":\"https:\\\/\\\/canal7slp.tv\\\/2025\\\/slp-entre-las-entidades-con-tasa-mas-alta-de-muertes-fetales\\\/\"},\"wordCount\":283,\"publisher\":{\"@id\":\"https:\\\/\\\/canal7slp.tv\\\/2025\\\/#organization\"},\"image\":{\"@id\":\"https:\\\/\\\/canal7slp.tv\\\/2025\\\/slp-entre-las-entidades-con-tasa-mas-alta-de-muertes-fetales\\\/#primaryimage\"},\"thumbnailUrl\":\"https:\\\/\\\/canal7slp.tv\\\/2025\\\/wp-content\\\/uploads\\\/2025\\\/08\\\/0824ec52-db51-4a9b-946c-e4acec3ff85c.jpeg\",\"articleSection\":[\"DESTACADAS\",\"LOCALES Y REGIONALES\"],\"inLanguage\":\"es\"},{\"@type\":\"WebPage\",\"@id\":\"https:\\\/\\\/canal7slp.tv\\\/2025\\\/slp-entre-las-entidades-con-tasa-mas-alta-de-muertes-fetales\\\/\",\"url\":\"https:\\\/\\\/canal7slp.tv\\\/2025\\\/slp-entre-las-entidades-con-tasa-mas-alta-de-muertes-fetales\\\/\",\"name\":\"SLP, entre las entidades con tasa m\u00e1s alta de muertes fetales - Canal 7 SLP - 2025\",\"isPartOf\":{\"@id\":\"https:\\\/\\\/canal7slp.tv\\\/2025\\\/#website\"},\"primaryImageOfPage\":{\"@id\":\"https:\\\/\\\/canal7slp.tv\\\/2025\\\/slp-entre-las-entidades-con-tasa-mas-alta-de-muertes-fetales\\\/#primaryimage\"},\"image\":{\"@id\":\"https:\\\/\\\/canal7slp.tv\\\/2025\\\/slp-entre-las-entidades-con-tasa-mas-alta-de-muertes-fetales\\\/#primaryimage\"},\"thumbnailUrl\":\"https:\\\/\\\/canal7slp.tv\\\/2025\\\/wp-content\\\/uploads\\\/2025\\\/08\\\/0824ec52-db51-4a9b-946c-e4acec3ff85c.jpeg\",\"datePublished\":\"2025-09-01T04:17:35+00:00\",\"breadcrumb\":{\"@id\":\"https:\\\/\\\/canal7slp.tv\\\/2025\\\/slp-entre-las-entidades-con-tasa-mas-alta-de-muertes-fetales\\\/#breadcrumb\"},\"inLanguage\":\"es\",\"potentialAction\":[{\"@type\":\"ReadAction\",\"target\":[\"https:\\\/\\\/canal7slp.tv\\\/2025\\\/slp-entre-las-entidades-con-tasa-mas-alta-de-muertes-fetales\\\/\"]}]},{\"@type\":\"ImageObject\",\"inLanguage\":\"es\",\"@id\":\"https:\\\/\\\/canal7slp.tv\\\/2025\\\/slp-entre-las-entidades-con-tasa-mas-alta-de-muertes-fetales\\\/#primaryimage\",\"url\":\"https:\\\/\\\/canal7slp.tv\\\/2025\\\/wp-content\\\/uploads\\\/2025\\\/08\\\/0824ec52-db51-4a9b-946c-e4acec3ff85c.jpeg\",\"contentUrl\":\"https:\\\/\\\/canal7slp.tv\\\/2025\\\/wp-content\\\/uploads\\\/2025\\\/08\\\/0824ec52-db51-4a9b-946c-e4acec3ff85c.jpeg\",\"width\":931,\"height\":579},{\"@type\":\"BreadcrumbList\",\"@id\":\"https:\\\/\\\/canal7slp.tv\\\/2025\\\/slp-entre-las-entidades-con-tasa-mas-alta-de-muertes-fetales\\\/#breadcrumb\",\"itemListElement\":[{\"@type\":\"ListItem\",\"position\":1,\"name\":\"Portada\",\"item\":\"https:\\\/\\\/canal7slp.tv\\\/2025\\\/\"},{\"@type\":\"ListItem\",\"position\":2,\"name\":\"SLP, entre las entidades con tasa m\u00e1s alta de muertes fetales\"}]},{\"@type\":\"WebSite\",\"@id\":\"https:\\\/\\\/canal7slp.tv\\\/2025\\\/#website\",\"url\":\"https:\\\/\\\/canal7slp.tv\\\/2025\\\/\",\"name\":\"N7 - Noticieros Canal 7\",\"description\":\"Somos el Medio\",\"publisher\":{\"@id\":\"https:\\\/\\\/canal7slp.tv\\\/2025\\\/#organization\"},\"potentialAction\":[{\"@type\":\"SearchAction\",\"target\":{\"@type\":\"EntryPoint\",\"urlTemplate\":\"https:\\\/\\\/canal7slp.tv\\\/2025\\\/?s={search_term_string}\"},\"query-input\":{\"@type\":\"PropertyValueSpecification\",\"valueRequired\":true,\"valueName\":\"search_term_string\"}}],\"inLanguage\":\"es\"},{\"@type\":\"Organization\",\"@id\":\"https:\\\/\\\/canal7slp.tv\\\/2025\\\/#organization\",\"name\":\"Noticieros Canal 7\",\"url\":\"https:\\\/\\\/canal7slp.tv\\\/2025\\\/\",\"logo\":{\"@type\":\"ImageObject\",\"inLanguage\":\"es\",\"@id\":\"https:\\\/\\\/canal7slp.tv\\\/2025\\\/#\\\/schema\\\/logo\\\/image\\\/\",\"url\":\"https:\\\/\\\/canal7slp.tv\\\/2025\\\/wp-content\\\/uploads\\\/2021\\\/01\\\/logo-noticieros@2x.png\",\"contentUrl\":\"https:\\\/\\\/canal7slp.tv\\\/2025\\\/wp-content\\\/uploads\\\/2021\\\/01\\\/logo-noticieros@2x.png\",\"width\":1017,\"height\":268,\"caption\":\"Noticieros Canal 7\"},\"image\":{\"@id\":\"https:\\\/\\\/canal7slp.tv\\\/2025\\\/#\\\/schema\\\/logo\\\/image\\\/\"},\"sameAs\":[\"https:\\\/\\\/www.facebook.com\\\/noticieroscanal7atencionciudadana\\\/\",\"https:\\\/\\\/x.com\\\/NOTICIEROS7\",\"https:\\\/\\\/www.instagram.com\\\/canal7_slp\",\"https:\\\/\\\/www.youtube.com\\\/channel\\\/UCliiYs-gP3JfJeqdPrNdd5A\"]},{\"@type\":\"Person\",\"@id\":\"https:\\\/\\\/canal7slp.tv\\\/2025\\\/#\\\/schema\\\/person\\\/1257e7e4a3d5ac29c4732733a887970d\",\"name\":\"admin\",\"image\":{\"@type\":\"ImageObject\",\"inLanguage\":\"es\",\"@id\":\"https:\\\/\\\/secure.gravatar.com\\\/avatar\\\/d1da498ea933582ecc2b5d72a4eac16ec41c3ec04cf2dc9d46e0b557dedfd5ff?s=96&d=mm&r=g\",\"url\":\"https:\\\/\\\/secure.gravatar.com\\\/avatar\\\/d1da498ea933582ecc2b5d72a4eac16ec41c3ec04cf2dc9d46e0b557dedfd5ff?s=96&d=mm&r=g\",\"contentUrl\":\"https:\\\/\\\/secure.gravatar.com\\\/avatar\\\/d1da498ea933582ecc2b5d72a4eac16ec41c3ec04cf2dc9d46e0b557dedfd5ff?s=96&d=mm&r=g\",\"caption\":\"admin\"},\"sameAs\":[\"https:\\\/\\\/canal7slp.tv\\\/2025\"],\"url\":\"https:\\\/\\\/canal7slp.tv\\\/2025\\\/author\\\/bicefalo\\\/\"}]}<\/script>\n<!-- \/ Yoast SEO plugin. -->","yoast_head_json":{"title":"SLP, entre las entidades con tasa m\u00e1s alta de muertes fetales - Canal 7 SLP - 2025","robots":{"index":"index","follow":"follow","max-snippet":"max-snippet:-1","max-image-preview":"max-image-preview:large","max-video-preview":"max-video-preview:-1"},"canonical":"https:\/\/canal7slp.tv\/2025\/slp-entre-las-entidades-con-tasa-mas-alta-de-muertes-fetales\/","og_locale":"es_ES","og_type":"article","og_title":"SLP, entre las entidades con tasa m\u00e1s alta de muertes fetales - Canal 7 SLP - 2025","og_description":"En 2024 se registraron en M\u00e9xico 22 mil 031 muertes fetales, de acuerdo con las Estad\u00edsticas de Defunciones Fetales (EDF) publicadas por el INEGI. La tasa nacional fue de 62.9 por cada 100 mil mujeres de 15 a 49 a\u00f1os, aunque con diferencias importantes entre entidades. San Luis Potos\u00ed se coloc\u00f3 entre los estados con mayor incidencia, al alcanzar una tasa de 84.9 defunciones fetales por cada 100 mil mujeres en edad f\u00e9rtil, solo detr\u00e1s de Colima (86.5) y por encima del Estado de M\u00e9xico (82.7). En contraste, Oaxaca (27.8), Zacatecas (39.3) y Quintana Roo (40.0) reportaron las cifras m\u00e1s [&hellip;]","og_url":"https:\/\/canal7slp.tv\/2025\/slp-entre-las-entidades-con-tasa-mas-alta-de-muertes-fetales\/","og_site_name":"Canal 7 SLP - 2025","article_publisher":"https:\/\/www.facebook.com\/noticieroscanal7atencionciudadana\/","article_published_time":"2025-09-01T04:17:35+00:00","og_image":[{"width":931,"height":579,"url":"https:\/\/canal7slp.tv\/2025\/wp-content\/uploads\/2025\/08\/0824ec52-db51-4a9b-946c-e4acec3ff85c.jpeg","type":"image\/jpeg"}],"author":"admin","twitter_card":"summary_large_image","twitter_creator":"@NOTICIEROS7","twitter_site":"@NOTICIEROS7","twitter_misc":{"Escrito por":"admin","Tiempo de lectura":"2 minutos"},"schema":{"@context":"https:\/\/schema.org","@graph":[{"@type":"Article","@id":"https:\/\/canal7slp.tv\/2025\/slp-entre-las-entidades-con-tasa-mas-alta-de-muertes-fetales\/#article","isPartOf":{"@id":"https:\/\/canal7slp.tv\/2025\/slp-entre-las-entidades-con-tasa-mas-alta-de-muertes-fetales\/"},"author":{"name":"admin","@id":"https:\/\/canal7slp.tv\/2025\/#\/schema\/person\/1257e7e4a3d5ac29c4732733a887970d"},"headline":"SLP, entre las entidades con tasa m\u00e1s alta de muertes fetales","datePublished":"2025-09-01T04:17:35+00:00","mainEntityOfPage":{"@id":"https:\/\/canal7slp.tv\/2025\/slp-entre-las-entidades-con-tasa-mas-alta-de-muertes-fetales\/"},"wordCount":283,"publisher":{"@id":"https:\/\/canal7slp.tv\/2025\/#organization"},"image":{"@id":"https:\/\/canal7slp.tv\/2025\/slp-entre-las-entidades-con-tasa-mas-alta-de-muertes-fetales\/#primaryimage"},"thumbnailUrl":"https:\/\/canal7slp.tv\/2025\/wp-content\/uploads\/2025\/08\/0824ec52-db51-4a9b-946c-e4acec3ff85c.jpeg","articleSection":["DESTACADAS","LOCALES Y REGIONALES"],"inLanguage":"es"},{"@type":"WebPage","@id":"https:\/\/canal7slp.tv\/2025\/slp-entre-las-entidades-con-tasa-mas-alta-de-muertes-fetales\/","url":"https:\/\/canal7slp.tv\/2025\/slp-entre-las-entidades-con-tasa-mas-alta-de-muertes-fetales\/","name":"SLP, entre las entidades con tasa m\u00e1s alta de muertes fetales - Canal 7 SLP - 2025","isPartOf":{"@id":"https:\/\/canal7slp.tv\/2025\/#website"},"primaryImageOfPage":{"@id":"https:\/\/canal7slp.tv\/2025\/slp-entre-las-entidades-con-tasa-mas-alta-de-muertes-fetales\/#primaryimage"},"image":{"@id":"https:\/\/canal7slp.tv\/2025\/slp-entre-las-entidades-con-tasa-mas-alta-de-muertes-fetales\/#primaryimage"},"thumbnailUrl":"https:\/\/canal7slp.tv\/2025\/wp-content\/uploads\/2025\/08\/0824ec52-db51-4a9b-946c-e4acec3ff85c.jpeg","datePublished":"2025-09-01T04:17:35+00:00","breadcrumb":{"@id":"https:\/\/canal7slp.tv\/2025\/slp-entre-las-entidades-con-tasa-mas-alta-de-muertes-fetales\/#breadcrumb"},"inLanguage":"es","potentialAction":[{"@type":"ReadAction","target":["https:\/\/canal7slp.tv\/2025\/slp-entre-las-entidades-con-tasa-mas-alta-de-muertes-fetales\/"]}]},{"@type":"ImageObject","inLanguage":"es","@id":"https:\/\/canal7slp.tv\/2025\/slp-entre-las-entidades-con-tasa-mas-alta-de-muertes-fetales\/#primaryimage","url":"https:\/\/canal7slp.tv\/2025\/wp-content\/uploads\/2025\/08\/0824ec52-db51-4a9b-946c-e4acec3ff85c.jpeg","contentUrl":"https:\/\/canal7slp.tv\/2025\/wp-content\/uploads\/2025\/08\/0824ec52-db51-4a9b-946c-e4acec3ff85c.jpeg","width":931,"height":579},{"@type":"BreadcrumbList","@id":"https:\/\/canal7slp.tv\/2025\/slp-entre-las-entidades-con-tasa-mas-alta-de-muertes-fetales\/#breadcrumb","itemListElement":[{"@type":"ListItem","position":1,"name":"Portada","item":"https:\/\/canal7slp.tv\/2025\/"},{"@type":"ListItem","position":2,"name":"SLP, entre las entidades con tasa m\u00e1s alta de muertes fetales"}]},{"@type":"WebSite","@id":"https:\/\/canal7slp.tv\/2025\/#website","url":"https:\/\/canal7slp.tv\/2025\/","name":"N7 - Noticieros Canal 7","description":"Somos el Medio","publisher":{"@id":"https:\/\/canal7slp.tv\/2025\/#organization"},"potentialAction":[{"@type":"SearchAction","target":{"@type":"EntryPoint","urlTemplate":"https:\/\/canal7slp.tv\/2025\/?s={search_term_string}"},"query-input":{"@type":"PropertyValueSpecification","valueRequired":true,"valueName":"search_term_string"}}],"inLanguage":"es"},{"@type":"Organization","@id":"https:\/\/canal7slp.tv\/2025\/#organization","name":"Noticieros Canal 7","url":"https:\/\/canal7slp.tv\/2025\/","logo":{"@type":"ImageObject","inLanguage":"es","@id":"https:\/\/canal7slp.tv\/2025\/#\/schema\/logo\/image\/","url":"https:\/\/canal7slp.tv\/2025\/wp-content\/uploads\/2021\/01\/logo-noticieros@2x.png","contentUrl":"https:\/\/canal7slp.tv\/2025\/wp-content\/uploads\/2021\/01\/logo-noticieros@2x.png","width":1017,"height":268,"caption":"Noticieros Canal 7"},"image":{"@id":"https:\/\/canal7slp.tv\/2025\/#\/schema\/logo\/image\/"},"sameAs":["https:\/\/www.facebook.com\/noticieroscanal7atencionciudadana\/","https:\/\/x.com\/NOTICIEROS7","https:\/\/www.instagram.com\/canal7_slp","https:\/\/www.youtube.com\/channel\/UCliiYs-gP3JfJeqdPrNdd5A"]},{"@type":"Person","@id":"https:\/\/canal7slp.tv\/2025\/#\/schema\/person\/1257e7e4a3d5ac29c4732733a887970d","name":"admin","image":{"@type":"ImageObject","inLanguage":"es","@id":"https:\/\/secure.gravatar.com\/avatar\/d1da498ea933582ecc2b5d72a4eac16ec41c3ec04cf2dc9d46e0b557dedfd5ff?s=96&d=mm&r=g","url":"https:\/\/secure.gravatar.com\/avatar\/d1da498ea933582ecc2b5d72a4eac16ec41c3ec04cf2dc9d46e0b557dedfd5ff?s=96&d=mm&r=g","contentUrl":"https:\/\/secure.gravatar.com\/avatar\/d1da498ea933582ecc2b5d72a4eac16ec41c3ec04cf2dc9d46e0b557dedfd5ff?s=96&d=mm&r=g","caption":"admin"},"sameAs":["https:\/\/canal7slp.tv\/2025"],"url":"https:\/\/canal7slp.tv\/2025\/author\/bicefalo\/"}]}},"_links":{"self":[{"href":"https:\/\/canal7slp.tv\/2025\/wp-json\/wp\/v2\/posts\/178001","targetHints":{"allow":["GET"]}}],"collection":[{"href":"https:\/\/canal7slp.tv\/2025\/wp-json\/wp\/v2\/posts"}],"about":[{"href":"https:\/\/canal7slp.tv\/2025\/wp-json\/wp\/v2\/types\/post"}],"author":[{"embeddable":true,"href":"https:\/\/canal7slp.tv\/2025\/wp-json\/wp\/v2\/users\/1"}],"replies":[{"embeddable":true,"href":"https:\/\/canal7slp.tv\/2025\/wp-json\/wp\/v2\/comments?post=178001"}],"version-history":[{"count":2,"href":"https:\/\/canal7slp.tv\/2025\/wp-json\/wp\/v2\/posts\/178001\/revisions"}],"predecessor-version":[{"id":178004,"href":"https:\/\/canal7slp.tv\/2025\/wp-json\/wp\/v2\/posts\/178001\/revisions\/178004"}],"wp:featuredmedia":[{"embeddable":true,"href":"https:\/\/canal7slp.tv\/2025\/wp-json\/wp\/v2\/media\/178002"}],"wp:attachment":[{"href":"https:\/\/canal7slp.tv\/2025\/wp-json\/wp\/v2\/media?parent=178001"}],"wp:term":[{"taxonomy":"category","embeddable":true,"href":"https:\/\/canal7slp.tv\/2025\/wp-json\/wp\/v2\/categories?post=178001"},{"taxonomy":"post_tag","embeddable":true,"href":"https:\/\/canal7slp.tv\/2025\/wp-json\/wp\/v2\/tags?post=178001"}],"curies":[{"name":"wp","href":"https:\/\/api.w.org\/{rel}","templated":true}]}}