{"id":177998,"date":"2025-08-31T22:04:42","date_gmt":"2025-09-01T04:04:42","guid":{"rendered":"https:\/\/canal7slp.tv\/2025\/?p=177998"},"modified":"2025-08-31T22:04:42","modified_gmt":"2025-09-01T04:04:42","slug":"descarta-gallardo-que-cantidad-de-habitantes-en-la-pila-impida-que-se-convierta-en-municipio","status":"publish","type":"post","link":"https:\/\/canal7slp.tv\/2025\/descarta-gallardo-que-cantidad-de-habitantes-en-la-pila-impida-que-se-convierta-en-municipio\/","title":{"rendered":"Descarta Gallardo que cantidad de habitantes en La Pila impida que se convierta en municipio"},"content":{"rendered":"<p style=\"text-align: justify;\">El gobernador de San Luis Potos\u00ed, Ricardo Gallardo Cardona, afirm\u00f3 que La Pila cuenta con lo necesario para convertirse en municipio y desestim\u00f3 las versiones que establecen lo contrario.<\/p>\n<p style=\"text-align: justify;\">\u201cEscuch\u00e9 comentarios de que se necesitan m\u00e1s de 20 mil habitantes y es una mentira, en ning\u00fan lado dice eso&#8230; Cerro de San Pedro tiene 5 mil habitantes, Armadillo de los Infante tiene 6 mil habitantes y as\u00ed te puedo decir, f\u00e1cil 20 municipios que tienen menos de 20 mil habitantes\u201d, expres\u00f3.<\/p>\n<p style=\"text-align: justify;\">Sostuvo que el factor determinante no es el n\u00famero de habitantes, sino la capacidad recaudatoria de la delegaci\u00f3n.<\/p>\n<p style=\"text-align: justify;\">\u201cCualquier delegaci\u00f3n se puede hacer municipio si tiene suficiente infraestructura recaudatoria, no infraestructura para poderse volver municipio sino recaudatoria\u201d, insisti\u00f3.<\/p>\n<p style=\"text-align: justify;\">En ese sentido, destac\u00f3 que La Pila tendr\u00eda ingresos similares a los de otras demarcaciones importantes del estado.<\/p>\n<p style=\"text-align: justify;\">\u201cLa Pila ser\u00eda uno de los municipios m\u00e1s ricos como hoy ya lo es Pozos, Pozos tiene un 25% solamente menos de presupuesto que Soledad, entonces es incre\u00edble que Pozos hoy tenga el mismo recurso o un poquito m\u00e1s que Valles, o el mismo recurso de Rioverde, La Pila ser\u00eda un caso similar\u201d, explic\u00f3.<\/p>\n<p style=\"text-align: justify;\">Gallardo tambi\u00e9n resalt\u00f3 que los recursos de la capital no se ver\u00edan afectados en su totalidad, ya que una parte importante de la zona industrial permanecer\u00eda bajo su administraci\u00f3n.<\/p>\n<p style=\"text-align: justify;\">\u201cA qu\u00e9 es a lo que le tienen miedo, a que se corte el suministro de recurso para la capital para hacer otro tipo de obras que no sean en la delegaci\u00f3n, pero se puede delimitar, hay una parte tambi\u00e9n muy grande de zona industrial que va a quedar en la capital y donde ellos pueden seguir teniendo ingresos\u201d, puntualiz\u00f3.<\/p>\n<p style=\"text-align: justify;\">Finalmente, consider\u00f3 que detr\u00e1s de las posturas en contra existen intereses econ\u00f3micos.<\/p>\n<p style=\"text-align: justify;\">\u201cSiempre va a haber temas pol\u00edticos por los cuales no se quiera o no se le permita a una delegaci\u00f3n crecer y estos temas pol\u00edticos se llaman simplemente dinero&#8230; Ya est\u00e1n juntando firmas anda en calle por calle juntando firmas pero es una decisi\u00f3n de ellos\u201d, concluy\u00f3.<\/p>\n","protected":false},"excerpt":{"rendered":"<p>El gobernador de San Luis Potos\u00ed, Ricardo Gallardo Cardona, afirm\u00f3 que La Pila cuenta con lo necesario para convertirse en municipio y desestim\u00f3 las versiones que establecen lo contrario. \u201cEscuch\u00e9 comentarios de que se necesitan m\u00e1s de 20 mil habitantes y es una mentira, en ning\u00fan lado dice eso&#8230; Cerro de San Pedro tiene 5 mil habitantes, Armadillo de los Infante tiene 6 mil habitantes y as\u00ed te puedo decir, f\u00e1cil 20 municipios que tienen menos de 20 mil habitantes\u201d, expres\u00f3. Sostuvo que el factor determinante no es el n\u00famero de habitantes, sino la capacidad recaudatoria de la delegaci\u00f3n. \u201cCualquier [&hellip;]<\/p>\n","protected":false},"author":1,"featured_media":177999,"comment_status":"closed","ping_status":"closed","sticky":false,"template":"","format":"video","meta":{"_monsterinsights_skip_tracking":false,"_monsterinsights_sitenote_active":false,"_monsterinsights_sitenote_note":"","_monsterinsights_sitenote_category":0,"footnotes":""},"categories":[5,45],"tags":[],"class_list":["post-177998","post","type-post","status-publish","format-video","has-post-thumbnail","hentry","category-destacadas","category-localesyregionales","post_format-post-format-video","post--single"],"yoast_head":"<!-- This site is optimized with the Yoast SEO plugin v27.5 - https:\/\/yoast.com\/product\/yoast-seo-wordpress\/ -->\n<title>Descarta Gallardo que cantidad de habitantes en La Pila impida que se convierta en municipio - Canal 7 SLP - 2025<\/title>\n<meta name=\"robots\" content=\"index, follow, max-snippet:-1, max-image-preview:large, max-video-preview:-1\" \/>\n<link rel=\"canonical\" href=\"https:\/\/canal7slp.tv\/2025\/descarta-gallardo-que-cantidad-de-habitantes-en-la-pila-impida-que-se-convierta-en-municipio\/\" \/>\n<meta property=\"og:locale\" content=\"es_ES\" \/>\n<meta property=\"og:type\" content=\"article\" \/>\n<meta property=\"og:title\" content=\"Descarta Gallardo que cantidad de habitantes en La Pila impida que se convierta en municipio - Canal 7 SLP - 2025\" \/>\n<meta property=\"og:description\" content=\"El gobernador de San Luis Potos\u00ed, Ricardo Gallardo Cardona, afirm\u00f3 que La Pila cuenta con lo necesario para convertirse en municipio y desestim\u00f3 las versiones que establecen lo contrario. \u201cEscuch\u00e9 comentarios de que se necesitan m\u00e1s de 20 mil habitantes y es una mentira, en ning\u00fan lado dice eso&#8230; Cerro de San Pedro tiene 5 mil habitantes, Armadillo de los Infante tiene 6 mil habitantes y as\u00ed te puedo decir, f\u00e1cil 20 municipios que tienen menos de 20 mil habitantes\u201d, expres\u00f3. Sostuvo que el factor determinante no es el n\u00famero de habitantes, sino la capacidad recaudatoria de la delegaci\u00f3n. \u201cCualquier [&hellip;]\" \/>\n<meta property=\"og:url\" content=\"https:\/\/canal7slp.tv\/2025\/descarta-gallardo-que-cantidad-de-habitantes-en-la-pila-impida-que-se-convierta-en-municipio\/\" \/>\n<meta property=\"og:site_name\" content=\"Canal 7 SLP - 2025\" \/>\n<meta property=\"article:publisher\" content=\"https:\/\/www.facebook.com\/noticieroscanal7atencionciudadana\/\" \/>\n<meta property=\"article:published_time\" content=\"2025-09-01T04:04:42+00:00\" \/>\n<meta property=\"og:image\" content=\"https:\/\/canal7slp.tv\/2025\/wp-content\/uploads\/2025\/08\/996b6bf1-b6c8-47f4-86f6-917d41583d39.jpeg\" \/>\n\t<meta property=\"og:image:width\" content=\"938\" \/>\n\t<meta property=\"og:image:height\" content=\"552\" \/>\n\t<meta property=\"og:image:type\" content=\"image\/jpeg\" \/>\n<meta name=\"author\" content=\"admin\" \/>\n<meta name=\"twitter:card\" content=\"summary_large_image\" \/>\n<meta name=\"twitter:creator\" content=\"@NOTICIEROS7\" \/>\n<meta name=\"twitter:site\" content=\"@NOTICIEROS7\" \/>\n<meta name=\"twitter:label1\" content=\"Escrito por\" \/>\n\t<meta name=\"twitter:data1\" content=\"admin\" \/>\n\t<meta name=\"twitter:label2\" content=\"Tiempo de lectura\" \/>\n\t<meta name=\"twitter:data2\" content=\"2 minutos\" \/>\n<script type=\"application\/ld+json\" class=\"yoast-schema-graph\">{\"@context\":\"https:\\\/\\\/schema.org\",\"@graph\":[{\"@type\":\"Article\",\"@id\":\"https:\\\/\\\/canal7slp.tv\\\/2025\\\/descarta-gallardo-que-cantidad-de-habitantes-en-la-pila-impida-que-se-convierta-en-municipio\\\/#article\",\"isPartOf\":{\"@id\":\"https:\\\/\\\/canal7slp.tv\\\/2025\\\/descarta-gallardo-que-cantidad-de-habitantes-en-la-pila-impida-que-se-convierta-en-municipio\\\/\"},\"author\":{\"name\":\"admin\",\"@id\":\"https:\\\/\\\/canal7slp.tv\\\/2025\\\/#\\\/schema\\\/person\\\/1257e7e4a3d5ac29c4732733a887970d\"},\"headline\":\"Descarta Gallardo que cantidad de habitantes en La Pila impida que se convierta en municipio\",\"datePublished\":\"2025-09-01T04:04:42+00:00\",\"mainEntityOfPage\":{\"@id\":\"https:\\\/\\\/canal7slp.tv\\\/2025\\\/descarta-gallardo-que-cantidad-de-habitantes-en-la-pila-impida-que-se-convierta-en-municipio\\\/\"},\"wordCount\":373,\"publisher\":{\"@id\":\"https:\\\/\\\/canal7slp.tv\\\/2025\\\/#organization\"},\"image\":{\"@id\":\"https:\\\/\\\/canal7slp.tv\\\/2025\\\/descarta-gallardo-que-cantidad-de-habitantes-en-la-pila-impida-que-se-convierta-en-municipio\\\/#primaryimage\"},\"thumbnailUrl\":\"https:\\\/\\\/canal7slp.tv\\\/2025\\\/wp-content\\\/uploads\\\/2025\\\/08\\\/996b6bf1-b6c8-47f4-86f6-917d41583d39.jpeg\",\"articleSection\":[\"DESTACADAS\",\"LOCALES Y REGIONALES\"],\"inLanguage\":\"es\"},{\"@type\":\"WebPage\",\"@id\":\"https:\\\/\\\/canal7slp.tv\\\/2025\\\/descarta-gallardo-que-cantidad-de-habitantes-en-la-pila-impida-que-se-convierta-en-municipio\\\/\",\"url\":\"https:\\\/\\\/canal7slp.tv\\\/2025\\\/descarta-gallardo-que-cantidad-de-habitantes-en-la-pila-impida-que-se-convierta-en-municipio\\\/\",\"name\":\"Descarta Gallardo que cantidad de habitantes en La Pila impida que se convierta en municipio - Canal 7 SLP - 2025\",\"isPartOf\":{\"@id\":\"https:\\\/\\\/canal7slp.tv\\\/2025\\\/#website\"},\"primaryImageOfPage\":{\"@id\":\"https:\\\/\\\/canal7slp.tv\\\/2025\\\/descarta-gallardo-que-cantidad-de-habitantes-en-la-pila-impida-que-se-convierta-en-municipio\\\/#primaryimage\"},\"image\":{\"@id\":\"https:\\\/\\\/canal7slp.tv\\\/2025\\\/descarta-gallardo-que-cantidad-de-habitantes-en-la-pila-impida-que-se-convierta-en-municipio\\\/#primaryimage\"},\"thumbnailUrl\":\"https:\\\/\\\/canal7slp.tv\\\/2025\\\/wp-content\\\/uploads\\\/2025\\\/08\\\/996b6bf1-b6c8-47f4-86f6-917d41583d39.jpeg\",\"datePublished\":\"2025-09-01T04:04:42+00:00\",\"breadcrumb\":{\"@id\":\"https:\\\/\\\/canal7slp.tv\\\/2025\\\/descarta-gallardo-que-cantidad-de-habitantes-en-la-pila-impida-que-se-convierta-en-municipio\\\/#breadcrumb\"},\"inLanguage\":\"es\",\"potentialAction\":[{\"@type\":\"ReadAction\",\"target\":[\"https:\\\/\\\/canal7slp.tv\\\/2025\\\/descarta-gallardo-que-cantidad-de-habitantes-en-la-pila-impida-que-se-convierta-en-municipio\\\/\"]}]},{\"@type\":\"ImageObject\",\"inLanguage\":\"es\",\"@id\":\"https:\\\/\\\/canal7slp.tv\\\/2025\\\/descarta-gallardo-que-cantidad-de-habitantes-en-la-pila-impida-que-se-convierta-en-municipio\\\/#primaryimage\",\"url\":\"https:\\\/\\\/canal7slp.tv\\\/2025\\\/wp-content\\\/uploads\\\/2025\\\/08\\\/996b6bf1-b6c8-47f4-86f6-917d41583d39.jpeg\",\"contentUrl\":\"https:\\\/\\\/canal7slp.tv\\\/2025\\\/wp-content\\\/uploads\\\/2025\\\/08\\\/996b6bf1-b6c8-47f4-86f6-917d41583d39.jpeg\",\"width\":938,\"height\":552},{\"@type\":\"BreadcrumbList\",\"@id\":\"https:\\\/\\\/canal7slp.tv\\\/2025\\\/descarta-gallardo-que-cantidad-de-habitantes-en-la-pila-impida-que-se-convierta-en-municipio\\\/#breadcrumb\",\"itemListElement\":[{\"@type\":\"ListItem\",\"position\":1,\"name\":\"Portada\",\"item\":\"https:\\\/\\\/canal7slp.tv\\\/2025\\\/\"},{\"@type\":\"ListItem\",\"position\":2,\"name\":\"Descarta Gallardo que cantidad de habitantes en La Pila impida que se convierta en municipio\"}]},{\"@type\":\"WebSite\",\"@id\":\"https:\\\/\\\/canal7slp.tv\\\/2025\\\/#website\",\"url\":\"https:\\\/\\\/canal7slp.tv\\\/2025\\\/\",\"name\":\"N7 - Noticieros Canal 7\",\"description\":\"Somos el Medio\",\"publisher\":{\"@id\":\"https:\\\/\\\/canal7slp.tv\\\/2025\\\/#organization\"},\"potentialAction\":[{\"@type\":\"SearchAction\",\"target\":{\"@type\":\"EntryPoint\",\"urlTemplate\":\"https:\\\/\\\/canal7slp.tv\\\/2025\\\/?s={search_term_string}\"},\"query-input\":{\"@type\":\"PropertyValueSpecification\",\"valueRequired\":true,\"valueName\":\"search_term_string\"}}],\"inLanguage\":\"es\"},{\"@type\":\"Organization\",\"@id\":\"https:\\\/\\\/canal7slp.tv\\\/2025\\\/#organization\",\"name\":\"Noticieros Canal 7\",\"url\":\"https:\\\/\\\/canal7slp.tv\\\/2025\\\/\",\"logo\":{\"@type\":\"ImageObject\",\"inLanguage\":\"es\",\"@id\":\"https:\\\/\\\/canal7slp.tv\\\/2025\\\/#\\\/schema\\\/logo\\\/image\\\/\",\"url\":\"https:\\\/\\\/canal7slp.tv\\\/2025\\\/wp-content\\\/uploads\\\/2021\\\/01\\\/logo-noticieros@2x.png\",\"contentUrl\":\"https:\\\/\\\/canal7slp.tv\\\/2025\\\/wp-content\\\/uploads\\\/2021\\\/01\\\/logo-noticieros@2x.png\",\"width\":1017,\"height\":268,\"caption\":\"Noticieros Canal 7\"},\"image\":{\"@id\":\"https:\\\/\\\/canal7slp.tv\\\/2025\\\/#\\\/schema\\\/logo\\\/image\\\/\"},\"sameAs\":[\"https:\\\/\\\/www.facebook.com\\\/noticieroscanal7atencionciudadana\\\/\",\"https:\\\/\\\/x.com\\\/NOTICIEROS7\",\"https:\\\/\\\/www.instagram.com\\\/canal7_slp\",\"https:\\\/\\\/www.youtube.com\\\/channel\\\/UCliiYs-gP3JfJeqdPrNdd5A\"]},{\"@type\":\"Person\",\"@id\":\"https:\\\/\\\/canal7slp.tv\\\/2025\\\/#\\\/schema\\\/person\\\/1257e7e4a3d5ac29c4732733a887970d\",\"name\":\"admin\",\"image\":{\"@type\":\"ImageObject\",\"inLanguage\":\"es\",\"@id\":\"https:\\\/\\\/secure.gravatar.com\\\/avatar\\\/d1da498ea933582ecc2b5d72a4eac16ec41c3ec04cf2dc9d46e0b557dedfd5ff?s=96&d=mm&r=g\",\"url\":\"https:\\\/\\\/secure.gravatar.com\\\/avatar\\\/d1da498ea933582ecc2b5d72a4eac16ec41c3ec04cf2dc9d46e0b557dedfd5ff?s=96&d=mm&r=g\",\"contentUrl\":\"https:\\\/\\\/secure.gravatar.com\\\/avatar\\\/d1da498ea933582ecc2b5d72a4eac16ec41c3ec04cf2dc9d46e0b557dedfd5ff?s=96&d=mm&r=g\",\"caption\":\"admin\"},\"sameAs\":[\"https:\\\/\\\/canal7slp.tv\\\/2025\"],\"url\":\"https:\\\/\\\/canal7slp.tv\\\/2025\\\/author\\\/bicefalo\\\/\"}]}<\/script>\n<!-- \/ Yoast SEO plugin. -->","yoast_head_json":{"title":"Descarta Gallardo que cantidad de habitantes en La Pila impida que se convierta en municipio - Canal 7 SLP - 2025","robots":{"index":"index","follow":"follow","max-snippet":"max-snippet:-1","max-image-preview":"max-image-preview:large","max-video-preview":"max-video-preview:-1"},"canonical":"https:\/\/canal7slp.tv\/2025\/descarta-gallardo-que-cantidad-de-habitantes-en-la-pila-impida-que-se-convierta-en-municipio\/","og_locale":"es_ES","og_type":"article","og_title":"Descarta Gallardo que cantidad de habitantes en La Pila impida que se convierta en municipio - Canal 7 SLP - 2025","og_description":"El gobernador de San Luis Potos\u00ed, Ricardo Gallardo Cardona, afirm\u00f3 que La Pila cuenta con lo necesario para convertirse en municipio y desestim\u00f3 las versiones que establecen lo contrario. \u201cEscuch\u00e9 comentarios de que se necesitan m\u00e1s de 20 mil habitantes y es una mentira, en ning\u00fan lado dice eso&#8230; Cerro de San Pedro tiene 5 mil habitantes, Armadillo de los Infante tiene 6 mil habitantes y as\u00ed te puedo decir, f\u00e1cil 20 municipios que tienen menos de 20 mil habitantes\u201d, expres\u00f3. Sostuvo que el factor determinante no es el n\u00famero de habitantes, sino la capacidad recaudatoria de la delegaci\u00f3n. \u201cCualquier [&hellip;]","og_url":"https:\/\/canal7slp.tv\/2025\/descarta-gallardo-que-cantidad-de-habitantes-en-la-pila-impida-que-se-convierta-en-municipio\/","og_site_name":"Canal 7 SLP - 2025","article_publisher":"https:\/\/www.facebook.com\/noticieroscanal7atencionciudadana\/","article_published_time":"2025-09-01T04:04:42+00:00","og_image":[{"width":938,"height":552,"url":"https:\/\/canal7slp.tv\/2025\/wp-content\/uploads\/2025\/08\/996b6bf1-b6c8-47f4-86f6-917d41583d39.jpeg","type":"image\/jpeg"}],"author":"admin","twitter_card":"summary_large_image","twitter_creator":"@NOTICIEROS7","twitter_site":"@NOTICIEROS7","twitter_misc":{"Escrito por":"admin","Tiempo de lectura":"2 minutos"},"schema":{"@context":"https:\/\/schema.org","@graph":[{"@type":"Article","@id":"https:\/\/canal7slp.tv\/2025\/descarta-gallardo-que-cantidad-de-habitantes-en-la-pila-impida-que-se-convierta-en-municipio\/#article","isPartOf":{"@id":"https:\/\/canal7slp.tv\/2025\/descarta-gallardo-que-cantidad-de-habitantes-en-la-pila-impida-que-se-convierta-en-municipio\/"},"author":{"name":"admin","@id":"https:\/\/canal7slp.tv\/2025\/#\/schema\/person\/1257e7e4a3d5ac29c4732733a887970d"},"headline":"Descarta Gallardo que cantidad de habitantes en La Pila impida que se convierta en municipio","datePublished":"2025-09-01T04:04:42+00:00","mainEntityOfPage":{"@id":"https:\/\/canal7slp.tv\/2025\/descarta-gallardo-que-cantidad-de-habitantes-en-la-pila-impida-que-se-convierta-en-municipio\/"},"wordCount":373,"publisher":{"@id":"https:\/\/canal7slp.tv\/2025\/#organization"},"image":{"@id":"https:\/\/canal7slp.tv\/2025\/descarta-gallardo-que-cantidad-de-habitantes-en-la-pila-impida-que-se-convierta-en-municipio\/#primaryimage"},"thumbnailUrl":"https:\/\/canal7slp.tv\/2025\/wp-content\/uploads\/2025\/08\/996b6bf1-b6c8-47f4-86f6-917d41583d39.jpeg","articleSection":["DESTACADAS","LOCALES Y REGIONALES"],"inLanguage":"es"},{"@type":"WebPage","@id":"https:\/\/canal7slp.tv\/2025\/descarta-gallardo-que-cantidad-de-habitantes-en-la-pila-impida-que-se-convierta-en-municipio\/","url":"https:\/\/canal7slp.tv\/2025\/descarta-gallardo-que-cantidad-de-habitantes-en-la-pila-impida-que-se-convierta-en-municipio\/","name":"Descarta Gallardo que cantidad de habitantes en La Pila impida que se convierta en municipio - Canal 7 SLP - 2025","isPartOf":{"@id":"https:\/\/canal7slp.tv\/2025\/#website"},"primaryImageOfPage":{"@id":"https:\/\/canal7slp.tv\/2025\/descarta-gallardo-que-cantidad-de-habitantes-en-la-pila-impida-que-se-convierta-en-municipio\/#primaryimage"},"image":{"@id":"https:\/\/canal7slp.tv\/2025\/descarta-gallardo-que-cantidad-de-habitantes-en-la-pila-impida-que-se-convierta-en-municipio\/#primaryimage"},"thumbnailUrl":"https:\/\/canal7slp.tv\/2025\/wp-content\/uploads\/2025\/08\/996b6bf1-b6c8-47f4-86f6-917d41583d39.jpeg","datePublished":"2025-09-01T04:04:42+00:00","breadcrumb":{"@id":"https:\/\/canal7slp.tv\/2025\/descarta-gallardo-que-cantidad-de-habitantes-en-la-pila-impida-que-se-convierta-en-municipio\/#breadcrumb"},"inLanguage":"es","potentialAction":[{"@type":"ReadAction","target":["https:\/\/canal7slp.tv\/2025\/descarta-gallardo-que-cantidad-de-habitantes-en-la-pila-impida-que-se-convierta-en-municipio\/"]}]},{"@type":"ImageObject","inLanguage":"es","@id":"https:\/\/canal7slp.tv\/2025\/descarta-gallardo-que-cantidad-de-habitantes-en-la-pila-impida-que-se-convierta-en-municipio\/#primaryimage","url":"https:\/\/canal7slp.tv\/2025\/wp-content\/uploads\/2025\/08\/996b6bf1-b6c8-47f4-86f6-917d41583d39.jpeg","contentUrl":"https:\/\/canal7slp.tv\/2025\/wp-content\/uploads\/2025\/08\/996b6bf1-b6c8-47f4-86f6-917d41583d39.jpeg","width":938,"height":552},{"@type":"BreadcrumbList","@id":"https:\/\/canal7slp.tv\/2025\/descarta-gallardo-que-cantidad-de-habitantes-en-la-pila-impida-que-se-convierta-en-municipio\/#breadcrumb","itemListElement":[{"@type":"ListItem","position":1,"name":"Portada","item":"https:\/\/canal7slp.tv\/2025\/"},{"@type":"ListItem","position":2,"name":"Descarta Gallardo que cantidad de habitantes en La Pila impida que se convierta en municipio"}]},{"@type":"WebSite","@id":"https:\/\/canal7slp.tv\/2025\/#website","url":"https:\/\/canal7slp.tv\/2025\/","name":"N7 - Noticieros Canal 7","description":"Somos el Medio","publisher":{"@id":"https:\/\/canal7slp.tv\/2025\/#organization"},"potentialAction":[{"@type":"SearchAction","target":{"@type":"EntryPoint","urlTemplate":"https:\/\/canal7slp.tv\/2025\/?s={search_term_string}"},"query-input":{"@type":"PropertyValueSpecification","valueRequired":true,"valueName":"search_term_string"}}],"inLanguage":"es"},{"@type":"Organization","@id":"https:\/\/canal7slp.tv\/2025\/#organization","name":"Noticieros Canal 7","url":"https:\/\/canal7slp.tv\/2025\/","logo":{"@type":"ImageObject","inLanguage":"es","@id":"https:\/\/canal7slp.tv\/2025\/#\/schema\/logo\/image\/","url":"https:\/\/canal7slp.tv\/2025\/wp-content\/uploads\/2021\/01\/logo-noticieros@2x.png","contentUrl":"https:\/\/canal7slp.tv\/2025\/wp-content\/uploads\/2021\/01\/logo-noticieros@2x.png","width":1017,"height":268,"caption":"Noticieros Canal 7"},"image":{"@id":"https:\/\/canal7slp.tv\/2025\/#\/schema\/logo\/image\/"},"sameAs":["https:\/\/www.facebook.com\/noticieroscanal7atencionciudadana\/","https:\/\/x.com\/NOTICIEROS7","https:\/\/www.instagram.com\/canal7_slp","https:\/\/www.youtube.com\/channel\/UCliiYs-gP3JfJeqdPrNdd5A"]},{"@type":"Person","@id":"https:\/\/canal7slp.tv\/2025\/#\/schema\/person\/1257e7e4a3d5ac29c4732733a887970d","name":"admin","image":{"@type":"ImageObject","inLanguage":"es","@id":"https:\/\/secure.gravatar.com\/avatar\/d1da498ea933582ecc2b5d72a4eac16ec41c3ec04cf2dc9d46e0b557dedfd5ff?s=96&d=mm&r=g","url":"https:\/\/secure.gravatar.com\/avatar\/d1da498ea933582ecc2b5d72a4eac16ec41c3ec04cf2dc9d46e0b557dedfd5ff?s=96&d=mm&r=g","contentUrl":"https:\/\/secure.gravatar.com\/avatar\/d1da498ea933582ecc2b5d72a4eac16ec41c3ec04cf2dc9d46e0b557dedfd5ff?s=96&d=mm&r=g","caption":"admin"},"sameAs":["https:\/\/canal7slp.tv\/2025"],"url":"https:\/\/canal7slp.tv\/2025\/author\/bicefalo\/"}]}},"_links":{"self":[{"href":"https:\/\/canal7slp.tv\/2025\/wp-json\/wp\/v2\/posts\/177998","targetHints":{"allow":["GET"]}}],"collection":[{"href":"https:\/\/canal7slp.tv\/2025\/wp-json\/wp\/v2\/posts"}],"about":[{"href":"https:\/\/canal7slp.tv\/2025\/wp-json\/wp\/v2\/types\/post"}],"author":[{"embeddable":true,"href":"https:\/\/canal7slp.tv\/2025\/wp-json\/wp\/v2\/users\/1"}],"replies":[{"embeddable":true,"href":"https:\/\/canal7slp.tv\/2025\/wp-json\/wp\/v2\/comments?post=177998"}],"version-history":[{"count":1,"href":"https:\/\/canal7slp.tv\/2025\/wp-json\/wp\/v2\/posts\/177998\/revisions"}],"predecessor-version":[{"id":178000,"href":"https:\/\/canal7slp.tv\/2025\/wp-json\/wp\/v2\/posts\/177998\/revisions\/178000"}],"wp:featuredmedia":[{"embeddable":true,"href":"https:\/\/canal7slp.tv\/2025\/wp-json\/wp\/v2\/media\/177999"}],"wp:attachment":[{"href":"https:\/\/canal7slp.tv\/2025\/wp-json\/wp\/v2\/media?parent=177998"}],"wp:term":[{"taxonomy":"category","embeddable":true,"href":"https:\/\/canal7slp.tv\/2025\/wp-json\/wp\/v2\/categories?post=177998"},{"taxonomy":"post_tag","embeddable":true,"href":"https:\/\/canal7slp.tv\/2025\/wp-json\/wp\/v2\/tags?post=177998"}],"curies":[{"name":"wp","href":"https:\/\/api.w.org\/{rel}","templated":true}]}}