{"id":177988,"date":"2025-08-31T21:54:55","date_gmt":"2025-09-01T03:54:55","guid":{"rendered":"https:\/\/canal7slp.tv\/2025\/?p=177988"},"modified":"2025-08-31T21:54:55","modified_gmt":"2025-09-01T03:54:55","slug":"voz-y-dignidad-por-los-nuestros-efectuo-un-planton-en-memoria-de-las-personas-desaparecidas","status":"publish","type":"post","link":"https:\/\/canal7slp.tv\/2025\/voz-y-dignidad-por-los-nuestros-efectuo-un-planton-en-memoria-de-las-personas-desaparecidas\/","title":{"rendered":"\u00abVoz y Dignidad por los nuestros\u00bb efectu\u00f3 un plant\u00f3n en memoria de las personas desaparecidas"},"content":{"rendered":"<div>En el marco del D\u00eda Internacional de las V\u00edctimas de Desapariciones Forzadas integrantes del colectivo \u201cVoz Y Dignidad Por los Nuestros\u201d realiz\u00f3 un plant\u00f3n en la Plaza de Armas en memoria de los que no han regresado.<\/div>\n<div><\/div>\n<div>Colocaron carteles de protesta y fotograf\u00edas de personas desaparecidas al se\u00f1alar que en datos actualizados se tiene un estimado de 130 mil personas desaparecidas en el pa\u00eds, que no se sabe de ellas.<\/div>\n<div><\/div>\n<div>La vocera del colectivo, quien desde hace trece a\u00f1os busca a sus dos hijos, dos sobrinos y un hermano que desaparecieron el 14 de Agosto del 2012 en Ciudad Mante Tamaulipas, afirm\u00f3 que en San Luis Potos\u00ed tambi\u00e9n se han ubicado sitios en donde reclutan a personas que despu\u00e9s no se sabe de ellas.<\/div>\n<div><\/div>\n<div>Asimismo, la vocera del\u00a0 colectivo \u201cVoz Y Dignidad Por los Nuestros\u201dse\u00f1al\u00f3 el n\u00famero de personas desaparecidas originarias de San Luis que tienen registradas.<\/div>\n<div><\/div>\n<div>Dijo que en la entidad potosina las madres buscadoras han encontrado campos de exterminio en la regi\u00f3n Huasteca.<\/div>\n<div><\/div>\n<div>Sobre la iniciativa de colectivos y madres buscadoras de crear una Fiscal\u00eda Especializada en Desaparici\u00f3n Forzada de Personas y Desaparici\u00f3n Cometida por Particulares, Edith P\u00e9rez Rodr\u00edguez coment\u00f3 que los diputados Cuauhtli Badillo y Fernando G\u00e1mez solo les dicen que \u201cya lleva un considerable avance\u201d.<\/div>\n<div><\/div>\n","protected":false},"excerpt":{"rendered":"<p>En el marco del D\u00eda Internacional de las V\u00edctimas de Desapariciones Forzadas integrantes del colectivo \u201cVoz Y Dignidad Por los Nuestros\u201d realiz\u00f3 un plant\u00f3n en la Plaza de Armas en memoria de los que no han regresado. Colocaron carteles de protesta y fotograf\u00edas de personas desaparecidas al se\u00f1alar que en datos actualizados se tiene un estimado de 130 mil personas desaparecidas en el pa\u00eds, que no se sabe de ellas. La vocera del colectivo, quien desde hace trece a\u00f1os busca a sus dos hijos, dos sobrinos y un hermano que desaparecieron el 14 de Agosto del 2012 en Ciudad Mante [&hellip;]<\/p>\n","protected":false},"author":1,"featured_media":177990,"comment_status":"closed","ping_status":"closed","sticky":false,"template":"","format":"video","meta":{"_monsterinsights_skip_tracking":false,"_monsterinsights_sitenote_active":false,"_monsterinsights_sitenote_note":"","_monsterinsights_sitenote_category":0,"footnotes":""},"categories":[5,45],"tags":[],"class_list":["post-177988","post","type-post","status-publish","format-video","has-post-thumbnail","hentry","category-destacadas","category-localesyregionales","post_format-post-format-video","post--single"],"yoast_head":"<!-- This site is optimized with the Yoast SEO plugin v27.5 - https:\/\/yoast.com\/product\/yoast-seo-wordpress\/ -->\n<title>&quot;Voz y Dignidad por los nuestros&quot; efectu\u00f3 un plant\u00f3n en memoria de las personas desaparecidas - Canal 7 SLP - 2025<\/title>\n<meta name=\"robots\" content=\"index, follow, max-snippet:-1, max-image-preview:large, max-video-preview:-1\" \/>\n<link rel=\"canonical\" href=\"https:\/\/canal7slp.tv\/2025\/voz-y-dignidad-por-los-nuestros-efectuo-un-planton-en-memoria-de-las-personas-desaparecidas\/\" \/>\n<meta property=\"og:locale\" content=\"es_ES\" \/>\n<meta property=\"og:type\" content=\"article\" \/>\n<meta property=\"og:title\" content=\"&quot;Voz y Dignidad por los nuestros&quot; efectu\u00f3 un plant\u00f3n en memoria de las personas desaparecidas - Canal 7 SLP - 2025\" \/>\n<meta property=\"og:description\" content=\"En el marco del D\u00eda Internacional de las V\u00edctimas de Desapariciones Forzadas integrantes del colectivo \u201cVoz Y Dignidad Por los Nuestros\u201d realiz\u00f3 un plant\u00f3n en la Plaza de Armas en memoria de los que no han regresado. Colocaron carteles de protesta y fotograf\u00edas de personas desaparecidas al se\u00f1alar que en datos actualizados se tiene un estimado de 130 mil personas desaparecidas en el pa\u00eds, que no se sabe de ellas. La vocera del colectivo, quien desde hace trece a\u00f1os busca a sus dos hijos, dos sobrinos y un hermano que desaparecieron el 14 de Agosto del 2012 en Ciudad Mante [&hellip;]\" \/>\n<meta property=\"og:url\" content=\"https:\/\/canal7slp.tv\/2025\/voz-y-dignidad-por-los-nuestros-efectuo-un-planton-en-memoria-de-las-personas-desaparecidas\/\" \/>\n<meta property=\"og:site_name\" content=\"Canal 7 SLP - 2025\" \/>\n<meta property=\"article:publisher\" content=\"https:\/\/www.facebook.com\/noticieroscanal7atencionciudadana\/\" \/>\n<meta property=\"article:published_time\" content=\"2025-09-01T03:54:55+00:00\" \/>\n<meta property=\"og:image\" content=\"https:\/\/canal7slp.tv\/2025\/wp-content\/uploads\/2025\/08\/68818654-63f2-4cce-bcf6-730b8473d9cc.jpeg\" \/>\n\t<meta property=\"og:image:width\" content=\"938\" \/>\n\t<meta property=\"og:image:height\" content=\"531\" \/>\n\t<meta property=\"og:image:type\" content=\"image\/jpeg\" \/>\n<meta name=\"author\" content=\"admin\" \/>\n<meta name=\"twitter:card\" content=\"summary_large_image\" \/>\n<meta name=\"twitter:creator\" content=\"@NOTICIEROS7\" \/>\n<meta name=\"twitter:site\" content=\"@NOTICIEROS7\" \/>\n<meta name=\"twitter:label1\" content=\"Escrito por\" \/>\n\t<meta name=\"twitter:data1\" content=\"admin\" \/>\n\t<meta name=\"twitter:label2\" content=\"Tiempo de lectura\" \/>\n\t<meta name=\"twitter:data2\" content=\"2 minutos\" \/>\n<script type=\"application\/ld+json\" class=\"yoast-schema-graph\">{\"@context\":\"https:\\\/\\\/schema.org\",\"@graph\":[{\"@type\":\"Article\",\"@id\":\"https:\\\/\\\/canal7slp.tv\\\/2025\\\/voz-y-dignidad-por-los-nuestros-efectuo-un-planton-en-memoria-de-las-personas-desaparecidas\\\/#article\",\"isPartOf\":{\"@id\":\"https:\\\/\\\/canal7slp.tv\\\/2025\\\/voz-y-dignidad-por-los-nuestros-efectuo-un-planton-en-memoria-de-las-personas-desaparecidas\\\/\"},\"author\":{\"name\":\"admin\",\"@id\":\"https:\\\/\\\/canal7slp.tv\\\/2025\\\/#\\\/schema\\\/person\\\/1257e7e4a3d5ac29c4732733a887970d\"},\"headline\":\"\u00abVoz y Dignidad por los nuestros\u00bb efectu\u00f3 un plant\u00f3n en memoria de las personas desaparecidas\",\"datePublished\":\"2025-09-01T03:54:55+00:00\",\"mainEntityOfPage\":{\"@id\":\"https:\\\/\\\/canal7slp.tv\\\/2025\\\/voz-y-dignidad-por-los-nuestros-efectuo-un-planton-en-memoria-de-las-personas-desaparecidas\\\/\"},\"wordCount\":241,\"publisher\":{\"@id\":\"https:\\\/\\\/canal7slp.tv\\\/2025\\\/#organization\"},\"image\":{\"@id\":\"https:\\\/\\\/canal7slp.tv\\\/2025\\\/voz-y-dignidad-por-los-nuestros-efectuo-un-planton-en-memoria-de-las-personas-desaparecidas\\\/#primaryimage\"},\"thumbnailUrl\":\"https:\\\/\\\/canal7slp.tv\\\/2025\\\/wp-content\\\/uploads\\\/2025\\\/08\\\/68818654-63f2-4cce-bcf6-730b8473d9cc.jpeg\",\"articleSection\":[\"DESTACADAS\",\"LOCALES Y REGIONALES\"],\"inLanguage\":\"es\"},{\"@type\":\"WebPage\",\"@id\":\"https:\\\/\\\/canal7slp.tv\\\/2025\\\/voz-y-dignidad-por-los-nuestros-efectuo-un-planton-en-memoria-de-las-personas-desaparecidas\\\/\",\"url\":\"https:\\\/\\\/canal7slp.tv\\\/2025\\\/voz-y-dignidad-por-los-nuestros-efectuo-un-planton-en-memoria-de-las-personas-desaparecidas\\\/\",\"name\":\"\\\"Voz y Dignidad por los nuestros\\\" efectu\u00f3 un plant\u00f3n en memoria de las personas desaparecidas - Canal 7 SLP - 2025\",\"isPartOf\":{\"@id\":\"https:\\\/\\\/canal7slp.tv\\\/2025\\\/#website\"},\"primaryImageOfPage\":{\"@id\":\"https:\\\/\\\/canal7slp.tv\\\/2025\\\/voz-y-dignidad-por-los-nuestros-efectuo-un-planton-en-memoria-de-las-personas-desaparecidas\\\/#primaryimage\"},\"image\":{\"@id\":\"https:\\\/\\\/canal7slp.tv\\\/2025\\\/voz-y-dignidad-por-los-nuestros-efectuo-un-planton-en-memoria-de-las-personas-desaparecidas\\\/#primaryimage\"},\"thumbnailUrl\":\"https:\\\/\\\/canal7slp.tv\\\/2025\\\/wp-content\\\/uploads\\\/2025\\\/08\\\/68818654-63f2-4cce-bcf6-730b8473d9cc.jpeg\",\"datePublished\":\"2025-09-01T03:54:55+00:00\",\"breadcrumb\":{\"@id\":\"https:\\\/\\\/canal7slp.tv\\\/2025\\\/voz-y-dignidad-por-los-nuestros-efectuo-un-planton-en-memoria-de-las-personas-desaparecidas\\\/#breadcrumb\"},\"inLanguage\":\"es\",\"potentialAction\":[{\"@type\":\"ReadAction\",\"target\":[\"https:\\\/\\\/canal7slp.tv\\\/2025\\\/voz-y-dignidad-por-los-nuestros-efectuo-un-planton-en-memoria-de-las-personas-desaparecidas\\\/\"]}]},{\"@type\":\"ImageObject\",\"inLanguage\":\"es\",\"@id\":\"https:\\\/\\\/canal7slp.tv\\\/2025\\\/voz-y-dignidad-por-los-nuestros-efectuo-un-planton-en-memoria-de-las-personas-desaparecidas\\\/#primaryimage\",\"url\":\"https:\\\/\\\/canal7slp.tv\\\/2025\\\/wp-content\\\/uploads\\\/2025\\\/08\\\/68818654-63f2-4cce-bcf6-730b8473d9cc.jpeg\",\"contentUrl\":\"https:\\\/\\\/canal7slp.tv\\\/2025\\\/wp-content\\\/uploads\\\/2025\\\/08\\\/68818654-63f2-4cce-bcf6-730b8473d9cc.jpeg\",\"width\":938,\"height\":531},{\"@type\":\"BreadcrumbList\",\"@id\":\"https:\\\/\\\/canal7slp.tv\\\/2025\\\/voz-y-dignidad-por-los-nuestros-efectuo-un-planton-en-memoria-de-las-personas-desaparecidas\\\/#breadcrumb\",\"itemListElement\":[{\"@type\":\"ListItem\",\"position\":1,\"name\":\"Portada\",\"item\":\"https:\\\/\\\/canal7slp.tv\\\/2025\\\/\"},{\"@type\":\"ListItem\",\"position\":2,\"name\":\"\u00abVoz y Dignidad por los nuestros\u00bb efectu\u00f3 un plant\u00f3n en memoria de las personas desaparecidas\"}]},{\"@type\":\"WebSite\",\"@id\":\"https:\\\/\\\/canal7slp.tv\\\/2025\\\/#website\",\"url\":\"https:\\\/\\\/canal7slp.tv\\\/2025\\\/\",\"name\":\"N7 - Noticieros Canal 7\",\"description\":\"Somos el Medio\",\"publisher\":{\"@id\":\"https:\\\/\\\/canal7slp.tv\\\/2025\\\/#organization\"},\"potentialAction\":[{\"@type\":\"SearchAction\",\"target\":{\"@type\":\"EntryPoint\",\"urlTemplate\":\"https:\\\/\\\/canal7slp.tv\\\/2025\\\/?s={search_term_string}\"},\"query-input\":{\"@type\":\"PropertyValueSpecification\",\"valueRequired\":true,\"valueName\":\"search_term_string\"}}],\"inLanguage\":\"es\"},{\"@type\":\"Organization\",\"@id\":\"https:\\\/\\\/canal7slp.tv\\\/2025\\\/#organization\",\"name\":\"Noticieros Canal 7\",\"url\":\"https:\\\/\\\/canal7slp.tv\\\/2025\\\/\",\"logo\":{\"@type\":\"ImageObject\",\"inLanguage\":\"es\",\"@id\":\"https:\\\/\\\/canal7slp.tv\\\/2025\\\/#\\\/schema\\\/logo\\\/image\\\/\",\"url\":\"https:\\\/\\\/canal7slp.tv\\\/2025\\\/wp-content\\\/uploads\\\/2021\\\/01\\\/logo-noticieros@2x.png\",\"contentUrl\":\"https:\\\/\\\/canal7slp.tv\\\/2025\\\/wp-content\\\/uploads\\\/2021\\\/01\\\/logo-noticieros@2x.png\",\"width\":1017,\"height\":268,\"caption\":\"Noticieros Canal 7\"},\"image\":{\"@id\":\"https:\\\/\\\/canal7slp.tv\\\/2025\\\/#\\\/schema\\\/logo\\\/image\\\/\"},\"sameAs\":[\"https:\\\/\\\/www.facebook.com\\\/noticieroscanal7atencionciudadana\\\/\",\"https:\\\/\\\/x.com\\\/NOTICIEROS7\",\"https:\\\/\\\/www.instagram.com\\\/canal7_slp\",\"https:\\\/\\\/www.youtube.com\\\/channel\\\/UCliiYs-gP3JfJeqdPrNdd5A\"]},{\"@type\":\"Person\",\"@id\":\"https:\\\/\\\/canal7slp.tv\\\/2025\\\/#\\\/schema\\\/person\\\/1257e7e4a3d5ac29c4732733a887970d\",\"name\":\"admin\",\"image\":{\"@type\":\"ImageObject\",\"inLanguage\":\"es\",\"@id\":\"https:\\\/\\\/secure.gravatar.com\\\/avatar\\\/d1da498ea933582ecc2b5d72a4eac16ec41c3ec04cf2dc9d46e0b557dedfd5ff?s=96&d=mm&r=g\",\"url\":\"https:\\\/\\\/secure.gravatar.com\\\/avatar\\\/d1da498ea933582ecc2b5d72a4eac16ec41c3ec04cf2dc9d46e0b557dedfd5ff?s=96&d=mm&r=g\",\"contentUrl\":\"https:\\\/\\\/secure.gravatar.com\\\/avatar\\\/d1da498ea933582ecc2b5d72a4eac16ec41c3ec04cf2dc9d46e0b557dedfd5ff?s=96&d=mm&r=g\",\"caption\":\"admin\"},\"sameAs\":[\"https:\\\/\\\/canal7slp.tv\\\/2025\"],\"url\":\"https:\\\/\\\/canal7slp.tv\\\/2025\\\/author\\\/bicefalo\\\/\"}]}<\/script>\n<!-- \/ Yoast SEO plugin. -->","yoast_head_json":{"title":"\"Voz y Dignidad por los nuestros\" efectu\u00f3 un plant\u00f3n en memoria de las personas desaparecidas - Canal 7 SLP - 2025","robots":{"index":"index","follow":"follow","max-snippet":"max-snippet:-1","max-image-preview":"max-image-preview:large","max-video-preview":"max-video-preview:-1"},"canonical":"https:\/\/canal7slp.tv\/2025\/voz-y-dignidad-por-los-nuestros-efectuo-un-planton-en-memoria-de-las-personas-desaparecidas\/","og_locale":"es_ES","og_type":"article","og_title":"\"Voz y Dignidad por los nuestros\" efectu\u00f3 un plant\u00f3n en memoria de las personas desaparecidas - Canal 7 SLP - 2025","og_description":"En el marco del D\u00eda Internacional de las V\u00edctimas de Desapariciones Forzadas integrantes del colectivo \u201cVoz Y Dignidad Por los Nuestros\u201d realiz\u00f3 un plant\u00f3n en la Plaza de Armas en memoria de los que no han regresado. Colocaron carteles de protesta y fotograf\u00edas de personas desaparecidas al se\u00f1alar que en datos actualizados se tiene un estimado de 130 mil personas desaparecidas en el pa\u00eds, que no se sabe de ellas. La vocera del colectivo, quien desde hace trece a\u00f1os busca a sus dos hijos, dos sobrinos y un hermano que desaparecieron el 14 de Agosto del 2012 en Ciudad Mante [&hellip;]","og_url":"https:\/\/canal7slp.tv\/2025\/voz-y-dignidad-por-los-nuestros-efectuo-un-planton-en-memoria-de-las-personas-desaparecidas\/","og_site_name":"Canal 7 SLP - 2025","article_publisher":"https:\/\/www.facebook.com\/noticieroscanal7atencionciudadana\/","article_published_time":"2025-09-01T03:54:55+00:00","og_image":[{"width":938,"height":531,"url":"https:\/\/canal7slp.tv\/2025\/wp-content\/uploads\/2025\/08\/68818654-63f2-4cce-bcf6-730b8473d9cc.jpeg","type":"image\/jpeg"}],"author":"admin","twitter_card":"summary_large_image","twitter_creator":"@NOTICIEROS7","twitter_site":"@NOTICIEROS7","twitter_misc":{"Escrito por":"admin","Tiempo de lectura":"2 minutos"},"schema":{"@context":"https:\/\/schema.org","@graph":[{"@type":"Article","@id":"https:\/\/canal7slp.tv\/2025\/voz-y-dignidad-por-los-nuestros-efectuo-un-planton-en-memoria-de-las-personas-desaparecidas\/#article","isPartOf":{"@id":"https:\/\/canal7slp.tv\/2025\/voz-y-dignidad-por-los-nuestros-efectuo-un-planton-en-memoria-de-las-personas-desaparecidas\/"},"author":{"name":"admin","@id":"https:\/\/canal7slp.tv\/2025\/#\/schema\/person\/1257e7e4a3d5ac29c4732733a887970d"},"headline":"\u00abVoz y Dignidad por los nuestros\u00bb efectu\u00f3 un plant\u00f3n en memoria de las personas desaparecidas","datePublished":"2025-09-01T03:54:55+00:00","mainEntityOfPage":{"@id":"https:\/\/canal7slp.tv\/2025\/voz-y-dignidad-por-los-nuestros-efectuo-un-planton-en-memoria-de-las-personas-desaparecidas\/"},"wordCount":241,"publisher":{"@id":"https:\/\/canal7slp.tv\/2025\/#organization"},"image":{"@id":"https:\/\/canal7slp.tv\/2025\/voz-y-dignidad-por-los-nuestros-efectuo-un-planton-en-memoria-de-las-personas-desaparecidas\/#primaryimage"},"thumbnailUrl":"https:\/\/canal7slp.tv\/2025\/wp-content\/uploads\/2025\/08\/68818654-63f2-4cce-bcf6-730b8473d9cc.jpeg","articleSection":["DESTACADAS","LOCALES Y REGIONALES"],"inLanguage":"es"},{"@type":"WebPage","@id":"https:\/\/canal7slp.tv\/2025\/voz-y-dignidad-por-los-nuestros-efectuo-un-planton-en-memoria-de-las-personas-desaparecidas\/","url":"https:\/\/canal7slp.tv\/2025\/voz-y-dignidad-por-los-nuestros-efectuo-un-planton-en-memoria-de-las-personas-desaparecidas\/","name":"\"Voz y Dignidad por los nuestros\" efectu\u00f3 un plant\u00f3n en memoria de las personas desaparecidas - Canal 7 SLP - 2025","isPartOf":{"@id":"https:\/\/canal7slp.tv\/2025\/#website"},"primaryImageOfPage":{"@id":"https:\/\/canal7slp.tv\/2025\/voz-y-dignidad-por-los-nuestros-efectuo-un-planton-en-memoria-de-las-personas-desaparecidas\/#primaryimage"},"image":{"@id":"https:\/\/canal7slp.tv\/2025\/voz-y-dignidad-por-los-nuestros-efectuo-un-planton-en-memoria-de-las-personas-desaparecidas\/#primaryimage"},"thumbnailUrl":"https:\/\/canal7slp.tv\/2025\/wp-content\/uploads\/2025\/08\/68818654-63f2-4cce-bcf6-730b8473d9cc.jpeg","datePublished":"2025-09-01T03:54:55+00:00","breadcrumb":{"@id":"https:\/\/canal7slp.tv\/2025\/voz-y-dignidad-por-los-nuestros-efectuo-un-planton-en-memoria-de-las-personas-desaparecidas\/#breadcrumb"},"inLanguage":"es","potentialAction":[{"@type":"ReadAction","target":["https:\/\/canal7slp.tv\/2025\/voz-y-dignidad-por-los-nuestros-efectuo-un-planton-en-memoria-de-las-personas-desaparecidas\/"]}]},{"@type":"ImageObject","inLanguage":"es","@id":"https:\/\/canal7slp.tv\/2025\/voz-y-dignidad-por-los-nuestros-efectuo-un-planton-en-memoria-de-las-personas-desaparecidas\/#primaryimage","url":"https:\/\/canal7slp.tv\/2025\/wp-content\/uploads\/2025\/08\/68818654-63f2-4cce-bcf6-730b8473d9cc.jpeg","contentUrl":"https:\/\/canal7slp.tv\/2025\/wp-content\/uploads\/2025\/08\/68818654-63f2-4cce-bcf6-730b8473d9cc.jpeg","width":938,"height":531},{"@type":"BreadcrumbList","@id":"https:\/\/canal7slp.tv\/2025\/voz-y-dignidad-por-los-nuestros-efectuo-un-planton-en-memoria-de-las-personas-desaparecidas\/#breadcrumb","itemListElement":[{"@type":"ListItem","position":1,"name":"Portada","item":"https:\/\/canal7slp.tv\/2025\/"},{"@type":"ListItem","position":2,"name":"\u00abVoz y Dignidad por los nuestros\u00bb efectu\u00f3 un plant\u00f3n en memoria de las personas desaparecidas"}]},{"@type":"WebSite","@id":"https:\/\/canal7slp.tv\/2025\/#website","url":"https:\/\/canal7slp.tv\/2025\/","name":"N7 - Noticieros Canal 7","description":"Somos el Medio","publisher":{"@id":"https:\/\/canal7slp.tv\/2025\/#organization"},"potentialAction":[{"@type":"SearchAction","target":{"@type":"EntryPoint","urlTemplate":"https:\/\/canal7slp.tv\/2025\/?s={search_term_string}"},"query-input":{"@type":"PropertyValueSpecification","valueRequired":true,"valueName":"search_term_string"}}],"inLanguage":"es"},{"@type":"Organization","@id":"https:\/\/canal7slp.tv\/2025\/#organization","name":"Noticieros Canal 7","url":"https:\/\/canal7slp.tv\/2025\/","logo":{"@type":"ImageObject","inLanguage":"es","@id":"https:\/\/canal7slp.tv\/2025\/#\/schema\/logo\/image\/","url":"https:\/\/canal7slp.tv\/2025\/wp-content\/uploads\/2021\/01\/logo-noticieros@2x.png","contentUrl":"https:\/\/canal7slp.tv\/2025\/wp-content\/uploads\/2021\/01\/logo-noticieros@2x.png","width":1017,"height":268,"caption":"Noticieros Canal 7"},"image":{"@id":"https:\/\/canal7slp.tv\/2025\/#\/schema\/logo\/image\/"},"sameAs":["https:\/\/www.facebook.com\/noticieroscanal7atencionciudadana\/","https:\/\/x.com\/NOTICIEROS7","https:\/\/www.instagram.com\/canal7_slp","https:\/\/www.youtube.com\/channel\/UCliiYs-gP3JfJeqdPrNdd5A"]},{"@type":"Person","@id":"https:\/\/canal7slp.tv\/2025\/#\/schema\/person\/1257e7e4a3d5ac29c4732733a887970d","name":"admin","image":{"@type":"ImageObject","inLanguage":"es","@id":"https:\/\/secure.gravatar.com\/avatar\/d1da498ea933582ecc2b5d72a4eac16ec41c3ec04cf2dc9d46e0b557dedfd5ff?s=96&d=mm&r=g","url":"https:\/\/secure.gravatar.com\/avatar\/d1da498ea933582ecc2b5d72a4eac16ec41c3ec04cf2dc9d46e0b557dedfd5ff?s=96&d=mm&r=g","contentUrl":"https:\/\/secure.gravatar.com\/avatar\/d1da498ea933582ecc2b5d72a4eac16ec41c3ec04cf2dc9d46e0b557dedfd5ff?s=96&d=mm&r=g","caption":"admin"},"sameAs":["https:\/\/canal7slp.tv\/2025"],"url":"https:\/\/canal7slp.tv\/2025\/author\/bicefalo\/"}]}},"_links":{"self":[{"href":"https:\/\/canal7slp.tv\/2025\/wp-json\/wp\/v2\/posts\/177988","targetHints":{"allow":["GET"]}}],"collection":[{"href":"https:\/\/canal7slp.tv\/2025\/wp-json\/wp\/v2\/posts"}],"about":[{"href":"https:\/\/canal7slp.tv\/2025\/wp-json\/wp\/v2\/types\/post"}],"author":[{"embeddable":true,"href":"https:\/\/canal7slp.tv\/2025\/wp-json\/wp\/v2\/users\/1"}],"replies":[{"embeddable":true,"href":"https:\/\/canal7slp.tv\/2025\/wp-json\/wp\/v2\/comments?post=177988"}],"version-history":[{"count":1,"href":"https:\/\/canal7slp.tv\/2025\/wp-json\/wp\/v2\/posts\/177988\/revisions"}],"predecessor-version":[{"id":177991,"href":"https:\/\/canal7slp.tv\/2025\/wp-json\/wp\/v2\/posts\/177988\/revisions\/177991"}],"wp:featuredmedia":[{"embeddable":true,"href":"https:\/\/canal7slp.tv\/2025\/wp-json\/wp\/v2\/media\/177990"}],"wp:attachment":[{"href":"https:\/\/canal7slp.tv\/2025\/wp-json\/wp\/v2\/media?parent=177988"}],"wp:term":[{"taxonomy":"category","embeddable":true,"href":"https:\/\/canal7slp.tv\/2025\/wp-json\/wp\/v2\/categories?post=177988"},{"taxonomy":"post_tag","embeddable":true,"href":"https:\/\/canal7slp.tv\/2025\/wp-json\/wp\/v2\/tags?post=177988"}],"curies":[{"name":"wp","href":"https:\/\/api.w.org\/{rel}","templated":true}]}}