{"id":177985,"date":"2025-08-31T21:48:06","date_gmt":"2025-09-01T03:48:06","guid":{"rendered":"https:\/\/canal7slp.tv\/2025\/?p=177985"},"modified":"2025-08-31T21:48:06","modified_gmt":"2025-09-01T03:48:06","slug":"emision-de-sentencias-politicas-y-no-juridicas-riesgo-del-nuevo-poder-judicial-jose-mario-de-la-garza","status":"publish","type":"post","link":"https:\/\/canal7slp.tv\/2025\/emision-de-sentencias-politicas-y-no-juridicas-riesgo-del-nuevo-poder-judicial-jose-mario-de-la-garza\/","title":{"rendered":"Emisi\u00f3n de sentencias pol\u00edticas y no jur\u00eddicas, riesgo del nuevo Poder Judicial: Jos\u00e9 Mario de la Garza"},"content":{"rendered":"<div style=\"text-align: justify;\">Este lunes 1\u00b0 de septiembre tomar\u00e1n protesta los nuevos jueces, ministros y magistrados del Poder Judicial en un hecho hist\u00f3rico en el sistema de justicia en M\u00e9xico.<\/div>\n<div style=\"text-align: justify;\"><\/div>\n<div style=\"text-align: justify;\">Al respecto, el abogado Jos\u00e9 Mario de la Garza Marroqu\u00edn afirm\u00f3 que los salientes ministros de la Suprema Corte de Justicia de la Naci\u00f3n, dejan un rezago importante en materia de expedientes y que los nuevos ministros, dijo, deber\u00e1n resolver pero con la duda de que no recibir\u00e1n l\u00ednea.<\/div>\n<div style=\"text-align: justify;\"><\/div>\n<div style=\"text-align: justify;\">El presidente de la asociaci\u00f3n \u201cPerteneces\u201d que trabaja a favor de las personas detenidas injustamente y a favor de sus derechos dijo que ahora, los ministros, jueces y magistrados del nuevo poder judicial \u201cemitir\u00e1n sentencias pol\u00edticas y no jur\u00eddicas\u201d.<\/div>\n<div style=\"text-align: justify;\"><\/div>\n<div style=\"text-align: justify;\">Asimismo, extern\u00f3 su confianza en que el nuevo presidente de la Corte el ministro Hugo Aguilar Ortiz, act\u00fae con verticalidad y responsabilidad al margen de intereses y por el bien de los ciudadanos.<\/div>\n","protected":false},"excerpt":{"rendered":"<p>Este lunes 1\u00b0 de septiembre tomar\u00e1n protesta los nuevos jueces, ministros y magistrados del Poder Judicial en un hecho hist\u00f3rico en el sistema de justicia en M\u00e9xico. Al respecto, el abogado Jos\u00e9 Mario de la Garza Marroqu\u00edn afirm\u00f3 que los salientes ministros de la Suprema Corte de Justicia de la Naci\u00f3n, dejan un rezago importante en materia de expedientes y que los nuevos ministros, dijo, deber\u00e1n resolver pero con la duda de que no recibir\u00e1n l\u00ednea. El presidente de la asociaci\u00f3n \u201cPerteneces\u201d que trabaja a favor de las personas detenidas injustamente y a favor de sus derechos dijo que ahora, [&hellip;]<\/p>\n","protected":false},"author":1,"featured_media":177986,"comment_status":"closed","ping_status":"closed","sticky":false,"template":"","format":"video","meta":{"_monsterinsights_skip_tracking":false,"_monsterinsights_sitenote_active":false,"_monsterinsights_sitenote_note":"","_monsterinsights_sitenote_category":0,"footnotes":""},"categories":[5,45],"tags":[],"class_list":["post-177985","post","type-post","status-publish","format-video","has-post-thumbnail","hentry","category-destacadas","category-localesyregionales","post_format-post-format-video","post--single"],"yoast_head":"<!-- This site is optimized with the Yoast SEO plugin v27.5 - https:\/\/yoast.com\/product\/yoast-seo-wordpress\/ -->\n<title>Emisi\u00f3n de sentencias pol\u00edticas y no jur\u00eddicas, riesgo del nuevo Poder Judicial: Jos\u00e9 Mario de la Garza - Canal 7 SLP - 2025<\/title>\n<meta name=\"robots\" content=\"index, follow, max-snippet:-1, max-image-preview:large, max-video-preview:-1\" \/>\n<link rel=\"canonical\" href=\"https:\/\/canal7slp.tv\/2025\/emision-de-sentencias-politicas-y-no-juridicas-riesgo-del-nuevo-poder-judicial-jose-mario-de-la-garza\/\" \/>\n<meta property=\"og:locale\" content=\"es_ES\" \/>\n<meta property=\"og:type\" content=\"article\" \/>\n<meta property=\"og:title\" content=\"Emisi\u00f3n de sentencias pol\u00edticas y no jur\u00eddicas, riesgo del nuevo Poder Judicial: Jos\u00e9 Mario de la Garza - Canal 7 SLP - 2025\" \/>\n<meta property=\"og:description\" content=\"Este lunes 1\u00b0 de septiembre tomar\u00e1n protesta los nuevos jueces, ministros y magistrados del Poder Judicial en un hecho hist\u00f3rico en el sistema de justicia en M\u00e9xico. Al respecto, el abogado Jos\u00e9 Mario de la Garza Marroqu\u00edn afirm\u00f3 que los salientes ministros de la Suprema Corte de Justicia de la Naci\u00f3n, dejan un rezago importante en materia de expedientes y que los nuevos ministros, dijo, deber\u00e1n resolver pero con la duda de que no recibir\u00e1n l\u00ednea. El presidente de la asociaci\u00f3n \u201cPerteneces\u201d que trabaja a favor de las personas detenidas injustamente y a favor de sus derechos dijo que ahora, [&hellip;]\" \/>\n<meta property=\"og:url\" content=\"https:\/\/canal7slp.tv\/2025\/emision-de-sentencias-politicas-y-no-juridicas-riesgo-del-nuevo-poder-judicial-jose-mario-de-la-garza\/\" \/>\n<meta property=\"og:site_name\" content=\"Canal 7 SLP - 2025\" \/>\n<meta property=\"article:publisher\" content=\"https:\/\/www.facebook.com\/noticieroscanal7atencionciudadana\/\" \/>\n<meta property=\"article:published_time\" content=\"2025-09-01T03:48:06+00:00\" \/>\n<meta property=\"og:image\" content=\"https:\/\/canal7slp.tv\/2025\/wp-content\/uploads\/2025\/08\/94803d26-ab65-48b9-8fb2-566e0432b265.jpeg\" \/>\n\t<meta property=\"og:image:width\" content=\"904\" \/>\n\t<meta property=\"og:image:height\" content=\"547\" \/>\n\t<meta property=\"og:image:type\" content=\"image\/jpeg\" \/>\n<meta name=\"author\" content=\"admin\" \/>\n<meta name=\"twitter:card\" content=\"summary_large_image\" \/>\n<meta name=\"twitter:creator\" content=\"@NOTICIEROS7\" \/>\n<meta name=\"twitter:site\" content=\"@NOTICIEROS7\" \/>\n<meta name=\"twitter:label1\" content=\"Escrito por\" \/>\n\t<meta name=\"twitter:data1\" content=\"admin\" \/>\n\t<meta name=\"twitter:label2\" content=\"Tiempo de lectura\" \/>\n\t<meta name=\"twitter:data2\" content=\"1 minuto\" \/>\n<script type=\"application\/ld+json\" class=\"yoast-schema-graph\">{\"@context\":\"https:\\\/\\\/schema.org\",\"@graph\":[{\"@type\":\"Article\",\"@id\":\"https:\\\/\\\/canal7slp.tv\\\/2025\\\/emision-de-sentencias-politicas-y-no-juridicas-riesgo-del-nuevo-poder-judicial-jose-mario-de-la-garza\\\/#article\",\"isPartOf\":{\"@id\":\"https:\\\/\\\/canal7slp.tv\\\/2025\\\/emision-de-sentencias-politicas-y-no-juridicas-riesgo-del-nuevo-poder-judicial-jose-mario-de-la-garza\\\/\"},\"author\":{\"name\":\"admin\",\"@id\":\"https:\\\/\\\/canal7slp.tv\\\/2025\\\/#\\\/schema\\\/person\\\/1257e7e4a3d5ac29c4732733a887970d\"},\"headline\":\"Emisi\u00f3n de sentencias pol\u00edticas y no jur\u00eddicas, riesgo del nuevo Poder Judicial: Jos\u00e9 Mario de la Garza\",\"datePublished\":\"2025-09-01T03:48:06+00:00\",\"mainEntityOfPage\":{\"@id\":\"https:\\\/\\\/canal7slp.tv\\\/2025\\\/emision-de-sentencias-politicas-y-no-juridicas-riesgo-del-nuevo-poder-judicial-jose-mario-de-la-garza\\\/\"},\"wordCount\":180,\"publisher\":{\"@id\":\"https:\\\/\\\/canal7slp.tv\\\/2025\\\/#organization\"},\"image\":{\"@id\":\"https:\\\/\\\/canal7slp.tv\\\/2025\\\/emision-de-sentencias-politicas-y-no-juridicas-riesgo-del-nuevo-poder-judicial-jose-mario-de-la-garza\\\/#primaryimage\"},\"thumbnailUrl\":\"https:\\\/\\\/canal7slp.tv\\\/2025\\\/wp-content\\\/uploads\\\/2025\\\/08\\\/94803d26-ab65-48b9-8fb2-566e0432b265.jpeg\",\"articleSection\":[\"DESTACADAS\",\"LOCALES Y REGIONALES\"],\"inLanguage\":\"es\"},{\"@type\":\"WebPage\",\"@id\":\"https:\\\/\\\/canal7slp.tv\\\/2025\\\/emision-de-sentencias-politicas-y-no-juridicas-riesgo-del-nuevo-poder-judicial-jose-mario-de-la-garza\\\/\",\"url\":\"https:\\\/\\\/canal7slp.tv\\\/2025\\\/emision-de-sentencias-politicas-y-no-juridicas-riesgo-del-nuevo-poder-judicial-jose-mario-de-la-garza\\\/\",\"name\":\"Emisi\u00f3n de sentencias pol\u00edticas y no jur\u00eddicas, riesgo del nuevo Poder Judicial: Jos\u00e9 Mario de la Garza - Canal 7 SLP - 2025\",\"isPartOf\":{\"@id\":\"https:\\\/\\\/canal7slp.tv\\\/2025\\\/#website\"},\"primaryImageOfPage\":{\"@id\":\"https:\\\/\\\/canal7slp.tv\\\/2025\\\/emision-de-sentencias-politicas-y-no-juridicas-riesgo-del-nuevo-poder-judicial-jose-mario-de-la-garza\\\/#primaryimage\"},\"image\":{\"@id\":\"https:\\\/\\\/canal7slp.tv\\\/2025\\\/emision-de-sentencias-politicas-y-no-juridicas-riesgo-del-nuevo-poder-judicial-jose-mario-de-la-garza\\\/#primaryimage\"},\"thumbnailUrl\":\"https:\\\/\\\/canal7slp.tv\\\/2025\\\/wp-content\\\/uploads\\\/2025\\\/08\\\/94803d26-ab65-48b9-8fb2-566e0432b265.jpeg\",\"datePublished\":\"2025-09-01T03:48:06+00:00\",\"breadcrumb\":{\"@id\":\"https:\\\/\\\/canal7slp.tv\\\/2025\\\/emision-de-sentencias-politicas-y-no-juridicas-riesgo-del-nuevo-poder-judicial-jose-mario-de-la-garza\\\/#breadcrumb\"},\"inLanguage\":\"es\",\"potentialAction\":[{\"@type\":\"ReadAction\",\"target\":[\"https:\\\/\\\/canal7slp.tv\\\/2025\\\/emision-de-sentencias-politicas-y-no-juridicas-riesgo-del-nuevo-poder-judicial-jose-mario-de-la-garza\\\/\"]}]},{\"@type\":\"ImageObject\",\"inLanguage\":\"es\",\"@id\":\"https:\\\/\\\/canal7slp.tv\\\/2025\\\/emision-de-sentencias-politicas-y-no-juridicas-riesgo-del-nuevo-poder-judicial-jose-mario-de-la-garza\\\/#primaryimage\",\"url\":\"https:\\\/\\\/canal7slp.tv\\\/2025\\\/wp-content\\\/uploads\\\/2025\\\/08\\\/94803d26-ab65-48b9-8fb2-566e0432b265.jpeg\",\"contentUrl\":\"https:\\\/\\\/canal7slp.tv\\\/2025\\\/wp-content\\\/uploads\\\/2025\\\/08\\\/94803d26-ab65-48b9-8fb2-566e0432b265.jpeg\",\"width\":904,\"height\":547},{\"@type\":\"BreadcrumbList\",\"@id\":\"https:\\\/\\\/canal7slp.tv\\\/2025\\\/emision-de-sentencias-politicas-y-no-juridicas-riesgo-del-nuevo-poder-judicial-jose-mario-de-la-garza\\\/#breadcrumb\",\"itemListElement\":[{\"@type\":\"ListItem\",\"position\":1,\"name\":\"Portada\",\"item\":\"https:\\\/\\\/canal7slp.tv\\\/2025\\\/\"},{\"@type\":\"ListItem\",\"position\":2,\"name\":\"Emisi\u00f3n de sentencias pol\u00edticas y no jur\u00eddicas, riesgo del nuevo Poder Judicial: Jos\u00e9 Mario de la Garza\"}]},{\"@type\":\"WebSite\",\"@id\":\"https:\\\/\\\/canal7slp.tv\\\/2025\\\/#website\",\"url\":\"https:\\\/\\\/canal7slp.tv\\\/2025\\\/\",\"name\":\"N7 - Noticieros Canal 7\",\"description\":\"Somos el Medio\",\"publisher\":{\"@id\":\"https:\\\/\\\/canal7slp.tv\\\/2025\\\/#organization\"},\"potentialAction\":[{\"@type\":\"SearchAction\",\"target\":{\"@type\":\"EntryPoint\",\"urlTemplate\":\"https:\\\/\\\/canal7slp.tv\\\/2025\\\/?s={search_term_string}\"},\"query-input\":{\"@type\":\"PropertyValueSpecification\",\"valueRequired\":true,\"valueName\":\"search_term_string\"}}],\"inLanguage\":\"es\"},{\"@type\":\"Organization\",\"@id\":\"https:\\\/\\\/canal7slp.tv\\\/2025\\\/#organization\",\"name\":\"Noticieros Canal 7\",\"url\":\"https:\\\/\\\/canal7slp.tv\\\/2025\\\/\",\"logo\":{\"@type\":\"ImageObject\",\"inLanguage\":\"es\",\"@id\":\"https:\\\/\\\/canal7slp.tv\\\/2025\\\/#\\\/schema\\\/logo\\\/image\\\/\",\"url\":\"https:\\\/\\\/canal7slp.tv\\\/2025\\\/wp-content\\\/uploads\\\/2021\\\/01\\\/logo-noticieros@2x.png\",\"contentUrl\":\"https:\\\/\\\/canal7slp.tv\\\/2025\\\/wp-content\\\/uploads\\\/2021\\\/01\\\/logo-noticieros@2x.png\",\"width\":1017,\"height\":268,\"caption\":\"Noticieros Canal 7\"},\"image\":{\"@id\":\"https:\\\/\\\/canal7slp.tv\\\/2025\\\/#\\\/schema\\\/logo\\\/image\\\/\"},\"sameAs\":[\"https:\\\/\\\/www.facebook.com\\\/noticieroscanal7atencionciudadana\\\/\",\"https:\\\/\\\/x.com\\\/NOTICIEROS7\",\"https:\\\/\\\/www.instagram.com\\\/canal7_slp\",\"https:\\\/\\\/www.youtube.com\\\/channel\\\/UCliiYs-gP3JfJeqdPrNdd5A\"]},{\"@type\":\"Person\",\"@id\":\"https:\\\/\\\/canal7slp.tv\\\/2025\\\/#\\\/schema\\\/person\\\/1257e7e4a3d5ac29c4732733a887970d\",\"name\":\"admin\",\"image\":{\"@type\":\"ImageObject\",\"inLanguage\":\"es\",\"@id\":\"https:\\\/\\\/secure.gravatar.com\\\/avatar\\\/d1da498ea933582ecc2b5d72a4eac16ec41c3ec04cf2dc9d46e0b557dedfd5ff?s=96&d=mm&r=g\",\"url\":\"https:\\\/\\\/secure.gravatar.com\\\/avatar\\\/d1da498ea933582ecc2b5d72a4eac16ec41c3ec04cf2dc9d46e0b557dedfd5ff?s=96&d=mm&r=g\",\"contentUrl\":\"https:\\\/\\\/secure.gravatar.com\\\/avatar\\\/d1da498ea933582ecc2b5d72a4eac16ec41c3ec04cf2dc9d46e0b557dedfd5ff?s=96&d=mm&r=g\",\"caption\":\"admin\"},\"sameAs\":[\"https:\\\/\\\/canal7slp.tv\\\/2025\"],\"url\":\"https:\\\/\\\/canal7slp.tv\\\/2025\\\/author\\\/bicefalo\\\/\"}]}<\/script>\n<!-- \/ Yoast SEO plugin. -->","yoast_head_json":{"title":"Emisi\u00f3n de sentencias pol\u00edticas y no jur\u00eddicas, riesgo del nuevo Poder Judicial: Jos\u00e9 Mario de la Garza - Canal 7 SLP - 2025","robots":{"index":"index","follow":"follow","max-snippet":"max-snippet:-1","max-image-preview":"max-image-preview:large","max-video-preview":"max-video-preview:-1"},"canonical":"https:\/\/canal7slp.tv\/2025\/emision-de-sentencias-politicas-y-no-juridicas-riesgo-del-nuevo-poder-judicial-jose-mario-de-la-garza\/","og_locale":"es_ES","og_type":"article","og_title":"Emisi\u00f3n de sentencias pol\u00edticas y no jur\u00eddicas, riesgo del nuevo Poder Judicial: Jos\u00e9 Mario de la Garza - Canal 7 SLP - 2025","og_description":"Este lunes 1\u00b0 de septiembre tomar\u00e1n protesta los nuevos jueces, ministros y magistrados del Poder Judicial en un hecho hist\u00f3rico en el sistema de justicia en M\u00e9xico. Al respecto, el abogado Jos\u00e9 Mario de la Garza Marroqu\u00edn afirm\u00f3 que los salientes ministros de la Suprema Corte de Justicia de la Naci\u00f3n, dejan un rezago importante en materia de expedientes y que los nuevos ministros, dijo, deber\u00e1n resolver pero con la duda de que no recibir\u00e1n l\u00ednea. El presidente de la asociaci\u00f3n \u201cPerteneces\u201d que trabaja a favor de las personas detenidas injustamente y a favor de sus derechos dijo que ahora, [&hellip;]","og_url":"https:\/\/canal7slp.tv\/2025\/emision-de-sentencias-politicas-y-no-juridicas-riesgo-del-nuevo-poder-judicial-jose-mario-de-la-garza\/","og_site_name":"Canal 7 SLP - 2025","article_publisher":"https:\/\/www.facebook.com\/noticieroscanal7atencionciudadana\/","article_published_time":"2025-09-01T03:48:06+00:00","og_image":[{"width":904,"height":547,"url":"https:\/\/canal7slp.tv\/2025\/wp-content\/uploads\/2025\/08\/94803d26-ab65-48b9-8fb2-566e0432b265.jpeg","type":"image\/jpeg"}],"author":"admin","twitter_card":"summary_large_image","twitter_creator":"@NOTICIEROS7","twitter_site":"@NOTICIEROS7","twitter_misc":{"Escrito por":"admin","Tiempo de lectura":"1 minuto"},"schema":{"@context":"https:\/\/schema.org","@graph":[{"@type":"Article","@id":"https:\/\/canal7slp.tv\/2025\/emision-de-sentencias-politicas-y-no-juridicas-riesgo-del-nuevo-poder-judicial-jose-mario-de-la-garza\/#article","isPartOf":{"@id":"https:\/\/canal7slp.tv\/2025\/emision-de-sentencias-politicas-y-no-juridicas-riesgo-del-nuevo-poder-judicial-jose-mario-de-la-garza\/"},"author":{"name":"admin","@id":"https:\/\/canal7slp.tv\/2025\/#\/schema\/person\/1257e7e4a3d5ac29c4732733a887970d"},"headline":"Emisi\u00f3n de sentencias pol\u00edticas y no jur\u00eddicas, riesgo del nuevo Poder Judicial: Jos\u00e9 Mario de la Garza","datePublished":"2025-09-01T03:48:06+00:00","mainEntityOfPage":{"@id":"https:\/\/canal7slp.tv\/2025\/emision-de-sentencias-politicas-y-no-juridicas-riesgo-del-nuevo-poder-judicial-jose-mario-de-la-garza\/"},"wordCount":180,"publisher":{"@id":"https:\/\/canal7slp.tv\/2025\/#organization"},"image":{"@id":"https:\/\/canal7slp.tv\/2025\/emision-de-sentencias-politicas-y-no-juridicas-riesgo-del-nuevo-poder-judicial-jose-mario-de-la-garza\/#primaryimage"},"thumbnailUrl":"https:\/\/canal7slp.tv\/2025\/wp-content\/uploads\/2025\/08\/94803d26-ab65-48b9-8fb2-566e0432b265.jpeg","articleSection":["DESTACADAS","LOCALES Y REGIONALES"],"inLanguage":"es"},{"@type":"WebPage","@id":"https:\/\/canal7slp.tv\/2025\/emision-de-sentencias-politicas-y-no-juridicas-riesgo-del-nuevo-poder-judicial-jose-mario-de-la-garza\/","url":"https:\/\/canal7slp.tv\/2025\/emision-de-sentencias-politicas-y-no-juridicas-riesgo-del-nuevo-poder-judicial-jose-mario-de-la-garza\/","name":"Emisi\u00f3n de sentencias pol\u00edticas y no jur\u00eddicas, riesgo del nuevo Poder Judicial: Jos\u00e9 Mario de la Garza - Canal 7 SLP - 2025","isPartOf":{"@id":"https:\/\/canal7slp.tv\/2025\/#website"},"primaryImageOfPage":{"@id":"https:\/\/canal7slp.tv\/2025\/emision-de-sentencias-politicas-y-no-juridicas-riesgo-del-nuevo-poder-judicial-jose-mario-de-la-garza\/#primaryimage"},"image":{"@id":"https:\/\/canal7slp.tv\/2025\/emision-de-sentencias-politicas-y-no-juridicas-riesgo-del-nuevo-poder-judicial-jose-mario-de-la-garza\/#primaryimage"},"thumbnailUrl":"https:\/\/canal7slp.tv\/2025\/wp-content\/uploads\/2025\/08\/94803d26-ab65-48b9-8fb2-566e0432b265.jpeg","datePublished":"2025-09-01T03:48:06+00:00","breadcrumb":{"@id":"https:\/\/canal7slp.tv\/2025\/emision-de-sentencias-politicas-y-no-juridicas-riesgo-del-nuevo-poder-judicial-jose-mario-de-la-garza\/#breadcrumb"},"inLanguage":"es","potentialAction":[{"@type":"ReadAction","target":["https:\/\/canal7slp.tv\/2025\/emision-de-sentencias-politicas-y-no-juridicas-riesgo-del-nuevo-poder-judicial-jose-mario-de-la-garza\/"]}]},{"@type":"ImageObject","inLanguage":"es","@id":"https:\/\/canal7slp.tv\/2025\/emision-de-sentencias-politicas-y-no-juridicas-riesgo-del-nuevo-poder-judicial-jose-mario-de-la-garza\/#primaryimage","url":"https:\/\/canal7slp.tv\/2025\/wp-content\/uploads\/2025\/08\/94803d26-ab65-48b9-8fb2-566e0432b265.jpeg","contentUrl":"https:\/\/canal7slp.tv\/2025\/wp-content\/uploads\/2025\/08\/94803d26-ab65-48b9-8fb2-566e0432b265.jpeg","width":904,"height":547},{"@type":"BreadcrumbList","@id":"https:\/\/canal7slp.tv\/2025\/emision-de-sentencias-politicas-y-no-juridicas-riesgo-del-nuevo-poder-judicial-jose-mario-de-la-garza\/#breadcrumb","itemListElement":[{"@type":"ListItem","position":1,"name":"Portada","item":"https:\/\/canal7slp.tv\/2025\/"},{"@type":"ListItem","position":2,"name":"Emisi\u00f3n de sentencias pol\u00edticas y no jur\u00eddicas, riesgo del nuevo Poder Judicial: Jos\u00e9 Mario de la Garza"}]},{"@type":"WebSite","@id":"https:\/\/canal7slp.tv\/2025\/#website","url":"https:\/\/canal7slp.tv\/2025\/","name":"N7 - Noticieros Canal 7","description":"Somos el Medio","publisher":{"@id":"https:\/\/canal7slp.tv\/2025\/#organization"},"potentialAction":[{"@type":"SearchAction","target":{"@type":"EntryPoint","urlTemplate":"https:\/\/canal7slp.tv\/2025\/?s={search_term_string}"},"query-input":{"@type":"PropertyValueSpecification","valueRequired":true,"valueName":"search_term_string"}}],"inLanguage":"es"},{"@type":"Organization","@id":"https:\/\/canal7slp.tv\/2025\/#organization","name":"Noticieros Canal 7","url":"https:\/\/canal7slp.tv\/2025\/","logo":{"@type":"ImageObject","inLanguage":"es","@id":"https:\/\/canal7slp.tv\/2025\/#\/schema\/logo\/image\/","url":"https:\/\/canal7slp.tv\/2025\/wp-content\/uploads\/2021\/01\/logo-noticieros@2x.png","contentUrl":"https:\/\/canal7slp.tv\/2025\/wp-content\/uploads\/2021\/01\/logo-noticieros@2x.png","width":1017,"height":268,"caption":"Noticieros Canal 7"},"image":{"@id":"https:\/\/canal7slp.tv\/2025\/#\/schema\/logo\/image\/"},"sameAs":["https:\/\/www.facebook.com\/noticieroscanal7atencionciudadana\/","https:\/\/x.com\/NOTICIEROS7","https:\/\/www.instagram.com\/canal7_slp","https:\/\/www.youtube.com\/channel\/UCliiYs-gP3JfJeqdPrNdd5A"]},{"@type":"Person","@id":"https:\/\/canal7slp.tv\/2025\/#\/schema\/person\/1257e7e4a3d5ac29c4732733a887970d","name":"admin","image":{"@type":"ImageObject","inLanguage":"es","@id":"https:\/\/secure.gravatar.com\/avatar\/d1da498ea933582ecc2b5d72a4eac16ec41c3ec04cf2dc9d46e0b557dedfd5ff?s=96&d=mm&r=g","url":"https:\/\/secure.gravatar.com\/avatar\/d1da498ea933582ecc2b5d72a4eac16ec41c3ec04cf2dc9d46e0b557dedfd5ff?s=96&d=mm&r=g","contentUrl":"https:\/\/secure.gravatar.com\/avatar\/d1da498ea933582ecc2b5d72a4eac16ec41c3ec04cf2dc9d46e0b557dedfd5ff?s=96&d=mm&r=g","caption":"admin"},"sameAs":["https:\/\/canal7slp.tv\/2025"],"url":"https:\/\/canal7slp.tv\/2025\/author\/bicefalo\/"}]}},"_links":{"self":[{"href":"https:\/\/canal7slp.tv\/2025\/wp-json\/wp\/v2\/posts\/177985","targetHints":{"allow":["GET"]}}],"collection":[{"href":"https:\/\/canal7slp.tv\/2025\/wp-json\/wp\/v2\/posts"}],"about":[{"href":"https:\/\/canal7slp.tv\/2025\/wp-json\/wp\/v2\/types\/post"}],"author":[{"embeddable":true,"href":"https:\/\/canal7slp.tv\/2025\/wp-json\/wp\/v2\/users\/1"}],"replies":[{"embeddable":true,"href":"https:\/\/canal7slp.tv\/2025\/wp-json\/wp\/v2\/comments?post=177985"}],"version-history":[{"count":1,"href":"https:\/\/canal7slp.tv\/2025\/wp-json\/wp\/v2\/posts\/177985\/revisions"}],"predecessor-version":[{"id":177987,"href":"https:\/\/canal7slp.tv\/2025\/wp-json\/wp\/v2\/posts\/177985\/revisions\/177987"}],"wp:featuredmedia":[{"embeddable":true,"href":"https:\/\/canal7slp.tv\/2025\/wp-json\/wp\/v2\/media\/177986"}],"wp:attachment":[{"href":"https:\/\/canal7slp.tv\/2025\/wp-json\/wp\/v2\/media?parent=177985"}],"wp:term":[{"taxonomy":"category","embeddable":true,"href":"https:\/\/canal7slp.tv\/2025\/wp-json\/wp\/v2\/categories?post=177985"},{"taxonomy":"post_tag","embeddable":true,"href":"https:\/\/canal7slp.tv\/2025\/wp-json\/wp\/v2\/tags?post=177985"}],"curies":[{"name":"wp","href":"https:\/\/api.w.org\/{rel}","templated":true}]}}