{"id":177975,"date":"2025-08-29T16:13:05","date_gmt":"2025-08-29T22:13:05","guid":{"rendered":"https:\/\/canal7slp.tv\/2025\/?p=177975"},"modified":"2025-08-31T11:15:27","modified_gmt":"2025-08-31T17:15:27","slug":"omar-quintero-ofrecera-clinicas-en-slp-los-dias-29-30-y-31-de-agosto","status":"publish","type":"post","link":"https:\/\/canal7slp.tv\/2025\/omar-quintero-ofrecera-clinicas-en-slp-los-dias-29-30-y-31-de-agosto\/","title":{"rendered":"Omar Quintero  Ofrecer\u00e1 Cl\u00ednicas En SLP Los D\u00edas 29, 30 Y 31 De Agosto"},"content":{"rendered":"<p style=\"text-align: justify;\"><span style=\"font-weight: 400;\">El coach de la Selecci\u00f3n Mexicana de Basquetbol Omar Quintero ofrecer\u00e1 cl\u00ednicas los d\u00edas 29, 30 y 31 de agosto a ni\u00f1as y ni\u00f1os de 6 a 17 a\u00f1os, en donde adem\u00e1s de ense\u00f1ar los fundamentos b\u00e1sicos de este deporte, busca impactar de manera positiva en su desarrollo.<\/span><\/p>\n<p style=\"text-align: justify;\"><span style=\"font-weight: 400;\">En lo referente a la actividad de la cl\u00ednica impartida por el seleccionador nacional, se inform\u00f3 que comenzar\u00e1 este viernes en el Auditorio de la Renovaci\u00f3n Moral del Parque Tangamanga 2, con actividades divididas en dos grupos, el s\u00e1bado la actividad ser\u00e1 en la Universidad Polit\u00e9cnica con actividad de 9:30 a 11:00 y de 11:00 12:30 de acuerdo con el grupo asignado, para el domingo el Club Deportivo La Loma recibir\u00e1 las y los participantes a partir de las 9:30 horas, concluyendo a las 12:30.<\/span><\/p>\n<p style=\"text-align: justify;\"><span style=\"font-weight: 400;\">Omar Quintero, dijo que adem\u00e1s de esta cl\u00ednica, se est\u00e1 viendo la posibilidad de regresar con la Selecci\u00f3n Mexicana de Basquetbol, debido a que, en febrero, en el Miguel Barrag\u00e1n como en la Arena Potos\u00ed hubo un gran espect\u00e1culo gracias al apoyo de la afici\u00f3n, por lo que, de aceptar, estar\u00edan enfrentando a Rep\u00fablica Dominicana, lugar trece del mundo.<\/span><\/p>\n","protected":false},"excerpt":{"rendered":"<p>El coach de la Selecci\u00f3n Mexicana de Basquetbol Omar Quintero ofrecer\u00e1 cl\u00ednicas los d\u00edas 29, 30 y 31 de agosto a ni\u00f1as y ni\u00f1os de 6 a 17 a\u00f1os, en donde adem\u00e1s de ense\u00f1ar los fundamentos b\u00e1sicos de este deporte, busca impactar de manera positiva en su desarrollo. En lo referente a la actividad de la cl\u00ednica impartida por el seleccionador nacional, se inform\u00f3 que comenzar\u00e1 este viernes en el Auditorio de la Renovaci\u00f3n Moral del Parque Tangamanga 2, con actividades divididas en dos grupos, el s\u00e1bado la actividad ser\u00e1 en la Universidad Polit\u00e9cnica con actividad de 9:30 a 11:00 [&hellip;]<\/p>\n","protected":false},"author":1,"featured_media":177976,"comment_status":"closed","ping_status":"closed","sticky":false,"template":"","format":"video","meta":{"_monsterinsights_skip_tracking":false,"_monsterinsights_sitenote_active":false,"_monsterinsights_sitenote_note":"","_monsterinsights_sitenote_category":0,"footnotes":""},"categories":[7,5],"tags":[],"class_list":["post-177975","post","type-post","status-publish","format-video","has-post-thumbnail","hentry","category-deportes","category-destacadas","post_format-post-format-video","post--single"],"yoast_head":"<!-- This site is optimized with the Yoast SEO plugin v27.5 - https:\/\/yoast.com\/product\/yoast-seo-wordpress\/ -->\n<title>Omar Quintero Ofrecer\u00e1 Cl\u00ednicas En SLP Los D\u00edas 29, 30 Y 31 De Agosto - Canal 7 SLP - 2025<\/title>\n<meta name=\"robots\" content=\"index, follow, max-snippet:-1, max-image-preview:large, max-video-preview:-1\" \/>\n<link rel=\"canonical\" href=\"https:\/\/canal7slp.tv\/2025\/omar-quintero-ofrecera-clinicas-en-slp-los-dias-29-30-y-31-de-agosto\/\" \/>\n<meta property=\"og:locale\" content=\"es_ES\" \/>\n<meta property=\"og:type\" content=\"article\" \/>\n<meta property=\"og:title\" content=\"Omar Quintero Ofrecer\u00e1 Cl\u00ednicas En SLP Los D\u00edas 29, 30 Y 31 De Agosto - Canal 7 SLP - 2025\" \/>\n<meta property=\"og:description\" content=\"El coach de la Selecci\u00f3n Mexicana de Basquetbol Omar Quintero ofrecer\u00e1 cl\u00ednicas los d\u00edas 29, 30 y 31 de agosto a ni\u00f1as y ni\u00f1os de 6 a 17 a\u00f1os, en donde adem\u00e1s de ense\u00f1ar los fundamentos b\u00e1sicos de este deporte, busca impactar de manera positiva en su desarrollo. En lo referente a la actividad de la cl\u00ednica impartida por el seleccionador nacional, se inform\u00f3 que comenzar\u00e1 este viernes en el Auditorio de la Renovaci\u00f3n Moral del Parque Tangamanga 2, con actividades divididas en dos grupos, el s\u00e1bado la actividad ser\u00e1 en la Universidad Polit\u00e9cnica con actividad de 9:30 a 11:00 [&hellip;]\" \/>\n<meta property=\"og:url\" content=\"https:\/\/canal7slp.tv\/2025\/omar-quintero-ofrecera-clinicas-en-slp-los-dias-29-30-y-31-de-agosto\/\" \/>\n<meta property=\"og:site_name\" content=\"Canal 7 SLP - 2025\" \/>\n<meta property=\"article:publisher\" content=\"https:\/\/www.facebook.com\/noticieroscanal7atencionciudadana\/\" \/>\n<meta property=\"article:published_time\" content=\"2025-08-29T22:13:05+00:00\" \/>\n<meta property=\"article:modified_time\" content=\"2025-08-31T17:15:27+00:00\" \/>\n<meta property=\"og:image\" content=\"https:\/\/canal7slp.tv\/2025\/wp-content\/uploads\/2025\/08\/photo_2025-08-31_11-14-05.jpg\" \/>\n\t<meta property=\"og:image:width\" content=\"702\" \/>\n\t<meta property=\"og:image:height\" content=\"444\" \/>\n\t<meta property=\"og:image:type\" content=\"image\/jpeg\" \/>\n<meta name=\"author\" content=\"admin\" \/>\n<meta name=\"twitter:card\" content=\"summary_large_image\" \/>\n<meta name=\"twitter:creator\" content=\"@NOTICIEROS7\" \/>\n<meta name=\"twitter:site\" content=\"@NOTICIEROS7\" \/>\n<meta name=\"twitter:label1\" content=\"Escrito por\" \/>\n\t<meta name=\"twitter:data1\" content=\"admin\" \/>\n\t<meta name=\"twitter:label2\" content=\"Tiempo de lectura\" \/>\n\t<meta name=\"twitter:data2\" content=\"2 minutos\" \/>\n<script type=\"application\/ld+json\" class=\"yoast-schema-graph\">{\"@context\":\"https:\\\/\\\/schema.org\",\"@graph\":[{\"@type\":\"Article\",\"@id\":\"https:\\\/\\\/canal7slp.tv\\\/2025\\\/omar-quintero-ofrecera-clinicas-en-slp-los-dias-29-30-y-31-de-agosto\\\/#article\",\"isPartOf\":{\"@id\":\"https:\\\/\\\/canal7slp.tv\\\/2025\\\/omar-quintero-ofrecera-clinicas-en-slp-los-dias-29-30-y-31-de-agosto\\\/\"},\"author\":{\"name\":\"admin\",\"@id\":\"https:\\\/\\\/canal7slp.tv\\\/2025\\\/#\\\/schema\\\/person\\\/1257e7e4a3d5ac29c4732733a887970d\"},\"headline\":\"Omar Quintero Ofrecer\u00e1 Cl\u00ednicas En SLP Los D\u00edas 29, 30 Y 31 De Agosto\",\"datePublished\":\"2025-08-29T22:13:05+00:00\",\"dateModified\":\"2025-08-31T17:15:27+00:00\",\"mainEntityOfPage\":{\"@id\":\"https:\\\/\\\/canal7slp.tv\\\/2025\\\/omar-quintero-ofrecera-clinicas-en-slp-los-dias-29-30-y-31-de-agosto\\\/\"},\"wordCount\":214,\"publisher\":{\"@id\":\"https:\\\/\\\/canal7slp.tv\\\/2025\\\/#organization\"},\"image\":{\"@id\":\"https:\\\/\\\/canal7slp.tv\\\/2025\\\/omar-quintero-ofrecera-clinicas-en-slp-los-dias-29-30-y-31-de-agosto\\\/#primaryimage\"},\"thumbnailUrl\":\"https:\\\/\\\/canal7slp.tv\\\/2025\\\/wp-content\\\/uploads\\\/2025\\\/08\\\/photo_2025-08-31_11-14-05.jpg\",\"articleSection\":[\"DEPORTES\",\"DESTACADAS\"],\"inLanguage\":\"es\"},{\"@type\":\"WebPage\",\"@id\":\"https:\\\/\\\/canal7slp.tv\\\/2025\\\/omar-quintero-ofrecera-clinicas-en-slp-los-dias-29-30-y-31-de-agosto\\\/\",\"url\":\"https:\\\/\\\/canal7slp.tv\\\/2025\\\/omar-quintero-ofrecera-clinicas-en-slp-los-dias-29-30-y-31-de-agosto\\\/\",\"name\":\"Omar Quintero Ofrecer\u00e1 Cl\u00ednicas En SLP Los D\u00edas 29, 30 Y 31 De Agosto - Canal 7 SLP - 2025\",\"isPartOf\":{\"@id\":\"https:\\\/\\\/canal7slp.tv\\\/2025\\\/#website\"},\"primaryImageOfPage\":{\"@id\":\"https:\\\/\\\/canal7slp.tv\\\/2025\\\/omar-quintero-ofrecera-clinicas-en-slp-los-dias-29-30-y-31-de-agosto\\\/#primaryimage\"},\"image\":{\"@id\":\"https:\\\/\\\/canal7slp.tv\\\/2025\\\/omar-quintero-ofrecera-clinicas-en-slp-los-dias-29-30-y-31-de-agosto\\\/#primaryimage\"},\"thumbnailUrl\":\"https:\\\/\\\/canal7slp.tv\\\/2025\\\/wp-content\\\/uploads\\\/2025\\\/08\\\/photo_2025-08-31_11-14-05.jpg\",\"datePublished\":\"2025-08-29T22:13:05+00:00\",\"dateModified\":\"2025-08-31T17:15:27+00:00\",\"breadcrumb\":{\"@id\":\"https:\\\/\\\/canal7slp.tv\\\/2025\\\/omar-quintero-ofrecera-clinicas-en-slp-los-dias-29-30-y-31-de-agosto\\\/#breadcrumb\"},\"inLanguage\":\"es\",\"potentialAction\":[{\"@type\":\"ReadAction\",\"target\":[\"https:\\\/\\\/canal7slp.tv\\\/2025\\\/omar-quintero-ofrecera-clinicas-en-slp-los-dias-29-30-y-31-de-agosto\\\/\"]}]},{\"@type\":\"ImageObject\",\"inLanguage\":\"es\",\"@id\":\"https:\\\/\\\/canal7slp.tv\\\/2025\\\/omar-quintero-ofrecera-clinicas-en-slp-los-dias-29-30-y-31-de-agosto\\\/#primaryimage\",\"url\":\"https:\\\/\\\/canal7slp.tv\\\/2025\\\/wp-content\\\/uploads\\\/2025\\\/08\\\/photo_2025-08-31_11-14-05.jpg\",\"contentUrl\":\"https:\\\/\\\/canal7slp.tv\\\/2025\\\/wp-content\\\/uploads\\\/2025\\\/08\\\/photo_2025-08-31_11-14-05.jpg\",\"width\":702,\"height\":444},{\"@type\":\"BreadcrumbList\",\"@id\":\"https:\\\/\\\/canal7slp.tv\\\/2025\\\/omar-quintero-ofrecera-clinicas-en-slp-los-dias-29-30-y-31-de-agosto\\\/#breadcrumb\",\"itemListElement\":[{\"@type\":\"ListItem\",\"position\":1,\"name\":\"Portada\",\"item\":\"https:\\\/\\\/canal7slp.tv\\\/2025\\\/\"},{\"@type\":\"ListItem\",\"position\":2,\"name\":\"Omar Quintero Ofrecer\u00e1 Cl\u00ednicas En SLP Los D\u00edas 29, 30 Y 31 De Agosto\"}]},{\"@type\":\"WebSite\",\"@id\":\"https:\\\/\\\/canal7slp.tv\\\/2025\\\/#website\",\"url\":\"https:\\\/\\\/canal7slp.tv\\\/2025\\\/\",\"name\":\"N7 - Noticieros Canal 7\",\"description\":\"Somos el Medio\",\"publisher\":{\"@id\":\"https:\\\/\\\/canal7slp.tv\\\/2025\\\/#organization\"},\"potentialAction\":[{\"@type\":\"SearchAction\",\"target\":{\"@type\":\"EntryPoint\",\"urlTemplate\":\"https:\\\/\\\/canal7slp.tv\\\/2025\\\/?s={search_term_string}\"},\"query-input\":{\"@type\":\"PropertyValueSpecification\",\"valueRequired\":true,\"valueName\":\"search_term_string\"}}],\"inLanguage\":\"es\"},{\"@type\":\"Organization\",\"@id\":\"https:\\\/\\\/canal7slp.tv\\\/2025\\\/#organization\",\"name\":\"Noticieros Canal 7\",\"url\":\"https:\\\/\\\/canal7slp.tv\\\/2025\\\/\",\"logo\":{\"@type\":\"ImageObject\",\"inLanguage\":\"es\",\"@id\":\"https:\\\/\\\/canal7slp.tv\\\/2025\\\/#\\\/schema\\\/logo\\\/image\\\/\",\"url\":\"https:\\\/\\\/canal7slp.tv\\\/2025\\\/wp-content\\\/uploads\\\/2021\\\/01\\\/logo-noticieros@2x.png\",\"contentUrl\":\"https:\\\/\\\/canal7slp.tv\\\/2025\\\/wp-content\\\/uploads\\\/2021\\\/01\\\/logo-noticieros@2x.png\",\"width\":1017,\"height\":268,\"caption\":\"Noticieros Canal 7\"},\"image\":{\"@id\":\"https:\\\/\\\/canal7slp.tv\\\/2025\\\/#\\\/schema\\\/logo\\\/image\\\/\"},\"sameAs\":[\"https:\\\/\\\/www.facebook.com\\\/noticieroscanal7atencionciudadana\\\/\",\"https:\\\/\\\/x.com\\\/NOTICIEROS7\",\"https:\\\/\\\/www.instagram.com\\\/canal7_slp\",\"https:\\\/\\\/www.youtube.com\\\/channel\\\/UCliiYs-gP3JfJeqdPrNdd5A\"]},{\"@type\":\"Person\",\"@id\":\"https:\\\/\\\/canal7slp.tv\\\/2025\\\/#\\\/schema\\\/person\\\/1257e7e4a3d5ac29c4732733a887970d\",\"name\":\"admin\",\"image\":{\"@type\":\"ImageObject\",\"inLanguage\":\"es\",\"@id\":\"https:\\\/\\\/secure.gravatar.com\\\/avatar\\\/d1da498ea933582ecc2b5d72a4eac16ec41c3ec04cf2dc9d46e0b557dedfd5ff?s=96&d=mm&r=g\",\"url\":\"https:\\\/\\\/secure.gravatar.com\\\/avatar\\\/d1da498ea933582ecc2b5d72a4eac16ec41c3ec04cf2dc9d46e0b557dedfd5ff?s=96&d=mm&r=g\",\"contentUrl\":\"https:\\\/\\\/secure.gravatar.com\\\/avatar\\\/d1da498ea933582ecc2b5d72a4eac16ec41c3ec04cf2dc9d46e0b557dedfd5ff?s=96&d=mm&r=g\",\"caption\":\"admin\"},\"sameAs\":[\"https:\\\/\\\/canal7slp.tv\\\/2025\"],\"url\":\"https:\\\/\\\/canal7slp.tv\\\/2025\\\/author\\\/bicefalo\\\/\"}]}<\/script>\n<!-- \/ Yoast SEO plugin. -->","yoast_head_json":{"title":"Omar Quintero Ofrecer\u00e1 Cl\u00ednicas En SLP Los D\u00edas 29, 30 Y 31 De Agosto - Canal 7 SLP - 2025","robots":{"index":"index","follow":"follow","max-snippet":"max-snippet:-1","max-image-preview":"max-image-preview:large","max-video-preview":"max-video-preview:-1"},"canonical":"https:\/\/canal7slp.tv\/2025\/omar-quintero-ofrecera-clinicas-en-slp-los-dias-29-30-y-31-de-agosto\/","og_locale":"es_ES","og_type":"article","og_title":"Omar Quintero Ofrecer\u00e1 Cl\u00ednicas En SLP Los D\u00edas 29, 30 Y 31 De Agosto - Canal 7 SLP - 2025","og_description":"El coach de la Selecci\u00f3n Mexicana de Basquetbol Omar Quintero ofrecer\u00e1 cl\u00ednicas los d\u00edas 29, 30 y 31 de agosto a ni\u00f1as y ni\u00f1os de 6 a 17 a\u00f1os, en donde adem\u00e1s de ense\u00f1ar los fundamentos b\u00e1sicos de este deporte, busca impactar de manera positiva en su desarrollo. En lo referente a la actividad de la cl\u00ednica impartida por el seleccionador nacional, se inform\u00f3 que comenzar\u00e1 este viernes en el Auditorio de la Renovaci\u00f3n Moral del Parque Tangamanga 2, con actividades divididas en dos grupos, el s\u00e1bado la actividad ser\u00e1 en la Universidad Polit\u00e9cnica con actividad de 9:30 a 11:00 [&hellip;]","og_url":"https:\/\/canal7slp.tv\/2025\/omar-quintero-ofrecera-clinicas-en-slp-los-dias-29-30-y-31-de-agosto\/","og_site_name":"Canal 7 SLP - 2025","article_publisher":"https:\/\/www.facebook.com\/noticieroscanal7atencionciudadana\/","article_published_time":"2025-08-29T22:13:05+00:00","article_modified_time":"2025-08-31T17:15:27+00:00","og_image":[{"width":702,"height":444,"url":"https:\/\/canal7slp.tv\/2025\/wp-content\/uploads\/2025\/08\/photo_2025-08-31_11-14-05.jpg","type":"image\/jpeg"}],"author":"admin","twitter_card":"summary_large_image","twitter_creator":"@NOTICIEROS7","twitter_site":"@NOTICIEROS7","twitter_misc":{"Escrito por":"admin","Tiempo de lectura":"2 minutos"},"schema":{"@context":"https:\/\/schema.org","@graph":[{"@type":"Article","@id":"https:\/\/canal7slp.tv\/2025\/omar-quintero-ofrecera-clinicas-en-slp-los-dias-29-30-y-31-de-agosto\/#article","isPartOf":{"@id":"https:\/\/canal7slp.tv\/2025\/omar-quintero-ofrecera-clinicas-en-slp-los-dias-29-30-y-31-de-agosto\/"},"author":{"name":"admin","@id":"https:\/\/canal7slp.tv\/2025\/#\/schema\/person\/1257e7e4a3d5ac29c4732733a887970d"},"headline":"Omar Quintero Ofrecer\u00e1 Cl\u00ednicas En SLP Los D\u00edas 29, 30 Y 31 De Agosto","datePublished":"2025-08-29T22:13:05+00:00","dateModified":"2025-08-31T17:15:27+00:00","mainEntityOfPage":{"@id":"https:\/\/canal7slp.tv\/2025\/omar-quintero-ofrecera-clinicas-en-slp-los-dias-29-30-y-31-de-agosto\/"},"wordCount":214,"publisher":{"@id":"https:\/\/canal7slp.tv\/2025\/#organization"},"image":{"@id":"https:\/\/canal7slp.tv\/2025\/omar-quintero-ofrecera-clinicas-en-slp-los-dias-29-30-y-31-de-agosto\/#primaryimage"},"thumbnailUrl":"https:\/\/canal7slp.tv\/2025\/wp-content\/uploads\/2025\/08\/photo_2025-08-31_11-14-05.jpg","articleSection":["DEPORTES","DESTACADAS"],"inLanguage":"es"},{"@type":"WebPage","@id":"https:\/\/canal7slp.tv\/2025\/omar-quintero-ofrecera-clinicas-en-slp-los-dias-29-30-y-31-de-agosto\/","url":"https:\/\/canal7slp.tv\/2025\/omar-quintero-ofrecera-clinicas-en-slp-los-dias-29-30-y-31-de-agosto\/","name":"Omar Quintero Ofrecer\u00e1 Cl\u00ednicas En SLP Los D\u00edas 29, 30 Y 31 De Agosto - Canal 7 SLP - 2025","isPartOf":{"@id":"https:\/\/canal7slp.tv\/2025\/#website"},"primaryImageOfPage":{"@id":"https:\/\/canal7slp.tv\/2025\/omar-quintero-ofrecera-clinicas-en-slp-los-dias-29-30-y-31-de-agosto\/#primaryimage"},"image":{"@id":"https:\/\/canal7slp.tv\/2025\/omar-quintero-ofrecera-clinicas-en-slp-los-dias-29-30-y-31-de-agosto\/#primaryimage"},"thumbnailUrl":"https:\/\/canal7slp.tv\/2025\/wp-content\/uploads\/2025\/08\/photo_2025-08-31_11-14-05.jpg","datePublished":"2025-08-29T22:13:05+00:00","dateModified":"2025-08-31T17:15:27+00:00","breadcrumb":{"@id":"https:\/\/canal7slp.tv\/2025\/omar-quintero-ofrecera-clinicas-en-slp-los-dias-29-30-y-31-de-agosto\/#breadcrumb"},"inLanguage":"es","potentialAction":[{"@type":"ReadAction","target":["https:\/\/canal7slp.tv\/2025\/omar-quintero-ofrecera-clinicas-en-slp-los-dias-29-30-y-31-de-agosto\/"]}]},{"@type":"ImageObject","inLanguage":"es","@id":"https:\/\/canal7slp.tv\/2025\/omar-quintero-ofrecera-clinicas-en-slp-los-dias-29-30-y-31-de-agosto\/#primaryimage","url":"https:\/\/canal7slp.tv\/2025\/wp-content\/uploads\/2025\/08\/photo_2025-08-31_11-14-05.jpg","contentUrl":"https:\/\/canal7slp.tv\/2025\/wp-content\/uploads\/2025\/08\/photo_2025-08-31_11-14-05.jpg","width":702,"height":444},{"@type":"BreadcrumbList","@id":"https:\/\/canal7slp.tv\/2025\/omar-quintero-ofrecera-clinicas-en-slp-los-dias-29-30-y-31-de-agosto\/#breadcrumb","itemListElement":[{"@type":"ListItem","position":1,"name":"Portada","item":"https:\/\/canal7slp.tv\/2025\/"},{"@type":"ListItem","position":2,"name":"Omar Quintero Ofrecer\u00e1 Cl\u00ednicas En SLP Los D\u00edas 29, 30 Y 31 De Agosto"}]},{"@type":"WebSite","@id":"https:\/\/canal7slp.tv\/2025\/#website","url":"https:\/\/canal7slp.tv\/2025\/","name":"N7 - Noticieros Canal 7","description":"Somos el Medio","publisher":{"@id":"https:\/\/canal7slp.tv\/2025\/#organization"},"potentialAction":[{"@type":"SearchAction","target":{"@type":"EntryPoint","urlTemplate":"https:\/\/canal7slp.tv\/2025\/?s={search_term_string}"},"query-input":{"@type":"PropertyValueSpecification","valueRequired":true,"valueName":"search_term_string"}}],"inLanguage":"es"},{"@type":"Organization","@id":"https:\/\/canal7slp.tv\/2025\/#organization","name":"Noticieros Canal 7","url":"https:\/\/canal7slp.tv\/2025\/","logo":{"@type":"ImageObject","inLanguage":"es","@id":"https:\/\/canal7slp.tv\/2025\/#\/schema\/logo\/image\/","url":"https:\/\/canal7slp.tv\/2025\/wp-content\/uploads\/2021\/01\/logo-noticieros@2x.png","contentUrl":"https:\/\/canal7slp.tv\/2025\/wp-content\/uploads\/2021\/01\/logo-noticieros@2x.png","width":1017,"height":268,"caption":"Noticieros Canal 7"},"image":{"@id":"https:\/\/canal7slp.tv\/2025\/#\/schema\/logo\/image\/"},"sameAs":["https:\/\/www.facebook.com\/noticieroscanal7atencionciudadana\/","https:\/\/x.com\/NOTICIEROS7","https:\/\/www.instagram.com\/canal7_slp","https:\/\/www.youtube.com\/channel\/UCliiYs-gP3JfJeqdPrNdd5A"]},{"@type":"Person","@id":"https:\/\/canal7slp.tv\/2025\/#\/schema\/person\/1257e7e4a3d5ac29c4732733a887970d","name":"admin","image":{"@type":"ImageObject","inLanguage":"es","@id":"https:\/\/secure.gravatar.com\/avatar\/d1da498ea933582ecc2b5d72a4eac16ec41c3ec04cf2dc9d46e0b557dedfd5ff?s=96&d=mm&r=g","url":"https:\/\/secure.gravatar.com\/avatar\/d1da498ea933582ecc2b5d72a4eac16ec41c3ec04cf2dc9d46e0b557dedfd5ff?s=96&d=mm&r=g","contentUrl":"https:\/\/secure.gravatar.com\/avatar\/d1da498ea933582ecc2b5d72a4eac16ec41c3ec04cf2dc9d46e0b557dedfd5ff?s=96&d=mm&r=g","caption":"admin"},"sameAs":["https:\/\/canal7slp.tv\/2025"],"url":"https:\/\/canal7slp.tv\/2025\/author\/bicefalo\/"}]}},"_links":{"self":[{"href":"https:\/\/canal7slp.tv\/2025\/wp-json\/wp\/v2\/posts\/177975","targetHints":{"allow":["GET"]}}],"collection":[{"href":"https:\/\/canal7slp.tv\/2025\/wp-json\/wp\/v2\/posts"}],"about":[{"href":"https:\/\/canal7slp.tv\/2025\/wp-json\/wp\/v2\/types\/post"}],"author":[{"embeddable":true,"href":"https:\/\/canal7slp.tv\/2025\/wp-json\/wp\/v2\/users\/1"}],"replies":[{"embeddable":true,"href":"https:\/\/canal7slp.tv\/2025\/wp-json\/wp\/v2\/comments?post=177975"}],"version-history":[{"count":2,"href":"https:\/\/canal7slp.tv\/2025\/wp-json\/wp\/v2\/posts\/177975\/revisions"}],"predecessor-version":[{"id":177978,"href":"https:\/\/canal7slp.tv\/2025\/wp-json\/wp\/v2\/posts\/177975\/revisions\/177978"}],"wp:featuredmedia":[{"embeddable":true,"href":"https:\/\/canal7slp.tv\/2025\/wp-json\/wp\/v2\/media\/177976"}],"wp:attachment":[{"href":"https:\/\/canal7slp.tv\/2025\/wp-json\/wp\/v2\/media?parent=177975"}],"wp:term":[{"taxonomy":"category","embeddable":true,"href":"https:\/\/canal7slp.tv\/2025\/wp-json\/wp\/v2\/categories?post=177975"},{"taxonomy":"post_tag","embeddable":true,"href":"https:\/\/canal7slp.tv\/2025\/wp-json\/wp\/v2\/tags?post=177975"}],"curies":[{"name":"wp","href":"https:\/\/api.w.org\/{rel}","templated":true}]}}