{"id":177957,"date":"2025-08-31T10:53:53","date_gmt":"2025-08-31T16:53:53","guid":{"rendered":"https:\/\/canal7slp.tv\/2025\/?p=177957"},"modified":"2025-08-31T10:53:53","modified_gmt":"2025-08-31T16:53:53","slug":"reduce-matricula-en-preescolar-cierran-planteles-en-comunidades","status":"publish","type":"post","link":"https:\/\/canal7slp.tv\/2025\/reduce-matricula-en-preescolar-cierran-planteles-en-comunidades\/","title":{"rendered":"Reduce matr\u00edcula en preescolar; cierran planteles en comunidades"},"content":{"rendered":"<p style=\"text-align: justify;\">La Secretar\u00eda de Educaci\u00f3n en San Luis Potos\u00ed, inform\u00f3 que el sistema educativo atraviesa por un proceso de reorganizaci\u00f3n debido a la reducci\u00f3n en la matr\u00edcula de educaci\u00f3n preescolar, lo que ha llevado al cierre de planteles en distintas comunidades.<\/p>\n<p style=\"text-align: justify;\">De hecho, el titular de la dependencia educativa explic\u00f3 que actualmente no existe un d\u00e9ficit de docentes en el estado, sino lo contrario.<\/p>\n<p style=\"text-align: justify;\">\u201cEso significa que entonces tenemos maestros de sobra y que simplemente debemos ubicarlos adecuadamente, distribuirlos en todas las instituciones que se requieran\u201d, afirm\u00f3.<\/p>\n<p style=\"text-align: justify;\">El secretario puntualiz\u00f3 que el ajuste se debe al comportamiento demogr\u00e1fico de las nuevas generaciones, lo que ha impactado directamente en la demanda escolar.<\/p>\n<p style=\"text-align: justify;\">\u201cHemos trabajado desde que llegamos en este asunto de que no falten maestros. Hoy les puedo decir que tenemos un problema de crecimiento de generaciones y que hemos cerrado algunos preescolares\u201d, reiter\u00f3.<\/p>\n<p style=\"text-align: justify;\">Por ello pidi\u00f3 a la comunidad educativa reportar cualquier caso de ausencia de docentes; adem\u00e1s, resalt\u00f3 la modernizaci\u00f3n en cuanto a la parte administrativa dentro de la secretar\u00eda.<\/p>\n<p style=\"text-align: justify;\">\u201cSi hubiera alguna queja por favor en la primer semana que nos lo hagan saber padres de familia, directivos, alumnos que no tengan un maestro\u201d, expres\u00f3.<\/p>\n<p style=\"text-align: justify;\">Prosigui\u00f3: \u00abLa verdad es que nos ha ido muy bien. Hoy s\u00ed, despu\u00e9s de 4 a\u00f1os de esta administraci\u00f3n hemos mejorado todos los tr\u00e1mites administrativos, hoy debemos estar al 100% con los maestros frente a grupo\u201d, se\u00f1al\u00f3.<\/p>\n","protected":false},"excerpt":{"rendered":"<p>La Secretar\u00eda de Educaci\u00f3n en San Luis Potos\u00ed, inform\u00f3 que el sistema educativo atraviesa por un proceso de reorganizaci\u00f3n debido a la reducci\u00f3n en la matr\u00edcula de educaci\u00f3n preescolar, lo que ha llevado al cierre de planteles en distintas comunidades. De hecho, el titular de la dependencia educativa explic\u00f3 que actualmente no existe un d\u00e9ficit de docentes en el estado, sino lo contrario. \u201cEso significa que entonces tenemos maestros de sobra y que simplemente debemos ubicarlos adecuadamente, distribuirlos en todas las instituciones que se requieran\u201d, afirm\u00f3. El secretario puntualiz\u00f3 que el ajuste se debe al comportamiento demogr\u00e1fico de las nuevas [&hellip;]<\/p>\n","protected":false},"author":1,"featured_media":177958,"comment_status":"closed","ping_status":"closed","sticky":false,"template":"","format":"video","meta":{"_monsterinsights_skip_tracking":false,"_monsterinsights_sitenote_active":false,"_monsterinsights_sitenote_note":"","_monsterinsights_sitenote_category":0,"footnotes":""},"categories":[5,45],"tags":[],"class_list":["post-177957","post","type-post","status-publish","format-video","has-post-thumbnail","hentry","category-destacadas","category-localesyregionales","post_format-post-format-video","post--single"],"yoast_head":"<!-- This site is optimized with the Yoast SEO plugin v27.5 - https:\/\/yoast.com\/product\/yoast-seo-wordpress\/ -->\n<title>Reduce matr\u00edcula en preescolar; cierran planteles en comunidades - Canal 7 SLP - 2025<\/title>\n<meta name=\"robots\" content=\"index, follow, max-snippet:-1, max-image-preview:large, max-video-preview:-1\" \/>\n<link rel=\"canonical\" href=\"https:\/\/canal7slp.tv\/2025\/reduce-matricula-en-preescolar-cierran-planteles-en-comunidades\/\" \/>\n<meta property=\"og:locale\" content=\"es_ES\" \/>\n<meta property=\"og:type\" content=\"article\" \/>\n<meta property=\"og:title\" content=\"Reduce matr\u00edcula en preescolar; cierran planteles en comunidades - Canal 7 SLP - 2025\" \/>\n<meta property=\"og:description\" content=\"La Secretar\u00eda de Educaci\u00f3n en San Luis Potos\u00ed, inform\u00f3 que el sistema educativo atraviesa por un proceso de reorganizaci\u00f3n debido a la reducci\u00f3n en la matr\u00edcula de educaci\u00f3n preescolar, lo que ha llevado al cierre de planteles en distintas comunidades. De hecho, el titular de la dependencia educativa explic\u00f3 que actualmente no existe un d\u00e9ficit de docentes en el estado, sino lo contrario. \u201cEso significa que entonces tenemos maestros de sobra y que simplemente debemos ubicarlos adecuadamente, distribuirlos en todas las instituciones que se requieran\u201d, afirm\u00f3. El secretario puntualiz\u00f3 que el ajuste se debe al comportamiento demogr\u00e1fico de las nuevas [&hellip;]\" \/>\n<meta property=\"og:url\" content=\"https:\/\/canal7slp.tv\/2025\/reduce-matricula-en-preescolar-cierran-planteles-en-comunidades\/\" \/>\n<meta property=\"og:site_name\" content=\"Canal 7 SLP - 2025\" \/>\n<meta property=\"article:publisher\" content=\"https:\/\/www.facebook.com\/noticieroscanal7atencionciudadana\/\" \/>\n<meta property=\"article:published_time\" content=\"2025-08-31T16:53:53+00:00\" \/>\n<meta property=\"og:image\" content=\"https:\/\/canal7slp.tv\/2025\/wp-content\/uploads\/2025\/08\/photo_2025-08-31_10-53-06.jpg\" \/>\n\t<meta property=\"og:image:width\" content=\"1066\" \/>\n\t<meta property=\"og:image:height\" content=\"624\" \/>\n\t<meta property=\"og:image:type\" content=\"image\/jpeg\" \/>\n<meta name=\"author\" content=\"admin\" \/>\n<meta name=\"twitter:card\" content=\"summary_large_image\" \/>\n<meta name=\"twitter:creator\" content=\"@NOTICIEROS7\" \/>\n<meta name=\"twitter:site\" content=\"@NOTICIEROS7\" \/>\n<meta name=\"twitter:label1\" content=\"Escrito por\" \/>\n\t<meta name=\"twitter:data1\" content=\"admin\" \/>\n\t<meta name=\"twitter:label2\" content=\"Tiempo de lectura\" \/>\n\t<meta name=\"twitter:data2\" content=\"2 minutos\" \/>\n<script type=\"application\/ld+json\" class=\"yoast-schema-graph\">{\"@context\":\"https:\\\/\\\/schema.org\",\"@graph\":[{\"@type\":\"Article\",\"@id\":\"https:\\\/\\\/canal7slp.tv\\\/2025\\\/reduce-matricula-en-preescolar-cierran-planteles-en-comunidades\\\/#article\",\"isPartOf\":{\"@id\":\"https:\\\/\\\/canal7slp.tv\\\/2025\\\/reduce-matricula-en-preescolar-cierran-planteles-en-comunidades\\\/\"},\"author\":{\"name\":\"admin\",\"@id\":\"https:\\\/\\\/canal7slp.tv\\\/2025\\\/#\\\/schema\\\/person\\\/1257e7e4a3d5ac29c4732733a887970d\"},\"headline\":\"Reduce matr\u00edcula en preescolar; cierran planteles en comunidades\",\"datePublished\":\"2025-08-31T16:53:53+00:00\",\"mainEntityOfPage\":{\"@id\":\"https:\\\/\\\/canal7slp.tv\\\/2025\\\/reduce-matricula-en-preescolar-cierran-planteles-en-comunidades\\\/\"},\"wordCount\":256,\"publisher\":{\"@id\":\"https:\\\/\\\/canal7slp.tv\\\/2025\\\/#organization\"},\"image\":{\"@id\":\"https:\\\/\\\/canal7slp.tv\\\/2025\\\/reduce-matricula-en-preescolar-cierran-planteles-en-comunidades\\\/#primaryimage\"},\"thumbnailUrl\":\"https:\\\/\\\/canal7slp.tv\\\/2025\\\/wp-content\\\/uploads\\\/2025\\\/08\\\/photo_2025-08-31_10-53-06.jpg\",\"articleSection\":[\"DESTACADAS\",\"LOCALES Y REGIONALES\"],\"inLanguage\":\"es\"},{\"@type\":\"WebPage\",\"@id\":\"https:\\\/\\\/canal7slp.tv\\\/2025\\\/reduce-matricula-en-preescolar-cierran-planteles-en-comunidades\\\/\",\"url\":\"https:\\\/\\\/canal7slp.tv\\\/2025\\\/reduce-matricula-en-preescolar-cierran-planteles-en-comunidades\\\/\",\"name\":\"Reduce matr\u00edcula en preescolar; cierran planteles en comunidades - Canal 7 SLP - 2025\",\"isPartOf\":{\"@id\":\"https:\\\/\\\/canal7slp.tv\\\/2025\\\/#website\"},\"primaryImageOfPage\":{\"@id\":\"https:\\\/\\\/canal7slp.tv\\\/2025\\\/reduce-matricula-en-preescolar-cierran-planteles-en-comunidades\\\/#primaryimage\"},\"image\":{\"@id\":\"https:\\\/\\\/canal7slp.tv\\\/2025\\\/reduce-matricula-en-preescolar-cierran-planteles-en-comunidades\\\/#primaryimage\"},\"thumbnailUrl\":\"https:\\\/\\\/canal7slp.tv\\\/2025\\\/wp-content\\\/uploads\\\/2025\\\/08\\\/photo_2025-08-31_10-53-06.jpg\",\"datePublished\":\"2025-08-31T16:53:53+00:00\",\"breadcrumb\":{\"@id\":\"https:\\\/\\\/canal7slp.tv\\\/2025\\\/reduce-matricula-en-preescolar-cierran-planteles-en-comunidades\\\/#breadcrumb\"},\"inLanguage\":\"es\",\"potentialAction\":[{\"@type\":\"ReadAction\",\"target\":[\"https:\\\/\\\/canal7slp.tv\\\/2025\\\/reduce-matricula-en-preescolar-cierran-planteles-en-comunidades\\\/\"]}]},{\"@type\":\"ImageObject\",\"inLanguage\":\"es\",\"@id\":\"https:\\\/\\\/canal7slp.tv\\\/2025\\\/reduce-matricula-en-preescolar-cierran-planteles-en-comunidades\\\/#primaryimage\",\"url\":\"https:\\\/\\\/canal7slp.tv\\\/2025\\\/wp-content\\\/uploads\\\/2025\\\/08\\\/photo_2025-08-31_10-53-06.jpg\",\"contentUrl\":\"https:\\\/\\\/canal7slp.tv\\\/2025\\\/wp-content\\\/uploads\\\/2025\\\/08\\\/photo_2025-08-31_10-53-06.jpg\",\"width\":1066,\"height\":624},{\"@type\":\"BreadcrumbList\",\"@id\":\"https:\\\/\\\/canal7slp.tv\\\/2025\\\/reduce-matricula-en-preescolar-cierran-planteles-en-comunidades\\\/#breadcrumb\",\"itemListElement\":[{\"@type\":\"ListItem\",\"position\":1,\"name\":\"Portada\",\"item\":\"https:\\\/\\\/canal7slp.tv\\\/2025\\\/\"},{\"@type\":\"ListItem\",\"position\":2,\"name\":\"Reduce matr\u00edcula en preescolar; cierran planteles en comunidades\"}]},{\"@type\":\"WebSite\",\"@id\":\"https:\\\/\\\/canal7slp.tv\\\/2025\\\/#website\",\"url\":\"https:\\\/\\\/canal7slp.tv\\\/2025\\\/\",\"name\":\"N7 - Noticieros Canal 7\",\"description\":\"Somos el Medio\",\"publisher\":{\"@id\":\"https:\\\/\\\/canal7slp.tv\\\/2025\\\/#organization\"},\"potentialAction\":[{\"@type\":\"SearchAction\",\"target\":{\"@type\":\"EntryPoint\",\"urlTemplate\":\"https:\\\/\\\/canal7slp.tv\\\/2025\\\/?s={search_term_string}\"},\"query-input\":{\"@type\":\"PropertyValueSpecification\",\"valueRequired\":true,\"valueName\":\"search_term_string\"}}],\"inLanguage\":\"es\"},{\"@type\":\"Organization\",\"@id\":\"https:\\\/\\\/canal7slp.tv\\\/2025\\\/#organization\",\"name\":\"Noticieros Canal 7\",\"url\":\"https:\\\/\\\/canal7slp.tv\\\/2025\\\/\",\"logo\":{\"@type\":\"ImageObject\",\"inLanguage\":\"es\",\"@id\":\"https:\\\/\\\/canal7slp.tv\\\/2025\\\/#\\\/schema\\\/logo\\\/image\\\/\",\"url\":\"https:\\\/\\\/canal7slp.tv\\\/2025\\\/wp-content\\\/uploads\\\/2021\\\/01\\\/logo-noticieros@2x.png\",\"contentUrl\":\"https:\\\/\\\/canal7slp.tv\\\/2025\\\/wp-content\\\/uploads\\\/2021\\\/01\\\/logo-noticieros@2x.png\",\"width\":1017,\"height\":268,\"caption\":\"Noticieros Canal 7\"},\"image\":{\"@id\":\"https:\\\/\\\/canal7slp.tv\\\/2025\\\/#\\\/schema\\\/logo\\\/image\\\/\"},\"sameAs\":[\"https:\\\/\\\/www.facebook.com\\\/noticieroscanal7atencionciudadana\\\/\",\"https:\\\/\\\/x.com\\\/NOTICIEROS7\",\"https:\\\/\\\/www.instagram.com\\\/canal7_slp\",\"https:\\\/\\\/www.youtube.com\\\/channel\\\/UCliiYs-gP3JfJeqdPrNdd5A\"]},{\"@type\":\"Person\",\"@id\":\"https:\\\/\\\/canal7slp.tv\\\/2025\\\/#\\\/schema\\\/person\\\/1257e7e4a3d5ac29c4732733a887970d\",\"name\":\"admin\",\"image\":{\"@type\":\"ImageObject\",\"inLanguage\":\"es\",\"@id\":\"https:\\\/\\\/secure.gravatar.com\\\/avatar\\\/d1da498ea933582ecc2b5d72a4eac16ec41c3ec04cf2dc9d46e0b557dedfd5ff?s=96&d=mm&r=g\",\"url\":\"https:\\\/\\\/secure.gravatar.com\\\/avatar\\\/d1da498ea933582ecc2b5d72a4eac16ec41c3ec04cf2dc9d46e0b557dedfd5ff?s=96&d=mm&r=g\",\"contentUrl\":\"https:\\\/\\\/secure.gravatar.com\\\/avatar\\\/d1da498ea933582ecc2b5d72a4eac16ec41c3ec04cf2dc9d46e0b557dedfd5ff?s=96&d=mm&r=g\",\"caption\":\"admin\"},\"sameAs\":[\"https:\\\/\\\/canal7slp.tv\\\/2025\"],\"url\":\"https:\\\/\\\/canal7slp.tv\\\/2025\\\/author\\\/bicefalo\\\/\"}]}<\/script>\n<!-- \/ Yoast SEO plugin. -->","yoast_head_json":{"title":"Reduce matr\u00edcula en preescolar; cierran planteles en comunidades - Canal 7 SLP - 2025","robots":{"index":"index","follow":"follow","max-snippet":"max-snippet:-1","max-image-preview":"max-image-preview:large","max-video-preview":"max-video-preview:-1"},"canonical":"https:\/\/canal7slp.tv\/2025\/reduce-matricula-en-preescolar-cierran-planteles-en-comunidades\/","og_locale":"es_ES","og_type":"article","og_title":"Reduce matr\u00edcula en preescolar; cierran planteles en comunidades - Canal 7 SLP - 2025","og_description":"La Secretar\u00eda de Educaci\u00f3n en San Luis Potos\u00ed, inform\u00f3 que el sistema educativo atraviesa por un proceso de reorganizaci\u00f3n debido a la reducci\u00f3n en la matr\u00edcula de educaci\u00f3n preescolar, lo que ha llevado al cierre de planteles en distintas comunidades. De hecho, el titular de la dependencia educativa explic\u00f3 que actualmente no existe un d\u00e9ficit de docentes en el estado, sino lo contrario. \u201cEso significa que entonces tenemos maestros de sobra y que simplemente debemos ubicarlos adecuadamente, distribuirlos en todas las instituciones que se requieran\u201d, afirm\u00f3. El secretario puntualiz\u00f3 que el ajuste se debe al comportamiento demogr\u00e1fico de las nuevas [&hellip;]","og_url":"https:\/\/canal7slp.tv\/2025\/reduce-matricula-en-preescolar-cierran-planteles-en-comunidades\/","og_site_name":"Canal 7 SLP - 2025","article_publisher":"https:\/\/www.facebook.com\/noticieroscanal7atencionciudadana\/","article_published_time":"2025-08-31T16:53:53+00:00","og_image":[{"width":1066,"height":624,"url":"https:\/\/canal7slp.tv\/2025\/wp-content\/uploads\/2025\/08\/photo_2025-08-31_10-53-06.jpg","type":"image\/jpeg"}],"author":"admin","twitter_card":"summary_large_image","twitter_creator":"@NOTICIEROS7","twitter_site":"@NOTICIEROS7","twitter_misc":{"Escrito por":"admin","Tiempo de lectura":"2 minutos"},"schema":{"@context":"https:\/\/schema.org","@graph":[{"@type":"Article","@id":"https:\/\/canal7slp.tv\/2025\/reduce-matricula-en-preescolar-cierran-planteles-en-comunidades\/#article","isPartOf":{"@id":"https:\/\/canal7slp.tv\/2025\/reduce-matricula-en-preescolar-cierran-planteles-en-comunidades\/"},"author":{"name":"admin","@id":"https:\/\/canal7slp.tv\/2025\/#\/schema\/person\/1257e7e4a3d5ac29c4732733a887970d"},"headline":"Reduce matr\u00edcula en preescolar; cierran planteles en comunidades","datePublished":"2025-08-31T16:53:53+00:00","mainEntityOfPage":{"@id":"https:\/\/canal7slp.tv\/2025\/reduce-matricula-en-preescolar-cierran-planteles-en-comunidades\/"},"wordCount":256,"publisher":{"@id":"https:\/\/canal7slp.tv\/2025\/#organization"},"image":{"@id":"https:\/\/canal7slp.tv\/2025\/reduce-matricula-en-preescolar-cierran-planteles-en-comunidades\/#primaryimage"},"thumbnailUrl":"https:\/\/canal7slp.tv\/2025\/wp-content\/uploads\/2025\/08\/photo_2025-08-31_10-53-06.jpg","articleSection":["DESTACADAS","LOCALES Y REGIONALES"],"inLanguage":"es"},{"@type":"WebPage","@id":"https:\/\/canal7slp.tv\/2025\/reduce-matricula-en-preescolar-cierran-planteles-en-comunidades\/","url":"https:\/\/canal7slp.tv\/2025\/reduce-matricula-en-preescolar-cierran-planteles-en-comunidades\/","name":"Reduce matr\u00edcula en preescolar; cierran planteles en comunidades - Canal 7 SLP - 2025","isPartOf":{"@id":"https:\/\/canal7slp.tv\/2025\/#website"},"primaryImageOfPage":{"@id":"https:\/\/canal7slp.tv\/2025\/reduce-matricula-en-preescolar-cierran-planteles-en-comunidades\/#primaryimage"},"image":{"@id":"https:\/\/canal7slp.tv\/2025\/reduce-matricula-en-preescolar-cierran-planteles-en-comunidades\/#primaryimage"},"thumbnailUrl":"https:\/\/canal7slp.tv\/2025\/wp-content\/uploads\/2025\/08\/photo_2025-08-31_10-53-06.jpg","datePublished":"2025-08-31T16:53:53+00:00","breadcrumb":{"@id":"https:\/\/canal7slp.tv\/2025\/reduce-matricula-en-preescolar-cierran-planteles-en-comunidades\/#breadcrumb"},"inLanguage":"es","potentialAction":[{"@type":"ReadAction","target":["https:\/\/canal7slp.tv\/2025\/reduce-matricula-en-preescolar-cierran-planteles-en-comunidades\/"]}]},{"@type":"ImageObject","inLanguage":"es","@id":"https:\/\/canal7slp.tv\/2025\/reduce-matricula-en-preescolar-cierran-planteles-en-comunidades\/#primaryimage","url":"https:\/\/canal7slp.tv\/2025\/wp-content\/uploads\/2025\/08\/photo_2025-08-31_10-53-06.jpg","contentUrl":"https:\/\/canal7slp.tv\/2025\/wp-content\/uploads\/2025\/08\/photo_2025-08-31_10-53-06.jpg","width":1066,"height":624},{"@type":"BreadcrumbList","@id":"https:\/\/canal7slp.tv\/2025\/reduce-matricula-en-preescolar-cierran-planteles-en-comunidades\/#breadcrumb","itemListElement":[{"@type":"ListItem","position":1,"name":"Portada","item":"https:\/\/canal7slp.tv\/2025\/"},{"@type":"ListItem","position":2,"name":"Reduce matr\u00edcula en preescolar; cierran planteles en comunidades"}]},{"@type":"WebSite","@id":"https:\/\/canal7slp.tv\/2025\/#website","url":"https:\/\/canal7slp.tv\/2025\/","name":"N7 - Noticieros Canal 7","description":"Somos el Medio","publisher":{"@id":"https:\/\/canal7slp.tv\/2025\/#organization"},"potentialAction":[{"@type":"SearchAction","target":{"@type":"EntryPoint","urlTemplate":"https:\/\/canal7slp.tv\/2025\/?s={search_term_string}"},"query-input":{"@type":"PropertyValueSpecification","valueRequired":true,"valueName":"search_term_string"}}],"inLanguage":"es"},{"@type":"Organization","@id":"https:\/\/canal7slp.tv\/2025\/#organization","name":"Noticieros Canal 7","url":"https:\/\/canal7slp.tv\/2025\/","logo":{"@type":"ImageObject","inLanguage":"es","@id":"https:\/\/canal7slp.tv\/2025\/#\/schema\/logo\/image\/","url":"https:\/\/canal7slp.tv\/2025\/wp-content\/uploads\/2021\/01\/logo-noticieros@2x.png","contentUrl":"https:\/\/canal7slp.tv\/2025\/wp-content\/uploads\/2021\/01\/logo-noticieros@2x.png","width":1017,"height":268,"caption":"Noticieros Canal 7"},"image":{"@id":"https:\/\/canal7slp.tv\/2025\/#\/schema\/logo\/image\/"},"sameAs":["https:\/\/www.facebook.com\/noticieroscanal7atencionciudadana\/","https:\/\/x.com\/NOTICIEROS7","https:\/\/www.instagram.com\/canal7_slp","https:\/\/www.youtube.com\/channel\/UCliiYs-gP3JfJeqdPrNdd5A"]},{"@type":"Person","@id":"https:\/\/canal7slp.tv\/2025\/#\/schema\/person\/1257e7e4a3d5ac29c4732733a887970d","name":"admin","image":{"@type":"ImageObject","inLanguage":"es","@id":"https:\/\/secure.gravatar.com\/avatar\/d1da498ea933582ecc2b5d72a4eac16ec41c3ec04cf2dc9d46e0b557dedfd5ff?s=96&d=mm&r=g","url":"https:\/\/secure.gravatar.com\/avatar\/d1da498ea933582ecc2b5d72a4eac16ec41c3ec04cf2dc9d46e0b557dedfd5ff?s=96&d=mm&r=g","contentUrl":"https:\/\/secure.gravatar.com\/avatar\/d1da498ea933582ecc2b5d72a4eac16ec41c3ec04cf2dc9d46e0b557dedfd5ff?s=96&d=mm&r=g","caption":"admin"},"sameAs":["https:\/\/canal7slp.tv\/2025"],"url":"https:\/\/canal7slp.tv\/2025\/author\/bicefalo\/"}]}},"_links":{"self":[{"href":"https:\/\/canal7slp.tv\/2025\/wp-json\/wp\/v2\/posts\/177957","targetHints":{"allow":["GET"]}}],"collection":[{"href":"https:\/\/canal7slp.tv\/2025\/wp-json\/wp\/v2\/posts"}],"about":[{"href":"https:\/\/canal7slp.tv\/2025\/wp-json\/wp\/v2\/types\/post"}],"author":[{"embeddable":true,"href":"https:\/\/canal7slp.tv\/2025\/wp-json\/wp\/v2\/users\/1"}],"replies":[{"embeddable":true,"href":"https:\/\/canal7slp.tv\/2025\/wp-json\/wp\/v2\/comments?post=177957"}],"version-history":[{"count":1,"href":"https:\/\/canal7slp.tv\/2025\/wp-json\/wp\/v2\/posts\/177957\/revisions"}],"predecessor-version":[{"id":177959,"href":"https:\/\/canal7slp.tv\/2025\/wp-json\/wp\/v2\/posts\/177957\/revisions\/177959"}],"wp:featuredmedia":[{"embeddable":true,"href":"https:\/\/canal7slp.tv\/2025\/wp-json\/wp\/v2\/media\/177958"}],"wp:attachment":[{"href":"https:\/\/canal7slp.tv\/2025\/wp-json\/wp\/v2\/media?parent=177957"}],"wp:term":[{"taxonomy":"category","embeddable":true,"href":"https:\/\/canal7slp.tv\/2025\/wp-json\/wp\/v2\/categories?post=177957"},{"taxonomy":"post_tag","embeddable":true,"href":"https:\/\/canal7slp.tv\/2025\/wp-json\/wp\/v2\/tags?post=177957"}],"curies":[{"name":"wp","href":"https:\/\/api.w.org\/{rel}","templated":true}]}}