{"id":177954,"date":"2025-08-31T10:50:24","date_gmt":"2025-08-31T16:50:24","guid":{"rendered":"https:\/\/canal7slp.tv\/2025\/?p=177954"},"modified":"2025-08-31T10:50:24","modified_gmt":"2025-08-31T16:50:24","slug":"30-de-detenidos-por-guardia-civil-municipal-de-soledad-relacionados-con-delitos-de-narcoticos","status":"publish","type":"post","link":"https:\/\/canal7slp.tv\/2025\/30-de-detenidos-por-guardia-civil-municipal-de-soledad-relacionados-con-delitos-de-narcoticos\/","title":{"rendered":"30% de detenidos por Guardia Civil Municipal de Soledad, relacionados con delitos de narc\u00f3ticos"},"content":{"rendered":"<div style=\"text-align: justify;\">El director de la Guardia Civil Municipal de Soledad de Graciano S\u00e1nchez, V\u00edctor Aristarco Serna Pi\u00f1a, indic\u00f3 que en las detenciones realizadas a la semana, el 30% de los delitos est\u00e1n relacionados con narc\u00f3ticos ya sea para consumo personal o distribuci\u00f3n.<\/div>\n<div style=\"text-align: justify;\"><\/div>\n<div style=\"text-align: justify;\">El de los 60 il\u00edcitos que en promedio se comenten a la semana en Soledad de Graciano S\u00e1nchez 30% est\u00e1n relacionados con drogas, inform\u00f3 el director de la Guardia Civil Municipal, V\u00edctor Aristarco Serna Pi\u00f1a.<\/div>\n<div style=\"text-align: justify;\"><\/div>\n<div style=\"text-align: justify;\">\u201cUn 30% yo creo que de los detenidos un 30% que podr\u00eda ser (\u2026) hay personas que reinciden, sabemos que de cierta manera es muy fuerte las adicciones\u201d.<\/div>\n<div style=\"text-align: justify;\"><\/div>\n<div style=\"text-align: justify;\">Destac\u00f3 la labor de los elementos de la GCM.<\/div>\n<div style=\"text-align: justify;\"><\/div>\n<div style=\"text-align: justify;\">\u201cPero no es de que vaya a la alza o vaya a la baja, si no que hay m\u00e1s detenciones de los j\u00f3venes (\u2026) son muchos que son de traer a lo mejor la posesi\u00f3n de alguna sustancia il\u00edcita\u201d.<\/div>\n<div style=\"text-align: justify;\"><\/div>\n<div style=\"text-align: justify;\">Asever\u00f3 que con motivo de disminuir los \u00edndices de delitos cometidos por los adolescentes se tiene el programa Escuela Segura que se retomar\u00e1 durante el ciclo escolar.<\/div>\n<div style=\"text-align: justify;\"><\/div>\n<div style=\"text-align: justify;\">\u201cTraemos un programa con Proximidad Social en donde estamos visitando a las escuelas para invitarles y darles a conocer ese tipo, lo de las adicciones\u201d.<\/div>\n<div style=\"text-align: justify;\"><\/div>\n<div style=\"text-align: justify;\">El las dem\u00e1s personas ubicadas en rondines o denuncias directas de la poblaci\u00f3n son por hechos varios.<\/div>\n<div style=\"text-align: justify;\"><\/div>\n<div style=\"text-align: justify;\">\u201cLos detenidos han sido por diferentes delitos, robo, allanamiento de mora, robo de veh\u00edculos, posesi\u00f3n de droga, portaci\u00f3n de arma prohibida, da\u00f1os, han sido variables los delitos; robo a comercio lo hemos tenido a la baja\u201d<\/div>\n","protected":false},"excerpt":{"rendered":"<p>El director de la Guardia Civil Municipal de Soledad de Graciano S\u00e1nchez, V\u00edctor Aristarco Serna Pi\u00f1a, indic\u00f3 que en las detenciones realizadas a la semana, el 30% de los delitos est\u00e1n relacionados con narc\u00f3ticos ya sea para consumo personal o distribuci\u00f3n. El de los 60 il\u00edcitos que en promedio se comenten a la semana en Soledad de Graciano S\u00e1nchez 30% est\u00e1n relacionados con drogas, inform\u00f3 el director de la Guardia Civil Municipal, V\u00edctor Aristarco Serna Pi\u00f1a. \u201cUn 30% yo creo que de los detenidos un 30% que podr\u00eda ser (\u2026) hay personas que reinciden, sabemos que de cierta manera es [&hellip;]<\/p>\n","protected":false},"author":1,"featured_media":177955,"comment_status":"closed","ping_status":"closed","sticky":false,"template":"","format":"video","meta":{"_monsterinsights_skip_tracking":false,"_monsterinsights_sitenote_active":false,"_monsterinsights_sitenote_note":"","_monsterinsights_sitenote_category":0,"footnotes":""},"categories":[5,45],"tags":[],"class_list":["post-177954","post","type-post","status-publish","format-video","has-post-thumbnail","hentry","category-destacadas","category-localesyregionales","post_format-post-format-video","post--single"],"yoast_head":"<!-- This site is optimized with the Yoast SEO plugin v27.5 - https:\/\/yoast.com\/product\/yoast-seo-wordpress\/ -->\n<title>30% de detenidos por Guardia Civil Municipal de Soledad, relacionados con delitos de narc\u00f3ticos - Canal 7 SLP - 2025<\/title>\n<meta name=\"robots\" content=\"index, follow, max-snippet:-1, max-image-preview:large, max-video-preview:-1\" \/>\n<link rel=\"canonical\" href=\"https:\/\/canal7slp.tv\/2025\/30-de-detenidos-por-guardia-civil-municipal-de-soledad-relacionados-con-delitos-de-narcoticos\/\" \/>\n<meta property=\"og:locale\" content=\"es_ES\" \/>\n<meta property=\"og:type\" content=\"article\" \/>\n<meta property=\"og:title\" content=\"30% de detenidos por Guardia Civil Municipal de Soledad, relacionados con delitos de narc\u00f3ticos - Canal 7 SLP - 2025\" \/>\n<meta property=\"og:description\" content=\"El director de la Guardia Civil Municipal de Soledad de Graciano S\u00e1nchez, V\u00edctor Aristarco Serna Pi\u00f1a, indic\u00f3 que en las detenciones realizadas a la semana, el 30% de los delitos est\u00e1n relacionados con narc\u00f3ticos ya sea para consumo personal o distribuci\u00f3n. El de los 60 il\u00edcitos que en promedio se comenten a la semana en Soledad de Graciano S\u00e1nchez 30% est\u00e1n relacionados con drogas, inform\u00f3 el director de la Guardia Civil Municipal, V\u00edctor Aristarco Serna Pi\u00f1a. \u201cUn 30% yo creo que de los detenidos un 30% que podr\u00eda ser (\u2026) hay personas que reinciden, sabemos que de cierta manera es [&hellip;]\" \/>\n<meta property=\"og:url\" content=\"https:\/\/canal7slp.tv\/2025\/30-de-detenidos-por-guardia-civil-municipal-de-soledad-relacionados-con-delitos-de-narcoticos\/\" \/>\n<meta property=\"og:site_name\" content=\"Canal 7 SLP - 2025\" \/>\n<meta property=\"article:publisher\" content=\"https:\/\/www.facebook.com\/noticieroscanal7atencionciudadana\/\" \/>\n<meta property=\"article:published_time\" content=\"2025-08-31T16:50:24+00:00\" \/>\n<meta property=\"og:image\" content=\"https:\/\/canal7slp.tv\/2025\/wp-content\/uploads\/2025\/08\/photo_2025-08-31_10-49-26.jpg\" \/>\n\t<meta property=\"og:image:width\" content=\"1057\" \/>\n\t<meta property=\"og:image:height\" content=\"673\" \/>\n\t<meta property=\"og:image:type\" content=\"image\/jpeg\" \/>\n<meta name=\"author\" content=\"admin\" \/>\n<meta name=\"twitter:card\" content=\"summary_large_image\" \/>\n<meta name=\"twitter:creator\" content=\"@NOTICIEROS7\" \/>\n<meta name=\"twitter:site\" content=\"@NOTICIEROS7\" \/>\n<meta name=\"twitter:label1\" content=\"Escrito por\" \/>\n\t<meta name=\"twitter:data1\" content=\"admin\" \/>\n\t<meta name=\"twitter:label2\" content=\"Tiempo de lectura\" \/>\n\t<meta name=\"twitter:data2\" content=\"2 minutos\" \/>\n<script type=\"application\/ld+json\" class=\"yoast-schema-graph\">{\"@context\":\"https:\\\/\\\/schema.org\",\"@graph\":[{\"@type\":\"Article\",\"@id\":\"https:\\\/\\\/canal7slp.tv\\\/2025\\\/30-de-detenidos-por-guardia-civil-municipal-de-soledad-relacionados-con-delitos-de-narcoticos\\\/#article\",\"isPartOf\":{\"@id\":\"https:\\\/\\\/canal7slp.tv\\\/2025\\\/30-de-detenidos-por-guardia-civil-municipal-de-soledad-relacionados-con-delitos-de-narcoticos\\\/\"},\"author\":{\"name\":\"admin\",\"@id\":\"https:\\\/\\\/canal7slp.tv\\\/2025\\\/#\\\/schema\\\/person\\\/1257e7e4a3d5ac29c4732733a887970d\"},\"headline\":\"30% de detenidos por Guardia Civil Municipal de Soledad, relacionados con delitos de narc\u00f3ticos\",\"datePublished\":\"2025-08-31T16:50:24+00:00\",\"mainEntityOfPage\":{\"@id\":\"https:\\\/\\\/canal7slp.tv\\\/2025\\\/30-de-detenidos-por-guardia-civil-municipal-de-soledad-relacionados-con-delitos-de-narcoticos\\\/\"},\"wordCount\":286,\"publisher\":{\"@id\":\"https:\\\/\\\/canal7slp.tv\\\/2025\\\/#organization\"},\"image\":{\"@id\":\"https:\\\/\\\/canal7slp.tv\\\/2025\\\/30-de-detenidos-por-guardia-civil-municipal-de-soledad-relacionados-con-delitos-de-narcoticos\\\/#primaryimage\"},\"thumbnailUrl\":\"https:\\\/\\\/canal7slp.tv\\\/2025\\\/wp-content\\\/uploads\\\/2025\\\/08\\\/photo_2025-08-31_10-49-26.jpg\",\"articleSection\":[\"DESTACADAS\",\"LOCALES Y REGIONALES\"],\"inLanguage\":\"es\"},{\"@type\":\"WebPage\",\"@id\":\"https:\\\/\\\/canal7slp.tv\\\/2025\\\/30-de-detenidos-por-guardia-civil-municipal-de-soledad-relacionados-con-delitos-de-narcoticos\\\/\",\"url\":\"https:\\\/\\\/canal7slp.tv\\\/2025\\\/30-de-detenidos-por-guardia-civil-municipal-de-soledad-relacionados-con-delitos-de-narcoticos\\\/\",\"name\":\"30% de detenidos por Guardia Civil Municipal de Soledad, relacionados con delitos de narc\u00f3ticos - Canal 7 SLP - 2025\",\"isPartOf\":{\"@id\":\"https:\\\/\\\/canal7slp.tv\\\/2025\\\/#website\"},\"primaryImageOfPage\":{\"@id\":\"https:\\\/\\\/canal7slp.tv\\\/2025\\\/30-de-detenidos-por-guardia-civil-municipal-de-soledad-relacionados-con-delitos-de-narcoticos\\\/#primaryimage\"},\"image\":{\"@id\":\"https:\\\/\\\/canal7slp.tv\\\/2025\\\/30-de-detenidos-por-guardia-civil-municipal-de-soledad-relacionados-con-delitos-de-narcoticos\\\/#primaryimage\"},\"thumbnailUrl\":\"https:\\\/\\\/canal7slp.tv\\\/2025\\\/wp-content\\\/uploads\\\/2025\\\/08\\\/photo_2025-08-31_10-49-26.jpg\",\"datePublished\":\"2025-08-31T16:50:24+00:00\",\"breadcrumb\":{\"@id\":\"https:\\\/\\\/canal7slp.tv\\\/2025\\\/30-de-detenidos-por-guardia-civil-municipal-de-soledad-relacionados-con-delitos-de-narcoticos\\\/#breadcrumb\"},\"inLanguage\":\"es\",\"potentialAction\":[{\"@type\":\"ReadAction\",\"target\":[\"https:\\\/\\\/canal7slp.tv\\\/2025\\\/30-de-detenidos-por-guardia-civil-municipal-de-soledad-relacionados-con-delitos-de-narcoticos\\\/\"]}]},{\"@type\":\"ImageObject\",\"inLanguage\":\"es\",\"@id\":\"https:\\\/\\\/canal7slp.tv\\\/2025\\\/30-de-detenidos-por-guardia-civil-municipal-de-soledad-relacionados-con-delitos-de-narcoticos\\\/#primaryimage\",\"url\":\"https:\\\/\\\/canal7slp.tv\\\/2025\\\/wp-content\\\/uploads\\\/2025\\\/08\\\/photo_2025-08-31_10-49-26.jpg\",\"contentUrl\":\"https:\\\/\\\/canal7slp.tv\\\/2025\\\/wp-content\\\/uploads\\\/2025\\\/08\\\/photo_2025-08-31_10-49-26.jpg\",\"width\":1057,\"height\":673},{\"@type\":\"BreadcrumbList\",\"@id\":\"https:\\\/\\\/canal7slp.tv\\\/2025\\\/30-de-detenidos-por-guardia-civil-municipal-de-soledad-relacionados-con-delitos-de-narcoticos\\\/#breadcrumb\",\"itemListElement\":[{\"@type\":\"ListItem\",\"position\":1,\"name\":\"Portada\",\"item\":\"https:\\\/\\\/canal7slp.tv\\\/2025\\\/\"},{\"@type\":\"ListItem\",\"position\":2,\"name\":\"30% de detenidos por Guardia Civil Municipal de Soledad, relacionados con delitos de narc\u00f3ticos\"}]},{\"@type\":\"WebSite\",\"@id\":\"https:\\\/\\\/canal7slp.tv\\\/2025\\\/#website\",\"url\":\"https:\\\/\\\/canal7slp.tv\\\/2025\\\/\",\"name\":\"N7 - Noticieros Canal 7\",\"description\":\"Somos el Medio\",\"publisher\":{\"@id\":\"https:\\\/\\\/canal7slp.tv\\\/2025\\\/#organization\"},\"potentialAction\":[{\"@type\":\"SearchAction\",\"target\":{\"@type\":\"EntryPoint\",\"urlTemplate\":\"https:\\\/\\\/canal7slp.tv\\\/2025\\\/?s={search_term_string}\"},\"query-input\":{\"@type\":\"PropertyValueSpecification\",\"valueRequired\":true,\"valueName\":\"search_term_string\"}}],\"inLanguage\":\"es\"},{\"@type\":\"Organization\",\"@id\":\"https:\\\/\\\/canal7slp.tv\\\/2025\\\/#organization\",\"name\":\"Noticieros Canal 7\",\"url\":\"https:\\\/\\\/canal7slp.tv\\\/2025\\\/\",\"logo\":{\"@type\":\"ImageObject\",\"inLanguage\":\"es\",\"@id\":\"https:\\\/\\\/canal7slp.tv\\\/2025\\\/#\\\/schema\\\/logo\\\/image\\\/\",\"url\":\"https:\\\/\\\/canal7slp.tv\\\/2025\\\/wp-content\\\/uploads\\\/2021\\\/01\\\/logo-noticieros@2x.png\",\"contentUrl\":\"https:\\\/\\\/canal7slp.tv\\\/2025\\\/wp-content\\\/uploads\\\/2021\\\/01\\\/logo-noticieros@2x.png\",\"width\":1017,\"height\":268,\"caption\":\"Noticieros Canal 7\"},\"image\":{\"@id\":\"https:\\\/\\\/canal7slp.tv\\\/2025\\\/#\\\/schema\\\/logo\\\/image\\\/\"},\"sameAs\":[\"https:\\\/\\\/www.facebook.com\\\/noticieroscanal7atencionciudadana\\\/\",\"https:\\\/\\\/x.com\\\/NOTICIEROS7\",\"https:\\\/\\\/www.instagram.com\\\/canal7_slp\",\"https:\\\/\\\/www.youtube.com\\\/channel\\\/UCliiYs-gP3JfJeqdPrNdd5A\"]},{\"@type\":\"Person\",\"@id\":\"https:\\\/\\\/canal7slp.tv\\\/2025\\\/#\\\/schema\\\/person\\\/1257e7e4a3d5ac29c4732733a887970d\",\"name\":\"admin\",\"image\":{\"@type\":\"ImageObject\",\"inLanguage\":\"es\",\"@id\":\"https:\\\/\\\/secure.gravatar.com\\\/avatar\\\/d1da498ea933582ecc2b5d72a4eac16ec41c3ec04cf2dc9d46e0b557dedfd5ff?s=96&d=mm&r=g\",\"url\":\"https:\\\/\\\/secure.gravatar.com\\\/avatar\\\/d1da498ea933582ecc2b5d72a4eac16ec41c3ec04cf2dc9d46e0b557dedfd5ff?s=96&d=mm&r=g\",\"contentUrl\":\"https:\\\/\\\/secure.gravatar.com\\\/avatar\\\/d1da498ea933582ecc2b5d72a4eac16ec41c3ec04cf2dc9d46e0b557dedfd5ff?s=96&d=mm&r=g\",\"caption\":\"admin\"},\"sameAs\":[\"https:\\\/\\\/canal7slp.tv\\\/2025\"],\"url\":\"https:\\\/\\\/canal7slp.tv\\\/2025\\\/author\\\/bicefalo\\\/\"}]}<\/script>\n<!-- \/ Yoast SEO plugin. -->","yoast_head_json":{"title":"30% de detenidos por Guardia Civil Municipal de Soledad, relacionados con delitos de narc\u00f3ticos - Canal 7 SLP - 2025","robots":{"index":"index","follow":"follow","max-snippet":"max-snippet:-1","max-image-preview":"max-image-preview:large","max-video-preview":"max-video-preview:-1"},"canonical":"https:\/\/canal7slp.tv\/2025\/30-de-detenidos-por-guardia-civil-municipal-de-soledad-relacionados-con-delitos-de-narcoticos\/","og_locale":"es_ES","og_type":"article","og_title":"30% de detenidos por Guardia Civil Municipal de Soledad, relacionados con delitos de narc\u00f3ticos - Canal 7 SLP - 2025","og_description":"El director de la Guardia Civil Municipal de Soledad de Graciano S\u00e1nchez, V\u00edctor Aristarco Serna Pi\u00f1a, indic\u00f3 que en las detenciones realizadas a la semana, el 30% de los delitos est\u00e1n relacionados con narc\u00f3ticos ya sea para consumo personal o distribuci\u00f3n. El de los 60 il\u00edcitos que en promedio se comenten a la semana en Soledad de Graciano S\u00e1nchez 30% est\u00e1n relacionados con drogas, inform\u00f3 el director de la Guardia Civil Municipal, V\u00edctor Aristarco Serna Pi\u00f1a. \u201cUn 30% yo creo que de los detenidos un 30% que podr\u00eda ser (\u2026) hay personas que reinciden, sabemos que de cierta manera es [&hellip;]","og_url":"https:\/\/canal7slp.tv\/2025\/30-de-detenidos-por-guardia-civil-municipal-de-soledad-relacionados-con-delitos-de-narcoticos\/","og_site_name":"Canal 7 SLP - 2025","article_publisher":"https:\/\/www.facebook.com\/noticieroscanal7atencionciudadana\/","article_published_time":"2025-08-31T16:50:24+00:00","og_image":[{"width":1057,"height":673,"url":"https:\/\/canal7slp.tv\/2025\/wp-content\/uploads\/2025\/08\/photo_2025-08-31_10-49-26.jpg","type":"image\/jpeg"}],"author":"admin","twitter_card":"summary_large_image","twitter_creator":"@NOTICIEROS7","twitter_site":"@NOTICIEROS7","twitter_misc":{"Escrito por":"admin","Tiempo de lectura":"2 minutos"},"schema":{"@context":"https:\/\/schema.org","@graph":[{"@type":"Article","@id":"https:\/\/canal7slp.tv\/2025\/30-de-detenidos-por-guardia-civil-municipal-de-soledad-relacionados-con-delitos-de-narcoticos\/#article","isPartOf":{"@id":"https:\/\/canal7slp.tv\/2025\/30-de-detenidos-por-guardia-civil-municipal-de-soledad-relacionados-con-delitos-de-narcoticos\/"},"author":{"name":"admin","@id":"https:\/\/canal7slp.tv\/2025\/#\/schema\/person\/1257e7e4a3d5ac29c4732733a887970d"},"headline":"30% de detenidos por Guardia Civil Municipal de Soledad, relacionados con delitos de narc\u00f3ticos","datePublished":"2025-08-31T16:50:24+00:00","mainEntityOfPage":{"@id":"https:\/\/canal7slp.tv\/2025\/30-de-detenidos-por-guardia-civil-municipal-de-soledad-relacionados-con-delitos-de-narcoticos\/"},"wordCount":286,"publisher":{"@id":"https:\/\/canal7slp.tv\/2025\/#organization"},"image":{"@id":"https:\/\/canal7slp.tv\/2025\/30-de-detenidos-por-guardia-civil-municipal-de-soledad-relacionados-con-delitos-de-narcoticos\/#primaryimage"},"thumbnailUrl":"https:\/\/canal7slp.tv\/2025\/wp-content\/uploads\/2025\/08\/photo_2025-08-31_10-49-26.jpg","articleSection":["DESTACADAS","LOCALES Y REGIONALES"],"inLanguage":"es"},{"@type":"WebPage","@id":"https:\/\/canal7slp.tv\/2025\/30-de-detenidos-por-guardia-civil-municipal-de-soledad-relacionados-con-delitos-de-narcoticos\/","url":"https:\/\/canal7slp.tv\/2025\/30-de-detenidos-por-guardia-civil-municipal-de-soledad-relacionados-con-delitos-de-narcoticos\/","name":"30% de detenidos por Guardia Civil Municipal de Soledad, relacionados con delitos de narc\u00f3ticos - Canal 7 SLP - 2025","isPartOf":{"@id":"https:\/\/canal7slp.tv\/2025\/#website"},"primaryImageOfPage":{"@id":"https:\/\/canal7slp.tv\/2025\/30-de-detenidos-por-guardia-civil-municipal-de-soledad-relacionados-con-delitos-de-narcoticos\/#primaryimage"},"image":{"@id":"https:\/\/canal7slp.tv\/2025\/30-de-detenidos-por-guardia-civil-municipal-de-soledad-relacionados-con-delitos-de-narcoticos\/#primaryimage"},"thumbnailUrl":"https:\/\/canal7slp.tv\/2025\/wp-content\/uploads\/2025\/08\/photo_2025-08-31_10-49-26.jpg","datePublished":"2025-08-31T16:50:24+00:00","breadcrumb":{"@id":"https:\/\/canal7slp.tv\/2025\/30-de-detenidos-por-guardia-civil-municipal-de-soledad-relacionados-con-delitos-de-narcoticos\/#breadcrumb"},"inLanguage":"es","potentialAction":[{"@type":"ReadAction","target":["https:\/\/canal7slp.tv\/2025\/30-de-detenidos-por-guardia-civil-municipal-de-soledad-relacionados-con-delitos-de-narcoticos\/"]}]},{"@type":"ImageObject","inLanguage":"es","@id":"https:\/\/canal7slp.tv\/2025\/30-de-detenidos-por-guardia-civil-municipal-de-soledad-relacionados-con-delitos-de-narcoticos\/#primaryimage","url":"https:\/\/canal7slp.tv\/2025\/wp-content\/uploads\/2025\/08\/photo_2025-08-31_10-49-26.jpg","contentUrl":"https:\/\/canal7slp.tv\/2025\/wp-content\/uploads\/2025\/08\/photo_2025-08-31_10-49-26.jpg","width":1057,"height":673},{"@type":"BreadcrumbList","@id":"https:\/\/canal7slp.tv\/2025\/30-de-detenidos-por-guardia-civil-municipal-de-soledad-relacionados-con-delitos-de-narcoticos\/#breadcrumb","itemListElement":[{"@type":"ListItem","position":1,"name":"Portada","item":"https:\/\/canal7slp.tv\/2025\/"},{"@type":"ListItem","position":2,"name":"30% de detenidos por Guardia Civil Municipal de Soledad, relacionados con delitos de narc\u00f3ticos"}]},{"@type":"WebSite","@id":"https:\/\/canal7slp.tv\/2025\/#website","url":"https:\/\/canal7slp.tv\/2025\/","name":"N7 - Noticieros Canal 7","description":"Somos el Medio","publisher":{"@id":"https:\/\/canal7slp.tv\/2025\/#organization"},"potentialAction":[{"@type":"SearchAction","target":{"@type":"EntryPoint","urlTemplate":"https:\/\/canal7slp.tv\/2025\/?s={search_term_string}"},"query-input":{"@type":"PropertyValueSpecification","valueRequired":true,"valueName":"search_term_string"}}],"inLanguage":"es"},{"@type":"Organization","@id":"https:\/\/canal7slp.tv\/2025\/#organization","name":"Noticieros Canal 7","url":"https:\/\/canal7slp.tv\/2025\/","logo":{"@type":"ImageObject","inLanguage":"es","@id":"https:\/\/canal7slp.tv\/2025\/#\/schema\/logo\/image\/","url":"https:\/\/canal7slp.tv\/2025\/wp-content\/uploads\/2021\/01\/logo-noticieros@2x.png","contentUrl":"https:\/\/canal7slp.tv\/2025\/wp-content\/uploads\/2021\/01\/logo-noticieros@2x.png","width":1017,"height":268,"caption":"Noticieros Canal 7"},"image":{"@id":"https:\/\/canal7slp.tv\/2025\/#\/schema\/logo\/image\/"},"sameAs":["https:\/\/www.facebook.com\/noticieroscanal7atencionciudadana\/","https:\/\/x.com\/NOTICIEROS7","https:\/\/www.instagram.com\/canal7_slp","https:\/\/www.youtube.com\/channel\/UCliiYs-gP3JfJeqdPrNdd5A"]},{"@type":"Person","@id":"https:\/\/canal7slp.tv\/2025\/#\/schema\/person\/1257e7e4a3d5ac29c4732733a887970d","name":"admin","image":{"@type":"ImageObject","inLanguage":"es","@id":"https:\/\/secure.gravatar.com\/avatar\/d1da498ea933582ecc2b5d72a4eac16ec41c3ec04cf2dc9d46e0b557dedfd5ff?s=96&d=mm&r=g","url":"https:\/\/secure.gravatar.com\/avatar\/d1da498ea933582ecc2b5d72a4eac16ec41c3ec04cf2dc9d46e0b557dedfd5ff?s=96&d=mm&r=g","contentUrl":"https:\/\/secure.gravatar.com\/avatar\/d1da498ea933582ecc2b5d72a4eac16ec41c3ec04cf2dc9d46e0b557dedfd5ff?s=96&d=mm&r=g","caption":"admin"},"sameAs":["https:\/\/canal7slp.tv\/2025"],"url":"https:\/\/canal7slp.tv\/2025\/author\/bicefalo\/"}]}},"_links":{"self":[{"href":"https:\/\/canal7slp.tv\/2025\/wp-json\/wp\/v2\/posts\/177954","targetHints":{"allow":["GET"]}}],"collection":[{"href":"https:\/\/canal7slp.tv\/2025\/wp-json\/wp\/v2\/posts"}],"about":[{"href":"https:\/\/canal7slp.tv\/2025\/wp-json\/wp\/v2\/types\/post"}],"author":[{"embeddable":true,"href":"https:\/\/canal7slp.tv\/2025\/wp-json\/wp\/v2\/users\/1"}],"replies":[{"embeddable":true,"href":"https:\/\/canal7slp.tv\/2025\/wp-json\/wp\/v2\/comments?post=177954"}],"version-history":[{"count":1,"href":"https:\/\/canal7slp.tv\/2025\/wp-json\/wp\/v2\/posts\/177954\/revisions"}],"predecessor-version":[{"id":177956,"href":"https:\/\/canal7slp.tv\/2025\/wp-json\/wp\/v2\/posts\/177954\/revisions\/177956"}],"wp:featuredmedia":[{"embeddable":true,"href":"https:\/\/canal7slp.tv\/2025\/wp-json\/wp\/v2\/media\/177955"}],"wp:attachment":[{"href":"https:\/\/canal7slp.tv\/2025\/wp-json\/wp\/v2\/media?parent=177954"}],"wp:term":[{"taxonomy":"category","embeddable":true,"href":"https:\/\/canal7slp.tv\/2025\/wp-json\/wp\/v2\/categories?post=177954"},{"taxonomy":"post_tag","embeddable":true,"href":"https:\/\/canal7slp.tv\/2025\/wp-json\/wp\/v2\/tags?post=177954"}],"curies":[{"name":"wp","href":"https:\/\/api.w.org\/{rel}","templated":true}]}}