{"id":177944,"date":"2025-08-30T23:58:40","date_gmt":"2025-08-31T05:58:40","guid":{"rendered":"https:\/\/canal7slp.tv\/2025\/?p=177944"},"modified":"2025-08-30T23:58:40","modified_gmt":"2025-08-31T05:58:40","slug":"rinde-primer-informe-legislativo-luis-emilio-rosas-con-la-agenda-de-movilidad-en-primer-plano","status":"publish","type":"post","link":"https:\/\/canal7slp.tv\/2025\/rinde-primer-informe-legislativo-luis-emilio-rosas-con-la-agenda-de-movilidad-en-primer-plano\/","title":{"rendered":"Rinde primer informe legislativo, Luis Emilio Rosas; con la agenda de movilidad en primer plano"},"content":{"rendered":"<div style=\"text-align: justify;\">AUTOR: CLAUDIO IBARRA<\/div>\n<div style=\"text-align: justify;\"><\/div>\n<div style=\"text-align: justify;\">RINDE SU PRIMER INFORME DE ACTIVIDADES EL DIPUTADO EMILIO ROSAS<\/div>\n<div style=\"text-align: justify;\"><\/div>\n<div style=\"text-align: justify;\">El diputado local Emilio Rosas rindi\u00f3 su primer informe de actividades legislativas al resaltar que su lema y gu\u00eda es la dignificaci\u00f3n de la pol\u00edtica.<\/div>\n<div style=\"text-align: justify;\"><\/div>\n<div style=\"text-align: justify;\">El legislador local de MORENA destac\u00f3 que present\u00f3 algunas iniciativas una de ellas en materia de movilidad al decir que en San Luis Potos\u00ed, en el 2023 se registraron 6 mil 775 siniestros viales principalmente entre la poblaci\u00f3n joven.<\/div>\n<div style=\"text-align: justify;\"><\/div>\n<div style=\"text-align: justify;\">Se\u00f1al\u00f3 que la Ley de Movilidad debe responder a las necesidades del estado porque es una de las principales demandas de los sectores productivos y de la ciudadan\u00eda.<\/div>\n<div style=\"text-align: justify;\"><\/div>\n<div style=\"text-align: justify;\">Asimismo, dijo tambi\u00e9n que present\u00f3 un punto de acuerdo para que el 21 de Febrero se decrete como el D\u00eda de la Movilidad.<\/div>\n<div style=\"text-align: justify;\"><\/div>\n<div style=\"text-align: justify;\">En su informe, el diputado local destac\u00f3 que present\u00f3 tambi\u00e9n una iniciativa de reforma a la Ley de Transporte P\u00fablico.<\/div>\n<div style=\"text-align: justify;\"><\/div>\n<div style=\"text-align: justify;\">El diputado local present\u00f3 su primer informe de actividades ante empresarios, legisladores, funcionarios y exfuncionarios p\u00fablicos.<\/div>\n<div style=\"text-align: justify;\"><\/div>\n<div style=\"text-align: justify;\">Como presidente de la comisi\u00f3n legislativa de Desarrollo Econ\u00f3mico y Social el diputado Emilio Rosas dijo tambi\u00e9n que durante el primer a\u00f1o en el cargo, present\u00f3 una iniciativa de ley para certificar a los agentes inmobiliarios adem\u00e1s de impulsar otra m\u00e1s para presentar la marca \u201cHecho en San Luis Potos\u00ed\u201d, en apoyo al sector productivo y el desarrollo econ\u00f3mico en el estado.<\/div>\n<div style=\"text-align: justify;\"><\/div>\n<div style=\"text-align: justify;\"><\/div>\n","protected":false},"excerpt":{"rendered":"<p>AUTOR: CLAUDIO IBARRA RINDE SU PRIMER INFORME DE ACTIVIDADES EL DIPUTADO EMILIO ROSAS El diputado local Emilio Rosas rindi\u00f3 su primer informe de actividades legislativas al resaltar que su lema y gu\u00eda es la dignificaci\u00f3n de la pol\u00edtica. El legislador local de MORENA destac\u00f3 que present\u00f3 algunas iniciativas una de ellas en materia de movilidad al decir que en San Luis Potos\u00ed, en el 2023 se registraron 6 mil 775 siniestros viales principalmente entre la poblaci\u00f3n joven. Se\u00f1al\u00f3 que la Ley de Movilidad debe responder a las necesidades del estado porque es una de las principales demandas de los sectores [&hellip;]<\/p>\n","protected":false},"author":1,"featured_media":177946,"comment_status":"closed","ping_status":"closed","sticky":false,"template":"","format":"video","meta":{"_monsterinsights_skip_tracking":false,"_monsterinsights_sitenote_active":false,"_monsterinsights_sitenote_note":"","_monsterinsights_sitenote_category":0,"footnotes":""},"categories":[5,45],"tags":[],"class_list":["post-177944","post","type-post","status-publish","format-video","has-post-thumbnail","hentry","category-destacadas","category-localesyregionales","post_format-post-format-video","post--single"],"yoast_head":"<!-- This site is optimized with the Yoast SEO plugin v27.5 - https:\/\/yoast.com\/product\/yoast-seo-wordpress\/ -->\n<title>Rinde primer informe legislativo, Luis Emilio Rosas; con la agenda de movilidad en primer plano - Canal 7 SLP - 2025<\/title>\n<meta name=\"robots\" content=\"index, follow, max-snippet:-1, max-image-preview:large, max-video-preview:-1\" \/>\n<link rel=\"canonical\" href=\"https:\/\/canal7slp.tv\/2025\/rinde-primer-informe-legislativo-luis-emilio-rosas-con-la-agenda-de-movilidad-en-primer-plano\/\" \/>\n<meta property=\"og:locale\" content=\"es_ES\" \/>\n<meta property=\"og:type\" content=\"article\" \/>\n<meta property=\"og:title\" content=\"Rinde primer informe legislativo, Luis Emilio Rosas; con la agenda de movilidad en primer plano - Canal 7 SLP - 2025\" \/>\n<meta property=\"og:description\" content=\"AUTOR: CLAUDIO IBARRA RINDE SU PRIMER INFORME DE ACTIVIDADES EL DIPUTADO EMILIO ROSAS El diputado local Emilio Rosas rindi\u00f3 su primer informe de actividades legislativas al resaltar que su lema y gu\u00eda es la dignificaci\u00f3n de la pol\u00edtica. El legislador local de MORENA destac\u00f3 que present\u00f3 algunas iniciativas una de ellas en materia de movilidad al decir que en San Luis Potos\u00ed, en el 2023 se registraron 6 mil 775 siniestros viales principalmente entre la poblaci\u00f3n joven. Se\u00f1al\u00f3 que la Ley de Movilidad debe responder a las necesidades del estado porque es una de las principales demandas de los sectores [&hellip;]\" \/>\n<meta property=\"og:url\" content=\"https:\/\/canal7slp.tv\/2025\/rinde-primer-informe-legislativo-luis-emilio-rosas-con-la-agenda-de-movilidad-en-primer-plano\/\" \/>\n<meta property=\"og:site_name\" content=\"Canal 7 SLP - 2025\" \/>\n<meta property=\"article:publisher\" content=\"https:\/\/www.facebook.com\/noticieroscanal7atencionciudadana\/\" \/>\n<meta property=\"article:published_time\" content=\"2025-08-31T05:58:40+00:00\" \/>\n<meta property=\"og:image\" content=\"https:\/\/canal7slp.tv\/2025\/wp-content\/uploads\/2025\/08\/photo_2025-08-30_23-57-13.jpg\" \/>\n\t<meta property=\"og:image:width\" content=\"1067\" \/>\n\t<meta property=\"og:image:height\" content=\"643\" \/>\n\t<meta property=\"og:image:type\" content=\"image\/jpeg\" \/>\n<meta name=\"author\" content=\"admin\" \/>\n<meta name=\"twitter:card\" content=\"summary_large_image\" \/>\n<meta name=\"twitter:creator\" content=\"@NOTICIEROS7\" \/>\n<meta name=\"twitter:site\" content=\"@NOTICIEROS7\" \/>\n<meta name=\"twitter:label1\" content=\"Escrito por\" \/>\n\t<meta name=\"twitter:data1\" content=\"admin\" \/>\n\t<meta name=\"twitter:label2\" content=\"Tiempo de lectura\" \/>\n\t<meta name=\"twitter:data2\" content=\"2 minutos\" \/>\n<script type=\"application\/ld+json\" class=\"yoast-schema-graph\">{\"@context\":\"https:\\\/\\\/schema.org\",\"@graph\":[{\"@type\":\"Article\",\"@id\":\"https:\\\/\\\/canal7slp.tv\\\/2025\\\/rinde-primer-informe-legislativo-luis-emilio-rosas-con-la-agenda-de-movilidad-en-primer-plano\\\/#article\",\"isPartOf\":{\"@id\":\"https:\\\/\\\/canal7slp.tv\\\/2025\\\/rinde-primer-informe-legislativo-luis-emilio-rosas-con-la-agenda-de-movilidad-en-primer-plano\\\/\"},\"author\":{\"name\":\"admin\",\"@id\":\"https:\\\/\\\/canal7slp.tv\\\/2025\\\/#\\\/schema\\\/person\\\/1257e7e4a3d5ac29c4732733a887970d\"},\"headline\":\"Rinde primer informe legislativo, Luis Emilio Rosas; con la agenda de movilidad en primer plano\",\"datePublished\":\"2025-08-31T05:58:40+00:00\",\"mainEntityOfPage\":{\"@id\":\"https:\\\/\\\/canal7slp.tv\\\/2025\\\/rinde-primer-informe-legislativo-luis-emilio-rosas-con-la-agenda-de-movilidad-en-primer-plano\\\/\"},\"wordCount\":255,\"publisher\":{\"@id\":\"https:\\\/\\\/canal7slp.tv\\\/2025\\\/#organization\"},\"image\":{\"@id\":\"https:\\\/\\\/canal7slp.tv\\\/2025\\\/rinde-primer-informe-legislativo-luis-emilio-rosas-con-la-agenda-de-movilidad-en-primer-plano\\\/#primaryimage\"},\"thumbnailUrl\":\"https:\\\/\\\/canal7slp.tv\\\/2025\\\/wp-content\\\/uploads\\\/2025\\\/08\\\/photo_2025-08-30_23-57-13.jpg\",\"articleSection\":[\"DESTACADAS\",\"LOCALES Y REGIONALES\"],\"inLanguage\":\"es\"},{\"@type\":\"WebPage\",\"@id\":\"https:\\\/\\\/canal7slp.tv\\\/2025\\\/rinde-primer-informe-legislativo-luis-emilio-rosas-con-la-agenda-de-movilidad-en-primer-plano\\\/\",\"url\":\"https:\\\/\\\/canal7slp.tv\\\/2025\\\/rinde-primer-informe-legislativo-luis-emilio-rosas-con-la-agenda-de-movilidad-en-primer-plano\\\/\",\"name\":\"Rinde primer informe legislativo, Luis Emilio Rosas; con la agenda de movilidad en primer plano - Canal 7 SLP - 2025\",\"isPartOf\":{\"@id\":\"https:\\\/\\\/canal7slp.tv\\\/2025\\\/#website\"},\"primaryImageOfPage\":{\"@id\":\"https:\\\/\\\/canal7slp.tv\\\/2025\\\/rinde-primer-informe-legislativo-luis-emilio-rosas-con-la-agenda-de-movilidad-en-primer-plano\\\/#primaryimage\"},\"image\":{\"@id\":\"https:\\\/\\\/canal7slp.tv\\\/2025\\\/rinde-primer-informe-legislativo-luis-emilio-rosas-con-la-agenda-de-movilidad-en-primer-plano\\\/#primaryimage\"},\"thumbnailUrl\":\"https:\\\/\\\/canal7slp.tv\\\/2025\\\/wp-content\\\/uploads\\\/2025\\\/08\\\/photo_2025-08-30_23-57-13.jpg\",\"datePublished\":\"2025-08-31T05:58:40+00:00\",\"breadcrumb\":{\"@id\":\"https:\\\/\\\/canal7slp.tv\\\/2025\\\/rinde-primer-informe-legislativo-luis-emilio-rosas-con-la-agenda-de-movilidad-en-primer-plano\\\/#breadcrumb\"},\"inLanguage\":\"es\",\"potentialAction\":[{\"@type\":\"ReadAction\",\"target\":[\"https:\\\/\\\/canal7slp.tv\\\/2025\\\/rinde-primer-informe-legislativo-luis-emilio-rosas-con-la-agenda-de-movilidad-en-primer-plano\\\/\"]}]},{\"@type\":\"ImageObject\",\"inLanguage\":\"es\",\"@id\":\"https:\\\/\\\/canal7slp.tv\\\/2025\\\/rinde-primer-informe-legislativo-luis-emilio-rosas-con-la-agenda-de-movilidad-en-primer-plano\\\/#primaryimage\",\"url\":\"https:\\\/\\\/canal7slp.tv\\\/2025\\\/wp-content\\\/uploads\\\/2025\\\/08\\\/photo_2025-08-30_23-57-13.jpg\",\"contentUrl\":\"https:\\\/\\\/canal7slp.tv\\\/2025\\\/wp-content\\\/uploads\\\/2025\\\/08\\\/photo_2025-08-30_23-57-13.jpg\",\"width\":1067,\"height\":643},{\"@type\":\"BreadcrumbList\",\"@id\":\"https:\\\/\\\/canal7slp.tv\\\/2025\\\/rinde-primer-informe-legislativo-luis-emilio-rosas-con-la-agenda-de-movilidad-en-primer-plano\\\/#breadcrumb\",\"itemListElement\":[{\"@type\":\"ListItem\",\"position\":1,\"name\":\"Portada\",\"item\":\"https:\\\/\\\/canal7slp.tv\\\/2025\\\/\"},{\"@type\":\"ListItem\",\"position\":2,\"name\":\"Rinde primer informe legislativo, Luis Emilio Rosas; con la agenda de movilidad en primer plano\"}]},{\"@type\":\"WebSite\",\"@id\":\"https:\\\/\\\/canal7slp.tv\\\/2025\\\/#website\",\"url\":\"https:\\\/\\\/canal7slp.tv\\\/2025\\\/\",\"name\":\"N7 - Noticieros Canal 7\",\"description\":\"Somos el Medio\",\"publisher\":{\"@id\":\"https:\\\/\\\/canal7slp.tv\\\/2025\\\/#organization\"},\"potentialAction\":[{\"@type\":\"SearchAction\",\"target\":{\"@type\":\"EntryPoint\",\"urlTemplate\":\"https:\\\/\\\/canal7slp.tv\\\/2025\\\/?s={search_term_string}\"},\"query-input\":{\"@type\":\"PropertyValueSpecification\",\"valueRequired\":true,\"valueName\":\"search_term_string\"}}],\"inLanguage\":\"es\"},{\"@type\":\"Organization\",\"@id\":\"https:\\\/\\\/canal7slp.tv\\\/2025\\\/#organization\",\"name\":\"Noticieros Canal 7\",\"url\":\"https:\\\/\\\/canal7slp.tv\\\/2025\\\/\",\"logo\":{\"@type\":\"ImageObject\",\"inLanguage\":\"es\",\"@id\":\"https:\\\/\\\/canal7slp.tv\\\/2025\\\/#\\\/schema\\\/logo\\\/image\\\/\",\"url\":\"https:\\\/\\\/canal7slp.tv\\\/2025\\\/wp-content\\\/uploads\\\/2021\\\/01\\\/logo-noticieros@2x.png\",\"contentUrl\":\"https:\\\/\\\/canal7slp.tv\\\/2025\\\/wp-content\\\/uploads\\\/2021\\\/01\\\/logo-noticieros@2x.png\",\"width\":1017,\"height\":268,\"caption\":\"Noticieros Canal 7\"},\"image\":{\"@id\":\"https:\\\/\\\/canal7slp.tv\\\/2025\\\/#\\\/schema\\\/logo\\\/image\\\/\"},\"sameAs\":[\"https:\\\/\\\/www.facebook.com\\\/noticieroscanal7atencionciudadana\\\/\",\"https:\\\/\\\/x.com\\\/NOTICIEROS7\",\"https:\\\/\\\/www.instagram.com\\\/canal7_slp\",\"https:\\\/\\\/www.youtube.com\\\/channel\\\/UCliiYs-gP3JfJeqdPrNdd5A\"]},{\"@type\":\"Person\",\"@id\":\"https:\\\/\\\/canal7slp.tv\\\/2025\\\/#\\\/schema\\\/person\\\/1257e7e4a3d5ac29c4732733a887970d\",\"name\":\"admin\",\"image\":{\"@type\":\"ImageObject\",\"inLanguage\":\"es\",\"@id\":\"https:\\\/\\\/secure.gravatar.com\\\/avatar\\\/d1da498ea933582ecc2b5d72a4eac16ec41c3ec04cf2dc9d46e0b557dedfd5ff?s=96&d=mm&r=g\",\"url\":\"https:\\\/\\\/secure.gravatar.com\\\/avatar\\\/d1da498ea933582ecc2b5d72a4eac16ec41c3ec04cf2dc9d46e0b557dedfd5ff?s=96&d=mm&r=g\",\"contentUrl\":\"https:\\\/\\\/secure.gravatar.com\\\/avatar\\\/d1da498ea933582ecc2b5d72a4eac16ec41c3ec04cf2dc9d46e0b557dedfd5ff?s=96&d=mm&r=g\",\"caption\":\"admin\"},\"sameAs\":[\"https:\\\/\\\/canal7slp.tv\\\/2025\"],\"url\":\"https:\\\/\\\/canal7slp.tv\\\/2025\\\/author\\\/bicefalo\\\/\"}]}<\/script>\n<!-- \/ Yoast SEO plugin. -->","yoast_head_json":{"title":"Rinde primer informe legislativo, Luis Emilio Rosas; con la agenda de movilidad en primer plano - Canal 7 SLP - 2025","robots":{"index":"index","follow":"follow","max-snippet":"max-snippet:-1","max-image-preview":"max-image-preview:large","max-video-preview":"max-video-preview:-1"},"canonical":"https:\/\/canal7slp.tv\/2025\/rinde-primer-informe-legislativo-luis-emilio-rosas-con-la-agenda-de-movilidad-en-primer-plano\/","og_locale":"es_ES","og_type":"article","og_title":"Rinde primer informe legislativo, Luis Emilio Rosas; con la agenda de movilidad en primer plano - Canal 7 SLP - 2025","og_description":"AUTOR: CLAUDIO IBARRA RINDE SU PRIMER INFORME DE ACTIVIDADES EL DIPUTADO EMILIO ROSAS El diputado local Emilio Rosas rindi\u00f3 su primer informe de actividades legislativas al resaltar que su lema y gu\u00eda es la dignificaci\u00f3n de la pol\u00edtica. El legislador local de MORENA destac\u00f3 que present\u00f3 algunas iniciativas una de ellas en materia de movilidad al decir que en San Luis Potos\u00ed, en el 2023 se registraron 6 mil 775 siniestros viales principalmente entre la poblaci\u00f3n joven. Se\u00f1al\u00f3 que la Ley de Movilidad debe responder a las necesidades del estado porque es una de las principales demandas de los sectores [&hellip;]","og_url":"https:\/\/canal7slp.tv\/2025\/rinde-primer-informe-legislativo-luis-emilio-rosas-con-la-agenda-de-movilidad-en-primer-plano\/","og_site_name":"Canal 7 SLP - 2025","article_publisher":"https:\/\/www.facebook.com\/noticieroscanal7atencionciudadana\/","article_published_time":"2025-08-31T05:58:40+00:00","og_image":[{"width":1067,"height":643,"url":"https:\/\/canal7slp.tv\/2025\/wp-content\/uploads\/2025\/08\/photo_2025-08-30_23-57-13.jpg","type":"image\/jpeg"}],"author":"admin","twitter_card":"summary_large_image","twitter_creator":"@NOTICIEROS7","twitter_site":"@NOTICIEROS7","twitter_misc":{"Escrito por":"admin","Tiempo de lectura":"2 minutos"},"schema":{"@context":"https:\/\/schema.org","@graph":[{"@type":"Article","@id":"https:\/\/canal7slp.tv\/2025\/rinde-primer-informe-legislativo-luis-emilio-rosas-con-la-agenda-de-movilidad-en-primer-plano\/#article","isPartOf":{"@id":"https:\/\/canal7slp.tv\/2025\/rinde-primer-informe-legislativo-luis-emilio-rosas-con-la-agenda-de-movilidad-en-primer-plano\/"},"author":{"name":"admin","@id":"https:\/\/canal7slp.tv\/2025\/#\/schema\/person\/1257e7e4a3d5ac29c4732733a887970d"},"headline":"Rinde primer informe legislativo, Luis Emilio Rosas; con la agenda de movilidad en primer plano","datePublished":"2025-08-31T05:58:40+00:00","mainEntityOfPage":{"@id":"https:\/\/canal7slp.tv\/2025\/rinde-primer-informe-legislativo-luis-emilio-rosas-con-la-agenda-de-movilidad-en-primer-plano\/"},"wordCount":255,"publisher":{"@id":"https:\/\/canal7slp.tv\/2025\/#organization"},"image":{"@id":"https:\/\/canal7slp.tv\/2025\/rinde-primer-informe-legislativo-luis-emilio-rosas-con-la-agenda-de-movilidad-en-primer-plano\/#primaryimage"},"thumbnailUrl":"https:\/\/canal7slp.tv\/2025\/wp-content\/uploads\/2025\/08\/photo_2025-08-30_23-57-13.jpg","articleSection":["DESTACADAS","LOCALES Y REGIONALES"],"inLanguage":"es"},{"@type":"WebPage","@id":"https:\/\/canal7slp.tv\/2025\/rinde-primer-informe-legislativo-luis-emilio-rosas-con-la-agenda-de-movilidad-en-primer-plano\/","url":"https:\/\/canal7slp.tv\/2025\/rinde-primer-informe-legislativo-luis-emilio-rosas-con-la-agenda-de-movilidad-en-primer-plano\/","name":"Rinde primer informe legislativo, Luis Emilio Rosas; con la agenda de movilidad en primer plano - Canal 7 SLP - 2025","isPartOf":{"@id":"https:\/\/canal7slp.tv\/2025\/#website"},"primaryImageOfPage":{"@id":"https:\/\/canal7slp.tv\/2025\/rinde-primer-informe-legislativo-luis-emilio-rosas-con-la-agenda-de-movilidad-en-primer-plano\/#primaryimage"},"image":{"@id":"https:\/\/canal7slp.tv\/2025\/rinde-primer-informe-legislativo-luis-emilio-rosas-con-la-agenda-de-movilidad-en-primer-plano\/#primaryimage"},"thumbnailUrl":"https:\/\/canal7slp.tv\/2025\/wp-content\/uploads\/2025\/08\/photo_2025-08-30_23-57-13.jpg","datePublished":"2025-08-31T05:58:40+00:00","breadcrumb":{"@id":"https:\/\/canal7slp.tv\/2025\/rinde-primer-informe-legislativo-luis-emilio-rosas-con-la-agenda-de-movilidad-en-primer-plano\/#breadcrumb"},"inLanguage":"es","potentialAction":[{"@type":"ReadAction","target":["https:\/\/canal7slp.tv\/2025\/rinde-primer-informe-legislativo-luis-emilio-rosas-con-la-agenda-de-movilidad-en-primer-plano\/"]}]},{"@type":"ImageObject","inLanguage":"es","@id":"https:\/\/canal7slp.tv\/2025\/rinde-primer-informe-legislativo-luis-emilio-rosas-con-la-agenda-de-movilidad-en-primer-plano\/#primaryimage","url":"https:\/\/canal7slp.tv\/2025\/wp-content\/uploads\/2025\/08\/photo_2025-08-30_23-57-13.jpg","contentUrl":"https:\/\/canal7slp.tv\/2025\/wp-content\/uploads\/2025\/08\/photo_2025-08-30_23-57-13.jpg","width":1067,"height":643},{"@type":"BreadcrumbList","@id":"https:\/\/canal7slp.tv\/2025\/rinde-primer-informe-legislativo-luis-emilio-rosas-con-la-agenda-de-movilidad-en-primer-plano\/#breadcrumb","itemListElement":[{"@type":"ListItem","position":1,"name":"Portada","item":"https:\/\/canal7slp.tv\/2025\/"},{"@type":"ListItem","position":2,"name":"Rinde primer informe legislativo, Luis Emilio Rosas; con la agenda de movilidad en primer plano"}]},{"@type":"WebSite","@id":"https:\/\/canal7slp.tv\/2025\/#website","url":"https:\/\/canal7slp.tv\/2025\/","name":"N7 - Noticieros Canal 7","description":"Somos el Medio","publisher":{"@id":"https:\/\/canal7slp.tv\/2025\/#organization"},"potentialAction":[{"@type":"SearchAction","target":{"@type":"EntryPoint","urlTemplate":"https:\/\/canal7slp.tv\/2025\/?s={search_term_string}"},"query-input":{"@type":"PropertyValueSpecification","valueRequired":true,"valueName":"search_term_string"}}],"inLanguage":"es"},{"@type":"Organization","@id":"https:\/\/canal7slp.tv\/2025\/#organization","name":"Noticieros Canal 7","url":"https:\/\/canal7slp.tv\/2025\/","logo":{"@type":"ImageObject","inLanguage":"es","@id":"https:\/\/canal7slp.tv\/2025\/#\/schema\/logo\/image\/","url":"https:\/\/canal7slp.tv\/2025\/wp-content\/uploads\/2021\/01\/logo-noticieros@2x.png","contentUrl":"https:\/\/canal7slp.tv\/2025\/wp-content\/uploads\/2021\/01\/logo-noticieros@2x.png","width":1017,"height":268,"caption":"Noticieros Canal 7"},"image":{"@id":"https:\/\/canal7slp.tv\/2025\/#\/schema\/logo\/image\/"},"sameAs":["https:\/\/www.facebook.com\/noticieroscanal7atencionciudadana\/","https:\/\/x.com\/NOTICIEROS7","https:\/\/www.instagram.com\/canal7_slp","https:\/\/www.youtube.com\/channel\/UCliiYs-gP3JfJeqdPrNdd5A"]},{"@type":"Person","@id":"https:\/\/canal7slp.tv\/2025\/#\/schema\/person\/1257e7e4a3d5ac29c4732733a887970d","name":"admin","image":{"@type":"ImageObject","inLanguage":"es","@id":"https:\/\/secure.gravatar.com\/avatar\/d1da498ea933582ecc2b5d72a4eac16ec41c3ec04cf2dc9d46e0b557dedfd5ff?s=96&d=mm&r=g","url":"https:\/\/secure.gravatar.com\/avatar\/d1da498ea933582ecc2b5d72a4eac16ec41c3ec04cf2dc9d46e0b557dedfd5ff?s=96&d=mm&r=g","contentUrl":"https:\/\/secure.gravatar.com\/avatar\/d1da498ea933582ecc2b5d72a4eac16ec41c3ec04cf2dc9d46e0b557dedfd5ff?s=96&d=mm&r=g","caption":"admin"},"sameAs":["https:\/\/canal7slp.tv\/2025"],"url":"https:\/\/canal7slp.tv\/2025\/author\/bicefalo\/"}]}},"_links":{"self":[{"href":"https:\/\/canal7slp.tv\/2025\/wp-json\/wp\/v2\/posts\/177944","targetHints":{"allow":["GET"]}}],"collection":[{"href":"https:\/\/canal7slp.tv\/2025\/wp-json\/wp\/v2\/posts"}],"about":[{"href":"https:\/\/canal7slp.tv\/2025\/wp-json\/wp\/v2\/types\/post"}],"author":[{"embeddable":true,"href":"https:\/\/canal7slp.tv\/2025\/wp-json\/wp\/v2\/users\/1"}],"replies":[{"embeddable":true,"href":"https:\/\/canal7slp.tv\/2025\/wp-json\/wp\/v2\/comments?post=177944"}],"version-history":[{"count":1,"href":"https:\/\/canal7slp.tv\/2025\/wp-json\/wp\/v2\/posts\/177944\/revisions"}],"predecessor-version":[{"id":177947,"href":"https:\/\/canal7slp.tv\/2025\/wp-json\/wp\/v2\/posts\/177944\/revisions\/177947"}],"wp:featuredmedia":[{"embeddable":true,"href":"https:\/\/canal7slp.tv\/2025\/wp-json\/wp\/v2\/media\/177946"}],"wp:attachment":[{"href":"https:\/\/canal7slp.tv\/2025\/wp-json\/wp\/v2\/media?parent=177944"}],"wp:term":[{"taxonomy":"category","embeddable":true,"href":"https:\/\/canal7slp.tv\/2025\/wp-json\/wp\/v2\/categories?post=177944"},{"taxonomy":"post_tag","embeddable":true,"href":"https:\/\/canal7slp.tv\/2025\/wp-json\/wp\/v2\/tags?post=177944"}],"curies":[{"name":"wp","href":"https:\/\/api.w.org\/{rel}","templated":true}]}}