{"id":177938,"date":"2025-08-30T23:49:45","date_gmt":"2025-08-31T05:49:45","guid":{"rendered":"https:\/\/canal7slp.tv\/2025\/?p=177938"},"modified":"2025-08-30T23:49:45","modified_gmt":"2025-08-31T05:49:45","slug":"pide-dirigente-estatal-de-morena-mesura-a-militantes-que-buscan-cargo-para-2027","status":"publish","type":"post","link":"https:\/\/canal7slp.tv\/2025\/pide-dirigente-estatal-de-morena-mesura-a-militantes-que-buscan-cargo-para-2027\/","title":{"rendered":"Pide dirigente estatal de MORENA mesura, a militantes que buscan cargo para 2027"},"content":{"rendered":"<div>AUTOR: CLAUDIO IBARRA<\/div>\n<div><\/div>\n<div>DIRIGENTE ESTATAL DE MORENA PIDE MESURA A MILITANTES DE ESTE PARTIDO QUE BUSCAN UN CARGO EN EL 2027<\/div>\n<div><\/div>\n<div>Los militantes de MORENA que se est\u00e9n adelantando diciendo que aspiran a un cargo p\u00fablico en el 2027 ser\u00e1 responsabildad de ellos y no del partido.<\/div>\n<div><\/div>\n<div>As\u00ed lo se\u00f1al\u00f3 su dirigente estatal Rita Ozalia Rodr\u00edguez al decir que en el partido guinda la definici\u00f3n de perfiles no es un tema en la agenda.<\/div>\n<div><\/div>\n<div>Ozalia Rodr\u00edguez reiter\u00f3 que aquellos que est\u00e9n levantando la mano para buscar un cargo no significa necesariamente que MORENA est\u00e9 apoyando perfiles, al decir que no son los tiempos todav\u00eda para pensar en el proceso electoral del 2027.<\/div>\n<div><\/div>\n<div>Se\u00f1al\u00f3 lo anterior ante las declaraciones de un diputado local de este partido quien dijo aspirar a la alcald\u00eda de la capital.<\/div>\n<div><\/div>\n","protected":false},"excerpt":{"rendered":"<p>AUTOR: CLAUDIO IBARRA DIRIGENTE ESTATAL DE MORENA PIDE MESURA A MILITANTES DE ESTE PARTIDO QUE BUSCAN UN CARGO EN EL 2027 Los militantes de MORENA que se est\u00e9n adelantando diciendo que aspiran a un cargo p\u00fablico en el 2027 ser\u00e1 responsabildad de ellos y no del partido. As\u00ed lo se\u00f1al\u00f3 su dirigente estatal Rita Ozalia Rodr\u00edguez al decir que en el partido guinda la definici\u00f3n de perfiles no es un tema en la agenda. Ozalia Rodr\u00edguez reiter\u00f3 que aquellos que est\u00e9n levantando la mano para buscar un cargo no significa necesariamente que MORENA est\u00e9 apoyando perfiles, al decir que no [&hellip;]<\/p>\n","protected":false},"author":1,"featured_media":177939,"comment_status":"closed","ping_status":"closed","sticky":false,"template":"","format":"video","meta":{"_monsterinsights_skip_tracking":false,"_monsterinsights_sitenote_active":false,"_monsterinsights_sitenote_note":"","_monsterinsights_sitenote_category":0,"footnotes":""},"categories":[5,45],"tags":[],"class_list":["post-177938","post","type-post","status-publish","format-video","has-post-thumbnail","hentry","category-destacadas","category-localesyregionales","post_format-post-format-video","post--single"],"yoast_head":"<!-- This site is optimized with the Yoast SEO plugin v27.5 - https:\/\/yoast.com\/product\/yoast-seo-wordpress\/ -->\n<title>Pide dirigente estatal de MORENA mesura, a militantes que buscan cargo para 2027 - Canal 7 SLP - 2025<\/title>\n<meta name=\"robots\" content=\"index, follow, max-snippet:-1, max-image-preview:large, max-video-preview:-1\" \/>\n<link rel=\"canonical\" href=\"https:\/\/canal7slp.tv\/2025\/pide-dirigente-estatal-de-morena-mesura-a-militantes-que-buscan-cargo-para-2027\/\" \/>\n<meta property=\"og:locale\" content=\"es_ES\" \/>\n<meta property=\"og:type\" content=\"article\" \/>\n<meta property=\"og:title\" content=\"Pide dirigente estatal de MORENA mesura, a militantes que buscan cargo para 2027 - Canal 7 SLP - 2025\" \/>\n<meta property=\"og:description\" content=\"AUTOR: CLAUDIO IBARRA DIRIGENTE ESTATAL DE MORENA PIDE MESURA A MILITANTES DE ESTE PARTIDO QUE BUSCAN UN CARGO EN EL 2027 Los militantes de MORENA que se est\u00e9n adelantando diciendo que aspiran a un cargo p\u00fablico en el 2027 ser\u00e1 responsabildad de ellos y no del partido. As\u00ed lo se\u00f1al\u00f3 su dirigente estatal Rita Ozalia Rodr\u00edguez al decir que en el partido guinda la definici\u00f3n de perfiles no es un tema en la agenda. Ozalia Rodr\u00edguez reiter\u00f3 que aquellos que est\u00e9n levantando la mano para buscar un cargo no significa necesariamente que MORENA est\u00e9 apoyando perfiles, al decir que no [&hellip;]\" \/>\n<meta property=\"og:url\" content=\"https:\/\/canal7slp.tv\/2025\/pide-dirigente-estatal-de-morena-mesura-a-militantes-que-buscan-cargo-para-2027\/\" \/>\n<meta property=\"og:site_name\" content=\"Canal 7 SLP - 2025\" \/>\n<meta property=\"article:publisher\" content=\"https:\/\/www.facebook.com\/noticieroscanal7atencionciudadana\/\" \/>\n<meta property=\"article:published_time\" content=\"2025-08-31T05:49:45+00:00\" \/>\n<meta property=\"og:image\" content=\"https:\/\/canal7slp.tv\/2025\/wp-content\/uploads\/2025\/08\/photo_2025-08-30_23-48-39.jpg\" \/>\n\t<meta property=\"og:image:width\" content=\"1056\" \/>\n\t<meta property=\"og:image:height\" content=\"609\" \/>\n\t<meta property=\"og:image:type\" content=\"image\/jpeg\" \/>\n<meta name=\"author\" content=\"admin\" \/>\n<meta name=\"twitter:card\" content=\"summary_large_image\" \/>\n<meta name=\"twitter:creator\" content=\"@NOTICIEROS7\" \/>\n<meta name=\"twitter:site\" content=\"@NOTICIEROS7\" \/>\n<meta name=\"twitter:label1\" content=\"Escrito por\" \/>\n\t<meta name=\"twitter:data1\" content=\"admin\" \/>\n\t<meta name=\"twitter:label2\" content=\"Tiempo de lectura\" \/>\n\t<meta name=\"twitter:data2\" content=\"1 minuto\" \/>\n<script type=\"application\/ld+json\" class=\"yoast-schema-graph\">{\"@context\":\"https:\\\/\\\/schema.org\",\"@graph\":[{\"@type\":\"Article\",\"@id\":\"https:\\\/\\\/canal7slp.tv\\\/2025\\\/pide-dirigente-estatal-de-morena-mesura-a-militantes-que-buscan-cargo-para-2027\\\/#article\",\"isPartOf\":{\"@id\":\"https:\\\/\\\/canal7slp.tv\\\/2025\\\/pide-dirigente-estatal-de-morena-mesura-a-militantes-que-buscan-cargo-para-2027\\\/\"},\"author\":{\"name\":\"admin\",\"@id\":\"https:\\\/\\\/canal7slp.tv\\\/2025\\\/#\\\/schema\\\/person\\\/1257e7e4a3d5ac29c4732733a887970d\"},\"headline\":\"Pide dirigente estatal de MORENA mesura, a militantes que buscan cargo para 2027\",\"datePublished\":\"2025-08-31T05:49:45+00:00\",\"mainEntityOfPage\":{\"@id\":\"https:\\\/\\\/canal7slp.tv\\\/2025\\\/pide-dirigente-estatal-de-morena-mesura-a-militantes-que-buscan-cargo-para-2027\\\/\"},\"wordCount\":153,\"publisher\":{\"@id\":\"https:\\\/\\\/canal7slp.tv\\\/2025\\\/#organization\"},\"image\":{\"@id\":\"https:\\\/\\\/canal7slp.tv\\\/2025\\\/pide-dirigente-estatal-de-morena-mesura-a-militantes-que-buscan-cargo-para-2027\\\/#primaryimage\"},\"thumbnailUrl\":\"https:\\\/\\\/canal7slp.tv\\\/2025\\\/wp-content\\\/uploads\\\/2025\\\/08\\\/photo_2025-08-30_23-48-39.jpg\",\"articleSection\":[\"DESTACADAS\",\"LOCALES Y REGIONALES\"],\"inLanguage\":\"es\"},{\"@type\":\"WebPage\",\"@id\":\"https:\\\/\\\/canal7slp.tv\\\/2025\\\/pide-dirigente-estatal-de-morena-mesura-a-militantes-que-buscan-cargo-para-2027\\\/\",\"url\":\"https:\\\/\\\/canal7slp.tv\\\/2025\\\/pide-dirigente-estatal-de-morena-mesura-a-militantes-que-buscan-cargo-para-2027\\\/\",\"name\":\"Pide dirigente estatal de MORENA mesura, a militantes que buscan cargo para 2027 - Canal 7 SLP - 2025\",\"isPartOf\":{\"@id\":\"https:\\\/\\\/canal7slp.tv\\\/2025\\\/#website\"},\"primaryImageOfPage\":{\"@id\":\"https:\\\/\\\/canal7slp.tv\\\/2025\\\/pide-dirigente-estatal-de-morena-mesura-a-militantes-que-buscan-cargo-para-2027\\\/#primaryimage\"},\"image\":{\"@id\":\"https:\\\/\\\/canal7slp.tv\\\/2025\\\/pide-dirigente-estatal-de-morena-mesura-a-militantes-que-buscan-cargo-para-2027\\\/#primaryimage\"},\"thumbnailUrl\":\"https:\\\/\\\/canal7slp.tv\\\/2025\\\/wp-content\\\/uploads\\\/2025\\\/08\\\/photo_2025-08-30_23-48-39.jpg\",\"datePublished\":\"2025-08-31T05:49:45+00:00\",\"breadcrumb\":{\"@id\":\"https:\\\/\\\/canal7slp.tv\\\/2025\\\/pide-dirigente-estatal-de-morena-mesura-a-militantes-que-buscan-cargo-para-2027\\\/#breadcrumb\"},\"inLanguage\":\"es\",\"potentialAction\":[{\"@type\":\"ReadAction\",\"target\":[\"https:\\\/\\\/canal7slp.tv\\\/2025\\\/pide-dirigente-estatal-de-morena-mesura-a-militantes-que-buscan-cargo-para-2027\\\/\"]}]},{\"@type\":\"ImageObject\",\"inLanguage\":\"es\",\"@id\":\"https:\\\/\\\/canal7slp.tv\\\/2025\\\/pide-dirigente-estatal-de-morena-mesura-a-militantes-que-buscan-cargo-para-2027\\\/#primaryimage\",\"url\":\"https:\\\/\\\/canal7slp.tv\\\/2025\\\/wp-content\\\/uploads\\\/2025\\\/08\\\/photo_2025-08-30_23-48-39.jpg\",\"contentUrl\":\"https:\\\/\\\/canal7slp.tv\\\/2025\\\/wp-content\\\/uploads\\\/2025\\\/08\\\/photo_2025-08-30_23-48-39.jpg\",\"width\":1056,\"height\":609},{\"@type\":\"BreadcrumbList\",\"@id\":\"https:\\\/\\\/canal7slp.tv\\\/2025\\\/pide-dirigente-estatal-de-morena-mesura-a-militantes-que-buscan-cargo-para-2027\\\/#breadcrumb\",\"itemListElement\":[{\"@type\":\"ListItem\",\"position\":1,\"name\":\"Portada\",\"item\":\"https:\\\/\\\/canal7slp.tv\\\/2025\\\/\"},{\"@type\":\"ListItem\",\"position\":2,\"name\":\"Pide dirigente estatal de MORENA mesura, a militantes que buscan cargo para 2027\"}]},{\"@type\":\"WebSite\",\"@id\":\"https:\\\/\\\/canal7slp.tv\\\/2025\\\/#website\",\"url\":\"https:\\\/\\\/canal7slp.tv\\\/2025\\\/\",\"name\":\"N7 - Noticieros Canal 7\",\"description\":\"Somos el Medio\",\"publisher\":{\"@id\":\"https:\\\/\\\/canal7slp.tv\\\/2025\\\/#organization\"},\"potentialAction\":[{\"@type\":\"SearchAction\",\"target\":{\"@type\":\"EntryPoint\",\"urlTemplate\":\"https:\\\/\\\/canal7slp.tv\\\/2025\\\/?s={search_term_string}\"},\"query-input\":{\"@type\":\"PropertyValueSpecification\",\"valueRequired\":true,\"valueName\":\"search_term_string\"}}],\"inLanguage\":\"es\"},{\"@type\":\"Organization\",\"@id\":\"https:\\\/\\\/canal7slp.tv\\\/2025\\\/#organization\",\"name\":\"Noticieros Canal 7\",\"url\":\"https:\\\/\\\/canal7slp.tv\\\/2025\\\/\",\"logo\":{\"@type\":\"ImageObject\",\"inLanguage\":\"es\",\"@id\":\"https:\\\/\\\/canal7slp.tv\\\/2025\\\/#\\\/schema\\\/logo\\\/image\\\/\",\"url\":\"https:\\\/\\\/canal7slp.tv\\\/2025\\\/wp-content\\\/uploads\\\/2021\\\/01\\\/logo-noticieros@2x.png\",\"contentUrl\":\"https:\\\/\\\/canal7slp.tv\\\/2025\\\/wp-content\\\/uploads\\\/2021\\\/01\\\/logo-noticieros@2x.png\",\"width\":1017,\"height\":268,\"caption\":\"Noticieros Canal 7\"},\"image\":{\"@id\":\"https:\\\/\\\/canal7slp.tv\\\/2025\\\/#\\\/schema\\\/logo\\\/image\\\/\"},\"sameAs\":[\"https:\\\/\\\/www.facebook.com\\\/noticieroscanal7atencionciudadana\\\/\",\"https:\\\/\\\/x.com\\\/NOTICIEROS7\",\"https:\\\/\\\/www.instagram.com\\\/canal7_slp\",\"https:\\\/\\\/www.youtube.com\\\/channel\\\/UCliiYs-gP3JfJeqdPrNdd5A\"]},{\"@type\":\"Person\",\"@id\":\"https:\\\/\\\/canal7slp.tv\\\/2025\\\/#\\\/schema\\\/person\\\/1257e7e4a3d5ac29c4732733a887970d\",\"name\":\"admin\",\"image\":{\"@type\":\"ImageObject\",\"inLanguage\":\"es\",\"@id\":\"https:\\\/\\\/secure.gravatar.com\\\/avatar\\\/d1da498ea933582ecc2b5d72a4eac16ec41c3ec04cf2dc9d46e0b557dedfd5ff?s=96&d=mm&r=g\",\"url\":\"https:\\\/\\\/secure.gravatar.com\\\/avatar\\\/d1da498ea933582ecc2b5d72a4eac16ec41c3ec04cf2dc9d46e0b557dedfd5ff?s=96&d=mm&r=g\",\"contentUrl\":\"https:\\\/\\\/secure.gravatar.com\\\/avatar\\\/d1da498ea933582ecc2b5d72a4eac16ec41c3ec04cf2dc9d46e0b557dedfd5ff?s=96&d=mm&r=g\",\"caption\":\"admin\"},\"sameAs\":[\"https:\\\/\\\/canal7slp.tv\\\/2025\"],\"url\":\"https:\\\/\\\/canal7slp.tv\\\/2025\\\/author\\\/bicefalo\\\/\"}]}<\/script>\n<!-- \/ Yoast SEO plugin. -->","yoast_head_json":{"title":"Pide dirigente estatal de MORENA mesura, a militantes que buscan cargo para 2027 - Canal 7 SLP - 2025","robots":{"index":"index","follow":"follow","max-snippet":"max-snippet:-1","max-image-preview":"max-image-preview:large","max-video-preview":"max-video-preview:-1"},"canonical":"https:\/\/canal7slp.tv\/2025\/pide-dirigente-estatal-de-morena-mesura-a-militantes-que-buscan-cargo-para-2027\/","og_locale":"es_ES","og_type":"article","og_title":"Pide dirigente estatal de MORENA mesura, a militantes que buscan cargo para 2027 - Canal 7 SLP - 2025","og_description":"AUTOR: CLAUDIO IBARRA DIRIGENTE ESTATAL DE MORENA PIDE MESURA A MILITANTES DE ESTE PARTIDO QUE BUSCAN UN CARGO EN EL 2027 Los militantes de MORENA que se est\u00e9n adelantando diciendo que aspiran a un cargo p\u00fablico en el 2027 ser\u00e1 responsabildad de ellos y no del partido. As\u00ed lo se\u00f1al\u00f3 su dirigente estatal Rita Ozalia Rodr\u00edguez al decir que en el partido guinda la definici\u00f3n de perfiles no es un tema en la agenda. Ozalia Rodr\u00edguez reiter\u00f3 que aquellos que est\u00e9n levantando la mano para buscar un cargo no significa necesariamente que MORENA est\u00e9 apoyando perfiles, al decir que no [&hellip;]","og_url":"https:\/\/canal7slp.tv\/2025\/pide-dirigente-estatal-de-morena-mesura-a-militantes-que-buscan-cargo-para-2027\/","og_site_name":"Canal 7 SLP - 2025","article_publisher":"https:\/\/www.facebook.com\/noticieroscanal7atencionciudadana\/","article_published_time":"2025-08-31T05:49:45+00:00","og_image":[{"width":1056,"height":609,"url":"https:\/\/canal7slp.tv\/2025\/wp-content\/uploads\/2025\/08\/photo_2025-08-30_23-48-39.jpg","type":"image\/jpeg"}],"author":"admin","twitter_card":"summary_large_image","twitter_creator":"@NOTICIEROS7","twitter_site":"@NOTICIEROS7","twitter_misc":{"Escrito por":"admin","Tiempo de lectura":"1 minuto"},"schema":{"@context":"https:\/\/schema.org","@graph":[{"@type":"Article","@id":"https:\/\/canal7slp.tv\/2025\/pide-dirigente-estatal-de-morena-mesura-a-militantes-que-buscan-cargo-para-2027\/#article","isPartOf":{"@id":"https:\/\/canal7slp.tv\/2025\/pide-dirigente-estatal-de-morena-mesura-a-militantes-que-buscan-cargo-para-2027\/"},"author":{"name":"admin","@id":"https:\/\/canal7slp.tv\/2025\/#\/schema\/person\/1257e7e4a3d5ac29c4732733a887970d"},"headline":"Pide dirigente estatal de MORENA mesura, a militantes que buscan cargo para 2027","datePublished":"2025-08-31T05:49:45+00:00","mainEntityOfPage":{"@id":"https:\/\/canal7slp.tv\/2025\/pide-dirigente-estatal-de-morena-mesura-a-militantes-que-buscan-cargo-para-2027\/"},"wordCount":153,"publisher":{"@id":"https:\/\/canal7slp.tv\/2025\/#organization"},"image":{"@id":"https:\/\/canal7slp.tv\/2025\/pide-dirigente-estatal-de-morena-mesura-a-militantes-que-buscan-cargo-para-2027\/#primaryimage"},"thumbnailUrl":"https:\/\/canal7slp.tv\/2025\/wp-content\/uploads\/2025\/08\/photo_2025-08-30_23-48-39.jpg","articleSection":["DESTACADAS","LOCALES Y REGIONALES"],"inLanguage":"es"},{"@type":"WebPage","@id":"https:\/\/canal7slp.tv\/2025\/pide-dirigente-estatal-de-morena-mesura-a-militantes-que-buscan-cargo-para-2027\/","url":"https:\/\/canal7slp.tv\/2025\/pide-dirigente-estatal-de-morena-mesura-a-militantes-que-buscan-cargo-para-2027\/","name":"Pide dirigente estatal de MORENA mesura, a militantes que buscan cargo para 2027 - Canal 7 SLP - 2025","isPartOf":{"@id":"https:\/\/canal7slp.tv\/2025\/#website"},"primaryImageOfPage":{"@id":"https:\/\/canal7slp.tv\/2025\/pide-dirigente-estatal-de-morena-mesura-a-militantes-que-buscan-cargo-para-2027\/#primaryimage"},"image":{"@id":"https:\/\/canal7slp.tv\/2025\/pide-dirigente-estatal-de-morena-mesura-a-militantes-que-buscan-cargo-para-2027\/#primaryimage"},"thumbnailUrl":"https:\/\/canal7slp.tv\/2025\/wp-content\/uploads\/2025\/08\/photo_2025-08-30_23-48-39.jpg","datePublished":"2025-08-31T05:49:45+00:00","breadcrumb":{"@id":"https:\/\/canal7slp.tv\/2025\/pide-dirigente-estatal-de-morena-mesura-a-militantes-que-buscan-cargo-para-2027\/#breadcrumb"},"inLanguage":"es","potentialAction":[{"@type":"ReadAction","target":["https:\/\/canal7slp.tv\/2025\/pide-dirigente-estatal-de-morena-mesura-a-militantes-que-buscan-cargo-para-2027\/"]}]},{"@type":"ImageObject","inLanguage":"es","@id":"https:\/\/canal7slp.tv\/2025\/pide-dirigente-estatal-de-morena-mesura-a-militantes-que-buscan-cargo-para-2027\/#primaryimage","url":"https:\/\/canal7slp.tv\/2025\/wp-content\/uploads\/2025\/08\/photo_2025-08-30_23-48-39.jpg","contentUrl":"https:\/\/canal7slp.tv\/2025\/wp-content\/uploads\/2025\/08\/photo_2025-08-30_23-48-39.jpg","width":1056,"height":609},{"@type":"BreadcrumbList","@id":"https:\/\/canal7slp.tv\/2025\/pide-dirigente-estatal-de-morena-mesura-a-militantes-que-buscan-cargo-para-2027\/#breadcrumb","itemListElement":[{"@type":"ListItem","position":1,"name":"Portada","item":"https:\/\/canal7slp.tv\/2025\/"},{"@type":"ListItem","position":2,"name":"Pide dirigente estatal de MORENA mesura, a militantes que buscan cargo para 2027"}]},{"@type":"WebSite","@id":"https:\/\/canal7slp.tv\/2025\/#website","url":"https:\/\/canal7slp.tv\/2025\/","name":"N7 - Noticieros Canal 7","description":"Somos el Medio","publisher":{"@id":"https:\/\/canal7slp.tv\/2025\/#organization"},"potentialAction":[{"@type":"SearchAction","target":{"@type":"EntryPoint","urlTemplate":"https:\/\/canal7slp.tv\/2025\/?s={search_term_string}"},"query-input":{"@type":"PropertyValueSpecification","valueRequired":true,"valueName":"search_term_string"}}],"inLanguage":"es"},{"@type":"Organization","@id":"https:\/\/canal7slp.tv\/2025\/#organization","name":"Noticieros Canal 7","url":"https:\/\/canal7slp.tv\/2025\/","logo":{"@type":"ImageObject","inLanguage":"es","@id":"https:\/\/canal7slp.tv\/2025\/#\/schema\/logo\/image\/","url":"https:\/\/canal7slp.tv\/2025\/wp-content\/uploads\/2021\/01\/logo-noticieros@2x.png","contentUrl":"https:\/\/canal7slp.tv\/2025\/wp-content\/uploads\/2021\/01\/logo-noticieros@2x.png","width":1017,"height":268,"caption":"Noticieros Canal 7"},"image":{"@id":"https:\/\/canal7slp.tv\/2025\/#\/schema\/logo\/image\/"},"sameAs":["https:\/\/www.facebook.com\/noticieroscanal7atencionciudadana\/","https:\/\/x.com\/NOTICIEROS7","https:\/\/www.instagram.com\/canal7_slp","https:\/\/www.youtube.com\/channel\/UCliiYs-gP3JfJeqdPrNdd5A"]},{"@type":"Person","@id":"https:\/\/canal7slp.tv\/2025\/#\/schema\/person\/1257e7e4a3d5ac29c4732733a887970d","name":"admin","image":{"@type":"ImageObject","inLanguage":"es","@id":"https:\/\/secure.gravatar.com\/avatar\/d1da498ea933582ecc2b5d72a4eac16ec41c3ec04cf2dc9d46e0b557dedfd5ff?s=96&d=mm&r=g","url":"https:\/\/secure.gravatar.com\/avatar\/d1da498ea933582ecc2b5d72a4eac16ec41c3ec04cf2dc9d46e0b557dedfd5ff?s=96&d=mm&r=g","contentUrl":"https:\/\/secure.gravatar.com\/avatar\/d1da498ea933582ecc2b5d72a4eac16ec41c3ec04cf2dc9d46e0b557dedfd5ff?s=96&d=mm&r=g","caption":"admin"},"sameAs":["https:\/\/canal7slp.tv\/2025"],"url":"https:\/\/canal7slp.tv\/2025\/author\/bicefalo\/"}]}},"_links":{"self":[{"href":"https:\/\/canal7slp.tv\/2025\/wp-json\/wp\/v2\/posts\/177938","targetHints":{"allow":["GET"]}}],"collection":[{"href":"https:\/\/canal7slp.tv\/2025\/wp-json\/wp\/v2\/posts"}],"about":[{"href":"https:\/\/canal7slp.tv\/2025\/wp-json\/wp\/v2\/types\/post"}],"author":[{"embeddable":true,"href":"https:\/\/canal7slp.tv\/2025\/wp-json\/wp\/v2\/users\/1"}],"replies":[{"embeddable":true,"href":"https:\/\/canal7slp.tv\/2025\/wp-json\/wp\/v2\/comments?post=177938"}],"version-history":[{"count":1,"href":"https:\/\/canal7slp.tv\/2025\/wp-json\/wp\/v2\/posts\/177938\/revisions"}],"predecessor-version":[{"id":177940,"href":"https:\/\/canal7slp.tv\/2025\/wp-json\/wp\/v2\/posts\/177938\/revisions\/177940"}],"wp:featuredmedia":[{"embeddable":true,"href":"https:\/\/canal7slp.tv\/2025\/wp-json\/wp\/v2\/media\/177939"}],"wp:attachment":[{"href":"https:\/\/canal7slp.tv\/2025\/wp-json\/wp\/v2\/media?parent=177938"}],"wp:term":[{"taxonomy":"category","embeddable":true,"href":"https:\/\/canal7slp.tv\/2025\/wp-json\/wp\/v2\/categories?post=177938"},{"taxonomy":"post_tag","embeddable":true,"href":"https:\/\/canal7slp.tv\/2025\/wp-json\/wp\/v2\/tags?post=177938"}],"curies":[{"name":"wp","href":"https:\/\/api.w.org\/{rel}","templated":true}]}}